{"id":72456,"date":"2018-06-01T17:18:52","date_gmt":"2018-06-01T22:18:52","guid":{"rendered":"https:\/\/centrourbano.com\/?p=72456"},"modified":"2018-06-01T17:21:40","modified_gmt":"2018-06-01T22:21:40","slug":"72456","status":"publish","type":"post","link":"https:\/\/centrourbano.com\/revista\/urbanismo\/72456\/","title":{"rendered":"Tokio y Par\u00eds lideran cumbre sobre ciudades y ambiente"},"content":{"rendered":"<p><b><\/b><em><span style=\"font-weight: 400\">Por medio del Grupo de Liderazgo Clim\u00e1tico buscan impactar a m\u00e1s de 96 ciudades del mundo, con m\u00e1s de 700 millones de habitantes<\/span><\/em><!--more--><\/p>\n<p><span style=\"font-weight: 400\"><a href=\"http:\/\/www.metro.tokyo.jp\/english\/\" target=\"_blank\" rel=\"noopener noreferrer\"><strong>Tokio<\/strong><\/a> alberg\u00f3 los d\u00edas 22 y 23 de mayo el <a href=\"https:\/\/www.c40.org\/events\/tokyo-forum-for-clean-city-and-clear-sky\" target=\"_blank\" rel=\"noopener noreferrer\"><strong>Foro por la Ciudad Limpia y el Aire Puro<\/strong><\/a>, que reuni\u00f3 a alcaldes, autoridades y expertos internacionales, los cuales compartieron aprendizajes y discutieron c\u00f3mo resolver los problemas en la materia. 22 ciudades de todo el mundo se hicieron presentes en el evento, y adoptaron la Declaraci\u00f3n de Tokio sobre Realizaci\u00f3n de Ciudades Limpias y Aire Puro con el objetivo de lograr un medio urbano sustentable.<\/span><\/p>\n<p><span style=\"font-weight: 400\">La capital japonesa y <a href=\"https:\/\/www.paris.fr\/\" target=\"_blank\" rel=\"noopener noreferrer\"><strong>Par\u00eds<\/strong><\/a>, Francia, destacaron como l\u00edderes en el \u00e1rea. <a href=\"https:\/\/twitter.com\/ecoyuri\" target=\"_blank\" rel=\"noopener noreferrer\"><strong>Yuriko Koike<\/strong><\/a>, gobernadora de la ciudad anfitriona, estuvo acompa\u00f1ada de su hom\u00f3loga parisina, <a href=\"https:\/\/twitter.com\/Anne_Hidalgo\" target=\"_blank\" rel=\"noopener noreferrer\"><strong>Anne Hidalgo<\/strong><\/a>: ambas ocupan respectivamente la vicepresidencia y la presidencia del Grupo de Liderazgo Clim\u00e1tico C40, iniciativa que re\u00fane a gobiernos urbanos para coordinar esfuerzos en materia ambiental.<\/span><\/p>\n<p><span style=\"font-weight: 400\">En temas de aire, uno de los objetivos que el gobierno tokiota busca cumplir es que al menos 50% de los carros vendidos para 2030 sean libres de emisiones de gases contaminantes, para lo cual trabajar\u00e1n con la industria respectiva. Sobre limpieza urbana, mediante el concepto de \u2018mottainai\u2019 se desea incentivar a los habitantes de la ciudad m\u00e1s grande del mundo a minimizar y separar los residuos, emprender campa\u00f1as de voluntariado, entre otras acciones.<\/span><\/p>\n<p><span style=\"font-weight: 400\">Hidalgo se\u00f1al\u00f3 avances de su administraci\u00f3n, como la prohibici\u00f3n que tienen los veh\u00edculos m\u00e1s contaminantes para entrar al territorio de Par\u00eds y el desarrollo de un transporte p\u00fablico limpio. La reducci\u00f3n de las emisiones de gases de efecto invernadero relacionadas con los alimentos es tambi\u00e9n prioridad: buscan aumentar la cantidad de comida producida y consumida al interior de la misma ciudad, al pasar del 50% en 2030 a 75% en 2050.<\/span><\/p>\n<p><span style=\"font-weight: 400\">Ambas ciudades adquieren relevancia en el tema pues se encuentran entre las m\u00e1s pobladas del mundo, y recibir\u00e1n los Juegos Ol\u00edmpicos en 2020 y 2024. Una meta conjunta es producir los Juegos m\u00e1s sostenibles de la historia moderna. Las medallas de las Olimpiadas de Tokio se producen con materiales extra\u00eddos de aparatos electr\u00f3nicos, mientras que Par\u00eds busca reducir la huella de carb\u00f3n en las construcciones y adecuaciones necesarias rumbo a 2024.<\/span><\/p>\n<p><span style=\"font-weight: 400\">El foro adquiri\u00f3 relevancia tras los <a href=\"https:\/\/centrourbano.com\/2018\/05\/04\/oms-alerta-situacion-mundial-calidad-del-aire\/\" target=\"_blank\" rel=\"noopener noreferrer\"><strong>datos arrojados por la Organizaci\u00f3n Mundial de la Salud en fechas pasadas<\/strong><\/a>, los cuales indicaron que cerca del 90% de la poblaci\u00f3n global respira aire contaminado. Aproximadamente 7 millones de personas mueren anualmente por causas relacionadas con la exposici\u00f3n a part\u00edculas nocivas, entre las cuales destacan las generadas por el sector transporte. <\/span><\/p>\n","protected":false},"excerpt":{"rendered":"<p>Por medio del Grupo de Liderazgo Clim\u00e1tico buscan impactar a m\u00e1s de 96 ciudades del mundo, con m\u00e1s de 700 millones de habitantes<\/p>\n","protected":false},"author":65,"featured_media":72463,"comment_status":"open","ping_status":"closed","sticky":false,"template":"","format":"standard","meta":{"om_disable_all_campaigns":false,"inline_featured_image":false,"_monsterinsights_skip_tracking":false,"_monsterinsights_sitenote_active":false,"_monsterinsights_sitenote_note":"","_monsterinsights_sitenote_category":0,"footnotes":""},"categories":[82],"tags":[8758,3551,36,12173,165,2936],"class_list":["post-72456","post","type-post","status-publish","format-standard","has-post-thumbnail","hentry","category-urbanismo","tag-c40","tag-juegos-olimpicos","tag-paris","tag-red-de-ciudades-c40","tag-sustentabilidad","tag-tokio"],"yoast_head":"<!-- This site is optimized with the Yoast SEO plugin v27.4 - https:\/\/yoast.com\/product\/yoast-seo-wordpress\/ -->\n<title>Tokio y Par\u00eds lideran cumbre sobre ciudades y ambiente<\/title>\n<meta name=\"description\" content=\"Por medio del Grupo de Liderazgo Clim\u00e1tico buscan impactar a m\u00e1s de 96 ciudades del mundo, con m\u00e1s de 700 millones de habitantes\" \/>\n<meta name=\"robots\" content=\"index, follow, max-snippet:-1, max-image-preview:large, max-video-preview:-1\" \/>\n<link rel=\"canonical\" href=\"https:\/\/centrourbano.com\/revista\/urbanismo\/72456\/\" \/>\n<meta property=\"og:locale\" content=\"es_ES\" \/>\n<meta property=\"og:type\" content=\"article\" \/>\n<meta property=\"og:title\" content=\"Tokio y Par\u00eds lideran cumbre sobre ciudades y ambiente\" \/>\n<meta property=\"og:description\" content=\"Por medio del Grupo de Liderazgo Clim\u00e1tico buscan impactar a m\u00e1s de 96 ciudades del mundo, con m\u00e1s de 700 millones de habitantes\" \/>\n<meta property=\"og:url\" content=\"https:\/\/centrourbano.com\/revista\/urbanismo\/72456\/\" \/>\n<meta property=\"og:site_name\" content=\"Centro Urbano\" \/>\n<meta property=\"article:publisher\" content=\"https:\/\/www.facebook.com\/portalcentrourbano\" \/>\n<meta property=\"article:author\" content=\"https:\/\/www.facebook.com\/ernesto.carmona.1460\" \/>\n<meta property=\"article:published_time\" content=\"2018-06-01T22:18:52+00:00\" \/>\n<meta property=\"article:modified_time\" content=\"2018-06-01T22:21:40+00:00\" \/>\n<meta property=\"og:image\" content=\"https:\/\/centrourbano.com\/revista\/wp-content\/uploads\/1767_37233512884_5295365bc5_k.original.jpg\" \/>\n\t<meta property=\"og:image:width\" content=\"2048\" \/>\n\t<meta property=\"og:image:height\" content=\"1365\" \/>\n\t<meta property=\"og:image:type\" content=\"image\/jpeg\" \/>\n<meta name=\"author\" content=\"Ernesto Gil\" \/>\n<meta name=\"twitter:card\" content=\"summary_large_image\" \/>\n<meta name=\"twitter:creator\" content=\"@https:\/\/twitter.com\/Ernesto_C1996?lang=es\" \/>\n<meta name=\"twitter:site\" content=\"@CentroUrbano\" \/>\n<meta name=\"twitter:label1\" content=\"Escrito por\" \/>\n\t<meta name=\"twitter:data1\" content=\"Ernesto Gil\" \/>\n\t<meta name=\"twitter:label2\" content=\"Tiempo de lectura\" \/>\n\t<meta name=\"twitter:data2\" content=\"2 minutos\" \/>\n<script type=\"application\/ld+json\" class=\"yoast-schema-graph\">{\"@context\":\"https:\\\/\\\/schema.org\",\"@graph\":[{\"@type\":\"Article\",\"@id\":\"https:\\\/\\\/centrourbano.com\\\/revista\\\/urbanismo\\\/72456\\\/#article\",\"isPartOf\":{\"@id\":\"https:\\\/\\\/centrourbano.com\\\/revista\\\/urbanismo\\\/72456\\\/\"},\"author\":{\"name\":\"Ernesto Gil\",\"@id\":\"https:\\\/\\\/centrourbano.com\\\/revista\\\/#\\\/schema\\\/person\\\/d86dcb4351b6beb0855e5cb3bfda3a22\"},\"headline\":\"Tokio y Par\u00eds lideran cumbre sobre ciudades y ambiente\",\"datePublished\":\"2018-06-01T22:18:52+00:00\",\"dateModified\":\"2018-06-01T22:21:40+00:00\",\"mainEntityOfPage\":{\"@id\":\"https:\\\/\\\/centrourbano.com\\\/revista\\\/urbanismo\\\/72456\\\/\"},\"wordCount\":456,\"commentCount\":0,\"publisher\":{\"@id\":\"https:\\\/\\\/centrourbano.com\\\/revista\\\/#organization\"},\"image\":{\"@id\":\"https:\\\/\\\/centrourbano.com\\\/revista\\\/urbanismo\\\/72456\\\/#primaryimage\"},\"thumbnailUrl\":\"https:\\\/\\\/centrourbano.com\\\/revista\\\/wp-content\\\/uploads\\\/1767_37233512884_5295365bc5_k.original.jpg\",\"keywords\":[\"C40\",\"Juegos Ol\u00edmpicos\",\"Par\u00eds\",\"Red de Ciudades C40\",\"sustentabilidad\",\"Tokio\"],\"articleSection\":[\"Urbanismo\"],\"inLanguage\":\"es\",\"potentialAction\":[{\"@type\":\"CommentAction\",\"name\":\"Comment\",\"target\":[\"https:\\\/\\\/centrourbano.com\\\/revista\\\/urbanismo\\\/72456\\\/#respond\"]}]},{\"@type\":\"WebPage\",\"@id\":\"https:\\\/\\\/centrourbano.com\\\/revista\\\/urbanismo\\\/72456\\\/\",\"url\":\"https:\\\/\\\/centrourbano.com\\\/revista\\\/urbanismo\\\/72456\\\/\",\"name\":\"Tokio y Par\u00eds lideran cumbre sobre ciudades y ambiente\",\"isPartOf\":{\"@id\":\"https:\\\/\\\/centrourbano.com\\\/revista\\\/#website\"},\"primaryImageOfPage\":{\"@id\":\"https:\\\/\\\/centrourbano.com\\\/revista\\\/urbanismo\\\/72456\\\/#primaryimage\"},\"image\":{\"@id\":\"https:\\\/\\\/centrourbano.com\\\/revista\\\/urbanismo\\\/72456\\\/#primaryimage\"},\"thumbnailUrl\":\"https:\\\/\\\/centrourbano.com\\\/revista\\\/wp-content\\\/uploads\\\/1767_37233512884_5295365bc5_k.original.jpg\",\"datePublished\":\"2018-06-01T22:18:52+00:00\",\"dateModified\":\"2018-06-01T22:21:40+00:00\",\"description\":\"Por medio del Grupo de Liderazgo Clim\u00e1tico buscan impactar a m\u00e1s de 96 ciudades del mundo, con m\u00e1s de 700 millones de habitantes\",\"breadcrumb\":{\"@id\":\"https:\\\/\\\/centrourbano.com\\\/revista\\\/urbanismo\\\/72456\\\/#breadcrumb\"},\"inLanguage\":\"es\",\"potentialAction\":[{\"@type\":\"ReadAction\",\"target\":[\"https:\\\/\\\/centrourbano.com\\\/revista\\\/urbanismo\\\/72456\\\/\"]}]},{\"@type\":\"ImageObject\",\"inLanguage\":\"es\",\"@id\":\"https:\\\/\\\/centrourbano.com\\\/revista\\\/urbanismo\\\/72456\\\/#primaryimage\",\"url\":\"https:\\\/\\\/centrourbano.com\\\/revista\\\/wp-content\\\/uploads\\\/1767_37233512884_5295365bc5_k.original.jpg\",\"contentUrl\":\"https:\\\/\\\/centrourbano.com\\\/revista\\\/wp-content\\\/uploads\\\/1767_37233512884_5295365bc5_k.original.jpg\",\"width\":2048,\"height\":1365},{\"@type\":\"BreadcrumbList\",\"@id\":\"https:\\\/\\\/centrourbano.com\\\/revista\\\/urbanismo\\\/72456\\\/#breadcrumb\",\"itemListElement\":[{\"@type\":\"ListItem\",\"position\":1,\"name\":\"Portada\",\"item\":\"https:\\\/\\\/centrourbano.com\\\/revista\\\/\"},{\"@type\":\"ListItem\",\"position\":2,\"name\":\"Tokio y Par\u00eds lideran cumbre sobre ciudades y ambiente\"}]},{\"@type\":\"WebSite\",\"@id\":\"https:\\\/\\\/centrourbano.com\\\/revista\\\/#website\",\"url\":\"https:\\\/\\\/centrourbano.com\\\/revista\\\/\",\"name\":\"Centro Urbano\",\"description\":\"Medio especializado en los sectores vivienda, inmobiliario, construcci\u00f3n, arquitectura y urbanismo.\",\"publisher\":{\"@id\":\"https:\\\/\\\/centrourbano.com\\\/revista\\\/#organization\"},\"potentialAction\":[{\"@type\":\"SearchAction\",\"target\":{\"@type\":\"EntryPoint\",\"urlTemplate\":\"https:\\\/\\\/centrourbano.com\\\/revista\\\/?s={search_term_string}\"},\"query-input\":{\"@type\":\"PropertyValueSpecification\",\"valueRequired\":true,\"valueName\":\"search_term_string\"}}],\"inLanguage\":\"es\"},{\"@type\":\"Organization\",\"@id\":\"https:\\\/\\\/centrourbano.com\\\/revista\\\/#organization\",\"name\":\"Centro Urbano\",\"url\":\"https:\\\/\\\/centrourbano.com\\\/revista\\\/\",\"logo\":{\"@type\":\"ImageObject\",\"inLanguage\":\"es\",\"@id\":\"https:\\\/\\\/centrourbano.com\\\/revista\\\/#\\\/schema\\\/logo\\\/image\\\/\",\"url\":\"https:\\\/\\\/centrourbano.com\\\/revista\\\/wp-content\\\/uploads\\\/web_CU_logo-1.png\",\"contentUrl\":\"https:\\\/\\\/centrourbano.com\\\/revista\\\/wp-content\\\/uploads\\\/web_CU_logo-1.png\",\"width\":350,\"height\":91,\"caption\":\"Centro Urbano\"},\"image\":{\"@id\":\"https:\\\/\\\/centrourbano.com\\\/revista\\\/#\\\/schema\\\/logo\\\/image\\\/\"},\"sameAs\":[\"https:\\\/\\\/www.facebook.com\\\/portalcentrourbano\",\"https:\\\/\\\/x.com\\\/CentroUrbano\",\"https:\\\/\\\/www.instagram.com\\\/centro_urbano\\\/\",\"https:\\\/\\\/www.linkedin.com\\\/company\\\/centro-urbano\\\/\",\"http:\\\/\\\/www.youtube.com\\\/user\\\/portalcentrourbano\"]},{\"@type\":\"Person\",\"@id\":\"https:\\\/\\\/centrourbano.com\\\/revista\\\/#\\\/schema\\\/person\\\/d86dcb4351b6beb0855e5cb3bfda3a22\",\"name\":\"Ernesto Gil\",\"image\":{\"@type\":\"ImageObject\",\"inLanguage\":\"es\",\"@id\":\"https:\\\/\\\/secure.gravatar.com\\\/avatar\\\/8dbbb129f9dd066e97c18685ca45e8cf5113df97f8ca7e2ddab10d28f0127134?s=96&d=mm&r=g\",\"url\":\"https:\\\/\\\/secure.gravatar.com\\\/avatar\\\/8dbbb129f9dd066e97c18685ca45e8cf5113df97f8ca7e2ddab10d28f0127134?s=96&d=mm&r=g\",\"contentUrl\":\"https:\\\/\\\/secure.gravatar.com\\\/avatar\\\/8dbbb129f9dd066e97c18685ca45e8cf5113df97f8ca7e2ddab10d28f0127134?s=96&d=mm&r=g\",\"caption\":\"Ernesto Gil\"},\"description\":\"Ciencias Pol\u00edticas y Administraci\u00f3n P\u00fablica, FCPyS - UNAM. Apasionado por la Historia, la pol\u00edtica, la arquitectura, el urbanismo y la lectura.\",\"sameAs\":[\"https:\\\/\\\/www.facebook.com\\\/ernesto.carmona.1460\",\"https:\\\/\\\/x.com\\\/https:\\\/\\\/twitter.com\\\/Ernesto_C1996?lang=es\"],\"url\":\"https:\\\/\\\/centrourbano.com\\\/revista\\\/author\\\/ernesto-gil\\\/\"}]}<\/script>\n<!-- \/ Yoast SEO plugin. -->","yoast_head_json":{"title":"Tokio y Par\u00eds lideran cumbre sobre ciudades y ambiente","description":"Por medio del Grupo de Liderazgo Clim\u00e1tico buscan impactar a m\u00e1s de 96 ciudades del mundo, con m\u00e1s de 700 millones de habitantes","robots":{"index":"index","follow":"follow","max-snippet":"max-snippet:-1","max-image-preview":"max-image-preview:large","max-video-preview":"max-video-preview:-1"},"canonical":"https:\/\/centrourbano.com\/revista\/urbanismo\/72456\/","og_locale":"es_ES","og_type":"article","og_title":"Tokio y Par\u00eds lideran cumbre sobre ciudades y ambiente","og_description":"Por medio del Grupo de Liderazgo Clim\u00e1tico buscan impactar a m\u00e1s de 96 ciudades del mundo, con m\u00e1s de 700 millones de habitantes","og_url":"https:\/\/centrourbano.com\/revista\/urbanismo\/72456\/","og_site_name":"Centro Urbano","article_publisher":"https:\/\/www.facebook.com\/portalcentrourbano","article_author":"https:\/\/www.facebook.com\/ernesto.carmona.1460","article_published_time":"2018-06-01T22:18:52+00:00","article_modified_time":"2018-06-01T22:21:40+00:00","og_image":[{"width":2048,"height":1365,"url":"https:\/\/centrourbano.com\/revista\/wp-content\/uploads\/1767_37233512884_5295365bc5_k.original.jpg","type":"image\/jpeg"}],"author":"Ernesto Gil","twitter_card":"summary_large_image","twitter_creator":"@https:\/\/twitter.com\/Ernesto_C1996?lang=es","twitter_site":"@CentroUrbano","twitter_misc":{"Escrito por":"Ernesto Gil","Tiempo de lectura":"2 minutos"},"schema":{"@context":"https:\/\/schema.org","@graph":[{"@type":"Article","@id":"https:\/\/centrourbano.com\/revista\/urbanismo\/72456\/#article","isPartOf":{"@id":"https:\/\/centrourbano.com\/revista\/urbanismo\/72456\/"},"author":{"name":"Ernesto Gil","@id":"https:\/\/centrourbano.com\/revista\/#\/schema\/person\/d86dcb4351b6beb0855e5cb3bfda3a22"},"headline":"Tokio y Par\u00eds lideran cumbre sobre ciudades y ambiente","datePublished":"2018-06-01T22:18:52+00:00","dateModified":"2018-06-01T22:21:40+00:00","mainEntityOfPage":{"@id":"https:\/\/centrourbano.com\/revista\/urbanismo\/72456\/"},"wordCount":456,"commentCount":0,"publisher":{"@id":"https:\/\/centrourbano.com\/revista\/#organization"},"image":{"@id":"https:\/\/centrourbano.com\/revista\/urbanismo\/72456\/#primaryimage"},"thumbnailUrl":"https:\/\/centrourbano.com\/revista\/wp-content\/uploads\/1767_37233512884_5295365bc5_k.original.jpg","keywords":["C40","Juegos Ol\u00edmpicos","Par\u00eds","Red de Ciudades C40","sustentabilidad","Tokio"],"articleSection":["Urbanismo"],"inLanguage":"es","potentialAction":[{"@type":"CommentAction","name":"Comment","target":["https:\/\/centrourbano.com\/revista\/urbanismo\/72456\/#respond"]}]},{"@type":"WebPage","@id":"https:\/\/centrourbano.com\/revista\/urbanismo\/72456\/","url":"https:\/\/centrourbano.com\/revista\/urbanismo\/72456\/","name":"Tokio y Par\u00eds lideran cumbre sobre ciudades y ambiente","isPartOf":{"@id":"https:\/\/centrourbano.com\/revista\/#website"},"primaryImageOfPage":{"@id":"https:\/\/centrourbano.com\/revista\/urbanismo\/72456\/#primaryimage"},"image":{"@id":"https:\/\/centrourbano.com\/revista\/urbanismo\/72456\/#primaryimage"},"thumbnailUrl":"https:\/\/centrourbano.com\/revista\/wp-content\/uploads\/1767_37233512884_5295365bc5_k.original.jpg","datePublished":"2018-06-01T22:18:52+00:00","dateModified":"2018-06-01T22:21:40+00:00","description":"Por medio del Grupo de Liderazgo Clim\u00e1tico buscan impactar a m\u00e1s de 96 ciudades del mundo, con m\u00e1s de 700 millones de habitantes","breadcrumb":{"@id":"https:\/\/centrourbano.com\/revista\/urbanismo\/72456\/#breadcrumb"},"inLanguage":"es","potentialAction":[{"@type":"ReadAction","target":["https:\/\/centrourbano.com\/revista\/urbanismo\/72456\/"]}]},{"@type":"ImageObject","inLanguage":"es","@id":"https:\/\/centrourbano.com\/revista\/urbanismo\/72456\/#primaryimage","url":"https:\/\/centrourbano.com\/revista\/wp-content\/uploads\/1767_37233512884_5295365bc5_k.original.jpg","contentUrl":"https:\/\/centrourbano.com\/revista\/wp-content\/uploads\/1767_37233512884_5295365bc5_k.original.jpg","width":2048,"height":1365},{"@type":"BreadcrumbList","@id":"https:\/\/centrourbano.com\/revista\/urbanismo\/72456\/#breadcrumb","itemListElement":[{"@type":"ListItem","position":1,"name":"Portada","item":"https:\/\/centrourbano.com\/revista\/"},{"@type":"ListItem","position":2,"name":"Tokio y Par\u00eds lideran cumbre sobre ciudades y ambiente"}]},{"@type":"WebSite","@id":"https:\/\/centrourbano.com\/revista\/#website","url":"https:\/\/centrourbano.com\/revista\/","name":"Centro Urbano","description":"Medio especializado en los sectores vivienda, inmobiliario, construcci\u00f3n, arquitectura y urbanismo.","publisher":{"@id":"https:\/\/centrourbano.com\/revista\/#organization"},"potentialAction":[{"@type":"SearchAction","target":{"@type":"EntryPoint","urlTemplate":"https:\/\/centrourbano.com\/revista\/?s={search_term_string}"},"query-input":{"@type":"PropertyValueSpecification","valueRequired":true,"valueName":"search_term_string"}}],"inLanguage":"es"},{"@type":"Organization","@id":"https:\/\/centrourbano.com\/revista\/#organization","name":"Centro Urbano","url":"https:\/\/centrourbano.com\/revista\/","logo":{"@type":"ImageObject","inLanguage":"es","@id":"https:\/\/centrourbano.com\/revista\/#\/schema\/logo\/image\/","url":"https:\/\/centrourbano.com\/revista\/wp-content\/uploads\/web_CU_logo-1.png","contentUrl":"https:\/\/centrourbano.com\/revista\/wp-content\/uploads\/web_CU_logo-1.png","width":350,"height":91,"caption":"Centro Urbano"},"image":{"@id":"https:\/\/centrourbano.com\/revista\/#\/schema\/logo\/image\/"},"sameAs":["https:\/\/www.facebook.com\/portalcentrourbano","https:\/\/x.com\/CentroUrbano","https:\/\/www.instagram.com\/centro_urbano\/","https:\/\/www.linkedin.com\/company\/centro-urbano\/","http:\/\/www.youtube.com\/user\/portalcentrourbano"]},{"@type":"Person","@id":"https:\/\/centrourbano.com\/revista\/#\/schema\/person\/d86dcb4351b6beb0855e5cb3bfda3a22","name":"Ernesto Gil","image":{"@type":"ImageObject","inLanguage":"es","@id":"https:\/\/secure.gravatar.com\/avatar\/8dbbb129f9dd066e97c18685ca45e8cf5113df97f8ca7e2ddab10d28f0127134?s=96&d=mm&r=g","url":"https:\/\/secure.gravatar.com\/avatar\/8dbbb129f9dd066e97c18685ca45e8cf5113df97f8ca7e2ddab10d28f0127134?s=96&d=mm&r=g","contentUrl":"https:\/\/secure.gravatar.com\/avatar\/8dbbb129f9dd066e97c18685ca45e8cf5113df97f8ca7e2ddab10d28f0127134?s=96&d=mm&r=g","caption":"Ernesto Gil"},"description":"Ciencias Pol\u00edticas y Administraci\u00f3n P\u00fablica, FCPyS - UNAM. Apasionado por la Historia, la pol\u00edtica, la arquitectura, el urbanismo y la lectura.","sameAs":["https:\/\/www.facebook.com\/ernesto.carmona.1460","https:\/\/x.com\/https:\/\/twitter.com\/Ernesto_C1996?lang=es"],"url":"https:\/\/centrourbano.com\/revista\/author\/ernesto-gil\/"}]}},"_links":{"self":[{"href":"https:\/\/centrourbano.com\/revista\/wp-json\/wp\/v2\/posts\/72456","targetHints":{"allow":["GET"]}}],"collection":[{"href":"https:\/\/centrourbano.com\/revista\/wp-json\/wp\/v2\/posts"}],"about":[{"href":"https:\/\/centrourbano.com\/revista\/wp-json\/wp\/v2\/types\/post"}],"author":[{"embeddable":true,"href":"https:\/\/centrourbano.com\/revista\/wp-json\/wp\/v2\/users\/65"}],"replies":[{"embeddable":true,"href":"https:\/\/centrourbano.com\/revista\/wp-json\/wp\/v2\/comments?post=72456"}],"version-history":[{"count":2,"href":"https:\/\/centrourbano.com\/revista\/wp-json\/wp\/v2\/posts\/72456\/revisions"}],"predecessor-version":[{"id":72467,"href":"https:\/\/centrourbano.com\/revista\/wp-json\/wp\/v2\/posts\/72456\/revisions\/72467"}],"wp:featuredmedia":[{"embeddable":true,"href":"https:\/\/centrourbano.com\/revista\/wp-json\/wp\/v2\/media\/72463"}],"wp:attachment":[{"href":"https:\/\/centrourbano.com\/revista\/wp-json\/wp\/v2\/media?parent=72456"}],"wp:term":[{"taxonomy":"category","embeddable":true,"href":"https:\/\/centrourbano.com\/revista\/wp-json\/wp\/v2\/categories?post=72456"},{"taxonomy":"post_tag","embeddable":true,"href":"https:\/\/centrourbano.com\/revista\/wp-json\/wp\/v2\/tags?post=72456"}],"curies":[{"name":"wp","href":"https:\/\/api.w.org\/{rel}","templated":true}]}}