{"id":72451,"date":"2018-06-01T16:17:12","date_gmt":"2018-06-01T21:17:12","guid":{"rendered":"https:\/\/centrourbano.com\/?p=72451"},"modified":"2018-06-01T16:38:36","modified_gmt":"2018-06-01T21:38:36","slug":"toma-protesta-presidenta-colegio-arquitectos","status":"publish","type":"post","link":"https:\/\/centrourbano.com\/revista\/arquitectura-2\/toma-protesta-presidenta-colegio-arquitectos\/","title":{"rendered":"Toma protesta nueva Presidenta del Colegio de Arquitectos CDMX"},"content":{"rendered":"<p><em>Su plan de trabajo incluye programas de difusi\u00f3n de la arquitectura y una remodelaci\u00f3n a \u2018La Casa del Arquitecto\u2019<\/em><!--more--><\/p>\n<p>La arquitecta <strong>Susana Miranda Ruiz<\/strong> tom\u00f3 protesta como nueva\u00a0<strong>Presidenta del <a href=\"https:\/\/www.colegiodearquitectoscdmx.org\/\" target=\"_blank\" rel=\"noopener noreferrer\">Colegio de Arquitectos de la Ciudad de M\u00e9xico<\/a><\/strong> para el bieno 2018-2020.<\/p>\n<p>Durante su discurso, la nueva mandataria se\u00f1al\u00f3 que trabajar\u00e1 en impulsar la participaci\u00f3n de sus agremiados y en el desarrollo profesional de la sociedad civil, la arquitectura y el urbanismo de la capital ante los nuevos paradigmas de la nueva administraci\u00f3n p\u00fablica.<\/p>\n<p>En su plan de trabaj\u00f3 indic\u00f3 que se realizar\u00e1 un programa de eje rector y una promoci\u00f3n financiera que se fortalecer\u00e1 con una serie de actividades, adem\u00e1s, se crearan consejos en las 16 alcald\u00edas en las que se tendr\u00e1n programas de servicio social profesional.<\/p>\n<p>A su vez, inform\u00f3 que se formar\u00e1 <strong>un centro de investigaci\u00f3n<\/strong> en relaci\u00f3n a los problemas de distribuci\u00f3n de agua, salud, movilidad, transporte, vivienda, medio ambiente y la reconstrucci\u00f3n de la ciudad, \u201cEste centro nos dar\u00e1 credibilidad para ser \u00f3rganos consultores a mediano plazo\u201d, coment\u00f3.<\/p>\n<p>Tambi\u00e9n, asever\u00f3 que se impartir\u00e1n <strong>programas<\/strong> relacionados a temas que van desde la funci\u00f3n p\u00fablica, hasta la difusi\u00f3n de la arquitectura, cultura y arte, adem\u00e1s de que se implementar\u00e1n programas universitarios atractivos para los j\u00f3venes pasantes de arquitectura.<\/p>\n<p>Destac\u00f3 que<strong> \u2018La Casa del Arquitecto\u2019<\/strong> tendr\u00e1 un redise\u00f1o, para que se adapte a la nueva estructura de los programas, as\u00ed como la realizaci\u00f3n de diferentes congresos y el simposio que se presentar\u00e1 en abril de 2019.<\/p>\n<p>La nueva mandataria consider\u00f3 que es un plan ambicioso, sin embargo conf\u00eda en que mejorar\u00e1 \u00a0el desempe\u00f1o profesional, ya que continuar\u00e1 con el legado de varios arquitectos y con el respaldo del colegio, \u201cles pido recordar este d\u00eda con gran optimismo y alegr\u00eda, para iniciar este exitoso bienio de retos inusuales\u201d, coment\u00f3 al final de su discurso.<\/p>\n<p>Previo a la ceremonia, se realiz\u00f3 la asamblea ordinaria CAM-SAM en la que se inform\u00f3 sobre los asuntos financieros de la instituci\u00f3n, ante esto se destac\u00f3 que el trabajo fue pesado, sin embargo se logr\u00f3 cerrar la cuenta en ceros, tambi\u00e9n se tom\u00f3 protesta al resto de los nuevos miembros del Consejo Directivo que formaran parte del periodo 2018-2020.<\/p>\n","protected":false},"excerpt":{"rendered":"<p>Su plan de trabajo incluye programas de difusi\u00f3n de la arquitectura y una remodelaci\u00f3n a \u2018La Casa del Arquitecto\u2019<\/p>\n","protected":false},"author":64,"featured_media":72457,"comment_status":"open","ping_status":"closed","sticky":false,"template":"","format":"standard","meta":{"om_disable_all_campaigns":false,"inline_featured_image":false,"_monsterinsights_skip_tracking":false,"_monsterinsights_sitenote_active":false,"_monsterinsights_sitenote_note":"","_monsterinsights_sitenote_category":0,"footnotes":""},"categories":[81],"tags":[20,4610,606,3752,13580,13581,13579,12815,13578,6156],"class_list":["post-72451","post","type-post","status-publish","format-standard","has-post-thumbnail","hentry","category-arquitectura-2","tag-arquitectura","tag-casa","tag-cdmx","tag-colegio-de-arquitectos","tag-consejo","tag-difusion","tag-presidenta","tag-programa","tag-socidad","tag-urbanismo"],"yoast_head":"<!-- This site is optimized with the Yoast SEO plugin v27.4 - https:\/\/yoast.com\/product\/yoast-seo-wordpress\/ -->\n<title>Toma protesta nueva Presidenta de Colegio de Arquitectos CDMX<\/title>\n<meta name=\"description\" content=\"Su plan de trabajo incluye programas de difusi\u00f3n de la arquitectura y una remodelaci\u00f3n a \u2018La Casa del Arquitecto\u2019\" \/>\n<meta name=\"robots\" content=\"index, follow, max-snippet:-1, max-image-preview:large, max-video-preview:-1\" \/>\n<link rel=\"canonical\" href=\"https:\/\/centrourbano.com\/revista\/arquitectura-2\/toma-protesta-presidenta-colegio-arquitectos\/\" \/>\n<meta property=\"og:locale\" content=\"es_ES\" \/>\n<meta property=\"og:type\" content=\"article\" \/>\n<meta property=\"og:title\" content=\"Toma protesta nueva Presidenta de Colegio de Arquitectos CDMX\" \/>\n<meta property=\"og:description\" content=\"Su plan de trabajo incluye programas de difusi\u00f3n de la arquitectura y una remodelaci\u00f3n a \u2018La Casa del Arquitecto\u2019\" \/>\n<meta property=\"og:url\" content=\"https:\/\/centrourbano.com\/revista\/arquitectura-2\/toma-protesta-presidenta-colegio-arquitectos\/\" \/>\n<meta property=\"og:site_name\" content=\"Centro Urbano\" \/>\n<meta property=\"article:publisher\" content=\"https:\/\/www.facebook.com\/portalcentrourbano\" \/>\n<meta property=\"article:published_time\" content=\"2018-06-01T21:17:12+00:00\" \/>\n<meta property=\"article:modified_time\" content=\"2018-06-01T21:38:36+00:00\" \/>\n<meta property=\"og:image\" content=\"https:\/\/centrourbano.com\/revista\/wp-content\/uploads\/b3d3d2bb-3ba9-471e-a939-4e2a90faca28.jpg\" \/>\n\t<meta property=\"og:image:width\" content=\"1032\" \/>\n\t<meta property=\"og:image:height\" content=\"774\" \/>\n\t<meta property=\"og:image:type\" content=\"image\/jpeg\" \/>\n<meta name=\"author\" content=\"Karla Esperanza\" \/>\n<meta name=\"twitter:card\" content=\"summary_large_image\" \/>\n<meta name=\"twitter:creator\" content=\"@CentroUrbano\" \/>\n<meta name=\"twitter:site\" content=\"@CentroUrbano\" \/>\n<meta name=\"twitter:label1\" content=\"Escrito por\" \/>\n\t<meta name=\"twitter:data1\" content=\"Karla Esperanza\" \/>\n\t<meta name=\"twitter:label2\" content=\"Tiempo de lectura\" \/>\n\t<meta name=\"twitter:data2\" content=\"2 minutos\" \/>\n<script type=\"application\/ld+json\" class=\"yoast-schema-graph\">{\"@context\":\"https:\\\/\\\/schema.org\",\"@graph\":[{\"@type\":\"Article\",\"@id\":\"https:\\\/\\\/centrourbano.com\\\/revista\\\/arquitectura-2\\\/toma-protesta-presidenta-colegio-arquitectos\\\/#article\",\"isPartOf\":{\"@id\":\"https:\\\/\\\/centrourbano.com\\\/revista\\\/arquitectura-2\\\/toma-protesta-presidenta-colegio-arquitectos\\\/\"},\"author\":{\"name\":\"Karla Esperanza\",\"@id\":\"https:\\\/\\\/centrourbano.com\\\/revista\\\/#\\\/schema\\\/person\\\/1d952c872f21e733a753a18cc4b5298a\"},\"headline\":\"Toma protesta nueva Presidenta del Colegio de Arquitectos CDMX\",\"datePublished\":\"2018-06-01T21:17:12+00:00\",\"dateModified\":\"2018-06-01T21:38:36+00:00\",\"mainEntityOfPage\":{\"@id\":\"https:\\\/\\\/centrourbano.com\\\/revista\\\/arquitectura-2\\\/toma-protesta-presidenta-colegio-arquitectos\\\/\"},\"wordCount\":402,\"commentCount\":0,\"publisher\":{\"@id\":\"https:\\\/\\\/centrourbano.com\\\/revista\\\/#organization\"},\"image\":{\"@id\":\"https:\\\/\\\/centrourbano.com\\\/revista\\\/arquitectura-2\\\/toma-protesta-presidenta-colegio-arquitectos\\\/#primaryimage\"},\"thumbnailUrl\":\"https:\\\/\\\/centrourbano.com\\\/revista\\\/wp-content\\\/uploads\\\/b3d3d2bb-3ba9-471e-a939-4e2a90faca28.jpg\",\"keywords\":[\"arquitectura\",\"casa\",\"CDMX\",\"Colegio de Arquitectos\",\"CONSEJO\",\"DIFUSI\u00d3N\",\"PRESIDENTA\",\"programa\",\"SOCIDAD\",\"Urbanismo\"],\"articleSection\":[\"Arquitectura\"],\"inLanguage\":\"es\",\"potentialAction\":[{\"@type\":\"CommentAction\",\"name\":\"Comment\",\"target\":[\"https:\\\/\\\/centrourbano.com\\\/revista\\\/arquitectura-2\\\/toma-protesta-presidenta-colegio-arquitectos\\\/#respond\"]}]},{\"@type\":\"WebPage\",\"@id\":\"https:\\\/\\\/centrourbano.com\\\/revista\\\/arquitectura-2\\\/toma-protesta-presidenta-colegio-arquitectos\\\/\",\"url\":\"https:\\\/\\\/centrourbano.com\\\/revista\\\/arquitectura-2\\\/toma-protesta-presidenta-colegio-arquitectos\\\/\",\"name\":\"Toma protesta nueva Presidenta de Colegio de Arquitectos CDMX\",\"isPartOf\":{\"@id\":\"https:\\\/\\\/centrourbano.com\\\/revista\\\/#website\"},\"primaryImageOfPage\":{\"@id\":\"https:\\\/\\\/centrourbano.com\\\/revista\\\/arquitectura-2\\\/toma-protesta-presidenta-colegio-arquitectos\\\/#primaryimage\"},\"image\":{\"@id\":\"https:\\\/\\\/centrourbano.com\\\/revista\\\/arquitectura-2\\\/toma-protesta-presidenta-colegio-arquitectos\\\/#primaryimage\"},\"thumbnailUrl\":\"https:\\\/\\\/centrourbano.com\\\/revista\\\/wp-content\\\/uploads\\\/b3d3d2bb-3ba9-471e-a939-4e2a90faca28.jpg\",\"datePublished\":\"2018-06-01T21:17:12+00:00\",\"dateModified\":\"2018-06-01T21:38:36+00:00\",\"description\":\"Su plan de trabajo incluye programas de difusi\u00f3n de la arquitectura y una remodelaci\u00f3n a \u2018La Casa del Arquitecto\u2019\",\"breadcrumb\":{\"@id\":\"https:\\\/\\\/centrourbano.com\\\/revista\\\/arquitectura-2\\\/toma-protesta-presidenta-colegio-arquitectos\\\/#breadcrumb\"},\"inLanguage\":\"es\",\"potentialAction\":[{\"@type\":\"ReadAction\",\"target\":[\"https:\\\/\\\/centrourbano.com\\\/revista\\\/arquitectura-2\\\/toma-protesta-presidenta-colegio-arquitectos\\\/\"]}]},{\"@type\":\"ImageObject\",\"inLanguage\":\"es\",\"@id\":\"https:\\\/\\\/centrourbano.com\\\/revista\\\/arquitectura-2\\\/toma-protesta-presidenta-colegio-arquitectos\\\/#primaryimage\",\"url\":\"https:\\\/\\\/centrourbano.com\\\/revista\\\/wp-content\\\/uploads\\\/b3d3d2bb-3ba9-471e-a939-4e2a90faca28.jpg\",\"contentUrl\":\"https:\\\/\\\/centrourbano.com\\\/revista\\\/wp-content\\\/uploads\\\/b3d3d2bb-3ba9-471e-a939-4e2a90faca28.jpg\",\"width\":1032,\"height\":774,\"caption\":\"Su plan de trabajo incluye programas de difusi\u00f3n de la arquitectura y una remodelaci\u00f3n a \u2018La Casa del Arquitecto\u2019\"},{\"@type\":\"BreadcrumbList\",\"@id\":\"https:\\\/\\\/centrourbano.com\\\/revista\\\/arquitectura-2\\\/toma-protesta-presidenta-colegio-arquitectos\\\/#breadcrumb\",\"itemListElement\":[{\"@type\":\"ListItem\",\"position\":1,\"name\":\"Portada\",\"item\":\"https:\\\/\\\/centrourbano.com\\\/revista\\\/\"},{\"@type\":\"ListItem\",\"position\":2,\"name\":\"Toma protesta nueva Presidenta del Colegio de Arquitectos CDMX\"}]},{\"@type\":\"WebSite\",\"@id\":\"https:\\\/\\\/centrourbano.com\\\/revista\\\/#website\",\"url\":\"https:\\\/\\\/centrourbano.com\\\/revista\\\/\",\"name\":\"Centro Urbano\",\"description\":\"Medio especializado en los sectores vivienda, inmobiliario, construcci\u00f3n, arquitectura y urbanismo.\",\"publisher\":{\"@id\":\"https:\\\/\\\/centrourbano.com\\\/revista\\\/#organization\"},\"potentialAction\":[{\"@type\":\"SearchAction\",\"target\":{\"@type\":\"EntryPoint\",\"urlTemplate\":\"https:\\\/\\\/centrourbano.com\\\/revista\\\/?s={search_term_string}\"},\"query-input\":{\"@type\":\"PropertyValueSpecification\",\"valueRequired\":true,\"valueName\":\"search_term_string\"}}],\"inLanguage\":\"es\"},{\"@type\":\"Organization\",\"@id\":\"https:\\\/\\\/centrourbano.com\\\/revista\\\/#organization\",\"name\":\"Centro Urbano\",\"url\":\"https:\\\/\\\/centrourbano.com\\\/revista\\\/\",\"logo\":{\"@type\":\"ImageObject\",\"inLanguage\":\"es\",\"@id\":\"https:\\\/\\\/centrourbano.com\\\/revista\\\/#\\\/schema\\\/logo\\\/image\\\/\",\"url\":\"https:\\\/\\\/centrourbano.com\\\/revista\\\/wp-content\\\/uploads\\\/web_CU_logo-1.png\",\"contentUrl\":\"https:\\\/\\\/centrourbano.com\\\/revista\\\/wp-content\\\/uploads\\\/web_CU_logo-1.png\",\"width\":350,\"height\":91,\"caption\":\"Centro Urbano\"},\"image\":{\"@id\":\"https:\\\/\\\/centrourbano.com\\\/revista\\\/#\\\/schema\\\/logo\\\/image\\\/\"},\"sameAs\":[\"https:\\\/\\\/www.facebook.com\\\/portalcentrourbano\",\"https:\\\/\\\/x.com\\\/CentroUrbano\",\"https:\\\/\\\/www.instagram.com\\\/centro_urbano\\\/\",\"https:\\\/\\\/www.linkedin.com\\\/company\\\/centro-urbano\\\/\",\"http:\\\/\\\/www.youtube.com\\\/user\\\/portalcentrourbano\"]},{\"@type\":\"Person\",\"@id\":\"https:\\\/\\\/centrourbano.com\\\/revista\\\/#\\\/schema\\\/person\\\/1d952c872f21e733a753a18cc4b5298a\",\"name\":\"Karla Esperanza\",\"image\":{\"@type\":\"ImageObject\",\"inLanguage\":\"es\",\"@id\":\"https:\\\/\\\/secure.gravatar.com\\\/avatar\\\/bea847a7925ef868d37c5a55ab5e341c9e769fab11b85a359090daa4d6fb4a2e?s=96&d=mm&r=g\",\"url\":\"https:\\\/\\\/secure.gravatar.com\\\/avatar\\\/bea847a7925ef868d37c5a55ab5e341c9e769fab11b85a359090daa4d6fb4a2e?s=96&d=mm&r=g\",\"contentUrl\":\"https:\\\/\\\/secure.gravatar.com\\\/avatar\\\/bea847a7925ef868d37c5a55ab5e341c9e769fab11b85a359090daa4d6fb4a2e?s=96&d=mm&r=g\",\"caption\":\"Karla Esperanza\"},\"url\":\"https:\\\/\\\/centrourbano.com\\\/revista\\\/author\\\/karla-esperanza\\\/\"}]}<\/script>\n<!-- \/ Yoast SEO plugin. -->","yoast_head_json":{"title":"Toma protesta nueva Presidenta de Colegio de Arquitectos CDMX","description":"Su plan de trabajo incluye programas de difusi\u00f3n de la arquitectura y una remodelaci\u00f3n a \u2018La Casa del Arquitecto\u2019","robots":{"index":"index","follow":"follow","max-snippet":"max-snippet:-1","max-image-preview":"max-image-preview:large","max-video-preview":"max-video-preview:-1"},"canonical":"https:\/\/centrourbano.com\/revista\/arquitectura-2\/toma-protesta-presidenta-colegio-arquitectos\/","og_locale":"es_ES","og_type":"article","og_title":"Toma protesta nueva Presidenta de Colegio de Arquitectos CDMX","og_description":"Su plan de trabajo incluye programas de difusi\u00f3n de la arquitectura y una remodelaci\u00f3n a \u2018La Casa del Arquitecto\u2019","og_url":"https:\/\/centrourbano.com\/revista\/arquitectura-2\/toma-protesta-presidenta-colegio-arquitectos\/","og_site_name":"Centro Urbano","article_publisher":"https:\/\/www.facebook.com\/portalcentrourbano","article_published_time":"2018-06-01T21:17:12+00:00","article_modified_time":"2018-06-01T21:38:36+00:00","og_image":[{"width":1032,"height":774,"url":"https:\/\/centrourbano.com\/revista\/wp-content\/uploads\/b3d3d2bb-3ba9-471e-a939-4e2a90faca28.jpg","type":"image\/jpeg"}],"author":"Karla Esperanza","twitter_card":"summary_large_image","twitter_creator":"@CentroUrbano","twitter_site":"@CentroUrbano","twitter_misc":{"Escrito por":"Karla Esperanza","Tiempo de lectura":"2 minutos"},"schema":{"@context":"https:\/\/schema.org","@graph":[{"@type":"Article","@id":"https:\/\/centrourbano.com\/revista\/arquitectura-2\/toma-protesta-presidenta-colegio-arquitectos\/#article","isPartOf":{"@id":"https:\/\/centrourbano.com\/revista\/arquitectura-2\/toma-protesta-presidenta-colegio-arquitectos\/"},"author":{"name":"Karla Esperanza","@id":"https:\/\/centrourbano.com\/revista\/#\/schema\/person\/1d952c872f21e733a753a18cc4b5298a"},"headline":"Toma protesta nueva Presidenta del Colegio de Arquitectos CDMX","datePublished":"2018-06-01T21:17:12+00:00","dateModified":"2018-06-01T21:38:36+00:00","mainEntityOfPage":{"@id":"https:\/\/centrourbano.com\/revista\/arquitectura-2\/toma-protesta-presidenta-colegio-arquitectos\/"},"wordCount":402,"commentCount":0,"publisher":{"@id":"https:\/\/centrourbano.com\/revista\/#organization"},"image":{"@id":"https:\/\/centrourbano.com\/revista\/arquitectura-2\/toma-protesta-presidenta-colegio-arquitectos\/#primaryimage"},"thumbnailUrl":"https:\/\/centrourbano.com\/revista\/wp-content\/uploads\/b3d3d2bb-3ba9-471e-a939-4e2a90faca28.jpg","keywords":["arquitectura","casa","CDMX","Colegio de Arquitectos","CONSEJO","DIFUSI\u00d3N","PRESIDENTA","programa","SOCIDAD","Urbanismo"],"articleSection":["Arquitectura"],"inLanguage":"es","potentialAction":[{"@type":"CommentAction","name":"Comment","target":["https:\/\/centrourbano.com\/revista\/arquitectura-2\/toma-protesta-presidenta-colegio-arquitectos\/#respond"]}]},{"@type":"WebPage","@id":"https:\/\/centrourbano.com\/revista\/arquitectura-2\/toma-protesta-presidenta-colegio-arquitectos\/","url":"https:\/\/centrourbano.com\/revista\/arquitectura-2\/toma-protesta-presidenta-colegio-arquitectos\/","name":"Toma protesta nueva Presidenta de Colegio de Arquitectos CDMX","isPartOf":{"@id":"https:\/\/centrourbano.com\/revista\/#website"},"primaryImageOfPage":{"@id":"https:\/\/centrourbano.com\/revista\/arquitectura-2\/toma-protesta-presidenta-colegio-arquitectos\/#primaryimage"},"image":{"@id":"https:\/\/centrourbano.com\/revista\/arquitectura-2\/toma-protesta-presidenta-colegio-arquitectos\/#primaryimage"},"thumbnailUrl":"https:\/\/centrourbano.com\/revista\/wp-content\/uploads\/b3d3d2bb-3ba9-471e-a939-4e2a90faca28.jpg","datePublished":"2018-06-01T21:17:12+00:00","dateModified":"2018-06-01T21:38:36+00:00","description":"Su plan de trabajo incluye programas de difusi\u00f3n de la arquitectura y una remodelaci\u00f3n a \u2018La Casa del Arquitecto\u2019","breadcrumb":{"@id":"https:\/\/centrourbano.com\/revista\/arquitectura-2\/toma-protesta-presidenta-colegio-arquitectos\/#breadcrumb"},"inLanguage":"es","potentialAction":[{"@type":"ReadAction","target":["https:\/\/centrourbano.com\/revista\/arquitectura-2\/toma-protesta-presidenta-colegio-arquitectos\/"]}]},{"@type":"ImageObject","inLanguage":"es","@id":"https:\/\/centrourbano.com\/revista\/arquitectura-2\/toma-protesta-presidenta-colegio-arquitectos\/#primaryimage","url":"https:\/\/centrourbano.com\/revista\/wp-content\/uploads\/b3d3d2bb-3ba9-471e-a939-4e2a90faca28.jpg","contentUrl":"https:\/\/centrourbano.com\/revista\/wp-content\/uploads\/b3d3d2bb-3ba9-471e-a939-4e2a90faca28.jpg","width":1032,"height":774,"caption":"Su plan de trabajo incluye programas de difusi\u00f3n de la arquitectura y una remodelaci\u00f3n a \u2018La Casa del Arquitecto\u2019"},{"@type":"BreadcrumbList","@id":"https:\/\/centrourbano.com\/revista\/arquitectura-2\/toma-protesta-presidenta-colegio-arquitectos\/#breadcrumb","itemListElement":[{"@type":"ListItem","position":1,"name":"Portada","item":"https:\/\/centrourbano.com\/revista\/"},{"@type":"ListItem","position":2,"name":"Toma protesta nueva Presidenta del Colegio de Arquitectos CDMX"}]},{"@type":"WebSite","@id":"https:\/\/centrourbano.com\/revista\/#website","url":"https:\/\/centrourbano.com\/revista\/","name":"Centro Urbano","description":"Medio especializado en los sectores vivienda, inmobiliario, construcci\u00f3n, arquitectura y urbanismo.","publisher":{"@id":"https:\/\/centrourbano.com\/revista\/#organization"},"potentialAction":[{"@type":"SearchAction","target":{"@type":"EntryPoint","urlTemplate":"https:\/\/centrourbano.com\/revista\/?s={search_term_string}"},"query-input":{"@type":"PropertyValueSpecification","valueRequired":true,"valueName":"search_term_string"}}],"inLanguage":"es"},{"@type":"Organization","@id":"https:\/\/centrourbano.com\/revista\/#organization","name":"Centro Urbano","url":"https:\/\/centrourbano.com\/revista\/","logo":{"@type":"ImageObject","inLanguage":"es","@id":"https:\/\/centrourbano.com\/revista\/#\/schema\/logo\/image\/","url":"https:\/\/centrourbano.com\/revista\/wp-content\/uploads\/web_CU_logo-1.png","contentUrl":"https:\/\/centrourbano.com\/revista\/wp-content\/uploads\/web_CU_logo-1.png","width":350,"height":91,"caption":"Centro Urbano"},"image":{"@id":"https:\/\/centrourbano.com\/revista\/#\/schema\/logo\/image\/"},"sameAs":["https:\/\/www.facebook.com\/portalcentrourbano","https:\/\/x.com\/CentroUrbano","https:\/\/www.instagram.com\/centro_urbano\/","https:\/\/www.linkedin.com\/company\/centro-urbano\/","http:\/\/www.youtube.com\/user\/portalcentrourbano"]},{"@type":"Person","@id":"https:\/\/centrourbano.com\/revista\/#\/schema\/person\/1d952c872f21e733a753a18cc4b5298a","name":"Karla Esperanza","image":{"@type":"ImageObject","inLanguage":"es","@id":"https:\/\/secure.gravatar.com\/avatar\/bea847a7925ef868d37c5a55ab5e341c9e769fab11b85a359090daa4d6fb4a2e?s=96&d=mm&r=g","url":"https:\/\/secure.gravatar.com\/avatar\/bea847a7925ef868d37c5a55ab5e341c9e769fab11b85a359090daa4d6fb4a2e?s=96&d=mm&r=g","contentUrl":"https:\/\/secure.gravatar.com\/avatar\/bea847a7925ef868d37c5a55ab5e341c9e769fab11b85a359090daa4d6fb4a2e?s=96&d=mm&r=g","caption":"Karla Esperanza"},"url":"https:\/\/centrourbano.com\/revista\/author\/karla-esperanza\/"}]}},"_links":{"self":[{"href":"https:\/\/centrourbano.com\/revista\/wp-json\/wp\/v2\/posts\/72451","targetHints":{"allow":["GET"]}}],"collection":[{"href":"https:\/\/centrourbano.com\/revista\/wp-json\/wp\/v2\/posts"}],"about":[{"href":"https:\/\/centrourbano.com\/revista\/wp-json\/wp\/v2\/types\/post"}],"author":[{"embeddable":true,"href":"https:\/\/centrourbano.com\/revista\/wp-json\/wp\/v2\/users\/64"}],"replies":[{"embeddable":true,"href":"https:\/\/centrourbano.com\/revista\/wp-json\/wp\/v2\/comments?post=72451"}],"version-history":[{"count":5,"href":"https:\/\/centrourbano.com\/revista\/wp-json\/wp\/v2\/posts\/72451\/revisions"}],"predecessor-version":[{"id":72462,"href":"https:\/\/centrourbano.com\/revista\/wp-json\/wp\/v2\/posts\/72451\/revisions\/72462"}],"wp:featuredmedia":[{"embeddable":true,"href":"https:\/\/centrourbano.com\/revista\/wp-json\/wp\/v2\/media\/72457"}],"wp:attachment":[{"href":"https:\/\/centrourbano.com\/revista\/wp-json\/wp\/v2\/media?parent=72451"}],"wp:term":[{"taxonomy":"category","embeddable":true,"href":"https:\/\/centrourbano.com\/revista\/wp-json\/wp\/v2\/categories?post=72451"},{"taxonomy":"post_tag","embeddable":true,"href":"https:\/\/centrourbano.com\/revista\/wp-json\/wp\/v2\/tags?post=72451"}],"curies":[{"name":"wp","href":"https:\/\/api.w.org\/{rel}","templated":true}]}}