{"id":72446,"date":"2018-06-01T15:45:33","date_gmt":"2018-06-01T20:45:33","guid":{"rendered":"https:\/\/centrourbano.com\/?p=72446"},"modified":"2018-06-01T15:45:33","modified_gmt":"2018-06-01T20:45:33","slug":"candidato-presidencia-leon-se-reune-canadevi","status":"publish","type":"post","link":"https:\/\/centrourbano.com\/revista\/historico\/elecciones-2018\/candidato-presidencia-leon-se-reune-canadevi\/","title":{"rendered":"Candidato a presidencia de Le\u00f3n se re\u00fane con Canadevi"},"content":{"rendered":"<p><em>H\u00e9ctor L\u00f3pez Santillana mostr\u00f3 su inter\u00e9s por continuar con el desarrollo de vivienda en el municipio<\/em><!--more--><\/p>\n<p>Las propuestas de H\u00e9ctor L\u00f3pez Santillana, candidato a la presidencia municipal de Le\u00f3n, Guanajuato, giran en torno a los rubros de seguridad e inclusi\u00f3n, educaci\u00f3n e innovaci\u00f3n, salud y sustentabilidad, y un municipio compacto y ordenado.<\/p>\n<p>El \u00faltimo punto es el que m\u00e1s interesa a la C\u00e1mara Nacional de la Industria del Desarrollo y Promoci\u00f3n de la Vivienda (Canadevi), por lo que present\u00f3 ante la delegaci\u00f3n del estado su inter\u00e9s por continuar con el desarrollo del municipio. Indic\u00f3 que promover\u00e1 la figura de un City Manager, propuso vialidades y transporte m\u00e1s eficientes, adem\u00e1s de atender el problema de los fraccionamientos irregulares, pues representan un alto costo en materia de infraestructura, servicios y generan inseguridad.<\/p>\n<p>Debido a que 46.6% de los trabajadores no tienen seguridad social y reciben 2.6 salarios m\u00ednimos, se\u00f1al\u00f3 que trabajar\u00e1 en generar vivienda econ\u00f3mica y buscar\u00e1 reactivar la zona de Barrio Arriba con el equipamiento necesario para la edificaci\u00f3n de vivienda vertical.<\/p>\n<p>A su vez, Ismael Plascencia, presidente de Canadevi Guanajuato, solicit\u00f3 atender los temas de tramitolog\u00eda, supervisi\u00f3n \u00fanica, que el impuesto de adquisici\u00f3n de inmuebles se mantenga en 0.75% y suba de acuerdo con la inflaci\u00f3n, que los desarrolladores irregulares cumplan con las mismas obligaciones.<\/p>\n<p>&nbsp;<\/p>\n<p>&nbsp;<\/p>\n","protected":false},"excerpt":{"rendered":"<p>H\u00e9ctor L\u00f3pez Santillana mostr\u00f3 su inter\u00e9s por continuar con el desarrollo de vivienda en el municipio<\/p>\n","protected":false},"author":45,"featured_media":72447,"comment_status":"open","ping_status":"closed","sticky":false,"template":"","format":"standard","meta":{"om_disable_all_campaigns":false,"inline_featured_image":false,"_monsterinsights_skip_tracking":false,"_monsterinsights_sitenote_active":false,"_monsterinsights_sitenote_note":"","_monsterinsights_sitenote_category":0,"footnotes":""},"categories":[13485],"tags":[99,53,1436,60],"class_list":["post-72446","post","type-post","status-publish","format-standard","has-post-thumbnail","hentry","category-elecciones-2018","tag-canadevi","tag-guanajuato","tag-leon","tag-vivienda-2"],"yoast_head":"<!-- This site is optimized with the Yoast SEO plugin v27.5 - https:\/\/yoast.com\/product\/yoast-seo-wordpress\/ -->\n<title>Candidato a presidencia de Le\u00f3n se re\u00fane con Canadevi<\/title>\n<meta name=\"description\" content=\"H\u00e9ctor L\u00f3pez Santillana mostr\u00f3 su inter\u00e9s por continuar con el desarrollo de vivienda en el municipio\" \/>\n<meta name=\"robots\" content=\"index, follow, max-snippet:-1, max-image-preview:large, max-video-preview:-1\" \/>\n<link rel=\"canonical\" href=\"https:\/\/centrourbano.com\/revista\/historico\/elecciones-2018\/candidato-presidencia-leon-se-reune-canadevi\/\" \/>\n<meta property=\"og:locale\" content=\"es_ES\" \/>\n<meta property=\"og:type\" content=\"article\" \/>\n<meta property=\"og:title\" content=\"Candidato a presidencia de Le\u00f3n se re\u00fane con Canadevi\" \/>\n<meta property=\"og:description\" content=\"H\u00e9ctor L\u00f3pez Santillana mostr\u00f3 su inter\u00e9s por continuar con el desarrollo de vivienda en el municipio\" \/>\n<meta property=\"og:url\" content=\"https:\/\/centrourbano.com\/revista\/historico\/elecciones-2018\/candidato-presidencia-leon-se-reune-canadevi\/\" \/>\n<meta property=\"og:site_name\" content=\"Centro Urbano\" \/>\n<meta property=\"article:publisher\" content=\"https:\/\/www.facebook.com\/portalcentrourbano\" \/>\n<meta property=\"article:published_time\" content=\"2018-06-01T20:45:33+00:00\" \/>\n<meta property=\"og:image\" content=\"https:\/\/centrourbano.com\/revista\/wp-content\/uploads\/vivienda-guanajuato.jpg\" \/>\n\t<meta property=\"og:image:width\" content=\"500\" \/>\n\t<meta property=\"og:image:height\" content=\"450\" \/>\n\t<meta property=\"og:image:type\" content=\"image\/jpeg\" \/>\n<meta name=\"author\" content=\"Hanae Pacheco\" \/>\n<meta name=\"twitter:card\" content=\"summary_large_image\" \/>\n<meta name=\"twitter:creator\" content=\"@CentroUrbano\" \/>\n<meta name=\"twitter:site\" content=\"@CentroUrbano\" \/>\n<meta name=\"twitter:label1\" content=\"Escrito por\" \/>\n\t<meta name=\"twitter:data1\" content=\"Hanae Pacheco\" \/>\n\t<meta name=\"twitter:label2\" content=\"Tiempo de lectura\" \/>\n\t<meta name=\"twitter:data2\" content=\"1 minuto\" \/>\n<script type=\"application\/ld+json\" class=\"yoast-schema-graph\">{\"@context\":\"https:\\\/\\\/schema.org\",\"@graph\":[{\"@type\":\"Article\",\"@id\":\"https:\\\/\\\/centrourbano.com\\\/revista\\\/historico\\\/elecciones-2018\\\/candidato-presidencia-leon-se-reune-canadevi\\\/#article\",\"isPartOf\":{\"@id\":\"https:\\\/\\\/centrourbano.com\\\/revista\\\/historico\\\/elecciones-2018\\\/candidato-presidencia-leon-se-reune-canadevi\\\/\"},\"author\":{\"name\":\"Hanae Pacheco\",\"@id\":\"https:\\\/\\\/centrourbano.com\\\/revista\\\/#\\\/schema\\\/person\\\/db5aba19153b4dc77f48808c4c2e7027\"},\"headline\":\"Candidato a presidencia de Le\u00f3n se re\u00fane con Canadevi\",\"datePublished\":\"2018-06-01T20:45:33+00:00\",\"mainEntityOfPage\":{\"@id\":\"https:\\\/\\\/centrourbano.com\\\/revista\\\/historico\\\/elecciones-2018\\\/candidato-presidencia-leon-se-reune-canadevi\\\/\"},\"wordCount\":249,\"commentCount\":0,\"publisher\":{\"@id\":\"https:\\\/\\\/centrourbano.com\\\/revista\\\/#organization\"},\"image\":{\"@id\":\"https:\\\/\\\/centrourbano.com\\\/revista\\\/historico\\\/elecciones-2018\\\/candidato-presidencia-leon-se-reune-canadevi\\\/#primaryimage\"},\"thumbnailUrl\":\"https:\\\/\\\/centrourbano.com\\\/revista\\\/wp-content\\\/uploads\\\/vivienda-guanajuato.jpg\",\"keywords\":[\"Canadevi\",\"Guanajuato\",\"Le\u00f3n\",\"vivienda\"],\"articleSection\":[\"Elecciones 2018\"],\"inLanguage\":\"es\",\"potentialAction\":[{\"@type\":\"CommentAction\",\"name\":\"Comment\",\"target\":[\"https:\\\/\\\/centrourbano.com\\\/revista\\\/historico\\\/elecciones-2018\\\/candidato-presidencia-leon-se-reune-canadevi\\\/#respond\"]}]},{\"@type\":\"WebPage\",\"@id\":\"https:\\\/\\\/centrourbano.com\\\/revista\\\/historico\\\/elecciones-2018\\\/candidato-presidencia-leon-se-reune-canadevi\\\/\",\"url\":\"https:\\\/\\\/centrourbano.com\\\/revista\\\/historico\\\/elecciones-2018\\\/candidato-presidencia-leon-se-reune-canadevi\\\/\",\"name\":\"Candidato a presidencia de Le\u00f3n se re\u00fane con Canadevi\",\"isPartOf\":{\"@id\":\"https:\\\/\\\/centrourbano.com\\\/revista\\\/#website\"},\"primaryImageOfPage\":{\"@id\":\"https:\\\/\\\/centrourbano.com\\\/revista\\\/historico\\\/elecciones-2018\\\/candidato-presidencia-leon-se-reune-canadevi\\\/#primaryimage\"},\"image\":{\"@id\":\"https:\\\/\\\/centrourbano.com\\\/revista\\\/historico\\\/elecciones-2018\\\/candidato-presidencia-leon-se-reune-canadevi\\\/#primaryimage\"},\"thumbnailUrl\":\"https:\\\/\\\/centrourbano.com\\\/revista\\\/wp-content\\\/uploads\\\/vivienda-guanajuato.jpg\",\"datePublished\":\"2018-06-01T20:45:33+00:00\",\"description\":\"H\u00e9ctor L\u00f3pez Santillana mostr\u00f3 su inter\u00e9s por continuar con el desarrollo de vivienda en el municipio\",\"breadcrumb\":{\"@id\":\"https:\\\/\\\/centrourbano.com\\\/revista\\\/historico\\\/elecciones-2018\\\/candidato-presidencia-leon-se-reune-canadevi\\\/#breadcrumb\"},\"inLanguage\":\"es\",\"potentialAction\":[{\"@type\":\"ReadAction\",\"target\":[\"https:\\\/\\\/centrourbano.com\\\/revista\\\/historico\\\/elecciones-2018\\\/candidato-presidencia-leon-se-reune-canadevi\\\/\"]}]},{\"@type\":\"ImageObject\",\"inLanguage\":\"es\",\"@id\":\"https:\\\/\\\/centrourbano.com\\\/revista\\\/historico\\\/elecciones-2018\\\/candidato-presidencia-leon-se-reune-canadevi\\\/#primaryimage\",\"url\":\"https:\\\/\\\/centrourbano.com\\\/revista\\\/wp-content\\\/uploads\\\/vivienda-guanajuato.jpg\",\"contentUrl\":\"https:\\\/\\\/centrourbano.com\\\/revista\\\/wp-content\\\/uploads\\\/vivienda-guanajuato.jpg\",\"width\":500,\"height\":450,\"caption\":\"H\u00e9ctor L\u00f3pez Santillana mostr\u00f3 su inter\u00e9s por continuar con el desarrollo de vivienda en el municipio\"},{\"@type\":\"BreadcrumbList\",\"@id\":\"https:\\\/\\\/centrourbano.com\\\/revista\\\/historico\\\/elecciones-2018\\\/candidato-presidencia-leon-se-reune-canadevi\\\/#breadcrumb\",\"itemListElement\":[{\"@type\":\"ListItem\",\"position\":1,\"name\":\"Portada\",\"item\":\"https:\\\/\\\/centrourbano.com\\\/revista\\\/\"},{\"@type\":\"ListItem\",\"position\":2,\"name\":\"Candidato a presidencia de Le\u00f3n se re\u00fane con Canadevi\"}]},{\"@type\":\"WebSite\",\"@id\":\"https:\\\/\\\/centrourbano.com\\\/revista\\\/#website\",\"url\":\"https:\\\/\\\/centrourbano.com\\\/revista\\\/\",\"name\":\"Centro Urbano\",\"description\":\"Medio especializado en los sectores vivienda, inmobiliario, construcci\u00f3n, arquitectura y urbanismo.\",\"publisher\":{\"@id\":\"https:\\\/\\\/centrourbano.com\\\/revista\\\/#organization\"},\"potentialAction\":[{\"@type\":\"SearchAction\",\"target\":{\"@type\":\"EntryPoint\",\"urlTemplate\":\"https:\\\/\\\/centrourbano.com\\\/revista\\\/?s={search_term_string}\"},\"query-input\":{\"@type\":\"PropertyValueSpecification\",\"valueRequired\":true,\"valueName\":\"search_term_string\"}}],\"inLanguage\":\"es\"},{\"@type\":\"Organization\",\"@id\":\"https:\\\/\\\/centrourbano.com\\\/revista\\\/#organization\",\"name\":\"Centro Urbano\",\"url\":\"https:\\\/\\\/centrourbano.com\\\/revista\\\/\",\"logo\":{\"@type\":\"ImageObject\",\"inLanguage\":\"es\",\"@id\":\"https:\\\/\\\/centrourbano.com\\\/revista\\\/#\\\/schema\\\/logo\\\/image\\\/\",\"url\":\"https:\\\/\\\/centrourbano.com\\\/revista\\\/wp-content\\\/uploads\\\/web_CU_logo-1.png\",\"contentUrl\":\"https:\\\/\\\/centrourbano.com\\\/revista\\\/wp-content\\\/uploads\\\/web_CU_logo-1.png\",\"width\":350,\"height\":91,\"caption\":\"Centro Urbano\"},\"image\":{\"@id\":\"https:\\\/\\\/centrourbano.com\\\/revista\\\/#\\\/schema\\\/logo\\\/image\\\/\"},\"sameAs\":[\"https:\\\/\\\/www.facebook.com\\\/portalcentrourbano\",\"https:\\\/\\\/x.com\\\/CentroUrbano\",\"https:\\\/\\\/www.instagram.com\\\/centro_urbano\\\/\",\"https:\\\/\\\/www.linkedin.com\\\/company\\\/centro-urbano\\\/\",\"http:\\\/\\\/www.youtube.com\\\/user\\\/portalcentrourbano\"]},{\"@type\":\"Person\",\"@id\":\"https:\\\/\\\/centrourbano.com\\\/revista\\\/#\\\/schema\\\/person\\\/db5aba19153b4dc77f48808c4c2e7027\",\"name\":\"Hanae Pacheco\",\"image\":{\"@type\":\"ImageObject\",\"inLanguage\":\"es\",\"@id\":\"https:\\\/\\\/secure.gravatar.com\\\/avatar\\\/85378918db488c7c72bd7acaea6909bbfd5df076ffaf5e56cf397f98ef67f72d?s=96&d=mm&r=g\",\"url\":\"https:\\\/\\\/secure.gravatar.com\\\/avatar\\\/85378918db488c7c72bd7acaea6909bbfd5df076ffaf5e56cf397f98ef67f72d?s=96&d=mm&r=g\",\"contentUrl\":\"https:\\\/\\\/secure.gravatar.com\\\/avatar\\\/85378918db488c7c72bd7acaea6909bbfd5df076ffaf5e56cf397f98ef67f72d?s=96&d=mm&r=g\",\"caption\":\"Hanae Pacheco\"},\"url\":\"https:\\\/\\\/centrourbano.com\\\/revista\\\/author\\\/hanae-pacheco\\\/\"}]}<\/script>\n<!-- \/ Yoast SEO plugin. -->","yoast_head_json":{"title":"Candidato a presidencia de Le\u00f3n se re\u00fane con Canadevi","description":"H\u00e9ctor L\u00f3pez Santillana mostr\u00f3 su inter\u00e9s por continuar con el desarrollo de vivienda en el municipio","robots":{"index":"index","follow":"follow","max-snippet":"max-snippet:-1","max-image-preview":"max-image-preview:large","max-video-preview":"max-video-preview:-1"},"canonical":"https:\/\/centrourbano.com\/revista\/historico\/elecciones-2018\/candidato-presidencia-leon-se-reune-canadevi\/","og_locale":"es_ES","og_type":"article","og_title":"Candidato a presidencia de Le\u00f3n se re\u00fane con Canadevi","og_description":"H\u00e9ctor L\u00f3pez Santillana mostr\u00f3 su inter\u00e9s por continuar con el desarrollo de vivienda en el municipio","og_url":"https:\/\/centrourbano.com\/revista\/historico\/elecciones-2018\/candidato-presidencia-leon-se-reune-canadevi\/","og_site_name":"Centro Urbano","article_publisher":"https:\/\/www.facebook.com\/portalcentrourbano","article_published_time":"2018-06-01T20:45:33+00:00","og_image":[{"width":500,"height":450,"url":"https:\/\/centrourbano.com\/revista\/wp-content\/uploads\/vivienda-guanajuato.jpg","type":"image\/jpeg"}],"author":"Hanae Pacheco","twitter_card":"summary_large_image","twitter_creator":"@CentroUrbano","twitter_site":"@CentroUrbano","twitter_misc":{"Escrito por":"Hanae Pacheco","Tiempo de lectura":"1 minuto"},"schema":{"@context":"https:\/\/schema.org","@graph":[{"@type":"Article","@id":"https:\/\/centrourbano.com\/revista\/historico\/elecciones-2018\/candidato-presidencia-leon-se-reune-canadevi\/#article","isPartOf":{"@id":"https:\/\/centrourbano.com\/revista\/historico\/elecciones-2018\/candidato-presidencia-leon-se-reune-canadevi\/"},"author":{"name":"Hanae Pacheco","@id":"https:\/\/centrourbano.com\/revista\/#\/schema\/person\/db5aba19153b4dc77f48808c4c2e7027"},"headline":"Candidato a presidencia de Le\u00f3n se re\u00fane con Canadevi","datePublished":"2018-06-01T20:45:33+00:00","mainEntityOfPage":{"@id":"https:\/\/centrourbano.com\/revista\/historico\/elecciones-2018\/candidato-presidencia-leon-se-reune-canadevi\/"},"wordCount":249,"commentCount":0,"publisher":{"@id":"https:\/\/centrourbano.com\/revista\/#organization"},"image":{"@id":"https:\/\/centrourbano.com\/revista\/historico\/elecciones-2018\/candidato-presidencia-leon-se-reune-canadevi\/#primaryimage"},"thumbnailUrl":"https:\/\/centrourbano.com\/revista\/wp-content\/uploads\/vivienda-guanajuato.jpg","keywords":["Canadevi","Guanajuato","Le\u00f3n","vivienda"],"articleSection":["Elecciones 2018"],"inLanguage":"es","potentialAction":[{"@type":"CommentAction","name":"Comment","target":["https:\/\/centrourbano.com\/revista\/historico\/elecciones-2018\/candidato-presidencia-leon-se-reune-canadevi\/#respond"]}]},{"@type":"WebPage","@id":"https:\/\/centrourbano.com\/revista\/historico\/elecciones-2018\/candidato-presidencia-leon-se-reune-canadevi\/","url":"https:\/\/centrourbano.com\/revista\/historico\/elecciones-2018\/candidato-presidencia-leon-se-reune-canadevi\/","name":"Candidato a presidencia de Le\u00f3n se re\u00fane con Canadevi","isPartOf":{"@id":"https:\/\/centrourbano.com\/revista\/#website"},"primaryImageOfPage":{"@id":"https:\/\/centrourbano.com\/revista\/historico\/elecciones-2018\/candidato-presidencia-leon-se-reune-canadevi\/#primaryimage"},"image":{"@id":"https:\/\/centrourbano.com\/revista\/historico\/elecciones-2018\/candidato-presidencia-leon-se-reune-canadevi\/#primaryimage"},"thumbnailUrl":"https:\/\/centrourbano.com\/revista\/wp-content\/uploads\/vivienda-guanajuato.jpg","datePublished":"2018-06-01T20:45:33+00:00","description":"H\u00e9ctor L\u00f3pez Santillana mostr\u00f3 su inter\u00e9s por continuar con el desarrollo de vivienda en el municipio","breadcrumb":{"@id":"https:\/\/centrourbano.com\/revista\/historico\/elecciones-2018\/candidato-presidencia-leon-se-reune-canadevi\/#breadcrumb"},"inLanguage":"es","potentialAction":[{"@type":"ReadAction","target":["https:\/\/centrourbano.com\/revista\/historico\/elecciones-2018\/candidato-presidencia-leon-se-reune-canadevi\/"]}]},{"@type":"ImageObject","inLanguage":"es","@id":"https:\/\/centrourbano.com\/revista\/historico\/elecciones-2018\/candidato-presidencia-leon-se-reune-canadevi\/#primaryimage","url":"https:\/\/centrourbano.com\/revista\/wp-content\/uploads\/vivienda-guanajuato.jpg","contentUrl":"https:\/\/centrourbano.com\/revista\/wp-content\/uploads\/vivienda-guanajuato.jpg","width":500,"height":450,"caption":"H\u00e9ctor L\u00f3pez Santillana mostr\u00f3 su inter\u00e9s por continuar con el desarrollo de vivienda en el municipio"},{"@type":"BreadcrumbList","@id":"https:\/\/centrourbano.com\/revista\/historico\/elecciones-2018\/candidato-presidencia-leon-se-reune-canadevi\/#breadcrumb","itemListElement":[{"@type":"ListItem","position":1,"name":"Portada","item":"https:\/\/centrourbano.com\/revista\/"},{"@type":"ListItem","position":2,"name":"Candidato a presidencia de Le\u00f3n se re\u00fane con Canadevi"}]},{"@type":"WebSite","@id":"https:\/\/centrourbano.com\/revista\/#website","url":"https:\/\/centrourbano.com\/revista\/","name":"Centro Urbano","description":"Medio especializado en los sectores vivienda, inmobiliario, construcci\u00f3n, arquitectura y urbanismo.","publisher":{"@id":"https:\/\/centrourbano.com\/revista\/#organization"},"potentialAction":[{"@type":"SearchAction","target":{"@type":"EntryPoint","urlTemplate":"https:\/\/centrourbano.com\/revista\/?s={search_term_string}"},"query-input":{"@type":"PropertyValueSpecification","valueRequired":true,"valueName":"search_term_string"}}],"inLanguage":"es"},{"@type":"Organization","@id":"https:\/\/centrourbano.com\/revista\/#organization","name":"Centro Urbano","url":"https:\/\/centrourbano.com\/revista\/","logo":{"@type":"ImageObject","inLanguage":"es","@id":"https:\/\/centrourbano.com\/revista\/#\/schema\/logo\/image\/","url":"https:\/\/centrourbano.com\/revista\/wp-content\/uploads\/web_CU_logo-1.png","contentUrl":"https:\/\/centrourbano.com\/revista\/wp-content\/uploads\/web_CU_logo-1.png","width":350,"height":91,"caption":"Centro Urbano"},"image":{"@id":"https:\/\/centrourbano.com\/revista\/#\/schema\/logo\/image\/"},"sameAs":["https:\/\/www.facebook.com\/portalcentrourbano","https:\/\/x.com\/CentroUrbano","https:\/\/www.instagram.com\/centro_urbano\/","https:\/\/www.linkedin.com\/company\/centro-urbano\/","http:\/\/www.youtube.com\/user\/portalcentrourbano"]},{"@type":"Person","@id":"https:\/\/centrourbano.com\/revista\/#\/schema\/person\/db5aba19153b4dc77f48808c4c2e7027","name":"Hanae Pacheco","image":{"@type":"ImageObject","inLanguage":"es","@id":"https:\/\/secure.gravatar.com\/avatar\/85378918db488c7c72bd7acaea6909bbfd5df076ffaf5e56cf397f98ef67f72d?s=96&d=mm&r=g","url":"https:\/\/secure.gravatar.com\/avatar\/85378918db488c7c72bd7acaea6909bbfd5df076ffaf5e56cf397f98ef67f72d?s=96&d=mm&r=g","contentUrl":"https:\/\/secure.gravatar.com\/avatar\/85378918db488c7c72bd7acaea6909bbfd5df076ffaf5e56cf397f98ef67f72d?s=96&d=mm&r=g","caption":"Hanae Pacheco"},"url":"https:\/\/centrourbano.com\/revista\/author\/hanae-pacheco\/"}]}},"_links":{"self":[{"href":"https:\/\/centrourbano.com\/revista\/wp-json\/wp\/v2\/posts\/72446","targetHints":{"allow":["GET"]}}],"collection":[{"href":"https:\/\/centrourbano.com\/revista\/wp-json\/wp\/v2\/posts"}],"about":[{"href":"https:\/\/centrourbano.com\/revista\/wp-json\/wp\/v2\/types\/post"}],"author":[{"embeddable":true,"href":"https:\/\/centrourbano.com\/revista\/wp-json\/wp\/v2\/users\/45"}],"replies":[{"embeddable":true,"href":"https:\/\/centrourbano.com\/revista\/wp-json\/wp\/v2\/comments?post=72446"}],"version-history":[{"count":1,"href":"https:\/\/centrourbano.com\/revista\/wp-json\/wp\/v2\/posts\/72446\/revisions"}],"predecessor-version":[{"id":72448,"href":"https:\/\/centrourbano.com\/revista\/wp-json\/wp\/v2\/posts\/72446\/revisions\/72448"}],"wp:featuredmedia":[{"embeddable":true,"href":"https:\/\/centrourbano.com\/revista\/wp-json\/wp\/v2\/media\/72447"}],"wp:attachment":[{"href":"https:\/\/centrourbano.com\/revista\/wp-json\/wp\/v2\/media?parent=72446"}],"wp:term":[{"taxonomy":"category","embeddable":true,"href":"https:\/\/centrourbano.com\/revista\/wp-json\/wp\/v2\/categories?post=72446"},{"taxonomy":"post_tag","embeddable":true,"href":"https:\/\/centrourbano.com\/revista\/wp-json\/wp\/v2\/tags?post=72446"}],"curies":[{"name":"wp","href":"https:\/\/api.w.org\/{rel}","templated":true}]}}