{"id":72400,"date":"2018-06-01T14:24:22","date_gmt":"2018-06-01T19:24:22","guid":{"rendered":"https:\/\/centrourbano.com\/?p=72400"},"modified":"2018-06-01T14:24:22","modified_gmt":"2018-06-01T19:24:22","slug":"impulsan-iniciativa-internacional-contra-el-carbono-en-transportes","status":"publish","type":"post","link":"https:\/\/centrourbano.com\/revista\/sin-categoria\/impulsan-iniciativa-internacional-contra-el-carbono-en-transportes\/","title":{"rendered":"Impulsan iniciativa internacional contra el carbono en transportes"},"content":{"rendered":"<p><em><span style=\"font-weight: 400\">La asociaci\u00f3n de ciudades, pa\u00edses y empresas busca dar cumplimiento al Acuerdo de Par\u00eds de Cambio Clim\u00e1tico al reducir totalmente las emisiones hacia 2050<\/span><\/em><!--more--><\/p>\n<p><span style=\"font-weight: 400\">La ciudad de Leipzig, Alemania, fue testigo del lanzamiento de la <a href=\"http:\/\/www.tda-mobility.org\/\" target=\"_blank\" rel=\"noopener noreferrer\"><strong>Alianza de Descarbonizaci\u00f3n de los Transportes<\/strong><\/a> (TDA, por sus siglas en ingl\u00e9s), una plataforma que re\u00fane a pa\u00edses, ciudades y empresas en un esfuerzo para impactar de forma positiva en el ambiente. <\/span><\/p>\n<p><span style=\"font-weight: 400\">La iniciativa, que ser\u00e1 presidida en el primer a\u00f1o por Jos\u00e9 Mendes, Secretario de Estado Adjunto y del Ambiente de Portugal, integra adem\u00e1s a otros cinco pa\u00edses: Costa Rica, Finlandia, Francia, Luxemburgo y Pa\u00edses Bajos. Cinco ciudades forman parte de este proyecto: <strong><a href=\"https:\/\/www.rotterdam.nl\/\" target=\"_blank\" rel=\"noopener noreferrer\">R\u00f3terdam<\/a><\/strong>, <a href=\"http:\/\/www.cm-lisboa.pt\/\" target=\"_blank\" rel=\"noopener noreferrer\"><strong>Lisboa<\/strong><\/a>, <a href=\"http:\/\/www.cm-porto.pt\/\" target=\"_blank\" rel=\"noopener noreferrer\"><strong>Oporto<\/strong><\/a>, <a href=\"http:\/\/www.cm-gaia.pt\/pt\/\" target=\"_blank\" rel=\"noopener noreferrer\"><strong>Vila Nova de Gaia<\/strong><\/a> y <a href=\"http:\/\/www.cm-matosinhos.pt\/\" target=\"_blank\" rel=\"noopener noreferrer\"><strong>Matosinhos<\/strong><\/a>; est\u00e1n acompa\u00f1ada por seis empresas internacionales: Alstom, Ceiia, EDP, ITAIPU, Binacional, Michelin y PTV. Sin embargo, el objetivo es que en los meses siguientes la Alianza integre a nuevos actores de todo el mundo.<\/span><\/p>\n<p><span style=\"font-weight: 400\">El objetivo central de esta asociaci\u00f3n es cumplir el Acuerdo de Par\u00eds sobre Cambio Clim\u00e1tico para crear condiciones de reducci\u00f3n total de las emisiones de carbono por parte del sector transporte hacia el a\u00f1o 2050. El concejal de Movilidad y Seguridad de la capital portuguesa, Miguel Gaspar, afirm\u00f3: \u201cEsta iniciativa refuerza el empe\u00f1o de Lisboa para acelerar la descarbonizaci\u00f3n del transporte y la importancia de la colaboraci\u00f3n entre gobiernos, ciudades y empresas en este plan\u201d.<\/span><\/p>\n<p><span style=\"font-weight: 400\">La Alianza tiene en la mira todos los tipos de transporte de pasajeros y de carga; incluye tambi\u00e9n los ramos terrestre, a\u00e9reo y mar\u00edtimo. Se trata de una iniciativa pionera, pues conjunta por primera vez a los actores principales del sector en un compromiso de trabajo conjunto para acelerar las transformaciones del \u00e1rea frente al futuro.<\/span><\/p>\n<p><span style=\"font-weight: 400\">Lisboa, una de las principales organizadoras de la iniciativa, particip\u00f3 gracias a la votaci\u00f3n un\u00e1nime de sus \u00f3rganos municipales. Para Gaspar, la unanimidad expresa el compromiso de la ciudad en el tema ambiental y urbano. \u201cLas ciudades est\u00e1n cada vez m\u00e1s expuestas a las consecuencias ambientales del sector del transporte, y por eso es necesario repensar la forma en que cambiamos y c\u00f3mo desarrollamos las actividades econ\u00f3micas\u201d, concluy\u00f3 el representante luso.<\/span><\/p>\n","protected":false},"excerpt":{"rendered":"<p>La asociaci\u00f3n de ciudades, pa\u00edses y empresas busca dar cumplimiento al Acuerdo de Par\u00eds de Cambio Clim\u00e1tico al reducir totalmente las emisiones hacia 2050<\/p>\n","protected":false},"author":65,"featured_media":72444,"comment_status":"open","ping_status":"closed","sticky":false,"template":"","format":"standard","meta":{"om_disable_all_campaigns":false,"inline_featured_image":false,"_monsterinsights_skip_tracking":false,"_monsterinsights_sitenote_active":false,"_monsterinsights_sitenote_note":"","_monsterinsights_sitenote_category":0,"footnotes":""},"categories":[1,82],"tags":[13577,13576,2175,2761,8651,39,6156],"class_list":["post-72400","post","type-post","status-publish","format-standard","has-post-thumbnail","hentry","category-sin-categoria","category-urbanismo","tag-acuerdo-de-paris","tag-ambiente","tag-cambio-climatico","tag-emisiones","tag-lisboa","tag-transporte","tag-urbanismo"],"yoast_head":"<!-- This site is optimized with the Yoast SEO plugin v27.4 - https:\/\/yoast.com\/product\/yoast-seo-wordpress\/ -->\n<title>Impulsan iniciativa internacional contra el carbono en transportes<\/title>\n<meta name=\"description\" content=\"La asociaci\u00f3n de ciudades, pa\u00edses y empresas busca dar cumplimiento al Acuerdo de Par\u00eds de Cambio Clim\u00e1tico al reducir totalmente las emisiones hacia 2050\" \/>\n<meta name=\"robots\" content=\"index, follow, max-snippet:-1, max-image-preview:large, max-video-preview:-1\" \/>\n<link rel=\"canonical\" href=\"https:\/\/centrourbano.com\/revista\/sin-categoria\/impulsan-iniciativa-internacional-contra-el-carbono-en-transportes\/\" \/>\n<meta property=\"og:locale\" content=\"es_ES\" \/>\n<meta property=\"og:type\" content=\"article\" \/>\n<meta property=\"og:title\" content=\"Impulsan iniciativa internacional contra el carbono en transportes\" \/>\n<meta property=\"og:description\" content=\"La asociaci\u00f3n de ciudades, pa\u00edses y empresas busca dar cumplimiento al Acuerdo de Par\u00eds de Cambio Clim\u00e1tico al reducir totalmente las emisiones hacia 2050\" \/>\n<meta property=\"og:url\" content=\"https:\/\/centrourbano.com\/revista\/sin-categoria\/impulsan-iniciativa-internacional-contra-el-carbono-en-transportes\/\" \/>\n<meta property=\"og:site_name\" content=\"Centro Urbano\" \/>\n<meta property=\"article:publisher\" content=\"https:\/\/www.facebook.com\/portalcentrourbano\" \/>\n<meta property=\"article:author\" content=\"https:\/\/www.facebook.com\/ernesto.carmona.1460\" \/>\n<meta property=\"article:published_time\" content=\"2018-06-01T19:24:22+00:00\" \/>\n<meta property=\"og:image\" content=\"https:\/\/centrourbano.com\/revista\/wp-content\/uploads\/autobus-lisboa.jpg\" \/>\n\t<meta property=\"og:image:width\" content=\"1000\" \/>\n\t<meta property=\"og:image:height\" content=\"667\" \/>\n\t<meta property=\"og:image:type\" content=\"image\/jpeg\" \/>\n<meta name=\"author\" content=\"Ernesto Gil\" \/>\n<meta name=\"twitter:card\" content=\"summary_large_image\" \/>\n<meta name=\"twitter:creator\" content=\"@https:\/\/twitter.com\/Ernesto_C1996?lang=es\" \/>\n<meta name=\"twitter:site\" content=\"@CentroUrbano\" \/>\n<meta name=\"twitter:label1\" content=\"Escrito por\" \/>\n\t<meta name=\"twitter:data1\" content=\"Ernesto Gil\" \/>\n\t<meta name=\"twitter:label2\" content=\"Tiempo de lectura\" \/>\n\t<meta name=\"twitter:data2\" content=\"2 minutos\" \/>\n<script type=\"application\/ld+json\" class=\"yoast-schema-graph\">{\"@context\":\"https:\\\/\\\/schema.org\",\"@graph\":[{\"@type\":\"Article\",\"@id\":\"https:\\\/\\\/centrourbano.com\\\/revista\\\/sin-categoria\\\/impulsan-iniciativa-internacional-contra-el-carbono-en-transportes\\\/#article\",\"isPartOf\":{\"@id\":\"https:\\\/\\\/centrourbano.com\\\/revista\\\/sin-categoria\\\/impulsan-iniciativa-internacional-contra-el-carbono-en-transportes\\\/\"},\"author\":{\"name\":\"Ernesto Gil\",\"@id\":\"https:\\\/\\\/centrourbano.com\\\/revista\\\/#\\\/schema\\\/person\\\/d86dcb4351b6beb0855e5cb3bfda3a22\"},\"headline\":\"Impulsan iniciativa internacional contra el carbono en transportes\",\"datePublished\":\"2018-06-01T19:24:22+00:00\",\"mainEntityOfPage\":{\"@id\":\"https:\\\/\\\/centrourbano.com\\\/revista\\\/sin-categoria\\\/impulsan-iniciativa-internacional-contra-el-carbono-en-transportes\\\/\"},\"wordCount\":392,\"commentCount\":0,\"publisher\":{\"@id\":\"https:\\\/\\\/centrourbano.com\\\/revista\\\/#organization\"},\"image\":{\"@id\":\"https:\\\/\\\/centrourbano.com\\\/revista\\\/sin-categoria\\\/impulsan-iniciativa-internacional-contra-el-carbono-en-transportes\\\/#primaryimage\"},\"thumbnailUrl\":\"https:\\\/\\\/centrourbano.com\\\/revista\\\/wp-content\\\/uploads\\\/autobus-lisboa.jpg\",\"keywords\":[\"Acuerdo de Par\u00eds\",\"ambiente\",\"Cambio Clim\u00e1tico\",\"emisiones\",\"Lisboa\",\"transporte\",\"Urbanismo\"],\"articleSection\":{\"1\":\"Urbanismo\"},\"inLanguage\":\"es\",\"potentialAction\":[{\"@type\":\"CommentAction\",\"name\":\"Comment\",\"target\":[\"https:\\\/\\\/centrourbano.com\\\/revista\\\/sin-categoria\\\/impulsan-iniciativa-internacional-contra-el-carbono-en-transportes\\\/#respond\"]}]},{\"@type\":\"WebPage\",\"@id\":\"https:\\\/\\\/centrourbano.com\\\/revista\\\/sin-categoria\\\/impulsan-iniciativa-internacional-contra-el-carbono-en-transportes\\\/\",\"url\":\"https:\\\/\\\/centrourbano.com\\\/revista\\\/sin-categoria\\\/impulsan-iniciativa-internacional-contra-el-carbono-en-transportes\\\/\",\"name\":\"Impulsan iniciativa internacional contra el carbono en transportes\",\"isPartOf\":{\"@id\":\"https:\\\/\\\/centrourbano.com\\\/revista\\\/#website\"},\"primaryImageOfPage\":{\"@id\":\"https:\\\/\\\/centrourbano.com\\\/revista\\\/sin-categoria\\\/impulsan-iniciativa-internacional-contra-el-carbono-en-transportes\\\/#primaryimage\"},\"image\":{\"@id\":\"https:\\\/\\\/centrourbano.com\\\/revista\\\/sin-categoria\\\/impulsan-iniciativa-internacional-contra-el-carbono-en-transportes\\\/#primaryimage\"},\"thumbnailUrl\":\"https:\\\/\\\/centrourbano.com\\\/revista\\\/wp-content\\\/uploads\\\/autobus-lisboa.jpg\",\"datePublished\":\"2018-06-01T19:24:22+00:00\",\"description\":\"La asociaci\u00f3n de ciudades, pa\u00edses y empresas busca dar cumplimiento al Acuerdo de Par\u00eds de Cambio Clim\u00e1tico al reducir totalmente las emisiones hacia 2050\",\"breadcrumb\":{\"@id\":\"https:\\\/\\\/centrourbano.com\\\/revista\\\/sin-categoria\\\/impulsan-iniciativa-internacional-contra-el-carbono-en-transportes\\\/#breadcrumb\"},\"inLanguage\":\"es\",\"potentialAction\":[{\"@type\":\"ReadAction\",\"target\":[\"https:\\\/\\\/centrourbano.com\\\/revista\\\/sin-categoria\\\/impulsan-iniciativa-internacional-contra-el-carbono-en-transportes\\\/\"]}]},{\"@type\":\"ImageObject\",\"inLanguage\":\"es\",\"@id\":\"https:\\\/\\\/centrourbano.com\\\/revista\\\/sin-categoria\\\/impulsan-iniciativa-internacional-contra-el-carbono-en-transportes\\\/#primaryimage\",\"url\":\"https:\\\/\\\/centrourbano.com\\\/revista\\\/wp-content\\\/uploads\\\/autobus-lisboa.jpg\",\"contentUrl\":\"https:\\\/\\\/centrourbano.com\\\/revista\\\/wp-content\\\/uploads\\\/autobus-lisboa.jpg\",\"width\":1000,\"height\":667,\"caption\":\"La asociaci\u00f3n de ciudades, pa\u00edses y empresas busca dar cumplimiento al Acuerdo de Par\u00eds de Cambio Clim\u00e1tico al reducir totalmente las emisiones hacia 2050La asociaci\u00f3n de ciudades, pa\u00edses y empresas busca dar cumplimiento al Acuerdo de Par\u00eds de Cambio Clim\u00e1tico al reducir totalmente las emisiones hacia 2050\"},{\"@type\":\"BreadcrumbList\",\"@id\":\"https:\\\/\\\/centrourbano.com\\\/revista\\\/sin-categoria\\\/impulsan-iniciativa-internacional-contra-el-carbono-en-transportes\\\/#breadcrumb\",\"itemListElement\":[{\"@type\":\"ListItem\",\"position\":1,\"name\":\"Portada\",\"item\":\"https:\\\/\\\/centrourbano.com\\\/revista\\\/\"},{\"@type\":\"ListItem\",\"position\":2,\"name\":\"Impulsan iniciativa internacional contra el carbono en transportes\"}]},{\"@type\":\"WebSite\",\"@id\":\"https:\\\/\\\/centrourbano.com\\\/revista\\\/#website\",\"url\":\"https:\\\/\\\/centrourbano.com\\\/revista\\\/\",\"name\":\"Centro Urbano\",\"description\":\"Medio especializado en los sectores vivienda, inmobiliario, construcci\u00f3n, arquitectura y urbanismo.\",\"publisher\":{\"@id\":\"https:\\\/\\\/centrourbano.com\\\/revista\\\/#organization\"},\"potentialAction\":[{\"@type\":\"SearchAction\",\"target\":{\"@type\":\"EntryPoint\",\"urlTemplate\":\"https:\\\/\\\/centrourbano.com\\\/revista\\\/?s={search_term_string}\"},\"query-input\":{\"@type\":\"PropertyValueSpecification\",\"valueRequired\":true,\"valueName\":\"search_term_string\"}}],\"inLanguage\":\"es\"},{\"@type\":\"Organization\",\"@id\":\"https:\\\/\\\/centrourbano.com\\\/revista\\\/#organization\",\"name\":\"Centro Urbano\",\"url\":\"https:\\\/\\\/centrourbano.com\\\/revista\\\/\",\"logo\":{\"@type\":\"ImageObject\",\"inLanguage\":\"es\",\"@id\":\"https:\\\/\\\/centrourbano.com\\\/revista\\\/#\\\/schema\\\/logo\\\/image\\\/\",\"url\":\"https:\\\/\\\/centrourbano.com\\\/revista\\\/wp-content\\\/uploads\\\/web_CU_logo-1.png\",\"contentUrl\":\"https:\\\/\\\/centrourbano.com\\\/revista\\\/wp-content\\\/uploads\\\/web_CU_logo-1.png\",\"width\":350,\"height\":91,\"caption\":\"Centro Urbano\"},\"image\":{\"@id\":\"https:\\\/\\\/centrourbano.com\\\/revista\\\/#\\\/schema\\\/logo\\\/image\\\/\"},\"sameAs\":[\"https:\\\/\\\/www.facebook.com\\\/portalcentrourbano\",\"https:\\\/\\\/x.com\\\/CentroUrbano\",\"https:\\\/\\\/www.instagram.com\\\/centro_urbano\\\/\",\"https:\\\/\\\/www.linkedin.com\\\/company\\\/centro-urbano\\\/\",\"http:\\\/\\\/www.youtube.com\\\/user\\\/portalcentrourbano\"]},{\"@type\":\"Person\",\"@id\":\"https:\\\/\\\/centrourbano.com\\\/revista\\\/#\\\/schema\\\/person\\\/d86dcb4351b6beb0855e5cb3bfda3a22\",\"name\":\"Ernesto Gil\",\"image\":{\"@type\":\"ImageObject\",\"inLanguage\":\"es\",\"@id\":\"https:\\\/\\\/secure.gravatar.com\\\/avatar\\\/8dbbb129f9dd066e97c18685ca45e8cf5113df97f8ca7e2ddab10d28f0127134?s=96&d=mm&r=g\",\"url\":\"https:\\\/\\\/secure.gravatar.com\\\/avatar\\\/8dbbb129f9dd066e97c18685ca45e8cf5113df97f8ca7e2ddab10d28f0127134?s=96&d=mm&r=g\",\"contentUrl\":\"https:\\\/\\\/secure.gravatar.com\\\/avatar\\\/8dbbb129f9dd066e97c18685ca45e8cf5113df97f8ca7e2ddab10d28f0127134?s=96&d=mm&r=g\",\"caption\":\"Ernesto Gil\"},\"description\":\"Ciencias Pol\u00edticas y Administraci\u00f3n P\u00fablica, FCPyS - UNAM. Apasionado por la Historia, la pol\u00edtica, la arquitectura, el urbanismo y la lectura.\",\"sameAs\":[\"https:\\\/\\\/www.facebook.com\\\/ernesto.carmona.1460\",\"https:\\\/\\\/x.com\\\/https:\\\/\\\/twitter.com\\\/Ernesto_C1996?lang=es\"],\"url\":\"https:\\\/\\\/centrourbano.com\\\/revista\\\/author\\\/ernesto-gil\\\/\"}]}<\/script>\n<!-- \/ Yoast SEO plugin. -->","yoast_head_json":{"title":"Impulsan iniciativa internacional contra el carbono en transportes","description":"La asociaci\u00f3n de ciudades, pa\u00edses y empresas busca dar cumplimiento al Acuerdo de Par\u00eds de Cambio Clim\u00e1tico al reducir totalmente las emisiones hacia 2050","robots":{"index":"index","follow":"follow","max-snippet":"max-snippet:-1","max-image-preview":"max-image-preview:large","max-video-preview":"max-video-preview:-1"},"canonical":"https:\/\/centrourbano.com\/revista\/sin-categoria\/impulsan-iniciativa-internacional-contra-el-carbono-en-transportes\/","og_locale":"es_ES","og_type":"article","og_title":"Impulsan iniciativa internacional contra el carbono en transportes","og_description":"La asociaci\u00f3n de ciudades, pa\u00edses y empresas busca dar cumplimiento al Acuerdo de Par\u00eds de Cambio Clim\u00e1tico al reducir totalmente las emisiones hacia 2050","og_url":"https:\/\/centrourbano.com\/revista\/sin-categoria\/impulsan-iniciativa-internacional-contra-el-carbono-en-transportes\/","og_site_name":"Centro Urbano","article_publisher":"https:\/\/www.facebook.com\/portalcentrourbano","article_author":"https:\/\/www.facebook.com\/ernesto.carmona.1460","article_published_time":"2018-06-01T19:24:22+00:00","og_image":[{"width":1000,"height":667,"url":"https:\/\/centrourbano.com\/revista\/wp-content\/uploads\/autobus-lisboa.jpg","type":"image\/jpeg"}],"author":"Ernesto Gil","twitter_card":"summary_large_image","twitter_creator":"@https:\/\/twitter.com\/Ernesto_C1996?lang=es","twitter_site":"@CentroUrbano","twitter_misc":{"Escrito por":"Ernesto Gil","Tiempo de lectura":"2 minutos"},"schema":{"@context":"https:\/\/schema.org","@graph":[{"@type":"Article","@id":"https:\/\/centrourbano.com\/revista\/sin-categoria\/impulsan-iniciativa-internacional-contra-el-carbono-en-transportes\/#article","isPartOf":{"@id":"https:\/\/centrourbano.com\/revista\/sin-categoria\/impulsan-iniciativa-internacional-contra-el-carbono-en-transportes\/"},"author":{"name":"Ernesto Gil","@id":"https:\/\/centrourbano.com\/revista\/#\/schema\/person\/d86dcb4351b6beb0855e5cb3bfda3a22"},"headline":"Impulsan iniciativa internacional contra el carbono en transportes","datePublished":"2018-06-01T19:24:22+00:00","mainEntityOfPage":{"@id":"https:\/\/centrourbano.com\/revista\/sin-categoria\/impulsan-iniciativa-internacional-contra-el-carbono-en-transportes\/"},"wordCount":392,"commentCount":0,"publisher":{"@id":"https:\/\/centrourbano.com\/revista\/#organization"},"image":{"@id":"https:\/\/centrourbano.com\/revista\/sin-categoria\/impulsan-iniciativa-internacional-contra-el-carbono-en-transportes\/#primaryimage"},"thumbnailUrl":"https:\/\/centrourbano.com\/revista\/wp-content\/uploads\/autobus-lisboa.jpg","keywords":["Acuerdo de Par\u00eds","ambiente","Cambio Clim\u00e1tico","emisiones","Lisboa","transporte","Urbanismo"],"articleSection":{"1":"Urbanismo"},"inLanguage":"es","potentialAction":[{"@type":"CommentAction","name":"Comment","target":["https:\/\/centrourbano.com\/revista\/sin-categoria\/impulsan-iniciativa-internacional-contra-el-carbono-en-transportes\/#respond"]}]},{"@type":"WebPage","@id":"https:\/\/centrourbano.com\/revista\/sin-categoria\/impulsan-iniciativa-internacional-contra-el-carbono-en-transportes\/","url":"https:\/\/centrourbano.com\/revista\/sin-categoria\/impulsan-iniciativa-internacional-contra-el-carbono-en-transportes\/","name":"Impulsan iniciativa internacional contra el carbono en transportes","isPartOf":{"@id":"https:\/\/centrourbano.com\/revista\/#website"},"primaryImageOfPage":{"@id":"https:\/\/centrourbano.com\/revista\/sin-categoria\/impulsan-iniciativa-internacional-contra-el-carbono-en-transportes\/#primaryimage"},"image":{"@id":"https:\/\/centrourbano.com\/revista\/sin-categoria\/impulsan-iniciativa-internacional-contra-el-carbono-en-transportes\/#primaryimage"},"thumbnailUrl":"https:\/\/centrourbano.com\/revista\/wp-content\/uploads\/autobus-lisboa.jpg","datePublished":"2018-06-01T19:24:22+00:00","description":"La asociaci\u00f3n de ciudades, pa\u00edses y empresas busca dar cumplimiento al Acuerdo de Par\u00eds de Cambio Clim\u00e1tico al reducir totalmente las emisiones hacia 2050","breadcrumb":{"@id":"https:\/\/centrourbano.com\/revista\/sin-categoria\/impulsan-iniciativa-internacional-contra-el-carbono-en-transportes\/#breadcrumb"},"inLanguage":"es","potentialAction":[{"@type":"ReadAction","target":["https:\/\/centrourbano.com\/revista\/sin-categoria\/impulsan-iniciativa-internacional-contra-el-carbono-en-transportes\/"]}]},{"@type":"ImageObject","inLanguage":"es","@id":"https:\/\/centrourbano.com\/revista\/sin-categoria\/impulsan-iniciativa-internacional-contra-el-carbono-en-transportes\/#primaryimage","url":"https:\/\/centrourbano.com\/revista\/wp-content\/uploads\/autobus-lisboa.jpg","contentUrl":"https:\/\/centrourbano.com\/revista\/wp-content\/uploads\/autobus-lisboa.jpg","width":1000,"height":667,"caption":"La asociaci\u00f3n de ciudades, pa\u00edses y empresas busca dar cumplimiento al Acuerdo de Par\u00eds de Cambio Clim\u00e1tico al reducir totalmente las emisiones hacia 2050La asociaci\u00f3n de ciudades, pa\u00edses y empresas busca dar cumplimiento al Acuerdo de Par\u00eds de Cambio Clim\u00e1tico al reducir totalmente las emisiones hacia 2050"},{"@type":"BreadcrumbList","@id":"https:\/\/centrourbano.com\/revista\/sin-categoria\/impulsan-iniciativa-internacional-contra-el-carbono-en-transportes\/#breadcrumb","itemListElement":[{"@type":"ListItem","position":1,"name":"Portada","item":"https:\/\/centrourbano.com\/revista\/"},{"@type":"ListItem","position":2,"name":"Impulsan iniciativa internacional contra el carbono en transportes"}]},{"@type":"WebSite","@id":"https:\/\/centrourbano.com\/revista\/#website","url":"https:\/\/centrourbano.com\/revista\/","name":"Centro Urbano","description":"Medio especializado en los sectores vivienda, inmobiliario, construcci\u00f3n, arquitectura y urbanismo.","publisher":{"@id":"https:\/\/centrourbano.com\/revista\/#organization"},"potentialAction":[{"@type":"SearchAction","target":{"@type":"EntryPoint","urlTemplate":"https:\/\/centrourbano.com\/revista\/?s={search_term_string}"},"query-input":{"@type":"PropertyValueSpecification","valueRequired":true,"valueName":"search_term_string"}}],"inLanguage":"es"},{"@type":"Organization","@id":"https:\/\/centrourbano.com\/revista\/#organization","name":"Centro Urbano","url":"https:\/\/centrourbano.com\/revista\/","logo":{"@type":"ImageObject","inLanguage":"es","@id":"https:\/\/centrourbano.com\/revista\/#\/schema\/logo\/image\/","url":"https:\/\/centrourbano.com\/revista\/wp-content\/uploads\/web_CU_logo-1.png","contentUrl":"https:\/\/centrourbano.com\/revista\/wp-content\/uploads\/web_CU_logo-1.png","width":350,"height":91,"caption":"Centro Urbano"},"image":{"@id":"https:\/\/centrourbano.com\/revista\/#\/schema\/logo\/image\/"},"sameAs":["https:\/\/www.facebook.com\/portalcentrourbano","https:\/\/x.com\/CentroUrbano","https:\/\/www.instagram.com\/centro_urbano\/","https:\/\/www.linkedin.com\/company\/centro-urbano\/","http:\/\/www.youtube.com\/user\/portalcentrourbano"]},{"@type":"Person","@id":"https:\/\/centrourbano.com\/revista\/#\/schema\/person\/d86dcb4351b6beb0855e5cb3bfda3a22","name":"Ernesto Gil","image":{"@type":"ImageObject","inLanguage":"es","@id":"https:\/\/secure.gravatar.com\/avatar\/8dbbb129f9dd066e97c18685ca45e8cf5113df97f8ca7e2ddab10d28f0127134?s=96&d=mm&r=g","url":"https:\/\/secure.gravatar.com\/avatar\/8dbbb129f9dd066e97c18685ca45e8cf5113df97f8ca7e2ddab10d28f0127134?s=96&d=mm&r=g","contentUrl":"https:\/\/secure.gravatar.com\/avatar\/8dbbb129f9dd066e97c18685ca45e8cf5113df97f8ca7e2ddab10d28f0127134?s=96&d=mm&r=g","caption":"Ernesto Gil"},"description":"Ciencias Pol\u00edticas y Administraci\u00f3n P\u00fablica, FCPyS - UNAM. Apasionado por la Historia, la pol\u00edtica, la arquitectura, el urbanismo y la lectura.","sameAs":["https:\/\/www.facebook.com\/ernesto.carmona.1460","https:\/\/x.com\/https:\/\/twitter.com\/Ernesto_C1996?lang=es"],"url":"https:\/\/centrourbano.com\/revista\/author\/ernesto-gil\/"}]}},"_links":{"self":[{"href":"https:\/\/centrourbano.com\/revista\/wp-json\/wp\/v2\/posts\/72400","targetHints":{"allow":["GET"]}}],"collection":[{"href":"https:\/\/centrourbano.com\/revista\/wp-json\/wp\/v2\/posts"}],"about":[{"href":"https:\/\/centrourbano.com\/revista\/wp-json\/wp\/v2\/types\/post"}],"author":[{"embeddable":true,"href":"https:\/\/centrourbano.com\/revista\/wp-json\/wp\/v2\/users\/65"}],"replies":[{"embeddable":true,"href":"https:\/\/centrourbano.com\/revista\/wp-json\/wp\/v2\/comments?post=72400"}],"version-history":[{"count":1,"href":"https:\/\/centrourbano.com\/revista\/wp-json\/wp\/v2\/posts\/72400\/revisions"}],"predecessor-version":[{"id":72445,"href":"https:\/\/centrourbano.com\/revista\/wp-json\/wp\/v2\/posts\/72400\/revisions\/72445"}],"wp:featuredmedia":[{"embeddable":true,"href":"https:\/\/centrourbano.com\/revista\/wp-json\/wp\/v2\/media\/72444"}],"wp:attachment":[{"href":"https:\/\/centrourbano.com\/revista\/wp-json\/wp\/v2\/media?parent=72400"}],"wp:term":[{"taxonomy":"category","embeddable":true,"href":"https:\/\/centrourbano.com\/revista\/wp-json\/wp\/v2\/categories?post=72400"},{"taxonomy":"post_tag","embeddable":true,"href":"https:\/\/centrourbano.com\/revista\/wp-json\/wp\/v2\/tags?post=72400"}],"curies":[{"name":"wp","href":"https:\/\/api.w.org\/{rel}","templated":true}]}}