{"id":72283,"date":"2018-05-30T15:57:16","date_gmt":"2018-05-30T20:57:16","guid":{"rendered":"https:\/\/centrourbano.com\/?p=72283"},"modified":"2018-05-30T15:57:16","modified_gmt":"2018-05-30T20:57:16","slug":"expone-unam-tendencias-arquitectura-bibliotecas","status":"publish","type":"post","link":"https:\/\/centrourbano.com\/revista\/arquitectura-2\/expone-unam-tendencias-arquitectura-bibliotecas\/","title":{"rendered":"Expone UNAM tendencias de la arquitectura de bibliotecas"},"content":{"rendered":"<p><em>Universidades de M\u00e9xico, Am\u00e9rica, Europa, Ocean\u00eda y Asia son mostradas como ejemplo de innovaci\u00f3n y adaptaci\u00f3n a necesidades actuales<\/em><!--more--><\/p>\n<p>En el marco de las actividades del Primer Coloquio Internacional sobre Arquitectura y Ambientes de Bibliotecas, la <a href=\"http:\/\/fa.unam.mx\/\" target=\"_blank\" rel=\"noopener noreferrer\"><strong>Facultad de Arquitectura<\/strong><\/a> de la <a href=\"https:\/\/www.unam.mx\/\" target=\"_blank\" rel=\"noopener noreferrer\"><strong>Universidad Nacional Aut\u00f3noma de M\u00e9xico (UNAM)<\/strong><\/a> exhibe la colecci\u00f3n fotogr\u00e1fica \u2018Bibliotecas Universitarias en el siglo XXI\u2019. La muestra presenta cerca de 50 propuestas arquitect\u00f3nicas de M\u00e9xico, Am\u00e9rica, Europa, Asia y Ocean\u00eda.<\/p>\n<p>La galer\u00eda Jos\u00e9 Luis Benlliure de dicha Facultad es sede de esta exposici\u00f3n, producto de la colaboraci\u00f3n entre la UNAM, la <a href=\"http:\/\/www.uady.mx\/\" target=\"_blank\" rel=\"noopener noreferrer\"><strong>Universidad Aut\u00f3noma de Yucat\u00e1n (UAY)<\/strong><\/a>, la embajada de los Estados Unidos, <a href=\"https:\/\/www.colmex.mx\/\" target=\"_blank\" rel=\"noopener noreferrer\"><strong>El Colegio de M\u00e9xico<\/strong><\/a>, el <a href=\"http:\/\/www.conpab.org.mx\/\" target=\"_blank\" rel=\"noopener noreferrer\"><strong>Consejo Nacional para Asuntos Bibliotecarios de Instituciones de Educaci\u00f3n Superior (Conpab-IES)<\/strong><\/a> y la <a href=\"http:\/\/universidadeslectoras.org\/\" target=\"_blank\" rel=\"noopener noreferrer\"><strong>Red Internacional de Universidades Lectoras (RIUL)<\/strong><\/a>.<\/p>\n<p>El objetivo de la muestra es llevar al p\u00fablico los avances de las bibliotecas de importantes universidades en materia arquitect\u00f3nica. \u201cSon espacios medi\u00e1ticos de investigaci\u00f3n, preservaci\u00f3n y transmisi\u00f3n de conocimiento; si bien conservan la esencia de la biblioteca en su origen, evolucionaron seg\u00fan su contexto geogr\u00e1fico y su relaci\u00f3n con los p\u00fablicos que atiende\u00bb, afirman los organizadores.<\/p>\n<p>Representan a la arquitectura mexicana las Bibliotecas Centrales de la UNAM, la Universidad Aut\u00f3noma del Estado de Morelos (UAEM) y la Benem\u00e9rita Universidad Aut\u00f3noma de Puebla (BUAP), el edificio B-Human de la UAEM, el Edificio T de la Universidad Popular Aut\u00f3noma del Estado de Puebla (UPAEP) y la que pertenece al ITESM Campus Monterrey.<\/p>\n<p>Entre los pa\u00edses con presencia en la exhibici\u00f3n se encuentran Estados Unidos, Brasil, Per\u00fa, Argentina, Alemania, Croacia, Escocia, China, Nueva Zelanda y Jap\u00f3n. Instituciones como Yale, Universidad de Sao Paulo, Universidad T\u00e9cnica de Delft, Universidad Libre de Berl\u00edn, Universidad de Essex, el Instituto de Bellas Artes de Sichuan y la Universidad Myongji muestran sus respectivos edificios como ejemplos de la adaptaci\u00f3n a las necesidades actuales y de generaci\u00f3n de espacios de ense\u00f1anza-aprendizaje que propician la investigaci\u00f3n y la lectura.<\/p>\n","protected":false},"excerpt":{"rendered":"<p>Universidades de M\u00e9xico, Am\u00e9rica, Europa, Ocean\u00eda y Asia son mostradas como ejemplo de innovaci\u00f3n y adaptaci\u00f3n a necesidades actuales<\/p>\n","protected":false},"author":65,"featured_media":72285,"comment_status":"open","ping_status":"closed","sticky":false,"template":"","format":"standard","meta":{"om_disable_all_campaigns":false,"inline_featured_image":false,"_monsterinsights_skip_tracking":false,"_monsterinsights_sitenote_active":false,"_monsterinsights_sitenote_note":"","_monsterinsights_sitenote_category":0,"footnotes":""},"categories":[81],"tags":[20,10928,244,13549],"class_list":["post-72283","post","type-post","status-publish","format-standard","has-post-thumbnail","hentry","category-arquitectura-2","tag-arquitectura","tag-bibliotecas","tag-unam","tag-universidades"],"yoast_head":"<!-- This site is optimized with the Yoast SEO plugin v27.4 - https:\/\/yoast.com\/product\/yoast-seo-wordpress\/ -->\n<title>Expone UNAM tendencias de la arquitectura de bibliotecas<\/title>\n<meta name=\"description\" content=\"Universidades de M\u00e9xico, Am\u00e9rica, Europa, Ocean\u00eda y Asia son mostradas como ejemplo de innovaci\u00f3n y adaptaci\u00f3n a necesidades actuales\" \/>\n<meta name=\"robots\" content=\"index, follow, max-snippet:-1, max-image-preview:large, max-video-preview:-1\" \/>\n<link rel=\"canonical\" href=\"https:\/\/centrourbano.com\/revista\/arquitectura-2\/expone-unam-tendencias-arquitectura-bibliotecas\/\" \/>\n<meta property=\"og:locale\" content=\"es_ES\" \/>\n<meta property=\"og:type\" content=\"article\" \/>\n<meta property=\"og:title\" content=\"Expone UNAM tendencias de la arquitectura de bibliotecas\" \/>\n<meta property=\"og:description\" content=\"Universidades de M\u00e9xico, Am\u00e9rica, Europa, Ocean\u00eda y Asia son mostradas como ejemplo de innovaci\u00f3n y adaptaci\u00f3n a necesidades actuales\" \/>\n<meta property=\"og:url\" content=\"https:\/\/centrourbano.com\/revista\/arquitectura-2\/expone-unam-tendencias-arquitectura-bibliotecas\/\" \/>\n<meta property=\"og:site_name\" content=\"Centro Urbano\" \/>\n<meta property=\"article:publisher\" content=\"https:\/\/www.facebook.com\/portalcentrourbano\" \/>\n<meta property=\"article:author\" content=\"https:\/\/www.facebook.com\/ernesto.carmona.1460\" \/>\n<meta property=\"article:published_time\" content=\"2018-05-30T20:57:16+00:00\" \/>\n<meta property=\"og:image\" content=\"https:\/\/centrourbano.com\/revista\/wp-content\/uploads\/mex_06-00.jpg\" \/>\n\t<meta property=\"og:image:width\" content=\"1200\" \/>\n\t<meta property=\"og:image:height\" content=\"1200\" \/>\n\t<meta property=\"og:image:type\" content=\"image\/jpeg\" \/>\n<meta name=\"author\" content=\"Ernesto Gil\" \/>\n<meta name=\"twitter:card\" content=\"summary_large_image\" \/>\n<meta name=\"twitter:creator\" content=\"@https:\/\/twitter.com\/Ernesto_C1996?lang=es\" \/>\n<meta name=\"twitter:site\" content=\"@CentroUrbano\" \/>\n<meta name=\"twitter:label1\" content=\"Escrito por\" \/>\n\t<meta name=\"twitter:data1\" content=\"Ernesto Gil\" \/>\n\t<meta name=\"twitter:label2\" content=\"Tiempo de lectura\" \/>\n\t<meta name=\"twitter:data2\" content=\"2 minutos\" \/>\n<script type=\"application\/ld+json\" class=\"yoast-schema-graph\">{\"@context\":\"https:\\\/\\\/schema.org\",\"@graph\":[{\"@type\":\"Article\",\"@id\":\"https:\\\/\\\/centrourbano.com\\\/revista\\\/arquitectura-2\\\/expone-unam-tendencias-arquitectura-bibliotecas\\\/#article\",\"isPartOf\":{\"@id\":\"https:\\\/\\\/centrourbano.com\\\/revista\\\/arquitectura-2\\\/expone-unam-tendencias-arquitectura-bibliotecas\\\/\"},\"author\":{\"name\":\"Ernesto Gil\",\"@id\":\"https:\\\/\\\/centrourbano.com\\\/revista\\\/#\\\/schema\\\/person\\\/d86dcb4351b6beb0855e5cb3bfda3a22\"},\"headline\":\"Expone UNAM tendencias de la arquitectura de bibliotecas\",\"datePublished\":\"2018-05-30T20:57:16+00:00\",\"mainEntityOfPage\":{\"@id\":\"https:\\\/\\\/centrourbano.com\\\/revista\\\/arquitectura-2\\\/expone-unam-tendencias-arquitectura-bibliotecas\\\/\"},\"wordCount\":368,\"commentCount\":0,\"publisher\":{\"@id\":\"https:\\\/\\\/centrourbano.com\\\/revista\\\/#organization\"},\"image\":{\"@id\":\"https:\\\/\\\/centrourbano.com\\\/revista\\\/arquitectura-2\\\/expone-unam-tendencias-arquitectura-bibliotecas\\\/#primaryimage\"},\"thumbnailUrl\":\"https:\\\/\\\/centrourbano.com\\\/revista\\\/wp-content\\\/uploads\\\/mex_06-00.jpg\",\"keywords\":[\"arquitectura\",\"Bibliotecas\",\"UNAM\",\"Universidades\"],\"articleSection\":[\"Arquitectura\"],\"inLanguage\":\"es\",\"potentialAction\":[{\"@type\":\"CommentAction\",\"name\":\"Comment\",\"target\":[\"https:\\\/\\\/centrourbano.com\\\/revista\\\/arquitectura-2\\\/expone-unam-tendencias-arquitectura-bibliotecas\\\/#respond\"]}]},{\"@type\":\"WebPage\",\"@id\":\"https:\\\/\\\/centrourbano.com\\\/revista\\\/arquitectura-2\\\/expone-unam-tendencias-arquitectura-bibliotecas\\\/\",\"url\":\"https:\\\/\\\/centrourbano.com\\\/revista\\\/arquitectura-2\\\/expone-unam-tendencias-arquitectura-bibliotecas\\\/\",\"name\":\"Expone UNAM tendencias de la arquitectura de bibliotecas\",\"isPartOf\":{\"@id\":\"https:\\\/\\\/centrourbano.com\\\/revista\\\/#website\"},\"primaryImageOfPage\":{\"@id\":\"https:\\\/\\\/centrourbano.com\\\/revista\\\/arquitectura-2\\\/expone-unam-tendencias-arquitectura-bibliotecas\\\/#primaryimage\"},\"image\":{\"@id\":\"https:\\\/\\\/centrourbano.com\\\/revista\\\/arquitectura-2\\\/expone-unam-tendencias-arquitectura-bibliotecas\\\/#primaryimage\"},\"thumbnailUrl\":\"https:\\\/\\\/centrourbano.com\\\/revista\\\/wp-content\\\/uploads\\\/mex_06-00.jpg\",\"datePublished\":\"2018-05-30T20:57:16+00:00\",\"description\":\"Universidades de M\u00e9xico, Am\u00e9rica, Europa, Ocean\u00eda y Asia son mostradas como ejemplo de innovaci\u00f3n y adaptaci\u00f3n a necesidades actuales\",\"breadcrumb\":{\"@id\":\"https:\\\/\\\/centrourbano.com\\\/revista\\\/arquitectura-2\\\/expone-unam-tendencias-arquitectura-bibliotecas\\\/#breadcrumb\"},\"inLanguage\":\"es\",\"potentialAction\":[{\"@type\":\"ReadAction\",\"target\":[\"https:\\\/\\\/centrourbano.com\\\/revista\\\/arquitectura-2\\\/expone-unam-tendencias-arquitectura-bibliotecas\\\/\"]}]},{\"@type\":\"ImageObject\",\"inLanguage\":\"es\",\"@id\":\"https:\\\/\\\/centrourbano.com\\\/revista\\\/arquitectura-2\\\/expone-unam-tendencias-arquitectura-bibliotecas\\\/#primaryimage\",\"url\":\"https:\\\/\\\/centrourbano.com\\\/revista\\\/wp-content\\\/uploads\\\/mex_06-00.jpg\",\"contentUrl\":\"https:\\\/\\\/centrourbano.com\\\/revista\\\/wp-content\\\/uploads\\\/mex_06-00.jpg\",\"width\":1200,\"height\":1200,\"caption\":\"Universidades de M\u00e9xico, Am\u00e9rica, Europa, Ocean\u00eda y Asia son mostradas como ejemplo de innovaci\u00f3n y adaptaci\u00f3n a necesidades actuales\"},{\"@type\":\"BreadcrumbList\",\"@id\":\"https:\\\/\\\/centrourbano.com\\\/revista\\\/arquitectura-2\\\/expone-unam-tendencias-arquitectura-bibliotecas\\\/#breadcrumb\",\"itemListElement\":[{\"@type\":\"ListItem\",\"position\":1,\"name\":\"Portada\",\"item\":\"https:\\\/\\\/centrourbano.com\\\/revista\\\/\"},{\"@type\":\"ListItem\",\"position\":2,\"name\":\"Expone UNAM tendencias de la arquitectura de bibliotecas\"}]},{\"@type\":\"WebSite\",\"@id\":\"https:\\\/\\\/centrourbano.com\\\/revista\\\/#website\",\"url\":\"https:\\\/\\\/centrourbano.com\\\/revista\\\/\",\"name\":\"Centro Urbano\",\"description\":\"Medio especializado en los sectores vivienda, inmobiliario, construcci\u00f3n, arquitectura y urbanismo.\",\"publisher\":{\"@id\":\"https:\\\/\\\/centrourbano.com\\\/revista\\\/#organization\"},\"potentialAction\":[{\"@type\":\"SearchAction\",\"target\":{\"@type\":\"EntryPoint\",\"urlTemplate\":\"https:\\\/\\\/centrourbano.com\\\/revista\\\/?s={search_term_string}\"},\"query-input\":{\"@type\":\"PropertyValueSpecification\",\"valueRequired\":true,\"valueName\":\"search_term_string\"}}],\"inLanguage\":\"es\"},{\"@type\":\"Organization\",\"@id\":\"https:\\\/\\\/centrourbano.com\\\/revista\\\/#organization\",\"name\":\"Centro Urbano\",\"url\":\"https:\\\/\\\/centrourbano.com\\\/revista\\\/\",\"logo\":{\"@type\":\"ImageObject\",\"inLanguage\":\"es\",\"@id\":\"https:\\\/\\\/centrourbano.com\\\/revista\\\/#\\\/schema\\\/logo\\\/image\\\/\",\"url\":\"https:\\\/\\\/centrourbano.com\\\/revista\\\/wp-content\\\/uploads\\\/web_CU_logo-1.png\",\"contentUrl\":\"https:\\\/\\\/centrourbano.com\\\/revista\\\/wp-content\\\/uploads\\\/web_CU_logo-1.png\",\"width\":350,\"height\":91,\"caption\":\"Centro Urbano\"},\"image\":{\"@id\":\"https:\\\/\\\/centrourbano.com\\\/revista\\\/#\\\/schema\\\/logo\\\/image\\\/\"},\"sameAs\":[\"https:\\\/\\\/www.facebook.com\\\/portalcentrourbano\",\"https:\\\/\\\/x.com\\\/CentroUrbano\",\"https:\\\/\\\/www.instagram.com\\\/centro_urbano\\\/\",\"https:\\\/\\\/www.linkedin.com\\\/company\\\/centro-urbano\\\/\",\"http:\\\/\\\/www.youtube.com\\\/user\\\/portalcentrourbano\"]},{\"@type\":\"Person\",\"@id\":\"https:\\\/\\\/centrourbano.com\\\/revista\\\/#\\\/schema\\\/person\\\/d86dcb4351b6beb0855e5cb3bfda3a22\",\"name\":\"Ernesto Gil\",\"image\":{\"@type\":\"ImageObject\",\"inLanguage\":\"es\",\"@id\":\"https:\\\/\\\/secure.gravatar.com\\\/avatar\\\/8dbbb129f9dd066e97c18685ca45e8cf5113df97f8ca7e2ddab10d28f0127134?s=96&d=mm&r=g\",\"url\":\"https:\\\/\\\/secure.gravatar.com\\\/avatar\\\/8dbbb129f9dd066e97c18685ca45e8cf5113df97f8ca7e2ddab10d28f0127134?s=96&d=mm&r=g\",\"contentUrl\":\"https:\\\/\\\/secure.gravatar.com\\\/avatar\\\/8dbbb129f9dd066e97c18685ca45e8cf5113df97f8ca7e2ddab10d28f0127134?s=96&d=mm&r=g\",\"caption\":\"Ernesto Gil\"},\"description\":\"Ciencias Pol\u00edticas y Administraci\u00f3n P\u00fablica, FCPyS - UNAM. Apasionado por la Historia, la pol\u00edtica, la arquitectura, el urbanismo y la lectura.\",\"sameAs\":[\"https:\\\/\\\/www.facebook.com\\\/ernesto.carmona.1460\",\"https:\\\/\\\/x.com\\\/https:\\\/\\\/twitter.com\\\/Ernesto_C1996?lang=es\"],\"url\":\"https:\\\/\\\/centrourbano.com\\\/revista\\\/author\\\/ernesto-gil\\\/\"}]}<\/script>\n<!-- \/ Yoast SEO plugin. -->","yoast_head_json":{"title":"Expone UNAM tendencias de la arquitectura de bibliotecas","description":"Universidades de M\u00e9xico, Am\u00e9rica, Europa, Ocean\u00eda y Asia son mostradas como ejemplo de innovaci\u00f3n y adaptaci\u00f3n a necesidades actuales","robots":{"index":"index","follow":"follow","max-snippet":"max-snippet:-1","max-image-preview":"max-image-preview:large","max-video-preview":"max-video-preview:-1"},"canonical":"https:\/\/centrourbano.com\/revista\/arquitectura-2\/expone-unam-tendencias-arquitectura-bibliotecas\/","og_locale":"es_ES","og_type":"article","og_title":"Expone UNAM tendencias de la arquitectura de bibliotecas","og_description":"Universidades de M\u00e9xico, Am\u00e9rica, Europa, Ocean\u00eda y Asia son mostradas como ejemplo de innovaci\u00f3n y adaptaci\u00f3n a necesidades actuales","og_url":"https:\/\/centrourbano.com\/revista\/arquitectura-2\/expone-unam-tendencias-arquitectura-bibliotecas\/","og_site_name":"Centro Urbano","article_publisher":"https:\/\/www.facebook.com\/portalcentrourbano","article_author":"https:\/\/www.facebook.com\/ernesto.carmona.1460","article_published_time":"2018-05-30T20:57:16+00:00","og_image":[{"width":1200,"height":1200,"url":"https:\/\/centrourbano.com\/revista\/wp-content\/uploads\/mex_06-00.jpg","type":"image\/jpeg"}],"author":"Ernesto Gil","twitter_card":"summary_large_image","twitter_creator":"@https:\/\/twitter.com\/Ernesto_C1996?lang=es","twitter_site":"@CentroUrbano","twitter_misc":{"Escrito por":"Ernesto Gil","Tiempo de lectura":"2 minutos"},"schema":{"@context":"https:\/\/schema.org","@graph":[{"@type":"Article","@id":"https:\/\/centrourbano.com\/revista\/arquitectura-2\/expone-unam-tendencias-arquitectura-bibliotecas\/#article","isPartOf":{"@id":"https:\/\/centrourbano.com\/revista\/arquitectura-2\/expone-unam-tendencias-arquitectura-bibliotecas\/"},"author":{"name":"Ernesto Gil","@id":"https:\/\/centrourbano.com\/revista\/#\/schema\/person\/d86dcb4351b6beb0855e5cb3bfda3a22"},"headline":"Expone UNAM tendencias de la arquitectura de bibliotecas","datePublished":"2018-05-30T20:57:16+00:00","mainEntityOfPage":{"@id":"https:\/\/centrourbano.com\/revista\/arquitectura-2\/expone-unam-tendencias-arquitectura-bibliotecas\/"},"wordCount":368,"commentCount":0,"publisher":{"@id":"https:\/\/centrourbano.com\/revista\/#organization"},"image":{"@id":"https:\/\/centrourbano.com\/revista\/arquitectura-2\/expone-unam-tendencias-arquitectura-bibliotecas\/#primaryimage"},"thumbnailUrl":"https:\/\/centrourbano.com\/revista\/wp-content\/uploads\/mex_06-00.jpg","keywords":["arquitectura","Bibliotecas","UNAM","Universidades"],"articleSection":["Arquitectura"],"inLanguage":"es","potentialAction":[{"@type":"CommentAction","name":"Comment","target":["https:\/\/centrourbano.com\/revista\/arquitectura-2\/expone-unam-tendencias-arquitectura-bibliotecas\/#respond"]}]},{"@type":"WebPage","@id":"https:\/\/centrourbano.com\/revista\/arquitectura-2\/expone-unam-tendencias-arquitectura-bibliotecas\/","url":"https:\/\/centrourbano.com\/revista\/arquitectura-2\/expone-unam-tendencias-arquitectura-bibliotecas\/","name":"Expone UNAM tendencias de la arquitectura de bibliotecas","isPartOf":{"@id":"https:\/\/centrourbano.com\/revista\/#website"},"primaryImageOfPage":{"@id":"https:\/\/centrourbano.com\/revista\/arquitectura-2\/expone-unam-tendencias-arquitectura-bibliotecas\/#primaryimage"},"image":{"@id":"https:\/\/centrourbano.com\/revista\/arquitectura-2\/expone-unam-tendencias-arquitectura-bibliotecas\/#primaryimage"},"thumbnailUrl":"https:\/\/centrourbano.com\/revista\/wp-content\/uploads\/mex_06-00.jpg","datePublished":"2018-05-30T20:57:16+00:00","description":"Universidades de M\u00e9xico, Am\u00e9rica, Europa, Ocean\u00eda y Asia son mostradas como ejemplo de innovaci\u00f3n y adaptaci\u00f3n a necesidades actuales","breadcrumb":{"@id":"https:\/\/centrourbano.com\/revista\/arquitectura-2\/expone-unam-tendencias-arquitectura-bibliotecas\/#breadcrumb"},"inLanguage":"es","potentialAction":[{"@type":"ReadAction","target":["https:\/\/centrourbano.com\/revista\/arquitectura-2\/expone-unam-tendencias-arquitectura-bibliotecas\/"]}]},{"@type":"ImageObject","inLanguage":"es","@id":"https:\/\/centrourbano.com\/revista\/arquitectura-2\/expone-unam-tendencias-arquitectura-bibliotecas\/#primaryimage","url":"https:\/\/centrourbano.com\/revista\/wp-content\/uploads\/mex_06-00.jpg","contentUrl":"https:\/\/centrourbano.com\/revista\/wp-content\/uploads\/mex_06-00.jpg","width":1200,"height":1200,"caption":"Universidades de M\u00e9xico, Am\u00e9rica, Europa, Ocean\u00eda y Asia son mostradas como ejemplo de innovaci\u00f3n y adaptaci\u00f3n a necesidades actuales"},{"@type":"BreadcrumbList","@id":"https:\/\/centrourbano.com\/revista\/arquitectura-2\/expone-unam-tendencias-arquitectura-bibliotecas\/#breadcrumb","itemListElement":[{"@type":"ListItem","position":1,"name":"Portada","item":"https:\/\/centrourbano.com\/revista\/"},{"@type":"ListItem","position":2,"name":"Expone UNAM tendencias de la arquitectura de bibliotecas"}]},{"@type":"WebSite","@id":"https:\/\/centrourbano.com\/revista\/#website","url":"https:\/\/centrourbano.com\/revista\/","name":"Centro Urbano","description":"Medio especializado en los sectores vivienda, inmobiliario, construcci\u00f3n, arquitectura y urbanismo.","publisher":{"@id":"https:\/\/centrourbano.com\/revista\/#organization"},"potentialAction":[{"@type":"SearchAction","target":{"@type":"EntryPoint","urlTemplate":"https:\/\/centrourbano.com\/revista\/?s={search_term_string}"},"query-input":{"@type":"PropertyValueSpecification","valueRequired":true,"valueName":"search_term_string"}}],"inLanguage":"es"},{"@type":"Organization","@id":"https:\/\/centrourbano.com\/revista\/#organization","name":"Centro Urbano","url":"https:\/\/centrourbano.com\/revista\/","logo":{"@type":"ImageObject","inLanguage":"es","@id":"https:\/\/centrourbano.com\/revista\/#\/schema\/logo\/image\/","url":"https:\/\/centrourbano.com\/revista\/wp-content\/uploads\/web_CU_logo-1.png","contentUrl":"https:\/\/centrourbano.com\/revista\/wp-content\/uploads\/web_CU_logo-1.png","width":350,"height":91,"caption":"Centro Urbano"},"image":{"@id":"https:\/\/centrourbano.com\/revista\/#\/schema\/logo\/image\/"},"sameAs":["https:\/\/www.facebook.com\/portalcentrourbano","https:\/\/x.com\/CentroUrbano","https:\/\/www.instagram.com\/centro_urbano\/","https:\/\/www.linkedin.com\/company\/centro-urbano\/","http:\/\/www.youtube.com\/user\/portalcentrourbano"]},{"@type":"Person","@id":"https:\/\/centrourbano.com\/revista\/#\/schema\/person\/d86dcb4351b6beb0855e5cb3bfda3a22","name":"Ernesto Gil","image":{"@type":"ImageObject","inLanguage":"es","@id":"https:\/\/secure.gravatar.com\/avatar\/8dbbb129f9dd066e97c18685ca45e8cf5113df97f8ca7e2ddab10d28f0127134?s=96&d=mm&r=g","url":"https:\/\/secure.gravatar.com\/avatar\/8dbbb129f9dd066e97c18685ca45e8cf5113df97f8ca7e2ddab10d28f0127134?s=96&d=mm&r=g","contentUrl":"https:\/\/secure.gravatar.com\/avatar\/8dbbb129f9dd066e97c18685ca45e8cf5113df97f8ca7e2ddab10d28f0127134?s=96&d=mm&r=g","caption":"Ernesto Gil"},"description":"Ciencias Pol\u00edticas y Administraci\u00f3n P\u00fablica, FCPyS - UNAM. Apasionado por la Historia, la pol\u00edtica, la arquitectura, el urbanismo y la lectura.","sameAs":["https:\/\/www.facebook.com\/ernesto.carmona.1460","https:\/\/x.com\/https:\/\/twitter.com\/Ernesto_C1996?lang=es"],"url":"https:\/\/centrourbano.com\/revista\/author\/ernesto-gil\/"}]}},"_links":{"self":[{"href":"https:\/\/centrourbano.com\/revista\/wp-json\/wp\/v2\/posts\/72283","targetHints":{"allow":["GET"]}}],"collection":[{"href":"https:\/\/centrourbano.com\/revista\/wp-json\/wp\/v2\/posts"}],"about":[{"href":"https:\/\/centrourbano.com\/revista\/wp-json\/wp\/v2\/types\/post"}],"author":[{"embeddable":true,"href":"https:\/\/centrourbano.com\/revista\/wp-json\/wp\/v2\/users\/65"}],"replies":[{"embeddable":true,"href":"https:\/\/centrourbano.com\/revista\/wp-json\/wp\/v2\/comments?post=72283"}],"version-history":[{"count":1,"href":"https:\/\/centrourbano.com\/revista\/wp-json\/wp\/v2\/posts\/72283\/revisions"}],"predecessor-version":[{"id":72289,"href":"https:\/\/centrourbano.com\/revista\/wp-json\/wp\/v2\/posts\/72283\/revisions\/72289"}],"wp:featuredmedia":[{"embeddable":true,"href":"https:\/\/centrourbano.com\/revista\/wp-json\/wp\/v2\/media\/72285"}],"wp:attachment":[{"href":"https:\/\/centrourbano.com\/revista\/wp-json\/wp\/v2\/media?parent=72283"}],"wp:term":[{"taxonomy":"category","embeddable":true,"href":"https:\/\/centrourbano.com\/revista\/wp-json\/wp\/v2\/categories?post=72283"},{"taxonomy":"post_tag","embeddable":true,"href":"https:\/\/centrourbano.com\/revista\/wp-json\/wp\/v2\/tags?post=72283"}],"curies":[{"name":"wp","href":"https:\/\/api.w.org\/{rel}","templated":true}]}}