{"id":72273,"date":"2018-05-30T14:29:13","date_gmt":"2018-05-30T19:29:13","guid":{"rendered":"https:\/\/centrourbano.com\/?p=72273"},"modified":"2018-05-30T14:30:39","modified_gmt":"2018-05-30T19:30:39","slug":"2018-sera-competitivo-mercado-inmobiliario-lamudi","status":"publish","type":"post","link":"https:\/\/centrourbano.com\/revista\/inmobiliario\/2018-sera-competitivo-mercado-inmobiliario-lamudi\/","title":{"rendered":"2018 ser\u00e1 competitivo para el mercado inmobiliario: Lamudi"},"content":{"rendered":"<p><em>Incremento en tasas de inter\u00e9s y bajos ingresos de muchas familias podr\u00edan desacelerar inversiones<\/em><br \/>\n<!--more--><\/p>\n<p>El portal inmobiliario <a href=\"https:\/\/www.lamudi.com.mx\/\" rel=\"noopener\" target=\"_blank\">Lamudi<\/a> present\u00f3 su Informe Anual del Mercado Inmobiliario, en donde se aborda el panorama macroecon\u00f3mico y crediticio, se analizan el sector por regiones, la demanda de inmuebles, tendencias de construcci\u00f3n inmobiliaria, precios del mercado y opiniones de l\u00edderes del sector. <\/p>\n<p>Jaume Molet P\u00e9rez, director general para Lamudi M\u00e9xico, explic\u00f3 que por cuarto a\u00f1o se presenta este documento, en donde se presentan las acciones que se llevaron a cabo para el sector el a\u00f1o pasado y una proyecci\u00f3n, que refleja que 2018 se encamina como un a\u00f1o competitivo para cada una de las partes que lo integran. <\/p>\n<p>\u201cEs un a\u00f1o de cambios y con ello es de primordial fijar las bases para comenzar a construir un M\u00e9xico con veh\u00edculos m\u00e1s asequibles para adquirir una propiedad, que se consolide el subsector residencial para satisfacer las necesidades de la creciente demanda. Un aspecto que ha cobrado relevancia tras los sismos del a\u00f1o pasado, es el regular los desarrollos para que todos cuenten con los certificados de obra correspondientes y se apeguen a los est\u00e1ndares y normas\u201d.<\/p>\n<p>Detall\u00f3 que en la Ciudad de M\u00e9xico, Nuevo Le\u00f3n y el Estado de M\u00e9xico tuvieron el precio promedio m\u00e1s elevado en el rubro de casa en venta, con precios de entre seis y ocho millones de pesos; en contraste, Tamaulipas, Hidalgo y Tlaxcala tuvieron los valores m\u00e1s accesibles, con precios de entre 1.3 y 1.6 millones de pesos.<\/p>\n<p>En tanto que la cantidad en la que se vende un departamento empata en los dos primeros lugares con el de casas en venta: Ciudad de M\u00e9xico con m\u00e1s de 6,570,000 y Nuevo Le\u00f3n en m\u00e1s de 6,032,000; al quedar en tercer sitio Quintana Roo que capitaliza un precio promedio de 6,000,000. Tlaxcala registr\u00f3 precios de 757,000 pesos y Aguascalientes en 843,000 por lo que son los estados m\u00e1s baratos en promedio para este tipo de propiedad.<\/p>\n<p>A la renta, la capital del pa\u00eds, el Estado de M\u00e9xico y Nuevo Le\u00f3n fueron las entidades federativas con el precio promedio m\u00e1s elevado por una casa, al igual que por el alquiler de un departamento. Los m\u00e1s bajos por la renta de casas variaron entre Hidalgo, Tlaxcala y Colima, mientras que los dos primeros se le suman a Durango como las demarcaciones con los precios promedio m\u00e1s accesibles al momento de rentar un departamento.  <\/p>\n<p>\u201cEn cuanto al patr\u00f3n de comportamiento, en el norte y Baj\u00edo hay mucha tendencia a desarrollo industrial, son zonas donde este desarrollo es muy potente debido a la cercan\u00eda con Estados Unidos para dar soluciones a las necesidades productivas, esto tambi\u00e9n impulsa el desarrollo de vivienda necesario para quienes trabajan en esos centros productivos\u201d. <\/p>\n<p>En el caso del occidente, centro y oriente del pa\u00eds se da mayor impulso a la verticalidad, aunque por diferentes motivos, en el caso de Morelos, Estado de M\u00e9xico y la Ciudad de M\u00e9xico es para maximizar y utilizar mejor los espacios. <\/p>\n<p>Mientras que en oriente y occidente hay desarrollo a otro nivel vertical, pero motivados por la necesidad de minimizar el impacto en el entorno, sobre todo en las zonas costeras, por lo que utilizan medias alturas para concentrar a la gente y minimizar el impacto ambiental. <\/p>\n<p>\u201cEn el sur vemos un desarrollo inmobiliario basado en el turismo internacional, esta regi\u00f3n que destaca por su belleza natural en playas ha llevado a un desarrollo inmobiliario centrado por muchos inmuebles enfocados en los turistas extranjeros\u201d. <\/p>\n<p>Finalmente, Jaume Molet previ\u00f3 que en los \u00faltimos meses de este a\u00f1o e inicios de 2019, habr\u00e1 una estabilizaci\u00f3n en materia crediticia, \u201cpero tienen que mejorar las condiciones para todos los mexicanos, pues las tasas de inter\u00e9s aumentaron al igual que la inflaci\u00f3n, sumado a esto, el ingreso de los mexicanos no ha mejorado; acciones que no incentivan la inversi\u00f3n inmobiliaria\u201d. <\/p>\n","protected":false},"excerpt":{"rendered":"<p>Incremento en tasas de inter\u00e9s y bajos ingresos de muchas familias podr\u00edan desacelerar inversiones<\/p>\n","protected":false},"author":37,"featured_media":72277,"comment_status":"open","ping_status":"closed","sticky":false,"template":"","format":"standard","meta":{"om_disable_all_campaigns":false,"inline_featured_image":false,"_monsterinsights_skip_tracking":false,"_monsterinsights_sitenote_active":false,"_monsterinsights_sitenote_note":"","_monsterinsights_sitenote_category":0,"footnotes":""},"categories":[15],"tags":[2097,1941,829,833,832,60],"class_list":["post-72273","post","type-post","status-publish","format-standard","has-post-thumbnail","hentry","category-inmobiliario","tag-desarrollo-inmobiliario","tag-industria","tag-lamudi","tag-renta","tag-venta","tag-vivienda-2"],"yoast_head":"<!-- This site is optimized with the Yoast SEO plugin v27.4 - https:\/\/yoast.com\/product\/yoast-seo-wordpress\/ -->\n<title>2018 ser\u00e1 competitivo para el mercado inmobiliario: Lamudi -<\/title>\n<meta name=\"description\" content=\"El portal inmobiliario Lamudi present\u00f3 su Informe Anual del Mercado Inmobiliario, en donde se aborda el panorama macroecon\u00f3mico y crediticio, se analizan el sector por regiones, la demanda de inmuebles, tendencias de construcci\u00f3n inmobiliaria, precios del mercado y opiniones de l\u00edderes del sector.\" \/>\n<meta name=\"robots\" content=\"index, follow, max-snippet:-1, max-image-preview:large, max-video-preview:-1\" \/>\n<link rel=\"canonical\" href=\"https:\/\/centrourbano.com\/revista\/inmobiliario\/2018-sera-competitivo-mercado-inmobiliario-lamudi\/\" \/>\n<meta property=\"og:locale\" content=\"es_ES\" \/>\n<meta property=\"og:type\" content=\"article\" \/>\n<meta property=\"og:title\" content=\"2018 ser\u00e1 competitivo para el mercado inmobiliario: Lamudi -\" \/>\n<meta property=\"og:description\" content=\"El portal inmobiliario Lamudi present\u00f3 su Informe Anual del Mercado Inmobiliario, en donde se aborda el panorama macroecon\u00f3mico y crediticio, se analizan el sector por regiones, la demanda de inmuebles, tendencias de construcci\u00f3n inmobiliaria, precios del mercado y opiniones de l\u00edderes del sector.\" \/>\n<meta property=\"og:url\" content=\"https:\/\/centrourbano.com\/revista\/inmobiliario\/2018-sera-competitivo-mercado-inmobiliario-lamudi\/\" \/>\n<meta property=\"og:site_name\" content=\"Centro Urbano\" \/>\n<meta property=\"article:publisher\" content=\"https:\/\/www.facebook.com\/portalcentrourbano\" \/>\n<meta property=\"article:published_time\" content=\"2018-05-30T19:29:13+00:00\" \/>\n<meta property=\"article:modified_time\" content=\"2018-05-30T19:30:39+00:00\" \/>\n<meta property=\"og:image\" content=\"https:\/\/centrourbano.com\/revista\/wp-content\/uploads\/Obra.jpg\" \/>\n\t<meta property=\"og:image:width\" content=\"800\" \/>\n\t<meta property=\"og:image:height\" content=\"600\" \/>\n\t<meta property=\"og:image:type\" content=\"image\/jpeg\" \/>\n<meta name=\"author\" content=\"Diego Rodr\u00edguez\" \/>\n<meta name=\"twitter:card\" content=\"summary_large_image\" \/>\n<meta name=\"twitter:creator\" content=\"@CentroUrbano\" \/>\n<meta name=\"twitter:site\" content=\"@CentroUrbano\" \/>\n<meta name=\"twitter:label1\" content=\"Escrito por\" \/>\n\t<meta name=\"twitter:data1\" content=\"Diego Rodr\u00edguez\" \/>\n\t<meta name=\"twitter:label2\" content=\"Tiempo de lectura\" \/>\n\t<meta name=\"twitter:data2\" content=\"3 minutos\" \/>\n<script type=\"application\/ld+json\" class=\"yoast-schema-graph\">{\"@context\":\"https:\\\/\\\/schema.org\",\"@graph\":[{\"@type\":\"Article\",\"@id\":\"https:\\\/\\\/centrourbano.com\\\/revista\\\/inmobiliario\\\/2018-sera-competitivo-mercado-inmobiliario-lamudi\\\/#article\",\"isPartOf\":{\"@id\":\"https:\\\/\\\/centrourbano.com\\\/revista\\\/inmobiliario\\\/2018-sera-competitivo-mercado-inmobiliario-lamudi\\\/\"},\"author\":{\"name\":\"Diego Rodr\u00edguez\",\"@id\":\"https:\\\/\\\/centrourbano.com\\\/revista\\\/#\\\/schema\\\/person\\\/b50192a3cd0e680841b45dc537f53970\"},\"headline\":\"2018 ser\u00e1 competitivo para el mercado inmobiliario: Lamudi\",\"datePublished\":\"2018-05-30T19:29:13+00:00\",\"dateModified\":\"2018-05-30T19:30:39+00:00\",\"mainEntityOfPage\":{\"@id\":\"https:\\\/\\\/centrourbano.com\\\/revista\\\/inmobiliario\\\/2018-sera-competitivo-mercado-inmobiliario-lamudi\\\/\"},\"wordCount\":684,\"commentCount\":0,\"publisher\":{\"@id\":\"https:\\\/\\\/centrourbano.com\\\/revista\\\/#organization\"},\"image\":{\"@id\":\"https:\\\/\\\/centrourbano.com\\\/revista\\\/inmobiliario\\\/2018-sera-competitivo-mercado-inmobiliario-lamudi\\\/#primaryimage\"},\"thumbnailUrl\":\"https:\\\/\\\/centrourbano.com\\\/revista\\\/wp-content\\\/uploads\\\/Obra.jpg\",\"keywords\":[\"desarrollo inmobiliario\",\"Industria\",\"Lamudi\",\"renta\",\"venta\",\"vivienda\"],\"articleSection\":[\"Inmobiliario\"],\"inLanguage\":\"es\",\"potentialAction\":[{\"@type\":\"CommentAction\",\"name\":\"Comment\",\"target\":[\"https:\\\/\\\/centrourbano.com\\\/revista\\\/inmobiliario\\\/2018-sera-competitivo-mercado-inmobiliario-lamudi\\\/#respond\"]}]},{\"@type\":\"WebPage\",\"@id\":\"https:\\\/\\\/centrourbano.com\\\/revista\\\/inmobiliario\\\/2018-sera-competitivo-mercado-inmobiliario-lamudi\\\/\",\"url\":\"https:\\\/\\\/centrourbano.com\\\/revista\\\/inmobiliario\\\/2018-sera-competitivo-mercado-inmobiliario-lamudi\\\/\",\"name\":\"2018 ser\u00e1 competitivo para el mercado inmobiliario: Lamudi -\",\"isPartOf\":{\"@id\":\"https:\\\/\\\/centrourbano.com\\\/revista\\\/#website\"},\"primaryImageOfPage\":{\"@id\":\"https:\\\/\\\/centrourbano.com\\\/revista\\\/inmobiliario\\\/2018-sera-competitivo-mercado-inmobiliario-lamudi\\\/#primaryimage\"},\"image\":{\"@id\":\"https:\\\/\\\/centrourbano.com\\\/revista\\\/inmobiliario\\\/2018-sera-competitivo-mercado-inmobiliario-lamudi\\\/#primaryimage\"},\"thumbnailUrl\":\"https:\\\/\\\/centrourbano.com\\\/revista\\\/wp-content\\\/uploads\\\/Obra.jpg\",\"datePublished\":\"2018-05-30T19:29:13+00:00\",\"dateModified\":\"2018-05-30T19:30:39+00:00\",\"description\":\"El portal inmobiliario Lamudi present\u00f3 su Informe Anual del Mercado Inmobiliario, en donde se aborda el panorama macroecon\u00f3mico y crediticio, se analizan el sector por regiones, la demanda de inmuebles, tendencias de construcci\u00f3n inmobiliaria, precios del mercado y opiniones de l\u00edderes del sector.\",\"breadcrumb\":{\"@id\":\"https:\\\/\\\/centrourbano.com\\\/revista\\\/inmobiliario\\\/2018-sera-competitivo-mercado-inmobiliario-lamudi\\\/#breadcrumb\"},\"inLanguage\":\"es\",\"potentialAction\":[{\"@type\":\"ReadAction\",\"target\":[\"https:\\\/\\\/centrourbano.com\\\/revista\\\/inmobiliario\\\/2018-sera-competitivo-mercado-inmobiliario-lamudi\\\/\"]}]},{\"@type\":\"ImageObject\",\"inLanguage\":\"es\",\"@id\":\"https:\\\/\\\/centrourbano.com\\\/revista\\\/inmobiliario\\\/2018-sera-competitivo-mercado-inmobiliario-lamudi\\\/#primaryimage\",\"url\":\"https:\\\/\\\/centrourbano.com\\\/revista\\\/wp-content\\\/uploads\\\/Obra.jpg\",\"contentUrl\":\"https:\\\/\\\/centrourbano.com\\\/revista\\\/wp-content\\\/uploads\\\/Obra.jpg\",\"width\":800,\"height\":600,\"caption\":\"Incremento en tasas de inter\u00e9s y bajos ingresos de muchas familias podr\u00edan desacelerar inversiones\"},{\"@type\":\"BreadcrumbList\",\"@id\":\"https:\\\/\\\/centrourbano.com\\\/revista\\\/inmobiliario\\\/2018-sera-competitivo-mercado-inmobiliario-lamudi\\\/#breadcrumb\",\"itemListElement\":[{\"@type\":\"ListItem\",\"position\":1,\"name\":\"Portada\",\"item\":\"https:\\\/\\\/centrourbano.com\\\/revista\\\/\"},{\"@type\":\"ListItem\",\"position\":2,\"name\":\"2018 ser\u00e1 competitivo para el mercado inmobiliario: Lamudi\"}]},{\"@type\":\"WebSite\",\"@id\":\"https:\\\/\\\/centrourbano.com\\\/revista\\\/#website\",\"url\":\"https:\\\/\\\/centrourbano.com\\\/revista\\\/\",\"name\":\"Centro Urbano\",\"description\":\"Medio especializado en los sectores vivienda, inmobiliario, construcci\u00f3n, arquitectura y urbanismo.\",\"publisher\":{\"@id\":\"https:\\\/\\\/centrourbano.com\\\/revista\\\/#organization\"},\"potentialAction\":[{\"@type\":\"SearchAction\",\"target\":{\"@type\":\"EntryPoint\",\"urlTemplate\":\"https:\\\/\\\/centrourbano.com\\\/revista\\\/?s={search_term_string}\"},\"query-input\":{\"@type\":\"PropertyValueSpecification\",\"valueRequired\":true,\"valueName\":\"search_term_string\"}}],\"inLanguage\":\"es\"},{\"@type\":\"Organization\",\"@id\":\"https:\\\/\\\/centrourbano.com\\\/revista\\\/#organization\",\"name\":\"Centro Urbano\",\"url\":\"https:\\\/\\\/centrourbano.com\\\/revista\\\/\",\"logo\":{\"@type\":\"ImageObject\",\"inLanguage\":\"es\",\"@id\":\"https:\\\/\\\/centrourbano.com\\\/revista\\\/#\\\/schema\\\/logo\\\/image\\\/\",\"url\":\"https:\\\/\\\/centrourbano.com\\\/revista\\\/wp-content\\\/uploads\\\/web_CU_logo-1.png\",\"contentUrl\":\"https:\\\/\\\/centrourbano.com\\\/revista\\\/wp-content\\\/uploads\\\/web_CU_logo-1.png\",\"width\":350,\"height\":91,\"caption\":\"Centro Urbano\"},\"image\":{\"@id\":\"https:\\\/\\\/centrourbano.com\\\/revista\\\/#\\\/schema\\\/logo\\\/image\\\/\"},\"sameAs\":[\"https:\\\/\\\/www.facebook.com\\\/portalcentrourbano\",\"https:\\\/\\\/x.com\\\/CentroUrbano\",\"https:\\\/\\\/www.instagram.com\\\/centro_urbano\\\/\",\"https:\\\/\\\/www.linkedin.com\\\/company\\\/centro-urbano\\\/\",\"http:\\\/\\\/www.youtube.com\\\/user\\\/portalcentrourbano\"]},{\"@type\":\"Person\",\"@id\":\"https:\\\/\\\/centrourbano.com\\\/revista\\\/#\\\/schema\\\/person\\\/b50192a3cd0e680841b45dc537f53970\",\"name\":\"Diego Rodr\u00edguez\",\"image\":{\"@type\":\"ImageObject\",\"inLanguage\":\"es\",\"@id\":\"https:\\\/\\\/secure.gravatar.com\\\/avatar\\\/d217565525df2df5d4e7265d47758506f41845ed9529510921a7625d8365789d?s=96&d=mm&r=g\",\"url\":\"https:\\\/\\\/secure.gravatar.com\\\/avatar\\\/d217565525df2df5d4e7265d47758506f41845ed9529510921a7625d8365789d?s=96&d=mm&r=g\",\"contentUrl\":\"https:\\\/\\\/secure.gravatar.com\\\/avatar\\\/d217565525df2df5d4e7265d47758506f41845ed9529510921a7625d8365789d?s=96&d=mm&r=g\",\"caption\":\"Diego Rodr\u00edguez\"},\"description\":\"Egresado de la Facultad de Estudios Superiores Acatl\u00e1n de la carrera en Comunicaci\u00f3n, con especialidad en medios escritos. Reportero del desaparecido peri\u00f3dico Nuestro M\u00e9xico, en donde cubri\u00f3 las fuentes delegacionales y Asamblea Legislativa. Tambi\u00e9n trabaj\u00f3 en la Coordinaci\u00f3n de Comunicaci\u00f3n Social en la delegaci\u00f3n \u00c1lvaro Obreg\u00f3n. Le gusta leer novelas y cuentos.\",\"url\":\"https:\\\/\\\/centrourbano.com\\\/revista\\\/author\\\/diegorodriguez\\\/\"}]}<\/script>\n<!-- \/ Yoast SEO plugin. -->","yoast_head_json":{"title":"2018 ser\u00e1 competitivo para el mercado inmobiliario: Lamudi -","description":"El portal inmobiliario Lamudi present\u00f3 su Informe Anual del Mercado Inmobiliario, en donde se aborda el panorama macroecon\u00f3mico y crediticio, se analizan el sector por regiones, la demanda de inmuebles, tendencias de construcci\u00f3n inmobiliaria, precios del mercado y opiniones de l\u00edderes del sector.","robots":{"index":"index","follow":"follow","max-snippet":"max-snippet:-1","max-image-preview":"max-image-preview:large","max-video-preview":"max-video-preview:-1"},"canonical":"https:\/\/centrourbano.com\/revista\/inmobiliario\/2018-sera-competitivo-mercado-inmobiliario-lamudi\/","og_locale":"es_ES","og_type":"article","og_title":"2018 ser\u00e1 competitivo para el mercado inmobiliario: Lamudi -","og_description":"El portal inmobiliario Lamudi present\u00f3 su Informe Anual del Mercado Inmobiliario, en donde se aborda el panorama macroecon\u00f3mico y crediticio, se analizan el sector por regiones, la demanda de inmuebles, tendencias de construcci\u00f3n inmobiliaria, precios del mercado y opiniones de l\u00edderes del sector.","og_url":"https:\/\/centrourbano.com\/revista\/inmobiliario\/2018-sera-competitivo-mercado-inmobiliario-lamudi\/","og_site_name":"Centro Urbano","article_publisher":"https:\/\/www.facebook.com\/portalcentrourbano","article_published_time":"2018-05-30T19:29:13+00:00","article_modified_time":"2018-05-30T19:30:39+00:00","og_image":[{"width":800,"height":600,"url":"https:\/\/centrourbano.com\/revista\/wp-content\/uploads\/Obra.jpg","type":"image\/jpeg"}],"author":"Diego Rodr\u00edguez","twitter_card":"summary_large_image","twitter_creator":"@CentroUrbano","twitter_site":"@CentroUrbano","twitter_misc":{"Escrito por":"Diego Rodr\u00edguez","Tiempo de lectura":"3 minutos"},"schema":{"@context":"https:\/\/schema.org","@graph":[{"@type":"Article","@id":"https:\/\/centrourbano.com\/revista\/inmobiliario\/2018-sera-competitivo-mercado-inmobiliario-lamudi\/#article","isPartOf":{"@id":"https:\/\/centrourbano.com\/revista\/inmobiliario\/2018-sera-competitivo-mercado-inmobiliario-lamudi\/"},"author":{"name":"Diego Rodr\u00edguez","@id":"https:\/\/centrourbano.com\/revista\/#\/schema\/person\/b50192a3cd0e680841b45dc537f53970"},"headline":"2018 ser\u00e1 competitivo para el mercado inmobiliario: Lamudi","datePublished":"2018-05-30T19:29:13+00:00","dateModified":"2018-05-30T19:30:39+00:00","mainEntityOfPage":{"@id":"https:\/\/centrourbano.com\/revista\/inmobiliario\/2018-sera-competitivo-mercado-inmobiliario-lamudi\/"},"wordCount":684,"commentCount":0,"publisher":{"@id":"https:\/\/centrourbano.com\/revista\/#organization"},"image":{"@id":"https:\/\/centrourbano.com\/revista\/inmobiliario\/2018-sera-competitivo-mercado-inmobiliario-lamudi\/#primaryimage"},"thumbnailUrl":"https:\/\/centrourbano.com\/revista\/wp-content\/uploads\/Obra.jpg","keywords":["desarrollo inmobiliario","Industria","Lamudi","renta","venta","vivienda"],"articleSection":["Inmobiliario"],"inLanguage":"es","potentialAction":[{"@type":"CommentAction","name":"Comment","target":["https:\/\/centrourbano.com\/revista\/inmobiliario\/2018-sera-competitivo-mercado-inmobiliario-lamudi\/#respond"]}]},{"@type":"WebPage","@id":"https:\/\/centrourbano.com\/revista\/inmobiliario\/2018-sera-competitivo-mercado-inmobiliario-lamudi\/","url":"https:\/\/centrourbano.com\/revista\/inmobiliario\/2018-sera-competitivo-mercado-inmobiliario-lamudi\/","name":"2018 ser\u00e1 competitivo para el mercado inmobiliario: Lamudi -","isPartOf":{"@id":"https:\/\/centrourbano.com\/revista\/#website"},"primaryImageOfPage":{"@id":"https:\/\/centrourbano.com\/revista\/inmobiliario\/2018-sera-competitivo-mercado-inmobiliario-lamudi\/#primaryimage"},"image":{"@id":"https:\/\/centrourbano.com\/revista\/inmobiliario\/2018-sera-competitivo-mercado-inmobiliario-lamudi\/#primaryimage"},"thumbnailUrl":"https:\/\/centrourbano.com\/revista\/wp-content\/uploads\/Obra.jpg","datePublished":"2018-05-30T19:29:13+00:00","dateModified":"2018-05-30T19:30:39+00:00","description":"El portal inmobiliario Lamudi present\u00f3 su Informe Anual del Mercado Inmobiliario, en donde se aborda el panorama macroecon\u00f3mico y crediticio, se analizan el sector por regiones, la demanda de inmuebles, tendencias de construcci\u00f3n inmobiliaria, precios del mercado y opiniones de l\u00edderes del sector.","breadcrumb":{"@id":"https:\/\/centrourbano.com\/revista\/inmobiliario\/2018-sera-competitivo-mercado-inmobiliario-lamudi\/#breadcrumb"},"inLanguage":"es","potentialAction":[{"@type":"ReadAction","target":["https:\/\/centrourbano.com\/revista\/inmobiliario\/2018-sera-competitivo-mercado-inmobiliario-lamudi\/"]}]},{"@type":"ImageObject","inLanguage":"es","@id":"https:\/\/centrourbano.com\/revista\/inmobiliario\/2018-sera-competitivo-mercado-inmobiliario-lamudi\/#primaryimage","url":"https:\/\/centrourbano.com\/revista\/wp-content\/uploads\/Obra.jpg","contentUrl":"https:\/\/centrourbano.com\/revista\/wp-content\/uploads\/Obra.jpg","width":800,"height":600,"caption":"Incremento en tasas de inter\u00e9s y bajos ingresos de muchas familias podr\u00edan desacelerar inversiones"},{"@type":"BreadcrumbList","@id":"https:\/\/centrourbano.com\/revista\/inmobiliario\/2018-sera-competitivo-mercado-inmobiliario-lamudi\/#breadcrumb","itemListElement":[{"@type":"ListItem","position":1,"name":"Portada","item":"https:\/\/centrourbano.com\/revista\/"},{"@type":"ListItem","position":2,"name":"2018 ser\u00e1 competitivo para el mercado inmobiliario: Lamudi"}]},{"@type":"WebSite","@id":"https:\/\/centrourbano.com\/revista\/#website","url":"https:\/\/centrourbano.com\/revista\/","name":"Centro Urbano","description":"Medio especializado en los sectores vivienda, inmobiliario, construcci\u00f3n, arquitectura y urbanismo.","publisher":{"@id":"https:\/\/centrourbano.com\/revista\/#organization"},"potentialAction":[{"@type":"SearchAction","target":{"@type":"EntryPoint","urlTemplate":"https:\/\/centrourbano.com\/revista\/?s={search_term_string}"},"query-input":{"@type":"PropertyValueSpecification","valueRequired":true,"valueName":"search_term_string"}}],"inLanguage":"es"},{"@type":"Organization","@id":"https:\/\/centrourbano.com\/revista\/#organization","name":"Centro Urbano","url":"https:\/\/centrourbano.com\/revista\/","logo":{"@type":"ImageObject","inLanguage":"es","@id":"https:\/\/centrourbano.com\/revista\/#\/schema\/logo\/image\/","url":"https:\/\/centrourbano.com\/revista\/wp-content\/uploads\/web_CU_logo-1.png","contentUrl":"https:\/\/centrourbano.com\/revista\/wp-content\/uploads\/web_CU_logo-1.png","width":350,"height":91,"caption":"Centro Urbano"},"image":{"@id":"https:\/\/centrourbano.com\/revista\/#\/schema\/logo\/image\/"},"sameAs":["https:\/\/www.facebook.com\/portalcentrourbano","https:\/\/x.com\/CentroUrbano","https:\/\/www.instagram.com\/centro_urbano\/","https:\/\/www.linkedin.com\/company\/centro-urbano\/","http:\/\/www.youtube.com\/user\/portalcentrourbano"]},{"@type":"Person","@id":"https:\/\/centrourbano.com\/revista\/#\/schema\/person\/b50192a3cd0e680841b45dc537f53970","name":"Diego Rodr\u00edguez","image":{"@type":"ImageObject","inLanguage":"es","@id":"https:\/\/secure.gravatar.com\/avatar\/d217565525df2df5d4e7265d47758506f41845ed9529510921a7625d8365789d?s=96&d=mm&r=g","url":"https:\/\/secure.gravatar.com\/avatar\/d217565525df2df5d4e7265d47758506f41845ed9529510921a7625d8365789d?s=96&d=mm&r=g","contentUrl":"https:\/\/secure.gravatar.com\/avatar\/d217565525df2df5d4e7265d47758506f41845ed9529510921a7625d8365789d?s=96&d=mm&r=g","caption":"Diego Rodr\u00edguez"},"description":"Egresado de la Facultad de Estudios Superiores Acatl\u00e1n de la carrera en Comunicaci\u00f3n, con especialidad en medios escritos. Reportero del desaparecido peri\u00f3dico Nuestro M\u00e9xico, en donde cubri\u00f3 las fuentes delegacionales y Asamblea Legislativa. Tambi\u00e9n trabaj\u00f3 en la Coordinaci\u00f3n de Comunicaci\u00f3n Social en la delegaci\u00f3n \u00c1lvaro Obreg\u00f3n. Le gusta leer novelas y cuentos.","url":"https:\/\/centrourbano.com\/revista\/author\/diegorodriguez\/"}]}},"_links":{"self":[{"href":"https:\/\/centrourbano.com\/revista\/wp-json\/wp\/v2\/posts\/72273","targetHints":{"allow":["GET"]}}],"collection":[{"href":"https:\/\/centrourbano.com\/revista\/wp-json\/wp\/v2\/posts"}],"about":[{"href":"https:\/\/centrourbano.com\/revista\/wp-json\/wp\/v2\/types\/post"}],"author":[{"embeddable":true,"href":"https:\/\/centrourbano.com\/revista\/wp-json\/wp\/v2\/users\/37"}],"replies":[{"embeddable":true,"href":"https:\/\/centrourbano.com\/revista\/wp-json\/wp\/v2\/comments?post=72273"}],"version-history":[{"count":3,"href":"https:\/\/centrourbano.com\/revista\/wp-json\/wp\/v2\/posts\/72273\/revisions"}],"predecessor-version":[{"id":72280,"href":"https:\/\/centrourbano.com\/revista\/wp-json\/wp\/v2\/posts\/72273\/revisions\/72280"}],"wp:featuredmedia":[{"embeddable":true,"href":"https:\/\/centrourbano.com\/revista\/wp-json\/wp\/v2\/media\/72277"}],"wp:attachment":[{"href":"https:\/\/centrourbano.com\/revista\/wp-json\/wp\/v2\/media?parent=72273"}],"wp:term":[{"taxonomy":"category","embeddable":true,"href":"https:\/\/centrourbano.com\/revista\/wp-json\/wp\/v2\/categories?post=72273"},{"taxonomy":"post_tag","embeddable":true,"href":"https:\/\/centrourbano.com\/revista\/wp-json\/wp\/v2\/tags?post=72273"}],"curies":[{"name":"wp","href":"https:\/\/api.w.org\/{rel}","templated":true}]}}