{"id":72062,"date":"2018-05-24T17:20:51","date_gmt":"2018-05-24T22:20:51","guid":{"rendered":"https:\/\/centrourbano.com\/?p=72062"},"modified":"2018-05-24T17:20:51","modified_gmt":"2018-05-24T22:20:51","slug":"montreal-cumbre-internacional-movilidad-sustentable","status":"publish","type":"post","link":"https:\/\/centrourbano.com\/revista\/urbanismo\/montreal-cumbre-internacional-movilidad-sustentable\/","title":{"rendered":"Montreal recibe cumbre internacional de movilidad sustentable"},"content":{"rendered":"<p><em>Calidad del aire, sociedad multimodal, innovaci\u00f3n, econom\u00eda circular, entre los temas de discusi\u00f3n durante tres d\u00edas; se registra venta total de boletos del evento<\/em><!--more--><\/p>\n<p>La segunda edici\u00f3n de \u2018Movin\u2019 On\u2019, un encuentro en materia de movilidad sustentable organizado por la empresa de neum\u00e1ticos Michelin, reunir\u00e1 del 30 de mayo al 1 de junio a m\u00e1s de 4,000 participantes de 32 nacionalidades en Montreal, Canad\u00e1. Con el lema \u2018De la ambici\u00f3n a la acci\u00f3n\u2019, la cumbre ser\u00e1 un punto de encuentro de diferentes l\u00edderes pol\u00edticos, cient\u00edficos y empresariales para impulsar la movilidad del futuro.<\/p>\n<p>La ciudad alberga por segunda ocasi\u00f3n el evento, que en este a\u00f1o cuenta con 108 patrocinadores, 49 de sesiones de trabajo y 40 \u2018startups\u2019. Entre los conferencistas se encuentran <a href=\"https:\/\/twitter.com\/Cbackstrand\" target=\"_blank\" rel=\"noopener noreferrer\"><strong>Carl B\u00e4ckstrand<\/strong><\/a> (vicepresidente de White Arkitekter), <a href=\"https:\/\/twitter.com\/MonicaArayaTica?lang=es\" target=\"_blank\" rel=\"noopener noreferrer\"><strong>M\u00f3nica Araya<\/strong><\/a> (fundadora de Costa Rica Limpia), <a href=\"https:\/\/twitter.com\/ITF_Forum\" target=\"_blank\" rel=\"noopener noreferrer\"><strong>Young Tae-kim<\/strong><\/a> (secretario general del Foro Internacional del Transporte) <a href=\"https:\/\/twitter.com\/airspace_x\" target=\"_blank\" rel=\"noopener noreferrer\"><strong>Jon Rimanelli<\/strong> <\/a>(fundador de AirspaceX) y <a href=\"https:\/\/twitter.com\/bertrandpiccard\" target=\"_blank\" rel=\"noopener noreferrer\"><strong>Bertrand Piccard<\/strong><\/a> (presidente de Solar Impulse Foundation).<\/p>\n<p>El diario franc\u00e9s \u2018Le Figaro\u2019 defini\u00f3 a \u2018Movin\u2019 On\u2019 como \u201c<a href=\"http:\/\/www.lefigaro.fr\/societes\/2017\/06\/18\/20005-20170618ARTFIG00156-avec-movin-on-michelin-reve-d-un-davos-de-la-mobilite.php\" target=\"_blank\" rel=\"noopener noreferrer\"><strong>el Davos de la movilidad<\/strong><\/a>\u201d. En esta ocasi\u00f3n, el objetivo principal es brindar propuestas sobre movilidad global, inteligente y sustentable. Calidad del aire y eliminaci\u00f3n del di\u00f3xido de carbono, la nueva sociedad multimodal, innovaci\u00f3n en la tecnolog\u00eda, movilidad en tiempos de una econom\u00eda circular y los <em>moonshots\u00ad<\/em> \u2013proyectos que dan soluci\u00f3n a un problema de forma radical- en el \u00e1rea ser\u00e1n los grandes ejes de trabajo. Los tres d\u00edas tendr\u00e1n un marco de colaboraci\u00f3n para lograr los objetivos planteados.<\/p>\n<p>Los organizadores anunciaron la saturaci\u00f3n en la venta de entradas al evento. La cumbre es patrocinada por organizaciones y empresas, entre las que encontramos a <a href=\"https:\/\/www.nissan.ca\/en\" target=\"_blank\" rel=\"noopener noreferrer\"><strong>Nissan<\/strong><\/a>, <a href=\"http:\/\/www.business.hsbc.ca\/en-ca\" target=\"_blank\" rel=\"noopener noreferrer\"><strong>HSBC<\/strong><\/a>, <a href=\"https:\/\/group.bnpparibas\/en\/\" target=\"_blank\" rel=\"noopener noreferrer\"><strong>BNP Paribas<\/strong><\/a>, <a href=\"https:\/\/www.total.com\/en\" target=\"_blank\" rel=\"noopener noreferrer\"><strong>Total<\/strong><\/a>, <a href=\"https:\/\/www.bombardier.com\/en\/accueil.html\" target=\"_blank\" rel=\"noopener noreferrer\"><strong>Bombardier<\/strong><\/a>, <a href=\"https:\/\/www.skyteam.com\/en\/\"><strong>Skyteam<\/strong><\/a>, <a href=\"https:\/\/www.hertz.ca\/rentacar\/reservation\/\" target=\"_blank\" rel=\"noopener noreferrer\"><strong>Hertz<\/strong><\/a>, el <a href=\"https:\/\/www.itf-oecd.org\/\" target=\"_blank\" rel=\"noopener noreferrer\"><strong>Foro Internacional del Transporte<\/strong><\/a>, <a href=\"https:\/\/www.honda.ca\/accueil\" target=\"_blank\" rel=\"noopener noreferrer\"><strong>Honda<\/strong><\/a> y <a href=\"https:\/\/www.businessfrance.fr\/\" target=\"_blank\" rel=\"noopener noreferrer\"><strong>Bussiness France<\/strong><\/a>.<\/p>\n","protected":false},"excerpt":{"rendered":"<p>Calidad del aire, sociedad multimodal, innovaci\u00f3n, econom\u00eda circular, entre los temas de discusi\u00f3n durante tres d\u00edas; se registra venta total de boletos del evento<\/p>\n","protected":false},"author":65,"featured_media":72063,"comment_status":"open","ping_status":"closed","sticky":false,"template":"","format":"standard","meta":{"om_disable_all_campaigns":false,"inline_featured_image":false,"_monsterinsights_skip_tracking":false,"_monsterinsights_sitenote_active":false,"_monsterinsights_sitenote_note":"","_monsterinsights_sitenote_category":0,"footnotes":""},"categories":[82],"tags":[2468,2380,7687,13516,487],"class_list":["post-72062","post","type-post","status-publish","format-standard","has-post-thumbnail","hentry","category-urbanismo","tag-canada","tag-internacional","tag-michelin","tag-montreal","tag-movilidad"],"yoast_head":"<!-- This site is optimized with the Yoast SEO plugin v27.4 - https:\/\/yoast.com\/product\/yoast-seo-wordpress\/ -->\n<title>Montreal recibe cumbre internacional de movilidad sustentable<\/title>\n<meta name=\"description\" content=\"Calidad del aire, sociedad multimodal, innovaci\u00f3n y econom\u00eda circular, temas de discusi\u00f3n durante tres d\u00edas; se registra venta total de boletos del evento\" \/>\n<meta name=\"robots\" content=\"index, follow, max-snippet:-1, max-image-preview:large, max-video-preview:-1\" \/>\n<link rel=\"canonical\" href=\"https:\/\/centrourbano.com\/revista\/urbanismo\/montreal-cumbre-internacional-movilidad-sustentable\/\" \/>\n<meta property=\"og:locale\" content=\"es_ES\" \/>\n<meta property=\"og:type\" content=\"article\" \/>\n<meta property=\"og:title\" content=\"Montreal recibe cumbre internacional de movilidad sustentable\" \/>\n<meta property=\"og:description\" content=\"Calidad del aire, sociedad multimodal, innovaci\u00f3n y econom\u00eda circular, temas de discusi\u00f3n durante tres d\u00edas; se registra venta total de boletos del evento\" \/>\n<meta property=\"og:url\" content=\"https:\/\/centrourbano.com\/revista\/urbanismo\/montreal-cumbre-internacional-movilidad-sustentable\/\" \/>\n<meta property=\"og:site_name\" content=\"Centro Urbano\" \/>\n<meta property=\"article:publisher\" content=\"https:\/\/www.facebook.com\/portalcentrourbano\" \/>\n<meta property=\"article:author\" content=\"https:\/\/www.facebook.com\/ernesto.carmona.1460\" \/>\n<meta property=\"article:published_time\" content=\"2018-05-24T22:20:51+00:00\" \/>\n<meta property=\"og:image\" content=\"https:\/\/centrourbano.com\/revista\/wp-content\/uploads\/actu_movin-on2018_1040x400.jpg\" \/>\n\t<meta property=\"og:image:width\" content=\"1040\" \/>\n\t<meta property=\"og:image:height\" content=\"400\" \/>\n\t<meta property=\"og:image:type\" content=\"image\/jpeg\" \/>\n<meta name=\"author\" content=\"Ernesto Gil\" \/>\n<meta name=\"twitter:card\" content=\"summary_large_image\" \/>\n<meta name=\"twitter:creator\" content=\"@https:\/\/twitter.com\/Ernesto_C1996?lang=es\" \/>\n<meta name=\"twitter:site\" content=\"@CentroUrbano\" \/>\n<meta name=\"twitter:label1\" content=\"Escrito por\" \/>\n\t<meta name=\"twitter:data1\" content=\"Ernesto Gil\" \/>\n\t<meta name=\"twitter:label2\" content=\"Tiempo de lectura\" \/>\n\t<meta name=\"twitter:data2\" content=\"2 minutos\" \/>\n<script type=\"application\/ld+json\" class=\"yoast-schema-graph\">{\"@context\":\"https:\\\/\\\/schema.org\",\"@graph\":[{\"@type\":\"Article\",\"@id\":\"https:\\\/\\\/centrourbano.com\\\/revista\\\/urbanismo\\\/montreal-cumbre-internacional-movilidad-sustentable\\\/#article\",\"isPartOf\":{\"@id\":\"https:\\\/\\\/centrourbano.com\\\/revista\\\/urbanismo\\\/montreal-cumbre-internacional-movilidad-sustentable\\\/\"},\"author\":{\"name\":\"Ernesto Gil\",\"@id\":\"https:\\\/\\\/centrourbano.com\\\/revista\\\/#\\\/schema\\\/person\\\/d86dcb4351b6beb0855e5cb3bfda3a22\"},\"headline\":\"Montreal recibe cumbre internacional de movilidad sustentable\",\"datePublished\":\"2018-05-24T22:20:51+00:00\",\"mainEntityOfPage\":{\"@id\":\"https:\\\/\\\/centrourbano.com\\\/revista\\\/urbanismo\\\/montreal-cumbre-internacional-movilidad-sustentable\\\/\"},\"wordCount\":317,\"commentCount\":0,\"publisher\":{\"@id\":\"https:\\\/\\\/centrourbano.com\\\/revista\\\/#organization\"},\"image\":{\"@id\":\"https:\\\/\\\/centrourbano.com\\\/revista\\\/urbanismo\\\/montreal-cumbre-internacional-movilidad-sustentable\\\/#primaryimage\"},\"thumbnailUrl\":\"https:\\\/\\\/centrourbano.com\\\/revista\\\/wp-content\\\/uploads\\\/actu_movin-on2018_1040x400.jpg\",\"keywords\":[\"Canad\u00e1\",\"Internacional\",\"Michelin\",\"Montreal\",\"movilidad\"],\"articleSection\":[\"Urbanismo\"],\"inLanguage\":\"es\",\"potentialAction\":[{\"@type\":\"CommentAction\",\"name\":\"Comment\",\"target\":[\"https:\\\/\\\/centrourbano.com\\\/revista\\\/urbanismo\\\/montreal-cumbre-internacional-movilidad-sustentable\\\/#respond\"]}]},{\"@type\":\"WebPage\",\"@id\":\"https:\\\/\\\/centrourbano.com\\\/revista\\\/urbanismo\\\/montreal-cumbre-internacional-movilidad-sustentable\\\/\",\"url\":\"https:\\\/\\\/centrourbano.com\\\/revista\\\/urbanismo\\\/montreal-cumbre-internacional-movilidad-sustentable\\\/\",\"name\":\"Montreal recibe cumbre internacional de movilidad sustentable\",\"isPartOf\":{\"@id\":\"https:\\\/\\\/centrourbano.com\\\/revista\\\/#website\"},\"primaryImageOfPage\":{\"@id\":\"https:\\\/\\\/centrourbano.com\\\/revista\\\/urbanismo\\\/montreal-cumbre-internacional-movilidad-sustentable\\\/#primaryimage\"},\"image\":{\"@id\":\"https:\\\/\\\/centrourbano.com\\\/revista\\\/urbanismo\\\/montreal-cumbre-internacional-movilidad-sustentable\\\/#primaryimage\"},\"thumbnailUrl\":\"https:\\\/\\\/centrourbano.com\\\/revista\\\/wp-content\\\/uploads\\\/actu_movin-on2018_1040x400.jpg\",\"datePublished\":\"2018-05-24T22:20:51+00:00\",\"description\":\"Calidad del aire, sociedad multimodal, innovaci\u00f3n y econom\u00eda circular, temas de discusi\u00f3n durante tres d\u00edas; se registra venta total de boletos del evento\",\"breadcrumb\":{\"@id\":\"https:\\\/\\\/centrourbano.com\\\/revista\\\/urbanismo\\\/montreal-cumbre-internacional-movilidad-sustentable\\\/#breadcrumb\"},\"inLanguage\":\"es\",\"potentialAction\":[{\"@type\":\"ReadAction\",\"target\":[\"https:\\\/\\\/centrourbano.com\\\/revista\\\/urbanismo\\\/montreal-cumbre-internacional-movilidad-sustentable\\\/\"]}]},{\"@type\":\"ImageObject\",\"inLanguage\":\"es\",\"@id\":\"https:\\\/\\\/centrourbano.com\\\/revista\\\/urbanismo\\\/montreal-cumbre-internacional-movilidad-sustentable\\\/#primaryimage\",\"url\":\"https:\\\/\\\/centrourbano.com\\\/revista\\\/wp-content\\\/uploads\\\/actu_movin-on2018_1040x400.jpg\",\"contentUrl\":\"https:\\\/\\\/centrourbano.com\\\/revista\\\/wp-content\\\/uploads\\\/actu_movin-on2018_1040x400.jpg\",\"width\":1040,\"height\":400,\"caption\":\"Calidad del aire, sociedad multimodal, innovaci\u00f3n, econom\u00eda circular, entre los temas de discusi\u00f3n durante tres d\u00edas; se registra venta total de boletos del evento\"},{\"@type\":\"BreadcrumbList\",\"@id\":\"https:\\\/\\\/centrourbano.com\\\/revista\\\/urbanismo\\\/montreal-cumbre-internacional-movilidad-sustentable\\\/#breadcrumb\",\"itemListElement\":[{\"@type\":\"ListItem\",\"position\":1,\"name\":\"Portada\",\"item\":\"https:\\\/\\\/centrourbano.com\\\/revista\\\/\"},{\"@type\":\"ListItem\",\"position\":2,\"name\":\"Montreal recibe cumbre internacional de movilidad sustentable\"}]},{\"@type\":\"WebSite\",\"@id\":\"https:\\\/\\\/centrourbano.com\\\/revista\\\/#website\",\"url\":\"https:\\\/\\\/centrourbano.com\\\/revista\\\/\",\"name\":\"Centro Urbano\",\"description\":\"Medio especializado en los sectores vivienda, inmobiliario, construcci\u00f3n, arquitectura y urbanismo.\",\"publisher\":{\"@id\":\"https:\\\/\\\/centrourbano.com\\\/revista\\\/#organization\"},\"potentialAction\":[{\"@type\":\"SearchAction\",\"target\":{\"@type\":\"EntryPoint\",\"urlTemplate\":\"https:\\\/\\\/centrourbano.com\\\/revista\\\/?s={search_term_string}\"},\"query-input\":{\"@type\":\"PropertyValueSpecification\",\"valueRequired\":true,\"valueName\":\"search_term_string\"}}],\"inLanguage\":\"es\"},{\"@type\":\"Organization\",\"@id\":\"https:\\\/\\\/centrourbano.com\\\/revista\\\/#organization\",\"name\":\"Centro Urbano\",\"url\":\"https:\\\/\\\/centrourbano.com\\\/revista\\\/\",\"logo\":{\"@type\":\"ImageObject\",\"inLanguage\":\"es\",\"@id\":\"https:\\\/\\\/centrourbano.com\\\/revista\\\/#\\\/schema\\\/logo\\\/image\\\/\",\"url\":\"https:\\\/\\\/centrourbano.com\\\/revista\\\/wp-content\\\/uploads\\\/web_CU_logo-1.png\",\"contentUrl\":\"https:\\\/\\\/centrourbano.com\\\/revista\\\/wp-content\\\/uploads\\\/web_CU_logo-1.png\",\"width\":350,\"height\":91,\"caption\":\"Centro Urbano\"},\"image\":{\"@id\":\"https:\\\/\\\/centrourbano.com\\\/revista\\\/#\\\/schema\\\/logo\\\/image\\\/\"},\"sameAs\":[\"https:\\\/\\\/www.facebook.com\\\/portalcentrourbano\",\"https:\\\/\\\/x.com\\\/CentroUrbano\",\"https:\\\/\\\/www.instagram.com\\\/centro_urbano\\\/\",\"https:\\\/\\\/www.linkedin.com\\\/company\\\/centro-urbano\\\/\",\"http:\\\/\\\/www.youtube.com\\\/user\\\/portalcentrourbano\"]},{\"@type\":\"Person\",\"@id\":\"https:\\\/\\\/centrourbano.com\\\/revista\\\/#\\\/schema\\\/person\\\/d86dcb4351b6beb0855e5cb3bfda3a22\",\"name\":\"Ernesto Gil\",\"image\":{\"@type\":\"ImageObject\",\"inLanguage\":\"es\",\"@id\":\"https:\\\/\\\/secure.gravatar.com\\\/avatar\\\/8dbbb129f9dd066e97c18685ca45e8cf5113df97f8ca7e2ddab10d28f0127134?s=96&d=mm&r=g\",\"url\":\"https:\\\/\\\/secure.gravatar.com\\\/avatar\\\/8dbbb129f9dd066e97c18685ca45e8cf5113df97f8ca7e2ddab10d28f0127134?s=96&d=mm&r=g\",\"contentUrl\":\"https:\\\/\\\/secure.gravatar.com\\\/avatar\\\/8dbbb129f9dd066e97c18685ca45e8cf5113df97f8ca7e2ddab10d28f0127134?s=96&d=mm&r=g\",\"caption\":\"Ernesto Gil\"},\"description\":\"Ciencias Pol\u00edticas y Administraci\u00f3n P\u00fablica, FCPyS - UNAM. Apasionado por la Historia, la pol\u00edtica, la arquitectura, el urbanismo y la lectura.\",\"sameAs\":[\"https:\\\/\\\/www.facebook.com\\\/ernesto.carmona.1460\",\"https:\\\/\\\/x.com\\\/https:\\\/\\\/twitter.com\\\/Ernesto_C1996?lang=es\"],\"url\":\"https:\\\/\\\/centrourbano.com\\\/revista\\\/author\\\/ernesto-gil\\\/\"}]}<\/script>\n<!-- \/ Yoast SEO plugin. -->","yoast_head_json":{"title":"Montreal recibe cumbre internacional de movilidad sustentable","description":"Calidad del aire, sociedad multimodal, innovaci\u00f3n y econom\u00eda circular, temas de discusi\u00f3n durante tres d\u00edas; se registra venta total de boletos del evento","robots":{"index":"index","follow":"follow","max-snippet":"max-snippet:-1","max-image-preview":"max-image-preview:large","max-video-preview":"max-video-preview:-1"},"canonical":"https:\/\/centrourbano.com\/revista\/urbanismo\/montreal-cumbre-internacional-movilidad-sustentable\/","og_locale":"es_ES","og_type":"article","og_title":"Montreal recibe cumbre internacional de movilidad sustentable","og_description":"Calidad del aire, sociedad multimodal, innovaci\u00f3n y econom\u00eda circular, temas de discusi\u00f3n durante tres d\u00edas; se registra venta total de boletos del evento","og_url":"https:\/\/centrourbano.com\/revista\/urbanismo\/montreal-cumbre-internacional-movilidad-sustentable\/","og_site_name":"Centro Urbano","article_publisher":"https:\/\/www.facebook.com\/portalcentrourbano","article_author":"https:\/\/www.facebook.com\/ernesto.carmona.1460","article_published_time":"2018-05-24T22:20:51+00:00","og_image":[{"width":1040,"height":400,"url":"https:\/\/centrourbano.com\/revista\/wp-content\/uploads\/actu_movin-on2018_1040x400.jpg","type":"image\/jpeg"}],"author":"Ernesto Gil","twitter_card":"summary_large_image","twitter_creator":"@https:\/\/twitter.com\/Ernesto_C1996?lang=es","twitter_site":"@CentroUrbano","twitter_misc":{"Escrito por":"Ernesto Gil","Tiempo de lectura":"2 minutos"},"schema":{"@context":"https:\/\/schema.org","@graph":[{"@type":"Article","@id":"https:\/\/centrourbano.com\/revista\/urbanismo\/montreal-cumbre-internacional-movilidad-sustentable\/#article","isPartOf":{"@id":"https:\/\/centrourbano.com\/revista\/urbanismo\/montreal-cumbre-internacional-movilidad-sustentable\/"},"author":{"name":"Ernesto Gil","@id":"https:\/\/centrourbano.com\/revista\/#\/schema\/person\/d86dcb4351b6beb0855e5cb3bfda3a22"},"headline":"Montreal recibe cumbre internacional de movilidad sustentable","datePublished":"2018-05-24T22:20:51+00:00","mainEntityOfPage":{"@id":"https:\/\/centrourbano.com\/revista\/urbanismo\/montreal-cumbre-internacional-movilidad-sustentable\/"},"wordCount":317,"commentCount":0,"publisher":{"@id":"https:\/\/centrourbano.com\/revista\/#organization"},"image":{"@id":"https:\/\/centrourbano.com\/revista\/urbanismo\/montreal-cumbre-internacional-movilidad-sustentable\/#primaryimage"},"thumbnailUrl":"https:\/\/centrourbano.com\/revista\/wp-content\/uploads\/actu_movin-on2018_1040x400.jpg","keywords":["Canad\u00e1","Internacional","Michelin","Montreal","movilidad"],"articleSection":["Urbanismo"],"inLanguage":"es","potentialAction":[{"@type":"CommentAction","name":"Comment","target":["https:\/\/centrourbano.com\/revista\/urbanismo\/montreal-cumbre-internacional-movilidad-sustentable\/#respond"]}]},{"@type":"WebPage","@id":"https:\/\/centrourbano.com\/revista\/urbanismo\/montreal-cumbre-internacional-movilidad-sustentable\/","url":"https:\/\/centrourbano.com\/revista\/urbanismo\/montreal-cumbre-internacional-movilidad-sustentable\/","name":"Montreal recibe cumbre internacional de movilidad sustentable","isPartOf":{"@id":"https:\/\/centrourbano.com\/revista\/#website"},"primaryImageOfPage":{"@id":"https:\/\/centrourbano.com\/revista\/urbanismo\/montreal-cumbre-internacional-movilidad-sustentable\/#primaryimage"},"image":{"@id":"https:\/\/centrourbano.com\/revista\/urbanismo\/montreal-cumbre-internacional-movilidad-sustentable\/#primaryimage"},"thumbnailUrl":"https:\/\/centrourbano.com\/revista\/wp-content\/uploads\/actu_movin-on2018_1040x400.jpg","datePublished":"2018-05-24T22:20:51+00:00","description":"Calidad del aire, sociedad multimodal, innovaci\u00f3n y econom\u00eda circular, temas de discusi\u00f3n durante tres d\u00edas; se registra venta total de boletos del evento","breadcrumb":{"@id":"https:\/\/centrourbano.com\/revista\/urbanismo\/montreal-cumbre-internacional-movilidad-sustentable\/#breadcrumb"},"inLanguage":"es","potentialAction":[{"@type":"ReadAction","target":["https:\/\/centrourbano.com\/revista\/urbanismo\/montreal-cumbre-internacional-movilidad-sustentable\/"]}]},{"@type":"ImageObject","inLanguage":"es","@id":"https:\/\/centrourbano.com\/revista\/urbanismo\/montreal-cumbre-internacional-movilidad-sustentable\/#primaryimage","url":"https:\/\/centrourbano.com\/revista\/wp-content\/uploads\/actu_movin-on2018_1040x400.jpg","contentUrl":"https:\/\/centrourbano.com\/revista\/wp-content\/uploads\/actu_movin-on2018_1040x400.jpg","width":1040,"height":400,"caption":"Calidad del aire, sociedad multimodal, innovaci\u00f3n, econom\u00eda circular, entre los temas de discusi\u00f3n durante tres d\u00edas; se registra venta total de boletos del evento"},{"@type":"BreadcrumbList","@id":"https:\/\/centrourbano.com\/revista\/urbanismo\/montreal-cumbre-internacional-movilidad-sustentable\/#breadcrumb","itemListElement":[{"@type":"ListItem","position":1,"name":"Portada","item":"https:\/\/centrourbano.com\/revista\/"},{"@type":"ListItem","position":2,"name":"Montreal recibe cumbre internacional de movilidad sustentable"}]},{"@type":"WebSite","@id":"https:\/\/centrourbano.com\/revista\/#website","url":"https:\/\/centrourbano.com\/revista\/","name":"Centro Urbano","description":"Medio especializado en los sectores vivienda, inmobiliario, construcci\u00f3n, arquitectura y urbanismo.","publisher":{"@id":"https:\/\/centrourbano.com\/revista\/#organization"},"potentialAction":[{"@type":"SearchAction","target":{"@type":"EntryPoint","urlTemplate":"https:\/\/centrourbano.com\/revista\/?s={search_term_string}"},"query-input":{"@type":"PropertyValueSpecification","valueRequired":true,"valueName":"search_term_string"}}],"inLanguage":"es"},{"@type":"Organization","@id":"https:\/\/centrourbano.com\/revista\/#organization","name":"Centro Urbano","url":"https:\/\/centrourbano.com\/revista\/","logo":{"@type":"ImageObject","inLanguage":"es","@id":"https:\/\/centrourbano.com\/revista\/#\/schema\/logo\/image\/","url":"https:\/\/centrourbano.com\/revista\/wp-content\/uploads\/web_CU_logo-1.png","contentUrl":"https:\/\/centrourbano.com\/revista\/wp-content\/uploads\/web_CU_logo-1.png","width":350,"height":91,"caption":"Centro Urbano"},"image":{"@id":"https:\/\/centrourbano.com\/revista\/#\/schema\/logo\/image\/"},"sameAs":["https:\/\/www.facebook.com\/portalcentrourbano","https:\/\/x.com\/CentroUrbano","https:\/\/www.instagram.com\/centro_urbano\/","https:\/\/www.linkedin.com\/company\/centro-urbano\/","http:\/\/www.youtube.com\/user\/portalcentrourbano"]},{"@type":"Person","@id":"https:\/\/centrourbano.com\/revista\/#\/schema\/person\/d86dcb4351b6beb0855e5cb3bfda3a22","name":"Ernesto Gil","image":{"@type":"ImageObject","inLanguage":"es","@id":"https:\/\/secure.gravatar.com\/avatar\/8dbbb129f9dd066e97c18685ca45e8cf5113df97f8ca7e2ddab10d28f0127134?s=96&d=mm&r=g","url":"https:\/\/secure.gravatar.com\/avatar\/8dbbb129f9dd066e97c18685ca45e8cf5113df97f8ca7e2ddab10d28f0127134?s=96&d=mm&r=g","contentUrl":"https:\/\/secure.gravatar.com\/avatar\/8dbbb129f9dd066e97c18685ca45e8cf5113df97f8ca7e2ddab10d28f0127134?s=96&d=mm&r=g","caption":"Ernesto Gil"},"description":"Ciencias Pol\u00edticas y Administraci\u00f3n P\u00fablica, FCPyS - UNAM. Apasionado por la Historia, la pol\u00edtica, la arquitectura, el urbanismo y la lectura.","sameAs":["https:\/\/www.facebook.com\/ernesto.carmona.1460","https:\/\/x.com\/https:\/\/twitter.com\/Ernesto_C1996?lang=es"],"url":"https:\/\/centrourbano.com\/revista\/author\/ernesto-gil\/"}]}},"_links":{"self":[{"href":"https:\/\/centrourbano.com\/revista\/wp-json\/wp\/v2\/posts\/72062","targetHints":{"allow":["GET"]}}],"collection":[{"href":"https:\/\/centrourbano.com\/revista\/wp-json\/wp\/v2\/posts"}],"about":[{"href":"https:\/\/centrourbano.com\/revista\/wp-json\/wp\/v2\/types\/post"}],"author":[{"embeddable":true,"href":"https:\/\/centrourbano.com\/revista\/wp-json\/wp\/v2\/users\/65"}],"replies":[{"embeddable":true,"href":"https:\/\/centrourbano.com\/revista\/wp-json\/wp\/v2\/comments?post=72062"}],"version-history":[{"count":1,"href":"https:\/\/centrourbano.com\/revista\/wp-json\/wp\/v2\/posts\/72062\/revisions"}],"predecessor-version":[{"id":72064,"href":"https:\/\/centrourbano.com\/revista\/wp-json\/wp\/v2\/posts\/72062\/revisions\/72064"}],"wp:featuredmedia":[{"embeddable":true,"href":"https:\/\/centrourbano.com\/revista\/wp-json\/wp\/v2\/media\/72063"}],"wp:attachment":[{"href":"https:\/\/centrourbano.com\/revista\/wp-json\/wp\/v2\/media?parent=72062"}],"wp:term":[{"taxonomy":"category","embeddable":true,"href":"https:\/\/centrourbano.com\/revista\/wp-json\/wp\/v2\/categories?post=72062"},{"taxonomy":"post_tag","embeddable":true,"href":"https:\/\/centrourbano.com\/revista\/wp-json\/wp\/v2\/tags?post=72062"}],"curies":[{"name":"wp","href":"https:\/\/api.w.org\/{rel}","templated":true}]}}