{"id":72041,"date":"2018-05-24T15:08:07","date_gmt":"2018-05-24T20:08:07","guid":{"rendered":"https:\/\/centrourbano.com\/?p=72041"},"modified":"2018-05-24T15:08:07","modified_gmt":"2018-05-24T20:08:07","slug":"candidato-pri-alcaldia-puebla-reunion-canadevi","status":"publish","type":"post","link":"https:\/\/centrourbano.com\/revista\/historico\/elecciones-2018\/candidato-pri-alcaldia-puebla-reunion-canadevi\/","title":{"rendered":"Candidato del PRI a alcald\u00eda de Puebla se re\u00fane con Canadevi"},"content":{"rendered":"<p><em><span style=\"font-weight: 400\">Contralor\u00eda social, tr\u00e1mites eficientes y sin intermediarios, adem\u00e1s de reorientar crecimiento urbano, ejes de sus propuestas en la materia<\/span><\/em><!--more--><\/p>\n<p><span style=\"font-weight: 400\">Integrantes de la <a href=\"http:\/\/www.canadevi.com.mx\" target=\"_blank\" rel=\"noopener noreferrer\"><strong>C\u00e1mara Nacional de la Industria de Desarrollo y Promoci\u00f3n de Vivienda (Canadevi)<\/strong> <\/a>se reunieron con <a href=\"https:\/\/twitter.com\/gdeloya?lang=es\" target=\"_blank\" rel=\"noopener noreferrer\"><strong>Guillermo Deloya<\/strong><\/a>, candidato del Partido Revolucionario Institucional (PRI) a la alcald\u00eda de Puebla. <\/span><\/p>\n<p><span style=\"font-weight: 400\">Ante desarrolladores del estado, el aspirante present\u00f3 su plan y propuestas en el ramo. Mencion\u00f3 que tendr\u00e1 tres ejes de acci\u00f3n para combatir la pobreza urbana, mejorar la calidad de la vivienda urbana y elevar la calidad de vida: crear esquemas de participaci\u00f3n ciudadana como la contralor\u00eda social; eficientar los tr\u00e1mites, y reordenar y orientar el crecimiento urbano de la capital poblana.<\/span><\/p>\n<p><span style=\"font-weight: 400\">Deloya Cobi\u00e1n se\u00f1al\u00f3 que tecnificar los procesos y tr\u00e1mites ayuda a \u00a0combatir la corrupci\u00f3n, pues evita la intermediaci\u00f3n. Hizo hincapi\u00e9 tambi\u00e9n en reorientar el presupuesto, pues cerca de 82% se ejerce en gasto corriente, mientras que 18% se invierte en infraestructura productiva.<\/span><\/p>\n<p><span style=\"font-weight: 400\">El abanderado tricolor enfatiz\u00f3 la necesidad que tiene el municipio de observar la autonom\u00eda que brinda el art\u00edculo 115 constitucional, pues debe formular e implementar pol\u00edticas p\u00fablicas que brinden seguridad. Aprovech\u00f3 para indicar que la reorientaci\u00f3n del crecimiento urbano es prioritaria, pues zonas como el sur de la ciudad brindan oportunidades de desarrollo en materia de vivienda.<\/span><\/p>\n","protected":false},"excerpt":{"rendered":"<p>Contralor\u00eda social, tr\u00e1mites eficientes y sin intermediarios, adem\u00e1s de reorientar crecimiento urbano, ejes de sus propuestas en la materia<\/p>\n","protected":false},"author":65,"featured_media":72042,"comment_status":"open","ping_status":"closed","sticky":false,"template":"","format":"standard","meta":{"om_disable_all_campaigns":false,"inline_featured_image":false,"_monsterinsights_skip_tracking":false,"_monsterinsights_sitenote_active":false,"_monsterinsights_sitenote_note":"","_monsterinsights_sitenote_category":0,"footnotes":""},"categories":[13485],"tags":[99,11994,13513,6824,602,6156],"class_list":["post-72041","post","type-post","status-publish","format-standard","has-post-thumbnail","hentry","category-elecciones-2018","tag-canadevi","tag-elecciones-2018","tag-politica-urbana","tag-pri","tag-puebla","tag-urbanismo"],"yoast_head":"<!-- This site is optimized with the Yoast SEO plugin v27.5 - https:\/\/yoast.com\/product\/yoast-seo-wordpress\/ -->\n<title>Candidato del PRI a alcald\u00eda de Puebla se re\u00fane con Canadevi<\/title>\n<meta name=\"description\" content=\"Contralor\u00eda social, tr\u00e1mites eficientes y sin intermediarios, adem\u00e1s de reorientar crecimiento urbano, ejes de sus propuestas en la materia\" \/>\n<meta name=\"robots\" content=\"index, follow, max-snippet:-1, max-image-preview:large, max-video-preview:-1\" \/>\n<link rel=\"canonical\" href=\"https:\/\/centrourbano.com\/revista\/historico\/elecciones-2018\/candidato-pri-alcaldia-puebla-reunion-canadevi\/\" \/>\n<meta property=\"og:locale\" content=\"es_ES\" \/>\n<meta property=\"og:type\" content=\"article\" \/>\n<meta property=\"og:title\" content=\"Candidato del PRI a alcald\u00eda de Puebla se re\u00fane con Canadevi\" \/>\n<meta property=\"og:description\" content=\"Contralor\u00eda social, tr\u00e1mites eficientes y sin intermediarios, adem\u00e1s de reorientar crecimiento urbano, ejes de sus propuestas en la materia\" \/>\n<meta property=\"og:url\" content=\"https:\/\/centrourbano.com\/revista\/historico\/elecciones-2018\/candidato-pri-alcaldia-puebla-reunion-canadevi\/\" \/>\n<meta property=\"og:site_name\" content=\"Centro Urbano\" \/>\n<meta property=\"article:publisher\" content=\"https:\/\/www.facebook.com\/portalcentrourbano\" \/>\n<meta property=\"article:author\" content=\"https:\/\/www.facebook.com\/ernesto.carmona.1460\" \/>\n<meta property=\"article:published_time\" content=\"2018-05-24T20:08:07+00:00\" \/>\n<meta property=\"og:image\" content=\"https:\/\/centrourbano.com\/revista\/wp-content\/uploads\/33125706_1746821035385705_6545103363908829184_o.jpg\" \/>\n\t<meta property=\"og:image:width\" content=\"1280\" \/>\n\t<meta property=\"og:image:height\" content=\"852\" \/>\n\t<meta property=\"og:image:type\" content=\"image\/jpeg\" \/>\n<meta name=\"author\" content=\"Ernesto Gil\" \/>\n<meta name=\"twitter:card\" content=\"summary_large_image\" \/>\n<meta name=\"twitter:creator\" content=\"@https:\/\/twitter.com\/Ernesto_C1996?lang=es\" \/>\n<meta name=\"twitter:site\" content=\"@CentroUrbano\" \/>\n<meta name=\"twitter:label1\" content=\"Escrito por\" \/>\n\t<meta name=\"twitter:data1\" content=\"Ernesto Gil\" \/>\n\t<meta name=\"twitter:label2\" content=\"Tiempo de lectura\" \/>\n\t<meta name=\"twitter:data2\" content=\"1 minuto\" \/>\n<script type=\"application\/ld+json\" class=\"yoast-schema-graph\">{\"@context\":\"https:\\\/\\\/schema.org\",\"@graph\":[{\"@type\":\"Article\",\"@id\":\"https:\\\/\\\/centrourbano.com\\\/revista\\\/historico\\\/elecciones-2018\\\/candidato-pri-alcaldia-puebla-reunion-canadevi\\\/#article\",\"isPartOf\":{\"@id\":\"https:\\\/\\\/centrourbano.com\\\/revista\\\/historico\\\/elecciones-2018\\\/candidato-pri-alcaldia-puebla-reunion-canadevi\\\/\"},\"author\":{\"name\":\"Ernesto Gil\",\"@id\":\"https:\\\/\\\/centrourbano.com\\\/revista\\\/#\\\/schema\\\/person\\\/d86dcb4351b6beb0855e5cb3bfda3a22\"},\"headline\":\"Candidato del PRI a alcald\u00eda de Puebla se re\u00fane con Canadevi\",\"datePublished\":\"2018-05-24T20:08:07+00:00\",\"mainEntityOfPage\":{\"@id\":\"https:\\\/\\\/centrourbano.com\\\/revista\\\/historico\\\/elecciones-2018\\\/candidato-pri-alcaldia-puebla-reunion-canadevi\\\/\"},\"wordCount\":242,\"commentCount\":0,\"publisher\":{\"@id\":\"https:\\\/\\\/centrourbano.com\\\/revista\\\/#organization\"},\"image\":{\"@id\":\"https:\\\/\\\/centrourbano.com\\\/revista\\\/historico\\\/elecciones-2018\\\/candidato-pri-alcaldia-puebla-reunion-canadevi\\\/#primaryimage\"},\"thumbnailUrl\":\"https:\\\/\\\/centrourbano.com\\\/revista\\\/wp-content\\\/uploads\\\/33125706_1746821035385705_6545103363908829184_o.jpg\",\"keywords\":[\"Canadevi\",\"Elecciones 2018\",\"pol\u00edtica urbana\",\"PRI\",\"Puebla\",\"Urbanismo\"],\"articleSection\":[\"Elecciones 2018\"],\"inLanguage\":\"es\",\"potentialAction\":[{\"@type\":\"CommentAction\",\"name\":\"Comment\",\"target\":[\"https:\\\/\\\/centrourbano.com\\\/revista\\\/historico\\\/elecciones-2018\\\/candidato-pri-alcaldia-puebla-reunion-canadevi\\\/#respond\"]}]},{\"@type\":\"WebPage\",\"@id\":\"https:\\\/\\\/centrourbano.com\\\/revista\\\/historico\\\/elecciones-2018\\\/candidato-pri-alcaldia-puebla-reunion-canadevi\\\/\",\"url\":\"https:\\\/\\\/centrourbano.com\\\/revista\\\/historico\\\/elecciones-2018\\\/candidato-pri-alcaldia-puebla-reunion-canadevi\\\/\",\"name\":\"Candidato del PRI a alcald\u00eda de Puebla se re\u00fane con Canadevi\",\"isPartOf\":{\"@id\":\"https:\\\/\\\/centrourbano.com\\\/revista\\\/#website\"},\"primaryImageOfPage\":{\"@id\":\"https:\\\/\\\/centrourbano.com\\\/revista\\\/historico\\\/elecciones-2018\\\/candidato-pri-alcaldia-puebla-reunion-canadevi\\\/#primaryimage\"},\"image\":{\"@id\":\"https:\\\/\\\/centrourbano.com\\\/revista\\\/historico\\\/elecciones-2018\\\/candidato-pri-alcaldia-puebla-reunion-canadevi\\\/#primaryimage\"},\"thumbnailUrl\":\"https:\\\/\\\/centrourbano.com\\\/revista\\\/wp-content\\\/uploads\\\/33125706_1746821035385705_6545103363908829184_o.jpg\",\"datePublished\":\"2018-05-24T20:08:07+00:00\",\"description\":\"Contralor\u00eda social, tr\u00e1mites eficientes y sin intermediarios, adem\u00e1s de reorientar crecimiento urbano, ejes de sus propuestas en la materia\",\"breadcrumb\":{\"@id\":\"https:\\\/\\\/centrourbano.com\\\/revista\\\/historico\\\/elecciones-2018\\\/candidato-pri-alcaldia-puebla-reunion-canadevi\\\/#breadcrumb\"},\"inLanguage\":\"es\",\"potentialAction\":[{\"@type\":\"ReadAction\",\"target\":[\"https:\\\/\\\/centrourbano.com\\\/revista\\\/historico\\\/elecciones-2018\\\/candidato-pri-alcaldia-puebla-reunion-canadevi\\\/\"]}]},{\"@type\":\"ImageObject\",\"inLanguage\":\"es\",\"@id\":\"https:\\\/\\\/centrourbano.com\\\/revista\\\/historico\\\/elecciones-2018\\\/candidato-pri-alcaldia-puebla-reunion-canadevi\\\/#primaryimage\",\"url\":\"https:\\\/\\\/centrourbano.com\\\/revista\\\/wp-content\\\/uploads\\\/33125706_1746821035385705_6545103363908829184_o.jpg\",\"contentUrl\":\"https:\\\/\\\/centrourbano.com\\\/revista\\\/wp-content\\\/uploads\\\/33125706_1746821035385705_6545103363908829184_o.jpg\",\"width\":1280,\"height\":852,\"caption\":\"Contralor\u00eda social, tr\u00e1mites eficientes y sin intermediarios, adem\u00e1s de reorientar crecimiento urbano, ejes de sus propuestas en la materia\"},{\"@type\":\"BreadcrumbList\",\"@id\":\"https:\\\/\\\/centrourbano.com\\\/revista\\\/historico\\\/elecciones-2018\\\/candidato-pri-alcaldia-puebla-reunion-canadevi\\\/#breadcrumb\",\"itemListElement\":[{\"@type\":\"ListItem\",\"position\":1,\"name\":\"Portada\",\"item\":\"https:\\\/\\\/centrourbano.com\\\/revista\\\/\"},{\"@type\":\"ListItem\",\"position\":2,\"name\":\"Candidato del PRI a alcald\u00eda de Puebla se re\u00fane con Canadevi\"}]},{\"@type\":\"WebSite\",\"@id\":\"https:\\\/\\\/centrourbano.com\\\/revista\\\/#website\",\"url\":\"https:\\\/\\\/centrourbano.com\\\/revista\\\/\",\"name\":\"Centro Urbano\",\"description\":\"Medio especializado en los sectores vivienda, inmobiliario, construcci\u00f3n, arquitectura y urbanismo.\",\"publisher\":{\"@id\":\"https:\\\/\\\/centrourbano.com\\\/revista\\\/#organization\"},\"potentialAction\":[{\"@type\":\"SearchAction\",\"target\":{\"@type\":\"EntryPoint\",\"urlTemplate\":\"https:\\\/\\\/centrourbano.com\\\/revista\\\/?s={search_term_string}\"},\"query-input\":{\"@type\":\"PropertyValueSpecification\",\"valueRequired\":true,\"valueName\":\"search_term_string\"}}],\"inLanguage\":\"es\"},{\"@type\":\"Organization\",\"@id\":\"https:\\\/\\\/centrourbano.com\\\/revista\\\/#organization\",\"name\":\"Centro Urbano\",\"url\":\"https:\\\/\\\/centrourbano.com\\\/revista\\\/\",\"logo\":{\"@type\":\"ImageObject\",\"inLanguage\":\"es\",\"@id\":\"https:\\\/\\\/centrourbano.com\\\/revista\\\/#\\\/schema\\\/logo\\\/image\\\/\",\"url\":\"https:\\\/\\\/centrourbano.com\\\/revista\\\/wp-content\\\/uploads\\\/web_CU_logo-1.png\",\"contentUrl\":\"https:\\\/\\\/centrourbano.com\\\/revista\\\/wp-content\\\/uploads\\\/web_CU_logo-1.png\",\"width\":350,\"height\":91,\"caption\":\"Centro Urbano\"},\"image\":{\"@id\":\"https:\\\/\\\/centrourbano.com\\\/revista\\\/#\\\/schema\\\/logo\\\/image\\\/\"},\"sameAs\":[\"https:\\\/\\\/www.facebook.com\\\/portalcentrourbano\",\"https:\\\/\\\/x.com\\\/CentroUrbano\",\"https:\\\/\\\/www.instagram.com\\\/centro_urbano\\\/\",\"https:\\\/\\\/www.linkedin.com\\\/company\\\/centro-urbano\\\/\",\"http:\\\/\\\/www.youtube.com\\\/user\\\/portalcentrourbano\"]},{\"@type\":\"Person\",\"@id\":\"https:\\\/\\\/centrourbano.com\\\/revista\\\/#\\\/schema\\\/person\\\/d86dcb4351b6beb0855e5cb3bfda3a22\",\"name\":\"Ernesto Gil\",\"image\":{\"@type\":\"ImageObject\",\"inLanguage\":\"es\",\"@id\":\"https:\\\/\\\/secure.gravatar.com\\\/avatar\\\/8dbbb129f9dd066e97c18685ca45e8cf5113df97f8ca7e2ddab10d28f0127134?s=96&d=mm&r=g\",\"url\":\"https:\\\/\\\/secure.gravatar.com\\\/avatar\\\/8dbbb129f9dd066e97c18685ca45e8cf5113df97f8ca7e2ddab10d28f0127134?s=96&d=mm&r=g\",\"contentUrl\":\"https:\\\/\\\/secure.gravatar.com\\\/avatar\\\/8dbbb129f9dd066e97c18685ca45e8cf5113df97f8ca7e2ddab10d28f0127134?s=96&d=mm&r=g\",\"caption\":\"Ernesto Gil\"},\"description\":\"Ciencias Pol\u00edticas y Administraci\u00f3n P\u00fablica, FCPyS - UNAM. Apasionado por la Historia, la pol\u00edtica, la arquitectura, el urbanismo y la lectura.\",\"sameAs\":[\"https:\\\/\\\/www.facebook.com\\\/ernesto.carmona.1460\",\"https:\\\/\\\/x.com\\\/https:\\\/\\\/twitter.com\\\/Ernesto_C1996?lang=es\"],\"url\":\"https:\\\/\\\/centrourbano.com\\\/revista\\\/author\\\/ernesto-gil\\\/\"}]}<\/script>\n<!-- \/ Yoast SEO plugin. -->","yoast_head_json":{"title":"Candidato del PRI a alcald\u00eda de Puebla se re\u00fane con Canadevi","description":"Contralor\u00eda social, tr\u00e1mites eficientes y sin intermediarios, adem\u00e1s de reorientar crecimiento urbano, ejes de sus propuestas en la materia","robots":{"index":"index","follow":"follow","max-snippet":"max-snippet:-1","max-image-preview":"max-image-preview:large","max-video-preview":"max-video-preview:-1"},"canonical":"https:\/\/centrourbano.com\/revista\/historico\/elecciones-2018\/candidato-pri-alcaldia-puebla-reunion-canadevi\/","og_locale":"es_ES","og_type":"article","og_title":"Candidato del PRI a alcald\u00eda de Puebla se re\u00fane con Canadevi","og_description":"Contralor\u00eda social, tr\u00e1mites eficientes y sin intermediarios, adem\u00e1s de reorientar crecimiento urbano, ejes de sus propuestas en la materia","og_url":"https:\/\/centrourbano.com\/revista\/historico\/elecciones-2018\/candidato-pri-alcaldia-puebla-reunion-canadevi\/","og_site_name":"Centro Urbano","article_publisher":"https:\/\/www.facebook.com\/portalcentrourbano","article_author":"https:\/\/www.facebook.com\/ernesto.carmona.1460","article_published_time":"2018-05-24T20:08:07+00:00","og_image":[{"width":1280,"height":852,"url":"https:\/\/centrourbano.com\/revista\/wp-content\/uploads\/33125706_1746821035385705_6545103363908829184_o.jpg","type":"image\/jpeg"}],"author":"Ernesto Gil","twitter_card":"summary_large_image","twitter_creator":"@https:\/\/twitter.com\/Ernesto_C1996?lang=es","twitter_site":"@CentroUrbano","twitter_misc":{"Escrito por":"Ernesto Gil","Tiempo de lectura":"1 minuto"},"schema":{"@context":"https:\/\/schema.org","@graph":[{"@type":"Article","@id":"https:\/\/centrourbano.com\/revista\/historico\/elecciones-2018\/candidato-pri-alcaldia-puebla-reunion-canadevi\/#article","isPartOf":{"@id":"https:\/\/centrourbano.com\/revista\/historico\/elecciones-2018\/candidato-pri-alcaldia-puebla-reunion-canadevi\/"},"author":{"name":"Ernesto Gil","@id":"https:\/\/centrourbano.com\/revista\/#\/schema\/person\/d86dcb4351b6beb0855e5cb3bfda3a22"},"headline":"Candidato del PRI a alcald\u00eda de Puebla se re\u00fane con Canadevi","datePublished":"2018-05-24T20:08:07+00:00","mainEntityOfPage":{"@id":"https:\/\/centrourbano.com\/revista\/historico\/elecciones-2018\/candidato-pri-alcaldia-puebla-reunion-canadevi\/"},"wordCount":242,"commentCount":0,"publisher":{"@id":"https:\/\/centrourbano.com\/revista\/#organization"},"image":{"@id":"https:\/\/centrourbano.com\/revista\/historico\/elecciones-2018\/candidato-pri-alcaldia-puebla-reunion-canadevi\/#primaryimage"},"thumbnailUrl":"https:\/\/centrourbano.com\/revista\/wp-content\/uploads\/33125706_1746821035385705_6545103363908829184_o.jpg","keywords":["Canadevi","Elecciones 2018","pol\u00edtica urbana","PRI","Puebla","Urbanismo"],"articleSection":["Elecciones 2018"],"inLanguage":"es","potentialAction":[{"@type":"CommentAction","name":"Comment","target":["https:\/\/centrourbano.com\/revista\/historico\/elecciones-2018\/candidato-pri-alcaldia-puebla-reunion-canadevi\/#respond"]}]},{"@type":"WebPage","@id":"https:\/\/centrourbano.com\/revista\/historico\/elecciones-2018\/candidato-pri-alcaldia-puebla-reunion-canadevi\/","url":"https:\/\/centrourbano.com\/revista\/historico\/elecciones-2018\/candidato-pri-alcaldia-puebla-reunion-canadevi\/","name":"Candidato del PRI a alcald\u00eda de Puebla se re\u00fane con Canadevi","isPartOf":{"@id":"https:\/\/centrourbano.com\/revista\/#website"},"primaryImageOfPage":{"@id":"https:\/\/centrourbano.com\/revista\/historico\/elecciones-2018\/candidato-pri-alcaldia-puebla-reunion-canadevi\/#primaryimage"},"image":{"@id":"https:\/\/centrourbano.com\/revista\/historico\/elecciones-2018\/candidato-pri-alcaldia-puebla-reunion-canadevi\/#primaryimage"},"thumbnailUrl":"https:\/\/centrourbano.com\/revista\/wp-content\/uploads\/33125706_1746821035385705_6545103363908829184_o.jpg","datePublished":"2018-05-24T20:08:07+00:00","description":"Contralor\u00eda social, tr\u00e1mites eficientes y sin intermediarios, adem\u00e1s de reorientar crecimiento urbano, ejes de sus propuestas en la materia","breadcrumb":{"@id":"https:\/\/centrourbano.com\/revista\/historico\/elecciones-2018\/candidato-pri-alcaldia-puebla-reunion-canadevi\/#breadcrumb"},"inLanguage":"es","potentialAction":[{"@type":"ReadAction","target":["https:\/\/centrourbano.com\/revista\/historico\/elecciones-2018\/candidato-pri-alcaldia-puebla-reunion-canadevi\/"]}]},{"@type":"ImageObject","inLanguage":"es","@id":"https:\/\/centrourbano.com\/revista\/historico\/elecciones-2018\/candidato-pri-alcaldia-puebla-reunion-canadevi\/#primaryimage","url":"https:\/\/centrourbano.com\/revista\/wp-content\/uploads\/33125706_1746821035385705_6545103363908829184_o.jpg","contentUrl":"https:\/\/centrourbano.com\/revista\/wp-content\/uploads\/33125706_1746821035385705_6545103363908829184_o.jpg","width":1280,"height":852,"caption":"Contralor\u00eda social, tr\u00e1mites eficientes y sin intermediarios, adem\u00e1s de reorientar crecimiento urbano, ejes de sus propuestas en la materia"},{"@type":"BreadcrumbList","@id":"https:\/\/centrourbano.com\/revista\/historico\/elecciones-2018\/candidato-pri-alcaldia-puebla-reunion-canadevi\/#breadcrumb","itemListElement":[{"@type":"ListItem","position":1,"name":"Portada","item":"https:\/\/centrourbano.com\/revista\/"},{"@type":"ListItem","position":2,"name":"Candidato del PRI a alcald\u00eda de Puebla se re\u00fane con Canadevi"}]},{"@type":"WebSite","@id":"https:\/\/centrourbano.com\/revista\/#website","url":"https:\/\/centrourbano.com\/revista\/","name":"Centro Urbano","description":"Medio especializado en los sectores vivienda, inmobiliario, construcci\u00f3n, arquitectura y urbanismo.","publisher":{"@id":"https:\/\/centrourbano.com\/revista\/#organization"},"potentialAction":[{"@type":"SearchAction","target":{"@type":"EntryPoint","urlTemplate":"https:\/\/centrourbano.com\/revista\/?s={search_term_string}"},"query-input":{"@type":"PropertyValueSpecification","valueRequired":true,"valueName":"search_term_string"}}],"inLanguage":"es"},{"@type":"Organization","@id":"https:\/\/centrourbano.com\/revista\/#organization","name":"Centro Urbano","url":"https:\/\/centrourbano.com\/revista\/","logo":{"@type":"ImageObject","inLanguage":"es","@id":"https:\/\/centrourbano.com\/revista\/#\/schema\/logo\/image\/","url":"https:\/\/centrourbano.com\/revista\/wp-content\/uploads\/web_CU_logo-1.png","contentUrl":"https:\/\/centrourbano.com\/revista\/wp-content\/uploads\/web_CU_logo-1.png","width":350,"height":91,"caption":"Centro Urbano"},"image":{"@id":"https:\/\/centrourbano.com\/revista\/#\/schema\/logo\/image\/"},"sameAs":["https:\/\/www.facebook.com\/portalcentrourbano","https:\/\/x.com\/CentroUrbano","https:\/\/www.instagram.com\/centro_urbano\/","https:\/\/www.linkedin.com\/company\/centro-urbano\/","http:\/\/www.youtube.com\/user\/portalcentrourbano"]},{"@type":"Person","@id":"https:\/\/centrourbano.com\/revista\/#\/schema\/person\/d86dcb4351b6beb0855e5cb3bfda3a22","name":"Ernesto Gil","image":{"@type":"ImageObject","inLanguage":"es","@id":"https:\/\/secure.gravatar.com\/avatar\/8dbbb129f9dd066e97c18685ca45e8cf5113df97f8ca7e2ddab10d28f0127134?s=96&d=mm&r=g","url":"https:\/\/secure.gravatar.com\/avatar\/8dbbb129f9dd066e97c18685ca45e8cf5113df97f8ca7e2ddab10d28f0127134?s=96&d=mm&r=g","contentUrl":"https:\/\/secure.gravatar.com\/avatar\/8dbbb129f9dd066e97c18685ca45e8cf5113df97f8ca7e2ddab10d28f0127134?s=96&d=mm&r=g","caption":"Ernesto Gil"},"description":"Ciencias Pol\u00edticas y Administraci\u00f3n P\u00fablica, FCPyS - UNAM. Apasionado por la Historia, la pol\u00edtica, la arquitectura, el urbanismo y la lectura.","sameAs":["https:\/\/www.facebook.com\/ernesto.carmona.1460","https:\/\/x.com\/https:\/\/twitter.com\/Ernesto_C1996?lang=es"],"url":"https:\/\/centrourbano.com\/revista\/author\/ernesto-gil\/"}]}},"_links":{"self":[{"href":"https:\/\/centrourbano.com\/revista\/wp-json\/wp\/v2\/posts\/72041","targetHints":{"allow":["GET"]}}],"collection":[{"href":"https:\/\/centrourbano.com\/revista\/wp-json\/wp\/v2\/posts"}],"about":[{"href":"https:\/\/centrourbano.com\/revista\/wp-json\/wp\/v2\/types\/post"}],"author":[{"embeddable":true,"href":"https:\/\/centrourbano.com\/revista\/wp-json\/wp\/v2\/users\/65"}],"replies":[{"embeddable":true,"href":"https:\/\/centrourbano.com\/revista\/wp-json\/wp\/v2\/comments?post=72041"}],"version-history":[{"count":1,"href":"https:\/\/centrourbano.com\/revista\/wp-json\/wp\/v2\/posts\/72041\/revisions"}],"predecessor-version":[{"id":72043,"href":"https:\/\/centrourbano.com\/revista\/wp-json\/wp\/v2\/posts\/72041\/revisions\/72043"}],"wp:featuredmedia":[{"embeddable":true,"href":"https:\/\/centrourbano.com\/revista\/wp-json\/wp\/v2\/media\/72042"}],"wp:attachment":[{"href":"https:\/\/centrourbano.com\/revista\/wp-json\/wp\/v2\/media?parent=72041"}],"wp:term":[{"taxonomy":"category","embeddable":true,"href":"https:\/\/centrourbano.com\/revista\/wp-json\/wp\/v2\/categories?post=72041"},{"taxonomy":"post_tag","embeddable":true,"href":"https:\/\/centrourbano.com\/revista\/wp-json\/wp\/v2\/tags?post=72041"}],"curies":[{"name":"wp","href":"https:\/\/api.w.org\/{rel}","templated":true}]}}