{"id":71799,"date":"2018-05-22T17:02:31","date_gmt":"2018-05-22T22:02:31","guid":{"rendered":"https:\/\/centrourbano.com\/?p=71799"},"modified":"2018-05-23T14:20:47","modified_gmt":"2018-05-23T19:20:47","slug":"quien-es-jose-luis-romero-hicks","status":"publish","type":"post","link":"https:\/\/centrourbano.com\/revista\/historico\/elecciones-2018\/quien-es-jose-luis-romero-hicks\/","title":{"rendered":"\u00bfQui\u00e9n es Jos\u00e9 Luis Romero Hicks?"},"content":{"rendered":"<p><em>El abogado se encargar\u00eda de llevar la agenda de vivienda y desarrollo urbano de Jos\u00e9 Antonio Meade<!--more--><\/em><\/p>\n<p>Hace unos meses el candidato a la presidencia por la coalici\u00f3n \u2018Todos por M\u00e9xico\u2019, Jos\u00e9 Antonio Meade, dio a conocer que el encargado de llevar la agenda que compete en temas de vivienda y desarrollo urbano ser\u00eda Jos\u00e9 Luis Romero Hicks, abogado que ha desempe\u00f1ado diversos cargos tanto en el sector p\u00fablico como privado.<\/p>\n<p>Originario del estado de Guanajuato, donde actualmente preside la Fundaci\u00f3n Colosio, Romero Hicks se gradu\u00f3 como Licenciado en Derecho por la Universidad de Guanajuato, Licenciado en Ciencias Pol\u00edticas por la Universidad de Lawrence, as\u00ed como de Maestro en Ciencias Sociales y Econom\u00eda por la Universidad del Sur de Oregon.<\/p>\n<p>Actualmente forma parte del Consejo Pol\u00edtico del Partido Revolucionario Institucional (PRI), y dentro de su trayectoria destaca que fue director general de Planeaci\u00f3n de la Universidad de Guanajuato, as\u00ed como secretario de Planeaci\u00f3n y Finanzas del gobierno estatal.<\/p>\n<p>Se desempe\u00f1\u00f3 como director general de Pol\u00edtica y Fomento a la Vivienda en la Secretar\u00eda de Desarrollo Social, fue consejero propietario de Petr\u00f3leos Mexicanos (Pemex) y director general del Banco Nacional de Comercio Exterior (Bancomext). Adem\u00e1s, este pol\u00edtico fungi\u00f3 como consejero econ\u00f3mico en las embajadas de M\u00e9xico en la India y Jap\u00f3n.<\/p>\n<p>As\u00ed mismo, fue miembro del Consejo de Administraci\u00f3n de del Instituto del Fondo Nacional de la Vivienda para los Trabajadores (Infonavit), del FOVI y del Fovissste.<br \/>\nTambi\u00e9n destaca que, durante el gobierno de transici\u00f3n del presidente Vicente Fox, Jos\u00e9 Romero Hicks fungi\u00f3 como co-presidente del Comit\u00e9 de Pol\u00edtica de Vivienda.<\/p>\n","protected":false},"excerpt":{"rendered":"<p>El abogado se encargar\u00eda de llevar la agenda de vivienda y desarrollo urbano de Jos\u00e9 Antonio Meade<\/p>\n","protected":false},"author":9,"featured_media":71925,"comment_status":"open","ping_status":"closed","sticky":false,"template":"","format":"standard","meta":{"om_disable_all_campaigns":false,"inline_featured_image":false,"_monsterinsights_skip_tracking":false,"_monsterinsights_sitenote_active":false,"_monsterinsights_sitenote_note":"","_monsterinsights_sitenote_category":0,"footnotes":""},"categories":[13485],"tags":[146,11994,11530,155,100,8207,13488,13489,60],"class_list":["post-71799","post","type-post","status-publish","format-standard","has-post-thumbnail","hentry","category-elecciones-2018","tag-desarrollo-urbano","tag-elecciones-2018","tag-fovi","tag-fovissste","tag-infonavit","tag-jose-antonio-meade","tag-jose-luis-romero-hicks","tag-todos-por-mexico","tag-vivienda-2"],"yoast_head":"<!-- This site is optimized with the Yoast SEO plugin v27.4 - https:\/\/yoast.com\/product\/yoast-seo-wordpress\/ -->\n<title>\u00bfQui\u00e9n es Jos\u00e9 Luis Romero Hicks?<\/title>\n<meta name=\"description\" content=\"El abogado se encargar\u00eda de llevar la agenda de vivienda y desarrollo urbano de Jos\u00e9 Antonio Meade\" \/>\n<meta name=\"robots\" content=\"index, follow, max-snippet:-1, max-image-preview:large, max-video-preview:-1\" \/>\n<link rel=\"canonical\" href=\"https:\/\/centrourbano.com\/revista\/historico\/elecciones-2018\/quien-es-jose-luis-romero-hicks\/\" \/>\n<meta property=\"og:locale\" content=\"es_ES\" \/>\n<meta property=\"og:type\" content=\"article\" \/>\n<meta property=\"og:title\" content=\"\u00bfQui\u00e9n es Jos\u00e9 Luis Romero Hicks?\" \/>\n<meta property=\"og:description\" content=\"El abogado se encargar\u00eda de llevar la agenda de vivienda y desarrollo urbano de Jos\u00e9 Antonio Meade\" \/>\n<meta property=\"og:url\" content=\"https:\/\/centrourbano.com\/revista\/historico\/elecciones-2018\/quien-es-jose-luis-romero-hicks\/\" \/>\n<meta property=\"og:site_name\" content=\"Centro Urbano\" \/>\n<meta property=\"article:publisher\" content=\"https:\/\/www.facebook.com\/portalcentrourbano\" \/>\n<meta property=\"article:published_time\" content=\"2018-05-22T22:02:31+00:00\" \/>\n<meta property=\"article:modified_time\" content=\"2018-05-23T19:20:47+00:00\" \/>\n<meta property=\"og:image\" content=\"https:\/\/centrourbano.com\/revista\/wp-content\/uploads\/Meade-copy.jpg\" \/>\n\t<meta property=\"og:image:width\" content=\"850\" \/>\n\t<meta property=\"og:image:height\" content=\"515\" \/>\n\t<meta property=\"og:image:type\" content=\"image\/jpeg\" \/>\n<meta name=\"author\" content=\"Dinorah Nava\" \/>\n<meta name=\"twitter:card\" content=\"summary_large_image\" \/>\n<meta name=\"twitter:creator\" content=\"@https:\/\/twitter.com\/Dinorah_Nava28\" \/>\n<meta name=\"twitter:site\" content=\"@CentroUrbano\" \/>\n<meta name=\"twitter:label1\" content=\"Escrito por\" \/>\n\t<meta name=\"twitter:data1\" content=\"Dinorah Nava\" \/>\n\t<meta name=\"twitter:label2\" content=\"Tiempo de lectura\" \/>\n\t<meta name=\"twitter:data2\" content=\"1 minuto\" \/>\n<script type=\"application\/ld+json\" class=\"yoast-schema-graph\">{\"@context\":\"https:\\\/\\\/schema.org\",\"@graph\":[{\"@type\":\"Article\",\"@id\":\"https:\\\/\\\/centrourbano.com\\\/revista\\\/historico\\\/elecciones-2018\\\/quien-es-jose-luis-romero-hicks\\\/#article\",\"isPartOf\":{\"@id\":\"https:\\\/\\\/centrourbano.com\\\/revista\\\/historico\\\/elecciones-2018\\\/quien-es-jose-luis-romero-hicks\\\/\"},\"author\":{\"name\":\"Dinorah Nava\",\"@id\":\"https:\\\/\\\/centrourbano.com\\\/revista\\\/#\\\/schema\\\/person\\\/b45db815d96831257ba428a3d5a5fbdc\"},\"headline\":\"\u00bfQui\u00e9n es Jos\u00e9 Luis Romero Hicks?\",\"datePublished\":\"2018-05-22T22:02:31+00:00\",\"dateModified\":\"2018-05-23T19:20:47+00:00\",\"mainEntityOfPage\":{\"@id\":\"https:\\\/\\\/centrourbano.com\\\/revista\\\/historico\\\/elecciones-2018\\\/quien-es-jose-luis-romero-hicks\\\/\"},\"wordCount\":291,\"commentCount\":0,\"publisher\":{\"@id\":\"https:\\\/\\\/centrourbano.com\\\/revista\\\/#organization\"},\"image\":{\"@id\":\"https:\\\/\\\/centrourbano.com\\\/revista\\\/historico\\\/elecciones-2018\\\/quien-es-jose-luis-romero-hicks\\\/#primaryimage\"},\"thumbnailUrl\":\"https:\\\/\\\/centrourbano.com\\\/revista\\\/wp-content\\\/uploads\\\/Meade-copy.jpg\",\"keywords\":[\"Desarrollo urbano\",\"Elecciones 2018\",\"Fovi\",\"Fovissste\",\"Infonavit\",\"Jos\u00e9 Antonio Meade\",\"Jos\u00e9 Luis Romero Hicks\",\"Todos por M\u00e9xico\",\"vivienda\"],\"articleSection\":[\"Elecciones 2018\"],\"inLanguage\":\"es\",\"potentialAction\":[{\"@type\":\"CommentAction\",\"name\":\"Comment\",\"target\":[\"https:\\\/\\\/centrourbano.com\\\/revista\\\/historico\\\/elecciones-2018\\\/quien-es-jose-luis-romero-hicks\\\/#respond\"]}]},{\"@type\":\"WebPage\",\"@id\":\"https:\\\/\\\/centrourbano.com\\\/revista\\\/historico\\\/elecciones-2018\\\/quien-es-jose-luis-romero-hicks\\\/\",\"url\":\"https:\\\/\\\/centrourbano.com\\\/revista\\\/historico\\\/elecciones-2018\\\/quien-es-jose-luis-romero-hicks\\\/\",\"name\":\"\u00bfQui\u00e9n es Jos\u00e9 Luis Romero Hicks?\",\"isPartOf\":{\"@id\":\"https:\\\/\\\/centrourbano.com\\\/revista\\\/#website\"},\"primaryImageOfPage\":{\"@id\":\"https:\\\/\\\/centrourbano.com\\\/revista\\\/historico\\\/elecciones-2018\\\/quien-es-jose-luis-romero-hicks\\\/#primaryimage\"},\"image\":{\"@id\":\"https:\\\/\\\/centrourbano.com\\\/revista\\\/historico\\\/elecciones-2018\\\/quien-es-jose-luis-romero-hicks\\\/#primaryimage\"},\"thumbnailUrl\":\"https:\\\/\\\/centrourbano.com\\\/revista\\\/wp-content\\\/uploads\\\/Meade-copy.jpg\",\"datePublished\":\"2018-05-22T22:02:31+00:00\",\"dateModified\":\"2018-05-23T19:20:47+00:00\",\"description\":\"El abogado se encargar\u00eda de llevar la agenda de vivienda y desarrollo urbano de Jos\u00e9 Antonio Meade\",\"breadcrumb\":{\"@id\":\"https:\\\/\\\/centrourbano.com\\\/revista\\\/historico\\\/elecciones-2018\\\/quien-es-jose-luis-romero-hicks\\\/#breadcrumb\"},\"inLanguage\":\"es\",\"potentialAction\":[{\"@type\":\"ReadAction\",\"target\":[\"https:\\\/\\\/centrourbano.com\\\/revista\\\/historico\\\/elecciones-2018\\\/quien-es-jose-luis-romero-hicks\\\/\"]}]},{\"@type\":\"ImageObject\",\"inLanguage\":\"es\",\"@id\":\"https:\\\/\\\/centrourbano.com\\\/revista\\\/historico\\\/elecciones-2018\\\/quien-es-jose-luis-romero-hicks\\\/#primaryimage\",\"url\":\"https:\\\/\\\/centrourbano.com\\\/revista\\\/wp-content\\\/uploads\\\/Meade-copy.jpg\",\"contentUrl\":\"https:\\\/\\\/centrourbano.com\\\/revista\\\/wp-content\\\/uploads\\\/Meade-copy.jpg\",\"width\":850,\"height\":515},{\"@type\":\"BreadcrumbList\",\"@id\":\"https:\\\/\\\/centrourbano.com\\\/revista\\\/historico\\\/elecciones-2018\\\/quien-es-jose-luis-romero-hicks\\\/#breadcrumb\",\"itemListElement\":[{\"@type\":\"ListItem\",\"position\":1,\"name\":\"Portada\",\"item\":\"https:\\\/\\\/centrourbano.com\\\/revista\\\/\"},{\"@type\":\"ListItem\",\"position\":2,\"name\":\"\u00bfQui\u00e9n es Jos\u00e9 Luis Romero Hicks?\"}]},{\"@type\":\"WebSite\",\"@id\":\"https:\\\/\\\/centrourbano.com\\\/revista\\\/#website\",\"url\":\"https:\\\/\\\/centrourbano.com\\\/revista\\\/\",\"name\":\"Centro Urbano\",\"description\":\"Medio especializado en los sectores vivienda, inmobiliario, construcci\u00f3n, arquitectura y urbanismo.\",\"publisher\":{\"@id\":\"https:\\\/\\\/centrourbano.com\\\/revista\\\/#organization\"},\"potentialAction\":[{\"@type\":\"SearchAction\",\"target\":{\"@type\":\"EntryPoint\",\"urlTemplate\":\"https:\\\/\\\/centrourbano.com\\\/revista\\\/?s={search_term_string}\"},\"query-input\":{\"@type\":\"PropertyValueSpecification\",\"valueRequired\":true,\"valueName\":\"search_term_string\"}}],\"inLanguage\":\"es\"},{\"@type\":\"Organization\",\"@id\":\"https:\\\/\\\/centrourbano.com\\\/revista\\\/#organization\",\"name\":\"Centro Urbano\",\"url\":\"https:\\\/\\\/centrourbano.com\\\/revista\\\/\",\"logo\":{\"@type\":\"ImageObject\",\"inLanguage\":\"es\",\"@id\":\"https:\\\/\\\/centrourbano.com\\\/revista\\\/#\\\/schema\\\/logo\\\/image\\\/\",\"url\":\"https:\\\/\\\/centrourbano.com\\\/revista\\\/wp-content\\\/uploads\\\/web_CU_logo-1.png\",\"contentUrl\":\"https:\\\/\\\/centrourbano.com\\\/revista\\\/wp-content\\\/uploads\\\/web_CU_logo-1.png\",\"width\":350,\"height\":91,\"caption\":\"Centro Urbano\"},\"image\":{\"@id\":\"https:\\\/\\\/centrourbano.com\\\/revista\\\/#\\\/schema\\\/logo\\\/image\\\/\"},\"sameAs\":[\"https:\\\/\\\/www.facebook.com\\\/portalcentrourbano\",\"https:\\\/\\\/x.com\\\/CentroUrbano\",\"https:\\\/\\\/www.instagram.com\\\/centro_urbano\\\/\",\"https:\\\/\\\/www.linkedin.com\\\/company\\\/centro-urbano\\\/\",\"http:\\\/\\\/www.youtube.com\\\/user\\\/portalcentrourbano\"]},{\"@type\":\"Person\",\"@id\":\"https:\\\/\\\/centrourbano.com\\\/revista\\\/#\\\/schema\\\/person\\\/b45db815d96831257ba428a3d5a5fbdc\",\"name\":\"Dinorah Nava\",\"image\":{\"@type\":\"ImageObject\",\"inLanguage\":\"es\",\"@id\":\"https:\\\/\\\/secure.gravatar.com\\\/avatar\\\/f6ca6430c51d147f363940f84e1225aa4b8183885c11802cc3b042305a4ecc1a?s=96&d=mm&r=g\",\"url\":\"https:\\\/\\\/secure.gravatar.com\\\/avatar\\\/f6ca6430c51d147f363940f84e1225aa4b8183885c11802cc3b042305a4ecc1a?s=96&d=mm&r=g\",\"contentUrl\":\"https:\\\/\\\/secure.gravatar.com\\\/avatar\\\/f6ca6430c51d147f363940f84e1225aa4b8183885c11802cc3b042305a4ecc1a?s=96&d=mm&r=g\",\"caption\":\"Dinorah Nava\"},\"description\":\"Editora de Contenidos y Estrategias Digitales en Centro Urbano y Coeditora en Peri\u00f3dico Mi Casa. Egresada de la licenciatura en Comunicaci\u00f3n y Periodismo de la Facultad de Estudios Superiores Arag\u00f3n (UNAM). Amante de la edici\u00f3n y correcci\u00f3n de estilo, las redes sociales y el mundo digital. Especialista en temas son arquitectura, inmobiliario y urbanismo.\",\"sameAs\":[\"linkedin.com\\\/in\\\/dinorah-nava\",\"https:\\\/\\\/x.com\\\/https:\\\/\\\/twitter.com\\\/Dinorah_Nava28\"],\"url\":\"https:\\\/\\\/centrourbano.com\\\/revista\\\/author\\\/dinorah-nava\\\/\"}]}<\/script>\n<!-- \/ Yoast SEO plugin. -->","yoast_head_json":{"title":"\u00bfQui\u00e9n es Jos\u00e9 Luis Romero Hicks?","description":"El abogado se encargar\u00eda de llevar la agenda de vivienda y desarrollo urbano de Jos\u00e9 Antonio Meade","robots":{"index":"index","follow":"follow","max-snippet":"max-snippet:-1","max-image-preview":"max-image-preview:large","max-video-preview":"max-video-preview:-1"},"canonical":"https:\/\/centrourbano.com\/revista\/historico\/elecciones-2018\/quien-es-jose-luis-romero-hicks\/","og_locale":"es_ES","og_type":"article","og_title":"\u00bfQui\u00e9n es Jos\u00e9 Luis Romero Hicks?","og_description":"El abogado se encargar\u00eda de llevar la agenda de vivienda y desarrollo urbano de Jos\u00e9 Antonio Meade","og_url":"https:\/\/centrourbano.com\/revista\/historico\/elecciones-2018\/quien-es-jose-luis-romero-hicks\/","og_site_name":"Centro Urbano","article_publisher":"https:\/\/www.facebook.com\/portalcentrourbano","article_published_time":"2018-05-22T22:02:31+00:00","article_modified_time":"2018-05-23T19:20:47+00:00","og_image":[{"width":850,"height":515,"url":"https:\/\/centrourbano.com\/revista\/wp-content\/uploads\/Meade-copy.jpg","type":"image\/jpeg"}],"author":"Dinorah Nava","twitter_card":"summary_large_image","twitter_creator":"@https:\/\/twitter.com\/Dinorah_Nava28","twitter_site":"@CentroUrbano","twitter_misc":{"Escrito por":"Dinorah Nava","Tiempo de lectura":"1 minuto"},"schema":{"@context":"https:\/\/schema.org","@graph":[{"@type":"Article","@id":"https:\/\/centrourbano.com\/revista\/historico\/elecciones-2018\/quien-es-jose-luis-romero-hicks\/#article","isPartOf":{"@id":"https:\/\/centrourbano.com\/revista\/historico\/elecciones-2018\/quien-es-jose-luis-romero-hicks\/"},"author":{"name":"Dinorah Nava","@id":"https:\/\/centrourbano.com\/revista\/#\/schema\/person\/b45db815d96831257ba428a3d5a5fbdc"},"headline":"\u00bfQui\u00e9n es Jos\u00e9 Luis Romero Hicks?","datePublished":"2018-05-22T22:02:31+00:00","dateModified":"2018-05-23T19:20:47+00:00","mainEntityOfPage":{"@id":"https:\/\/centrourbano.com\/revista\/historico\/elecciones-2018\/quien-es-jose-luis-romero-hicks\/"},"wordCount":291,"commentCount":0,"publisher":{"@id":"https:\/\/centrourbano.com\/revista\/#organization"},"image":{"@id":"https:\/\/centrourbano.com\/revista\/historico\/elecciones-2018\/quien-es-jose-luis-romero-hicks\/#primaryimage"},"thumbnailUrl":"https:\/\/centrourbano.com\/revista\/wp-content\/uploads\/Meade-copy.jpg","keywords":["Desarrollo urbano","Elecciones 2018","Fovi","Fovissste","Infonavit","Jos\u00e9 Antonio Meade","Jos\u00e9 Luis Romero Hicks","Todos por M\u00e9xico","vivienda"],"articleSection":["Elecciones 2018"],"inLanguage":"es","potentialAction":[{"@type":"CommentAction","name":"Comment","target":["https:\/\/centrourbano.com\/revista\/historico\/elecciones-2018\/quien-es-jose-luis-romero-hicks\/#respond"]}]},{"@type":"WebPage","@id":"https:\/\/centrourbano.com\/revista\/historico\/elecciones-2018\/quien-es-jose-luis-romero-hicks\/","url":"https:\/\/centrourbano.com\/revista\/historico\/elecciones-2018\/quien-es-jose-luis-romero-hicks\/","name":"\u00bfQui\u00e9n es Jos\u00e9 Luis Romero Hicks?","isPartOf":{"@id":"https:\/\/centrourbano.com\/revista\/#website"},"primaryImageOfPage":{"@id":"https:\/\/centrourbano.com\/revista\/historico\/elecciones-2018\/quien-es-jose-luis-romero-hicks\/#primaryimage"},"image":{"@id":"https:\/\/centrourbano.com\/revista\/historico\/elecciones-2018\/quien-es-jose-luis-romero-hicks\/#primaryimage"},"thumbnailUrl":"https:\/\/centrourbano.com\/revista\/wp-content\/uploads\/Meade-copy.jpg","datePublished":"2018-05-22T22:02:31+00:00","dateModified":"2018-05-23T19:20:47+00:00","description":"El abogado se encargar\u00eda de llevar la agenda de vivienda y desarrollo urbano de Jos\u00e9 Antonio Meade","breadcrumb":{"@id":"https:\/\/centrourbano.com\/revista\/historico\/elecciones-2018\/quien-es-jose-luis-romero-hicks\/#breadcrumb"},"inLanguage":"es","potentialAction":[{"@type":"ReadAction","target":["https:\/\/centrourbano.com\/revista\/historico\/elecciones-2018\/quien-es-jose-luis-romero-hicks\/"]}]},{"@type":"ImageObject","inLanguage":"es","@id":"https:\/\/centrourbano.com\/revista\/historico\/elecciones-2018\/quien-es-jose-luis-romero-hicks\/#primaryimage","url":"https:\/\/centrourbano.com\/revista\/wp-content\/uploads\/Meade-copy.jpg","contentUrl":"https:\/\/centrourbano.com\/revista\/wp-content\/uploads\/Meade-copy.jpg","width":850,"height":515},{"@type":"BreadcrumbList","@id":"https:\/\/centrourbano.com\/revista\/historico\/elecciones-2018\/quien-es-jose-luis-romero-hicks\/#breadcrumb","itemListElement":[{"@type":"ListItem","position":1,"name":"Portada","item":"https:\/\/centrourbano.com\/revista\/"},{"@type":"ListItem","position":2,"name":"\u00bfQui\u00e9n es Jos\u00e9 Luis Romero Hicks?"}]},{"@type":"WebSite","@id":"https:\/\/centrourbano.com\/revista\/#website","url":"https:\/\/centrourbano.com\/revista\/","name":"Centro Urbano","description":"Medio especializado en los sectores vivienda, inmobiliario, construcci\u00f3n, arquitectura y urbanismo.","publisher":{"@id":"https:\/\/centrourbano.com\/revista\/#organization"},"potentialAction":[{"@type":"SearchAction","target":{"@type":"EntryPoint","urlTemplate":"https:\/\/centrourbano.com\/revista\/?s={search_term_string}"},"query-input":{"@type":"PropertyValueSpecification","valueRequired":true,"valueName":"search_term_string"}}],"inLanguage":"es"},{"@type":"Organization","@id":"https:\/\/centrourbano.com\/revista\/#organization","name":"Centro Urbano","url":"https:\/\/centrourbano.com\/revista\/","logo":{"@type":"ImageObject","inLanguage":"es","@id":"https:\/\/centrourbano.com\/revista\/#\/schema\/logo\/image\/","url":"https:\/\/centrourbano.com\/revista\/wp-content\/uploads\/web_CU_logo-1.png","contentUrl":"https:\/\/centrourbano.com\/revista\/wp-content\/uploads\/web_CU_logo-1.png","width":350,"height":91,"caption":"Centro Urbano"},"image":{"@id":"https:\/\/centrourbano.com\/revista\/#\/schema\/logo\/image\/"},"sameAs":["https:\/\/www.facebook.com\/portalcentrourbano","https:\/\/x.com\/CentroUrbano","https:\/\/www.instagram.com\/centro_urbano\/","https:\/\/www.linkedin.com\/company\/centro-urbano\/","http:\/\/www.youtube.com\/user\/portalcentrourbano"]},{"@type":"Person","@id":"https:\/\/centrourbano.com\/revista\/#\/schema\/person\/b45db815d96831257ba428a3d5a5fbdc","name":"Dinorah Nava","image":{"@type":"ImageObject","inLanguage":"es","@id":"https:\/\/secure.gravatar.com\/avatar\/f6ca6430c51d147f363940f84e1225aa4b8183885c11802cc3b042305a4ecc1a?s=96&d=mm&r=g","url":"https:\/\/secure.gravatar.com\/avatar\/f6ca6430c51d147f363940f84e1225aa4b8183885c11802cc3b042305a4ecc1a?s=96&d=mm&r=g","contentUrl":"https:\/\/secure.gravatar.com\/avatar\/f6ca6430c51d147f363940f84e1225aa4b8183885c11802cc3b042305a4ecc1a?s=96&d=mm&r=g","caption":"Dinorah Nava"},"description":"Editora de Contenidos y Estrategias Digitales en Centro Urbano y Coeditora en Peri\u00f3dico Mi Casa. Egresada de la licenciatura en Comunicaci\u00f3n y Periodismo de la Facultad de Estudios Superiores Arag\u00f3n (UNAM). Amante de la edici\u00f3n y correcci\u00f3n de estilo, las redes sociales y el mundo digital. Especialista en temas son arquitectura, inmobiliario y urbanismo.","sameAs":["linkedin.com\/in\/dinorah-nava","https:\/\/x.com\/https:\/\/twitter.com\/Dinorah_Nava28"],"url":"https:\/\/centrourbano.com\/revista\/author\/dinorah-nava\/"}]}},"_links":{"self":[{"href":"https:\/\/centrourbano.com\/revista\/wp-json\/wp\/v2\/posts\/71799","targetHints":{"allow":["GET"]}}],"collection":[{"href":"https:\/\/centrourbano.com\/revista\/wp-json\/wp\/v2\/posts"}],"about":[{"href":"https:\/\/centrourbano.com\/revista\/wp-json\/wp\/v2\/types\/post"}],"author":[{"embeddable":true,"href":"https:\/\/centrourbano.com\/revista\/wp-json\/wp\/v2\/users\/9"}],"replies":[{"embeddable":true,"href":"https:\/\/centrourbano.com\/revista\/wp-json\/wp\/v2\/comments?post=71799"}],"version-history":[{"count":5,"href":"https:\/\/centrourbano.com\/revista\/wp-json\/wp\/v2\/posts\/71799\/revisions"}],"predecessor-version":[{"id":71926,"href":"https:\/\/centrourbano.com\/revista\/wp-json\/wp\/v2\/posts\/71799\/revisions\/71926"}],"wp:featuredmedia":[{"embeddable":true,"href":"https:\/\/centrourbano.com\/revista\/wp-json\/wp\/v2\/media\/71925"}],"wp:attachment":[{"href":"https:\/\/centrourbano.com\/revista\/wp-json\/wp\/v2\/media?parent=71799"}],"wp:term":[{"taxonomy":"category","embeddable":true,"href":"https:\/\/centrourbano.com\/revista\/wp-json\/wp\/v2\/categories?post=71799"},{"taxonomy":"post_tag","embeddable":true,"href":"https:\/\/centrourbano.com\/revista\/wp-json\/wp\/v2\/tags?post=71799"}],"curies":[{"name":"wp","href":"https:\/\/api.w.org\/{rel}","templated":true}]}}