{"id":71792,"date":"2018-05-22T16:45:16","date_gmt":"2018-05-22T21:45:16","guid":{"rendered":"https:\/\/centrourbano.com\/?p=71792"},"modified":"2018-05-23T12:49:57","modified_gmt":"2018-05-23T17:49:57","slug":"quien-roman-guillermo-meyer-falcon","status":"publish","type":"post","link":"https:\/\/centrourbano.com\/revista\/historico\/elecciones-2018\/quien-roman-guillermo-meyer-falcon\/","title":{"rendered":"\u00bfQui\u00e9n es Rom\u00e1n Guillermo Meyer Falc\u00f3n?"},"content":{"rendered":"<p><em>El urbanista estar\u00eda al frente de la Sedatu en caso del triunfo de Juntos Haremos Historia<\/em><br \/>\n<!--more--><\/p>\n<p>Rom\u00e1n Guillermo Meyer Falc\u00f3n, quien ocupar\u00eda la titularidad de la Secretar\u00eda de Desarrollo Agrario, Territorial y Urbano (Sedatu), en caso que Andr\u00e9s Manuel L\u00f3pez Obrador, de la coalici\u00f3n Juntos Haremos Historia, gane la Presidencia de M\u00e9xico, es arquitecto, acad\u00e9mico y urbanista.<\/p>\n<p>De acuerdo con su biograf\u00eda, es especialista en materia de prevenci\u00f3n del delito y mejora del espacio p\u00fablico.<\/p>\n<p>La carrera de Arquitectura la curs\u00f3 en el Instituto Tecnol\u00f3gico de Estudios Superiores de Monterrey (ITESM), tiene una maestr\u00eda en Gesti\u00f3n Urbana por la Universidad Polit\u00e9cnica de Catalu\u00f1a en Barcelona (UPC).<\/p>\n<p>En el \u00e1mbito acad\u00e9mico, imparti\u00f3 cursos de urbanismo social en la Universidad Iberoamericana, se ha enfocado en el desarrollo de proyectos urbanos de impacto social con diversos enfoques, como rescate de espacios p\u00fablicos, integraci\u00f3n de comunidades, salud p\u00fablica, movilidad, desarrollo econ\u00f3mico y pol\u00edticas p\u00fablicas.<\/p>\n","protected":false},"excerpt":{"rendered":"<p>El urbanista estar\u00eda al frente de la Sedatu en caso del triunfo de Juntos Haremos Historia<\/p>\n","protected":false},"author":37,"featured_media":71913,"comment_status":"open","ping_status":"closed","sticky":false,"template":"","format":"standard","meta":{"om_disable_all_campaigns":false,"inline_featured_image":false,"_monsterinsights_skip_tracking":false,"_monsterinsights_sitenote_active":false,"_monsterinsights_sitenote_note":"","_monsterinsights_sitenote_category":0,"footnotes":""},"categories":[13485],"tags":[],"class_list":["post-71792","post","type-post","status-publish","format-standard","has-post-thumbnail","hentry","category-elecciones-2018"],"yoast_head":"<!-- This site is optimized with the Yoast SEO plugin v27.5 - https:\/\/yoast.com\/product\/yoast-seo-wordpress\/ -->\n<title>\u00bfQui\u00e9n es Rom\u00e1n Guillermo Meyer Falc\u00f3n? -<\/title>\n<meta name=\"description\" content=\"Rom\u00e1n Guillermo Meyer Falc\u00f3n, quien ocupar\u00eda la titularidad de la Secretar\u00eda de Desarrollo Agrario, Territorial y Urbano (Sedatu), en caso que Andr\u00e9s Manuel L\u00f3pez Obrador, de la coalici\u00f3n Juntos Haremos Historia, gane la Presidencia de M\u00e9xico, es arquitecto, acad\u00e9mico y urbanista.\" \/>\n<meta name=\"robots\" content=\"index, follow, max-snippet:-1, max-image-preview:large, max-video-preview:-1\" \/>\n<link rel=\"canonical\" href=\"https:\/\/centrourbano.com\/revista\/historico\/elecciones-2018\/quien-roman-guillermo-meyer-falcon\/\" \/>\n<meta property=\"og:locale\" content=\"es_ES\" \/>\n<meta property=\"og:type\" content=\"article\" \/>\n<meta property=\"og:title\" content=\"\u00bfQui\u00e9n es Rom\u00e1n Guillermo Meyer Falc\u00f3n? -\" \/>\n<meta property=\"og:description\" content=\"Rom\u00e1n Guillermo Meyer Falc\u00f3n, quien ocupar\u00eda la titularidad de la Secretar\u00eda de Desarrollo Agrario, Territorial y Urbano (Sedatu), en caso que Andr\u00e9s Manuel L\u00f3pez Obrador, de la coalici\u00f3n Juntos Haremos Historia, gane la Presidencia de M\u00e9xico, es arquitecto, acad\u00e9mico y urbanista.\" \/>\n<meta property=\"og:url\" content=\"https:\/\/centrourbano.com\/revista\/historico\/elecciones-2018\/quien-roman-guillermo-meyer-falcon\/\" \/>\n<meta property=\"og:site_name\" content=\"Centro Urbano\" \/>\n<meta property=\"article:publisher\" content=\"https:\/\/www.facebook.com\/portalcentrourbano\" \/>\n<meta property=\"article:published_time\" content=\"2018-05-22T21:45:16+00:00\" \/>\n<meta property=\"article:modified_time\" content=\"2018-05-23T17:49:57+00:00\" \/>\n<meta property=\"og:image\" content=\"https:\/\/centrourbano.com\/revista\/wp-content\/uploads\/AMLOperfil.jpg\" \/>\n\t<meta property=\"og:image:width\" content=\"850\" \/>\n\t<meta property=\"og:image:height\" content=\"515\" \/>\n\t<meta property=\"og:image:type\" content=\"image\/jpeg\" \/>\n<meta name=\"author\" content=\"Diego Rodr\u00edguez\" \/>\n<meta name=\"twitter:card\" content=\"summary_large_image\" \/>\n<meta name=\"twitter:creator\" content=\"@CentroUrbano\" \/>\n<meta name=\"twitter:site\" content=\"@CentroUrbano\" \/>\n<meta name=\"twitter:label1\" content=\"Escrito por\" \/>\n\t<meta name=\"twitter:data1\" content=\"Diego Rodr\u00edguez\" \/>\n\t<meta name=\"twitter:label2\" content=\"Tiempo de lectura\" \/>\n\t<meta name=\"twitter:data2\" content=\"1 minuto\" \/>\n<script type=\"application\/ld+json\" class=\"yoast-schema-graph\">{\"@context\":\"https:\\\/\\\/schema.org\",\"@graph\":[{\"@type\":\"Article\",\"@id\":\"https:\\\/\\\/centrourbano.com\\\/revista\\\/historico\\\/elecciones-2018\\\/quien-roman-guillermo-meyer-falcon\\\/#article\",\"isPartOf\":{\"@id\":\"https:\\\/\\\/centrourbano.com\\\/revista\\\/historico\\\/elecciones-2018\\\/quien-roman-guillermo-meyer-falcon\\\/\"},\"author\":{\"name\":\"Diego Rodr\u00edguez\",\"@id\":\"https:\\\/\\\/centrourbano.com\\\/revista\\\/#\\\/schema\\\/person\\\/b50192a3cd0e680841b45dc537f53970\"},\"headline\":\"\u00bfQui\u00e9n es Rom\u00e1n Guillermo Meyer Falc\u00f3n?\",\"datePublished\":\"2018-05-22T21:45:16+00:00\",\"dateModified\":\"2018-05-23T17:49:57+00:00\",\"mainEntityOfPage\":{\"@id\":\"https:\\\/\\\/centrourbano.com\\\/revista\\\/historico\\\/elecciones-2018\\\/quien-roman-guillermo-meyer-falcon\\\/\"},\"wordCount\":184,\"commentCount\":0,\"publisher\":{\"@id\":\"https:\\\/\\\/centrourbano.com\\\/revista\\\/#organization\"},\"image\":{\"@id\":\"https:\\\/\\\/centrourbano.com\\\/revista\\\/historico\\\/elecciones-2018\\\/quien-roman-guillermo-meyer-falcon\\\/#primaryimage\"},\"thumbnailUrl\":\"https:\\\/\\\/centrourbano.com\\\/revista\\\/wp-content\\\/uploads\\\/AMLOperfil.jpg\",\"articleSection\":[\"Elecciones 2018\"],\"inLanguage\":\"es\",\"potentialAction\":[{\"@type\":\"CommentAction\",\"name\":\"Comment\",\"target\":[\"https:\\\/\\\/centrourbano.com\\\/revista\\\/historico\\\/elecciones-2018\\\/quien-roman-guillermo-meyer-falcon\\\/#respond\"]}]},{\"@type\":\"WebPage\",\"@id\":\"https:\\\/\\\/centrourbano.com\\\/revista\\\/historico\\\/elecciones-2018\\\/quien-roman-guillermo-meyer-falcon\\\/\",\"url\":\"https:\\\/\\\/centrourbano.com\\\/revista\\\/historico\\\/elecciones-2018\\\/quien-roman-guillermo-meyer-falcon\\\/\",\"name\":\"\u00bfQui\u00e9n es Rom\u00e1n Guillermo Meyer Falc\u00f3n? -\",\"isPartOf\":{\"@id\":\"https:\\\/\\\/centrourbano.com\\\/revista\\\/#website\"},\"primaryImageOfPage\":{\"@id\":\"https:\\\/\\\/centrourbano.com\\\/revista\\\/historico\\\/elecciones-2018\\\/quien-roman-guillermo-meyer-falcon\\\/#primaryimage\"},\"image\":{\"@id\":\"https:\\\/\\\/centrourbano.com\\\/revista\\\/historico\\\/elecciones-2018\\\/quien-roman-guillermo-meyer-falcon\\\/#primaryimage\"},\"thumbnailUrl\":\"https:\\\/\\\/centrourbano.com\\\/revista\\\/wp-content\\\/uploads\\\/AMLOperfil.jpg\",\"datePublished\":\"2018-05-22T21:45:16+00:00\",\"dateModified\":\"2018-05-23T17:49:57+00:00\",\"description\":\"Rom\u00e1n Guillermo Meyer Falc\u00f3n, quien ocupar\u00eda la titularidad de la Secretar\u00eda de Desarrollo Agrario, Territorial y Urbano (Sedatu), en caso que Andr\u00e9s Manuel L\u00f3pez Obrador, de la coalici\u00f3n Juntos Haremos Historia, gane la Presidencia de M\u00e9xico, es arquitecto, acad\u00e9mico y urbanista.\",\"breadcrumb\":{\"@id\":\"https:\\\/\\\/centrourbano.com\\\/revista\\\/historico\\\/elecciones-2018\\\/quien-roman-guillermo-meyer-falcon\\\/#breadcrumb\"},\"inLanguage\":\"es\",\"potentialAction\":[{\"@type\":\"ReadAction\",\"target\":[\"https:\\\/\\\/centrourbano.com\\\/revista\\\/historico\\\/elecciones-2018\\\/quien-roman-guillermo-meyer-falcon\\\/\"]}]},{\"@type\":\"ImageObject\",\"inLanguage\":\"es\",\"@id\":\"https:\\\/\\\/centrourbano.com\\\/revista\\\/historico\\\/elecciones-2018\\\/quien-roman-guillermo-meyer-falcon\\\/#primaryimage\",\"url\":\"https:\\\/\\\/centrourbano.com\\\/revista\\\/wp-content\\\/uploads\\\/AMLOperfil.jpg\",\"contentUrl\":\"https:\\\/\\\/centrourbano.com\\\/revista\\\/wp-content\\\/uploads\\\/AMLOperfil.jpg\",\"width\":850,\"height\":515},{\"@type\":\"BreadcrumbList\",\"@id\":\"https:\\\/\\\/centrourbano.com\\\/revista\\\/historico\\\/elecciones-2018\\\/quien-roman-guillermo-meyer-falcon\\\/#breadcrumb\",\"itemListElement\":[{\"@type\":\"ListItem\",\"position\":1,\"name\":\"Portada\",\"item\":\"https:\\\/\\\/centrourbano.com\\\/revista\\\/\"},{\"@type\":\"ListItem\",\"position\":2,\"name\":\"\u00bfQui\u00e9n es Rom\u00e1n Guillermo Meyer Falc\u00f3n?\"}]},{\"@type\":\"WebSite\",\"@id\":\"https:\\\/\\\/centrourbano.com\\\/revista\\\/#website\",\"url\":\"https:\\\/\\\/centrourbano.com\\\/revista\\\/\",\"name\":\"Centro Urbano\",\"description\":\"Medio especializado en los sectores vivienda, inmobiliario, construcci\u00f3n, arquitectura y urbanismo.\",\"publisher\":{\"@id\":\"https:\\\/\\\/centrourbano.com\\\/revista\\\/#organization\"},\"potentialAction\":[{\"@type\":\"SearchAction\",\"target\":{\"@type\":\"EntryPoint\",\"urlTemplate\":\"https:\\\/\\\/centrourbano.com\\\/revista\\\/?s={search_term_string}\"},\"query-input\":{\"@type\":\"PropertyValueSpecification\",\"valueRequired\":true,\"valueName\":\"search_term_string\"}}],\"inLanguage\":\"es\"},{\"@type\":\"Organization\",\"@id\":\"https:\\\/\\\/centrourbano.com\\\/revista\\\/#organization\",\"name\":\"Centro Urbano\",\"url\":\"https:\\\/\\\/centrourbano.com\\\/revista\\\/\",\"logo\":{\"@type\":\"ImageObject\",\"inLanguage\":\"es\",\"@id\":\"https:\\\/\\\/centrourbano.com\\\/revista\\\/#\\\/schema\\\/logo\\\/image\\\/\",\"url\":\"https:\\\/\\\/centrourbano.com\\\/revista\\\/wp-content\\\/uploads\\\/web_CU_logo-1.png\",\"contentUrl\":\"https:\\\/\\\/centrourbano.com\\\/revista\\\/wp-content\\\/uploads\\\/web_CU_logo-1.png\",\"width\":350,\"height\":91,\"caption\":\"Centro Urbano\"},\"image\":{\"@id\":\"https:\\\/\\\/centrourbano.com\\\/revista\\\/#\\\/schema\\\/logo\\\/image\\\/\"},\"sameAs\":[\"https:\\\/\\\/www.facebook.com\\\/portalcentrourbano\",\"https:\\\/\\\/x.com\\\/CentroUrbano\",\"https:\\\/\\\/www.instagram.com\\\/centro_urbano\\\/\",\"https:\\\/\\\/www.linkedin.com\\\/company\\\/centro-urbano\\\/\",\"http:\\\/\\\/www.youtube.com\\\/user\\\/portalcentrourbano\"]},{\"@type\":\"Person\",\"@id\":\"https:\\\/\\\/centrourbano.com\\\/revista\\\/#\\\/schema\\\/person\\\/b50192a3cd0e680841b45dc537f53970\",\"name\":\"Diego Rodr\u00edguez\",\"image\":{\"@type\":\"ImageObject\",\"inLanguage\":\"es\",\"@id\":\"https:\\\/\\\/secure.gravatar.com\\\/avatar\\\/d217565525df2df5d4e7265d47758506f41845ed9529510921a7625d8365789d?s=96&d=mm&r=g\",\"url\":\"https:\\\/\\\/secure.gravatar.com\\\/avatar\\\/d217565525df2df5d4e7265d47758506f41845ed9529510921a7625d8365789d?s=96&d=mm&r=g\",\"contentUrl\":\"https:\\\/\\\/secure.gravatar.com\\\/avatar\\\/d217565525df2df5d4e7265d47758506f41845ed9529510921a7625d8365789d?s=96&d=mm&r=g\",\"caption\":\"Diego Rodr\u00edguez\"},\"description\":\"Egresado de la Facultad de Estudios Superiores Acatl\u00e1n de la carrera en Comunicaci\u00f3n, con especialidad en medios escritos. Reportero del desaparecido peri\u00f3dico Nuestro M\u00e9xico, en donde cubri\u00f3 las fuentes delegacionales y Asamblea Legislativa. Tambi\u00e9n trabaj\u00f3 en la Coordinaci\u00f3n de Comunicaci\u00f3n Social en la delegaci\u00f3n \u00c1lvaro Obreg\u00f3n. Le gusta leer novelas y cuentos.\",\"url\":\"https:\\\/\\\/centrourbano.com\\\/revista\\\/author\\\/diegorodriguez\\\/\"}]}<\/script>\n<!-- \/ Yoast SEO plugin. -->","yoast_head_json":{"title":"\u00bfQui\u00e9n es Rom\u00e1n Guillermo Meyer Falc\u00f3n? -","description":"Rom\u00e1n Guillermo Meyer Falc\u00f3n, quien ocupar\u00eda la titularidad de la Secretar\u00eda de Desarrollo Agrario, Territorial y Urbano (Sedatu), en caso que Andr\u00e9s Manuel L\u00f3pez Obrador, de la coalici\u00f3n Juntos Haremos Historia, gane la Presidencia de M\u00e9xico, es arquitecto, acad\u00e9mico y urbanista.","robots":{"index":"index","follow":"follow","max-snippet":"max-snippet:-1","max-image-preview":"max-image-preview:large","max-video-preview":"max-video-preview:-1"},"canonical":"https:\/\/centrourbano.com\/revista\/historico\/elecciones-2018\/quien-roman-guillermo-meyer-falcon\/","og_locale":"es_ES","og_type":"article","og_title":"\u00bfQui\u00e9n es Rom\u00e1n Guillermo Meyer Falc\u00f3n? -","og_description":"Rom\u00e1n Guillermo Meyer Falc\u00f3n, quien ocupar\u00eda la titularidad de la Secretar\u00eda de Desarrollo Agrario, Territorial y Urbano (Sedatu), en caso que Andr\u00e9s Manuel L\u00f3pez Obrador, de la coalici\u00f3n Juntos Haremos Historia, gane la Presidencia de M\u00e9xico, es arquitecto, acad\u00e9mico y urbanista.","og_url":"https:\/\/centrourbano.com\/revista\/historico\/elecciones-2018\/quien-roman-guillermo-meyer-falcon\/","og_site_name":"Centro Urbano","article_publisher":"https:\/\/www.facebook.com\/portalcentrourbano","article_published_time":"2018-05-22T21:45:16+00:00","article_modified_time":"2018-05-23T17:49:57+00:00","og_image":[{"width":850,"height":515,"url":"https:\/\/centrourbano.com\/revista\/wp-content\/uploads\/AMLOperfil.jpg","type":"image\/jpeg"}],"author":"Diego Rodr\u00edguez","twitter_card":"summary_large_image","twitter_creator":"@CentroUrbano","twitter_site":"@CentroUrbano","twitter_misc":{"Escrito por":"Diego Rodr\u00edguez","Tiempo de lectura":"1 minuto"},"schema":{"@context":"https:\/\/schema.org","@graph":[{"@type":"Article","@id":"https:\/\/centrourbano.com\/revista\/historico\/elecciones-2018\/quien-roman-guillermo-meyer-falcon\/#article","isPartOf":{"@id":"https:\/\/centrourbano.com\/revista\/historico\/elecciones-2018\/quien-roman-guillermo-meyer-falcon\/"},"author":{"name":"Diego Rodr\u00edguez","@id":"https:\/\/centrourbano.com\/revista\/#\/schema\/person\/b50192a3cd0e680841b45dc537f53970"},"headline":"\u00bfQui\u00e9n es Rom\u00e1n Guillermo Meyer Falc\u00f3n?","datePublished":"2018-05-22T21:45:16+00:00","dateModified":"2018-05-23T17:49:57+00:00","mainEntityOfPage":{"@id":"https:\/\/centrourbano.com\/revista\/historico\/elecciones-2018\/quien-roman-guillermo-meyer-falcon\/"},"wordCount":184,"commentCount":0,"publisher":{"@id":"https:\/\/centrourbano.com\/revista\/#organization"},"image":{"@id":"https:\/\/centrourbano.com\/revista\/historico\/elecciones-2018\/quien-roman-guillermo-meyer-falcon\/#primaryimage"},"thumbnailUrl":"https:\/\/centrourbano.com\/revista\/wp-content\/uploads\/AMLOperfil.jpg","articleSection":["Elecciones 2018"],"inLanguage":"es","potentialAction":[{"@type":"CommentAction","name":"Comment","target":["https:\/\/centrourbano.com\/revista\/historico\/elecciones-2018\/quien-roman-guillermo-meyer-falcon\/#respond"]}]},{"@type":"WebPage","@id":"https:\/\/centrourbano.com\/revista\/historico\/elecciones-2018\/quien-roman-guillermo-meyer-falcon\/","url":"https:\/\/centrourbano.com\/revista\/historico\/elecciones-2018\/quien-roman-guillermo-meyer-falcon\/","name":"\u00bfQui\u00e9n es Rom\u00e1n Guillermo Meyer Falc\u00f3n? -","isPartOf":{"@id":"https:\/\/centrourbano.com\/revista\/#website"},"primaryImageOfPage":{"@id":"https:\/\/centrourbano.com\/revista\/historico\/elecciones-2018\/quien-roman-guillermo-meyer-falcon\/#primaryimage"},"image":{"@id":"https:\/\/centrourbano.com\/revista\/historico\/elecciones-2018\/quien-roman-guillermo-meyer-falcon\/#primaryimage"},"thumbnailUrl":"https:\/\/centrourbano.com\/revista\/wp-content\/uploads\/AMLOperfil.jpg","datePublished":"2018-05-22T21:45:16+00:00","dateModified":"2018-05-23T17:49:57+00:00","description":"Rom\u00e1n Guillermo Meyer Falc\u00f3n, quien ocupar\u00eda la titularidad de la Secretar\u00eda de Desarrollo Agrario, Territorial y Urbano (Sedatu), en caso que Andr\u00e9s Manuel L\u00f3pez Obrador, de la coalici\u00f3n Juntos Haremos Historia, gane la Presidencia de M\u00e9xico, es arquitecto, acad\u00e9mico y urbanista.","breadcrumb":{"@id":"https:\/\/centrourbano.com\/revista\/historico\/elecciones-2018\/quien-roman-guillermo-meyer-falcon\/#breadcrumb"},"inLanguage":"es","potentialAction":[{"@type":"ReadAction","target":["https:\/\/centrourbano.com\/revista\/historico\/elecciones-2018\/quien-roman-guillermo-meyer-falcon\/"]}]},{"@type":"ImageObject","inLanguage":"es","@id":"https:\/\/centrourbano.com\/revista\/historico\/elecciones-2018\/quien-roman-guillermo-meyer-falcon\/#primaryimage","url":"https:\/\/centrourbano.com\/revista\/wp-content\/uploads\/AMLOperfil.jpg","contentUrl":"https:\/\/centrourbano.com\/revista\/wp-content\/uploads\/AMLOperfil.jpg","width":850,"height":515},{"@type":"BreadcrumbList","@id":"https:\/\/centrourbano.com\/revista\/historico\/elecciones-2018\/quien-roman-guillermo-meyer-falcon\/#breadcrumb","itemListElement":[{"@type":"ListItem","position":1,"name":"Portada","item":"https:\/\/centrourbano.com\/revista\/"},{"@type":"ListItem","position":2,"name":"\u00bfQui\u00e9n es Rom\u00e1n Guillermo Meyer Falc\u00f3n?"}]},{"@type":"WebSite","@id":"https:\/\/centrourbano.com\/revista\/#website","url":"https:\/\/centrourbano.com\/revista\/","name":"Centro Urbano","description":"Medio especializado en los sectores vivienda, inmobiliario, construcci\u00f3n, arquitectura y urbanismo.","publisher":{"@id":"https:\/\/centrourbano.com\/revista\/#organization"},"potentialAction":[{"@type":"SearchAction","target":{"@type":"EntryPoint","urlTemplate":"https:\/\/centrourbano.com\/revista\/?s={search_term_string}"},"query-input":{"@type":"PropertyValueSpecification","valueRequired":true,"valueName":"search_term_string"}}],"inLanguage":"es"},{"@type":"Organization","@id":"https:\/\/centrourbano.com\/revista\/#organization","name":"Centro Urbano","url":"https:\/\/centrourbano.com\/revista\/","logo":{"@type":"ImageObject","inLanguage":"es","@id":"https:\/\/centrourbano.com\/revista\/#\/schema\/logo\/image\/","url":"https:\/\/centrourbano.com\/revista\/wp-content\/uploads\/web_CU_logo-1.png","contentUrl":"https:\/\/centrourbano.com\/revista\/wp-content\/uploads\/web_CU_logo-1.png","width":350,"height":91,"caption":"Centro Urbano"},"image":{"@id":"https:\/\/centrourbano.com\/revista\/#\/schema\/logo\/image\/"},"sameAs":["https:\/\/www.facebook.com\/portalcentrourbano","https:\/\/x.com\/CentroUrbano","https:\/\/www.instagram.com\/centro_urbano\/","https:\/\/www.linkedin.com\/company\/centro-urbano\/","http:\/\/www.youtube.com\/user\/portalcentrourbano"]},{"@type":"Person","@id":"https:\/\/centrourbano.com\/revista\/#\/schema\/person\/b50192a3cd0e680841b45dc537f53970","name":"Diego Rodr\u00edguez","image":{"@type":"ImageObject","inLanguage":"es","@id":"https:\/\/secure.gravatar.com\/avatar\/d217565525df2df5d4e7265d47758506f41845ed9529510921a7625d8365789d?s=96&d=mm&r=g","url":"https:\/\/secure.gravatar.com\/avatar\/d217565525df2df5d4e7265d47758506f41845ed9529510921a7625d8365789d?s=96&d=mm&r=g","contentUrl":"https:\/\/secure.gravatar.com\/avatar\/d217565525df2df5d4e7265d47758506f41845ed9529510921a7625d8365789d?s=96&d=mm&r=g","caption":"Diego Rodr\u00edguez"},"description":"Egresado de la Facultad de Estudios Superiores Acatl\u00e1n de la carrera en Comunicaci\u00f3n, con especialidad en medios escritos. Reportero del desaparecido peri\u00f3dico Nuestro M\u00e9xico, en donde cubri\u00f3 las fuentes delegacionales y Asamblea Legislativa. Tambi\u00e9n trabaj\u00f3 en la Coordinaci\u00f3n de Comunicaci\u00f3n Social en la delegaci\u00f3n \u00c1lvaro Obreg\u00f3n. Le gusta leer novelas y cuentos.","url":"https:\/\/centrourbano.com\/revista\/author\/diegorodriguez\/"}]}},"_links":{"self":[{"href":"https:\/\/centrourbano.com\/revista\/wp-json\/wp\/v2\/posts\/71792","targetHints":{"allow":["GET"]}}],"collection":[{"href":"https:\/\/centrourbano.com\/revista\/wp-json\/wp\/v2\/posts"}],"about":[{"href":"https:\/\/centrourbano.com\/revista\/wp-json\/wp\/v2\/types\/post"}],"author":[{"embeddable":true,"href":"https:\/\/centrourbano.com\/revista\/wp-json\/wp\/v2\/users\/37"}],"replies":[{"embeddable":true,"href":"https:\/\/centrourbano.com\/revista\/wp-json\/wp\/v2\/comments?post=71792"}],"version-history":[{"count":2,"href":"https:\/\/centrourbano.com\/revista\/wp-json\/wp\/v2\/posts\/71792\/revisions"}],"predecessor-version":[{"id":71914,"href":"https:\/\/centrourbano.com\/revista\/wp-json\/wp\/v2\/posts\/71792\/revisions\/71914"}],"wp:featuredmedia":[{"embeddable":true,"href":"https:\/\/centrourbano.com\/revista\/wp-json\/wp\/v2\/media\/71913"}],"wp:attachment":[{"href":"https:\/\/centrourbano.com\/revista\/wp-json\/wp\/v2\/media?parent=71792"}],"wp:term":[{"taxonomy":"category","embeddable":true,"href":"https:\/\/centrourbano.com\/revista\/wp-json\/wp\/v2\/categories?post=71792"},{"taxonomy":"post_tag","embeddable":true,"href":"https:\/\/centrourbano.com\/revista\/wp-json\/wp\/v2\/tags?post=71792"}],"curies":[{"name":"wp","href":"https:\/\/api.w.org\/{rel}","templated":true}]}}