{"id":7162,"date":"2014-05-27T12:21:50","date_gmt":"2014-05-27T17:21:50","guid":{"rendered":"http:\/\/centrourbano.com\/?p=7162"},"modified":"2014-05-28T13:30:11","modified_gmt":"2014-05-28T18:30:11","slug":"obtiene-gran-museo-del-mundo-maya-premio-internacional","status":"publish","type":"post","link":"https:\/\/centrourbano.com\/revista\/arquitectura-2\/obtiene-gran-museo-del-mundo-maya-premio-internacional\/","title":{"rendered":"Obtiene Gran Museo del Mundo Maya\u00a0premio internacional"},"content":{"rendered":"<p><em>Este proyecto del despacho 4A Arquitectos obtuvo el galard\u00f3n durante la XII Bienal Internacional de Arquitectura de Costa Rica<\/em><br \/>\n<!--more--><\/p>\n<p>Durante la XII Bienal Internacional de Arquitectura de Costa Rica, en donde participaron m\u00e1s de 200 trabajos de 17 pa\u00edses, M\u00e9xico obtuvo el\u00a0Gran Premio Internacional gracias al dise\u00f1o del\u00a0Gran Museo del Mundo Maya\u00a0del despacho\u00a04A Arquitectos.<\/p>\n<p>En dicho evento, empresas relacionadas con la rama del dise\u00f1o y la construcci\u00f3n entregaron tambi\u00e9n diversos reconocimientos a las mejores obras arquitect\u00f3nicas, destacando nuevamente el Museo con dos galardones.<\/p>\n<p>Al respecto, el Maestro Jorge Esma Baz\u00e1n, Director General del proyecto y actual director del Instituto de Historia y Museos de Yucat\u00e1n (IHMY), confirm\u00f3 que despu\u00e9s de 11 a\u00f1os es la primera vez que M\u00e9xico gana este reconocimiento, que en este caso fue para Yucat\u00e1n.<\/p>\n<p>Comex\u00a0eligi\u00f3 al Museo como ganador del\u00a0Premio Comex del Color en la Categor\u00eda Profesional, por el lenguaje refinado y contundente de la aplicaci\u00f3n del color, respetando la propuesta del dise\u00f1o arquitect\u00f3nico, aplicando las dos grandes variables crom\u00e1ticas: pigmento y luz.<\/p>\n<p>En tanto, la revista\u00a0DOMUS M\u00e9xico, Am\u00e9rica Central y el Caribe\u00a0le otorg\u00f3 el\u00a0Premio Mejor Dise\u00f1o Arquitect\u00f3nico Humanizado\u00a0(Arquitectura y Dise\u00f1o Humanista), se\u00f1alando que es un Museo incluyente, dise\u00f1ado para que cada usuario se apropie del espacio: una rampa tejida en la escalinata, un elevador a nivel de banqueta y otro en el estacionamiento para que todos accedan con la misma dignidad, se\u00f1alizaci\u00f3n en braille y todas las facilidades en circulaciones y sanitarios para adultos mayores o personas con capacidades diferentes.<\/p>\n<p>Por su parte, la Arq. Josefina Rivas Acevedo, encargada de recibir el reconocimiento en el pa\u00eds centroamericano, destac\u00f3 la importancia de generar espacios humanos integrados en el dise\u00f1o de un plan arquitect\u00f3nico incluyente.<\/p>\n<p>Los autores del proyecto arquitect\u00f3nico Son Josefina Rivas Acevedo, los arquitectos Ricardo Combaluzier Medina, Enrique Duarte Aznar y William Ram\u00edrez Pizarro, quienes trabajaron en el desarrollo de los 22 mil 604 m2 construidos de superficie, en cuyo espacio se ostenta la muestra museogr\u00e1fica maya m\u00e1s importante de Yucat\u00e1n.<\/p>\n","protected":false},"excerpt":{"rendered":"<p>Este proyecto del despacho 4A Arquitectos obtuvo el galard\u00f3n durante la XII Bienal Internacional de Arquitectura de Costa Rica<\/p>\n","protected":false},"author":9,"featured_media":0,"comment_status":"open","ping_status":"closed","sticky":false,"template":"","format":"standard","meta":{"om_disable_all_campaigns":false,"inline_featured_image":false,"_monsterinsights_skip_tracking":false,"_monsterinsights_sitenote_active":false,"_monsterinsights_sitenote_note":"","_monsterinsights_sitenote_category":0,"footnotes":""},"categories":[81],"tags":[1629,1412,1628,68],"class_list":["post-7162","post","type-post","status-publish","format-standard","hentry","category-arquitectura-2","tag-bienal-internacional-de-arquitectura","tag-costa-rica","tag-gran-museo-del-mundo-maya","tag-yucatan"],"yoast_head":"<!-- This site is optimized with the Yoast SEO plugin v27.4 - https:\/\/yoast.com\/product\/yoast-seo-wordpress\/ -->\n<title>Obtiene Gran Museo del Mundo Maya\u00a0premio internacional -<\/title>\n<meta name=\"description\" content=\"Este proyecto del despacho 4A Arquitectos obtuvo el galard\u00f3n durante la XII Bienal Internacional de Arquitectura de Costa Rica Durante la XII Bienal\" \/>\n<meta name=\"robots\" content=\"index, follow, max-snippet:-1, max-image-preview:large, max-video-preview:-1\" \/>\n<link rel=\"canonical\" href=\"https:\/\/centrourbano.com\/revista\/arquitectura-2\/obtiene-gran-museo-del-mundo-maya-premio-internacional\/\" \/>\n<meta property=\"og:locale\" content=\"es_ES\" \/>\n<meta property=\"og:type\" content=\"article\" \/>\n<meta property=\"og:title\" content=\"Obtiene Gran Museo del Mundo Maya\u00a0premio internacional -\" \/>\n<meta property=\"og:description\" content=\"Este proyecto del despacho 4A Arquitectos obtuvo el galard\u00f3n durante la XII Bienal Internacional de Arquitectura de Costa Rica Durante la XII Bienal\" \/>\n<meta property=\"og:url\" content=\"https:\/\/centrourbano.com\/revista\/arquitectura-2\/obtiene-gran-museo-del-mundo-maya-premio-internacional\/\" \/>\n<meta property=\"og:site_name\" content=\"Centro Urbano\" \/>\n<meta property=\"article:publisher\" content=\"https:\/\/www.facebook.com\/portalcentrourbano\" \/>\n<meta property=\"article:published_time\" content=\"2014-05-27T17:21:50+00:00\" \/>\n<meta property=\"article:modified_time\" content=\"2014-05-28T18:30:11+00:00\" \/>\n<meta property=\"og:image\" content=\"https:\/\/centrourbano.com\/revista\/wp-content\/uploads\/CU-logo.png\" \/>\n\t<meta property=\"og:image:width\" content=\"350\" \/>\n\t<meta property=\"og:image:height\" content=\"91\" \/>\n\t<meta property=\"og:image:type\" content=\"image\/png\" \/>\n<meta name=\"author\" content=\"Dinorah Nava\" \/>\n<meta name=\"twitter:card\" content=\"summary_large_image\" \/>\n<meta name=\"twitter:creator\" content=\"@https:\/\/twitter.com\/Dinorah_Nava28\" \/>\n<meta name=\"twitter:site\" content=\"@CentroUrbano\" \/>\n<meta name=\"twitter:label1\" content=\"Escrito por\" \/>\n\t<meta name=\"twitter:data1\" content=\"Dinorah Nava\" \/>\n\t<meta name=\"twitter:label2\" content=\"Tiempo de lectura\" \/>\n\t<meta name=\"twitter:data2\" content=\"2 minutos\" \/>\n<script type=\"application\/ld+json\" class=\"yoast-schema-graph\">{\"@context\":\"https:\\\/\\\/schema.org\",\"@graph\":[{\"@type\":\"Article\",\"@id\":\"https:\\\/\\\/centrourbano.com\\\/revista\\\/arquitectura-2\\\/obtiene-gran-museo-del-mundo-maya-premio-internacional\\\/#article\",\"isPartOf\":{\"@id\":\"https:\\\/\\\/centrourbano.com\\\/revista\\\/arquitectura-2\\\/obtiene-gran-museo-del-mundo-maya-premio-internacional\\\/\"},\"author\":{\"name\":\"Dinorah Nava\",\"@id\":\"https:\\\/\\\/centrourbano.com\\\/revista\\\/#\\\/schema\\\/person\\\/b45db815d96831257ba428a3d5a5fbdc\"},\"headline\":\"Obtiene Gran Museo del Mundo Maya\u00a0premio internacional\",\"datePublished\":\"2014-05-27T17:21:50+00:00\",\"dateModified\":\"2014-05-28T18:30:11+00:00\",\"mainEntityOfPage\":{\"@id\":\"https:\\\/\\\/centrourbano.com\\\/revista\\\/arquitectura-2\\\/obtiene-gran-museo-del-mundo-maya-premio-internacional\\\/\"},\"wordCount\":376,\"commentCount\":0,\"publisher\":{\"@id\":\"https:\\\/\\\/centrourbano.com\\\/revista\\\/#organization\"},\"keywords\":[\"Bienal Internacional de Arquitectura\",\"Costa Rica\",\"Gran Museo del Mundo Maya\",\"Yucat\u00e1n\"],\"articleSection\":[\"Arquitectura\"],\"inLanguage\":\"es\",\"potentialAction\":[{\"@type\":\"CommentAction\",\"name\":\"Comment\",\"target\":[\"https:\\\/\\\/centrourbano.com\\\/revista\\\/arquitectura-2\\\/obtiene-gran-museo-del-mundo-maya-premio-internacional\\\/#respond\"]}]},{\"@type\":\"WebPage\",\"@id\":\"https:\\\/\\\/centrourbano.com\\\/revista\\\/arquitectura-2\\\/obtiene-gran-museo-del-mundo-maya-premio-internacional\\\/\",\"url\":\"https:\\\/\\\/centrourbano.com\\\/revista\\\/arquitectura-2\\\/obtiene-gran-museo-del-mundo-maya-premio-internacional\\\/\",\"name\":\"Obtiene Gran Museo del Mundo Maya\u00a0premio internacional -\",\"isPartOf\":{\"@id\":\"https:\\\/\\\/centrourbano.com\\\/revista\\\/#website\"},\"datePublished\":\"2014-05-27T17:21:50+00:00\",\"dateModified\":\"2014-05-28T18:30:11+00:00\",\"description\":\"Este proyecto del despacho 4A Arquitectos obtuvo el galard\u00f3n durante la XII Bienal Internacional de Arquitectura de Costa Rica Durante la XII Bienal\",\"breadcrumb\":{\"@id\":\"https:\\\/\\\/centrourbano.com\\\/revista\\\/arquitectura-2\\\/obtiene-gran-museo-del-mundo-maya-premio-internacional\\\/#breadcrumb\"},\"inLanguage\":\"es\",\"potentialAction\":[{\"@type\":\"ReadAction\",\"target\":[\"https:\\\/\\\/centrourbano.com\\\/revista\\\/arquitectura-2\\\/obtiene-gran-museo-del-mundo-maya-premio-internacional\\\/\"]}]},{\"@type\":\"BreadcrumbList\",\"@id\":\"https:\\\/\\\/centrourbano.com\\\/revista\\\/arquitectura-2\\\/obtiene-gran-museo-del-mundo-maya-premio-internacional\\\/#breadcrumb\",\"itemListElement\":[{\"@type\":\"ListItem\",\"position\":1,\"name\":\"Portada\",\"item\":\"https:\\\/\\\/centrourbano.com\\\/revista\\\/\"},{\"@type\":\"ListItem\",\"position\":2,\"name\":\"Obtiene Gran Museo del Mundo Maya\u00a0premio internacional\"}]},{\"@type\":\"WebSite\",\"@id\":\"https:\\\/\\\/centrourbano.com\\\/revista\\\/#website\",\"url\":\"https:\\\/\\\/centrourbano.com\\\/revista\\\/\",\"name\":\"Centro Urbano\",\"description\":\"Medio especializado en los sectores vivienda, inmobiliario, construcci\u00f3n, arquitectura y urbanismo.\",\"publisher\":{\"@id\":\"https:\\\/\\\/centrourbano.com\\\/revista\\\/#organization\"},\"potentialAction\":[{\"@type\":\"SearchAction\",\"target\":{\"@type\":\"EntryPoint\",\"urlTemplate\":\"https:\\\/\\\/centrourbano.com\\\/revista\\\/?s={search_term_string}\"},\"query-input\":{\"@type\":\"PropertyValueSpecification\",\"valueRequired\":true,\"valueName\":\"search_term_string\"}}],\"inLanguage\":\"es\"},{\"@type\":\"Organization\",\"@id\":\"https:\\\/\\\/centrourbano.com\\\/revista\\\/#organization\",\"name\":\"Centro Urbano\",\"url\":\"https:\\\/\\\/centrourbano.com\\\/revista\\\/\",\"logo\":{\"@type\":\"ImageObject\",\"inLanguage\":\"es\",\"@id\":\"https:\\\/\\\/centrourbano.com\\\/revista\\\/#\\\/schema\\\/logo\\\/image\\\/\",\"url\":\"https:\\\/\\\/centrourbano.com\\\/revista\\\/wp-content\\\/uploads\\\/web_CU_logo-1.png\",\"contentUrl\":\"https:\\\/\\\/centrourbano.com\\\/revista\\\/wp-content\\\/uploads\\\/web_CU_logo-1.png\",\"width\":350,\"height\":91,\"caption\":\"Centro Urbano\"},\"image\":{\"@id\":\"https:\\\/\\\/centrourbano.com\\\/revista\\\/#\\\/schema\\\/logo\\\/image\\\/\"},\"sameAs\":[\"https:\\\/\\\/www.facebook.com\\\/portalcentrourbano\",\"https:\\\/\\\/x.com\\\/CentroUrbano\",\"https:\\\/\\\/www.instagram.com\\\/centro_urbano\\\/\",\"https:\\\/\\\/www.linkedin.com\\\/company\\\/centro-urbano\\\/\",\"http:\\\/\\\/www.youtube.com\\\/user\\\/portalcentrourbano\"]},{\"@type\":\"Person\",\"@id\":\"https:\\\/\\\/centrourbano.com\\\/revista\\\/#\\\/schema\\\/person\\\/b45db815d96831257ba428a3d5a5fbdc\",\"name\":\"Dinorah Nava\",\"image\":{\"@type\":\"ImageObject\",\"inLanguage\":\"es\",\"@id\":\"https:\\\/\\\/secure.gravatar.com\\\/avatar\\\/f6ca6430c51d147f363940f84e1225aa4b8183885c11802cc3b042305a4ecc1a?s=96&d=mm&r=g\",\"url\":\"https:\\\/\\\/secure.gravatar.com\\\/avatar\\\/f6ca6430c51d147f363940f84e1225aa4b8183885c11802cc3b042305a4ecc1a?s=96&d=mm&r=g\",\"contentUrl\":\"https:\\\/\\\/secure.gravatar.com\\\/avatar\\\/f6ca6430c51d147f363940f84e1225aa4b8183885c11802cc3b042305a4ecc1a?s=96&d=mm&r=g\",\"caption\":\"Dinorah Nava\"},\"description\":\"Editora de Contenidos y Estrategias Digitales en Centro Urbano y Coeditora en Peri\u00f3dico Mi Casa. Egresada de la licenciatura en Comunicaci\u00f3n y Periodismo de la Facultad de Estudios Superiores Arag\u00f3n (UNAM). Amante de la edici\u00f3n y correcci\u00f3n de estilo, las redes sociales y el mundo digital. Especialista en temas son arquitectura, inmobiliario y urbanismo.\",\"sameAs\":[\"linkedin.com\\\/in\\\/dinorah-nava\",\"https:\\\/\\\/x.com\\\/https:\\\/\\\/twitter.com\\\/Dinorah_Nava28\"],\"url\":\"https:\\\/\\\/centrourbano.com\\\/revista\\\/author\\\/dinorah-nava\\\/\"}]}<\/script>\n<!-- \/ Yoast SEO plugin. -->","yoast_head_json":{"title":"Obtiene Gran Museo del Mundo Maya\u00a0premio internacional -","description":"Este proyecto del despacho 4A Arquitectos obtuvo el galard\u00f3n durante la XII Bienal Internacional de Arquitectura de Costa Rica Durante la XII Bienal","robots":{"index":"index","follow":"follow","max-snippet":"max-snippet:-1","max-image-preview":"max-image-preview:large","max-video-preview":"max-video-preview:-1"},"canonical":"https:\/\/centrourbano.com\/revista\/arquitectura-2\/obtiene-gran-museo-del-mundo-maya-premio-internacional\/","og_locale":"es_ES","og_type":"article","og_title":"Obtiene Gran Museo del Mundo Maya\u00a0premio internacional -","og_description":"Este proyecto del despacho 4A Arquitectos obtuvo el galard\u00f3n durante la XII Bienal Internacional de Arquitectura de Costa Rica Durante la XII Bienal","og_url":"https:\/\/centrourbano.com\/revista\/arquitectura-2\/obtiene-gran-museo-del-mundo-maya-premio-internacional\/","og_site_name":"Centro Urbano","article_publisher":"https:\/\/www.facebook.com\/portalcentrourbano","article_published_time":"2014-05-27T17:21:50+00:00","article_modified_time":"2014-05-28T18:30:11+00:00","og_image":[{"width":350,"height":91,"url":"https:\/\/centrourbano.com\/revista\/wp-content\/uploads\/CU-logo.png","type":"image\/png"}],"author":"Dinorah Nava","twitter_card":"summary_large_image","twitter_creator":"@https:\/\/twitter.com\/Dinorah_Nava28","twitter_site":"@CentroUrbano","twitter_misc":{"Escrito por":"Dinorah Nava","Tiempo de lectura":"2 minutos"},"schema":{"@context":"https:\/\/schema.org","@graph":[{"@type":"Article","@id":"https:\/\/centrourbano.com\/revista\/arquitectura-2\/obtiene-gran-museo-del-mundo-maya-premio-internacional\/#article","isPartOf":{"@id":"https:\/\/centrourbano.com\/revista\/arquitectura-2\/obtiene-gran-museo-del-mundo-maya-premio-internacional\/"},"author":{"name":"Dinorah Nava","@id":"https:\/\/centrourbano.com\/revista\/#\/schema\/person\/b45db815d96831257ba428a3d5a5fbdc"},"headline":"Obtiene Gran Museo del Mundo Maya\u00a0premio internacional","datePublished":"2014-05-27T17:21:50+00:00","dateModified":"2014-05-28T18:30:11+00:00","mainEntityOfPage":{"@id":"https:\/\/centrourbano.com\/revista\/arquitectura-2\/obtiene-gran-museo-del-mundo-maya-premio-internacional\/"},"wordCount":376,"commentCount":0,"publisher":{"@id":"https:\/\/centrourbano.com\/revista\/#organization"},"keywords":["Bienal Internacional de Arquitectura","Costa Rica","Gran Museo del Mundo Maya","Yucat\u00e1n"],"articleSection":["Arquitectura"],"inLanguage":"es","potentialAction":[{"@type":"CommentAction","name":"Comment","target":["https:\/\/centrourbano.com\/revista\/arquitectura-2\/obtiene-gran-museo-del-mundo-maya-premio-internacional\/#respond"]}]},{"@type":"WebPage","@id":"https:\/\/centrourbano.com\/revista\/arquitectura-2\/obtiene-gran-museo-del-mundo-maya-premio-internacional\/","url":"https:\/\/centrourbano.com\/revista\/arquitectura-2\/obtiene-gran-museo-del-mundo-maya-premio-internacional\/","name":"Obtiene Gran Museo del Mundo Maya\u00a0premio internacional -","isPartOf":{"@id":"https:\/\/centrourbano.com\/revista\/#website"},"datePublished":"2014-05-27T17:21:50+00:00","dateModified":"2014-05-28T18:30:11+00:00","description":"Este proyecto del despacho 4A Arquitectos obtuvo el galard\u00f3n durante la XII Bienal Internacional de Arquitectura de Costa Rica Durante la XII Bienal","breadcrumb":{"@id":"https:\/\/centrourbano.com\/revista\/arquitectura-2\/obtiene-gran-museo-del-mundo-maya-premio-internacional\/#breadcrumb"},"inLanguage":"es","potentialAction":[{"@type":"ReadAction","target":["https:\/\/centrourbano.com\/revista\/arquitectura-2\/obtiene-gran-museo-del-mundo-maya-premio-internacional\/"]}]},{"@type":"BreadcrumbList","@id":"https:\/\/centrourbano.com\/revista\/arquitectura-2\/obtiene-gran-museo-del-mundo-maya-premio-internacional\/#breadcrumb","itemListElement":[{"@type":"ListItem","position":1,"name":"Portada","item":"https:\/\/centrourbano.com\/revista\/"},{"@type":"ListItem","position":2,"name":"Obtiene Gran Museo del Mundo Maya\u00a0premio internacional"}]},{"@type":"WebSite","@id":"https:\/\/centrourbano.com\/revista\/#website","url":"https:\/\/centrourbano.com\/revista\/","name":"Centro Urbano","description":"Medio especializado en los sectores vivienda, inmobiliario, construcci\u00f3n, arquitectura y urbanismo.","publisher":{"@id":"https:\/\/centrourbano.com\/revista\/#organization"},"potentialAction":[{"@type":"SearchAction","target":{"@type":"EntryPoint","urlTemplate":"https:\/\/centrourbano.com\/revista\/?s={search_term_string}"},"query-input":{"@type":"PropertyValueSpecification","valueRequired":true,"valueName":"search_term_string"}}],"inLanguage":"es"},{"@type":"Organization","@id":"https:\/\/centrourbano.com\/revista\/#organization","name":"Centro Urbano","url":"https:\/\/centrourbano.com\/revista\/","logo":{"@type":"ImageObject","inLanguage":"es","@id":"https:\/\/centrourbano.com\/revista\/#\/schema\/logo\/image\/","url":"https:\/\/centrourbano.com\/revista\/wp-content\/uploads\/web_CU_logo-1.png","contentUrl":"https:\/\/centrourbano.com\/revista\/wp-content\/uploads\/web_CU_logo-1.png","width":350,"height":91,"caption":"Centro Urbano"},"image":{"@id":"https:\/\/centrourbano.com\/revista\/#\/schema\/logo\/image\/"},"sameAs":["https:\/\/www.facebook.com\/portalcentrourbano","https:\/\/x.com\/CentroUrbano","https:\/\/www.instagram.com\/centro_urbano\/","https:\/\/www.linkedin.com\/company\/centro-urbano\/","http:\/\/www.youtube.com\/user\/portalcentrourbano"]},{"@type":"Person","@id":"https:\/\/centrourbano.com\/revista\/#\/schema\/person\/b45db815d96831257ba428a3d5a5fbdc","name":"Dinorah Nava","image":{"@type":"ImageObject","inLanguage":"es","@id":"https:\/\/secure.gravatar.com\/avatar\/f6ca6430c51d147f363940f84e1225aa4b8183885c11802cc3b042305a4ecc1a?s=96&d=mm&r=g","url":"https:\/\/secure.gravatar.com\/avatar\/f6ca6430c51d147f363940f84e1225aa4b8183885c11802cc3b042305a4ecc1a?s=96&d=mm&r=g","contentUrl":"https:\/\/secure.gravatar.com\/avatar\/f6ca6430c51d147f363940f84e1225aa4b8183885c11802cc3b042305a4ecc1a?s=96&d=mm&r=g","caption":"Dinorah Nava"},"description":"Editora de Contenidos y Estrategias Digitales en Centro Urbano y Coeditora en Peri\u00f3dico Mi Casa. Egresada de la licenciatura en Comunicaci\u00f3n y Periodismo de la Facultad de Estudios Superiores Arag\u00f3n (UNAM). Amante de la edici\u00f3n y correcci\u00f3n de estilo, las redes sociales y el mundo digital. Especialista en temas son arquitectura, inmobiliario y urbanismo.","sameAs":["linkedin.com\/in\/dinorah-nava","https:\/\/x.com\/https:\/\/twitter.com\/Dinorah_Nava28"],"url":"https:\/\/centrourbano.com\/revista\/author\/dinorah-nava\/"}]}},"_links":{"self":[{"href":"https:\/\/centrourbano.com\/revista\/wp-json\/wp\/v2\/posts\/7162","targetHints":{"allow":["GET"]}}],"collection":[{"href":"https:\/\/centrourbano.com\/revista\/wp-json\/wp\/v2\/posts"}],"about":[{"href":"https:\/\/centrourbano.com\/revista\/wp-json\/wp\/v2\/types\/post"}],"author":[{"embeddable":true,"href":"https:\/\/centrourbano.com\/revista\/wp-json\/wp\/v2\/users\/9"}],"replies":[{"embeddable":true,"href":"https:\/\/centrourbano.com\/revista\/wp-json\/wp\/v2\/comments?post=7162"}],"version-history":[{"count":0,"href":"https:\/\/centrourbano.com\/revista\/wp-json\/wp\/v2\/posts\/7162\/revisions"}],"wp:attachment":[{"href":"https:\/\/centrourbano.com\/revista\/wp-json\/wp\/v2\/media?parent=7162"}],"wp:term":[{"taxonomy":"category","embeddable":true,"href":"https:\/\/centrourbano.com\/revista\/wp-json\/wp\/v2\/categories?post=7162"},{"taxonomy":"post_tag","embeddable":true,"href":"https:\/\/centrourbano.com\/revista\/wp-json\/wp\/v2\/tags?post=7162"}],"curies":[{"name":"wp","href":"https:\/\/api.w.org\/{rel}","templated":true}]}}