{"id":71498,"date":"2018-05-16T16:19:25","date_gmt":"2018-05-16T21:19:25","guid":{"rendered":"https:\/\/centrourbano.com\/?p=71498"},"modified":"2018-05-16T16:51:04","modified_gmt":"2018-05-16T21:51:04","slug":"realizacion-mural-monumental-tijuana","status":"publish","type":"post","link":"https:\/\/centrourbano.com\/revista\/urbanismo\/realizacion-mural-monumental-tijuana\/","title":{"rendered":"Contin\u00faa realizaci\u00f3n de mural monumental en Tijuana"},"content":{"rendered":"<p><em><span style=\"font-weight: 400\">\u2018Encuentro Norte-Sur\u2019\u00a0apunta para ser la obra mural m\u00e1s grande de Am\u00e9rica Latina; consta de 77,520 m<\/span><span style=\"font-weight: 400\">2<\/span><span style=\"font-weight: 400\"> en edificios de Infonativ Lomas Verdes<\/span><\/em><!--more--><\/p>\n<p><span style=\"font-weight: 400\">La Secretar\u00eda de Desarrollo Social Municipal (Sedesom) de la <a href=\"http:\/\/www.tijuana.gob.mx\/index.aspx\" target=\"_blank\" rel=\"noopener noreferrer\"><strong>Alcald\u00eda de Tijuana<\/strong><\/a> inform\u00f3 que los trabajos para finalizar el macromural \u2018Encuentro Norte-Sur\u2019 contin\u00faan en tiempo y forma. Hasta el momento se ha alcanzado un 90% de avance, por lo cual prev\u00e9n que estar\u00e1 concluido en el verano de este a\u00f1o.<\/span><\/p>\n<p><span style=\"font-weight: 400\">En este proyecto, que consiste en una intervenci\u00f3n art\u00edstica sobre las fachadas de los edificios de la Unidad Habitacional Infonavit Lomas Verdes y abarca cerca de 77,520 metros cuadrados (m\u00b2<\/span><span style=\"font-weight: 400\">), trabaja actualmente un equipo de 15 artistas locales. Para realizar esta obra los creadores cuentan con la ayuda de cientos de j\u00f3venes del municipio, quienes buscan crear as\u00ed una nueva se\u00f1al de identidad para los habitantes de la ciudad fronteriza.<\/span><\/p>\n<p><span style=\"font-weight: 400\">La Alcald\u00eda present\u00f3 la iniciativa en marzo pasado; est\u00e1 financiada con recursos del ayuntamiento y su puesta en marcha tiene entre sus objetivos la difusi\u00f3n del arte como forma de prevenci\u00f3n de la violencia y la inclusi\u00f3n social. En los muros pueden apreciarse un coyote y un quetzal, especies representativas del norte y sur de nuestro pa\u00eds. <\/span><\/p>\n<p><span style=\"font-weight: 400\"> Sedesom indic\u00f3: \u201cRealizaremos acciones que mantengan a nuestras futuras generaciones alejadas de actividades nocivas, el arte sensibiliza y crea una mejor sociedad, esta obra hecha por manos tijuanenses, marca historia y nos diferencia del resto del pa\u00eds, as\u00ed es como se concretan los grandes logros, en equipo con personas ocupadas en hacer el bien\u201d.<\/span><\/p>\n<p><span style=\"font-weight: 400\">De marzo a la fecha la intervenci\u00f3n, que est\u00e1 proyectada para ser el mural m\u00e1s grande de Am\u00e9rica Latina, ha intervenido en total 120 edificios; sin embargo, a\u00fan restan 12, adem\u00e1s de las \u00e1reas comunes.\u00a0Destaca la conclusi\u00f3n de 15 murales individuales, mientras que tres est\u00e1n en proceso de finalizar. <\/span><\/p>\n<p><span style=\"font-weight: 400\">La realizaci\u00f3n del mural conllev\u00f3 acciones paralelas de incidencia social. En el \u00e1rea se llevaron a cabo acciones de bacheo sobre una superficie de 1,550 m\u00b2<\/span><span style=\"font-weight: 400\">; se dio mantenimiento y sustituci\u00f3n a 41 luminarias y ocho se\u00f1alamientos, mientras que brigadas de limpia retiraron m\u00e1s de 46 toneladas de residuos en vialidades aleda\u00f1as.<\/span><\/p>\n<p><span style=\"font-weight: 400\">Para sumar esfuerzos con un mayor n\u00famero de ciudadanos, Sedesom llev\u00f3 a cabo a trav\u00e9s de los Institutos Municipales de <a href=\"http:\/\/www.imac.tijuana.gob.mx\/\" target=\"_blank\" rel=\"noopener noreferrer\"><strong>Arte y Cultural (IMAC)<\/strong><\/a> y del <a href=\"http:\/\/www.imdet.tijuana.gob.mx\/\" target=\"_blank\" rel=\"noopener noreferrer\"><strong>Deporte (Imdet)<\/strong><\/a> tres jornadas de cultura, cuatro actividades de cuentacuentos y cinco de balonmano, que contaron con la participaci\u00f3n de cientos de ni\u00f1os. <\/span><\/p>\n<p><span style=\"font-weight: 400\">En la delegaci\u00f3n municipal de La Mesa se conformaron 3 Comit\u00e9s Comunitarios Integrales (CCI), sum\u00e1ndose a los 890 existentes en las 9 delegaciones municipales de Tijuana, los cuales engloban cerca de 14,240 ciudadanos que\u00a0fortalecen\u00a0las actividades y son el enlace entre las autoridades y la sociedad.<\/span><\/p>\n","protected":false},"excerpt":{"rendered":"<p>\u2018Encuentro Norte-Sur\u2019\u00a0apunta para ser la obra mural m\u00e1s grande de Am\u00e9rica Latina; consta de 77,520 m2 en edificios de Infonativ Lomas Verdes<\/p>\n","protected":false},"author":65,"featured_media":71521,"comment_status":"open","ping_status":"closed","sticky":false,"template":"","format":"standard","meta":{"om_disable_all_campaigns":false,"inline_featured_image":false,"_monsterinsights_skip_tracking":false,"_monsterinsights_sitenote_active":false,"_monsterinsights_sitenote_note":"","_monsterinsights_sitenote_category":0,"footnotes":""},"categories":[82],"tags":[2176,8228,336,13439,214,6156],"class_list":["post-71498","post","type-post","status-publish","format-standard","has-post-thumbnail","hentry","category-urbanismo","tag-arte","tag-desarrollo-social","tag-frontera","tag-juventud","tag-tijuana","tag-urbanismo"],"yoast_head":"<!-- This site is optimized with the Yoast SEO plugin v27.5 - https:\/\/yoast.com\/product\/yoast-seo-wordpress\/ -->\n<title>Contin\u00faa realizaci\u00f3n de mural monumental en Tijuana<\/title>\n<meta name=\"description\" content=\"\u2018Encuentro Norte-Sur\u2019 se proyecta para ser la obra mural m\u00e1s grande de Am\u00e9rica Latina; consta de 77,520 m2 en edificios de Infonativ Lomas Verdes\" \/>\n<meta name=\"robots\" content=\"index, follow, max-snippet:-1, max-image-preview:large, max-video-preview:-1\" \/>\n<link rel=\"canonical\" href=\"https:\/\/centrourbano.com\/revista\/urbanismo\/realizacion-mural-monumental-tijuana\/\" \/>\n<meta property=\"og:locale\" content=\"es_ES\" \/>\n<meta property=\"og:type\" content=\"article\" \/>\n<meta property=\"og:title\" content=\"Contin\u00faa realizaci\u00f3n de mural monumental en Tijuana\" \/>\n<meta property=\"og:description\" content=\"\u2018Encuentro Norte-Sur\u2019 se proyecta para ser la obra mural m\u00e1s grande de Am\u00e9rica Latina; consta de 77,520 m2 en edificios de Infonativ Lomas Verdes\" \/>\n<meta property=\"og:url\" content=\"https:\/\/centrourbano.com\/revista\/urbanismo\/realizacion-mural-monumental-tijuana\/\" \/>\n<meta property=\"og:site_name\" content=\"Centro Urbano\" \/>\n<meta property=\"article:publisher\" content=\"https:\/\/www.facebook.com\/portalcentrourbano\" \/>\n<meta property=\"article:author\" content=\"https:\/\/www.facebook.com\/ernesto.carmona.1460\" \/>\n<meta property=\"article:published_time\" content=\"2018-05-16T21:19:25+00:00\" \/>\n<meta property=\"article:modified_time\" content=\"2018-05-16T21:51:04+00:00\" \/>\n<meta property=\"og:image\" content=\"https:\/\/centrourbano.com\/revista\/wp-content\/uploads\/mural4.jpg_1902800913.jpg\" \/>\n\t<meta property=\"og:image:width\" content=\"1200\" \/>\n\t<meta property=\"og:image:height\" content=\"900\" \/>\n\t<meta property=\"og:image:type\" content=\"image\/jpeg\" \/>\n<meta name=\"author\" content=\"Ernesto Gil\" \/>\n<meta name=\"twitter:card\" content=\"summary_large_image\" \/>\n<meta name=\"twitter:creator\" content=\"@https:\/\/twitter.com\/Ernesto_C1996?lang=es\" \/>\n<meta name=\"twitter:site\" content=\"@CentroUrbano\" \/>\n<meta name=\"twitter:label1\" content=\"Escrito por\" \/>\n\t<meta name=\"twitter:data1\" content=\"Ernesto Gil\" \/>\n\t<meta name=\"twitter:label2\" content=\"Tiempo de lectura\" \/>\n\t<meta name=\"twitter:data2\" content=\"2 minutos\" \/>\n<script type=\"application\/ld+json\" class=\"yoast-schema-graph\">{\"@context\":\"https:\\\/\\\/schema.org\",\"@graph\":[{\"@type\":\"Article\",\"@id\":\"https:\\\/\\\/centrourbano.com\\\/revista\\\/urbanismo\\\/realizacion-mural-monumental-tijuana\\\/#article\",\"isPartOf\":{\"@id\":\"https:\\\/\\\/centrourbano.com\\\/revista\\\/urbanismo\\\/realizacion-mural-monumental-tijuana\\\/\"},\"author\":{\"name\":\"Ernesto Gil\",\"@id\":\"https:\\\/\\\/centrourbano.com\\\/revista\\\/#\\\/schema\\\/person\\\/d86dcb4351b6beb0855e5cb3bfda3a22\"},\"headline\":\"Contin\u00faa realizaci\u00f3n de mural monumental en Tijuana\",\"datePublished\":\"2018-05-16T21:19:25+00:00\",\"dateModified\":\"2018-05-16T21:51:04+00:00\",\"mainEntityOfPage\":{\"@id\":\"https:\\\/\\\/centrourbano.com\\\/revista\\\/urbanismo\\\/realizacion-mural-monumental-tijuana\\\/\"},\"wordCount\":483,\"commentCount\":0,\"publisher\":{\"@id\":\"https:\\\/\\\/centrourbano.com\\\/revista\\\/#organization\"},\"image\":{\"@id\":\"https:\\\/\\\/centrourbano.com\\\/revista\\\/urbanismo\\\/realizacion-mural-monumental-tijuana\\\/#primaryimage\"},\"thumbnailUrl\":\"https:\\\/\\\/centrourbano.com\\\/revista\\\/wp-content\\\/uploads\\\/mural4.jpg_1902800913.jpg\",\"keywords\":[\"arte\",\"desarrollo social\",\"frontera\",\"Juventud\",\"Tijuana\",\"Urbanismo\"],\"articleSection\":[\"Urbanismo\"],\"inLanguage\":\"es\",\"potentialAction\":[{\"@type\":\"CommentAction\",\"name\":\"Comment\",\"target\":[\"https:\\\/\\\/centrourbano.com\\\/revista\\\/urbanismo\\\/realizacion-mural-monumental-tijuana\\\/#respond\"]}]},{\"@type\":\"WebPage\",\"@id\":\"https:\\\/\\\/centrourbano.com\\\/revista\\\/urbanismo\\\/realizacion-mural-monumental-tijuana\\\/\",\"url\":\"https:\\\/\\\/centrourbano.com\\\/revista\\\/urbanismo\\\/realizacion-mural-monumental-tijuana\\\/\",\"name\":\"Contin\u00faa realizaci\u00f3n de mural monumental en Tijuana\",\"isPartOf\":{\"@id\":\"https:\\\/\\\/centrourbano.com\\\/revista\\\/#website\"},\"primaryImageOfPage\":{\"@id\":\"https:\\\/\\\/centrourbano.com\\\/revista\\\/urbanismo\\\/realizacion-mural-monumental-tijuana\\\/#primaryimage\"},\"image\":{\"@id\":\"https:\\\/\\\/centrourbano.com\\\/revista\\\/urbanismo\\\/realizacion-mural-monumental-tijuana\\\/#primaryimage\"},\"thumbnailUrl\":\"https:\\\/\\\/centrourbano.com\\\/revista\\\/wp-content\\\/uploads\\\/mural4.jpg_1902800913.jpg\",\"datePublished\":\"2018-05-16T21:19:25+00:00\",\"dateModified\":\"2018-05-16T21:51:04+00:00\",\"description\":\"\u2018Encuentro Norte-Sur\u2019 se proyecta para ser la obra mural m\u00e1s grande de Am\u00e9rica Latina; consta de 77,520 m2 en edificios de Infonativ Lomas Verdes\",\"breadcrumb\":{\"@id\":\"https:\\\/\\\/centrourbano.com\\\/revista\\\/urbanismo\\\/realizacion-mural-monumental-tijuana\\\/#breadcrumb\"},\"inLanguage\":\"es\",\"potentialAction\":[{\"@type\":\"ReadAction\",\"target\":[\"https:\\\/\\\/centrourbano.com\\\/revista\\\/urbanismo\\\/realizacion-mural-monumental-tijuana\\\/\"]}]},{\"@type\":\"ImageObject\",\"inLanguage\":\"es\",\"@id\":\"https:\\\/\\\/centrourbano.com\\\/revista\\\/urbanismo\\\/realizacion-mural-monumental-tijuana\\\/#primaryimage\",\"url\":\"https:\\\/\\\/centrourbano.com\\\/revista\\\/wp-content\\\/uploads\\\/mural4.jpg_1902800913.jpg\",\"contentUrl\":\"https:\\\/\\\/centrourbano.com\\\/revista\\\/wp-content\\\/uploads\\\/mural4.jpg_1902800913.jpg\",\"width\":1200,\"height\":900,\"caption\":\"\u2018Encuentro Norte-Sur\u2019 se proyecta para ser la obra mural m\u00e1s grande de Am\u00e9rica Latina; consta de 77,520 m2 en edificios de Infonativ Lomas Verdes\"},{\"@type\":\"BreadcrumbList\",\"@id\":\"https:\\\/\\\/centrourbano.com\\\/revista\\\/urbanismo\\\/realizacion-mural-monumental-tijuana\\\/#breadcrumb\",\"itemListElement\":[{\"@type\":\"ListItem\",\"position\":1,\"name\":\"Portada\",\"item\":\"https:\\\/\\\/centrourbano.com\\\/revista\\\/\"},{\"@type\":\"ListItem\",\"position\":2,\"name\":\"Contin\u00faa realizaci\u00f3n de mural monumental en Tijuana\"}]},{\"@type\":\"WebSite\",\"@id\":\"https:\\\/\\\/centrourbano.com\\\/revista\\\/#website\",\"url\":\"https:\\\/\\\/centrourbano.com\\\/revista\\\/\",\"name\":\"Centro Urbano\",\"description\":\"Medio especializado en los sectores vivienda, inmobiliario, construcci\u00f3n, arquitectura y urbanismo.\",\"publisher\":{\"@id\":\"https:\\\/\\\/centrourbano.com\\\/revista\\\/#organization\"},\"potentialAction\":[{\"@type\":\"SearchAction\",\"target\":{\"@type\":\"EntryPoint\",\"urlTemplate\":\"https:\\\/\\\/centrourbano.com\\\/revista\\\/?s={search_term_string}\"},\"query-input\":{\"@type\":\"PropertyValueSpecification\",\"valueRequired\":true,\"valueName\":\"search_term_string\"}}],\"inLanguage\":\"es\"},{\"@type\":\"Organization\",\"@id\":\"https:\\\/\\\/centrourbano.com\\\/revista\\\/#organization\",\"name\":\"Centro Urbano\",\"url\":\"https:\\\/\\\/centrourbano.com\\\/revista\\\/\",\"logo\":{\"@type\":\"ImageObject\",\"inLanguage\":\"es\",\"@id\":\"https:\\\/\\\/centrourbano.com\\\/revista\\\/#\\\/schema\\\/logo\\\/image\\\/\",\"url\":\"https:\\\/\\\/centrourbano.com\\\/revista\\\/wp-content\\\/uploads\\\/web_CU_logo-1.png\",\"contentUrl\":\"https:\\\/\\\/centrourbano.com\\\/revista\\\/wp-content\\\/uploads\\\/web_CU_logo-1.png\",\"width\":350,\"height\":91,\"caption\":\"Centro Urbano\"},\"image\":{\"@id\":\"https:\\\/\\\/centrourbano.com\\\/revista\\\/#\\\/schema\\\/logo\\\/image\\\/\"},\"sameAs\":[\"https:\\\/\\\/www.facebook.com\\\/portalcentrourbano\",\"https:\\\/\\\/x.com\\\/CentroUrbano\",\"https:\\\/\\\/www.instagram.com\\\/centro_urbano\\\/\",\"https:\\\/\\\/www.linkedin.com\\\/company\\\/centro-urbano\\\/\",\"http:\\\/\\\/www.youtube.com\\\/user\\\/portalcentrourbano\"]},{\"@type\":\"Person\",\"@id\":\"https:\\\/\\\/centrourbano.com\\\/revista\\\/#\\\/schema\\\/person\\\/d86dcb4351b6beb0855e5cb3bfda3a22\",\"name\":\"Ernesto Gil\",\"image\":{\"@type\":\"ImageObject\",\"inLanguage\":\"es\",\"@id\":\"https:\\\/\\\/secure.gravatar.com\\\/avatar\\\/8dbbb129f9dd066e97c18685ca45e8cf5113df97f8ca7e2ddab10d28f0127134?s=96&d=mm&r=g\",\"url\":\"https:\\\/\\\/secure.gravatar.com\\\/avatar\\\/8dbbb129f9dd066e97c18685ca45e8cf5113df97f8ca7e2ddab10d28f0127134?s=96&d=mm&r=g\",\"contentUrl\":\"https:\\\/\\\/secure.gravatar.com\\\/avatar\\\/8dbbb129f9dd066e97c18685ca45e8cf5113df97f8ca7e2ddab10d28f0127134?s=96&d=mm&r=g\",\"caption\":\"Ernesto Gil\"},\"description\":\"Ciencias Pol\u00edticas y Administraci\u00f3n P\u00fablica, FCPyS - UNAM. Apasionado por la Historia, la pol\u00edtica, la arquitectura, el urbanismo y la lectura.\",\"sameAs\":[\"https:\\\/\\\/www.facebook.com\\\/ernesto.carmona.1460\",\"https:\\\/\\\/x.com\\\/https:\\\/\\\/twitter.com\\\/Ernesto_C1996?lang=es\"],\"url\":\"https:\\\/\\\/centrourbano.com\\\/revista\\\/author\\\/ernesto-gil\\\/\"}]}<\/script>\n<!-- \/ Yoast SEO plugin. -->","yoast_head_json":{"title":"Contin\u00faa realizaci\u00f3n de mural monumental en Tijuana","description":"\u2018Encuentro Norte-Sur\u2019 se proyecta para ser la obra mural m\u00e1s grande de Am\u00e9rica Latina; consta de 77,520 m2 en edificios de Infonativ Lomas Verdes","robots":{"index":"index","follow":"follow","max-snippet":"max-snippet:-1","max-image-preview":"max-image-preview:large","max-video-preview":"max-video-preview:-1"},"canonical":"https:\/\/centrourbano.com\/revista\/urbanismo\/realizacion-mural-monumental-tijuana\/","og_locale":"es_ES","og_type":"article","og_title":"Contin\u00faa realizaci\u00f3n de mural monumental en Tijuana","og_description":"\u2018Encuentro Norte-Sur\u2019 se proyecta para ser la obra mural m\u00e1s grande de Am\u00e9rica Latina; consta de 77,520 m2 en edificios de Infonativ Lomas Verdes","og_url":"https:\/\/centrourbano.com\/revista\/urbanismo\/realizacion-mural-monumental-tijuana\/","og_site_name":"Centro Urbano","article_publisher":"https:\/\/www.facebook.com\/portalcentrourbano","article_author":"https:\/\/www.facebook.com\/ernesto.carmona.1460","article_published_time":"2018-05-16T21:19:25+00:00","article_modified_time":"2018-05-16T21:51:04+00:00","og_image":[{"width":1200,"height":900,"url":"https:\/\/centrourbano.com\/revista\/wp-content\/uploads\/mural4.jpg_1902800913.jpg","type":"image\/jpeg"}],"author":"Ernesto Gil","twitter_card":"summary_large_image","twitter_creator":"@https:\/\/twitter.com\/Ernesto_C1996?lang=es","twitter_site":"@CentroUrbano","twitter_misc":{"Escrito por":"Ernesto Gil","Tiempo de lectura":"2 minutos"},"schema":{"@context":"https:\/\/schema.org","@graph":[{"@type":"Article","@id":"https:\/\/centrourbano.com\/revista\/urbanismo\/realizacion-mural-monumental-tijuana\/#article","isPartOf":{"@id":"https:\/\/centrourbano.com\/revista\/urbanismo\/realizacion-mural-monumental-tijuana\/"},"author":{"name":"Ernesto Gil","@id":"https:\/\/centrourbano.com\/revista\/#\/schema\/person\/d86dcb4351b6beb0855e5cb3bfda3a22"},"headline":"Contin\u00faa realizaci\u00f3n de mural monumental en Tijuana","datePublished":"2018-05-16T21:19:25+00:00","dateModified":"2018-05-16T21:51:04+00:00","mainEntityOfPage":{"@id":"https:\/\/centrourbano.com\/revista\/urbanismo\/realizacion-mural-monumental-tijuana\/"},"wordCount":483,"commentCount":0,"publisher":{"@id":"https:\/\/centrourbano.com\/revista\/#organization"},"image":{"@id":"https:\/\/centrourbano.com\/revista\/urbanismo\/realizacion-mural-monumental-tijuana\/#primaryimage"},"thumbnailUrl":"https:\/\/centrourbano.com\/revista\/wp-content\/uploads\/mural4.jpg_1902800913.jpg","keywords":["arte","desarrollo social","frontera","Juventud","Tijuana","Urbanismo"],"articleSection":["Urbanismo"],"inLanguage":"es","potentialAction":[{"@type":"CommentAction","name":"Comment","target":["https:\/\/centrourbano.com\/revista\/urbanismo\/realizacion-mural-monumental-tijuana\/#respond"]}]},{"@type":"WebPage","@id":"https:\/\/centrourbano.com\/revista\/urbanismo\/realizacion-mural-monumental-tijuana\/","url":"https:\/\/centrourbano.com\/revista\/urbanismo\/realizacion-mural-monumental-tijuana\/","name":"Contin\u00faa realizaci\u00f3n de mural monumental en Tijuana","isPartOf":{"@id":"https:\/\/centrourbano.com\/revista\/#website"},"primaryImageOfPage":{"@id":"https:\/\/centrourbano.com\/revista\/urbanismo\/realizacion-mural-monumental-tijuana\/#primaryimage"},"image":{"@id":"https:\/\/centrourbano.com\/revista\/urbanismo\/realizacion-mural-monumental-tijuana\/#primaryimage"},"thumbnailUrl":"https:\/\/centrourbano.com\/revista\/wp-content\/uploads\/mural4.jpg_1902800913.jpg","datePublished":"2018-05-16T21:19:25+00:00","dateModified":"2018-05-16T21:51:04+00:00","description":"\u2018Encuentro Norte-Sur\u2019 se proyecta para ser la obra mural m\u00e1s grande de Am\u00e9rica Latina; consta de 77,520 m2 en edificios de Infonativ Lomas Verdes","breadcrumb":{"@id":"https:\/\/centrourbano.com\/revista\/urbanismo\/realizacion-mural-monumental-tijuana\/#breadcrumb"},"inLanguage":"es","potentialAction":[{"@type":"ReadAction","target":["https:\/\/centrourbano.com\/revista\/urbanismo\/realizacion-mural-monumental-tijuana\/"]}]},{"@type":"ImageObject","inLanguage":"es","@id":"https:\/\/centrourbano.com\/revista\/urbanismo\/realizacion-mural-monumental-tijuana\/#primaryimage","url":"https:\/\/centrourbano.com\/revista\/wp-content\/uploads\/mural4.jpg_1902800913.jpg","contentUrl":"https:\/\/centrourbano.com\/revista\/wp-content\/uploads\/mural4.jpg_1902800913.jpg","width":1200,"height":900,"caption":"\u2018Encuentro Norte-Sur\u2019 se proyecta para ser la obra mural m\u00e1s grande de Am\u00e9rica Latina; consta de 77,520 m2 en edificios de Infonativ Lomas Verdes"},{"@type":"BreadcrumbList","@id":"https:\/\/centrourbano.com\/revista\/urbanismo\/realizacion-mural-monumental-tijuana\/#breadcrumb","itemListElement":[{"@type":"ListItem","position":1,"name":"Portada","item":"https:\/\/centrourbano.com\/revista\/"},{"@type":"ListItem","position":2,"name":"Contin\u00faa realizaci\u00f3n de mural monumental en Tijuana"}]},{"@type":"WebSite","@id":"https:\/\/centrourbano.com\/revista\/#website","url":"https:\/\/centrourbano.com\/revista\/","name":"Centro Urbano","description":"Medio especializado en los sectores vivienda, inmobiliario, construcci\u00f3n, arquitectura y urbanismo.","publisher":{"@id":"https:\/\/centrourbano.com\/revista\/#organization"},"potentialAction":[{"@type":"SearchAction","target":{"@type":"EntryPoint","urlTemplate":"https:\/\/centrourbano.com\/revista\/?s={search_term_string}"},"query-input":{"@type":"PropertyValueSpecification","valueRequired":true,"valueName":"search_term_string"}}],"inLanguage":"es"},{"@type":"Organization","@id":"https:\/\/centrourbano.com\/revista\/#organization","name":"Centro Urbano","url":"https:\/\/centrourbano.com\/revista\/","logo":{"@type":"ImageObject","inLanguage":"es","@id":"https:\/\/centrourbano.com\/revista\/#\/schema\/logo\/image\/","url":"https:\/\/centrourbano.com\/revista\/wp-content\/uploads\/web_CU_logo-1.png","contentUrl":"https:\/\/centrourbano.com\/revista\/wp-content\/uploads\/web_CU_logo-1.png","width":350,"height":91,"caption":"Centro Urbano"},"image":{"@id":"https:\/\/centrourbano.com\/revista\/#\/schema\/logo\/image\/"},"sameAs":["https:\/\/www.facebook.com\/portalcentrourbano","https:\/\/x.com\/CentroUrbano","https:\/\/www.instagram.com\/centro_urbano\/","https:\/\/www.linkedin.com\/company\/centro-urbano\/","http:\/\/www.youtube.com\/user\/portalcentrourbano"]},{"@type":"Person","@id":"https:\/\/centrourbano.com\/revista\/#\/schema\/person\/d86dcb4351b6beb0855e5cb3bfda3a22","name":"Ernesto Gil","image":{"@type":"ImageObject","inLanguage":"es","@id":"https:\/\/secure.gravatar.com\/avatar\/8dbbb129f9dd066e97c18685ca45e8cf5113df97f8ca7e2ddab10d28f0127134?s=96&d=mm&r=g","url":"https:\/\/secure.gravatar.com\/avatar\/8dbbb129f9dd066e97c18685ca45e8cf5113df97f8ca7e2ddab10d28f0127134?s=96&d=mm&r=g","contentUrl":"https:\/\/secure.gravatar.com\/avatar\/8dbbb129f9dd066e97c18685ca45e8cf5113df97f8ca7e2ddab10d28f0127134?s=96&d=mm&r=g","caption":"Ernesto Gil"},"description":"Ciencias Pol\u00edticas y Administraci\u00f3n P\u00fablica, FCPyS - UNAM. Apasionado por la Historia, la pol\u00edtica, la arquitectura, el urbanismo y la lectura.","sameAs":["https:\/\/www.facebook.com\/ernesto.carmona.1460","https:\/\/x.com\/https:\/\/twitter.com\/Ernesto_C1996?lang=es"],"url":"https:\/\/centrourbano.com\/revista\/author\/ernesto-gil\/"}]}},"_links":{"self":[{"href":"https:\/\/centrourbano.com\/revista\/wp-json\/wp\/v2\/posts\/71498","targetHints":{"allow":["GET"]}}],"collection":[{"href":"https:\/\/centrourbano.com\/revista\/wp-json\/wp\/v2\/posts"}],"about":[{"href":"https:\/\/centrourbano.com\/revista\/wp-json\/wp\/v2\/types\/post"}],"author":[{"embeddable":true,"href":"https:\/\/centrourbano.com\/revista\/wp-json\/wp\/v2\/users\/65"}],"replies":[{"embeddable":true,"href":"https:\/\/centrourbano.com\/revista\/wp-json\/wp\/v2\/comments?post=71498"}],"version-history":[{"count":5,"href":"https:\/\/centrourbano.com\/revista\/wp-json\/wp\/v2\/posts\/71498\/revisions"}],"predecessor-version":[{"id":71536,"href":"https:\/\/centrourbano.com\/revista\/wp-json\/wp\/v2\/posts\/71498\/revisions\/71536"}],"wp:featuredmedia":[{"embeddable":true,"href":"https:\/\/centrourbano.com\/revista\/wp-json\/wp\/v2\/media\/71521"}],"wp:attachment":[{"href":"https:\/\/centrourbano.com\/revista\/wp-json\/wp\/v2\/media?parent=71498"}],"wp:term":[{"taxonomy":"category","embeddable":true,"href":"https:\/\/centrourbano.com\/revista\/wp-json\/wp\/v2\/categories?post=71498"},{"taxonomy":"post_tag","embeddable":true,"href":"https:\/\/centrourbano.com\/revista\/wp-json\/wp\/v2\/tags?post=71498"}],"curies":[{"name":"wp","href":"https:\/\/api.w.org\/{rel}","templated":true}]}}