{"id":71436,"date":"2018-05-15T17:25:35","date_gmt":"2018-05-15T22:25:35","guid":{"rendered":"https:\/\/centrourbano.com\/?p=71436"},"modified":"2018-05-15T17:25:35","modified_gmt":"2018-05-15T22:25:35","slug":"senalan-impacto-ambiental-tren-interurbano","status":"publish","type":"post","link":"https:\/\/centrourbano.com\/revista\/urbanismo\/senalan-impacto-ambiental-tren-interurbano\/","title":{"rendered":"Se\u00f1alan impacto ambiental del Tren Interurbano"},"content":{"rendered":"<p><em><span style=\"font-weight: 400\">Cuerpos h\u00eddricos Totolapan, Tacubaya y Adolfo Ru\u00edz Cortines, presuntamente afectados; Amieva y Sobse aclaran medidas de mitigaci\u00f3n<\/span><\/em><!--more--><\/p>\n<p><span style=\"font-weight: 400\">La organizaci\u00f3n <a href=\"https:\/\/www.facebook.com\/vecinos.unidos.zona.poniente.oficial\/\" target=\"_blank\" rel=\"noopener noreferrer\"><strong>Vecinos Unidos Zona Poniente<\/strong><\/a>, integrada por ciudadanos de las delegaciones \u00c1lvaro Obreg\u00f3n y Cuajimalpa, denunci\u00f3 la omisi\u00f3n de las autoridades en materia del impacto ambiental generado por las obras del Tren Interurbano, que conectar\u00e1 a las ciudades de M\u00e9xico y Toluca mediante una ruta de 58 kil\u00f3metros.<\/span><\/p>\n<p><span style=\"font-weight: 400\">Vecinos de las colonias Liberales de 1857, Observatorio y El Capul\u00edn, ubicadas en \u00c1lvaro Obreg\u00f3n, se\u00f1alan que este proyecto genera un da\u00f1o irreversible al sistema hidrol\u00f3gico-ambiental conformado por las presas Totolapan, Tacubaya y Adolfo Ruiz Cortines, las cuales evitan inundaciones mayores en la zona poniente de la capital.<\/span><\/p>\n<p><span style=\"font-weight: 400\">Entre otros puntos, comunicaron la presencia de top\u00f3grafos que hicieron mediciones en tramos de la avenida R\u00edo Tacubaya, por la cual pasar\u00e1 el tren. De acuerdo con estimaciones, esto afectar\u00e1 directamente a unas cien casas del \u00e1rea, ante lo cual no reciben informaci\u00f3n de ninguna autoridad de cualquiera de los \u00e1mbitos de gobierno. A\u00f1aden que los comit\u00e9s vecinales fueron \u201ctotalmente comprados con despensas, arreglo de fachadas y banquetas, bajo la promoci\u00f3n de que las obras no afectar\u00e1n en nada a esas colonias\u201d.<\/span><\/p>\n<p><span style=\"font-weight: 400\"> Integrantes de la organizaci\u00f3n indicaron tambi\u00e9n que hay una iniciativa paralela de desaparecer la barranca Tacubaya con fines inmobiliarios, lo cual empeorar\u00eda la crisis de abastecimiento y extracci\u00f3n de agua de la Ciudad de M\u00e9xico. Diagnostican que con ese proyecto proseguir\u00e1n los despojos a las comunidades y la carest\u00eda h\u00eddrica en zonas populares, por lo que llamaron a activistas y acad\u00e9micos a defender este sector ambiental.<\/span><\/p>\n<p><span style=\"font-weight: 400\">Ante estas acusaciones, respondieron el jefe de gobierno, Jos\u00e9 Ram\u00f3n Amieva, y la <a href=\"http:\/\/www.obras.cdmx.gob.mx\/\" target=\"_blank\" rel=\"noopener noreferrer\"><strong>Secretar\u00eda de Obras y Servicios (Sobse)<\/strong><\/a> capitalina. El titular del Ejecutivo local admiti\u00f3 ante los medios que los estudios de impacto ambiental del tren siguen en curso. \u201cTodav\u00eda se est\u00e1 <\/span><span style=\"font-weight: 400\">integrando<\/span><span style=\"font-weight: 400\"> el tema de la determinaci\u00f3n de impacto, y todo impacto siempre debe conllevar medidas que son de mitigaci\u00f3n\u201d, indic\u00f3.<\/span><\/p>\n<p><span style=\"font-weight: 400\">Por su parte, la Sobse inform\u00f3 que al concluirse el Tramo III del llamado \u2018viaducto elevado\u2019, tanto el vaso regulador como las presas volver\u00e1n a su funcionamiento normal. \u201cPor ning\u00fan motivo las obras del tren interurbano les quitar\u00e1 su funci\u00f3n\u201d, enfatizaron. Entre las medidas tomadas para cumplir este objetivo resaltaron la desviaci\u00f3n de canales en el vaso Totolapan, la limpieza en la presa Tacubaya y el fortalecimiento del talud en la colonia Liberales de 1857 mediante concreto, que evitar\u00e1 desgajamientos.<\/span><\/p>\n","protected":false},"excerpt":{"rendered":"<p>Cuerpos h\u00eddricos Totolapan, Tacubaya y Adolfo Ru\u00edz Cortines, presuntamente afectados; Amieva y Sobse aclaran medidas de mitigaci\u00f3n<\/p>\n","protected":false},"author":65,"featured_media":71437,"comment_status":"open","ping_status":"closed","sticky":false,"template":"","format":"standard","meta":{"om_disable_all_campaigns":false,"inline_featured_image":false,"_monsterinsights_skip_tracking":false,"_monsterinsights_sitenote_active":false,"_monsterinsights_sitenote_note":"","_monsterinsights_sitenote_category":0,"footnotes":""},"categories":[82],"tags":[682,606,679,21,587,1269,1172],"class_list":["post-71436","post","type-post","status-publish","format-standard","has-post-thumbnail","hentry","category-urbanismo","tag-alvaro-obregon","tag-cdmx","tag-cuajimalpa","tag-inmobiliario-2","tag-medio-ambiente","tag-tacubaya","tag-tren-interurbano"],"yoast_head":"<!-- This site is optimized with the Yoast SEO plugin v27.5 - https:\/\/yoast.com\/product\/yoast-seo-wordpress\/ -->\n<title>Se\u00f1alan impacto ambiental del Tren Interurbano<\/title>\n<meta name=\"description\" content=\"Cuerpos h\u00eddricos Totolapan, Tacubaya y Adolfo Ru\u00edz Cortines, presuntamente afectados; Amieva y Sobse aclaran medidas de mitigaci\u00f3n\" \/>\n<meta name=\"robots\" content=\"index, follow, max-snippet:-1, max-image-preview:large, max-video-preview:-1\" \/>\n<link rel=\"canonical\" href=\"https:\/\/centrourbano.com\/revista\/urbanismo\/senalan-impacto-ambiental-tren-interurbano\/\" \/>\n<meta property=\"og:locale\" content=\"es_ES\" \/>\n<meta property=\"og:type\" content=\"article\" \/>\n<meta property=\"og:title\" content=\"Se\u00f1alan impacto ambiental del Tren Interurbano\" \/>\n<meta property=\"og:description\" content=\"Cuerpos h\u00eddricos Totolapan, Tacubaya y Adolfo Ru\u00edz Cortines, presuntamente afectados; Amieva y Sobse aclaran medidas de mitigaci\u00f3n\" \/>\n<meta property=\"og:url\" content=\"https:\/\/centrourbano.com\/revista\/urbanismo\/senalan-impacto-ambiental-tren-interurbano\/\" \/>\n<meta property=\"og:site_name\" content=\"Centro Urbano\" \/>\n<meta property=\"article:publisher\" content=\"https:\/\/www.facebook.com\/portalcentrourbano\" \/>\n<meta property=\"article:author\" content=\"https:\/\/www.facebook.com\/ernesto.carmona.1460\" \/>\n<meta property=\"article:published_time\" content=\"2018-05-15T22:25:35+00:00\" \/>\n<meta property=\"og:image\" content=\"https:\/\/centrourbano.com\/revista\/wp-content\/uploads\/FOTO_2-2.jpg\" \/>\n\t<meta property=\"og:image:width\" content=\"1280\" \/>\n\t<meta property=\"og:image:height\" content=\"960\" \/>\n\t<meta property=\"og:image:type\" content=\"image\/jpeg\" \/>\n<meta name=\"author\" content=\"Ernesto Gil\" \/>\n<meta name=\"twitter:card\" content=\"summary_large_image\" \/>\n<meta name=\"twitter:creator\" content=\"@https:\/\/twitter.com\/Ernesto_C1996?lang=es\" \/>\n<meta name=\"twitter:site\" content=\"@CentroUrbano\" \/>\n<meta name=\"twitter:label1\" content=\"Escrito por\" \/>\n\t<meta name=\"twitter:data1\" content=\"Ernesto Gil\" \/>\n\t<meta name=\"twitter:label2\" content=\"Tiempo de lectura\" \/>\n\t<meta name=\"twitter:data2\" content=\"2 minutos\" \/>\n<script type=\"application\/ld+json\" class=\"yoast-schema-graph\">{\"@context\":\"https:\\\/\\\/schema.org\",\"@graph\":[{\"@type\":\"Article\",\"@id\":\"https:\\\/\\\/centrourbano.com\\\/revista\\\/urbanismo\\\/senalan-impacto-ambiental-tren-interurbano\\\/#article\",\"isPartOf\":{\"@id\":\"https:\\\/\\\/centrourbano.com\\\/revista\\\/urbanismo\\\/senalan-impacto-ambiental-tren-interurbano\\\/\"},\"author\":{\"name\":\"Ernesto Gil\",\"@id\":\"https:\\\/\\\/centrourbano.com\\\/revista\\\/#\\\/schema\\\/person\\\/d86dcb4351b6beb0855e5cb3bfda3a22\"},\"headline\":\"Se\u00f1alan impacto ambiental del Tren Interurbano\",\"datePublished\":\"2018-05-15T22:25:35+00:00\",\"mainEntityOfPage\":{\"@id\":\"https:\\\/\\\/centrourbano.com\\\/revista\\\/urbanismo\\\/senalan-impacto-ambiental-tren-interurbano\\\/\"},\"wordCount\":447,\"commentCount\":0,\"publisher\":{\"@id\":\"https:\\\/\\\/centrourbano.com\\\/revista\\\/#organization\"},\"image\":{\"@id\":\"https:\\\/\\\/centrourbano.com\\\/revista\\\/urbanismo\\\/senalan-impacto-ambiental-tren-interurbano\\\/#primaryimage\"},\"thumbnailUrl\":\"https:\\\/\\\/centrourbano.com\\\/revista\\\/wp-content\\\/uploads\\\/FOTO_2-2.jpg\",\"keywords\":[\"\u00c1lvaro Obreg\u00f3n\",\"CDMX\",\"Cuajimalpa\",\"inmobiliario\",\"Medio ambiente\",\"Tacubaya\",\"tren interurbano\"],\"articleSection\":[\"Urbanismo\"],\"inLanguage\":\"es\",\"potentialAction\":[{\"@type\":\"CommentAction\",\"name\":\"Comment\",\"target\":[\"https:\\\/\\\/centrourbano.com\\\/revista\\\/urbanismo\\\/senalan-impacto-ambiental-tren-interurbano\\\/#respond\"]}]},{\"@type\":\"WebPage\",\"@id\":\"https:\\\/\\\/centrourbano.com\\\/revista\\\/urbanismo\\\/senalan-impacto-ambiental-tren-interurbano\\\/\",\"url\":\"https:\\\/\\\/centrourbano.com\\\/revista\\\/urbanismo\\\/senalan-impacto-ambiental-tren-interurbano\\\/\",\"name\":\"Se\u00f1alan impacto ambiental del Tren Interurbano\",\"isPartOf\":{\"@id\":\"https:\\\/\\\/centrourbano.com\\\/revista\\\/#website\"},\"primaryImageOfPage\":{\"@id\":\"https:\\\/\\\/centrourbano.com\\\/revista\\\/urbanismo\\\/senalan-impacto-ambiental-tren-interurbano\\\/#primaryimage\"},\"image\":{\"@id\":\"https:\\\/\\\/centrourbano.com\\\/revista\\\/urbanismo\\\/senalan-impacto-ambiental-tren-interurbano\\\/#primaryimage\"},\"thumbnailUrl\":\"https:\\\/\\\/centrourbano.com\\\/revista\\\/wp-content\\\/uploads\\\/FOTO_2-2.jpg\",\"datePublished\":\"2018-05-15T22:25:35+00:00\",\"description\":\"Cuerpos h\u00eddricos Totolapan, Tacubaya y Adolfo Ru\u00edz Cortines, presuntamente afectados; Amieva y Sobse aclaran medidas de mitigaci\u00f3n\",\"breadcrumb\":{\"@id\":\"https:\\\/\\\/centrourbano.com\\\/revista\\\/urbanismo\\\/senalan-impacto-ambiental-tren-interurbano\\\/#breadcrumb\"},\"inLanguage\":\"es\",\"potentialAction\":[{\"@type\":\"ReadAction\",\"target\":[\"https:\\\/\\\/centrourbano.com\\\/revista\\\/urbanismo\\\/senalan-impacto-ambiental-tren-interurbano\\\/\"]}]},{\"@type\":\"ImageObject\",\"inLanguage\":\"es\",\"@id\":\"https:\\\/\\\/centrourbano.com\\\/revista\\\/urbanismo\\\/senalan-impacto-ambiental-tren-interurbano\\\/#primaryimage\",\"url\":\"https:\\\/\\\/centrourbano.com\\\/revista\\\/wp-content\\\/uploads\\\/FOTO_2-2.jpg\",\"contentUrl\":\"https:\\\/\\\/centrourbano.com\\\/revista\\\/wp-content\\\/uploads\\\/FOTO_2-2.jpg\",\"width\":1280,\"height\":960,\"caption\":\"Cuerpos h\u00eddricos Totolapan, Tacubaya y Adolfo Ru\u00edz Cortines, presuntamente afectados; Amieva y Sobse aclaran medidas de mitigaci\u00f3n\"},{\"@type\":\"BreadcrumbList\",\"@id\":\"https:\\\/\\\/centrourbano.com\\\/revista\\\/urbanismo\\\/senalan-impacto-ambiental-tren-interurbano\\\/#breadcrumb\",\"itemListElement\":[{\"@type\":\"ListItem\",\"position\":1,\"name\":\"Portada\",\"item\":\"https:\\\/\\\/centrourbano.com\\\/revista\\\/\"},{\"@type\":\"ListItem\",\"position\":2,\"name\":\"Se\u00f1alan impacto ambiental del Tren Interurbano\"}]},{\"@type\":\"WebSite\",\"@id\":\"https:\\\/\\\/centrourbano.com\\\/revista\\\/#website\",\"url\":\"https:\\\/\\\/centrourbano.com\\\/revista\\\/\",\"name\":\"Centro Urbano\",\"description\":\"Medio especializado en los sectores vivienda, inmobiliario, construcci\u00f3n, arquitectura y urbanismo.\",\"publisher\":{\"@id\":\"https:\\\/\\\/centrourbano.com\\\/revista\\\/#organization\"},\"potentialAction\":[{\"@type\":\"SearchAction\",\"target\":{\"@type\":\"EntryPoint\",\"urlTemplate\":\"https:\\\/\\\/centrourbano.com\\\/revista\\\/?s={search_term_string}\"},\"query-input\":{\"@type\":\"PropertyValueSpecification\",\"valueRequired\":true,\"valueName\":\"search_term_string\"}}],\"inLanguage\":\"es\"},{\"@type\":\"Organization\",\"@id\":\"https:\\\/\\\/centrourbano.com\\\/revista\\\/#organization\",\"name\":\"Centro Urbano\",\"url\":\"https:\\\/\\\/centrourbano.com\\\/revista\\\/\",\"logo\":{\"@type\":\"ImageObject\",\"inLanguage\":\"es\",\"@id\":\"https:\\\/\\\/centrourbano.com\\\/revista\\\/#\\\/schema\\\/logo\\\/image\\\/\",\"url\":\"https:\\\/\\\/centrourbano.com\\\/revista\\\/wp-content\\\/uploads\\\/web_CU_logo-1.png\",\"contentUrl\":\"https:\\\/\\\/centrourbano.com\\\/revista\\\/wp-content\\\/uploads\\\/web_CU_logo-1.png\",\"width\":350,\"height\":91,\"caption\":\"Centro Urbano\"},\"image\":{\"@id\":\"https:\\\/\\\/centrourbano.com\\\/revista\\\/#\\\/schema\\\/logo\\\/image\\\/\"},\"sameAs\":[\"https:\\\/\\\/www.facebook.com\\\/portalcentrourbano\",\"https:\\\/\\\/x.com\\\/CentroUrbano\",\"https:\\\/\\\/www.instagram.com\\\/centro_urbano\\\/\",\"https:\\\/\\\/www.linkedin.com\\\/company\\\/centro-urbano\\\/\",\"http:\\\/\\\/www.youtube.com\\\/user\\\/portalcentrourbano\"]},{\"@type\":\"Person\",\"@id\":\"https:\\\/\\\/centrourbano.com\\\/revista\\\/#\\\/schema\\\/person\\\/d86dcb4351b6beb0855e5cb3bfda3a22\",\"name\":\"Ernesto Gil\",\"image\":{\"@type\":\"ImageObject\",\"inLanguage\":\"es\",\"@id\":\"https:\\\/\\\/secure.gravatar.com\\\/avatar\\\/8dbbb129f9dd066e97c18685ca45e8cf5113df97f8ca7e2ddab10d28f0127134?s=96&d=mm&r=g\",\"url\":\"https:\\\/\\\/secure.gravatar.com\\\/avatar\\\/8dbbb129f9dd066e97c18685ca45e8cf5113df97f8ca7e2ddab10d28f0127134?s=96&d=mm&r=g\",\"contentUrl\":\"https:\\\/\\\/secure.gravatar.com\\\/avatar\\\/8dbbb129f9dd066e97c18685ca45e8cf5113df97f8ca7e2ddab10d28f0127134?s=96&d=mm&r=g\",\"caption\":\"Ernesto Gil\"},\"description\":\"Ciencias Pol\u00edticas y Administraci\u00f3n P\u00fablica, FCPyS - UNAM. Apasionado por la Historia, la pol\u00edtica, la arquitectura, el urbanismo y la lectura.\",\"sameAs\":[\"https:\\\/\\\/www.facebook.com\\\/ernesto.carmona.1460\",\"https:\\\/\\\/x.com\\\/https:\\\/\\\/twitter.com\\\/Ernesto_C1996?lang=es\"],\"url\":\"https:\\\/\\\/centrourbano.com\\\/revista\\\/author\\\/ernesto-gil\\\/\"}]}<\/script>\n<!-- \/ Yoast SEO plugin. -->","yoast_head_json":{"title":"Se\u00f1alan impacto ambiental del Tren Interurbano","description":"Cuerpos h\u00eddricos Totolapan, Tacubaya y Adolfo Ru\u00edz Cortines, presuntamente afectados; Amieva y Sobse aclaran medidas de mitigaci\u00f3n","robots":{"index":"index","follow":"follow","max-snippet":"max-snippet:-1","max-image-preview":"max-image-preview:large","max-video-preview":"max-video-preview:-1"},"canonical":"https:\/\/centrourbano.com\/revista\/urbanismo\/senalan-impacto-ambiental-tren-interurbano\/","og_locale":"es_ES","og_type":"article","og_title":"Se\u00f1alan impacto ambiental del Tren Interurbano","og_description":"Cuerpos h\u00eddricos Totolapan, Tacubaya y Adolfo Ru\u00edz Cortines, presuntamente afectados; Amieva y Sobse aclaran medidas de mitigaci\u00f3n","og_url":"https:\/\/centrourbano.com\/revista\/urbanismo\/senalan-impacto-ambiental-tren-interurbano\/","og_site_name":"Centro Urbano","article_publisher":"https:\/\/www.facebook.com\/portalcentrourbano","article_author":"https:\/\/www.facebook.com\/ernesto.carmona.1460","article_published_time":"2018-05-15T22:25:35+00:00","og_image":[{"width":1280,"height":960,"url":"https:\/\/centrourbano.com\/revista\/wp-content\/uploads\/FOTO_2-2.jpg","type":"image\/jpeg"}],"author":"Ernesto Gil","twitter_card":"summary_large_image","twitter_creator":"@https:\/\/twitter.com\/Ernesto_C1996?lang=es","twitter_site":"@CentroUrbano","twitter_misc":{"Escrito por":"Ernesto Gil","Tiempo de lectura":"2 minutos"},"schema":{"@context":"https:\/\/schema.org","@graph":[{"@type":"Article","@id":"https:\/\/centrourbano.com\/revista\/urbanismo\/senalan-impacto-ambiental-tren-interurbano\/#article","isPartOf":{"@id":"https:\/\/centrourbano.com\/revista\/urbanismo\/senalan-impacto-ambiental-tren-interurbano\/"},"author":{"name":"Ernesto Gil","@id":"https:\/\/centrourbano.com\/revista\/#\/schema\/person\/d86dcb4351b6beb0855e5cb3bfda3a22"},"headline":"Se\u00f1alan impacto ambiental del Tren Interurbano","datePublished":"2018-05-15T22:25:35+00:00","mainEntityOfPage":{"@id":"https:\/\/centrourbano.com\/revista\/urbanismo\/senalan-impacto-ambiental-tren-interurbano\/"},"wordCount":447,"commentCount":0,"publisher":{"@id":"https:\/\/centrourbano.com\/revista\/#organization"},"image":{"@id":"https:\/\/centrourbano.com\/revista\/urbanismo\/senalan-impacto-ambiental-tren-interurbano\/#primaryimage"},"thumbnailUrl":"https:\/\/centrourbano.com\/revista\/wp-content\/uploads\/FOTO_2-2.jpg","keywords":["\u00c1lvaro Obreg\u00f3n","CDMX","Cuajimalpa","inmobiliario","Medio ambiente","Tacubaya","tren interurbano"],"articleSection":["Urbanismo"],"inLanguage":"es","potentialAction":[{"@type":"CommentAction","name":"Comment","target":["https:\/\/centrourbano.com\/revista\/urbanismo\/senalan-impacto-ambiental-tren-interurbano\/#respond"]}]},{"@type":"WebPage","@id":"https:\/\/centrourbano.com\/revista\/urbanismo\/senalan-impacto-ambiental-tren-interurbano\/","url":"https:\/\/centrourbano.com\/revista\/urbanismo\/senalan-impacto-ambiental-tren-interurbano\/","name":"Se\u00f1alan impacto ambiental del Tren Interurbano","isPartOf":{"@id":"https:\/\/centrourbano.com\/revista\/#website"},"primaryImageOfPage":{"@id":"https:\/\/centrourbano.com\/revista\/urbanismo\/senalan-impacto-ambiental-tren-interurbano\/#primaryimage"},"image":{"@id":"https:\/\/centrourbano.com\/revista\/urbanismo\/senalan-impacto-ambiental-tren-interurbano\/#primaryimage"},"thumbnailUrl":"https:\/\/centrourbano.com\/revista\/wp-content\/uploads\/FOTO_2-2.jpg","datePublished":"2018-05-15T22:25:35+00:00","description":"Cuerpos h\u00eddricos Totolapan, Tacubaya y Adolfo Ru\u00edz Cortines, presuntamente afectados; Amieva y Sobse aclaran medidas de mitigaci\u00f3n","breadcrumb":{"@id":"https:\/\/centrourbano.com\/revista\/urbanismo\/senalan-impacto-ambiental-tren-interurbano\/#breadcrumb"},"inLanguage":"es","potentialAction":[{"@type":"ReadAction","target":["https:\/\/centrourbano.com\/revista\/urbanismo\/senalan-impacto-ambiental-tren-interurbano\/"]}]},{"@type":"ImageObject","inLanguage":"es","@id":"https:\/\/centrourbano.com\/revista\/urbanismo\/senalan-impacto-ambiental-tren-interurbano\/#primaryimage","url":"https:\/\/centrourbano.com\/revista\/wp-content\/uploads\/FOTO_2-2.jpg","contentUrl":"https:\/\/centrourbano.com\/revista\/wp-content\/uploads\/FOTO_2-2.jpg","width":1280,"height":960,"caption":"Cuerpos h\u00eddricos Totolapan, Tacubaya y Adolfo Ru\u00edz Cortines, presuntamente afectados; Amieva y Sobse aclaran medidas de mitigaci\u00f3n"},{"@type":"BreadcrumbList","@id":"https:\/\/centrourbano.com\/revista\/urbanismo\/senalan-impacto-ambiental-tren-interurbano\/#breadcrumb","itemListElement":[{"@type":"ListItem","position":1,"name":"Portada","item":"https:\/\/centrourbano.com\/revista\/"},{"@type":"ListItem","position":2,"name":"Se\u00f1alan impacto ambiental del Tren Interurbano"}]},{"@type":"WebSite","@id":"https:\/\/centrourbano.com\/revista\/#website","url":"https:\/\/centrourbano.com\/revista\/","name":"Centro Urbano","description":"Medio especializado en los sectores vivienda, inmobiliario, construcci\u00f3n, arquitectura y urbanismo.","publisher":{"@id":"https:\/\/centrourbano.com\/revista\/#organization"},"potentialAction":[{"@type":"SearchAction","target":{"@type":"EntryPoint","urlTemplate":"https:\/\/centrourbano.com\/revista\/?s={search_term_string}"},"query-input":{"@type":"PropertyValueSpecification","valueRequired":true,"valueName":"search_term_string"}}],"inLanguage":"es"},{"@type":"Organization","@id":"https:\/\/centrourbano.com\/revista\/#organization","name":"Centro Urbano","url":"https:\/\/centrourbano.com\/revista\/","logo":{"@type":"ImageObject","inLanguage":"es","@id":"https:\/\/centrourbano.com\/revista\/#\/schema\/logo\/image\/","url":"https:\/\/centrourbano.com\/revista\/wp-content\/uploads\/web_CU_logo-1.png","contentUrl":"https:\/\/centrourbano.com\/revista\/wp-content\/uploads\/web_CU_logo-1.png","width":350,"height":91,"caption":"Centro Urbano"},"image":{"@id":"https:\/\/centrourbano.com\/revista\/#\/schema\/logo\/image\/"},"sameAs":["https:\/\/www.facebook.com\/portalcentrourbano","https:\/\/x.com\/CentroUrbano","https:\/\/www.instagram.com\/centro_urbano\/","https:\/\/www.linkedin.com\/company\/centro-urbano\/","http:\/\/www.youtube.com\/user\/portalcentrourbano"]},{"@type":"Person","@id":"https:\/\/centrourbano.com\/revista\/#\/schema\/person\/d86dcb4351b6beb0855e5cb3bfda3a22","name":"Ernesto Gil","image":{"@type":"ImageObject","inLanguage":"es","@id":"https:\/\/secure.gravatar.com\/avatar\/8dbbb129f9dd066e97c18685ca45e8cf5113df97f8ca7e2ddab10d28f0127134?s=96&d=mm&r=g","url":"https:\/\/secure.gravatar.com\/avatar\/8dbbb129f9dd066e97c18685ca45e8cf5113df97f8ca7e2ddab10d28f0127134?s=96&d=mm&r=g","contentUrl":"https:\/\/secure.gravatar.com\/avatar\/8dbbb129f9dd066e97c18685ca45e8cf5113df97f8ca7e2ddab10d28f0127134?s=96&d=mm&r=g","caption":"Ernesto Gil"},"description":"Ciencias Pol\u00edticas y Administraci\u00f3n P\u00fablica, FCPyS - UNAM. Apasionado por la Historia, la pol\u00edtica, la arquitectura, el urbanismo y la lectura.","sameAs":["https:\/\/www.facebook.com\/ernesto.carmona.1460","https:\/\/x.com\/https:\/\/twitter.com\/Ernesto_C1996?lang=es"],"url":"https:\/\/centrourbano.com\/revista\/author\/ernesto-gil\/"}]}},"_links":{"self":[{"href":"https:\/\/centrourbano.com\/revista\/wp-json\/wp\/v2\/posts\/71436","targetHints":{"allow":["GET"]}}],"collection":[{"href":"https:\/\/centrourbano.com\/revista\/wp-json\/wp\/v2\/posts"}],"about":[{"href":"https:\/\/centrourbano.com\/revista\/wp-json\/wp\/v2\/types\/post"}],"author":[{"embeddable":true,"href":"https:\/\/centrourbano.com\/revista\/wp-json\/wp\/v2\/users\/65"}],"replies":[{"embeddable":true,"href":"https:\/\/centrourbano.com\/revista\/wp-json\/wp\/v2\/comments?post=71436"}],"version-history":[{"count":1,"href":"https:\/\/centrourbano.com\/revista\/wp-json\/wp\/v2\/posts\/71436\/revisions"}],"predecessor-version":[{"id":71439,"href":"https:\/\/centrourbano.com\/revista\/wp-json\/wp\/v2\/posts\/71436\/revisions\/71439"}],"wp:featuredmedia":[{"embeddable":true,"href":"https:\/\/centrourbano.com\/revista\/wp-json\/wp\/v2\/media\/71437"}],"wp:attachment":[{"href":"https:\/\/centrourbano.com\/revista\/wp-json\/wp\/v2\/media?parent=71436"}],"wp:term":[{"taxonomy":"category","embeddable":true,"href":"https:\/\/centrourbano.com\/revista\/wp-json\/wp\/v2\/categories?post=71436"},{"taxonomy":"post_tag","embeddable":true,"href":"https:\/\/centrourbano.com\/revista\/wp-json\/wp\/v2\/tags?post=71436"}],"curies":[{"name":"wp","href":"https:\/\/api.w.org\/{rel}","templated":true}]}}