{"id":71362,"date":"2018-05-14T15:35:18","date_gmt":"2018-05-14T20:35:18","guid":{"rendered":"https:\/\/centrourbano.com\/?p=71362"},"modified":"2018-05-14T16:17:51","modified_gmt":"2018-05-14T21:17:51","slug":"invirtieron-mdp-aeropuerto-sonorense","status":"publish","type":"post","link":"https:\/\/centrourbano.com\/revista\/construccion\/invirtieron-mdp-aeropuerto-sonorense\/","title":{"rendered":"Invirtieron 500 mdp en modernizaci\u00f3n de aeropuerto sonorense"},"content":{"rendered":"<p><em>Remodelaci\u00f3n de este puerto a\u00e9reo internacional incrementa 50% capacidad de atenci\u00f3n: SCT<\/em><!--more--><\/p>\n<p>El secretario de <strong><a href=\"https:\/\/www.gob.mx\/sct\" target=\"_blank\" rel=\"noopener noreferrer\">Comunicaciones y Transportes<\/a> (SCT)<\/strong> y la gobernadora de <strong>Sonora<\/strong> inauguraron la ampliaci\u00f3n y modernizaci\u00f3n del <strong>Aeropuerto Internacional de Hermosillo &#8216;General Ignacio Pesqueira Garc\u00eda&#8217;<\/strong>, el cual tuvo una inversi\u00f3n cercana a los <strong>500 millones de pesos.<\/strong><\/p>\n<p>El funcionario destac\u00f3 que con estas obras se incrementa en <strong>50%<\/strong> su capacidad de atenci\u00f3n a los usuarios, ya que se les brindar\u00e1 un servicio digno y de calidad a m\u00e1s de<strong> 1,600,000 pasajeros<\/strong> que acuden al aeropuerto anualmente.<\/p>\n<p>Asimismo, reconoci\u00f3 a la empresa<strong> Aeropuerto de Hermosillo<\/strong> y a los directivos del<strong> Grupo Aeroportuario del Pac\u00edfico (GAP)<\/strong> que se encargaron de realizar en tiempo la ampliaci\u00f3n y modernizaci\u00f3n del puerto a\u00e9reo.<\/p>\n<p>Indic\u00f3 que el <strong>Gobierno Federal<\/strong>, a trav\u00e9s de la SCT, instruye importantes obras de infraestructura para detonar el crecimiento de Sonora, estado que recibe una inversi\u00f3n de <strong>21,396 millones<\/strong> para la construcci\u00f3n y modernizaci\u00f3n de obras de comunicaciones y transportes.<\/p>\n<p>La obra de ampliaci\u00f3n se refiere a una extensi\u00f3n de 10,000 metros cuadrados (m<sup>2<\/sup>) de la plataforma comercial, para tener la capacidad de atender de 12 a 15 vuelos por hora, adem\u00e1s de otros 2,000 m<sup>2<\/sup> de nueva construcci\u00f3n del edificio terminal.<\/p>\n<p>En la Plataforma de Aviaci\u00f3n General se incrementaron 15,900 m<sup>2\u00a0<\/sup>y rehabilitaron 13,800 m<sup>2<\/sup>\u00a0, tambi\u00e9n se renovaron nueve kil\u00f3metros de camino perimetral para dar mayor seguridad a las operaciones y pasajeros. La restauraci\u00f3n de 138,500 m<sup>2 <\/sup>de la pista permitir\u00e1 que la operaci\u00f3n de despegues y aterrizajes sea segura por al menos ocho a\u00f1os.<\/p>\n<p>Adem\u00e1s, las obras incluyeron una nueva <strong>sala de \u00faltima espera<\/strong> con cuatro escaleras el\u00e9ctricas y tres elevadores, en \u00a0una superficie de 1,460 m<sup>2<\/sup>. Asimismo, se remodel\u00f3 y ampli\u00f3 la sala de reclamo de equipaje, migraci\u00f3n, aduana y el \u00e1rea de recisi\u00f3n de pasajeros y equipaje de mano.<\/p>\n<p>En su oportunidad, la gobernadora sonorense asever\u00f3 que esta innovaci\u00f3n es el reflejo de <strong>una gran obra<\/strong>, con \u00e1reas de mayor comodidad y otros servicios que benefician a la regi\u00f3n. Adem\u00e1s, hizo la petici\u00f3n de una mayor conectividad a\u00e9rea y apertura de nuevas rutas, principalmente con estados cercanos a Sonora.<\/p>\n<p>A su vez, la presidenta de GAP indic\u00f3 que la inversi\u00f3n para la modernizaci\u00f3n de esta terminal, tiene como objetivo <strong>mejorar la infraestructura<\/strong> en beneficio de los usuarios y destac\u00f3 que en los \u00faltimos seis a\u00f1os se han invertido m\u00e1s de 7,850 millones de pesos en los aeropuertos que su empresa administra.<\/p>\n","protected":false},"excerpt":{"rendered":"<p>Remodelaci\u00f3n de este puerto a\u00e9reo internacional incrementa 50% capacidad de atenci\u00f3n: SCT<\/p>\n","protected":false},"author":64,"featured_media":71363,"comment_status":"open","ping_status":"closed","sticky":false,"template":"","format":"standard","meta":{"om_disable_all_campaigns":false,"inline_featured_image":false,"_monsterinsights_skip_tracking":false,"_monsterinsights_sitenote_active":false,"_monsterinsights_sitenote_note":"","_monsterinsights_sitenote_category":0,"footnotes":""},"categories":[14],"tags":[13423,5043,22,3808,67,4260,503,29,1010],"class_list":["post-71362","post","type-post","status-publish","format-standard","has-post-thumbnail","hentry","category-construccion","tag-aeropuerto-internacional","tag-ampliacion","tag-construccion-2","tag-hermosillo","tag-inversion","tag-modernizacion","tag-obras","tag-sct","tag-sonora"],"yoast_head":"<!-- This site is optimized with the Yoast SEO plugin v27.5 - https:\/\/yoast.com\/product\/yoast-seo-wordpress\/ -->\n<title>Invirtieron 500 mdp en modernizaci\u00f3n de aeropuerto sonorense<\/title>\n<meta name=\"description\" content=\"Remodelaci\u00f3n de este puerto a\u00e9reo incrementa 50% capacidad de atenci\u00f3n: SCT\" \/>\n<meta name=\"robots\" content=\"index, follow, max-snippet:-1, max-image-preview:large, max-video-preview:-1\" \/>\n<link rel=\"canonical\" href=\"https:\/\/centrourbano.com\/revista\/construccion\/invirtieron-mdp-aeropuerto-sonorense\/\" \/>\n<meta property=\"og:locale\" content=\"es_ES\" \/>\n<meta property=\"og:type\" content=\"article\" \/>\n<meta property=\"og:title\" content=\"Invirtieron 500 mdp en modernizaci\u00f3n de aeropuerto sonorense\" \/>\n<meta property=\"og:description\" content=\"Remodelaci\u00f3n de este puerto a\u00e9reo incrementa 50% capacidad de atenci\u00f3n: SCT\" \/>\n<meta property=\"og:url\" content=\"https:\/\/centrourbano.com\/revista\/construccion\/invirtieron-mdp-aeropuerto-sonorense\/\" \/>\n<meta property=\"og:site_name\" content=\"Centro Urbano\" \/>\n<meta property=\"article:publisher\" content=\"https:\/\/www.facebook.com\/portalcentrourbano\" \/>\n<meta property=\"article:published_time\" content=\"2018-05-14T20:35:18+00:00\" \/>\n<meta property=\"article:modified_time\" content=\"2018-05-14T21:17:51+00:00\" \/>\n<meta property=\"og:image\" content=\"https:\/\/centrourbano.com\/revista\/wp-content\/uploads\/FOTO-1-1-2.jpg\" \/>\n\t<meta property=\"og:image:width\" content=\"1024\" \/>\n\t<meta property=\"og:image:height\" content=\"636\" \/>\n\t<meta property=\"og:image:type\" content=\"image\/jpeg\" \/>\n<meta name=\"author\" content=\"Karla Esperanza\" \/>\n<meta name=\"twitter:card\" content=\"summary_large_image\" \/>\n<meta name=\"twitter:creator\" content=\"@CentroUrbano\" \/>\n<meta name=\"twitter:site\" content=\"@CentroUrbano\" \/>\n<meta name=\"twitter:label1\" content=\"Escrito por\" \/>\n\t<meta name=\"twitter:data1\" content=\"Karla Esperanza\" \/>\n\t<meta name=\"twitter:label2\" content=\"Tiempo de lectura\" \/>\n\t<meta name=\"twitter:data2\" content=\"2 minutos\" \/>\n<script type=\"application\/ld+json\" class=\"yoast-schema-graph\">{\"@context\":\"https:\\\/\\\/schema.org\",\"@graph\":[{\"@type\":\"Article\",\"@id\":\"https:\\\/\\\/centrourbano.com\\\/revista\\\/construccion\\\/invirtieron-mdp-aeropuerto-sonorense\\\/#article\",\"isPartOf\":{\"@id\":\"https:\\\/\\\/centrourbano.com\\\/revista\\\/construccion\\\/invirtieron-mdp-aeropuerto-sonorense\\\/\"},\"author\":{\"name\":\"Karla Esperanza\",\"@id\":\"https:\\\/\\\/centrourbano.com\\\/revista\\\/#\\\/schema\\\/person\\\/0d8c668ccdefdff71965ae41ec518b7e\"},\"headline\":\"Invirtieron 500 mdp en modernizaci\u00f3n de aeropuerto sonorense\",\"datePublished\":\"2018-05-14T20:35:18+00:00\",\"dateModified\":\"2018-05-14T21:17:51+00:00\",\"mainEntityOfPage\":{\"@id\":\"https:\\\/\\\/centrourbano.com\\\/revista\\\/construccion\\\/invirtieron-mdp-aeropuerto-sonorense\\\/\"},\"wordCount\":440,\"commentCount\":0,\"publisher\":{\"@id\":\"https:\\\/\\\/centrourbano.com\\\/revista\\\/#organization\"},\"image\":{\"@id\":\"https:\\\/\\\/centrourbano.com\\\/revista\\\/construccion\\\/invirtieron-mdp-aeropuerto-sonorense\\\/#primaryimage\"},\"thumbnailUrl\":\"https:\\\/\\\/centrourbano.com\\\/revista\\\/wp-content\\\/uploads\\\/FOTO-1-1-2.jpg\",\"keywords\":[\"aeropuerto internacional\",\"ampliaci\u00f3n\",\"construcci\u00f3n\",\"Hermosillo\",\"inversi\u00f3n\",\"modernizaci\u00f3n\",\"Obras\",\"SCT\",\"Sonora\"],\"articleSection\":[\"Construcci\u00f3n\"],\"inLanguage\":\"es\",\"potentialAction\":[{\"@type\":\"CommentAction\",\"name\":\"Comment\",\"target\":[\"https:\\\/\\\/centrourbano.com\\\/revista\\\/construccion\\\/invirtieron-mdp-aeropuerto-sonorense\\\/#respond\"]}]},{\"@type\":\"WebPage\",\"@id\":\"https:\\\/\\\/centrourbano.com\\\/revista\\\/construccion\\\/invirtieron-mdp-aeropuerto-sonorense\\\/\",\"url\":\"https:\\\/\\\/centrourbano.com\\\/revista\\\/construccion\\\/invirtieron-mdp-aeropuerto-sonorense\\\/\",\"name\":\"Invirtieron 500 mdp en modernizaci\u00f3n de aeropuerto sonorense\",\"isPartOf\":{\"@id\":\"https:\\\/\\\/centrourbano.com\\\/revista\\\/#website\"},\"primaryImageOfPage\":{\"@id\":\"https:\\\/\\\/centrourbano.com\\\/revista\\\/construccion\\\/invirtieron-mdp-aeropuerto-sonorense\\\/#primaryimage\"},\"image\":{\"@id\":\"https:\\\/\\\/centrourbano.com\\\/revista\\\/construccion\\\/invirtieron-mdp-aeropuerto-sonorense\\\/#primaryimage\"},\"thumbnailUrl\":\"https:\\\/\\\/centrourbano.com\\\/revista\\\/wp-content\\\/uploads\\\/FOTO-1-1-2.jpg\",\"datePublished\":\"2018-05-14T20:35:18+00:00\",\"dateModified\":\"2018-05-14T21:17:51+00:00\",\"description\":\"Remodelaci\u00f3n de este puerto a\u00e9reo incrementa 50% capacidad de atenci\u00f3n: SCT\",\"breadcrumb\":{\"@id\":\"https:\\\/\\\/centrourbano.com\\\/revista\\\/construccion\\\/invirtieron-mdp-aeropuerto-sonorense\\\/#breadcrumb\"},\"inLanguage\":\"es\",\"potentialAction\":[{\"@type\":\"ReadAction\",\"target\":[\"https:\\\/\\\/centrourbano.com\\\/revista\\\/construccion\\\/invirtieron-mdp-aeropuerto-sonorense\\\/\"]}]},{\"@type\":\"ImageObject\",\"inLanguage\":\"es\",\"@id\":\"https:\\\/\\\/centrourbano.com\\\/revista\\\/construccion\\\/invirtieron-mdp-aeropuerto-sonorense\\\/#primaryimage\",\"url\":\"https:\\\/\\\/centrourbano.com\\\/revista\\\/wp-content\\\/uploads\\\/FOTO-1-1-2.jpg\",\"contentUrl\":\"https:\\\/\\\/centrourbano.com\\\/revista\\\/wp-content\\\/uploads\\\/FOTO-1-1-2.jpg\",\"width\":1024,\"height\":636,\"caption\":\"Remodelaci\u00f3n de este puerto a\u00e9reo incrementa 50% capacidad de atenci\u00f3n: SCT\"},{\"@type\":\"BreadcrumbList\",\"@id\":\"https:\\\/\\\/centrourbano.com\\\/revista\\\/construccion\\\/invirtieron-mdp-aeropuerto-sonorense\\\/#breadcrumb\",\"itemListElement\":[{\"@type\":\"ListItem\",\"position\":1,\"name\":\"Portada\",\"item\":\"https:\\\/\\\/centrourbano.com\\\/revista\\\/\"},{\"@type\":\"ListItem\",\"position\":2,\"name\":\"Invirtieron 500 mdp en modernizaci\u00f3n de aeropuerto sonorense\"}]},{\"@type\":\"WebSite\",\"@id\":\"https:\\\/\\\/centrourbano.com\\\/revista\\\/#website\",\"url\":\"https:\\\/\\\/centrourbano.com\\\/revista\\\/\",\"name\":\"Centro Urbano\",\"description\":\"Medio especializado en los sectores vivienda, inmobiliario, construcci\u00f3n, arquitectura y urbanismo.\",\"publisher\":{\"@id\":\"https:\\\/\\\/centrourbano.com\\\/revista\\\/#organization\"},\"potentialAction\":[{\"@type\":\"SearchAction\",\"target\":{\"@type\":\"EntryPoint\",\"urlTemplate\":\"https:\\\/\\\/centrourbano.com\\\/revista\\\/?s={search_term_string}\"},\"query-input\":{\"@type\":\"PropertyValueSpecification\",\"valueRequired\":true,\"valueName\":\"search_term_string\"}}],\"inLanguage\":\"es\"},{\"@type\":\"Organization\",\"@id\":\"https:\\\/\\\/centrourbano.com\\\/revista\\\/#organization\",\"name\":\"Centro Urbano\",\"url\":\"https:\\\/\\\/centrourbano.com\\\/revista\\\/\",\"logo\":{\"@type\":\"ImageObject\",\"inLanguage\":\"es\",\"@id\":\"https:\\\/\\\/centrourbano.com\\\/revista\\\/#\\\/schema\\\/logo\\\/image\\\/\",\"url\":\"https:\\\/\\\/centrourbano.com\\\/revista\\\/wp-content\\\/uploads\\\/web_CU_logo-1.png\",\"contentUrl\":\"https:\\\/\\\/centrourbano.com\\\/revista\\\/wp-content\\\/uploads\\\/web_CU_logo-1.png\",\"width\":350,\"height\":91,\"caption\":\"Centro Urbano\"},\"image\":{\"@id\":\"https:\\\/\\\/centrourbano.com\\\/revista\\\/#\\\/schema\\\/logo\\\/image\\\/\"},\"sameAs\":[\"https:\\\/\\\/www.facebook.com\\\/portalcentrourbano\",\"https:\\\/\\\/x.com\\\/CentroUrbano\",\"https:\\\/\\\/www.instagram.com\\\/centro_urbano\\\/\",\"https:\\\/\\\/www.linkedin.com\\\/company\\\/centro-urbano\\\/\",\"http:\\\/\\\/www.youtube.com\\\/user\\\/portalcentrourbano\"]},{\"@type\":\"Person\",\"@id\":\"https:\\\/\\\/centrourbano.com\\\/revista\\\/#\\\/schema\\\/person\\\/0d8c668ccdefdff71965ae41ec518b7e\",\"name\":\"Karla Esperanza\",\"image\":{\"@type\":\"ImageObject\",\"inLanguage\":\"es\",\"@id\":\"https:\\\/\\\/secure.gravatar.com\\\/avatar\\\/bea847a7925ef868d37c5a55ab5e341c9e769fab11b85a359090daa4d6fb4a2e?s=96&d=mm&r=g\",\"url\":\"https:\\\/\\\/secure.gravatar.com\\\/avatar\\\/bea847a7925ef868d37c5a55ab5e341c9e769fab11b85a359090daa4d6fb4a2e?s=96&d=mm&r=g\",\"contentUrl\":\"https:\\\/\\\/secure.gravatar.com\\\/avatar\\\/bea847a7925ef868d37c5a55ab5e341c9e769fab11b85a359090daa4d6fb4a2e?s=96&d=mm&r=g\",\"caption\":\"Karla Esperanza\"},\"url\":\"https:\\\/\\\/centrourbano.com\\\/revista\\\/author\\\/karla-esperanza\\\/\"}]}<\/script>\n<!-- \/ Yoast SEO plugin. -->","yoast_head_json":{"title":"Invirtieron 500 mdp en modernizaci\u00f3n de aeropuerto sonorense","description":"Remodelaci\u00f3n de este puerto a\u00e9reo incrementa 50% capacidad de atenci\u00f3n: SCT","robots":{"index":"index","follow":"follow","max-snippet":"max-snippet:-1","max-image-preview":"max-image-preview:large","max-video-preview":"max-video-preview:-1"},"canonical":"https:\/\/centrourbano.com\/revista\/construccion\/invirtieron-mdp-aeropuerto-sonorense\/","og_locale":"es_ES","og_type":"article","og_title":"Invirtieron 500 mdp en modernizaci\u00f3n de aeropuerto sonorense","og_description":"Remodelaci\u00f3n de este puerto a\u00e9reo incrementa 50% capacidad de atenci\u00f3n: SCT","og_url":"https:\/\/centrourbano.com\/revista\/construccion\/invirtieron-mdp-aeropuerto-sonorense\/","og_site_name":"Centro Urbano","article_publisher":"https:\/\/www.facebook.com\/portalcentrourbano","article_published_time":"2018-05-14T20:35:18+00:00","article_modified_time":"2018-05-14T21:17:51+00:00","og_image":[{"width":1024,"height":636,"url":"https:\/\/centrourbano.com\/revista\/wp-content\/uploads\/FOTO-1-1-2.jpg","type":"image\/jpeg"}],"author":"Karla Esperanza","twitter_card":"summary_large_image","twitter_creator":"@CentroUrbano","twitter_site":"@CentroUrbano","twitter_misc":{"Escrito por":"Karla Esperanza","Tiempo de lectura":"2 minutos"},"schema":{"@context":"https:\/\/schema.org","@graph":[{"@type":"Article","@id":"https:\/\/centrourbano.com\/revista\/construccion\/invirtieron-mdp-aeropuerto-sonorense\/#article","isPartOf":{"@id":"https:\/\/centrourbano.com\/revista\/construccion\/invirtieron-mdp-aeropuerto-sonorense\/"},"author":{"name":"Karla Esperanza","@id":"https:\/\/centrourbano.com\/revista\/#\/schema\/person\/0d8c668ccdefdff71965ae41ec518b7e"},"headline":"Invirtieron 500 mdp en modernizaci\u00f3n de aeropuerto sonorense","datePublished":"2018-05-14T20:35:18+00:00","dateModified":"2018-05-14T21:17:51+00:00","mainEntityOfPage":{"@id":"https:\/\/centrourbano.com\/revista\/construccion\/invirtieron-mdp-aeropuerto-sonorense\/"},"wordCount":440,"commentCount":0,"publisher":{"@id":"https:\/\/centrourbano.com\/revista\/#organization"},"image":{"@id":"https:\/\/centrourbano.com\/revista\/construccion\/invirtieron-mdp-aeropuerto-sonorense\/#primaryimage"},"thumbnailUrl":"https:\/\/centrourbano.com\/revista\/wp-content\/uploads\/FOTO-1-1-2.jpg","keywords":["aeropuerto internacional","ampliaci\u00f3n","construcci\u00f3n","Hermosillo","inversi\u00f3n","modernizaci\u00f3n","Obras","SCT","Sonora"],"articleSection":["Construcci\u00f3n"],"inLanguage":"es","potentialAction":[{"@type":"CommentAction","name":"Comment","target":["https:\/\/centrourbano.com\/revista\/construccion\/invirtieron-mdp-aeropuerto-sonorense\/#respond"]}]},{"@type":"WebPage","@id":"https:\/\/centrourbano.com\/revista\/construccion\/invirtieron-mdp-aeropuerto-sonorense\/","url":"https:\/\/centrourbano.com\/revista\/construccion\/invirtieron-mdp-aeropuerto-sonorense\/","name":"Invirtieron 500 mdp en modernizaci\u00f3n de aeropuerto sonorense","isPartOf":{"@id":"https:\/\/centrourbano.com\/revista\/#website"},"primaryImageOfPage":{"@id":"https:\/\/centrourbano.com\/revista\/construccion\/invirtieron-mdp-aeropuerto-sonorense\/#primaryimage"},"image":{"@id":"https:\/\/centrourbano.com\/revista\/construccion\/invirtieron-mdp-aeropuerto-sonorense\/#primaryimage"},"thumbnailUrl":"https:\/\/centrourbano.com\/revista\/wp-content\/uploads\/FOTO-1-1-2.jpg","datePublished":"2018-05-14T20:35:18+00:00","dateModified":"2018-05-14T21:17:51+00:00","description":"Remodelaci\u00f3n de este puerto a\u00e9reo incrementa 50% capacidad de atenci\u00f3n: SCT","breadcrumb":{"@id":"https:\/\/centrourbano.com\/revista\/construccion\/invirtieron-mdp-aeropuerto-sonorense\/#breadcrumb"},"inLanguage":"es","potentialAction":[{"@type":"ReadAction","target":["https:\/\/centrourbano.com\/revista\/construccion\/invirtieron-mdp-aeropuerto-sonorense\/"]}]},{"@type":"ImageObject","inLanguage":"es","@id":"https:\/\/centrourbano.com\/revista\/construccion\/invirtieron-mdp-aeropuerto-sonorense\/#primaryimage","url":"https:\/\/centrourbano.com\/revista\/wp-content\/uploads\/FOTO-1-1-2.jpg","contentUrl":"https:\/\/centrourbano.com\/revista\/wp-content\/uploads\/FOTO-1-1-2.jpg","width":1024,"height":636,"caption":"Remodelaci\u00f3n de este puerto a\u00e9reo incrementa 50% capacidad de atenci\u00f3n: SCT"},{"@type":"BreadcrumbList","@id":"https:\/\/centrourbano.com\/revista\/construccion\/invirtieron-mdp-aeropuerto-sonorense\/#breadcrumb","itemListElement":[{"@type":"ListItem","position":1,"name":"Portada","item":"https:\/\/centrourbano.com\/revista\/"},{"@type":"ListItem","position":2,"name":"Invirtieron 500 mdp en modernizaci\u00f3n de aeropuerto sonorense"}]},{"@type":"WebSite","@id":"https:\/\/centrourbano.com\/revista\/#website","url":"https:\/\/centrourbano.com\/revista\/","name":"Centro Urbano","description":"Medio especializado en los sectores vivienda, inmobiliario, construcci\u00f3n, arquitectura y urbanismo.","publisher":{"@id":"https:\/\/centrourbano.com\/revista\/#organization"},"potentialAction":[{"@type":"SearchAction","target":{"@type":"EntryPoint","urlTemplate":"https:\/\/centrourbano.com\/revista\/?s={search_term_string}"},"query-input":{"@type":"PropertyValueSpecification","valueRequired":true,"valueName":"search_term_string"}}],"inLanguage":"es"},{"@type":"Organization","@id":"https:\/\/centrourbano.com\/revista\/#organization","name":"Centro Urbano","url":"https:\/\/centrourbano.com\/revista\/","logo":{"@type":"ImageObject","inLanguage":"es","@id":"https:\/\/centrourbano.com\/revista\/#\/schema\/logo\/image\/","url":"https:\/\/centrourbano.com\/revista\/wp-content\/uploads\/web_CU_logo-1.png","contentUrl":"https:\/\/centrourbano.com\/revista\/wp-content\/uploads\/web_CU_logo-1.png","width":350,"height":91,"caption":"Centro Urbano"},"image":{"@id":"https:\/\/centrourbano.com\/revista\/#\/schema\/logo\/image\/"},"sameAs":["https:\/\/www.facebook.com\/portalcentrourbano","https:\/\/x.com\/CentroUrbano","https:\/\/www.instagram.com\/centro_urbano\/","https:\/\/www.linkedin.com\/company\/centro-urbano\/","http:\/\/www.youtube.com\/user\/portalcentrourbano"]},{"@type":"Person","@id":"https:\/\/centrourbano.com\/revista\/#\/schema\/person\/0d8c668ccdefdff71965ae41ec518b7e","name":"Karla Esperanza","image":{"@type":"ImageObject","inLanguage":"es","@id":"https:\/\/secure.gravatar.com\/avatar\/bea847a7925ef868d37c5a55ab5e341c9e769fab11b85a359090daa4d6fb4a2e?s=96&d=mm&r=g","url":"https:\/\/secure.gravatar.com\/avatar\/bea847a7925ef868d37c5a55ab5e341c9e769fab11b85a359090daa4d6fb4a2e?s=96&d=mm&r=g","contentUrl":"https:\/\/secure.gravatar.com\/avatar\/bea847a7925ef868d37c5a55ab5e341c9e769fab11b85a359090daa4d6fb4a2e?s=96&d=mm&r=g","caption":"Karla Esperanza"},"url":"https:\/\/centrourbano.com\/revista\/author\/karla-esperanza\/"}]}},"_links":{"self":[{"href":"https:\/\/centrourbano.com\/revista\/wp-json\/wp\/v2\/posts\/71362","targetHints":{"allow":["GET"]}}],"collection":[{"href":"https:\/\/centrourbano.com\/revista\/wp-json\/wp\/v2\/posts"}],"about":[{"href":"https:\/\/centrourbano.com\/revista\/wp-json\/wp\/v2\/types\/post"}],"author":[{"embeddable":true,"href":"https:\/\/centrourbano.com\/revista\/wp-json\/wp\/v2\/users\/64"}],"replies":[{"embeddable":true,"href":"https:\/\/centrourbano.com\/revista\/wp-json\/wp\/v2\/comments?post=71362"}],"version-history":[{"count":3,"href":"https:\/\/centrourbano.com\/revista\/wp-json\/wp\/v2\/posts\/71362\/revisions"}],"predecessor-version":[{"id":71371,"href":"https:\/\/centrourbano.com\/revista\/wp-json\/wp\/v2\/posts\/71362\/revisions\/71371"}],"wp:featuredmedia":[{"embeddable":true,"href":"https:\/\/centrourbano.com\/revista\/wp-json\/wp\/v2\/media\/71363"}],"wp:attachment":[{"href":"https:\/\/centrourbano.com\/revista\/wp-json\/wp\/v2\/media?parent=71362"}],"wp:term":[{"taxonomy":"category","embeddable":true,"href":"https:\/\/centrourbano.com\/revista\/wp-json\/wp\/v2\/categories?post=71362"},{"taxonomy":"post_tag","embeddable":true,"href":"https:\/\/centrourbano.com\/revista\/wp-json\/wp\/v2\/tags?post=71362"}],"curies":[{"name":"wp","href":"https:\/\/api.w.org\/{rel}","templated":true}]}}