{"id":70955,"date":"2018-05-04T18:16:35","date_gmt":"2018-05-04T23:16:35","guid":{"rendered":"https:\/\/centrourbano.com\/?p=70955"},"modified":"2018-05-08T16:32:19","modified_gmt":"2018-05-08T21:32:19","slug":"llevan-educacion-ambiental-ruedas","status":"publish","type":"post","link":"https:\/\/centrourbano.com\/revista\/urbanismo\/llevan-educacion-ambiental-ruedas\/","title":{"rendered":"Llevan educaci\u00f3n ambiental sobre ruedas"},"content":{"rendered":"<p><em><span style=\"font-weight: 400\">Informan sobre huertos urbanos, policultivo y medicina tradicional<\/span><\/em><!--more--><\/p>\n<p><span style=\"font-weight: 400\">La Secretar\u00eda de Medio Ambiente (Sedema) de la Ciudad de M\u00e9xico llevar\u00e1 a cabo la edici\u00f3n correspondiente a mayo del programa \u201cAlc\u00e1nzame\u201d, que tiene como objetivo acercar la educaci\u00f3n ambiental en bicicleta a la ciudadan\u00eda de la capital del pa\u00eds.<\/span><\/p>\n<p><span style=\"font-weight: 400\">Dirigido a todos los p\u00fablicos, el programa contar\u00e1 con el del Centro de Educaci\u00f3n Ambiental Ecoguardas, cuyos educadores, montados en una bicicleta, ofrecer\u00e1n capacitaciones e informaci\u00f3n sobre c\u00f3mo construir un huerto urbano propio, c\u00f3mo mantenerlo en \u00f3ptimas condiciones y qu\u00e9 beneficios aporta a la alimentaci\u00f3n y a la construcci\u00f3n de una sociedad sustentable.<\/span><\/p>\n<p><span style=\"font-weight: 400\">Adem\u00e1s de la experiencia sobre ruedas, el programa contar\u00e1 con instalaciones a un costado de la Glorieta de Palma, en Paseo de la Reforma, donde los visitantes tendr\u00e1n la oportunidad de interactuar con un sensorama que les permita oler y tocar plantas medicinales tradicionales. Tambi\u00e9n podr\u00e1n obtener informaci\u00f3n acerca del policultivo, m\u00e9todos y calendarios de siembra, procesos de germinaci\u00f3n, entre otros conocimientos hort\u00edcolas.<\/span><\/p>\n<p><span style=\"font-weight: 400\">El p\u00fablico usuario podr\u00e1 disfrutar de los beneficios del programa el domingo 6 de mayo en un horario de 8:00 a 14:00 horas.<\/span><\/p>\n","protected":false},"excerpt":{"rendered":"<p>Informan sobre huertos urbanos, policultivo y medicina tradicional<\/p>\n","protected":false},"author":65,"featured_media":70956,"comment_status":"open","ping_status":"closed","sticky":false,"template":"","format":"standard","meta":{"om_disable_all_campaigns":false,"inline_featured_image":false,"_monsterinsights_skip_tracking":false,"_monsterinsights_sitenote_active":false,"_monsterinsights_sitenote_note":"","_monsterinsights_sitenote_category":0,"footnotes":""},"categories":[82],"tags":[606,4003,587,167],"class_list":["post-70955","post","type-post","status-publish","format-standard","has-post-thumbnail","hentry","category-urbanismo","tag-cdmx","tag-huertos-urbanos","tag-medio-ambiente","tag-sedema"],"yoast_head":"<!-- This site is optimized with the Yoast SEO plugin v27.4 - https:\/\/yoast.com\/product\/yoast-seo-wordpress\/ -->\n<title>Llevan educaci\u00f3n ambiental sobre ruedas<\/title>\n<meta name=\"description\" content=\"Informan sobre huertos urbanos, policultivo y medicina tradicional\" \/>\n<meta name=\"robots\" content=\"index, follow, max-snippet:-1, max-image-preview:large, max-video-preview:-1\" \/>\n<link rel=\"canonical\" href=\"https:\/\/centrourbano.com\/revista\/urbanismo\/llevan-educacion-ambiental-ruedas\/\" \/>\n<meta property=\"og:locale\" content=\"es_ES\" \/>\n<meta property=\"og:type\" content=\"article\" \/>\n<meta property=\"og:title\" content=\"Llevan educaci\u00f3n ambiental sobre ruedas\" \/>\n<meta property=\"og:description\" content=\"Informan sobre huertos urbanos, policultivo y medicina tradicional\" \/>\n<meta property=\"og:url\" content=\"https:\/\/centrourbano.com\/revista\/urbanismo\/llevan-educacion-ambiental-ruedas\/\" \/>\n<meta property=\"og:site_name\" content=\"Centro Urbano\" \/>\n<meta property=\"article:publisher\" content=\"https:\/\/www.facebook.com\/portalcentrourbano\" \/>\n<meta property=\"article:author\" content=\"https:\/\/www.facebook.com\/ernesto.carmona.1460\" \/>\n<meta property=\"article:published_time\" content=\"2018-05-04T23:16:35+00:00\" \/>\n<meta property=\"article:modified_time\" content=\"2018-05-08T21:32:19+00:00\" \/>\n<meta property=\"og:image\" content=\"https:\/\/centrourbano.com\/revista\/wp-content\/uploads\/thumb_1257_640x360_0_0_crop.jpg\" \/>\n\t<meta property=\"og:image:width\" content=\"640\" \/>\n\t<meta property=\"og:image:height\" content=\"360\" \/>\n\t<meta property=\"og:image:type\" content=\"image\/jpeg\" \/>\n<meta name=\"author\" content=\"Ernesto Gil\" \/>\n<meta name=\"twitter:card\" content=\"summary_large_image\" \/>\n<meta name=\"twitter:creator\" content=\"@https:\/\/twitter.com\/Ernesto_C1996?lang=es\" \/>\n<meta name=\"twitter:site\" content=\"@CentroUrbano\" \/>\n<meta name=\"twitter:label1\" content=\"Escrito por\" \/>\n\t<meta name=\"twitter:data1\" content=\"Ernesto Gil\" \/>\n\t<meta name=\"twitter:label2\" content=\"Tiempo de lectura\" \/>\n\t<meta name=\"twitter:data2\" content=\"1 minuto\" \/>\n<script type=\"application\/ld+json\" class=\"yoast-schema-graph\">{\"@context\":\"https:\\\/\\\/schema.org\",\"@graph\":[{\"@type\":\"Article\",\"@id\":\"https:\\\/\\\/centrourbano.com\\\/revista\\\/urbanismo\\\/llevan-educacion-ambiental-ruedas\\\/#article\",\"isPartOf\":{\"@id\":\"https:\\\/\\\/centrourbano.com\\\/revista\\\/urbanismo\\\/llevan-educacion-ambiental-ruedas\\\/\"},\"author\":{\"name\":\"Ernesto Gil\",\"@id\":\"https:\\\/\\\/centrourbano.com\\\/revista\\\/#\\\/schema\\\/person\\\/d86dcb4351b6beb0855e5cb3bfda3a22\"},\"headline\":\"Llevan educaci\u00f3n ambiental sobre ruedas\",\"datePublished\":\"2018-05-04T23:16:35+00:00\",\"dateModified\":\"2018-05-08T21:32:19+00:00\",\"mainEntityOfPage\":{\"@id\":\"https:\\\/\\\/centrourbano.com\\\/revista\\\/urbanismo\\\/llevan-educacion-ambiental-ruedas\\\/\"},\"wordCount\":214,\"commentCount\":0,\"publisher\":{\"@id\":\"https:\\\/\\\/centrourbano.com\\\/revista\\\/#organization\"},\"image\":{\"@id\":\"https:\\\/\\\/centrourbano.com\\\/revista\\\/urbanismo\\\/llevan-educacion-ambiental-ruedas\\\/#primaryimage\"},\"thumbnailUrl\":\"https:\\\/\\\/centrourbano.com\\\/revista\\\/wp-content\\\/uploads\\\/thumb_1257_640x360_0_0_crop.jpg\",\"keywords\":[\"CDMX\",\"Huertos Urbanos\",\"Medio ambiente\",\"Sedema\"],\"articleSection\":[\"Urbanismo\"],\"inLanguage\":\"es\",\"potentialAction\":[{\"@type\":\"CommentAction\",\"name\":\"Comment\",\"target\":[\"https:\\\/\\\/centrourbano.com\\\/revista\\\/urbanismo\\\/llevan-educacion-ambiental-ruedas\\\/#respond\"]}]},{\"@type\":\"WebPage\",\"@id\":\"https:\\\/\\\/centrourbano.com\\\/revista\\\/urbanismo\\\/llevan-educacion-ambiental-ruedas\\\/\",\"url\":\"https:\\\/\\\/centrourbano.com\\\/revista\\\/urbanismo\\\/llevan-educacion-ambiental-ruedas\\\/\",\"name\":\"Llevan educaci\u00f3n ambiental sobre ruedas\",\"isPartOf\":{\"@id\":\"https:\\\/\\\/centrourbano.com\\\/revista\\\/#website\"},\"primaryImageOfPage\":{\"@id\":\"https:\\\/\\\/centrourbano.com\\\/revista\\\/urbanismo\\\/llevan-educacion-ambiental-ruedas\\\/#primaryimage\"},\"image\":{\"@id\":\"https:\\\/\\\/centrourbano.com\\\/revista\\\/urbanismo\\\/llevan-educacion-ambiental-ruedas\\\/#primaryimage\"},\"thumbnailUrl\":\"https:\\\/\\\/centrourbano.com\\\/revista\\\/wp-content\\\/uploads\\\/thumb_1257_640x360_0_0_crop.jpg\",\"datePublished\":\"2018-05-04T23:16:35+00:00\",\"dateModified\":\"2018-05-08T21:32:19+00:00\",\"description\":\"Informan sobre huertos urbanos, policultivo y medicina tradicional\",\"breadcrumb\":{\"@id\":\"https:\\\/\\\/centrourbano.com\\\/revista\\\/urbanismo\\\/llevan-educacion-ambiental-ruedas\\\/#breadcrumb\"},\"inLanguage\":\"es\",\"potentialAction\":[{\"@type\":\"ReadAction\",\"target\":[\"https:\\\/\\\/centrourbano.com\\\/revista\\\/urbanismo\\\/llevan-educacion-ambiental-ruedas\\\/\"]}]},{\"@type\":\"ImageObject\",\"inLanguage\":\"es\",\"@id\":\"https:\\\/\\\/centrourbano.com\\\/revista\\\/urbanismo\\\/llevan-educacion-ambiental-ruedas\\\/#primaryimage\",\"url\":\"https:\\\/\\\/centrourbano.com\\\/revista\\\/wp-content\\\/uploads\\\/thumb_1257_640x360_0_0_crop.jpg\",\"contentUrl\":\"https:\\\/\\\/centrourbano.com\\\/revista\\\/wp-content\\\/uploads\\\/thumb_1257_640x360_0_0_crop.jpg\",\"width\":640,\"height\":360,\"caption\":\"Informan sobre huertos urbanos, policultivo y medicina tradicional\"},{\"@type\":\"BreadcrumbList\",\"@id\":\"https:\\\/\\\/centrourbano.com\\\/revista\\\/urbanismo\\\/llevan-educacion-ambiental-ruedas\\\/#breadcrumb\",\"itemListElement\":[{\"@type\":\"ListItem\",\"position\":1,\"name\":\"Portada\",\"item\":\"https:\\\/\\\/centrourbano.com\\\/revista\\\/\"},{\"@type\":\"ListItem\",\"position\":2,\"name\":\"Llevan educaci\u00f3n ambiental sobre ruedas\"}]},{\"@type\":\"WebSite\",\"@id\":\"https:\\\/\\\/centrourbano.com\\\/revista\\\/#website\",\"url\":\"https:\\\/\\\/centrourbano.com\\\/revista\\\/\",\"name\":\"Centro Urbano\",\"description\":\"Medio especializado en los sectores vivienda, inmobiliario, construcci\u00f3n, arquitectura y urbanismo.\",\"publisher\":{\"@id\":\"https:\\\/\\\/centrourbano.com\\\/revista\\\/#organization\"},\"potentialAction\":[{\"@type\":\"SearchAction\",\"target\":{\"@type\":\"EntryPoint\",\"urlTemplate\":\"https:\\\/\\\/centrourbano.com\\\/revista\\\/?s={search_term_string}\"},\"query-input\":{\"@type\":\"PropertyValueSpecification\",\"valueRequired\":true,\"valueName\":\"search_term_string\"}}],\"inLanguage\":\"es\"},{\"@type\":\"Organization\",\"@id\":\"https:\\\/\\\/centrourbano.com\\\/revista\\\/#organization\",\"name\":\"Centro Urbano\",\"url\":\"https:\\\/\\\/centrourbano.com\\\/revista\\\/\",\"logo\":{\"@type\":\"ImageObject\",\"inLanguage\":\"es\",\"@id\":\"https:\\\/\\\/centrourbano.com\\\/revista\\\/#\\\/schema\\\/logo\\\/image\\\/\",\"url\":\"https:\\\/\\\/centrourbano.com\\\/revista\\\/wp-content\\\/uploads\\\/web_CU_logo-1.png\",\"contentUrl\":\"https:\\\/\\\/centrourbano.com\\\/revista\\\/wp-content\\\/uploads\\\/web_CU_logo-1.png\",\"width\":350,\"height\":91,\"caption\":\"Centro Urbano\"},\"image\":{\"@id\":\"https:\\\/\\\/centrourbano.com\\\/revista\\\/#\\\/schema\\\/logo\\\/image\\\/\"},\"sameAs\":[\"https:\\\/\\\/www.facebook.com\\\/portalcentrourbano\",\"https:\\\/\\\/x.com\\\/CentroUrbano\",\"https:\\\/\\\/www.instagram.com\\\/centro_urbano\\\/\",\"https:\\\/\\\/www.linkedin.com\\\/company\\\/centro-urbano\\\/\",\"http:\\\/\\\/www.youtube.com\\\/user\\\/portalcentrourbano\"]},{\"@type\":\"Person\",\"@id\":\"https:\\\/\\\/centrourbano.com\\\/revista\\\/#\\\/schema\\\/person\\\/d86dcb4351b6beb0855e5cb3bfda3a22\",\"name\":\"Ernesto Gil\",\"image\":{\"@type\":\"ImageObject\",\"inLanguage\":\"es\",\"@id\":\"https:\\\/\\\/secure.gravatar.com\\\/avatar\\\/8dbbb129f9dd066e97c18685ca45e8cf5113df97f8ca7e2ddab10d28f0127134?s=96&d=mm&r=g\",\"url\":\"https:\\\/\\\/secure.gravatar.com\\\/avatar\\\/8dbbb129f9dd066e97c18685ca45e8cf5113df97f8ca7e2ddab10d28f0127134?s=96&d=mm&r=g\",\"contentUrl\":\"https:\\\/\\\/secure.gravatar.com\\\/avatar\\\/8dbbb129f9dd066e97c18685ca45e8cf5113df97f8ca7e2ddab10d28f0127134?s=96&d=mm&r=g\",\"caption\":\"Ernesto Gil\"},\"description\":\"Ciencias Pol\u00edticas y Administraci\u00f3n P\u00fablica, FCPyS - UNAM. Apasionado por la Historia, la pol\u00edtica, la arquitectura, el urbanismo y la lectura.\",\"sameAs\":[\"https:\\\/\\\/www.facebook.com\\\/ernesto.carmona.1460\",\"https:\\\/\\\/x.com\\\/https:\\\/\\\/twitter.com\\\/Ernesto_C1996?lang=es\"],\"url\":\"https:\\\/\\\/centrourbano.com\\\/revista\\\/author\\\/ernesto-gil\\\/\"}]}<\/script>\n<!-- \/ Yoast SEO plugin. -->","yoast_head_json":{"title":"Llevan educaci\u00f3n ambiental sobre ruedas","description":"Informan sobre huertos urbanos, policultivo y medicina tradicional","robots":{"index":"index","follow":"follow","max-snippet":"max-snippet:-1","max-image-preview":"max-image-preview:large","max-video-preview":"max-video-preview:-1"},"canonical":"https:\/\/centrourbano.com\/revista\/urbanismo\/llevan-educacion-ambiental-ruedas\/","og_locale":"es_ES","og_type":"article","og_title":"Llevan educaci\u00f3n ambiental sobre ruedas","og_description":"Informan sobre huertos urbanos, policultivo y medicina tradicional","og_url":"https:\/\/centrourbano.com\/revista\/urbanismo\/llevan-educacion-ambiental-ruedas\/","og_site_name":"Centro Urbano","article_publisher":"https:\/\/www.facebook.com\/portalcentrourbano","article_author":"https:\/\/www.facebook.com\/ernesto.carmona.1460","article_published_time":"2018-05-04T23:16:35+00:00","article_modified_time":"2018-05-08T21:32:19+00:00","og_image":[{"width":640,"height":360,"url":"https:\/\/centrourbano.com\/revista\/wp-content\/uploads\/thumb_1257_640x360_0_0_crop.jpg","type":"image\/jpeg"}],"author":"Ernesto Gil","twitter_card":"summary_large_image","twitter_creator":"@https:\/\/twitter.com\/Ernesto_C1996?lang=es","twitter_site":"@CentroUrbano","twitter_misc":{"Escrito por":"Ernesto Gil","Tiempo de lectura":"1 minuto"},"schema":{"@context":"https:\/\/schema.org","@graph":[{"@type":"Article","@id":"https:\/\/centrourbano.com\/revista\/urbanismo\/llevan-educacion-ambiental-ruedas\/#article","isPartOf":{"@id":"https:\/\/centrourbano.com\/revista\/urbanismo\/llevan-educacion-ambiental-ruedas\/"},"author":{"name":"Ernesto Gil","@id":"https:\/\/centrourbano.com\/revista\/#\/schema\/person\/d86dcb4351b6beb0855e5cb3bfda3a22"},"headline":"Llevan educaci\u00f3n ambiental sobre ruedas","datePublished":"2018-05-04T23:16:35+00:00","dateModified":"2018-05-08T21:32:19+00:00","mainEntityOfPage":{"@id":"https:\/\/centrourbano.com\/revista\/urbanismo\/llevan-educacion-ambiental-ruedas\/"},"wordCount":214,"commentCount":0,"publisher":{"@id":"https:\/\/centrourbano.com\/revista\/#organization"},"image":{"@id":"https:\/\/centrourbano.com\/revista\/urbanismo\/llevan-educacion-ambiental-ruedas\/#primaryimage"},"thumbnailUrl":"https:\/\/centrourbano.com\/revista\/wp-content\/uploads\/thumb_1257_640x360_0_0_crop.jpg","keywords":["CDMX","Huertos Urbanos","Medio ambiente","Sedema"],"articleSection":["Urbanismo"],"inLanguage":"es","potentialAction":[{"@type":"CommentAction","name":"Comment","target":["https:\/\/centrourbano.com\/revista\/urbanismo\/llevan-educacion-ambiental-ruedas\/#respond"]}]},{"@type":"WebPage","@id":"https:\/\/centrourbano.com\/revista\/urbanismo\/llevan-educacion-ambiental-ruedas\/","url":"https:\/\/centrourbano.com\/revista\/urbanismo\/llevan-educacion-ambiental-ruedas\/","name":"Llevan educaci\u00f3n ambiental sobre ruedas","isPartOf":{"@id":"https:\/\/centrourbano.com\/revista\/#website"},"primaryImageOfPage":{"@id":"https:\/\/centrourbano.com\/revista\/urbanismo\/llevan-educacion-ambiental-ruedas\/#primaryimage"},"image":{"@id":"https:\/\/centrourbano.com\/revista\/urbanismo\/llevan-educacion-ambiental-ruedas\/#primaryimage"},"thumbnailUrl":"https:\/\/centrourbano.com\/revista\/wp-content\/uploads\/thumb_1257_640x360_0_0_crop.jpg","datePublished":"2018-05-04T23:16:35+00:00","dateModified":"2018-05-08T21:32:19+00:00","description":"Informan sobre huertos urbanos, policultivo y medicina tradicional","breadcrumb":{"@id":"https:\/\/centrourbano.com\/revista\/urbanismo\/llevan-educacion-ambiental-ruedas\/#breadcrumb"},"inLanguage":"es","potentialAction":[{"@type":"ReadAction","target":["https:\/\/centrourbano.com\/revista\/urbanismo\/llevan-educacion-ambiental-ruedas\/"]}]},{"@type":"ImageObject","inLanguage":"es","@id":"https:\/\/centrourbano.com\/revista\/urbanismo\/llevan-educacion-ambiental-ruedas\/#primaryimage","url":"https:\/\/centrourbano.com\/revista\/wp-content\/uploads\/thumb_1257_640x360_0_0_crop.jpg","contentUrl":"https:\/\/centrourbano.com\/revista\/wp-content\/uploads\/thumb_1257_640x360_0_0_crop.jpg","width":640,"height":360,"caption":"Informan sobre huertos urbanos, policultivo y medicina tradicional"},{"@type":"BreadcrumbList","@id":"https:\/\/centrourbano.com\/revista\/urbanismo\/llevan-educacion-ambiental-ruedas\/#breadcrumb","itemListElement":[{"@type":"ListItem","position":1,"name":"Portada","item":"https:\/\/centrourbano.com\/revista\/"},{"@type":"ListItem","position":2,"name":"Llevan educaci\u00f3n ambiental sobre ruedas"}]},{"@type":"WebSite","@id":"https:\/\/centrourbano.com\/revista\/#website","url":"https:\/\/centrourbano.com\/revista\/","name":"Centro Urbano","description":"Medio especializado en los sectores vivienda, inmobiliario, construcci\u00f3n, arquitectura y urbanismo.","publisher":{"@id":"https:\/\/centrourbano.com\/revista\/#organization"},"potentialAction":[{"@type":"SearchAction","target":{"@type":"EntryPoint","urlTemplate":"https:\/\/centrourbano.com\/revista\/?s={search_term_string}"},"query-input":{"@type":"PropertyValueSpecification","valueRequired":true,"valueName":"search_term_string"}}],"inLanguage":"es"},{"@type":"Organization","@id":"https:\/\/centrourbano.com\/revista\/#organization","name":"Centro Urbano","url":"https:\/\/centrourbano.com\/revista\/","logo":{"@type":"ImageObject","inLanguage":"es","@id":"https:\/\/centrourbano.com\/revista\/#\/schema\/logo\/image\/","url":"https:\/\/centrourbano.com\/revista\/wp-content\/uploads\/web_CU_logo-1.png","contentUrl":"https:\/\/centrourbano.com\/revista\/wp-content\/uploads\/web_CU_logo-1.png","width":350,"height":91,"caption":"Centro Urbano"},"image":{"@id":"https:\/\/centrourbano.com\/revista\/#\/schema\/logo\/image\/"},"sameAs":["https:\/\/www.facebook.com\/portalcentrourbano","https:\/\/x.com\/CentroUrbano","https:\/\/www.instagram.com\/centro_urbano\/","https:\/\/www.linkedin.com\/company\/centro-urbano\/","http:\/\/www.youtube.com\/user\/portalcentrourbano"]},{"@type":"Person","@id":"https:\/\/centrourbano.com\/revista\/#\/schema\/person\/d86dcb4351b6beb0855e5cb3bfda3a22","name":"Ernesto Gil","image":{"@type":"ImageObject","inLanguage":"es","@id":"https:\/\/secure.gravatar.com\/avatar\/8dbbb129f9dd066e97c18685ca45e8cf5113df97f8ca7e2ddab10d28f0127134?s=96&d=mm&r=g","url":"https:\/\/secure.gravatar.com\/avatar\/8dbbb129f9dd066e97c18685ca45e8cf5113df97f8ca7e2ddab10d28f0127134?s=96&d=mm&r=g","contentUrl":"https:\/\/secure.gravatar.com\/avatar\/8dbbb129f9dd066e97c18685ca45e8cf5113df97f8ca7e2ddab10d28f0127134?s=96&d=mm&r=g","caption":"Ernesto Gil"},"description":"Ciencias Pol\u00edticas y Administraci\u00f3n P\u00fablica, FCPyS - UNAM. Apasionado por la Historia, la pol\u00edtica, la arquitectura, el urbanismo y la lectura.","sameAs":["https:\/\/www.facebook.com\/ernesto.carmona.1460","https:\/\/x.com\/https:\/\/twitter.com\/Ernesto_C1996?lang=es"],"url":"https:\/\/centrourbano.com\/revista\/author\/ernesto-gil\/"}]}},"_links":{"self":[{"href":"https:\/\/centrourbano.com\/revista\/wp-json\/wp\/v2\/posts\/70955","targetHints":{"allow":["GET"]}}],"collection":[{"href":"https:\/\/centrourbano.com\/revista\/wp-json\/wp\/v2\/posts"}],"about":[{"href":"https:\/\/centrourbano.com\/revista\/wp-json\/wp\/v2\/types\/post"}],"author":[{"embeddable":true,"href":"https:\/\/centrourbano.com\/revista\/wp-json\/wp\/v2\/users\/65"}],"replies":[{"embeddable":true,"href":"https:\/\/centrourbano.com\/revista\/wp-json\/wp\/v2\/comments?post=70955"}],"version-history":[{"count":2,"href":"https:\/\/centrourbano.com\/revista\/wp-json\/wp\/v2\/posts\/70955\/revisions"}],"predecessor-version":[{"id":71071,"href":"https:\/\/centrourbano.com\/revista\/wp-json\/wp\/v2\/posts\/70955\/revisions\/71071"}],"wp:featuredmedia":[{"embeddable":true,"href":"https:\/\/centrourbano.com\/revista\/wp-json\/wp\/v2\/media\/70956"}],"wp:attachment":[{"href":"https:\/\/centrourbano.com\/revista\/wp-json\/wp\/v2\/media?parent=70955"}],"wp:term":[{"taxonomy":"category","embeddable":true,"href":"https:\/\/centrourbano.com\/revista\/wp-json\/wp\/v2\/categories?post=70955"},{"taxonomy":"post_tag","embeddable":true,"href":"https:\/\/centrourbano.com\/revista\/wp-json\/wp\/v2\/tags?post=70955"}],"curies":[{"name":"wp","href":"https:\/\/api.w.org\/{rel}","templated":true}]}}