{"id":7046,"date":"2014-05-22T13:42:19","date_gmt":"2014-05-22T18:42:19","guid":{"rendered":"http:\/\/centrourbano.com\/?p=7046"},"modified":"2014-05-22T13:42:19","modified_gmt":"2014-05-22T18:42:19","slug":"tendra-cdmx-clinica-geriatrica-en-septiembre-sera-la-primera-en-su-tipo-y-brindara-atencion-especializada-en-alzheimer-mancera","status":"publish","type":"post","link":"https:\/\/centrourbano.com\/revista\/saladeprensa\/tendra-cdmx-clinica-geriatrica-en-septiembre-sera-la-primera-en-su-tipo-y-brindara-atencion-especializada-en-alzheimer-mancera\/","title":{"rendered":"Tendr\u00e1 CDMX Cl\u00ednica Geri\u00e1trica en septiembre, ser\u00e1 la primera en su tipo y brindar\u00e1 atenci\u00f3n especializada en Alzheimer: Mancera"},"content":{"rendered":"<p>&nbsp;<\/p>\n<p><em>La meta es tener tres de estas cl\u00ednicas para ampliar la cobertura en atenci\u00f3n m\u00e9dica dirigida a unos 800 mil adultos mayores de la capital<\/em><!--more--><\/p>\n<p><em>\u00a0<\/em><\/p>\n<p>Al inaugurar el XIX Congreso Nacional de Alzheimer, el Jefe de Gobierno de la Ciudad de M\u00e9xico, Miguel \u00c1ngel Mancera Espinosa, anunci\u00f3 que para septiembre de este a\u00f1o estar\u00e1 lista la Cl\u00ednica de Geriatr\u00eda de la CDMX, primera en su tipo que contar\u00e1 con una unidad de neurolog\u00eda enfocada a la detecci\u00f3n y atenci\u00f3n de este padecimiento y del Parkinson.<\/p>\n<p>&nbsp;<\/p>\n<p>Acompa\u00f1ado del secretario de Salud local (Sedesa), Armando Ahued Ortega, y de representantes de fundaciones relacionadas con el Alzheimer, el Ejecutivo de la capital dio la instrucci\u00f3n para que -una vez puesta en marcha esta cl\u00ednica geri\u00e1trica- se trabaje en los proyectos para abrir, al menos, otras dos especializadas en los adultos mayores, a efecto de ampliar la cobertura en atenci\u00f3n m\u00e9dica dirigida a este sector.<\/p>\n<p>&nbsp;<\/p>\n<p>En el World Trade Center, destac\u00f3 la importancia de reforzar las acciones de difusi\u00f3n y sensibilizaci\u00f3n en torno a esta problem\u00e1tica, por lo que felicit\u00f3 la realizaci\u00f3n de este Congreso donde se profundizar\u00e1 en los alcances y proyecciones del Alzheimer con la direcci\u00f3n de expositores y ponentes nacionales e internacionales, que trabajar\u00e1n desde hoy, hasta el pr\u00f3ximo s\u00e1bado 24 de mayo en conferencias sobre los diagn\u00f3sticos, tratamientos y cuidados, entre otros t\u00f3picos.<\/p>\n<p>&nbsp;<\/p>\n<p>El mandatario capitalino explic\u00f3 que una de las principales l\u00edneas de trabajo de su administraci\u00f3n, es brindar calidad de vida a las y los casi 800 mil adultos mayores que viven en la CDMX, de los cuales, dijo, entre el 5 y 7 por ciento tiene un grado de probabilidad de padecer Alzheimer; \u00abcerca de 60 mil o 70 mil personas de la tercera edad podr\u00eda tener este padecimiento y 163 mil de los 800 mil adultos mayores de la capital no tienen seguridad social\u00bb.<\/p>\n<p>&nbsp;<\/p>\n<p>Por ello, insisti\u00f3 en que una sola Cl\u00ednica de Geriatr\u00eda no ser\u00e1 suficiente, pero s\u00ed un paso s\u00f3lido para avanzar en la materia; \u00abvamos a impulsar la cobertura y fijarnos la meta de tener -al menos- dos o tres cl\u00ednicas para esta atenci\u00f3n en particular\u00bb y puntualiz\u00f3 que con la primera de ellas, se estima alcanzar las 87 mil detecciones de Alzheimer y otorgar la atenci\u00f3n necesaria.<\/p>\n<p>&nbsp;<\/p>\n<p>En su oportunidad, la presidenta del XIX Congreso Nacional de Alzheimer, Lilia Groues del Mazo, reconoci\u00f3 el compromiso social del Gobierno de la ciudad para transitar hacia una \u00f3ptima atenci\u00f3n de esta enfermedad, as\u00ed como su respaldo en la promoci\u00f3n y difusi\u00f3n de informaci\u00f3n, y en el apoyo a los familiares; \u00abse trata de brindar el respeto, cari\u00f1o y atenci\u00f3n que merecen quienes sufren esta enfermedad, de entender que es un problema de salud p\u00fablica y garantizarles su integridad\u00bb.<\/p>\n<p>&nbsp;<\/p>\n<p>Asimismo, el presidente de la Federaci\u00f3n Mexicana de Alzheimer A.C. (FEDMA), Alfonso Gonz\u00e1lez de Le\u00f3n, expuso que este padecimiento no es exclusivo de quienes viven con \u00e9l o de sus familias, sino se trata de un problema social que de manera urgente, debe afrontarse para reconfortar a quienes lo padecen y hacer posible que su proceso sea menos doloroso a trav\u00e9s de acciones y asignaciones presupuestarias por parte de las instancias nacionales de salud.<\/p>\n<p>&nbsp;<\/p>\n<p>\u00abEmpresas, Gobierno y sociedad civil en general, cit\u00f3, debemos unirnos en la lucha para que la atenci\u00f3n del Alzheimer y la demencia sean una prioridad en el Sistema Nacional de Salud\u00bb.<\/p>\n<p>&nbsp;<\/p>\n<p>En su oportunidad, el director ejecutivo de Alzheimer&#8217;s Disease International, Johan Vos, felicit\u00f3 el compromiso de M\u00e9xico por avanzar en este tema pues record\u00f3 que fue el primer pa\u00eds de Latinoam\u00e9rica en adherirse a dicha organizaci\u00f3n y con el Congreso hoy inaugurado, se da muestra del inter\u00e9s y trabajo, particularmente de la capital, por generar m\u00e1s y mejores alternativas para una vida digna a quienes la padecen y a sus familias.<\/p>\n<p>&nbsp;<\/p>\n<p>Cabe destacar la presencia en este acto de Oscar Espinosa Villarreal, creador de la Fundaci\u00f3n Alzheimer, \u201cAlguien Con Quien Contar\u201d.<\/p>\n","protected":false},"excerpt":{"rendered":"<p>&nbsp; La meta es tener tres de estas cl\u00ednicas para ampliar la cobertura en atenci\u00f3n m\u00e9dica dirigida a unos 800 mil adultos mayores de la capital<\/p>\n","protected":false},"author":14,"featured_media":0,"comment_status":"open","ping_status":"closed","sticky":false,"template":"","format":"standard","meta":{"om_disable_all_campaigns":false,"inline_featured_image":false,"_monsterinsights_skip_tracking":false,"_monsterinsights_sitenote_active":false,"_monsterinsights_sitenote_note":"","_monsterinsights_sitenote_category":0,"footnotes":""},"categories":[7],"tags":[],"class_list":["post-7046","post","type-post","status-publish","format-standard","hentry","category-saladeprensa"],"yoast_head":"<!-- This site is optimized with the Yoast SEO plugin v27.5 - https:\/\/yoast.com\/product\/yoast-seo-wordpress\/ -->\n<title>Tendr\u00e1 CDMX Cl\u00ednica Geri\u00e1trica en septiembre, ser\u00e1 la primera en su tipo y brindar\u00e1 atenci\u00f3n especializada en Alzheimer: Mancera -<\/title>\n<meta name=\"description\" content=\"&nbsp; La meta es tener tres de estas cl\u00ednicas para ampliar la cobertura en atenci\u00f3n m\u00e9dica dirigida a unos 800 mil adultos mayores de la capital \u00a0 Al\" \/>\n<meta name=\"robots\" content=\"index, follow, max-snippet:-1, max-image-preview:large, max-video-preview:-1\" \/>\n<link rel=\"canonical\" href=\"https:\/\/centrourbano.com\/revista\/saladeprensa\/tendra-cdmx-clinica-geriatrica-en-septiembre-sera-la-primera-en-su-tipo-y-brindara-atencion-especializada-en-alzheimer-mancera\/\" \/>\n<meta property=\"og:locale\" content=\"es_ES\" \/>\n<meta property=\"og:type\" content=\"article\" \/>\n<meta property=\"og:title\" content=\"Tendr\u00e1 CDMX Cl\u00ednica Geri\u00e1trica en septiembre, ser\u00e1 la primera en su tipo y brindar\u00e1 atenci\u00f3n especializada en Alzheimer: Mancera -\" \/>\n<meta property=\"og:description\" content=\"&nbsp; La meta es tener tres de estas cl\u00ednicas para ampliar la cobertura en atenci\u00f3n m\u00e9dica dirigida a unos 800 mil adultos mayores de la capital \u00a0 Al\" \/>\n<meta property=\"og:url\" content=\"https:\/\/centrourbano.com\/revista\/saladeprensa\/tendra-cdmx-clinica-geriatrica-en-septiembre-sera-la-primera-en-su-tipo-y-brindara-atencion-especializada-en-alzheimer-mancera\/\" \/>\n<meta property=\"og:site_name\" content=\"Centro Urbano\" \/>\n<meta property=\"article:publisher\" content=\"https:\/\/www.facebook.com\/portalcentrourbano\" \/>\n<meta property=\"article:published_time\" content=\"2014-05-22T18:42:19+00:00\" \/>\n<meta property=\"og:image\" content=\"https:\/\/centrourbano.com\/revista\/wp-content\/uploads\/CU-logo.png\" \/>\n\t<meta property=\"og:image:width\" content=\"350\" \/>\n\t<meta property=\"og:image:height\" content=\"91\" \/>\n\t<meta property=\"og:image:type\" content=\"image\/png\" \/>\n<meta name=\"author\" content=\"Redacci\u00f3n Centro Urbano\" \/>\n<meta name=\"twitter:card\" content=\"summary_large_image\" \/>\n<meta name=\"twitter:creator\" content=\"@CentroUrbano\" \/>\n<meta name=\"twitter:site\" content=\"@CentroUrbano\" \/>\n<meta name=\"twitter:label1\" content=\"Escrito por\" \/>\n\t<meta name=\"twitter:data1\" content=\"Redacci\u00f3n Centro Urbano\" \/>\n\t<meta name=\"twitter:label2\" content=\"Tiempo de lectura\" \/>\n\t<meta name=\"twitter:data2\" content=\"4 minutos\" \/>\n<script type=\"application\/ld+json\" class=\"yoast-schema-graph\">{\"@context\":\"https:\\\/\\\/schema.org\",\"@graph\":[{\"@type\":\"Article\",\"@id\":\"https:\\\/\\\/centrourbano.com\\\/revista\\\/saladeprensa\\\/tendra-cdmx-clinica-geriatrica-en-septiembre-sera-la-primera-en-su-tipo-y-brindara-atencion-especializada-en-alzheimer-mancera\\\/#article\",\"isPartOf\":{\"@id\":\"https:\\\/\\\/centrourbano.com\\\/revista\\\/saladeprensa\\\/tendra-cdmx-clinica-geriatrica-en-septiembre-sera-la-primera-en-su-tipo-y-brindara-atencion-especializada-en-alzheimer-mancera\\\/\"},\"author\":{\"name\":\"Redacci\u00f3n Centro Urbano\",\"@id\":\"https:\\\/\\\/centrourbano.com\\\/revista\\\/#\\\/schema\\\/person\\\/680e7c50f9d6e917e416c9efdc26f996\"},\"headline\":\"Tendr\u00e1 CDMX Cl\u00ednica Geri\u00e1trica en septiembre, ser\u00e1 la primera en su tipo y brindar\u00e1 atenci\u00f3n especializada en Alzheimer: Mancera\",\"datePublished\":\"2014-05-22T18:42:19+00:00\",\"mainEntityOfPage\":{\"@id\":\"https:\\\/\\\/centrourbano.com\\\/revista\\\/saladeprensa\\\/tendra-cdmx-clinica-geriatrica-en-septiembre-sera-la-primera-en-su-tipo-y-brindara-atencion-especializada-en-alzheimer-mancera\\\/\"},\"wordCount\":728,\"commentCount\":0,\"publisher\":{\"@id\":\"https:\\\/\\\/centrourbano.com\\\/revista\\\/#organization\"},\"articleSection\":[\"Sala de Prensa\"],\"inLanguage\":\"es\",\"potentialAction\":[{\"@type\":\"CommentAction\",\"name\":\"Comment\",\"target\":[\"https:\\\/\\\/centrourbano.com\\\/revista\\\/saladeprensa\\\/tendra-cdmx-clinica-geriatrica-en-septiembre-sera-la-primera-en-su-tipo-y-brindara-atencion-especializada-en-alzheimer-mancera\\\/#respond\"]}]},{\"@type\":\"WebPage\",\"@id\":\"https:\\\/\\\/centrourbano.com\\\/revista\\\/saladeprensa\\\/tendra-cdmx-clinica-geriatrica-en-septiembre-sera-la-primera-en-su-tipo-y-brindara-atencion-especializada-en-alzheimer-mancera\\\/\",\"url\":\"https:\\\/\\\/centrourbano.com\\\/revista\\\/saladeprensa\\\/tendra-cdmx-clinica-geriatrica-en-septiembre-sera-la-primera-en-su-tipo-y-brindara-atencion-especializada-en-alzheimer-mancera\\\/\",\"name\":\"Tendr\u00e1 CDMX Cl\u00ednica Geri\u00e1trica en septiembre, ser\u00e1 la primera en su tipo y brindar\u00e1 atenci\u00f3n especializada en Alzheimer: Mancera -\",\"isPartOf\":{\"@id\":\"https:\\\/\\\/centrourbano.com\\\/revista\\\/#website\"},\"datePublished\":\"2014-05-22T18:42:19+00:00\",\"description\":\"&nbsp; La meta es tener tres de estas cl\u00ednicas para ampliar la cobertura en atenci\u00f3n m\u00e9dica dirigida a unos 800 mil adultos mayores de la capital \u00a0 Al\",\"breadcrumb\":{\"@id\":\"https:\\\/\\\/centrourbano.com\\\/revista\\\/saladeprensa\\\/tendra-cdmx-clinica-geriatrica-en-septiembre-sera-la-primera-en-su-tipo-y-brindara-atencion-especializada-en-alzheimer-mancera\\\/#breadcrumb\"},\"inLanguage\":\"es\",\"potentialAction\":[{\"@type\":\"ReadAction\",\"target\":[\"https:\\\/\\\/centrourbano.com\\\/revista\\\/saladeprensa\\\/tendra-cdmx-clinica-geriatrica-en-septiembre-sera-la-primera-en-su-tipo-y-brindara-atencion-especializada-en-alzheimer-mancera\\\/\"]}]},{\"@type\":\"BreadcrumbList\",\"@id\":\"https:\\\/\\\/centrourbano.com\\\/revista\\\/saladeprensa\\\/tendra-cdmx-clinica-geriatrica-en-septiembre-sera-la-primera-en-su-tipo-y-brindara-atencion-especializada-en-alzheimer-mancera\\\/#breadcrumb\",\"itemListElement\":[{\"@type\":\"ListItem\",\"position\":1,\"name\":\"Portada\",\"item\":\"https:\\\/\\\/centrourbano.com\\\/revista\\\/\"},{\"@type\":\"ListItem\",\"position\":2,\"name\":\"Tendr\u00e1 CDMX Cl\u00ednica Geri\u00e1trica en septiembre, ser\u00e1 la primera en su tipo y brindar\u00e1 atenci\u00f3n especializada en Alzheimer: Mancera\"}]},{\"@type\":\"WebSite\",\"@id\":\"https:\\\/\\\/centrourbano.com\\\/revista\\\/#website\",\"url\":\"https:\\\/\\\/centrourbano.com\\\/revista\\\/\",\"name\":\"Centro Urbano\",\"description\":\"Medio especializado en los sectores vivienda, inmobiliario, construcci\u00f3n, arquitectura y urbanismo.\",\"publisher\":{\"@id\":\"https:\\\/\\\/centrourbano.com\\\/revista\\\/#organization\"},\"potentialAction\":[{\"@type\":\"SearchAction\",\"target\":{\"@type\":\"EntryPoint\",\"urlTemplate\":\"https:\\\/\\\/centrourbano.com\\\/revista\\\/?s={search_term_string}\"},\"query-input\":{\"@type\":\"PropertyValueSpecification\",\"valueRequired\":true,\"valueName\":\"search_term_string\"}}],\"inLanguage\":\"es\"},{\"@type\":\"Organization\",\"@id\":\"https:\\\/\\\/centrourbano.com\\\/revista\\\/#organization\",\"name\":\"Centro Urbano\",\"url\":\"https:\\\/\\\/centrourbano.com\\\/revista\\\/\",\"logo\":{\"@type\":\"ImageObject\",\"inLanguage\":\"es\",\"@id\":\"https:\\\/\\\/centrourbano.com\\\/revista\\\/#\\\/schema\\\/logo\\\/image\\\/\",\"url\":\"https:\\\/\\\/centrourbano.com\\\/revista\\\/wp-content\\\/uploads\\\/web_CU_logo-1.png\",\"contentUrl\":\"https:\\\/\\\/centrourbano.com\\\/revista\\\/wp-content\\\/uploads\\\/web_CU_logo-1.png\",\"width\":350,\"height\":91,\"caption\":\"Centro Urbano\"},\"image\":{\"@id\":\"https:\\\/\\\/centrourbano.com\\\/revista\\\/#\\\/schema\\\/logo\\\/image\\\/\"},\"sameAs\":[\"https:\\\/\\\/www.facebook.com\\\/portalcentrourbano\",\"https:\\\/\\\/x.com\\\/CentroUrbano\",\"https:\\\/\\\/www.instagram.com\\\/centro_urbano\\\/\",\"https:\\\/\\\/www.linkedin.com\\\/company\\\/centro-urbano\\\/\",\"http:\\\/\\\/www.youtube.com\\\/user\\\/portalcentrourbano\"]},{\"@type\":\"Person\",\"@id\":\"https:\\\/\\\/centrourbano.com\\\/revista\\\/#\\\/schema\\\/person\\\/680e7c50f9d6e917e416c9efdc26f996\",\"name\":\"Redacci\u00f3n Centro Urbano\",\"image\":{\"@type\":\"ImageObject\",\"inLanguage\":\"es\",\"@id\":\"https:\\\/\\\/secure.gravatar.com\\\/avatar\\\/15a789f894398c0f311f3a7a2ee28032bbc0483098539da66b6a045aa810bf35?s=96&d=mm&r=g\",\"url\":\"https:\\\/\\\/secure.gravatar.com\\\/avatar\\\/15a789f894398c0f311f3a7a2ee28032bbc0483098539da66b6a045aa810bf35?s=96&d=mm&r=g\",\"contentUrl\":\"https:\\\/\\\/secure.gravatar.com\\\/avatar\\\/15a789f894398c0f311f3a7a2ee28032bbc0483098539da66b6a045aa810bf35?s=96&d=mm&r=g\",\"caption\":\"Redacci\u00f3n Centro Urbano\"},\"url\":\"https:\\\/\\\/centrourbano.com\\\/revista\\\/author\\\/editorial\\\/\"}]}<\/script>\n<!-- \/ Yoast SEO plugin. -->","yoast_head_json":{"title":"Tendr\u00e1 CDMX Cl\u00ednica Geri\u00e1trica en septiembre, ser\u00e1 la primera en su tipo y brindar\u00e1 atenci\u00f3n especializada en Alzheimer: Mancera -","description":"&nbsp; La meta es tener tres de estas cl\u00ednicas para ampliar la cobertura en atenci\u00f3n m\u00e9dica dirigida a unos 800 mil adultos mayores de la capital \u00a0 Al","robots":{"index":"index","follow":"follow","max-snippet":"max-snippet:-1","max-image-preview":"max-image-preview:large","max-video-preview":"max-video-preview:-1"},"canonical":"https:\/\/centrourbano.com\/revista\/saladeprensa\/tendra-cdmx-clinica-geriatrica-en-septiembre-sera-la-primera-en-su-tipo-y-brindara-atencion-especializada-en-alzheimer-mancera\/","og_locale":"es_ES","og_type":"article","og_title":"Tendr\u00e1 CDMX Cl\u00ednica Geri\u00e1trica en septiembre, ser\u00e1 la primera en su tipo y brindar\u00e1 atenci\u00f3n especializada en Alzheimer: Mancera -","og_description":"&nbsp; La meta es tener tres de estas cl\u00ednicas para ampliar la cobertura en atenci\u00f3n m\u00e9dica dirigida a unos 800 mil adultos mayores de la capital \u00a0 Al","og_url":"https:\/\/centrourbano.com\/revista\/saladeprensa\/tendra-cdmx-clinica-geriatrica-en-septiembre-sera-la-primera-en-su-tipo-y-brindara-atencion-especializada-en-alzheimer-mancera\/","og_site_name":"Centro Urbano","article_publisher":"https:\/\/www.facebook.com\/portalcentrourbano","article_published_time":"2014-05-22T18:42:19+00:00","og_image":[{"width":350,"height":91,"url":"https:\/\/centrourbano.com\/revista\/wp-content\/uploads\/CU-logo.png","type":"image\/png"}],"author":"Redacci\u00f3n Centro Urbano","twitter_card":"summary_large_image","twitter_creator":"@CentroUrbano","twitter_site":"@CentroUrbano","twitter_misc":{"Escrito por":"Redacci\u00f3n Centro Urbano","Tiempo de lectura":"4 minutos"},"schema":{"@context":"https:\/\/schema.org","@graph":[{"@type":"Article","@id":"https:\/\/centrourbano.com\/revista\/saladeprensa\/tendra-cdmx-clinica-geriatrica-en-septiembre-sera-la-primera-en-su-tipo-y-brindara-atencion-especializada-en-alzheimer-mancera\/#article","isPartOf":{"@id":"https:\/\/centrourbano.com\/revista\/saladeprensa\/tendra-cdmx-clinica-geriatrica-en-septiembre-sera-la-primera-en-su-tipo-y-brindara-atencion-especializada-en-alzheimer-mancera\/"},"author":{"name":"Redacci\u00f3n Centro Urbano","@id":"https:\/\/centrourbano.com\/revista\/#\/schema\/person\/680e7c50f9d6e917e416c9efdc26f996"},"headline":"Tendr\u00e1 CDMX Cl\u00ednica Geri\u00e1trica en septiembre, ser\u00e1 la primera en su tipo y brindar\u00e1 atenci\u00f3n especializada en Alzheimer: Mancera","datePublished":"2014-05-22T18:42:19+00:00","mainEntityOfPage":{"@id":"https:\/\/centrourbano.com\/revista\/saladeprensa\/tendra-cdmx-clinica-geriatrica-en-septiembre-sera-la-primera-en-su-tipo-y-brindara-atencion-especializada-en-alzheimer-mancera\/"},"wordCount":728,"commentCount":0,"publisher":{"@id":"https:\/\/centrourbano.com\/revista\/#organization"},"articleSection":["Sala de Prensa"],"inLanguage":"es","potentialAction":[{"@type":"CommentAction","name":"Comment","target":["https:\/\/centrourbano.com\/revista\/saladeprensa\/tendra-cdmx-clinica-geriatrica-en-septiembre-sera-la-primera-en-su-tipo-y-brindara-atencion-especializada-en-alzheimer-mancera\/#respond"]}]},{"@type":"WebPage","@id":"https:\/\/centrourbano.com\/revista\/saladeprensa\/tendra-cdmx-clinica-geriatrica-en-septiembre-sera-la-primera-en-su-tipo-y-brindara-atencion-especializada-en-alzheimer-mancera\/","url":"https:\/\/centrourbano.com\/revista\/saladeprensa\/tendra-cdmx-clinica-geriatrica-en-septiembre-sera-la-primera-en-su-tipo-y-brindara-atencion-especializada-en-alzheimer-mancera\/","name":"Tendr\u00e1 CDMX Cl\u00ednica Geri\u00e1trica en septiembre, ser\u00e1 la primera en su tipo y brindar\u00e1 atenci\u00f3n especializada en Alzheimer: Mancera -","isPartOf":{"@id":"https:\/\/centrourbano.com\/revista\/#website"},"datePublished":"2014-05-22T18:42:19+00:00","description":"&nbsp; La meta es tener tres de estas cl\u00ednicas para ampliar la cobertura en atenci\u00f3n m\u00e9dica dirigida a unos 800 mil adultos mayores de la capital \u00a0 Al","breadcrumb":{"@id":"https:\/\/centrourbano.com\/revista\/saladeprensa\/tendra-cdmx-clinica-geriatrica-en-septiembre-sera-la-primera-en-su-tipo-y-brindara-atencion-especializada-en-alzheimer-mancera\/#breadcrumb"},"inLanguage":"es","potentialAction":[{"@type":"ReadAction","target":["https:\/\/centrourbano.com\/revista\/saladeprensa\/tendra-cdmx-clinica-geriatrica-en-septiembre-sera-la-primera-en-su-tipo-y-brindara-atencion-especializada-en-alzheimer-mancera\/"]}]},{"@type":"BreadcrumbList","@id":"https:\/\/centrourbano.com\/revista\/saladeprensa\/tendra-cdmx-clinica-geriatrica-en-septiembre-sera-la-primera-en-su-tipo-y-brindara-atencion-especializada-en-alzheimer-mancera\/#breadcrumb","itemListElement":[{"@type":"ListItem","position":1,"name":"Portada","item":"https:\/\/centrourbano.com\/revista\/"},{"@type":"ListItem","position":2,"name":"Tendr\u00e1 CDMX Cl\u00ednica Geri\u00e1trica en septiembre, ser\u00e1 la primera en su tipo y brindar\u00e1 atenci\u00f3n especializada en Alzheimer: Mancera"}]},{"@type":"WebSite","@id":"https:\/\/centrourbano.com\/revista\/#website","url":"https:\/\/centrourbano.com\/revista\/","name":"Centro Urbano","description":"Medio especializado en los sectores vivienda, inmobiliario, construcci\u00f3n, arquitectura y urbanismo.","publisher":{"@id":"https:\/\/centrourbano.com\/revista\/#organization"},"potentialAction":[{"@type":"SearchAction","target":{"@type":"EntryPoint","urlTemplate":"https:\/\/centrourbano.com\/revista\/?s={search_term_string}"},"query-input":{"@type":"PropertyValueSpecification","valueRequired":true,"valueName":"search_term_string"}}],"inLanguage":"es"},{"@type":"Organization","@id":"https:\/\/centrourbano.com\/revista\/#organization","name":"Centro Urbano","url":"https:\/\/centrourbano.com\/revista\/","logo":{"@type":"ImageObject","inLanguage":"es","@id":"https:\/\/centrourbano.com\/revista\/#\/schema\/logo\/image\/","url":"https:\/\/centrourbano.com\/revista\/wp-content\/uploads\/web_CU_logo-1.png","contentUrl":"https:\/\/centrourbano.com\/revista\/wp-content\/uploads\/web_CU_logo-1.png","width":350,"height":91,"caption":"Centro Urbano"},"image":{"@id":"https:\/\/centrourbano.com\/revista\/#\/schema\/logo\/image\/"},"sameAs":["https:\/\/www.facebook.com\/portalcentrourbano","https:\/\/x.com\/CentroUrbano","https:\/\/www.instagram.com\/centro_urbano\/","https:\/\/www.linkedin.com\/company\/centro-urbano\/","http:\/\/www.youtube.com\/user\/portalcentrourbano"]},{"@type":"Person","@id":"https:\/\/centrourbano.com\/revista\/#\/schema\/person\/680e7c50f9d6e917e416c9efdc26f996","name":"Redacci\u00f3n Centro Urbano","image":{"@type":"ImageObject","inLanguage":"es","@id":"https:\/\/secure.gravatar.com\/avatar\/15a789f894398c0f311f3a7a2ee28032bbc0483098539da66b6a045aa810bf35?s=96&d=mm&r=g","url":"https:\/\/secure.gravatar.com\/avatar\/15a789f894398c0f311f3a7a2ee28032bbc0483098539da66b6a045aa810bf35?s=96&d=mm&r=g","contentUrl":"https:\/\/secure.gravatar.com\/avatar\/15a789f894398c0f311f3a7a2ee28032bbc0483098539da66b6a045aa810bf35?s=96&d=mm&r=g","caption":"Redacci\u00f3n Centro Urbano"},"url":"https:\/\/centrourbano.com\/revista\/author\/editorial\/"}]}},"_links":{"self":[{"href":"https:\/\/centrourbano.com\/revista\/wp-json\/wp\/v2\/posts\/7046","targetHints":{"allow":["GET"]}}],"collection":[{"href":"https:\/\/centrourbano.com\/revista\/wp-json\/wp\/v2\/posts"}],"about":[{"href":"https:\/\/centrourbano.com\/revista\/wp-json\/wp\/v2\/types\/post"}],"author":[{"embeddable":true,"href":"https:\/\/centrourbano.com\/revista\/wp-json\/wp\/v2\/users\/14"}],"replies":[{"embeddable":true,"href":"https:\/\/centrourbano.com\/revista\/wp-json\/wp\/v2\/comments?post=7046"}],"version-history":[{"count":0,"href":"https:\/\/centrourbano.com\/revista\/wp-json\/wp\/v2\/posts\/7046\/revisions"}],"wp:attachment":[{"href":"https:\/\/centrourbano.com\/revista\/wp-json\/wp\/v2\/media?parent=7046"}],"wp:term":[{"taxonomy":"category","embeddable":true,"href":"https:\/\/centrourbano.com\/revista\/wp-json\/wp\/v2\/categories?post=7046"},{"taxonomy":"post_tag","embeddable":true,"href":"https:\/\/centrourbano.com\/revista\/wp-json\/wp\/v2\/tags?post=7046"}],"curies":[{"name":"wp","href":"https:\/\/api.w.org\/{rel}","templated":true}]}}