{"id":70321,"date":"2018-04-20T15:43:15","date_gmt":"2018-04-20T20:43:15","guid":{"rendered":"https:\/\/centrourbano.com\/?p=70321"},"modified":"2018-04-20T15:52:42","modified_gmt":"2018-04-20T20:52:42","slug":"urgen-priorizar-obras-de-salud-educacion-y-urbanismo-en-sonora","status":"publish","type":"post","link":"https:\/\/centrourbano.com\/revista\/construccion\/urgen-priorizar-obras-de-salud-educacion-y-urbanismo-en-sonora\/","title":{"rendered":"Urgen priorizar obras de salud, educaci\u00f3n y urbanismo en Sonora"},"content":{"rendered":"<p><em>Son 949.2 millones de pesos para la inversi\u00f3n en obras p\u00fablicas\u00a0\u00a0<\/em><!--more--><\/p>\n<p>El gobierno del estado de <strong>Sonora<\/strong> invertir\u00e1 <strong>949.2 millones de pesos<\/strong> de recursos federales en obras, adem\u00e1s de 670 millones para la construcci\u00f3n del nuevo <strong>Hospital de Especialidades<\/strong>, que estar\u00e1 listo el pr\u00f3ximo a\u00f1o.<\/p>\n<p>Durante una reuni\u00f3n que sostuvo la gobernadora del estado, Claudia Pavlovich Arellano, junto a Natalia Rivera Grijalva, jefa de la Oficina del Ejecutivo, \u00a0y los integrantes del Gabinete Sectorial de Desarrollo Urbano, se evaluaron los avances de obras que est\u00e1n en proceso, as\u00ed como los proyectos a futuro.<\/p>\n<p>La funcionaria Pavlovich solicit\u00f3 priorizar obras en materia de salud, como el Hospital de General de Magdalena y la ampliaci\u00f3n del \u00e1rea de urgencias y quir\u00f3fano del Hospital Integral de la Mujer, adem\u00e1s de las relacionadas a la <strong>educaci\u00f3n y urbanizaci\u00f3n.<\/strong><\/p>\n<p>Asimismo, evalu\u00f3 \u00a0las obras concluidas que ser\u00e1n entregadas durante este a\u00f1o en los municipios de Agua Prieta, B\u00e1cum, Cajeme, Etchojoa, Guaymas, Hermosillo, Magdalena, Navojoa, Pitiquito y San Luis del R\u00edo Colorado.<\/p>\n<p>De igual forma, el secretario de Infraestructura y Desarrollo Urbano (Sidur), Ricardo Mart\u00ednez Terrazas, indic\u00f3 que se realizar\u00e1 una inversi\u00f3n de 749.2 millones de pesos en construcci\u00f3n y rehabilitaci\u00f3n de pavimentos en<strong> 56 municipios<\/strong>, adem\u00e1s de otros 72 millones en obras de procesos como el bulevar Carlos Quintero Arce y la modernizaci\u00f3n del bulevar Rosales en Hermosillo, entre otros.<\/p>\n","protected":false},"excerpt":{"rendered":"<p>Son 949.2 millones de pesos para la inversi\u00f3n en obras p\u00fablicas\u00a0\u00a0<\/p>\n","protected":false},"author":64,"featured_media":70322,"comment_status":"open","ping_status":"closed","sticky":false,"template":"","format":"standard","meta":{"om_disable_all_campaigns":false,"inline_featured_image":false,"_monsterinsights_skip_tracking":false,"_monsterinsights_sitenote_active":false,"_monsterinsights_sitenote_note":"","_monsterinsights_sitenote_category":0,"footnotes":""},"categories":[14],"tags":[22,2594,13214,503,967,1010],"class_list":["post-70321","post","type-post","status-publish","format-standard","has-post-thumbnail","hentry","category-construccion","tag-construccion-2","tag-educacion","tag-hospital-de-especialidades","tag-obras","tag-salud","tag-sonora"],"yoast_head":"<!-- This site is optimized with the Yoast SEO plugin v27.4 - https:\/\/yoast.com\/product\/yoast-seo-wordpress\/ -->\n<title>Urgen priorizar obras de salud, educaci\u00f3n y urbanismo en Sonora<\/title>\n<meta name=\"description\" content=\"Son 949.2 millones de pesos para la inversi\u00f3n en obras p\u00fablicas\" \/>\n<meta name=\"robots\" content=\"index, follow, max-snippet:-1, max-image-preview:large, max-video-preview:-1\" \/>\n<link rel=\"canonical\" href=\"https:\/\/centrourbano.com\/revista\/construccion\/urgen-priorizar-obras-de-salud-educacion-y-urbanismo-en-sonora\/\" \/>\n<meta property=\"og:locale\" content=\"es_ES\" \/>\n<meta property=\"og:type\" content=\"article\" \/>\n<meta property=\"og:title\" content=\"Urgen priorizar obras de salud, educaci\u00f3n y urbanismo en Sonora\" \/>\n<meta property=\"og:description\" content=\"Son 949.2 millones de pesos para la inversi\u00f3n en obras p\u00fablicas\" \/>\n<meta property=\"og:url\" content=\"https:\/\/centrourbano.com\/revista\/construccion\/urgen-priorizar-obras-de-salud-educacion-y-urbanismo-en-sonora\/\" \/>\n<meta property=\"og:site_name\" content=\"Centro Urbano\" \/>\n<meta property=\"article:publisher\" content=\"https:\/\/www.facebook.com\/portalcentrourbano\" \/>\n<meta property=\"article:published_time\" content=\"2018-04-20T20:43:15+00:00\" \/>\n<meta property=\"article:modified_time\" content=\"2018-04-20T20:52:42+00:00\" \/>\n<meta property=\"og:image\" content=\"https:\/\/centrourbano.com\/revista\/wp-content\/uploads\/sonora-1.jpg\" \/>\n\t<meta property=\"og:image:width\" content=\"560\" \/>\n\t<meta property=\"og:image:height\" content=\"350\" \/>\n\t<meta property=\"og:image:type\" content=\"image\/jpeg\" \/>\n<meta name=\"author\" content=\"Karla Esperanza\" \/>\n<meta name=\"twitter:card\" content=\"summary_large_image\" \/>\n<meta name=\"twitter:creator\" content=\"@CentroUrbano\" \/>\n<meta name=\"twitter:site\" content=\"@CentroUrbano\" \/>\n<meta name=\"twitter:label1\" content=\"Escrito por\" \/>\n\t<meta name=\"twitter:data1\" content=\"Karla Esperanza\" \/>\n\t<meta name=\"twitter:label2\" content=\"Tiempo de lectura\" \/>\n\t<meta name=\"twitter:data2\" content=\"1 minuto\" \/>\n<script type=\"application\/ld+json\" class=\"yoast-schema-graph\">{\"@context\":\"https:\\\/\\\/schema.org\",\"@graph\":[{\"@type\":\"Article\",\"@id\":\"https:\\\/\\\/centrourbano.com\\\/revista\\\/construccion\\\/urgen-priorizar-obras-de-salud-educacion-y-urbanismo-en-sonora\\\/#article\",\"isPartOf\":{\"@id\":\"https:\\\/\\\/centrourbano.com\\\/revista\\\/construccion\\\/urgen-priorizar-obras-de-salud-educacion-y-urbanismo-en-sonora\\\/\"},\"author\":{\"name\":\"Karla Esperanza\",\"@id\":\"https:\\\/\\\/centrourbano.com\\\/revista\\\/#\\\/schema\\\/person\\\/1d952c872f21e733a753a18cc4b5298a\"},\"headline\":\"Urgen priorizar obras de salud, educaci\u00f3n y urbanismo en Sonora\",\"datePublished\":\"2018-04-20T20:43:15+00:00\",\"dateModified\":\"2018-04-20T20:52:42+00:00\",\"mainEntityOfPage\":{\"@id\":\"https:\\\/\\\/centrourbano.com\\\/revista\\\/construccion\\\/urgen-priorizar-obras-de-salud-educacion-y-urbanismo-en-sonora\\\/\"},\"wordCount\":252,\"commentCount\":0,\"publisher\":{\"@id\":\"https:\\\/\\\/centrourbano.com\\\/revista\\\/#organization\"},\"image\":{\"@id\":\"https:\\\/\\\/centrourbano.com\\\/revista\\\/construccion\\\/urgen-priorizar-obras-de-salud-educacion-y-urbanismo-en-sonora\\\/#primaryimage\"},\"thumbnailUrl\":\"https:\\\/\\\/centrourbano.com\\\/revista\\\/wp-content\\\/uploads\\\/sonora-1.jpg\",\"keywords\":[\"construcci\u00f3n\",\"Educaci\u00f3n\",\"Hospital de Especialidades\",\"Obras\",\"salud\",\"Sonora\"],\"articleSection\":[\"Construcci\u00f3n\"],\"inLanguage\":\"es\",\"potentialAction\":[{\"@type\":\"CommentAction\",\"name\":\"Comment\",\"target\":[\"https:\\\/\\\/centrourbano.com\\\/revista\\\/construccion\\\/urgen-priorizar-obras-de-salud-educacion-y-urbanismo-en-sonora\\\/#respond\"]}]},{\"@type\":\"WebPage\",\"@id\":\"https:\\\/\\\/centrourbano.com\\\/revista\\\/construccion\\\/urgen-priorizar-obras-de-salud-educacion-y-urbanismo-en-sonora\\\/\",\"url\":\"https:\\\/\\\/centrourbano.com\\\/revista\\\/construccion\\\/urgen-priorizar-obras-de-salud-educacion-y-urbanismo-en-sonora\\\/\",\"name\":\"Urgen priorizar obras de salud, educaci\u00f3n y urbanismo en Sonora\",\"isPartOf\":{\"@id\":\"https:\\\/\\\/centrourbano.com\\\/revista\\\/#website\"},\"primaryImageOfPage\":{\"@id\":\"https:\\\/\\\/centrourbano.com\\\/revista\\\/construccion\\\/urgen-priorizar-obras-de-salud-educacion-y-urbanismo-en-sonora\\\/#primaryimage\"},\"image\":{\"@id\":\"https:\\\/\\\/centrourbano.com\\\/revista\\\/construccion\\\/urgen-priorizar-obras-de-salud-educacion-y-urbanismo-en-sonora\\\/#primaryimage\"},\"thumbnailUrl\":\"https:\\\/\\\/centrourbano.com\\\/revista\\\/wp-content\\\/uploads\\\/sonora-1.jpg\",\"datePublished\":\"2018-04-20T20:43:15+00:00\",\"dateModified\":\"2018-04-20T20:52:42+00:00\",\"description\":\"Son 949.2 millones de pesos para la inversi\u00f3n en obras p\u00fablicas\",\"breadcrumb\":{\"@id\":\"https:\\\/\\\/centrourbano.com\\\/revista\\\/construccion\\\/urgen-priorizar-obras-de-salud-educacion-y-urbanismo-en-sonora\\\/#breadcrumb\"},\"inLanguage\":\"es\",\"potentialAction\":[{\"@type\":\"ReadAction\",\"target\":[\"https:\\\/\\\/centrourbano.com\\\/revista\\\/construccion\\\/urgen-priorizar-obras-de-salud-educacion-y-urbanismo-en-sonora\\\/\"]}]},{\"@type\":\"ImageObject\",\"inLanguage\":\"es\",\"@id\":\"https:\\\/\\\/centrourbano.com\\\/revista\\\/construccion\\\/urgen-priorizar-obras-de-salud-educacion-y-urbanismo-en-sonora\\\/#primaryimage\",\"url\":\"https:\\\/\\\/centrourbano.com\\\/revista\\\/wp-content\\\/uploads\\\/sonora-1.jpg\",\"contentUrl\":\"https:\\\/\\\/centrourbano.com\\\/revista\\\/wp-content\\\/uploads\\\/sonora-1.jpg\",\"width\":560,\"height\":350,\"caption\":\"Urgen priorizar obras de salud, educaci\u00f3n y urbanismo en Sonora\"},{\"@type\":\"BreadcrumbList\",\"@id\":\"https:\\\/\\\/centrourbano.com\\\/revista\\\/construccion\\\/urgen-priorizar-obras-de-salud-educacion-y-urbanismo-en-sonora\\\/#breadcrumb\",\"itemListElement\":[{\"@type\":\"ListItem\",\"position\":1,\"name\":\"Portada\",\"item\":\"https:\\\/\\\/centrourbano.com\\\/revista\\\/\"},{\"@type\":\"ListItem\",\"position\":2,\"name\":\"Urgen priorizar obras de salud, educaci\u00f3n y urbanismo en Sonora\"}]},{\"@type\":\"WebSite\",\"@id\":\"https:\\\/\\\/centrourbano.com\\\/revista\\\/#website\",\"url\":\"https:\\\/\\\/centrourbano.com\\\/revista\\\/\",\"name\":\"Centro Urbano\",\"description\":\"Medio especializado en los sectores vivienda, inmobiliario, construcci\u00f3n, arquitectura y urbanismo.\",\"publisher\":{\"@id\":\"https:\\\/\\\/centrourbano.com\\\/revista\\\/#organization\"},\"potentialAction\":[{\"@type\":\"SearchAction\",\"target\":{\"@type\":\"EntryPoint\",\"urlTemplate\":\"https:\\\/\\\/centrourbano.com\\\/revista\\\/?s={search_term_string}\"},\"query-input\":{\"@type\":\"PropertyValueSpecification\",\"valueRequired\":true,\"valueName\":\"search_term_string\"}}],\"inLanguage\":\"es\"},{\"@type\":\"Organization\",\"@id\":\"https:\\\/\\\/centrourbano.com\\\/revista\\\/#organization\",\"name\":\"Centro Urbano\",\"url\":\"https:\\\/\\\/centrourbano.com\\\/revista\\\/\",\"logo\":{\"@type\":\"ImageObject\",\"inLanguage\":\"es\",\"@id\":\"https:\\\/\\\/centrourbano.com\\\/revista\\\/#\\\/schema\\\/logo\\\/image\\\/\",\"url\":\"https:\\\/\\\/centrourbano.com\\\/revista\\\/wp-content\\\/uploads\\\/web_CU_logo-1.png\",\"contentUrl\":\"https:\\\/\\\/centrourbano.com\\\/revista\\\/wp-content\\\/uploads\\\/web_CU_logo-1.png\",\"width\":350,\"height\":91,\"caption\":\"Centro Urbano\"},\"image\":{\"@id\":\"https:\\\/\\\/centrourbano.com\\\/revista\\\/#\\\/schema\\\/logo\\\/image\\\/\"},\"sameAs\":[\"https:\\\/\\\/www.facebook.com\\\/portalcentrourbano\",\"https:\\\/\\\/x.com\\\/CentroUrbano\",\"https:\\\/\\\/www.instagram.com\\\/centro_urbano\\\/\",\"https:\\\/\\\/www.linkedin.com\\\/company\\\/centro-urbano\\\/\",\"http:\\\/\\\/www.youtube.com\\\/user\\\/portalcentrourbano\"]},{\"@type\":\"Person\",\"@id\":\"https:\\\/\\\/centrourbano.com\\\/revista\\\/#\\\/schema\\\/person\\\/1d952c872f21e733a753a18cc4b5298a\",\"name\":\"Karla Esperanza\",\"image\":{\"@type\":\"ImageObject\",\"inLanguage\":\"es\",\"@id\":\"https:\\\/\\\/secure.gravatar.com\\\/avatar\\\/bea847a7925ef868d37c5a55ab5e341c9e769fab11b85a359090daa4d6fb4a2e?s=96&d=mm&r=g\",\"url\":\"https:\\\/\\\/secure.gravatar.com\\\/avatar\\\/bea847a7925ef868d37c5a55ab5e341c9e769fab11b85a359090daa4d6fb4a2e?s=96&d=mm&r=g\",\"contentUrl\":\"https:\\\/\\\/secure.gravatar.com\\\/avatar\\\/bea847a7925ef868d37c5a55ab5e341c9e769fab11b85a359090daa4d6fb4a2e?s=96&d=mm&r=g\",\"caption\":\"Karla Esperanza\"},\"url\":\"https:\\\/\\\/centrourbano.com\\\/revista\\\/author\\\/karla-esperanza\\\/\"}]}<\/script>\n<!-- \/ Yoast SEO plugin. -->","yoast_head_json":{"title":"Urgen priorizar obras de salud, educaci\u00f3n y urbanismo en Sonora","description":"Son 949.2 millones de pesos para la inversi\u00f3n en obras p\u00fablicas","robots":{"index":"index","follow":"follow","max-snippet":"max-snippet:-1","max-image-preview":"max-image-preview:large","max-video-preview":"max-video-preview:-1"},"canonical":"https:\/\/centrourbano.com\/revista\/construccion\/urgen-priorizar-obras-de-salud-educacion-y-urbanismo-en-sonora\/","og_locale":"es_ES","og_type":"article","og_title":"Urgen priorizar obras de salud, educaci\u00f3n y urbanismo en Sonora","og_description":"Son 949.2 millones de pesos para la inversi\u00f3n en obras p\u00fablicas","og_url":"https:\/\/centrourbano.com\/revista\/construccion\/urgen-priorizar-obras-de-salud-educacion-y-urbanismo-en-sonora\/","og_site_name":"Centro Urbano","article_publisher":"https:\/\/www.facebook.com\/portalcentrourbano","article_published_time":"2018-04-20T20:43:15+00:00","article_modified_time":"2018-04-20T20:52:42+00:00","og_image":[{"width":560,"height":350,"url":"https:\/\/centrourbano.com\/revista\/wp-content\/uploads\/sonora-1.jpg","type":"image\/jpeg"}],"author":"Karla Esperanza","twitter_card":"summary_large_image","twitter_creator":"@CentroUrbano","twitter_site":"@CentroUrbano","twitter_misc":{"Escrito por":"Karla Esperanza","Tiempo de lectura":"1 minuto"},"schema":{"@context":"https:\/\/schema.org","@graph":[{"@type":"Article","@id":"https:\/\/centrourbano.com\/revista\/construccion\/urgen-priorizar-obras-de-salud-educacion-y-urbanismo-en-sonora\/#article","isPartOf":{"@id":"https:\/\/centrourbano.com\/revista\/construccion\/urgen-priorizar-obras-de-salud-educacion-y-urbanismo-en-sonora\/"},"author":{"name":"Karla Esperanza","@id":"https:\/\/centrourbano.com\/revista\/#\/schema\/person\/1d952c872f21e733a753a18cc4b5298a"},"headline":"Urgen priorizar obras de salud, educaci\u00f3n y urbanismo en Sonora","datePublished":"2018-04-20T20:43:15+00:00","dateModified":"2018-04-20T20:52:42+00:00","mainEntityOfPage":{"@id":"https:\/\/centrourbano.com\/revista\/construccion\/urgen-priorizar-obras-de-salud-educacion-y-urbanismo-en-sonora\/"},"wordCount":252,"commentCount":0,"publisher":{"@id":"https:\/\/centrourbano.com\/revista\/#organization"},"image":{"@id":"https:\/\/centrourbano.com\/revista\/construccion\/urgen-priorizar-obras-de-salud-educacion-y-urbanismo-en-sonora\/#primaryimage"},"thumbnailUrl":"https:\/\/centrourbano.com\/revista\/wp-content\/uploads\/sonora-1.jpg","keywords":["construcci\u00f3n","Educaci\u00f3n","Hospital de Especialidades","Obras","salud","Sonora"],"articleSection":["Construcci\u00f3n"],"inLanguage":"es","potentialAction":[{"@type":"CommentAction","name":"Comment","target":["https:\/\/centrourbano.com\/revista\/construccion\/urgen-priorizar-obras-de-salud-educacion-y-urbanismo-en-sonora\/#respond"]}]},{"@type":"WebPage","@id":"https:\/\/centrourbano.com\/revista\/construccion\/urgen-priorizar-obras-de-salud-educacion-y-urbanismo-en-sonora\/","url":"https:\/\/centrourbano.com\/revista\/construccion\/urgen-priorizar-obras-de-salud-educacion-y-urbanismo-en-sonora\/","name":"Urgen priorizar obras de salud, educaci\u00f3n y urbanismo en Sonora","isPartOf":{"@id":"https:\/\/centrourbano.com\/revista\/#website"},"primaryImageOfPage":{"@id":"https:\/\/centrourbano.com\/revista\/construccion\/urgen-priorizar-obras-de-salud-educacion-y-urbanismo-en-sonora\/#primaryimage"},"image":{"@id":"https:\/\/centrourbano.com\/revista\/construccion\/urgen-priorizar-obras-de-salud-educacion-y-urbanismo-en-sonora\/#primaryimage"},"thumbnailUrl":"https:\/\/centrourbano.com\/revista\/wp-content\/uploads\/sonora-1.jpg","datePublished":"2018-04-20T20:43:15+00:00","dateModified":"2018-04-20T20:52:42+00:00","description":"Son 949.2 millones de pesos para la inversi\u00f3n en obras p\u00fablicas","breadcrumb":{"@id":"https:\/\/centrourbano.com\/revista\/construccion\/urgen-priorizar-obras-de-salud-educacion-y-urbanismo-en-sonora\/#breadcrumb"},"inLanguage":"es","potentialAction":[{"@type":"ReadAction","target":["https:\/\/centrourbano.com\/revista\/construccion\/urgen-priorizar-obras-de-salud-educacion-y-urbanismo-en-sonora\/"]}]},{"@type":"ImageObject","inLanguage":"es","@id":"https:\/\/centrourbano.com\/revista\/construccion\/urgen-priorizar-obras-de-salud-educacion-y-urbanismo-en-sonora\/#primaryimage","url":"https:\/\/centrourbano.com\/revista\/wp-content\/uploads\/sonora-1.jpg","contentUrl":"https:\/\/centrourbano.com\/revista\/wp-content\/uploads\/sonora-1.jpg","width":560,"height":350,"caption":"Urgen priorizar obras de salud, educaci\u00f3n y urbanismo en Sonora"},{"@type":"BreadcrumbList","@id":"https:\/\/centrourbano.com\/revista\/construccion\/urgen-priorizar-obras-de-salud-educacion-y-urbanismo-en-sonora\/#breadcrumb","itemListElement":[{"@type":"ListItem","position":1,"name":"Portada","item":"https:\/\/centrourbano.com\/revista\/"},{"@type":"ListItem","position":2,"name":"Urgen priorizar obras de salud, educaci\u00f3n y urbanismo en Sonora"}]},{"@type":"WebSite","@id":"https:\/\/centrourbano.com\/revista\/#website","url":"https:\/\/centrourbano.com\/revista\/","name":"Centro Urbano","description":"Medio especializado en los sectores vivienda, inmobiliario, construcci\u00f3n, arquitectura y urbanismo.","publisher":{"@id":"https:\/\/centrourbano.com\/revista\/#organization"},"potentialAction":[{"@type":"SearchAction","target":{"@type":"EntryPoint","urlTemplate":"https:\/\/centrourbano.com\/revista\/?s={search_term_string}"},"query-input":{"@type":"PropertyValueSpecification","valueRequired":true,"valueName":"search_term_string"}}],"inLanguage":"es"},{"@type":"Organization","@id":"https:\/\/centrourbano.com\/revista\/#organization","name":"Centro Urbano","url":"https:\/\/centrourbano.com\/revista\/","logo":{"@type":"ImageObject","inLanguage":"es","@id":"https:\/\/centrourbano.com\/revista\/#\/schema\/logo\/image\/","url":"https:\/\/centrourbano.com\/revista\/wp-content\/uploads\/web_CU_logo-1.png","contentUrl":"https:\/\/centrourbano.com\/revista\/wp-content\/uploads\/web_CU_logo-1.png","width":350,"height":91,"caption":"Centro Urbano"},"image":{"@id":"https:\/\/centrourbano.com\/revista\/#\/schema\/logo\/image\/"},"sameAs":["https:\/\/www.facebook.com\/portalcentrourbano","https:\/\/x.com\/CentroUrbano","https:\/\/www.instagram.com\/centro_urbano\/","https:\/\/www.linkedin.com\/company\/centro-urbano\/","http:\/\/www.youtube.com\/user\/portalcentrourbano"]},{"@type":"Person","@id":"https:\/\/centrourbano.com\/revista\/#\/schema\/person\/1d952c872f21e733a753a18cc4b5298a","name":"Karla Esperanza","image":{"@type":"ImageObject","inLanguage":"es","@id":"https:\/\/secure.gravatar.com\/avatar\/bea847a7925ef868d37c5a55ab5e341c9e769fab11b85a359090daa4d6fb4a2e?s=96&d=mm&r=g","url":"https:\/\/secure.gravatar.com\/avatar\/bea847a7925ef868d37c5a55ab5e341c9e769fab11b85a359090daa4d6fb4a2e?s=96&d=mm&r=g","contentUrl":"https:\/\/secure.gravatar.com\/avatar\/bea847a7925ef868d37c5a55ab5e341c9e769fab11b85a359090daa4d6fb4a2e?s=96&d=mm&r=g","caption":"Karla Esperanza"},"url":"https:\/\/centrourbano.com\/revista\/author\/karla-esperanza\/"}]}},"_links":{"self":[{"href":"https:\/\/centrourbano.com\/revista\/wp-json\/wp\/v2\/posts\/70321","targetHints":{"allow":["GET"]}}],"collection":[{"href":"https:\/\/centrourbano.com\/revista\/wp-json\/wp\/v2\/posts"}],"about":[{"href":"https:\/\/centrourbano.com\/revista\/wp-json\/wp\/v2\/types\/post"}],"author":[{"embeddable":true,"href":"https:\/\/centrourbano.com\/revista\/wp-json\/wp\/v2\/users\/64"}],"replies":[{"embeddable":true,"href":"https:\/\/centrourbano.com\/revista\/wp-json\/wp\/v2\/comments?post=70321"}],"version-history":[{"count":2,"href":"https:\/\/centrourbano.com\/revista\/wp-json\/wp\/v2\/posts\/70321\/revisions"}],"predecessor-version":[{"id":70327,"href":"https:\/\/centrourbano.com\/revista\/wp-json\/wp\/v2\/posts\/70321\/revisions\/70327"}],"wp:featuredmedia":[{"embeddable":true,"href":"https:\/\/centrourbano.com\/revista\/wp-json\/wp\/v2\/media\/70322"}],"wp:attachment":[{"href":"https:\/\/centrourbano.com\/revista\/wp-json\/wp\/v2\/media?parent=70321"}],"wp:term":[{"taxonomy":"category","embeddable":true,"href":"https:\/\/centrourbano.com\/revista\/wp-json\/wp\/v2\/categories?post=70321"},{"taxonomy":"post_tag","embeddable":true,"href":"https:\/\/centrourbano.com\/revista\/wp-json\/wp\/v2\/tags?post=70321"}],"curies":[{"name":"wp","href":"https:\/\/api.w.org\/{rel}","templated":true}]}}