{"id":69913,"date":"2018-04-13T12:52:37","date_gmt":"2018-04-13T17:52:37","guid":{"rendered":"https:\/\/centrourbano.com\/?p=69913"},"modified":"2018-04-13T13:47:15","modified_gmt":"2018-04-13T18:47:15","slug":"arquitectura-las-siete-maravillas-del-mundo-moderno","status":"publish","type":"post","link":"https:\/\/centrourbano.com\/revista\/reportajes\/arquitectura-las-siete-maravillas-del-mundo-moderno\/","title":{"rendered":"Arquitectura de las Siete Maravillas del Mundo Moderno"},"content":{"rendered":"<p><em>Las siete maravillas del mundo resultaron ganadoras mediante el concurso de \u201cNew Open World Corporation\u201d en 2007<\/em><!--more--><\/p>\n<p>Las construcciones conocidas como \u201clas siete maravillas del mundo moderno\u201cson las ganadoras de un concurso realizado por la empresa \u201cNew Open World Corporation\u201c. La idea del concurso se bas\u00f3 en la antigua lista de las siete maravillas del mundo antiguo. Dichas construcciones fueron escogidas en una votaci\u00f3n mundial, donde se eligieron las que se consideraran como: las siete construcciones m\u00e1s sorprendentes del mundo.<\/p>\n<p>Estas fueron las siete maravillas del mundo moderno que fueron seleccionadas por el concurso, obras en las que se destaca su arquitectura, su dise\u00f1o, materiales de construcci\u00f3n, \u00e9poca en la que surgieron y datos interesantes de cada uno de ellos.<\/p>\n<p><strong>Chichen Itz\u00e1<\/strong><\/p>\n<p>Es un sitio arqueol\u00f3gico maya localizado en Yucat\u00e1n, M\u00e9xico en donde sobresale la pir\u00e1mide de Kukulc\u00e1n y otras piezas arquitect\u00f3nicas, como: El templo de los guerreros y de las mil columnas; El observatorio \u201cCaracol\u201d, entre otros.<\/p>\n<p>Las edificaciones que conforman el sitio de Chich\u00e9n Itz\u00e1 muestran un gran n\u00famero de elementos arquitect\u00f3nicos e iconogr\u00e1ficos que algunos historiadores llaman mexicanizados y se cree que est\u00e1n construidos de roca caliza y que en la actualidad no pierde el estilo ni la originalidad.<a href=\"https:\/\/centrourbano.com\/revista\/wp-content\/uploads\/Chichen.jpg\"><img loading=\"lazy\" decoding=\"async\" class=\" wp-image-69915 alignright\" src=\"https:\/\/centrourbano.com\/revista\/wp-content\/uploads\/Chichen-300x169.jpg\" alt=\"\" width=\"351\" height=\"198\" srcset=\"https:\/\/centrourbano.com\/revista\/wp-content\/uploads\/Chichen-300x169.jpg 300w, https:\/\/centrourbano.com\/revista\/wp-content\/uploads\/Chichen-768x432.jpg 768w, https:\/\/centrourbano.com\/revista\/wp-content\/uploads\/Chichen-1024x576.jpg 1024w, https:\/\/centrourbano.com\/revista\/wp-content\/uploads\/Chichen.jpg 1600w\" sizes=\"auto, (max-width: 351px) 100vw, 351px\" \/><\/a><\/p>\n<p>El sitio m\u00e1s visitado por los turistas es la Pir\u00e1mide de Kukulc\u00e1n. Es una pir\u00e1mide de cuatro lados que culmina en un templo rectangular. Se asienta sobre una plataforma de 55.5 metros de ancho y tiene una altura de 24 metros. Cada lado de la pir\u00e1mide tiene 91 escalones y uno m\u00e1s que conduce al templo superior, dando 365 escalones en total, uno por cada d\u00eda del a\u00f1o.<\/p>\n<p>Balaustradas de piedra flanquean cada escalera, y en la base de la escalinata norte se asientan dos colosales cabezas de serpientes emplumadas, efigies del dios Kukulc\u00e1n.<\/p>\n<p><strong>La Gran Muralla <\/strong><\/p>\n<p>Es una fortificaci\u00f3n localizada en China y que fue construida principalmente para proteger al imperio chino de los ataques de los n\u00f3madas xiongnu de Manchuria y Mongolia.<\/p>\n<p>El material empleado para su construcci\u00f3n fue b\u00e1sicamente piedra caliza. Aunque en otros sitios se utiliz\u00f3 granito o ladrillo cocido. La muralla es una larga tapia de arcilla y arena cubierta con varias paredes de ladrillo. Eso la hizo muy resistente a los impactos de armas de asedio.<\/p>\n<p>El dise\u00f1o y la ubicac<a href=\"https:\/\/centrourbano.com\/revista\/wp-content\/uploads\/muralla-china.jpg\"><img loading=\"lazy\" decoding=\"async\" class=\" wp-image-69916 alignleft\" src=\"https:\/\/centrourbano.com\/revista\/wp-content\/uploads\/muralla-china-300x169.jpg\" alt=\"\" width=\"297\" height=\"167\" srcset=\"https:\/\/centrourbano.com\/revista\/wp-content\/uploads\/muralla-china-300x169.jpg 300w, https:\/\/centrourbano.com\/revista\/wp-content\/uploads\/muralla-china-768x432.jpg 768w, https:\/\/centrourbano.com\/revista\/wp-content\/uploads\/muralla-china-1024x576.jpg 1024w\" sizes=\"auto, (max-width: 297px) 100vw, 297px\" \/><\/a>i\u00f3n de las torres de vigilancia, cuarteles y los pasajes eran seleccionados con base a las estrategias de los habitantes de la regi\u00f3n. Las paredes se construyeron en capas alternas de grava triturada y ca\u00f1as, fueron cubiertas con arcilla para ser protegidas de la erosi\u00f3n y hacerla m\u00e1s dif\u00edcil de escalar.<\/p>\n<p>Aunque actualmente solo se cuenta con el 30% del largo de la muralla original, se calcula que tomando todas sus construcciones secundarias y ramificaciones, tuvo una longitud de alrededor de 8,851 kil\u00f3metros y en promedio mide 4 a 5 metros de ancho y de 6 a 7 de alto.<\/p>\n<p>&nbsp;<\/p>\n<p><strong>La Ciudad de Petra<\/strong><\/p>\n<p>Es una ciudad esculpida en piedra localizada en Jordania y hecha por los nabateos.Los numerosos edificios cuyas fachadas est\u00e1n directamente esculpidas en la roca, forman un conjunto monumental \u00fanico, que a partir de 1985 est\u00e1 inscrito en la Lista del Patrimonio Mundial de la Unesco.<\/p>\n<p>Petra es piedra para los griegos, los monumentos m\u00e1s conocidos de esta ciudad son: la Tesorer\u00eda y el Templo de los leones alados. Actualmente hay territorios des\u00e9rticos pero que antes eran importantes zonas comerciales y que a\u00fan conservan restos arquitect\u00f3nicos de aquella \u00e9poca que convierten a Petra en los lugares m\u00e1s impresionantes <a href=\"https:\/\/centrourbano.com\/revista\/wp-content\/uploads\/Petra.jpg\"><img loading=\"lazy\" decoding=\"async\" class=\" wp-image-69917 alignright\" src=\"https:\/\/centrourbano.com\/revista\/wp-content\/uploads\/Petra-300x168.jpg\" alt=\"\" width=\"336\" height=\"188\" srcset=\"https:\/\/centrourbano.com\/revista\/wp-content\/uploads\/Petra-300x168.jpg 300w, https:\/\/centrourbano.com\/revista\/wp-content\/uploads\/Petra.jpg 730w\" sizes=\"auto, (max-width: 336px) 100vw, 336px\" \/><\/a>de todas las ciudades del territorio oriental.<\/p>\n<p>Los nabateos excavaron habitaciones en la roca: con fachadas lisas, con una puerta en la parte inferior y uno o dos cortes en forma de escalera. Se trata de una adaptaci\u00f3n nabatea de las tumbas sirias e hizo que se inspiraran en sus estilos, especialmente en el de Alejandr\u00eda.<\/p>\n<p>Alrededor de Petra se encuentran tumbas excavadas en la roca. Tambi\u00e9n est\u00e1 construido un teatro hecho por los mismos nabateos y con capacidad para albergar a 3000 espectadores. Y despu\u00e9s los romanos ampliaron su capacidad.<\/p>\n<p><strong>El Coliseo de Roma<\/strong><\/p>\n<p>Es un edificio emblem\u00e1tico del Imperio Romano localizado en Italia. En la antig\u00fcedad pose\u00eda un aforo para unos 50,000 espectadores aproximadamente y con 80 filas de gradas.\u200b Los que estaban cerca de la arena eran el Emperador y los senadores.<\/p>\n<p>En el Coliseo ten\u00edan lug<a href=\"https:\/\/centrourbano.com\/revista\/wp-content\/uploads\/Coliseo-Roma.jpg\"><img loading=\"lazy\" decoding=\"async\" class=\" wp-image-69918 alignleft\" src=\"https:\/\/centrourbano.com\/revista\/wp-content\/uploads\/Coliseo-Roma-300x200.jpg\" alt=\"\" width=\"355\" height=\"236\" srcset=\"https:\/\/centrourbano.com\/revista\/wp-content\/uploads\/Coliseo-Roma-300x200.jpg 300w, https:\/\/centrourbano.com\/revista\/wp-content\/uploads\/Coliseo-Roma.jpg 600w\" sizes=\"auto, (max-width: 355px) 100vw, 355px\" \/><\/a>ar para luchas de gladiadores y espect\u00e1culos p\u00fablicos. La obras para su construcci\u00f3n empezaron entre 70 d. C. y 72 d. C. Los materiales empleados eran b\u00e1sicamente bloques de travertinos, hormig\u00f3n, madera, ladrillo, piedra, m\u00e1rmol y estuco.<\/p>\n<p>Actualmente la estructura est\u00e1 seriamente da\u00f1ada debido a los terremotos y los picapedreros. El Coliseo siempre ha sido visto como un icono de la Roma Imperial y es uno de los ejemplos mejor conservados de la arquitectura romana.<\/p>\n<p>Adem\u00e1s, en la fase de construcci\u00f3n se utilizaron las m\u00e1s variadas t\u00e9cnicas. Las pilastras y los arcos son de travertino colocado sin argamasa, en las partes inferiores y en los s\u00f3tanos se emple\u00f3 la toba. Las b\u00f3vedas que sostienen la c\u00e1vea se hicieron vertiendo argamasa de cemento directamente sobre cimbras de madera.<\/p>\n<p>Tambi\u00e9n, la fachada se articula en cuatro \u00f3rdenes, cuyas alturas no se corresponden con los pisos interiores. Las tres \u00f3rdenes inferiores forman 80 arcos sobre pilastras y con semicolumnas adosadas que soportan un entablamento decorativo.<\/p>\n<p><strong>Machu Picchu<\/strong><\/p>\n<p>Es una ciudad construida en las monta\u00f1as rocosas de Per\u00fa, que data del siglo XV y muchos lo llaman \u201cLa ciudad de las nubes\u201d, porque se encuentra a m\u00e1s de 2,500 metros sobre el nivel medio del mar.<\/p>\n<p>El sitio se compone principalmente de 150 edificios que fueron construidos de granito para que sus ruinas se vieran como parte de las monta\u00f1as. Los bloques regulares de tipo Inca fueron hechos tambi\u00e9n de granito y muchas de estas edificaciones ten\u00edan puertas trapezoidales y techos de paja.<a href=\"https:\/\/centrourbano.com\/revista\/wp-content\/uploads\/machu-picchu.jpg\"><img loading=\"lazy\" decoding=\"async\" class=\" wp-image-69919 alignright\" src=\"https:\/\/centrourbano.com\/revista\/wp-content\/uploads\/machu-picchu-300x172.jpg\" alt=\"\" width=\"351\" height=\"201\" srcset=\"https:\/\/centrourbano.com\/revista\/wp-content\/uploads\/machu-picchu-300x172.jpg 300w, https:\/\/centrourbano.com\/revista\/wp-content\/uploads\/machu-picchu-768x441.jpg 768w, https:\/\/centrourbano.com\/revista\/wp-content\/uploads\/machu-picchu.jpg 924w\" sizes=\"auto, (max-width: 351px) 100vw, 351px\" \/><\/a><\/p>\n<p>Todas las construcciones conservadas son de granito color blanco, compuesto en un 60% por feldespato, un 30% de cuarzo y un 10% de mica. Todo el material proced\u00eda de las\u00a0canteras ubicadas en los alrededores del sitio inca.<\/p>\n<p>Algunas construcciones que encontrar\u00e1s en Machu Picchu son: El Templo del Sol, la pir\u00e1mide de Intahuatana, las fuentes lit\u00fargicas, el templo principal, la tumba real de Machu Picchu, el palacio de la princesa, la plaza sagrada, entre otras edificaciones.<\/p>\n<p>Machu Picchu es considerada una obra maestra de la arquitectura y la ingenier\u00eda, debido a \u200bsus peculiares caracter\u00edsticas arquitect\u00f3nicas y paisaj\u00edsticas lo que lo han convertido en uno de los destinos tur\u00edsticos m\u00e1s populares del planeta.<\/p>\n<p><strong>Cristo Redentor<\/strong><\/p>\n<p>Es una gran estatua de Cristo de Nazaret, situada en la cima del cerro de Corcovado y hecha por el escultor franc\u00e9s Paul Landowski. La escultura est\u00e1 parada, con los brazos abiertos y mirando hacia la ciudad y el puerto de R\u00edo de Janeiro, en Brasil. Mide aproximadamente 30 metros de altura, pesa m\u00e1s de 1,000 toneladas y fue inaugurada en 1931 despu\u00e9s de cinco a\u00f1os de construcci\u00f3n. La idea de construirla empez\u00f3 a finales del siglo XIX con el fin de que fuera el punto de reuni\u00f3n de los creyentes de la religi\u00f3n cat\u00f3lica en aquella \u00e9poca.<\/p>\n<p>El proceso de construcci<a href=\"https:\/\/centrourbano.com\/revista\/wp-content\/uploads\/cristo-reden.jpg\"><img loading=\"lazy\" decoding=\"async\" class=\"size-medium wp-image-69920 alignleft\" src=\"https:\/\/centrourbano.com\/revista\/wp-content\/uploads\/cristo-reden-300x201.jpg\" alt=\"\" width=\"300\" height=\"201\" srcset=\"https:\/\/centrourbano.com\/revista\/wp-content\/uploads\/cristo-reden-300x201.jpg 300w, https:\/\/centrourbano.com\/revista\/wp-content\/uploads\/cristo-reden.jpg 700w\" sizes=\"auto, (max-width: 300px) 100vw, 300px\" \/><\/a>\u00f3n inici\u00f3 con el transporte del material hasta la c\u00faspide del cerro, a trav\u00e9s de un ferrocarril que transportaba pasajeros hacia el mirador y que durante 4 a\u00f1os llev\u00f3 todo lo necesario para realizar la obra.<\/p>\n<p>Para la construcci\u00f3n del Cristo, se realiz\u00f3 una estructura interna de 4 columnas y diversas plantas para sujetar la estructura externa. Una vez realizada, se procedi\u00f3 al izaje de la cabeza.<\/p>\n<p>De la misma manera, se realiz\u00f3 la construcci\u00f3n de los brazos que por sus dimensiones exced\u00edan las de la base que soportaba la estructura lo que no permiti\u00f3 que se pudieran apoyar en su totalidad los andamios para darle forma a las extremidades.<\/p>\n<p>Por esto, una parte de la construcci\u00f3n debi\u00f3 hacerse sobre el precipicio de m\u00e1s de 700 metros del Corcovado, lo cual represent\u00f3 un enorme desaf\u00edo dado que para la \u00e9poca, la seguridad industrial no garantizaba la integridad de los trabajadores.<\/p>\n<p><strong>Taj Mahal<\/strong><\/p>\n<p>Es otro lugar considerado parte de las siete maravillas del mundo, est\u00e1 localizado en la India y es un mausoleo que fue construido por el emperador Shah Jahan, que despu\u00e9s de la muerte de su esposa, gast\u00f3 toda su fortuna construyendo tan dichoso palacio.<a href=\"https:\/\/centrourbano.com\/revista\/wp-content\/uploads\/Taj-Majal.png\"><img loading=\"lazy\" decoding=\"async\" class=\" wp-image-69921 alignright\" src=\"https:\/\/centrourbano.com\/revista\/wp-content\/uploads\/Taj-Majal-300x188.png\" alt=\"\" width=\"281\" height=\"176\" srcset=\"https:\/\/centrourbano.com\/revista\/wp-content\/uploads\/Taj-Majal-300x188.png 300w, https:\/\/centrourbano.com\/revista\/wp-content\/uploads\/Taj-Majal-768x480.png 768w, https:\/\/centrourbano.com\/revista\/wp-content\/uploads\/Taj-Majal-1024x640.png 1024w, https:\/\/centrourbano.com\/revista\/wp-content\/uploads\/Taj-Majal-171x108.png 171w, https:\/\/centrourbano.com\/revista\/wp-content\/uploads\/Taj-Majal.png 1080w\" sizes=\"auto, (max-width: 281px) 100vw, 281px\" \/><\/a><\/p>\n<p>El Taj Mahal es un conjunto amurallado de edificios que ocupa 17 hect\u00e1reas. Para su construcci\u00f3n se emplearon los m\u00e1s lujosos materiales, que inclu\u00edan jades, zafiros, malaquitas, cuarzos, diamantes, entre otros materiales preciosos. Adem\u00e1s lo envuelve una c\u00fapula de m\u00e1rmol blanco y es considerado el m\u00e1s bello ejemplo de palacio, estilo que combina elementos de las arquitecturas isl\u00e1mica, persa, india e incluso turca.<\/p>\n<p>Rodeado de amplios jardines, una muralla de arenisca roja con una puerta de entrada, un patio de 300 metros de ancho y una mezquita. Cada secci\u00f3n del jard\u00edn est\u00e1 dividida por senderos en 16 canteros de flores, con un estanque central de m\u00e1rmol a medio camino entre la entrada y el mausoleo.<\/p>\n<p>En su interior, se observar\u00e1 su arquitectura mongol de la \u00e9poca, decoraciones desde dibujos, incrustaciones, alfarer\u00eda, joyer\u00eda, textos caligr\u00e1ficos, dise\u00f1os sobre relieve, entre otros dise\u00f1os que datan desde sus inicios.<\/p>\n","protected":false},"excerpt":{"rendered":"<p>Las siete maravillas del mundo resultaron ganadoras mediante el concurso de \u201cNew Open World Corporation\u201d en 2007<\/p>\n","protected":false},"author":60,"featured_media":69914,"comment_status":"open","ping_status":"closed","sticky":false,"template":"","format":"standard","meta":{"om_disable_all_campaigns":false,"inline_featured_image":false,"_monsterinsights_skip_tracking":false,"_monsterinsights_sitenote_active":false,"_monsterinsights_sitenote_note":"","_monsterinsights_sitenote_category":0,"footnotes":""},"categories":[16],"tags":[20,2512,13156,13154,13157,13151,13153,13152,13155],"class_list":["post-69913","post","type-post","status-publish","format-standard","has-post-thumbnail","hentry","category-reportajes","tag-arquitectura","tag-chichen-itza","tag-cristo-redentor","tag-la-gran-muralla","tag-machu-picchu","tag-new-open-world-corporation","tag-petra","tag-siete-maravillas-del-mundo-moderno","tag-taj-mahal"],"yoast_head":"<!-- This site is optimized with the Yoast SEO plugin v27.5 - https:\/\/yoast.com\/product\/yoast-seo-wordpress\/ -->\n<title>Arquitectura de las Siete Maravillas del Mundo Moderno<\/title>\n<meta name=\"description\" content=\"Las siete maravillas del mundo resultaron ganadoras mediante el concurso de \u201cNew Open World Corporation\u201d en 2007\" \/>\n<meta name=\"robots\" content=\"index, follow, max-snippet:-1, max-image-preview:large, max-video-preview:-1\" \/>\n<link rel=\"canonical\" href=\"https:\/\/centrourbano.com\/revista\/reportajes\/arquitectura-las-siete-maravillas-del-mundo-moderno\/\" \/>\n<meta property=\"og:locale\" content=\"es_ES\" \/>\n<meta property=\"og:type\" content=\"article\" \/>\n<meta property=\"og:title\" content=\"Arquitectura de las Siete Maravillas del Mundo Moderno\" \/>\n<meta property=\"og:description\" content=\"Las siete maravillas del mundo resultaron ganadoras mediante el concurso de \u201cNew Open World Corporation\u201d en 2007\" \/>\n<meta property=\"og:url\" content=\"https:\/\/centrourbano.com\/revista\/reportajes\/arquitectura-las-siete-maravillas-del-mundo-moderno\/\" \/>\n<meta property=\"og:site_name\" content=\"Centro Urbano\" \/>\n<meta property=\"article:publisher\" content=\"https:\/\/www.facebook.com\/portalcentrourbano\" \/>\n<meta property=\"article:published_time\" content=\"2018-04-13T17:52:37+00:00\" \/>\n<meta property=\"article:modified_time\" content=\"2018-04-13T18:47:15+00:00\" \/>\n<meta property=\"og:image\" content=\"https:\/\/centrourbano.com\/revista\/wp-content\/uploads\/7-maravillas-portada.jpg\" \/>\n\t<meta property=\"og:image:width\" content=\"720\" \/>\n\t<meta property=\"og:image:height\" content=\"479\" \/>\n\t<meta property=\"og:image:type\" content=\"image\/jpeg\" \/>\n<meta name=\"author\" content=\"Donovan Colindres\" \/>\n<meta name=\"twitter:card\" content=\"summary_large_image\" \/>\n<meta name=\"twitter:creator\" content=\"@CentroUrbano\" \/>\n<meta name=\"twitter:site\" content=\"@CentroUrbano\" \/>\n<meta name=\"twitter:label1\" content=\"Escrito por\" \/>\n\t<meta name=\"twitter:data1\" content=\"Donovan Colindres\" \/>\n\t<meta name=\"twitter:label2\" content=\"Tiempo de lectura\" \/>\n\t<meta name=\"twitter:data2\" content=\"8 minutos\" \/>\n<script type=\"application\/ld+json\" class=\"yoast-schema-graph\">{\"@context\":\"https:\\\/\\\/schema.org\",\"@graph\":[{\"@type\":\"Article\",\"@id\":\"https:\\\/\\\/centrourbano.com\\\/revista\\\/reportajes\\\/arquitectura-las-siete-maravillas-del-mundo-moderno\\\/#article\",\"isPartOf\":{\"@id\":\"https:\\\/\\\/centrourbano.com\\\/revista\\\/reportajes\\\/arquitectura-las-siete-maravillas-del-mundo-moderno\\\/\"},\"author\":{\"name\":\"Donovan Colindres\",\"@id\":\"https:\\\/\\\/centrourbano.com\\\/revista\\\/#\\\/schema\\\/person\\\/8c196d8a1894aded235b29ceab1b2f43\"},\"headline\":\"Arquitectura de las Siete Maravillas del Mundo Moderno\",\"datePublished\":\"2018-04-13T17:52:37+00:00\",\"dateModified\":\"2018-04-13T18:47:15+00:00\",\"mainEntityOfPage\":{\"@id\":\"https:\\\/\\\/centrourbano.com\\\/revista\\\/reportajes\\\/arquitectura-las-siete-maravillas-del-mundo-moderno\\\/\"},\"wordCount\":1623,\"commentCount\":0,\"publisher\":{\"@id\":\"https:\\\/\\\/centrourbano.com\\\/revista\\\/#organization\"},\"image\":{\"@id\":\"https:\\\/\\\/centrourbano.com\\\/revista\\\/reportajes\\\/arquitectura-las-siete-maravillas-del-mundo-moderno\\\/#primaryimage\"},\"thumbnailUrl\":\"https:\\\/\\\/centrourbano.com\\\/revista\\\/wp-content\\\/uploads\\\/7-maravillas-portada.jpg\",\"keywords\":[\"arquitectura\",\"Chichen Itz\u00e1\",\"Cristo Redentor\",\"La gran muralla\",\"Machu Picchu\",\"New Open World Corporation\",\"Petra\",\"siete maravillas del mundo moderno\",\"Taj Mahal\"],\"articleSection\":[\"Reportajes\"],\"inLanguage\":\"es\",\"potentialAction\":[{\"@type\":\"CommentAction\",\"name\":\"Comment\",\"target\":[\"https:\\\/\\\/centrourbano.com\\\/revista\\\/reportajes\\\/arquitectura-las-siete-maravillas-del-mundo-moderno\\\/#respond\"]}]},{\"@type\":\"WebPage\",\"@id\":\"https:\\\/\\\/centrourbano.com\\\/revista\\\/reportajes\\\/arquitectura-las-siete-maravillas-del-mundo-moderno\\\/\",\"url\":\"https:\\\/\\\/centrourbano.com\\\/revista\\\/reportajes\\\/arquitectura-las-siete-maravillas-del-mundo-moderno\\\/\",\"name\":\"Arquitectura de las Siete Maravillas del Mundo Moderno\",\"isPartOf\":{\"@id\":\"https:\\\/\\\/centrourbano.com\\\/revista\\\/#website\"},\"primaryImageOfPage\":{\"@id\":\"https:\\\/\\\/centrourbano.com\\\/revista\\\/reportajes\\\/arquitectura-las-siete-maravillas-del-mundo-moderno\\\/#primaryimage\"},\"image\":{\"@id\":\"https:\\\/\\\/centrourbano.com\\\/revista\\\/reportajes\\\/arquitectura-las-siete-maravillas-del-mundo-moderno\\\/#primaryimage\"},\"thumbnailUrl\":\"https:\\\/\\\/centrourbano.com\\\/revista\\\/wp-content\\\/uploads\\\/7-maravillas-portada.jpg\",\"datePublished\":\"2018-04-13T17:52:37+00:00\",\"dateModified\":\"2018-04-13T18:47:15+00:00\",\"description\":\"Las siete maravillas del mundo resultaron ganadoras mediante el concurso de \u201cNew Open World Corporation\u201d en 2007\",\"breadcrumb\":{\"@id\":\"https:\\\/\\\/centrourbano.com\\\/revista\\\/reportajes\\\/arquitectura-las-siete-maravillas-del-mundo-moderno\\\/#breadcrumb\"},\"inLanguage\":\"es\",\"potentialAction\":[{\"@type\":\"ReadAction\",\"target\":[\"https:\\\/\\\/centrourbano.com\\\/revista\\\/reportajes\\\/arquitectura-las-siete-maravillas-del-mundo-moderno\\\/\"]}]},{\"@type\":\"ImageObject\",\"inLanguage\":\"es\",\"@id\":\"https:\\\/\\\/centrourbano.com\\\/revista\\\/reportajes\\\/arquitectura-las-siete-maravillas-del-mundo-moderno\\\/#primaryimage\",\"url\":\"https:\\\/\\\/centrourbano.com\\\/revista\\\/wp-content\\\/uploads\\\/7-maravillas-portada.jpg\",\"contentUrl\":\"https:\\\/\\\/centrourbano.com\\\/revista\\\/wp-content\\\/uploads\\\/7-maravillas-portada.jpg\",\"width\":720,\"height\":479,\"caption\":\"Las siete maravillas del mundo resultaron ganadoras mediante el concurso de \u201cNew Open World Corporation\u201d en 2007\"},{\"@type\":\"BreadcrumbList\",\"@id\":\"https:\\\/\\\/centrourbano.com\\\/revista\\\/reportajes\\\/arquitectura-las-siete-maravillas-del-mundo-moderno\\\/#breadcrumb\",\"itemListElement\":[{\"@type\":\"ListItem\",\"position\":1,\"name\":\"Portada\",\"item\":\"https:\\\/\\\/centrourbano.com\\\/revista\\\/\"},{\"@type\":\"ListItem\",\"position\":2,\"name\":\"Arquitectura de las Siete Maravillas del Mundo Moderno\"}]},{\"@type\":\"WebSite\",\"@id\":\"https:\\\/\\\/centrourbano.com\\\/revista\\\/#website\",\"url\":\"https:\\\/\\\/centrourbano.com\\\/revista\\\/\",\"name\":\"Centro Urbano\",\"description\":\"Medio especializado en los sectores vivienda, inmobiliario, construcci\u00f3n, arquitectura y urbanismo.\",\"publisher\":{\"@id\":\"https:\\\/\\\/centrourbano.com\\\/revista\\\/#organization\"},\"potentialAction\":[{\"@type\":\"SearchAction\",\"target\":{\"@type\":\"EntryPoint\",\"urlTemplate\":\"https:\\\/\\\/centrourbano.com\\\/revista\\\/?s={search_term_string}\"},\"query-input\":{\"@type\":\"PropertyValueSpecification\",\"valueRequired\":true,\"valueName\":\"search_term_string\"}}],\"inLanguage\":\"es\"},{\"@type\":\"Organization\",\"@id\":\"https:\\\/\\\/centrourbano.com\\\/revista\\\/#organization\",\"name\":\"Centro Urbano\",\"url\":\"https:\\\/\\\/centrourbano.com\\\/revista\\\/\",\"logo\":{\"@type\":\"ImageObject\",\"inLanguage\":\"es\",\"@id\":\"https:\\\/\\\/centrourbano.com\\\/revista\\\/#\\\/schema\\\/logo\\\/image\\\/\",\"url\":\"https:\\\/\\\/centrourbano.com\\\/revista\\\/wp-content\\\/uploads\\\/web_CU_logo-1.png\",\"contentUrl\":\"https:\\\/\\\/centrourbano.com\\\/revista\\\/wp-content\\\/uploads\\\/web_CU_logo-1.png\",\"width\":350,\"height\":91,\"caption\":\"Centro Urbano\"},\"image\":{\"@id\":\"https:\\\/\\\/centrourbano.com\\\/revista\\\/#\\\/schema\\\/logo\\\/image\\\/\"},\"sameAs\":[\"https:\\\/\\\/www.facebook.com\\\/portalcentrourbano\",\"https:\\\/\\\/x.com\\\/CentroUrbano\",\"https:\\\/\\\/www.instagram.com\\\/centro_urbano\\\/\",\"https:\\\/\\\/www.linkedin.com\\\/company\\\/centro-urbano\\\/\",\"http:\\\/\\\/www.youtube.com\\\/user\\\/portalcentrourbano\"]},{\"@type\":\"Person\",\"@id\":\"https:\\\/\\\/centrourbano.com\\\/revista\\\/#\\\/schema\\\/person\\\/8c196d8a1894aded235b29ceab1b2f43\",\"name\":\"Donovan Colindres\",\"image\":{\"@type\":\"ImageObject\",\"inLanguage\":\"es\",\"@id\":\"https:\\\/\\\/secure.gravatar.com\\\/avatar\\\/c496de0d2c5eff1a960e391485cc34462059b7798bed69bed7e7a1279445d3cc?s=96&d=mm&r=g\",\"url\":\"https:\\\/\\\/secure.gravatar.com\\\/avatar\\\/c496de0d2c5eff1a960e391485cc34462059b7798bed69bed7e7a1279445d3cc?s=96&d=mm&r=g\",\"contentUrl\":\"https:\\\/\\\/secure.gravatar.com\\\/avatar\\\/c496de0d2c5eff1a960e391485cc34462059b7798bed69bed7e7a1279445d3cc?s=96&d=mm&r=g\",\"caption\":\"Donovan Colindres\"},\"description\":\"Egresado en Ciencias de la Comunicaci\u00f3n y Periodismo de la Universidad Latina.Soy una persona seria,que le gusta aprender cada d\u00eda algo nuevo. Me encanta escuchar m\u00fasica y me apasiona escribir.\",\"url\":\"https:\\\/\\\/centrourbano.com\\\/revista\\\/author\\\/donovan-colindres\\\/\"}]}<\/script>\n<!-- \/ Yoast SEO plugin. -->","yoast_head_json":{"title":"Arquitectura de las Siete Maravillas del Mundo Moderno","description":"Las siete maravillas del mundo resultaron ganadoras mediante el concurso de \u201cNew Open World Corporation\u201d en 2007","robots":{"index":"index","follow":"follow","max-snippet":"max-snippet:-1","max-image-preview":"max-image-preview:large","max-video-preview":"max-video-preview:-1"},"canonical":"https:\/\/centrourbano.com\/revista\/reportajes\/arquitectura-las-siete-maravillas-del-mundo-moderno\/","og_locale":"es_ES","og_type":"article","og_title":"Arquitectura de las Siete Maravillas del Mundo Moderno","og_description":"Las siete maravillas del mundo resultaron ganadoras mediante el concurso de \u201cNew Open World Corporation\u201d en 2007","og_url":"https:\/\/centrourbano.com\/revista\/reportajes\/arquitectura-las-siete-maravillas-del-mundo-moderno\/","og_site_name":"Centro Urbano","article_publisher":"https:\/\/www.facebook.com\/portalcentrourbano","article_published_time":"2018-04-13T17:52:37+00:00","article_modified_time":"2018-04-13T18:47:15+00:00","og_image":[{"width":720,"height":479,"url":"https:\/\/centrourbano.com\/revista\/wp-content\/uploads\/7-maravillas-portada.jpg","type":"image\/jpeg"}],"author":"Donovan Colindres","twitter_card":"summary_large_image","twitter_creator":"@CentroUrbano","twitter_site":"@CentroUrbano","twitter_misc":{"Escrito por":"Donovan Colindres","Tiempo de lectura":"8 minutos"},"schema":{"@context":"https:\/\/schema.org","@graph":[{"@type":"Article","@id":"https:\/\/centrourbano.com\/revista\/reportajes\/arquitectura-las-siete-maravillas-del-mundo-moderno\/#article","isPartOf":{"@id":"https:\/\/centrourbano.com\/revista\/reportajes\/arquitectura-las-siete-maravillas-del-mundo-moderno\/"},"author":{"name":"Donovan Colindres","@id":"https:\/\/centrourbano.com\/revista\/#\/schema\/person\/8c196d8a1894aded235b29ceab1b2f43"},"headline":"Arquitectura de las Siete Maravillas del Mundo Moderno","datePublished":"2018-04-13T17:52:37+00:00","dateModified":"2018-04-13T18:47:15+00:00","mainEntityOfPage":{"@id":"https:\/\/centrourbano.com\/revista\/reportajes\/arquitectura-las-siete-maravillas-del-mundo-moderno\/"},"wordCount":1623,"commentCount":0,"publisher":{"@id":"https:\/\/centrourbano.com\/revista\/#organization"},"image":{"@id":"https:\/\/centrourbano.com\/revista\/reportajes\/arquitectura-las-siete-maravillas-del-mundo-moderno\/#primaryimage"},"thumbnailUrl":"https:\/\/centrourbano.com\/revista\/wp-content\/uploads\/7-maravillas-portada.jpg","keywords":["arquitectura","Chichen Itz\u00e1","Cristo Redentor","La gran muralla","Machu Picchu","New Open World Corporation","Petra","siete maravillas del mundo moderno","Taj Mahal"],"articleSection":["Reportajes"],"inLanguage":"es","potentialAction":[{"@type":"CommentAction","name":"Comment","target":["https:\/\/centrourbano.com\/revista\/reportajes\/arquitectura-las-siete-maravillas-del-mundo-moderno\/#respond"]}]},{"@type":"WebPage","@id":"https:\/\/centrourbano.com\/revista\/reportajes\/arquitectura-las-siete-maravillas-del-mundo-moderno\/","url":"https:\/\/centrourbano.com\/revista\/reportajes\/arquitectura-las-siete-maravillas-del-mundo-moderno\/","name":"Arquitectura de las Siete Maravillas del Mundo Moderno","isPartOf":{"@id":"https:\/\/centrourbano.com\/revista\/#website"},"primaryImageOfPage":{"@id":"https:\/\/centrourbano.com\/revista\/reportajes\/arquitectura-las-siete-maravillas-del-mundo-moderno\/#primaryimage"},"image":{"@id":"https:\/\/centrourbano.com\/revista\/reportajes\/arquitectura-las-siete-maravillas-del-mundo-moderno\/#primaryimage"},"thumbnailUrl":"https:\/\/centrourbano.com\/revista\/wp-content\/uploads\/7-maravillas-portada.jpg","datePublished":"2018-04-13T17:52:37+00:00","dateModified":"2018-04-13T18:47:15+00:00","description":"Las siete maravillas del mundo resultaron ganadoras mediante el concurso de \u201cNew Open World Corporation\u201d en 2007","breadcrumb":{"@id":"https:\/\/centrourbano.com\/revista\/reportajes\/arquitectura-las-siete-maravillas-del-mundo-moderno\/#breadcrumb"},"inLanguage":"es","potentialAction":[{"@type":"ReadAction","target":["https:\/\/centrourbano.com\/revista\/reportajes\/arquitectura-las-siete-maravillas-del-mundo-moderno\/"]}]},{"@type":"ImageObject","inLanguage":"es","@id":"https:\/\/centrourbano.com\/revista\/reportajes\/arquitectura-las-siete-maravillas-del-mundo-moderno\/#primaryimage","url":"https:\/\/centrourbano.com\/revista\/wp-content\/uploads\/7-maravillas-portada.jpg","contentUrl":"https:\/\/centrourbano.com\/revista\/wp-content\/uploads\/7-maravillas-portada.jpg","width":720,"height":479,"caption":"Las siete maravillas del mundo resultaron ganadoras mediante el concurso de \u201cNew Open World Corporation\u201d en 2007"},{"@type":"BreadcrumbList","@id":"https:\/\/centrourbano.com\/revista\/reportajes\/arquitectura-las-siete-maravillas-del-mundo-moderno\/#breadcrumb","itemListElement":[{"@type":"ListItem","position":1,"name":"Portada","item":"https:\/\/centrourbano.com\/revista\/"},{"@type":"ListItem","position":2,"name":"Arquitectura de las Siete Maravillas del Mundo Moderno"}]},{"@type":"WebSite","@id":"https:\/\/centrourbano.com\/revista\/#website","url":"https:\/\/centrourbano.com\/revista\/","name":"Centro Urbano","description":"Medio especializado en los sectores vivienda, inmobiliario, construcci\u00f3n, arquitectura y urbanismo.","publisher":{"@id":"https:\/\/centrourbano.com\/revista\/#organization"},"potentialAction":[{"@type":"SearchAction","target":{"@type":"EntryPoint","urlTemplate":"https:\/\/centrourbano.com\/revista\/?s={search_term_string}"},"query-input":{"@type":"PropertyValueSpecification","valueRequired":true,"valueName":"search_term_string"}}],"inLanguage":"es"},{"@type":"Organization","@id":"https:\/\/centrourbano.com\/revista\/#organization","name":"Centro Urbano","url":"https:\/\/centrourbano.com\/revista\/","logo":{"@type":"ImageObject","inLanguage":"es","@id":"https:\/\/centrourbano.com\/revista\/#\/schema\/logo\/image\/","url":"https:\/\/centrourbano.com\/revista\/wp-content\/uploads\/web_CU_logo-1.png","contentUrl":"https:\/\/centrourbano.com\/revista\/wp-content\/uploads\/web_CU_logo-1.png","width":350,"height":91,"caption":"Centro Urbano"},"image":{"@id":"https:\/\/centrourbano.com\/revista\/#\/schema\/logo\/image\/"},"sameAs":["https:\/\/www.facebook.com\/portalcentrourbano","https:\/\/x.com\/CentroUrbano","https:\/\/www.instagram.com\/centro_urbano\/","https:\/\/www.linkedin.com\/company\/centro-urbano\/","http:\/\/www.youtube.com\/user\/portalcentrourbano"]},{"@type":"Person","@id":"https:\/\/centrourbano.com\/revista\/#\/schema\/person\/8c196d8a1894aded235b29ceab1b2f43","name":"Donovan Colindres","image":{"@type":"ImageObject","inLanguage":"es","@id":"https:\/\/secure.gravatar.com\/avatar\/c496de0d2c5eff1a960e391485cc34462059b7798bed69bed7e7a1279445d3cc?s=96&d=mm&r=g","url":"https:\/\/secure.gravatar.com\/avatar\/c496de0d2c5eff1a960e391485cc34462059b7798bed69bed7e7a1279445d3cc?s=96&d=mm&r=g","contentUrl":"https:\/\/secure.gravatar.com\/avatar\/c496de0d2c5eff1a960e391485cc34462059b7798bed69bed7e7a1279445d3cc?s=96&d=mm&r=g","caption":"Donovan Colindres"},"description":"Egresado en Ciencias de la Comunicaci\u00f3n y Periodismo de la Universidad Latina.Soy una persona seria,que le gusta aprender cada d\u00eda algo nuevo. Me encanta escuchar m\u00fasica y me apasiona escribir.","url":"https:\/\/centrourbano.com\/revista\/author\/donovan-colindres\/"}]}},"_links":{"self":[{"href":"https:\/\/centrourbano.com\/revista\/wp-json\/wp\/v2\/posts\/69913","targetHints":{"allow":["GET"]}}],"collection":[{"href":"https:\/\/centrourbano.com\/revista\/wp-json\/wp\/v2\/posts"}],"about":[{"href":"https:\/\/centrourbano.com\/revista\/wp-json\/wp\/v2\/types\/post"}],"author":[{"embeddable":true,"href":"https:\/\/centrourbano.com\/revista\/wp-json\/wp\/v2\/users\/60"}],"replies":[{"embeddable":true,"href":"https:\/\/centrourbano.com\/revista\/wp-json\/wp\/v2\/comments?post=69913"}],"version-history":[{"count":5,"href":"https:\/\/centrourbano.com\/revista\/wp-json\/wp\/v2\/posts\/69913\/revisions"}],"predecessor-version":[{"id":69934,"href":"https:\/\/centrourbano.com\/revista\/wp-json\/wp\/v2\/posts\/69913\/revisions\/69934"}],"wp:featuredmedia":[{"embeddable":true,"href":"https:\/\/centrourbano.com\/revista\/wp-json\/wp\/v2\/media\/69914"}],"wp:attachment":[{"href":"https:\/\/centrourbano.com\/revista\/wp-json\/wp\/v2\/media?parent=69913"}],"wp:term":[{"taxonomy":"category","embeddable":true,"href":"https:\/\/centrourbano.com\/revista\/wp-json\/wp\/v2\/categories?post=69913"},{"taxonomy":"post_tag","embeddable":true,"href":"https:\/\/centrourbano.com\/revista\/wp-json\/wp\/v2\/tags?post=69913"}],"curies":[{"name":"wp","href":"https:\/\/api.w.org\/{rel}","templated":true}]}}