{"id":69810,"date":"2018-04-11T17:15:34","date_gmt":"2018-04-11T22:15:34","guid":{"rendered":"https:\/\/centrourbano.com\/?p=69810"},"modified":"2018-04-11T17:15:34","modified_gmt":"2018-04-11T22:15:34","slug":"destaca-arquitectura-en-la-feria-internacional-de-las-culturas-amigas","status":"publish","type":"post","link":"https:\/\/centrourbano.com\/revista\/arquitectura-2\/destaca-arquitectura-en-la-feria-internacional-de-las-culturas-amigas\/","title":{"rendered":"Destaca arquitectura en la Feria Internacional de las Culturas Amigas"},"content":{"rendered":"<p><em>Cada a\u00f1o se instala un Pabell\u00f3n en el Z\u00f3calo de la CDMX, el cual, tras un concurso, es realizado por\u00a0el despacho que\u00a0presente la mejor propuesta arquitect\u00f3nica\u00a0<\/em><!--more--><\/p>\n<p>Cada a\u00f1o la Ciudad de M\u00e9xico lleva a cabo la Feria Internacional de las Culturas Amigas (<strong>FICA<\/strong>), anteriormente Feria de las Culturas Amigas (<strong>FCA<\/strong>), evento que tiene como objetivo fortalecer los v\u00ednculos de amistad y cooperaci\u00f3n\u00a0con\u00a0pa\u00edses de todas las regiones del mundo.<\/p>\n<p>En este espacio los visitantes\u00a0tienen la posibilidad de conocer las tradiciones, costumbres, identidad y cultura de los pa\u00edses participantes, mediante la presentaci\u00f3n de stands representativos y distintas actividades art\u00edsticas, educativas y culturales.<\/p>\n<p class=\"text-left\">La Feria se organiza desde 2009, como un proyecto de colaboraci\u00f3n de la Coordinaci\u00f3n General de Asuntos Internacionales del Gobierno de la Ciudad de M\u00e9xico, en donde se busca\u00a0incentivar el aprovechamiento del espacio p\u00fablico y mantener la actividad tur\u00edstica de la ciudad.<\/p>\n<p class=\"text-left\">Tras llevarse a cabo durante sus primeras cinco ediciones a lo largo de la Avenida Paseo de la Reforma, desde 2014 la Feria de las Culturas Amigas ha tenido como sede el Z\u00f3calo capitalino, en donde los stands son\u00a0colocados dentro de un Pabell\u00f3n.<\/p>\n<p>Para llevar a cabo\u00a0dicho Pabell\u00f3n se lleva a a cabo el concurso\u00a0para el Proyecto Conceptual de la Intervenci\u00f3n\u00a0Arquitect\u00f3nica\u00a0de la Feria, cuyo principal objetivo es\u00a0garantizar\u00a0el respeto y la optimizaci\u00f3n del espacio p\u00fablico utilizado para albergar este importante evento,\u00a0y a la vez facilitar\u00a0el acceso a la movilidad y seguridad de los visitantes.<\/p>\n<p>El\u00a0concurso lo realiza el Gobierno de la Ciudad de M\u00e9xico, a trav\u00e9s de la Coordinaci\u00f3n General de Asuntos Internacionales, con el apoyo t\u00e9cnico de LIGA, Espacio para Arquitectura, DF.<\/p>\n<p>&nbsp;<\/p>\n<p><strong>Pabell\u00f3n 2016<\/strong><\/p>\n<p>Ambrosi Etchegaray\u00a0fue el\u00a0despacho de arquitectura seleccionado como ganador de la Convocatoria Abierta para el Proyecto Conceptual de la Intervenci\u00f3n Arquitect\u00f3nica de la Feria de las Culturas Amigas 2016.<\/p>\n<p>De acuerdo con el jurado del concurso, este proyecto\u00a0present\u00f3 la mejor propuesta arquitect\u00f3nica. Su dise\u00f1o,\u00a0simple y a la vez fuerte, destac\u00f3 al\u00a0entender el espacio del Z\u00f3calo que con un solo elemento produce una plaza dentro de otra plaza.<\/p>\n<p>Adem\u00e1s, resalt\u00f3 debido a la riqueza de la experiencia de espacio p\u00fablico que el proyecto pudo generar, relacion\u00e1ndose tanto con el exterior como con el nuevo espacio al interior a trav\u00e9s del corredor principal.<\/p>\n<p>Asimismo, este proyecto cont\u00f3 con el car\u00e1cter jer\u00e1rquico y el inter\u00e9s en una soluci\u00f3n que rompi\u00f3 con el formato habitual reticular-cuadricular de los stands, y ofreci\u00f3 tres opciones de recorrido: un vac\u00edo circular al interior como oasis que resalt\u00f3 los monumentos hist\u00f3ricos del Z\u00f3calo, una calle intermedia con un recorrido en un segundo nivel de altura y un exterior continuo.<\/p>\n<p>&nbsp;<\/p>\n<p>&nbsp;<\/p>\n<a href=\"https:\/\/centrourbano.com\/revista\/wp-content\/uploads\/Particip\u00f3-Design-Week-en-desarrollo-de-la-Feria-de-las-Culturas-Amigas-2016.jpg\"><img loading=\"lazy\" decoding=\"async\" class=\"aligncenter wp-image-35684\" src=\"https:\/\/centrourbano.com\/revista\/wp-content\/uploads\/Particip\u00f3-Design-Week-en-desarrollo-de-la-Feria-de-las-Culturas-Amigas-2016.jpg\" alt=\"Particip\u00f3 Design Week M\u00e9xico en desarrollo de la Feria de las Culturas Amigas 2016\" width=\"700\" height=\"520\" srcset=\"https:\/\/centrourbano.com\/revista\/wp-content\/uploads\/Particip\u00f3-Design-Week-en-desarrollo-de-la-Feria-de-las-Culturas-Amigas-2016.jpg 1021w, https:\/\/centrourbano.com\/revista\/wp-content\/uploads\/Particip\u00f3-Design-Week-en-desarrollo-de-la-Feria-de-las-Culturas-Amigas-2016-300x223.jpg 300w, https:\/\/centrourbano.com\/revista\/wp-content\/uploads\/Particip\u00f3-Design-Week-en-desarrollo-de-la-Feria-de-las-Culturas-Amigas-2016-1000x742.jpg 1000w, https:\/\/centrourbano.com\/revista\/wp-content\/uploads\/Particip\u00f3-Design-Week-en-desarrollo-de-la-Feria-de-las-Culturas-Amigas-2016-768x570.jpg 768w, https:\/\/centrourbano.com\/revista\/wp-content\/uploads\/Particip\u00f3-Design-Week-en-desarrollo-de-la-Feria-de-las-Culturas-Amigas-2016-100x75.jpg 100w\" sizes=\"auto, (max-width: 700px) 100vw, 700px\" \/><\/a>\n<p><!--more--><\/p>\n<p><strong>Pabell\u00f3n 2017<\/strong><\/p>\n<p>El proyecto estuvo a cargo de Colectivo del UNO, quien result\u00f3 seleccionado luego de cumplir diversos criterios,\u00a0dentro de los que destacaron las cualidades est\u00e9ticas y arquitect\u00f3nicas, la accesibilidad para los visitantes, el car\u00e1cter festivo acorde con las costumbres de la sociedad mexicana, adem\u00e1s\u00a0de crear espacios amables integrados para disfrutar de la plancha del Z\u00f3calo, generar remates visuales que invitaban y atra\u00edan al p\u00fablico.<\/p>\n<p>Asimismo, resaltaba el color, la activaci\u00f3n del piso y la pir\u00e1mide como pieza l\u00fadica; la permeabilidad visual y de movilidad; la buena conexi\u00f3n que suger\u00eda con el resto de programa que estaba en Plaza Santo Domingo; as\u00ed como el hecho de que la propuesta aceptaba la presencia de otros elementos como el foro de conciertos.<\/p>\n<p><a href=\"https:\/\/centrourbano.com\/revista\/wp-content\/uploads\/Definen-despacho-a-cargo-del-proyecto-Feria-de-las-Culturas-Amigas-2017.png\"><img loading=\"lazy\" decoding=\"async\" class=\"size-full wp-image-45092 aligncenter\" src=\"https:\/\/centrourbano.com\/revista\/wp-content\/uploads\/Definen-despacho-a-cargo-del-proyecto-Feria-de-las-Culturas-Amigas-2017.png\" alt=\"Definen despacho a cargo del proyecto Feria de las Culturas Amigas 2017\" width=\"769\" height=\"451\" srcset=\"https:\/\/centrourbano.com\/revista\/wp-content\/uploads\/Definen-despacho-a-cargo-del-proyecto-Feria-de-las-Culturas-Amigas-2017.png 769w, https:\/\/centrourbano.com\/revista\/wp-content\/uploads\/Definen-despacho-a-cargo-del-proyecto-Feria-de-las-Culturas-Amigas-2017-300x176.png 300w, https:\/\/centrourbano.com\/revista\/wp-content\/uploads\/Definen-despacho-a-cargo-del-proyecto-Feria-de-las-Culturas-Amigas-2017-240x140.png 240w\" sizes=\"auto, (max-width: 769px) 100vw, 769px\" \/><\/a><!--more--><\/p>\n<p><strong>Pabell\u00f3n 2018<\/strong><\/p>\n<p>Este a\u00f1o el Pabell\u00f3n para la\u00a0Feria Internacional de las Culturas Amigas estar\u00e1 a cargo del despacho de arquitectura TO, encabezado por Jos\u00e9 Amozurrutia y Carlos Facio, el cual result\u00f3 ganador gracias al sofisticado e innovador sistema estructural planteado.<\/p>\n<p>El proyecto lleva por nombre \u2018Ur\u2019, que, de acuerdo con el despacho de arquitectura, se remonta al pasado com\u00fan, pues para los sumerios el t\u00e9rmino significaba ciudad; en lat\u00edn surgi\u00f3 la palabra Urbs; y en las lenguas germanas Ur es un prefijo que denomina el concepto de origen; por lo que en la propuesta arquitect\u00f3nica representa algo esencial: hacer ciudad.<\/p>\n<p>De tal manera se explica c\u00f3mo su propuesta remite al origen\u00a0del territorio, aquel centro urbano conformado de calzadas, plazas y templos; la forma piramidal, el zigurat babil\u00f3nico, la mastaba egipcia y el teocalli mesoamericano se manifiestan por su l\u00f3gica distribuci\u00f3n de esfuerzos y brindan al proyecto una emocionante calidad espacial interna.<\/p>\n<p><span lang=\"ES\">El Pabell\u00f3n cuenta con la capacidad de gestionar un sistema modular estrat\u00e9gico y espec\u00edfico para la FICA 2018, adem\u00e1s de que tiene la racionalidad, flexibilidad sistem\u00e1tica y evocaci\u00f3n hist\u00f3rica realizada por el despacho al momento de desarrollar el planteamiento conceptual del proyecto.<\/span><\/p>\n<p class=\"m_5924949581183920480ydpbbb8f365yiv0811077432gmail-MsoNormal\">\n<p class=\"m_5924949581183920480ydpbbb8f365yiv0811077432gmail-MsoNormal\">Las tres ideas fundamentales de este Pabell\u00f3n son: enfatizar el papel del individuo que en colectivo adquiere fuerza, atender eficientemente los flujos multitudinarios de visitantes, y buscar un dise\u00f1o econ\u00f3mico en tiempo y de recursos con un sistema modular f\u00e1cil de montar compuesto de soportes y cubiertas que aportan sombra, disipan el calor y son aliadas del viento y de la lluvia.<\/p>\n<p class=\"m_5924949581183920480ydpbbb8f365yiv0811077432gmail-MsoNormal\"><a href=\"https:\/\/centrourbano.com\/revista\/wp-content\/uploads\/Proyecto-T-O.jpg\"><img loading=\"lazy\" decoding=\"async\" class=\"size-full wp-image-63926 aligncenter\" src=\"https:\/\/centrourbano.com\/revista\/wp-content\/uploads\/Proyecto-T-O.jpg\" alt=\"Anuncian a ganador para el proyecto arquitect\u00f3nico FICA 2018\" width=\"700\" height=\"476\" srcset=\"https:\/\/centrourbano.com\/revista\/wp-content\/uploads\/Proyecto-T-O.jpg 700w, https:\/\/centrourbano.com\/revista\/wp-content\/uploads\/Proyecto-T-O-300x204.jpg 300w\" sizes=\"auto, (max-width: 700px) 100vw, 700px\" \/><\/a><\/p>\n<p class=\"m_5924949581183920480ydpbbb8f365yiv0811077432gmail-MsoNormal\">\n","protected":false},"excerpt":{"rendered":"<p>Cada a\u00f1o se instala un Pabell\u00f3n en el Z\u00f3calo de la CDMX, el cual, tras un concurso, es realizado por\u00a0el despacho que\u00a0presente la mejor propuesta arquitect\u00f3nica\u00a0<\/p>\n","protected":false},"author":9,"featured_media":45092,"comment_status":"open","ping_status":"closed","sticky":false,"template":"","format":"standard","meta":{"om_disable_all_campaigns":false,"inline_featured_image":false,"_monsterinsights_skip_tracking":false,"_monsterinsights_sitenote_active":false,"_monsterinsights_sitenote_note":"","_monsterinsights_sitenote_category":0,"footnotes":""},"categories":[81,16],"tags":[20,606,11758,5089,9084,7033,876,689,124],"class_list":["post-69810","post","type-post","status-publish","format-standard","has-post-thumbnail","hentry","category-arquitectura-2","category-reportajes","tag-arquitectura","tag-cdmx","tag-fca","tag-feria-de-las-culturas-amigas","tag-feria-internacional-de-las-culturas-amigas","tag-fica","tag-pabellon","tag-paseo-de-la-reforma","tag-zocalo"],"yoast_head":"<!-- This site is optimized with the Yoast SEO plugin v27.5 - https:\/\/yoast.com\/product\/yoast-seo-wordpress\/ -->\n<title>Destaca arquitectura en la Feria Internacional de las Culturas Amigas<\/title>\n<meta name=\"description\" content=\"Cada a\u00f1o se instala un Pabell\u00f3n en el Z\u00f3calo de la CDMX, el cual, tras un concurso, es realizado por el despacho que presente la mejor propuesta arquitect\u00f3nica\" \/>\n<meta name=\"robots\" content=\"index, follow, max-snippet:-1, max-image-preview:large, max-video-preview:-1\" \/>\n<link rel=\"canonical\" href=\"https:\/\/centrourbano.com\/revista\/arquitectura-2\/destaca-arquitectura-en-la-feria-internacional-de-las-culturas-amigas\/\" \/>\n<meta property=\"og:locale\" content=\"es_ES\" \/>\n<meta property=\"og:type\" content=\"article\" \/>\n<meta property=\"og:title\" content=\"Destaca arquitectura en la Feria Internacional de las Culturas Amigas\" \/>\n<meta property=\"og:description\" content=\"Cada a\u00f1o se instala un Pabell\u00f3n en el Z\u00f3calo de la CDMX, el cual, tras un concurso, es realizado por el despacho que presente la mejor propuesta arquitect\u00f3nica\" \/>\n<meta property=\"og:url\" content=\"https:\/\/centrourbano.com\/revista\/arquitectura-2\/destaca-arquitectura-en-la-feria-internacional-de-las-culturas-amigas\/\" \/>\n<meta property=\"og:site_name\" content=\"Centro Urbano\" \/>\n<meta property=\"article:publisher\" content=\"https:\/\/www.facebook.com\/portalcentrourbano\" \/>\n<meta property=\"article:published_time\" content=\"2018-04-11T22:15:34+00:00\" \/>\n<meta property=\"og:image\" content=\"https:\/\/centrourbano.com\/revista\/wp-content\/uploads\/Definen-despacho-a-cargo-del-proyecto-Feria-de-las-Culturas-Amigas-2017.png\" \/>\n\t<meta property=\"og:image:width\" content=\"769\" \/>\n\t<meta property=\"og:image:height\" content=\"451\" \/>\n\t<meta property=\"og:image:type\" content=\"image\/png\" \/>\n<meta name=\"author\" content=\"Dinorah Nava\" \/>\n<meta name=\"twitter:card\" content=\"summary_large_image\" \/>\n<meta name=\"twitter:creator\" content=\"@https:\/\/twitter.com\/Dinorah_Nava28\" \/>\n<meta name=\"twitter:site\" content=\"@CentroUrbano\" \/>\n<meta name=\"twitter:label1\" content=\"Escrito por\" \/>\n\t<meta name=\"twitter:data1\" content=\"Dinorah Nava\" \/>\n\t<meta name=\"twitter:label2\" content=\"Tiempo de lectura\" \/>\n\t<meta name=\"twitter:data2\" content=\"5 minutos\" \/>\n<script type=\"application\/ld+json\" class=\"yoast-schema-graph\">{\"@context\":\"https:\\\/\\\/schema.org\",\"@graph\":[{\"@type\":\"Article\",\"@id\":\"https:\\\/\\\/centrourbano.com\\\/revista\\\/arquitectura-2\\\/destaca-arquitectura-en-la-feria-internacional-de-las-culturas-amigas\\\/#article\",\"isPartOf\":{\"@id\":\"https:\\\/\\\/centrourbano.com\\\/revista\\\/arquitectura-2\\\/destaca-arquitectura-en-la-feria-internacional-de-las-culturas-amigas\\\/\"},\"author\":{\"name\":\"Dinorah Nava\",\"@id\":\"https:\\\/\\\/centrourbano.com\\\/revista\\\/#\\\/schema\\\/person\\\/b45db815d96831257ba428a3d5a5fbdc\"},\"headline\":\"Destaca arquitectura en la Feria Internacional de las Culturas Amigas\",\"datePublished\":\"2018-04-11T22:15:34+00:00\",\"mainEntityOfPage\":{\"@id\":\"https:\\\/\\\/centrourbano.com\\\/revista\\\/arquitectura-2\\\/destaca-arquitectura-en-la-feria-internacional-de-las-culturas-amigas\\\/\"},\"wordCount\":912,\"commentCount\":0,\"publisher\":{\"@id\":\"https:\\\/\\\/centrourbano.com\\\/revista\\\/#organization\"},\"image\":{\"@id\":\"https:\\\/\\\/centrourbano.com\\\/revista\\\/arquitectura-2\\\/destaca-arquitectura-en-la-feria-internacional-de-las-culturas-amigas\\\/#primaryimage\"},\"thumbnailUrl\":\"https:\\\/\\\/centrourbano.com\\\/revista\\\/wp-content\\\/uploads\\\/Definen-despacho-a-cargo-del-proyecto-Feria-de-las-Culturas-Amigas-2017.png\",\"keywords\":[\"arquitectura\",\"CDMX\",\"FCA\",\"Feria de las Culturas Amigas\",\"Feria Internacional de las Culturas Amigas\",\"FICA\",\"Pabell\u00f3n\",\"Paseo de la Reforma\",\"Z\u00f3calo\"],\"articleSection\":[\"Arquitectura\",\"Reportajes\"],\"inLanguage\":\"es\",\"potentialAction\":[{\"@type\":\"CommentAction\",\"name\":\"Comment\",\"target\":[\"https:\\\/\\\/centrourbano.com\\\/revista\\\/arquitectura-2\\\/destaca-arquitectura-en-la-feria-internacional-de-las-culturas-amigas\\\/#respond\"]}]},{\"@type\":\"WebPage\",\"@id\":\"https:\\\/\\\/centrourbano.com\\\/revista\\\/arquitectura-2\\\/destaca-arquitectura-en-la-feria-internacional-de-las-culturas-amigas\\\/\",\"url\":\"https:\\\/\\\/centrourbano.com\\\/revista\\\/arquitectura-2\\\/destaca-arquitectura-en-la-feria-internacional-de-las-culturas-amigas\\\/\",\"name\":\"Destaca arquitectura en la Feria Internacional de las Culturas Amigas\",\"isPartOf\":{\"@id\":\"https:\\\/\\\/centrourbano.com\\\/revista\\\/#website\"},\"primaryImageOfPage\":{\"@id\":\"https:\\\/\\\/centrourbano.com\\\/revista\\\/arquitectura-2\\\/destaca-arquitectura-en-la-feria-internacional-de-las-culturas-amigas\\\/#primaryimage\"},\"image\":{\"@id\":\"https:\\\/\\\/centrourbano.com\\\/revista\\\/arquitectura-2\\\/destaca-arquitectura-en-la-feria-internacional-de-las-culturas-amigas\\\/#primaryimage\"},\"thumbnailUrl\":\"https:\\\/\\\/centrourbano.com\\\/revista\\\/wp-content\\\/uploads\\\/Definen-despacho-a-cargo-del-proyecto-Feria-de-las-Culturas-Amigas-2017.png\",\"datePublished\":\"2018-04-11T22:15:34+00:00\",\"description\":\"Cada a\u00f1o se instala un Pabell\u00f3n en el Z\u00f3calo de la CDMX, el cual, tras un concurso, es realizado por el despacho que presente la mejor propuesta arquitect\u00f3nica\",\"breadcrumb\":{\"@id\":\"https:\\\/\\\/centrourbano.com\\\/revista\\\/arquitectura-2\\\/destaca-arquitectura-en-la-feria-internacional-de-las-culturas-amigas\\\/#breadcrumb\"},\"inLanguage\":\"es\",\"potentialAction\":[{\"@type\":\"ReadAction\",\"target\":[\"https:\\\/\\\/centrourbano.com\\\/revista\\\/arquitectura-2\\\/destaca-arquitectura-en-la-feria-internacional-de-las-culturas-amigas\\\/\"]}]},{\"@type\":\"ImageObject\",\"inLanguage\":\"es\",\"@id\":\"https:\\\/\\\/centrourbano.com\\\/revista\\\/arquitectura-2\\\/destaca-arquitectura-en-la-feria-internacional-de-las-culturas-amigas\\\/#primaryimage\",\"url\":\"https:\\\/\\\/centrourbano.com\\\/revista\\\/wp-content\\\/uploads\\\/Definen-despacho-a-cargo-del-proyecto-Feria-de-las-Culturas-Amigas-2017.png\",\"contentUrl\":\"https:\\\/\\\/centrourbano.com\\\/revista\\\/wp-content\\\/uploads\\\/Definen-despacho-a-cargo-del-proyecto-Feria-de-las-Culturas-Amigas-2017.png\",\"width\":769,\"height\":451,\"caption\":\"Definen despacho a cargo del proyecto Feria de las Culturas Amigas 2017\"},{\"@type\":\"BreadcrumbList\",\"@id\":\"https:\\\/\\\/centrourbano.com\\\/revista\\\/arquitectura-2\\\/destaca-arquitectura-en-la-feria-internacional-de-las-culturas-amigas\\\/#breadcrumb\",\"itemListElement\":[{\"@type\":\"ListItem\",\"position\":1,\"name\":\"Portada\",\"item\":\"https:\\\/\\\/centrourbano.com\\\/revista\\\/\"},{\"@type\":\"ListItem\",\"position\":2,\"name\":\"Destaca arquitectura en la Feria Internacional de las Culturas Amigas\"}]},{\"@type\":\"WebSite\",\"@id\":\"https:\\\/\\\/centrourbano.com\\\/revista\\\/#website\",\"url\":\"https:\\\/\\\/centrourbano.com\\\/revista\\\/\",\"name\":\"Centro Urbano\",\"description\":\"Medio especializado en los sectores vivienda, inmobiliario, construcci\u00f3n, arquitectura y urbanismo.\",\"publisher\":{\"@id\":\"https:\\\/\\\/centrourbano.com\\\/revista\\\/#organization\"},\"potentialAction\":[{\"@type\":\"SearchAction\",\"target\":{\"@type\":\"EntryPoint\",\"urlTemplate\":\"https:\\\/\\\/centrourbano.com\\\/revista\\\/?s={search_term_string}\"},\"query-input\":{\"@type\":\"PropertyValueSpecification\",\"valueRequired\":true,\"valueName\":\"search_term_string\"}}],\"inLanguage\":\"es\"},{\"@type\":\"Organization\",\"@id\":\"https:\\\/\\\/centrourbano.com\\\/revista\\\/#organization\",\"name\":\"Centro Urbano\",\"url\":\"https:\\\/\\\/centrourbano.com\\\/revista\\\/\",\"logo\":{\"@type\":\"ImageObject\",\"inLanguage\":\"es\",\"@id\":\"https:\\\/\\\/centrourbano.com\\\/revista\\\/#\\\/schema\\\/logo\\\/image\\\/\",\"url\":\"https:\\\/\\\/centrourbano.com\\\/revista\\\/wp-content\\\/uploads\\\/web_CU_logo-1.png\",\"contentUrl\":\"https:\\\/\\\/centrourbano.com\\\/revista\\\/wp-content\\\/uploads\\\/web_CU_logo-1.png\",\"width\":350,\"height\":91,\"caption\":\"Centro Urbano\"},\"image\":{\"@id\":\"https:\\\/\\\/centrourbano.com\\\/revista\\\/#\\\/schema\\\/logo\\\/image\\\/\"},\"sameAs\":[\"https:\\\/\\\/www.facebook.com\\\/portalcentrourbano\",\"https:\\\/\\\/x.com\\\/CentroUrbano\",\"https:\\\/\\\/www.instagram.com\\\/centro_urbano\\\/\",\"https:\\\/\\\/www.linkedin.com\\\/company\\\/centro-urbano\\\/\",\"http:\\\/\\\/www.youtube.com\\\/user\\\/portalcentrourbano\"]},{\"@type\":\"Person\",\"@id\":\"https:\\\/\\\/centrourbano.com\\\/revista\\\/#\\\/schema\\\/person\\\/b45db815d96831257ba428a3d5a5fbdc\",\"name\":\"Dinorah Nava\",\"image\":{\"@type\":\"ImageObject\",\"inLanguage\":\"es\",\"@id\":\"https:\\\/\\\/secure.gravatar.com\\\/avatar\\\/f6ca6430c51d147f363940f84e1225aa4b8183885c11802cc3b042305a4ecc1a?s=96&d=mm&r=g\",\"url\":\"https:\\\/\\\/secure.gravatar.com\\\/avatar\\\/f6ca6430c51d147f363940f84e1225aa4b8183885c11802cc3b042305a4ecc1a?s=96&d=mm&r=g\",\"contentUrl\":\"https:\\\/\\\/secure.gravatar.com\\\/avatar\\\/f6ca6430c51d147f363940f84e1225aa4b8183885c11802cc3b042305a4ecc1a?s=96&d=mm&r=g\",\"caption\":\"Dinorah Nava\"},\"description\":\"Editora de Contenidos y Estrategias Digitales en Centro Urbano y Coeditora en Peri\u00f3dico Mi Casa. Egresada de la licenciatura en Comunicaci\u00f3n y Periodismo de la Facultad de Estudios Superiores Arag\u00f3n (UNAM). Amante de la edici\u00f3n y correcci\u00f3n de estilo, las redes sociales y el mundo digital. Especialista en temas son arquitectura, inmobiliario y urbanismo.\",\"sameAs\":[\"linkedin.com\\\/in\\\/dinorah-nava\",\"https:\\\/\\\/x.com\\\/https:\\\/\\\/twitter.com\\\/Dinorah_Nava28\"],\"url\":\"https:\\\/\\\/centrourbano.com\\\/revista\\\/author\\\/dinorah-nava\\\/\"}]}<\/script>\n<!-- \/ Yoast SEO plugin. -->","yoast_head_json":{"title":"Destaca arquitectura en la Feria Internacional de las Culturas Amigas","description":"Cada a\u00f1o se instala un Pabell\u00f3n en el Z\u00f3calo de la CDMX, el cual, tras un concurso, es realizado por el despacho que presente la mejor propuesta arquitect\u00f3nica","robots":{"index":"index","follow":"follow","max-snippet":"max-snippet:-1","max-image-preview":"max-image-preview:large","max-video-preview":"max-video-preview:-1"},"canonical":"https:\/\/centrourbano.com\/revista\/arquitectura-2\/destaca-arquitectura-en-la-feria-internacional-de-las-culturas-amigas\/","og_locale":"es_ES","og_type":"article","og_title":"Destaca arquitectura en la Feria Internacional de las Culturas Amigas","og_description":"Cada a\u00f1o se instala un Pabell\u00f3n en el Z\u00f3calo de la CDMX, el cual, tras un concurso, es realizado por el despacho que presente la mejor propuesta arquitect\u00f3nica","og_url":"https:\/\/centrourbano.com\/revista\/arquitectura-2\/destaca-arquitectura-en-la-feria-internacional-de-las-culturas-amigas\/","og_site_name":"Centro Urbano","article_publisher":"https:\/\/www.facebook.com\/portalcentrourbano","article_published_time":"2018-04-11T22:15:34+00:00","og_image":[{"width":769,"height":451,"url":"https:\/\/centrourbano.com\/revista\/wp-content\/uploads\/Definen-despacho-a-cargo-del-proyecto-Feria-de-las-Culturas-Amigas-2017.png","type":"image\/png"}],"author":"Dinorah Nava","twitter_card":"summary_large_image","twitter_creator":"@https:\/\/twitter.com\/Dinorah_Nava28","twitter_site":"@CentroUrbano","twitter_misc":{"Escrito por":"Dinorah Nava","Tiempo de lectura":"5 minutos"},"schema":{"@context":"https:\/\/schema.org","@graph":[{"@type":"Article","@id":"https:\/\/centrourbano.com\/revista\/arquitectura-2\/destaca-arquitectura-en-la-feria-internacional-de-las-culturas-amigas\/#article","isPartOf":{"@id":"https:\/\/centrourbano.com\/revista\/arquitectura-2\/destaca-arquitectura-en-la-feria-internacional-de-las-culturas-amigas\/"},"author":{"name":"Dinorah Nava","@id":"https:\/\/centrourbano.com\/revista\/#\/schema\/person\/b45db815d96831257ba428a3d5a5fbdc"},"headline":"Destaca arquitectura en la Feria Internacional de las Culturas Amigas","datePublished":"2018-04-11T22:15:34+00:00","mainEntityOfPage":{"@id":"https:\/\/centrourbano.com\/revista\/arquitectura-2\/destaca-arquitectura-en-la-feria-internacional-de-las-culturas-amigas\/"},"wordCount":912,"commentCount":0,"publisher":{"@id":"https:\/\/centrourbano.com\/revista\/#organization"},"image":{"@id":"https:\/\/centrourbano.com\/revista\/arquitectura-2\/destaca-arquitectura-en-la-feria-internacional-de-las-culturas-amigas\/#primaryimage"},"thumbnailUrl":"https:\/\/centrourbano.com\/revista\/wp-content\/uploads\/Definen-despacho-a-cargo-del-proyecto-Feria-de-las-Culturas-Amigas-2017.png","keywords":["arquitectura","CDMX","FCA","Feria de las Culturas Amigas","Feria Internacional de las Culturas Amigas","FICA","Pabell\u00f3n","Paseo de la Reforma","Z\u00f3calo"],"articleSection":["Arquitectura","Reportajes"],"inLanguage":"es","potentialAction":[{"@type":"CommentAction","name":"Comment","target":["https:\/\/centrourbano.com\/revista\/arquitectura-2\/destaca-arquitectura-en-la-feria-internacional-de-las-culturas-amigas\/#respond"]}]},{"@type":"WebPage","@id":"https:\/\/centrourbano.com\/revista\/arquitectura-2\/destaca-arquitectura-en-la-feria-internacional-de-las-culturas-amigas\/","url":"https:\/\/centrourbano.com\/revista\/arquitectura-2\/destaca-arquitectura-en-la-feria-internacional-de-las-culturas-amigas\/","name":"Destaca arquitectura en la Feria Internacional de las Culturas Amigas","isPartOf":{"@id":"https:\/\/centrourbano.com\/revista\/#website"},"primaryImageOfPage":{"@id":"https:\/\/centrourbano.com\/revista\/arquitectura-2\/destaca-arquitectura-en-la-feria-internacional-de-las-culturas-amigas\/#primaryimage"},"image":{"@id":"https:\/\/centrourbano.com\/revista\/arquitectura-2\/destaca-arquitectura-en-la-feria-internacional-de-las-culturas-amigas\/#primaryimage"},"thumbnailUrl":"https:\/\/centrourbano.com\/revista\/wp-content\/uploads\/Definen-despacho-a-cargo-del-proyecto-Feria-de-las-Culturas-Amigas-2017.png","datePublished":"2018-04-11T22:15:34+00:00","description":"Cada a\u00f1o se instala un Pabell\u00f3n en el Z\u00f3calo de la CDMX, el cual, tras un concurso, es realizado por el despacho que presente la mejor propuesta arquitect\u00f3nica","breadcrumb":{"@id":"https:\/\/centrourbano.com\/revista\/arquitectura-2\/destaca-arquitectura-en-la-feria-internacional-de-las-culturas-amigas\/#breadcrumb"},"inLanguage":"es","potentialAction":[{"@type":"ReadAction","target":["https:\/\/centrourbano.com\/revista\/arquitectura-2\/destaca-arquitectura-en-la-feria-internacional-de-las-culturas-amigas\/"]}]},{"@type":"ImageObject","inLanguage":"es","@id":"https:\/\/centrourbano.com\/revista\/arquitectura-2\/destaca-arquitectura-en-la-feria-internacional-de-las-culturas-amigas\/#primaryimage","url":"https:\/\/centrourbano.com\/revista\/wp-content\/uploads\/Definen-despacho-a-cargo-del-proyecto-Feria-de-las-Culturas-Amigas-2017.png","contentUrl":"https:\/\/centrourbano.com\/revista\/wp-content\/uploads\/Definen-despacho-a-cargo-del-proyecto-Feria-de-las-Culturas-Amigas-2017.png","width":769,"height":451,"caption":"Definen despacho a cargo del proyecto Feria de las Culturas Amigas 2017"},{"@type":"BreadcrumbList","@id":"https:\/\/centrourbano.com\/revista\/arquitectura-2\/destaca-arquitectura-en-la-feria-internacional-de-las-culturas-amigas\/#breadcrumb","itemListElement":[{"@type":"ListItem","position":1,"name":"Portada","item":"https:\/\/centrourbano.com\/revista\/"},{"@type":"ListItem","position":2,"name":"Destaca arquitectura en la Feria Internacional de las Culturas Amigas"}]},{"@type":"WebSite","@id":"https:\/\/centrourbano.com\/revista\/#website","url":"https:\/\/centrourbano.com\/revista\/","name":"Centro Urbano","description":"Medio especializado en los sectores vivienda, inmobiliario, construcci\u00f3n, arquitectura y urbanismo.","publisher":{"@id":"https:\/\/centrourbano.com\/revista\/#organization"},"potentialAction":[{"@type":"SearchAction","target":{"@type":"EntryPoint","urlTemplate":"https:\/\/centrourbano.com\/revista\/?s={search_term_string}"},"query-input":{"@type":"PropertyValueSpecification","valueRequired":true,"valueName":"search_term_string"}}],"inLanguage":"es"},{"@type":"Organization","@id":"https:\/\/centrourbano.com\/revista\/#organization","name":"Centro Urbano","url":"https:\/\/centrourbano.com\/revista\/","logo":{"@type":"ImageObject","inLanguage":"es","@id":"https:\/\/centrourbano.com\/revista\/#\/schema\/logo\/image\/","url":"https:\/\/centrourbano.com\/revista\/wp-content\/uploads\/web_CU_logo-1.png","contentUrl":"https:\/\/centrourbano.com\/revista\/wp-content\/uploads\/web_CU_logo-1.png","width":350,"height":91,"caption":"Centro Urbano"},"image":{"@id":"https:\/\/centrourbano.com\/revista\/#\/schema\/logo\/image\/"},"sameAs":["https:\/\/www.facebook.com\/portalcentrourbano","https:\/\/x.com\/CentroUrbano","https:\/\/www.instagram.com\/centro_urbano\/","https:\/\/www.linkedin.com\/company\/centro-urbano\/","http:\/\/www.youtube.com\/user\/portalcentrourbano"]},{"@type":"Person","@id":"https:\/\/centrourbano.com\/revista\/#\/schema\/person\/b45db815d96831257ba428a3d5a5fbdc","name":"Dinorah Nava","image":{"@type":"ImageObject","inLanguage":"es","@id":"https:\/\/secure.gravatar.com\/avatar\/f6ca6430c51d147f363940f84e1225aa4b8183885c11802cc3b042305a4ecc1a?s=96&d=mm&r=g","url":"https:\/\/secure.gravatar.com\/avatar\/f6ca6430c51d147f363940f84e1225aa4b8183885c11802cc3b042305a4ecc1a?s=96&d=mm&r=g","contentUrl":"https:\/\/secure.gravatar.com\/avatar\/f6ca6430c51d147f363940f84e1225aa4b8183885c11802cc3b042305a4ecc1a?s=96&d=mm&r=g","caption":"Dinorah Nava"},"description":"Editora de Contenidos y Estrategias Digitales en Centro Urbano y Coeditora en Peri\u00f3dico Mi Casa. Egresada de la licenciatura en Comunicaci\u00f3n y Periodismo de la Facultad de Estudios Superiores Arag\u00f3n (UNAM). Amante de la edici\u00f3n y correcci\u00f3n de estilo, las redes sociales y el mundo digital. Especialista en temas son arquitectura, inmobiliario y urbanismo.","sameAs":["linkedin.com\/in\/dinorah-nava","https:\/\/x.com\/https:\/\/twitter.com\/Dinorah_Nava28"],"url":"https:\/\/centrourbano.com\/revista\/author\/dinorah-nava\/"}]}},"_links":{"self":[{"href":"https:\/\/centrourbano.com\/revista\/wp-json\/wp\/v2\/posts\/69810","targetHints":{"allow":["GET"]}}],"collection":[{"href":"https:\/\/centrourbano.com\/revista\/wp-json\/wp\/v2\/posts"}],"about":[{"href":"https:\/\/centrourbano.com\/revista\/wp-json\/wp\/v2\/types\/post"}],"author":[{"embeddable":true,"href":"https:\/\/centrourbano.com\/revista\/wp-json\/wp\/v2\/users\/9"}],"replies":[{"embeddable":true,"href":"https:\/\/centrourbano.com\/revista\/wp-json\/wp\/v2\/comments?post=69810"}],"version-history":[{"count":1,"href":"https:\/\/centrourbano.com\/revista\/wp-json\/wp\/v2\/posts\/69810\/revisions"}],"predecessor-version":[{"id":69827,"href":"https:\/\/centrourbano.com\/revista\/wp-json\/wp\/v2\/posts\/69810\/revisions\/69827"}],"wp:featuredmedia":[{"embeddable":true,"href":"https:\/\/centrourbano.com\/revista\/wp-json\/wp\/v2\/media\/45092"}],"wp:attachment":[{"href":"https:\/\/centrourbano.com\/revista\/wp-json\/wp\/v2\/media?parent=69810"}],"wp:term":[{"taxonomy":"category","embeddable":true,"href":"https:\/\/centrourbano.com\/revista\/wp-json\/wp\/v2\/categories?post=69810"},{"taxonomy":"post_tag","embeddable":true,"href":"https:\/\/centrourbano.com\/revista\/wp-json\/wp\/v2\/tags?post=69810"}],"curies":[{"name":"wp","href":"https:\/\/api.w.org\/{rel}","templated":true}]}}