{"id":69737,"date":"2018-04-10T15:57:01","date_gmt":"2018-04-10T20:57:01","guid":{"rendered":"https:\/\/centrourbano.com\/?p=69737"},"modified":"2018-08-15T18:11:14","modified_gmt":"2018-08-15T23:11:14","slug":"buscaran-fortalecer-relaciones-islas","status":"publish","type":"post","link":"https:\/\/centrourbano.com\/revista\/actualidad\/buscaran-fortalecer-relaciones-islas\/","title":{"rendered":"Buscar\u00e1n fortalecer relaciones entre islas en la segunda edici\u00f3n del SIWC"},"content":{"rendered":"<p><em>L\u00edderes y expertos impartir\u00e1n conferencias en beneficio de los territorios insulares<\/em><!--more--><\/p>\n<p>La edici\u00f3n 2018 del <strong>Congreso Mundial de las Islas Inteligentes<\/strong> (SIWC) tendr\u00e1 como principales objetivos el fortalecimiento de las relaciones entre los territorios insulares, esto para abordar desaf\u00edos como el cambio clim\u00e1tico, la competencia econ\u00f3mica, la innovaci\u00f3n tecnol\u00f3gica y el turismo.<\/p>\n<p>A su vez, se discutir\u00e1 la necesidad de encontrar sinergias y fortalecer los lazos que las conectan mientras enfrentan sus mayores desaf\u00edos para convertirse en las islas del futuro.<\/p>\n<p>Esta segunda edici\u00f3n se llevar\u00e1 a cabo en Calvi\u00e0, Mallorca (Espa\u00f1a), \u00a0el 23 y 24 de abril, en donde se convocar\u00e1 a representantes de islas de todo el mundo, adem\u00e1s de 95 oradores y \u00a025 expositores.<\/p>\n<p>El programa del congreso est\u00e1 conformado por tres temas principales: el liderazgo de las islas en la industria del turismo, los desaf\u00edos que enfrentar\u00e1n en el futuro y los recursos disponibles para los territorios insulares.<\/p>\n<p>Este evento incluye 15 conferencias relacionadas a los temas, que ser\u00e1n impartidas por los oradores, en los que destacan\u00a0 l\u00edderes isle\u00f1os, expertos de industrias y directivos de centros de investigaci\u00f3n, universidades, gobiernos y organizaciones internacionales.<\/p>\n<p>Entre los principales oradores se encuentran <a href=\"http:\/\/douglansky.com\/about\/\" target=\"_blank\" rel=\"noopener noreferrer\"><strong>Doug Lansky<\/strong><\/a>, consultor y experto en turismo y las futuras tendencias del sector, y <a href=\"http:\/\/lauriannainsworth.com\/\" target=\"_blank\" rel=\"noopener noreferrer\"><strong>Lauri-Ann Ainsworth<\/strong><\/a>, directora de Desarrollo y comunicaciones del Branson Centre of Entrepreneurship &#8211; Caribbean (Centro Branson para la Iniciativa Empresarial en el Caribe).<\/p>\n<p>Tambi\u00e9n se contar\u00e1 con la presencia de Kate Brown, directora ejecutiva de la Alianza Global para las Islas, asociaci\u00f3n de la Organizaci\u00f3n de las Naciones Unidad (ONU) que agrupa a los territorios insulares y promueve la cooperaci\u00f3n entre islas en \u00e1reas como la conservaci\u00f3n de la naturaleza y la sustentabilidad.<\/p>\n<p>El Congreso Mundial de Islas Inteligentes es respaldado por el <a href=\"http:\/\/www.bancomundial.org\/\" target=\"_blank\" rel=\"noopener noreferrer\"><strong>Banco Mundial<\/strong><\/a>, <a href=\"https:\/\/es.unhabitat.org\/\" target=\"_blank\" rel=\"noopener noreferrer\"><strong>ONU-Habitat<\/strong><\/a>, <strong>la Alianza Global para la Islas<\/strong> y la Red Dafni; ser\u00e1 organizado por <a href=\"http:\/\/www.firabarcelona.com\/\" target=\"_blank\" rel=\"noopener noreferrer\"><strong>Fira de Barcelona,<\/strong> <\/a>instituci\u00f3n ferial que tambi\u00e9n es promovedora del Congreso Mundial de Ciudades Inteligentes desde 2011.<\/p>\n","protected":false},"excerpt":{"rendered":"<p>L\u00edderes y expertos impartir\u00e1n conferencias en beneficio de los territorios insulares<\/p>\n","protected":false},"author":64,"featured_media":69739,"comment_status":"open","ping_status":"closed","sticky":false,"template":"","format":"standard","meta":{"om_disable_all_campaigns":false,"inline_featured_image":false,"_monsterinsights_skip_tracking":false,"_monsterinsights_sitenote_active":false,"_monsterinsights_sitenote_note":"","_monsterinsights_sitenote_category":0,"footnotes":""},"categories":[80],"tags":[7503,254,13116,7284,13118,13119,13115,1761,7146,6920,13117,165,54],"class_list":["post-69737","post","type-post","status-publish","format-standard","has-post-thumbnail","hentry","category-actualidad","tag-congreso","tag-desarrollo","tag-edicion","tag-futuro","tag-industrias","tag-internacionales","tag-islas","tag-mundial","tag-naturaleza","tag-relaciones","tag-representantes","tag-sustentabilidad","tag-turismo"],"yoast_head":"<!-- This site is optimized with the Yoast SEO plugin v27.5 - https:\/\/yoast.com\/product\/yoast-seo-wordpress\/ -->\n<title>Buscar\u00e1n fortalecer relaciones entre islas en la segunda edici\u00f3n del SIWC<\/title>\n<meta name=\"description\" content=\"L\u00edderes y expertos impartir\u00e1n conferencias en beneficio de los territorios insulares\" \/>\n<meta name=\"robots\" content=\"index, follow, max-snippet:-1, max-image-preview:large, max-video-preview:-1\" \/>\n<link rel=\"canonical\" href=\"https:\/\/centrourbano.com\/revista\/actualidad\/buscaran-fortalecer-relaciones-islas\/\" \/>\n<meta property=\"og:locale\" content=\"es_ES\" \/>\n<meta property=\"og:type\" content=\"article\" \/>\n<meta property=\"og:title\" content=\"Buscar\u00e1n fortalecer relaciones entre islas en la segunda edici\u00f3n del SIWC\" \/>\n<meta property=\"og:description\" content=\"L\u00edderes y expertos impartir\u00e1n conferencias en beneficio de los territorios insulares\" \/>\n<meta property=\"og:url\" content=\"https:\/\/centrourbano.com\/revista\/actualidad\/buscaran-fortalecer-relaciones-islas\/\" \/>\n<meta property=\"og:site_name\" content=\"Centro Urbano\" \/>\n<meta property=\"article:publisher\" content=\"https:\/\/www.facebook.com\/portalcentrourbano\" \/>\n<meta property=\"article:published_time\" content=\"2018-04-10T20:57:01+00:00\" \/>\n<meta property=\"article:modified_time\" content=\"2018-08-15T23:11:14+00:00\" \/>\n<meta property=\"og:image\" content=\"https:\/\/centrourbano.com\/revista\/wp-content\/uploads\/islas.jpg\" \/>\n\t<meta property=\"og:image:width\" content=\"960\" \/>\n\t<meta property=\"og:image:height\" content=\"640\" \/>\n\t<meta property=\"og:image:type\" content=\"image\/jpeg\" \/>\n<meta name=\"author\" content=\"Karla Esperanza\" \/>\n<meta name=\"twitter:card\" content=\"summary_large_image\" \/>\n<meta name=\"twitter:creator\" content=\"@CentroUrbano\" \/>\n<meta name=\"twitter:site\" content=\"@CentroUrbano\" \/>\n<meta name=\"twitter:label1\" content=\"Escrito por\" \/>\n\t<meta name=\"twitter:data1\" content=\"Karla Esperanza\" \/>\n\t<meta name=\"twitter:label2\" content=\"Tiempo de lectura\" \/>\n\t<meta name=\"twitter:data2\" content=\"2 minutos\" \/>\n<script type=\"application\/ld+json\" class=\"yoast-schema-graph\">{\"@context\":\"https:\\\/\\\/schema.org\",\"@graph\":[{\"@type\":\"Article\",\"@id\":\"https:\\\/\\\/centrourbano.com\\\/revista\\\/actualidad\\\/buscaran-fortalecer-relaciones-islas\\\/#article\",\"isPartOf\":{\"@id\":\"https:\\\/\\\/centrourbano.com\\\/revista\\\/actualidad\\\/buscaran-fortalecer-relaciones-islas\\\/\"},\"author\":{\"name\":\"Karla Esperanza\",\"@id\":\"https:\\\/\\\/centrourbano.com\\\/revista\\\/#\\\/schema\\\/person\\\/1d952c872f21e733a753a18cc4b5298a\"},\"headline\":\"Buscar\u00e1n fortalecer relaciones entre islas en la segunda edici\u00f3n del SIWC\",\"datePublished\":\"2018-04-10T20:57:01+00:00\",\"dateModified\":\"2018-08-15T23:11:14+00:00\",\"mainEntityOfPage\":{\"@id\":\"https:\\\/\\\/centrourbano.com\\\/revista\\\/actualidad\\\/buscaran-fortalecer-relaciones-islas\\\/\"},\"wordCount\":354,\"commentCount\":0,\"publisher\":{\"@id\":\"https:\\\/\\\/centrourbano.com\\\/revista\\\/#organization\"},\"image\":{\"@id\":\"https:\\\/\\\/centrourbano.com\\\/revista\\\/actualidad\\\/buscaran-fortalecer-relaciones-islas\\\/#primaryimage\"},\"thumbnailUrl\":\"https:\\\/\\\/centrourbano.com\\\/revista\\\/wp-content\\\/uploads\\\/islas.jpg\",\"keywords\":[\"Congreso\",\"desarrollo\",\"edici\u00f3n\",\"futuro\",\"industrias\",\"internacionales\",\"islas\",\"mundial\",\"naturaleza\",\"relaciones\",\"representantes\",\"sustentabilidad\",\"turismo\"],\"articleSection\":[\"Actualidad\"],\"inLanguage\":\"es\",\"potentialAction\":[{\"@type\":\"CommentAction\",\"name\":\"Comment\",\"target\":[\"https:\\\/\\\/centrourbano.com\\\/revista\\\/actualidad\\\/buscaran-fortalecer-relaciones-islas\\\/#respond\"]}]},{\"@type\":\"WebPage\",\"@id\":\"https:\\\/\\\/centrourbano.com\\\/revista\\\/actualidad\\\/buscaran-fortalecer-relaciones-islas\\\/\",\"url\":\"https:\\\/\\\/centrourbano.com\\\/revista\\\/actualidad\\\/buscaran-fortalecer-relaciones-islas\\\/\",\"name\":\"Buscar\u00e1n fortalecer relaciones entre islas en la segunda edici\u00f3n del SIWC\",\"isPartOf\":{\"@id\":\"https:\\\/\\\/centrourbano.com\\\/revista\\\/#website\"},\"primaryImageOfPage\":{\"@id\":\"https:\\\/\\\/centrourbano.com\\\/revista\\\/actualidad\\\/buscaran-fortalecer-relaciones-islas\\\/#primaryimage\"},\"image\":{\"@id\":\"https:\\\/\\\/centrourbano.com\\\/revista\\\/actualidad\\\/buscaran-fortalecer-relaciones-islas\\\/#primaryimage\"},\"thumbnailUrl\":\"https:\\\/\\\/centrourbano.com\\\/revista\\\/wp-content\\\/uploads\\\/islas.jpg\",\"datePublished\":\"2018-04-10T20:57:01+00:00\",\"dateModified\":\"2018-08-15T23:11:14+00:00\",\"description\":\"L\u00edderes y expertos impartir\u00e1n conferencias en beneficio de los territorios insulares\",\"breadcrumb\":{\"@id\":\"https:\\\/\\\/centrourbano.com\\\/revista\\\/actualidad\\\/buscaran-fortalecer-relaciones-islas\\\/#breadcrumb\"},\"inLanguage\":\"es\",\"potentialAction\":[{\"@type\":\"ReadAction\",\"target\":[\"https:\\\/\\\/centrourbano.com\\\/revista\\\/actualidad\\\/buscaran-fortalecer-relaciones-islas\\\/\"]}]},{\"@type\":\"ImageObject\",\"inLanguage\":\"es\",\"@id\":\"https:\\\/\\\/centrourbano.com\\\/revista\\\/actualidad\\\/buscaran-fortalecer-relaciones-islas\\\/#primaryimage\",\"url\":\"https:\\\/\\\/centrourbano.com\\\/revista\\\/wp-content\\\/uploads\\\/islas.jpg\",\"contentUrl\":\"https:\\\/\\\/centrourbano.com\\\/revista\\\/wp-content\\\/uploads\\\/islas.jpg\",\"width\":960,\"height\":640,\"caption\":\"L\u00edderes y expertos impartir\u00e1n conferencias en beneficio de los territorios insulares\"},{\"@type\":\"BreadcrumbList\",\"@id\":\"https:\\\/\\\/centrourbano.com\\\/revista\\\/actualidad\\\/buscaran-fortalecer-relaciones-islas\\\/#breadcrumb\",\"itemListElement\":[{\"@type\":\"ListItem\",\"position\":1,\"name\":\"Portada\",\"item\":\"https:\\\/\\\/centrourbano.com\\\/revista\\\/\"},{\"@type\":\"ListItem\",\"position\":2,\"name\":\"Buscar\u00e1n fortalecer relaciones entre islas en la segunda edici\u00f3n del SIWC\"}]},{\"@type\":\"WebSite\",\"@id\":\"https:\\\/\\\/centrourbano.com\\\/revista\\\/#website\",\"url\":\"https:\\\/\\\/centrourbano.com\\\/revista\\\/\",\"name\":\"Centro Urbano\",\"description\":\"Medio especializado en los sectores vivienda, inmobiliario, construcci\u00f3n, arquitectura y urbanismo.\",\"publisher\":{\"@id\":\"https:\\\/\\\/centrourbano.com\\\/revista\\\/#organization\"},\"potentialAction\":[{\"@type\":\"SearchAction\",\"target\":{\"@type\":\"EntryPoint\",\"urlTemplate\":\"https:\\\/\\\/centrourbano.com\\\/revista\\\/?s={search_term_string}\"},\"query-input\":{\"@type\":\"PropertyValueSpecification\",\"valueRequired\":true,\"valueName\":\"search_term_string\"}}],\"inLanguage\":\"es\"},{\"@type\":\"Organization\",\"@id\":\"https:\\\/\\\/centrourbano.com\\\/revista\\\/#organization\",\"name\":\"Centro Urbano\",\"url\":\"https:\\\/\\\/centrourbano.com\\\/revista\\\/\",\"logo\":{\"@type\":\"ImageObject\",\"inLanguage\":\"es\",\"@id\":\"https:\\\/\\\/centrourbano.com\\\/revista\\\/#\\\/schema\\\/logo\\\/image\\\/\",\"url\":\"https:\\\/\\\/centrourbano.com\\\/revista\\\/wp-content\\\/uploads\\\/web_CU_logo-1.png\",\"contentUrl\":\"https:\\\/\\\/centrourbano.com\\\/revista\\\/wp-content\\\/uploads\\\/web_CU_logo-1.png\",\"width\":350,\"height\":91,\"caption\":\"Centro Urbano\"},\"image\":{\"@id\":\"https:\\\/\\\/centrourbano.com\\\/revista\\\/#\\\/schema\\\/logo\\\/image\\\/\"},\"sameAs\":[\"https:\\\/\\\/www.facebook.com\\\/portalcentrourbano\",\"https:\\\/\\\/x.com\\\/CentroUrbano\",\"https:\\\/\\\/www.instagram.com\\\/centro_urbano\\\/\",\"https:\\\/\\\/www.linkedin.com\\\/company\\\/centro-urbano\\\/\",\"http:\\\/\\\/www.youtube.com\\\/user\\\/portalcentrourbano\"]},{\"@type\":\"Person\",\"@id\":\"https:\\\/\\\/centrourbano.com\\\/revista\\\/#\\\/schema\\\/person\\\/1d952c872f21e733a753a18cc4b5298a\",\"name\":\"Karla Esperanza\",\"image\":{\"@type\":\"ImageObject\",\"inLanguage\":\"es\",\"@id\":\"https:\\\/\\\/secure.gravatar.com\\\/avatar\\\/bea847a7925ef868d37c5a55ab5e341c9e769fab11b85a359090daa4d6fb4a2e?s=96&d=mm&r=g\",\"url\":\"https:\\\/\\\/secure.gravatar.com\\\/avatar\\\/bea847a7925ef868d37c5a55ab5e341c9e769fab11b85a359090daa4d6fb4a2e?s=96&d=mm&r=g\",\"contentUrl\":\"https:\\\/\\\/secure.gravatar.com\\\/avatar\\\/bea847a7925ef868d37c5a55ab5e341c9e769fab11b85a359090daa4d6fb4a2e?s=96&d=mm&r=g\",\"caption\":\"Karla Esperanza\"},\"url\":\"https:\\\/\\\/centrourbano.com\\\/revista\\\/author\\\/karla-esperanza\\\/\"}]}<\/script>\n<!-- \/ Yoast SEO plugin. -->","yoast_head_json":{"title":"Buscar\u00e1n fortalecer relaciones entre islas en la segunda edici\u00f3n del SIWC","description":"L\u00edderes y expertos impartir\u00e1n conferencias en beneficio de los territorios insulares","robots":{"index":"index","follow":"follow","max-snippet":"max-snippet:-1","max-image-preview":"max-image-preview:large","max-video-preview":"max-video-preview:-1"},"canonical":"https:\/\/centrourbano.com\/revista\/actualidad\/buscaran-fortalecer-relaciones-islas\/","og_locale":"es_ES","og_type":"article","og_title":"Buscar\u00e1n fortalecer relaciones entre islas en la segunda edici\u00f3n del SIWC","og_description":"L\u00edderes y expertos impartir\u00e1n conferencias en beneficio de los territorios insulares","og_url":"https:\/\/centrourbano.com\/revista\/actualidad\/buscaran-fortalecer-relaciones-islas\/","og_site_name":"Centro Urbano","article_publisher":"https:\/\/www.facebook.com\/portalcentrourbano","article_published_time":"2018-04-10T20:57:01+00:00","article_modified_time":"2018-08-15T23:11:14+00:00","og_image":[{"width":960,"height":640,"url":"https:\/\/centrourbano.com\/revista\/wp-content\/uploads\/islas.jpg","type":"image\/jpeg"}],"author":"Karla Esperanza","twitter_card":"summary_large_image","twitter_creator":"@CentroUrbano","twitter_site":"@CentroUrbano","twitter_misc":{"Escrito por":"Karla Esperanza","Tiempo de lectura":"2 minutos"},"schema":{"@context":"https:\/\/schema.org","@graph":[{"@type":"Article","@id":"https:\/\/centrourbano.com\/revista\/actualidad\/buscaran-fortalecer-relaciones-islas\/#article","isPartOf":{"@id":"https:\/\/centrourbano.com\/revista\/actualidad\/buscaran-fortalecer-relaciones-islas\/"},"author":{"name":"Karla Esperanza","@id":"https:\/\/centrourbano.com\/revista\/#\/schema\/person\/1d952c872f21e733a753a18cc4b5298a"},"headline":"Buscar\u00e1n fortalecer relaciones entre islas en la segunda edici\u00f3n del SIWC","datePublished":"2018-04-10T20:57:01+00:00","dateModified":"2018-08-15T23:11:14+00:00","mainEntityOfPage":{"@id":"https:\/\/centrourbano.com\/revista\/actualidad\/buscaran-fortalecer-relaciones-islas\/"},"wordCount":354,"commentCount":0,"publisher":{"@id":"https:\/\/centrourbano.com\/revista\/#organization"},"image":{"@id":"https:\/\/centrourbano.com\/revista\/actualidad\/buscaran-fortalecer-relaciones-islas\/#primaryimage"},"thumbnailUrl":"https:\/\/centrourbano.com\/revista\/wp-content\/uploads\/islas.jpg","keywords":["Congreso","desarrollo","edici\u00f3n","futuro","industrias","internacionales","islas","mundial","naturaleza","relaciones","representantes","sustentabilidad","turismo"],"articleSection":["Actualidad"],"inLanguage":"es","potentialAction":[{"@type":"CommentAction","name":"Comment","target":["https:\/\/centrourbano.com\/revista\/actualidad\/buscaran-fortalecer-relaciones-islas\/#respond"]}]},{"@type":"WebPage","@id":"https:\/\/centrourbano.com\/revista\/actualidad\/buscaran-fortalecer-relaciones-islas\/","url":"https:\/\/centrourbano.com\/revista\/actualidad\/buscaran-fortalecer-relaciones-islas\/","name":"Buscar\u00e1n fortalecer relaciones entre islas en la segunda edici\u00f3n del SIWC","isPartOf":{"@id":"https:\/\/centrourbano.com\/revista\/#website"},"primaryImageOfPage":{"@id":"https:\/\/centrourbano.com\/revista\/actualidad\/buscaran-fortalecer-relaciones-islas\/#primaryimage"},"image":{"@id":"https:\/\/centrourbano.com\/revista\/actualidad\/buscaran-fortalecer-relaciones-islas\/#primaryimage"},"thumbnailUrl":"https:\/\/centrourbano.com\/revista\/wp-content\/uploads\/islas.jpg","datePublished":"2018-04-10T20:57:01+00:00","dateModified":"2018-08-15T23:11:14+00:00","description":"L\u00edderes y expertos impartir\u00e1n conferencias en beneficio de los territorios insulares","breadcrumb":{"@id":"https:\/\/centrourbano.com\/revista\/actualidad\/buscaran-fortalecer-relaciones-islas\/#breadcrumb"},"inLanguage":"es","potentialAction":[{"@type":"ReadAction","target":["https:\/\/centrourbano.com\/revista\/actualidad\/buscaran-fortalecer-relaciones-islas\/"]}]},{"@type":"ImageObject","inLanguage":"es","@id":"https:\/\/centrourbano.com\/revista\/actualidad\/buscaran-fortalecer-relaciones-islas\/#primaryimage","url":"https:\/\/centrourbano.com\/revista\/wp-content\/uploads\/islas.jpg","contentUrl":"https:\/\/centrourbano.com\/revista\/wp-content\/uploads\/islas.jpg","width":960,"height":640,"caption":"L\u00edderes y expertos impartir\u00e1n conferencias en beneficio de los territorios insulares"},{"@type":"BreadcrumbList","@id":"https:\/\/centrourbano.com\/revista\/actualidad\/buscaran-fortalecer-relaciones-islas\/#breadcrumb","itemListElement":[{"@type":"ListItem","position":1,"name":"Portada","item":"https:\/\/centrourbano.com\/revista\/"},{"@type":"ListItem","position":2,"name":"Buscar\u00e1n fortalecer relaciones entre islas en la segunda edici\u00f3n del SIWC"}]},{"@type":"WebSite","@id":"https:\/\/centrourbano.com\/revista\/#website","url":"https:\/\/centrourbano.com\/revista\/","name":"Centro Urbano","description":"Medio especializado en los sectores vivienda, inmobiliario, construcci\u00f3n, arquitectura y urbanismo.","publisher":{"@id":"https:\/\/centrourbano.com\/revista\/#organization"},"potentialAction":[{"@type":"SearchAction","target":{"@type":"EntryPoint","urlTemplate":"https:\/\/centrourbano.com\/revista\/?s={search_term_string}"},"query-input":{"@type":"PropertyValueSpecification","valueRequired":true,"valueName":"search_term_string"}}],"inLanguage":"es"},{"@type":"Organization","@id":"https:\/\/centrourbano.com\/revista\/#organization","name":"Centro Urbano","url":"https:\/\/centrourbano.com\/revista\/","logo":{"@type":"ImageObject","inLanguage":"es","@id":"https:\/\/centrourbano.com\/revista\/#\/schema\/logo\/image\/","url":"https:\/\/centrourbano.com\/revista\/wp-content\/uploads\/web_CU_logo-1.png","contentUrl":"https:\/\/centrourbano.com\/revista\/wp-content\/uploads\/web_CU_logo-1.png","width":350,"height":91,"caption":"Centro Urbano"},"image":{"@id":"https:\/\/centrourbano.com\/revista\/#\/schema\/logo\/image\/"},"sameAs":["https:\/\/www.facebook.com\/portalcentrourbano","https:\/\/x.com\/CentroUrbano","https:\/\/www.instagram.com\/centro_urbano\/","https:\/\/www.linkedin.com\/company\/centro-urbano\/","http:\/\/www.youtube.com\/user\/portalcentrourbano"]},{"@type":"Person","@id":"https:\/\/centrourbano.com\/revista\/#\/schema\/person\/1d952c872f21e733a753a18cc4b5298a","name":"Karla Esperanza","image":{"@type":"ImageObject","inLanguage":"es","@id":"https:\/\/secure.gravatar.com\/avatar\/bea847a7925ef868d37c5a55ab5e341c9e769fab11b85a359090daa4d6fb4a2e?s=96&d=mm&r=g","url":"https:\/\/secure.gravatar.com\/avatar\/bea847a7925ef868d37c5a55ab5e341c9e769fab11b85a359090daa4d6fb4a2e?s=96&d=mm&r=g","contentUrl":"https:\/\/secure.gravatar.com\/avatar\/bea847a7925ef868d37c5a55ab5e341c9e769fab11b85a359090daa4d6fb4a2e?s=96&d=mm&r=g","caption":"Karla Esperanza"},"url":"https:\/\/centrourbano.com\/revista\/author\/karla-esperanza\/"}]}},"_links":{"self":[{"href":"https:\/\/centrourbano.com\/revista\/wp-json\/wp\/v2\/posts\/69737","targetHints":{"allow":["GET"]}}],"collection":[{"href":"https:\/\/centrourbano.com\/revista\/wp-json\/wp\/v2\/posts"}],"about":[{"href":"https:\/\/centrourbano.com\/revista\/wp-json\/wp\/v2\/types\/post"}],"author":[{"embeddable":true,"href":"https:\/\/centrourbano.com\/revista\/wp-json\/wp\/v2\/users\/64"}],"replies":[{"embeddable":true,"href":"https:\/\/centrourbano.com\/revista\/wp-json\/wp\/v2\/comments?post=69737"}],"version-history":[{"count":2,"href":"https:\/\/centrourbano.com\/revista\/wp-json\/wp\/v2\/posts\/69737\/revisions"}],"predecessor-version":[{"id":76471,"href":"https:\/\/centrourbano.com\/revista\/wp-json\/wp\/v2\/posts\/69737\/revisions\/76471"}],"wp:featuredmedia":[{"embeddable":true,"href":"https:\/\/centrourbano.com\/revista\/wp-json\/wp\/v2\/media\/69739"}],"wp:attachment":[{"href":"https:\/\/centrourbano.com\/revista\/wp-json\/wp\/v2\/media?parent=69737"}],"wp:term":[{"taxonomy":"category","embeddable":true,"href":"https:\/\/centrourbano.com\/revista\/wp-json\/wp\/v2\/categories?post=69737"},{"taxonomy":"post_tag","embeddable":true,"href":"https:\/\/centrourbano.com\/revista\/wp-json\/wp\/v2\/tags?post=69737"}],"curies":[{"name":"wp","href":"https:\/\/api.w.org\/{rel}","templated":true}]}}