{"id":69492,"date":"2018-04-04T09:53:41","date_gmt":"2018-04-04T14:53:41","guid":{"rendered":"https:\/\/centrourbano.com\/?p=69492"},"modified":"2018-04-04T09:54:39","modified_gmt":"2018-04-04T14:54:39","slug":"tijuana-instalo-consejo-municipal-catastro-inmobiliario","status":"publish","type":"post","link":"https:\/\/centrourbano.com\/revista\/inmobiliario\/tijuana-instalo-consejo-municipal-catastro-inmobiliario\/","title":{"rendered":"Tijuana instal\u00f3 Consejo Municipal de Catastro Inmobiliario"},"content":{"rendered":"<p><em>Uno de los objetivos es determinar el costo del Impuesto Predial de manera adecuada<\/em><br \/>\n<!--more--><\/p>\n<p>El gobierno municipal de <a href=\"http:\/\/www.tijuana.gob.mx\/index.aspx\" rel=\"noopener\" target=\"_blank\">Tijuana<\/a>, Baja California, instal\u00f3 el Consejo Municipal de Catastro Inmobiliario 2018, con lo que se espera actualizar los valores catastrales de la ciudad, relacionadas con las propiedades particulares.<\/p>\n<p>En el Consejo participan 16 integrantes, representantes de la autoridad municipal, colegios especializados de arquitectos, ingenieros, notarios, los sectores inmobiliario y empresarial, as\u00ed como de la sociedad civil y vecinos. <\/p>\n<p>\u201cTodos ellos trabajar\u00e1n de forma transparente y apegada al reglamento de la Ley de Catastro Inmobiliario del estado de Baja California para el Municipio de Tijuana\u201d, asegur\u00f3 la administraci\u00f3n local.<\/p>\n<p>Tambi\u00e9n se tiene el prop\u00f3sito que mediante el an\u00e1lisis y definici\u00f3n de valores catastrales que proponga este consejo, se determine el costo del Impuesto Predial de una manera adecuada para el desarrollo de la comunidad.<\/p>\n<p>Por \u00faltimo, en la sesi\u00f3n de instalaci\u00f3n, los integrantes de este consejo aprobaron la propuesta de que la Secretar\u00eda de Desarrollo Urbano y Ecolog\u00eda (SDUE) funja como presidente suplente en los trabajos que se llevar\u00e1n a cabo durante este a\u00f1o, as\u00ed como que la Direcci\u00f3n de Catastro funja como la secretar\u00eda t\u00e9cnica del mismo.<\/p>\n","protected":false},"excerpt":{"rendered":"<p>Uno de los objetivos es determinar el costo del Impuesto Predial de manera adecuada<\/p>\n","protected":false},"author":37,"featured_media":69493,"comment_status":"open","ping_status":"closed","sticky":false,"template":"","format":"standard","meta":{"om_disable_all_campaigns":false,"inline_featured_image":false,"_monsterinsights_skip_tracking":false,"_monsterinsights_sitenote_active":false,"_monsterinsights_sitenote_note":"","_monsterinsights_sitenote_category":0,"footnotes":""},"categories":[15],"tags":[867,13070,1461,608,214],"class_list":["post-69492","post","type-post","status-publish","format-standard","has-post-thumbnail","hentry","category-inmobiliario","tag-baja-california","tag-consejo-inmobiliario","tag-notarios","tag-predial","tag-tijuana"],"yoast_head":"<!-- This site is optimized with the Yoast SEO plugin v27.5 - https:\/\/yoast.com\/product\/yoast-seo-wordpress\/ -->\n<title>Tijuana instal\u00f3 Consejo Municipal de Catastro Inmobiliario -<\/title>\n<meta name=\"description\" content=\"El gobierno municipal de Tijuana, Baja California, instal\u00f3 el Consejo Municipal de Catastro Inmobiliario 2018, con lo que se espera actualizar los valores catastrales de la ciudad, relacionadas con las propiedades particulares.\" \/>\n<meta name=\"robots\" content=\"index, follow, max-snippet:-1, max-image-preview:large, max-video-preview:-1\" \/>\n<link rel=\"canonical\" href=\"https:\/\/centrourbano.com\/revista\/inmobiliario\/tijuana-instalo-consejo-municipal-catastro-inmobiliario\/\" \/>\n<meta property=\"og:locale\" content=\"es_ES\" \/>\n<meta property=\"og:type\" content=\"article\" \/>\n<meta property=\"og:title\" content=\"Tijuana instal\u00f3 Consejo Municipal de Catastro Inmobiliario -\" \/>\n<meta property=\"og:description\" content=\"El gobierno municipal de Tijuana, Baja California, instal\u00f3 el Consejo Municipal de Catastro Inmobiliario 2018, con lo que se espera actualizar los valores catastrales de la ciudad, relacionadas con las propiedades particulares.\" \/>\n<meta property=\"og:url\" content=\"https:\/\/centrourbano.com\/revista\/inmobiliario\/tijuana-instalo-consejo-municipal-catastro-inmobiliario\/\" \/>\n<meta property=\"og:site_name\" content=\"Centro Urbano\" \/>\n<meta property=\"article:publisher\" content=\"https:\/\/www.facebook.com\/portalcentrourbano\" \/>\n<meta property=\"article:published_time\" content=\"2018-04-04T14:53:41+00:00\" \/>\n<meta property=\"article:modified_time\" content=\"2018-04-04T14:54:39+00:00\" \/>\n<meta property=\"og:image\" content=\"https:\/\/centrourbano.com\/revista\/wp-content\/uploads\/tijua-e1522853419104.jpg\" \/>\n\t<meta property=\"og:image:width\" content=\"800\" \/>\n\t<meta property=\"og:image:height\" content=\"527\" \/>\n\t<meta property=\"og:image:type\" content=\"image\/jpeg\" \/>\n<meta name=\"author\" content=\"Diego Rodr\u00edguez\" \/>\n<meta name=\"twitter:card\" content=\"summary_large_image\" \/>\n<meta name=\"twitter:creator\" content=\"@CentroUrbano\" \/>\n<meta name=\"twitter:site\" content=\"@CentroUrbano\" \/>\n<meta name=\"twitter:label1\" content=\"Escrito por\" \/>\n\t<meta name=\"twitter:data1\" content=\"Diego Rodr\u00edguez\" \/>\n\t<meta name=\"twitter:label2\" content=\"Tiempo de lectura\" \/>\n\t<meta name=\"twitter:data2\" content=\"1 minuto\" \/>\n<script type=\"application\/ld+json\" class=\"yoast-schema-graph\">{\"@context\":\"https:\\\/\\\/schema.org\",\"@graph\":[{\"@type\":\"Article\",\"@id\":\"https:\\\/\\\/centrourbano.com\\\/revista\\\/inmobiliario\\\/tijuana-instalo-consejo-municipal-catastro-inmobiliario\\\/#article\",\"isPartOf\":{\"@id\":\"https:\\\/\\\/centrourbano.com\\\/revista\\\/inmobiliario\\\/tijuana-instalo-consejo-municipal-catastro-inmobiliario\\\/\"},\"author\":{\"name\":\"Diego Rodr\u00edguez\",\"@id\":\"https:\\\/\\\/centrourbano.com\\\/revista\\\/#\\\/schema\\\/person\\\/dbdc8d1d633eb3e0461138eedc8a0615\"},\"headline\":\"Tijuana instal\u00f3 Consejo Municipal de Catastro Inmobiliario\",\"datePublished\":\"2018-04-04T14:53:41+00:00\",\"dateModified\":\"2018-04-04T14:54:39+00:00\",\"mainEntityOfPage\":{\"@id\":\"https:\\\/\\\/centrourbano.com\\\/revista\\\/inmobiliario\\\/tijuana-instalo-consejo-municipal-catastro-inmobiliario\\\/\"},\"wordCount\":215,\"commentCount\":0,\"publisher\":{\"@id\":\"https:\\\/\\\/centrourbano.com\\\/revista\\\/#organization\"},\"image\":{\"@id\":\"https:\\\/\\\/centrourbano.com\\\/revista\\\/inmobiliario\\\/tijuana-instalo-consejo-municipal-catastro-inmobiliario\\\/#primaryimage\"},\"thumbnailUrl\":\"https:\\\/\\\/centrourbano.com\\\/revista\\\/wp-content\\\/uploads\\\/tijua-e1522853419104.jpg\",\"keywords\":[\"Baja California\",\"Consejo Inmobiliario\",\"notarios\",\"Predial\",\"Tijuana\"],\"articleSection\":[\"Inmobiliario\"],\"inLanguage\":\"es\",\"potentialAction\":[{\"@type\":\"CommentAction\",\"name\":\"Comment\",\"target\":[\"https:\\\/\\\/centrourbano.com\\\/revista\\\/inmobiliario\\\/tijuana-instalo-consejo-municipal-catastro-inmobiliario\\\/#respond\"]}]},{\"@type\":\"WebPage\",\"@id\":\"https:\\\/\\\/centrourbano.com\\\/revista\\\/inmobiliario\\\/tijuana-instalo-consejo-municipal-catastro-inmobiliario\\\/\",\"url\":\"https:\\\/\\\/centrourbano.com\\\/revista\\\/inmobiliario\\\/tijuana-instalo-consejo-municipal-catastro-inmobiliario\\\/\",\"name\":\"Tijuana instal\u00f3 Consejo Municipal de Catastro Inmobiliario -\",\"isPartOf\":{\"@id\":\"https:\\\/\\\/centrourbano.com\\\/revista\\\/#website\"},\"primaryImageOfPage\":{\"@id\":\"https:\\\/\\\/centrourbano.com\\\/revista\\\/inmobiliario\\\/tijuana-instalo-consejo-municipal-catastro-inmobiliario\\\/#primaryimage\"},\"image\":{\"@id\":\"https:\\\/\\\/centrourbano.com\\\/revista\\\/inmobiliario\\\/tijuana-instalo-consejo-municipal-catastro-inmobiliario\\\/#primaryimage\"},\"thumbnailUrl\":\"https:\\\/\\\/centrourbano.com\\\/revista\\\/wp-content\\\/uploads\\\/tijua-e1522853419104.jpg\",\"datePublished\":\"2018-04-04T14:53:41+00:00\",\"dateModified\":\"2018-04-04T14:54:39+00:00\",\"description\":\"El gobierno municipal de Tijuana, Baja California, instal\u00f3 el Consejo Municipal de Catastro Inmobiliario 2018, con lo que se espera actualizar los valores catastrales de la ciudad, relacionadas con las propiedades particulares.\",\"breadcrumb\":{\"@id\":\"https:\\\/\\\/centrourbano.com\\\/revista\\\/inmobiliario\\\/tijuana-instalo-consejo-municipal-catastro-inmobiliario\\\/#breadcrumb\"},\"inLanguage\":\"es\",\"potentialAction\":[{\"@type\":\"ReadAction\",\"target\":[\"https:\\\/\\\/centrourbano.com\\\/revista\\\/inmobiliario\\\/tijuana-instalo-consejo-municipal-catastro-inmobiliario\\\/\"]}]},{\"@type\":\"ImageObject\",\"inLanguage\":\"es\",\"@id\":\"https:\\\/\\\/centrourbano.com\\\/revista\\\/inmobiliario\\\/tijuana-instalo-consejo-municipal-catastro-inmobiliario\\\/#primaryimage\",\"url\":\"https:\\\/\\\/centrourbano.com\\\/revista\\\/wp-content\\\/uploads\\\/tijua-e1522853419104.jpg\",\"contentUrl\":\"https:\\\/\\\/centrourbano.com\\\/revista\\\/wp-content\\\/uploads\\\/tijua-e1522853419104.jpg\",\"width\":800,\"height\":527,\"caption\":\"Uno de los objetivos es determinar el costo del Impuesto Predial de manera adecuada\"},{\"@type\":\"BreadcrumbList\",\"@id\":\"https:\\\/\\\/centrourbano.com\\\/revista\\\/inmobiliario\\\/tijuana-instalo-consejo-municipal-catastro-inmobiliario\\\/#breadcrumb\",\"itemListElement\":[{\"@type\":\"ListItem\",\"position\":1,\"name\":\"Portada\",\"item\":\"https:\\\/\\\/centrourbano.com\\\/revista\\\/\"},{\"@type\":\"ListItem\",\"position\":2,\"name\":\"Tijuana instal\u00f3 Consejo Municipal de Catastro Inmobiliario\"}]},{\"@type\":\"WebSite\",\"@id\":\"https:\\\/\\\/centrourbano.com\\\/revista\\\/#website\",\"url\":\"https:\\\/\\\/centrourbano.com\\\/revista\\\/\",\"name\":\"Centro Urbano\",\"description\":\"Medio especializado en los sectores vivienda, inmobiliario, construcci\u00f3n, arquitectura y urbanismo.\",\"publisher\":{\"@id\":\"https:\\\/\\\/centrourbano.com\\\/revista\\\/#organization\"},\"potentialAction\":[{\"@type\":\"SearchAction\",\"target\":{\"@type\":\"EntryPoint\",\"urlTemplate\":\"https:\\\/\\\/centrourbano.com\\\/revista\\\/?s={search_term_string}\"},\"query-input\":{\"@type\":\"PropertyValueSpecification\",\"valueRequired\":true,\"valueName\":\"search_term_string\"}}],\"inLanguage\":\"es\"},{\"@type\":\"Organization\",\"@id\":\"https:\\\/\\\/centrourbano.com\\\/revista\\\/#organization\",\"name\":\"Centro Urbano\",\"url\":\"https:\\\/\\\/centrourbano.com\\\/revista\\\/\",\"logo\":{\"@type\":\"ImageObject\",\"inLanguage\":\"es\",\"@id\":\"https:\\\/\\\/centrourbano.com\\\/revista\\\/#\\\/schema\\\/logo\\\/image\\\/\",\"url\":\"https:\\\/\\\/centrourbano.com\\\/revista\\\/wp-content\\\/uploads\\\/web_CU_logo-1.png\",\"contentUrl\":\"https:\\\/\\\/centrourbano.com\\\/revista\\\/wp-content\\\/uploads\\\/web_CU_logo-1.png\",\"width\":350,\"height\":91,\"caption\":\"Centro Urbano\"},\"image\":{\"@id\":\"https:\\\/\\\/centrourbano.com\\\/revista\\\/#\\\/schema\\\/logo\\\/image\\\/\"},\"sameAs\":[\"https:\\\/\\\/www.facebook.com\\\/portalcentrourbano\",\"https:\\\/\\\/x.com\\\/CentroUrbano\",\"https:\\\/\\\/www.instagram.com\\\/centro_urbano\\\/\",\"https:\\\/\\\/www.linkedin.com\\\/company\\\/centro-urbano\\\/\",\"http:\\\/\\\/www.youtube.com\\\/user\\\/portalcentrourbano\"]},{\"@type\":\"Person\",\"@id\":\"https:\\\/\\\/centrourbano.com\\\/revista\\\/#\\\/schema\\\/person\\\/dbdc8d1d633eb3e0461138eedc8a0615\",\"name\":\"Diego Rodr\u00edguez\",\"image\":{\"@type\":\"ImageObject\",\"inLanguage\":\"es\",\"@id\":\"https:\\\/\\\/secure.gravatar.com\\\/avatar\\\/d217565525df2df5d4e7265d47758506f41845ed9529510921a7625d8365789d?s=96&d=mm&r=g\",\"url\":\"https:\\\/\\\/secure.gravatar.com\\\/avatar\\\/d217565525df2df5d4e7265d47758506f41845ed9529510921a7625d8365789d?s=96&d=mm&r=g\",\"contentUrl\":\"https:\\\/\\\/secure.gravatar.com\\\/avatar\\\/d217565525df2df5d4e7265d47758506f41845ed9529510921a7625d8365789d?s=96&d=mm&r=g\",\"caption\":\"Diego Rodr\u00edguez\"},\"description\":\"Egresado de la Facultad de Estudios Superiores Acatl\u00e1n de la carrera en Comunicaci\u00f3n, con especialidad en medios escritos. Reportero del desaparecido peri\u00f3dico Nuestro M\u00e9xico, en donde cubri\u00f3 las fuentes delegacionales y Asamblea Legislativa. Tambi\u00e9n trabaj\u00f3 en la Coordinaci\u00f3n de Comunicaci\u00f3n Social en la delegaci\u00f3n \u00c1lvaro Obreg\u00f3n. Le gusta leer novelas y cuentos.\",\"url\":\"https:\\\/\\\/centrourbano.com\\\/revista\\\/author\\\/diegorodriguez\\\/\"}]}<\/script>\n<!-- \/ Yoast SEO plugin. -->","yoast_head_json":{"title":"Tijuana instal\u00f3 Consejo Municipal de Catastro Inmobiliario -","description":"El gobierno municipal de Tijuana, Baja California, instal\u00f3 el Consejo Municipal de Catastro Inmobiliario 2018, con lo que se espera actualizar los valores catastrales de la ciudad, relacionadas con las propiedades particulares.","robots":{"index":"index","follow":"follow","max-snippet":"max-snippet:-1","max-image-preview":"max-image-preview:large","max-video-preview":"max-video-preview:-1"},"canonical":"https:\/\/centrourbano.com\/revista\/inmobiliario\/tijuana-instalo-consejo-municipal-catastro-inmobiliario\/","og_locale":"es_ES","og_type":"article","og_title":"Tijuana instal\u00f3 Consejo Municipal de Catastro Inmobiliario -","og_description":"El gobierno municipal de Tijuana, Baja California, instal\u00f3 el Consejo Municipal de Catastro Inmobiliario 2018, con lo que se espera actualizar los valores catastrales de la ciudad, relacionadas con las propiedades particulares.","og_url":"https:\/\/centrourbano.com\/revista\/inmobiliario\/tijuana-instalo-consejo-municipal-catastro-inmobiliario\/","og_site_name":"Centro Urbano","article_publisher":"https:\/\/www.facebook.com\/portalcentrourbano","article_published_time":"2018-04-04T14:53:41+00:00","article_modified_time":"2018-04-04T14:54:39+00:00","og_image":[{"width":800,"height":527,"url":"https:\/\/centrourbano.com\/revista\/wp-content\/uploads\/tijua-e1522853419104.jpg","type":"image\/jpeg"}],"author":"Diego Rodr\u00edguez","twitter_card":"summary_large_image","twitter_creator":"@CentroUrbano","twitter_site":"@CentroUrbano","twitter_misc":{"Escrito por":"Diego Rodr\u00edguez","Tiempo de lectura":"1 minuto"},"schema":{"@context":"https:\/\/schema.org","@graph":[{"@type":"Article","@id":"https:\/\/centrourbano.com\/revista\/inmobiliario\/tijuana-instalo-consejo-municipal-catastro-inmobiliario\/#article","isPartOf":{"@id":"https:\/\/centrourbano.com\/revista\/inmobiliario\/tijuana-instalo-consejo-municipal-catastro-inmobiliario\/"},"author":{"name":"Diego Rodr\u00edguez","@id":"https:\/\/centrourbano.com\/revista\/#\/schema\/person\/dbdc8d1d633eb3e0461138eedc8a0615"},"headline":"Tijuana instal\u00f3 Consejo Municipal de Catastro Inmobiliario","datePublished":"2018-04-04T14:53:41+00:00","dateModified":"2018-04-04T14:54:39+00:00","mainEntityOfPage":{"@id":"https:\/\/centrourbano.com\/revista\/inmobiliario\/tijuana-instalo-consejo-municipal-catastro-inmobiliario\/"},"wordCount":215,"commentCount":0,"publisher":{"@id":"https:\/\/centrourbano.com\/revista\/#organization"},"image":{"@id":"https:\/\/centrourbano.com\/revista\/inmobiliario\/tijuana-instalo-consejo-municipal-catastro-inmobiliario\/#primaryimage"},"thumbnailUrl":"https:\/\/centrourbano.com\/revista\/wp-content\/uploads\/tijua-e1522853419104.jpg","keywords":["Baja California","Consejo Inmobiliario","notarios","Predial","Tijuana"],"articleSection":["Inmobiliario"],"inLanguage":"es","potentialAction":[{"@type":"CommentAction","name":"Comment","target":["https:\/\/centrourbano.com\/revista\/inmobiliario\/tijuana-instalo-consejo-municipal-catastro-inmobiliario\/#respond"]}]},{"@type":"WebPage","@id":"https:\/\/centrourbano.com\/revista\/inmobiliario\/tijuana-instalo-consejo-municipal-catastro-inmobiliario\/","url":"https:\/\/centrourbano.com\/revista\/inmobiliario\/tijuana-instalo-consejo-municipal-catastro-inmobiliario\/","name":"Tijuana instal\u00f3 Consejo Municipal de Catastro Inmobiliario -","isPartOf":{"@id":"https:\/\/centrourbano.com\/revista\/#website"},"primaryImageOfPage":{"@id":"https:\/\/centrourbano.com\/revista\/inmobiliario\/tijuana-instalo-consejo-municipal-catastro-inmobiliario\/#primaryimage"},"image":{"@id":"https:\/\/centrourbano.com\/revista\/inmobiliario\/tijuana-instalo-consejo-municipal-catastro-inmobiliario\/#primaryimage"},"thumbnailUrl":"https:\/\/centrourbano.com\/revista\/wp-content\/uploads\/tijua-e1522853419104.jpg","datePublished":"2018-04-04T14:53:41+00:00","dateModified":"2018-04-04T14:54:39+00:00","description":"El gobierno municipal de Tijuana, Baja California, instal\u00f3 el Consejo Municipal de Catastro Inmobiliario 2018, con lo que se espera actualizar los valores catastrales de la ciudad, relacionadas con las propiedades particulares.","breadcrumb":{"@id":"https:\/\/centrourbano.com\/revista\/inmobiliario\/tijuana-instalo-consejo-municipal-catastro-inmobiliario\/#breadcrumb"},"inLanguage":"es","potentialAction":[{"@type":"ReadAction","target":["https:\/\/centrourbano.com\/revista\/inmobiliario\/tijuana-instalo-consejo-municipal-catastro-inmobiliario\/"]}]},{"@type":"ImageObject","inLanguage":"es","@id":"https:\/\/centrourbano.com\/revista\/inmobiliario\/tijuana-instalo-consejo-municipal-catastro-inmobiliario\/#primaryimage","url":"https:\/\/centrourbano.com\/revista\/wp-content\/uploads\/tijua-e1522853419104.jpg","contentUrl":"https:\/\/centrourbano.com\/revista\/wp-content\/uploads\/tijua-e1522853419104.jpg","width":800,"height":527,"caption":"Uno de los objetivos es determinar el costo del Impuesto Predial de manera adecuada"},{"@type":"BreadcrumbList","@id":"https:\/\/centrourbano.com\/revista\/inmobiliario\/tijuana-instalo-consejo-municipal-catastro-inmobiliario\/#breadcrumb","itemListElement":[{"@type":"ListItem","position":1,"name":"Portada","item":"https:\/\/centrourbano.com\/revista\/"},{"@type":"ListItem","position":2,"name":"Tijuana instal\u00f3 Consejo Municipal de Catastro Inmobiliario"}]},{"@type":"WebSite","@id":"https:\/\/centrourbano.com\/revista\/#website","url":"https:\/\/centrourbano.com\/revista\/","name":"Centro Urbano","description":"Medio especializado en los sectores vivienda, inmobiliario, construcci\u00f3n, arquitectura y urbanismo.","publisher":{"@id":"https:\/\/centrourbano.com\/revista\/#organization"},"potentialAction":[{"@type":"SearchAction","target":{"@type":"EntryPoint","urlTemplate":"https:\/\/centrourbano.com\/revista\/?s={search_term_string}"},"query-input":{"@type":"PropertyValueSpecification","valueRequired":true,"valueName":"search_term_string"}}],"inLanguage":"es"},{"@type":"Organization","@id":"https:\/\/centrourbano.com\/revista\/#organization","name":"Centro Urbano","url":"https:\/\/centrourbano.com\/revista\/","logo":{"@type":"ImageObject","inLanguage":"es","@id":"https:\/\/centrourbano.com\/revista\/#\/schema\/logo\/image\/","url":"https:\/\/centrourbano.com\/revista\/wp-content\/uploads\/web_CU_logo-1.png","contentUrl":"https:\/\/centrourbano.com\/revista\/wp-content\/uploads\/web_CU_logo-1.png","width":350,"height":91,"caption":"Centro Urbano"},"image":{"@id":"https:\/\/centrourbano.com\/revista\/#\/schema\/logo\/image\/"},"sameAs":["https:\/\/www.facebook.com\/portalcentrourbano","https:\/\/x.com\/CentroUrbano","https:\/\/www.instagram.com\/centro_urbano\/","https:\/\/www.linkedin.com\/company\/centro-urbano\/","http:\/\/www.youtube.com\/user\/portalcentrourbano"]},{"@type":"Person","@id":"https:\/\/centrourbano.com\/revista\/#\/schema\/person\/dbdc8d1d633eb3e0461138eedc8a0615","name":"Diego Rodr\u00edguez","image":{"@type":"ImageObject","inLanguage":"es","@id":"https:\/\/secure.gravatar.com\/avatar\/d217565525df2df5d4e7265d47758506f41845ed9529510921a7625d8365789d?s=96&d=mm&r=g","url":"https:\/\/secure.gravatar.com\/avatar\/d217565525df2df5d4e7265d47758506f41845ed9529510921a7625d8365789d?s=96&d=mm&r=g","contentUrl":"https:\/\/secure.gravatar.com\/avatar\/d217565525df2df5d4e7265d47758506f41845ed9529510921a7625d8365789d?s=96&d=mm&r=g","caption":"Diego Rodr\u00edguez"},"description":"Egresado de la Facultad de Estudios Superiores Acatl\u00e1n de la carrera en Comunicaci\u00f3n, con especialidad en medios escritos. Reportero del desaparecido peri\u00f3dico Nuestro M\u00e9xico, en donde cubri\u00f3 las fuentes delegacionales y Asamblea Legislativa. Tambi\u00e9n trabaj\u00f3 en la Coordinaci\u00f3n de Comunicaci\u00f3n Social en la delegaci\u00f3n \u00c1lvaro Obreg\u00f3n. Le gusta leer novelas y cuentos.","url":"https:\/\/centrourbano.com\/revista\/author\/diegorodriguez\/"}]}},"_links":{"self":[{"href":"https:\/\/centrourbano.com\/revista\/wp-json\/wp\/v2\/posts\/69492","targetHints":{"allow":["GET"]}}],"collection":[{"href":"https:\/\/centrourbano.com\/revista\/wp-json\/wp\/v2\/posts"}],"about":[{"href":"https:\/\/centrourbano.com\/revista\/wp-json\/wp\/v2\/types\/post"}],"author":[{"embeddable":true,"href":"https:\/\/centrourbano.com\/revista\/wp-json\/wp\/v2\/users\/37"}],"replies":[{"embeddable":true,"href":"https:\/\/centrourbano.com\/revista\/wp-json\/wp\/v2\/comments?post=69492"}],"version-history":[{"count":1,"href":"https:\/\/centrourbano.com\/revista\/wp-json\/wp\/v2\/posts\/69492\/revisions"}],"predecessor-version":[{"id":69494,"href":"https:\/\/centrourbano.com\/revista\/wp-json\/wp\/v2\/posts\/69492\/revisions\/69494"}],"wp:featuredmedia":[{"embeddable":true,"href":"https:\/\/centrourbano.com\/revista\/wp-json\/wp\/v2\/media\/69493"}],"wp:attachment":[{"href":"https:\/\/centrourbano.com\/revista\/wp-json\/wp\/v2\/media?parent=69492"}],"wp:term":[{"taxonomy":"category","embeddable":true,"href":"https:\/\/centrourbano.com\/revista\/wp-json\/wp\/v2\/categories?post=69492"},{"taxonomy":"post_tag","embeddable":true,"href":"https:\/\/centrourbano.com\/revista\/wp-json\/wp\/v2\/tags?post=69492"}],"curies":[{"name":"wp","href":"https:\/\/api.w.org\/{rel}","templated":true}]}}