{"id":6932,"date":"2014-05-16T15:00:25","date_gmt":"2014-05-16T20:00:25","guid":{"rendered":"http:\/\/centrourbano.com\/?p=6932"},"modified":"2014-05-18T23:38:37","modified_gmt":"2014-05-19T04:38:37","slug":"sedatu-fortalece-coordinacion-con-proteccion-civil-de-la-segob","status":"publish","type":"post","link":"https:\/\/centrourbano.com\/revista\/saladeprensa\/sedatu-fortalece-coordinacion-con-proteccion-civil-de-la-segob\/","title":{"rendered":"Sedatu fortalece coordinaci\u00f3n con Protecci\u00f3n Civil de la Segob"},"content":{"rendered":"<p>&nbsp;<\/p>\n<p><em>El secretario de Desarrollo Agrario, Territorial y Urbano, Jorge Carlos Ram\u00edrez Mar\u00edn, particip\u00f3 en la Convenci\u00f3n Nacional de Protecci\u00f3n Civil<\/em><!--more--><\/p>\n<p><strong><em>Acapulco, Guerrero.- <\/em><\/strong>En el marco de la Convenci\u00f3n Nacional de Protecci\u00f3n Civil 2014, el titular de la Secretar\u00eda de Desarrollo Agrario, Territorial y Urbano (SEDATU), Jorge Carlos Ram\u00edrez Mar\u00edn, subray\u00f3 que se fortalece la coordinaci\u00f3n con Protecci\u00f3n Civil de la Secretar\u00eda de Gobernaci\u00f3n para contar con informaci\u00f3n que permita evitar asentamientos en zonas irregulares y priorizar los lugares en los que se requieren ejercer recursos para este fin.<\/p>\n<p>Durante una reuni\u00f3n con el coordinador Nacional de Protecci\u00f3n Civil de la SEGOB, Luis Felipe Puente Espinosa, as\u00ed como los titulares y funcionarios de protecci\u00f3n civil de los estados, Ram\u00edrez Mar\u00edn se\u00f1al\u00f3 que s\u00f3lo el 33 por ciento de la vivienda en M\u00e9xico se construye de manera regulada y el 67 por ciento se hace de manera irregular y muchas veces en zonas de riesgo como barrancas, laderas y a la orilla de los r\u00edos.<\/p>\n<p>En este sentido, se\u00f1al\u00f3 que no se trata s\u00f3lo de prohibir la construcci\u00f3n en zonas de riesgo, sino de ofrecer a la poblaci\u00f3n alternativas para adquirir viviendas en zonas regulares y dentro de las ciudades, mejorando las condiciones de cr\u00e9dito y los subsidios tanto para la vivienda como para el suelo.<\/p>\n<p>El secretario Ram\u00edrez Mar\u00edn subray\u00f3 que las reglas en materia de protecci\u00f3n civil son dictadas por la Coordinaci\u00f3n Nacional de Protecci\u00f3n Civil de la SEGOB, la SEDATU se ajusta a ellas y requiere de informaci\u00f3n de d\u00f3nde se puede construir vivienda sin riesgos para la poblaci\u00f3n.<\/p>\n<p>Explic\u00f3 a los asistentes que el a\u00f1o pasado se puso en marcha el Registro Nacional de Reservas Territoriales (RENARET), el cual obliga a los desarrolladores de vivienda a registrar las zonas en las que desean construir y con ello se sabe si se encuentran en lugares no aptos para la edificaci\u00f3n de casas.<\/p>\n<p>Por su parte, Luis Felipe Puente, asegur\u00f3 que los encargados de protecci\u00f3n civil a nivel nacional y en todos los estados contribuir\u00e1n con la SEDATU para alcanzar el objetivo de lograr un ordenamiento territorial que le permita a M\u00e9xico ser un pa\u00eds seguro.<\/p>\n<p>Reconoci\u00f3 que durante d\u00e9cadas se construy\u00f3 el riesgo, ya que se permiti\u00f3 que la gente ocupara sitios que los hacen vulnerables, pero hoy, dijo, \u201ccon la respuesta que estamos teniendo del secretario de Desarrollo Agrario, Territorial y Urbano, nos garantiza que empezaremos un m\u00e9todo de construcci\u00f3n de un M\u00e9xico seguro, que es el planteamiento del Presidente\u201d.<\/p>\n<p>Los representantes de Protecci\u00f3n Civil de los diferentes estados de la Rep\u00fablica manifestaron al titular de la SEDATU sus inquietudes en materia de atlas de riesgo, regularizaci\u00f3n de asentamientos humanos, ordenamiento territorial y desarrollo urbano, entre otros temas.<\/p>\n<p>En la reuni\u00f3n estuvieron presentes la directora general de Coordinaci\u00f3n de Delegaciones, Sheila Ortega Muci\u00f1o; el delegado de la SEDATU en Guerrero, H\u00e9ctor Vicario Castrej\u00f3n, y el titular de la Direcci\u00f3n General de Desarrollo Urbano, Suelo y Vivienda de la SEDATU, Jorge Wolpert.<\/p>\n","protected":false},"excerpt":{"rendered":"<p>&nbsp; El secretario de Desarrollo Agrario, Territorial y Urbano, Jorge Carlos Ram\u00edrez Mar\u00edn, particip\u00f3 en la Convenci\u00f3n Nacional de Protecci\u00f3n Civil<\/p>\n","protected":false},"author":14,"featured_media":0,"comment_status":"open","ping_status":"closed","sticky":false,"template":"","format":"standard","meta":{"om_disable_all_campaigns":false,"inline_featured_image":false,"_monsterinsights_skip_tracking":false,"_monsterinsights_sitenote_active":false,"_monsterinsights_sitenote_note":"","_monsterinsights_sitenote_category":0,"footnotes":""},"categories":[7],"tags":[],"class_list":["post-6932","post","type-post","status-publish","format-standard","hentry","category-saladeprensa"],"yoast_head":"<!-- This site is optimized with the Yoast SEO plugin v27.4 - https:\/\/yoast.com\/product\/yoast-seo-wordpress\/ -->\n<title>Sedatu fortalece coordinaci\u00f3n con Protecci\u00f3n Civil de la Segob -<\/title>\n<meta name=\"description\" content=\"&nbsp; El secretario de Desarrollo Agrario, Territorial y Urbano, Jorge Carlos Ram\u00edrez Mar\u00edn, particip\u00f3 en la Convenci\u00f3n Nacional de Protecci\u00f3n Civil\" \/>\n<meta name=\"robots\" content=\"index, follow, max-snippet:-1, max-image-preview:large, max-video-preview:-1\" \/>\n<link rel=\"canonical\" href=\"https:\/\/centrourbano.com\/revista\/saladeprensa\/sedatu-fortalece-coordinacion-con-proteccion-civil-de-la-segob\/\" \/>\n<meta property=\"og:locale\" content=\"es_ES\" \/>\n<meta property=\"og:type\" content=\"article\" \/>\n<meta property=\"og:title\" content=\"Sedatu fortalece coordinaci\u00f3n con Protecci\u00f3n Civil de la Segob -\" \/>\n<meta property=\"og:description\" content=\"&nbsp; El secretario de Desarrollo Agrario, Territorial y Urbano, Jorge Carlos Ram\u00edrez Mar\u00edn, particip\u00f3 en la Convenci\u00f3n Nacional de Protecci\u00f3n Civil\" \/>\n<meta property=\"og:url\" content=\"https:\/\/centrourbano.com\/revista\/saladeprensa\/sedatu-fortalece-coordinacion-con-proteccion-civil-de-la-segob\/\" \/>\n<meta property=\"og:site_name\" content=\"Centro Urbano\" \/>\n<meta property=\"article:publisher\" content=\"https:\/\/www.facebook.com\/portalcentrourbano\" \/>\n<meta property=\"article:published_time\" content=\"2014-05-16T20:00:25+00:00\" \/>\n<meta property=\"article:modified_time\" content=\"2014-05-19T04:38:37+00:00\" \/>\n<meta property=\"og:image\" content=\"https:\/\/centrourbano.com\/revista\/wp-content\/uploads\/CU-logo.png\" \/>\n\t<meta property=\"og:image:width\" content=\"350\" \/>\n\t<meta property=\"og:image:height\" content=\"91\" \/>\n\t<meta property=\"og:image:type\" content=\"image\/png\" \/>\n<meta name=\"author\" content=\"Redacci\u00f3n Centro Urbano\" \/>\n<meta name=\"twitter:card\" content=\"summary_large_image\" \/>\n<meta name=\"twitter:creator\" content=\"@CentroUrbano\" \/>\n<meta name=\"twitter:site\" content=\"@CentroUrbano\" \/>\n<meta name=\"twitter:label1\" content=\"Escrito por\" \/>\n\t<meta name=\"twitter:data1\" content=\"Redacci\u00f3n Centro Urbano\" \/>\n\t<meta name=\"twitter:label2\" content=\"Tiempo de lectura\" \/>\n\t<meta name=\"twitter:data2\" content=\"3 minutos\" \/>\n<script type=\"application\/ld+json\" class=\"yoast-schema-graph\">{\"@context\":\"https:\\\/\\\/schema.org\",\"@graph\":[{\"@type\":\"Article\",\"@id\":\"https:\\\/\\\/centrourbano.com\\\/revista\\\/saladeprensa\\\/sedatu-fortalece-coordinacion-con-proteccion-civil-de-la-segob\\\/#article\",\"isPartOf\":{\"@id\":\"https:\\\/\\\/centrourbano.com\\\/revista\\\/saladeprensa\\\/sedatu-fortalece-coordinacion-con-proteccion-civil-de-la-segob\\\/\"},\"author\":{\"name\":\"Redacci\u00f3n Centro Urbano\",\"@id\":\"https:\\\/\\\/centrourbano.com\\\/revista\\\/#\\\/schema\\\/person\\\/680e7c50f9d6e917e416c9efdc26f996\"},\"headline\":\"Sedatu fortalece coordinaci\u00f3n con Protecci\u00f3n Civil de la Segob\",\"datePublished\":\"2014-05-16T20:00:25+00:00\",\"dateModified\":\"2014-05-19T04:38:37+00:00\",\"mainEntityOfPage\":{\"@id\":\"https:\\\/\\\/centrourbano.com\\\/revista\\\/saladeprensa\\\/sedatu-fortalece-coordinacion-con-proteccion-civil-de-la-segob\\\/\"},\"wordCount\":558,\"commentCount\":0,\"publisher\":{\"@id\":\"https:\\\/\\\/centrourbano.com\\\/revista\\\/#organization\"},\"articleSection\":[\"Sala de Prensa\"],\"inLanguage\":\"es\",\"potentialAction\":[{\"@type\":\"CommentAction\",\"name\":\"Comment\",\"target\":[\"https:\\\/\\\/centrourbano.com\\\/revista\\\/saladeprensa\\\/sedatu-fortalece-coordinacion-con-proteccion-civil-de-la-segob\\\/#respond\"]}]},{\"@type\":\"WebPage\",\"@id\":\"https:\\\/\\\/centrourbano.com\\\/revista\\\/saladeprensa\\\/sedatu-fortalece-coordinacion-con-proteccion-civil-de-la-segob\\\/\",\"url\":\"https:\\\/\\\/centrourbano.com\\\/revista\\\/saladeprensa\\\/sedatu-fortalece-coordinacion-con-proteccion-civil-de-la-segob\\\/\",\"name\":\"Sedatu fortalece coordinaci\u00f3n con Protecci\u00f3n Civil de la Segob -\",\"isPartOf\":{\"@id\":\"https:\\\/\\\/centrourbano.com\\\/revista\\\/#website\"},\"datePublished\":\"2014-05-16T20:00:25+00:00\",\"dateModified\":\"2014-05-19T04:38:37+00:00\",\"description\":\"&nbsp; El secretario de Desarrollo Agrario, Territorial y Urbano, Jorge Carlos Ram\u00edrez Mar\u00edn, particip\u00f3 en la Convenci\u00f3n Nacional de Protecci\u00f3n Civil\",\"breadcrumb\":{\"@id\":\"https:\\\/\\\/centrourbano.com\\\/revista\\\/saladeprensa\\\/sedatu-fortalece-coordinacion-con-proteccion-civil-de-la-segob\\\/#breadcrumb\"},\"inLanguage\":\"es\",\"potentialAction\":[{\"@type\":\"ReadAction\",\"target\":[\"https:\\\/\\\/centrourbano.com\\\/revista\\\/saladeprensa\\\/sedatu-fortalece-coordinacion-con-proteccion-civil-de-la-segob\\\/\"]}]},{\"@type\":\"BreadcrumbList\",\"@id\":\"https:\\\/\\\/centrourbano.com\\\/revista\\\/saladeprensa\\\/sedatu-fortalece-coordinacion-con-proteccion-civil-de-la-segob\\\/#breadcrumb\",\"itemListElement\":[{\"@type\":\"ListItem\",\"position\":1,\"name\":\"Portada\",\"item\":\"https:\\\/\\\/centrourbano.com\\\/revista\\\/\"},{\"@type\":\"ListItem\",\"position\":2,\"name\":\"Sedatu fortalece coordinaci\u00f3n con Protecci\u00f3n Civil de la Segob\"}]},{\"@type\":\"WebSite\",\"@id\":\"https:\\\/\\\/centrourbano.com\\\/revista\\\/#website\",\"url\":\"https:\\\/\\\/centrourbano.com\\\/revista\\\/\",\"name\":\"Centro Urbano\",\"description\":\"Medio especializado en los sectores vivienda, inmobiliario, construcci\u00f3n, arquitectura y urbanismo.\",\"publisher\":{\"@id\":\"https:\\\/\\\/centrourbano.com\\\/revista\\\/#organization\"},\"potentialAction\":[{\"@type\":\"SearchAction\",\"target\":{\"@type\":\"EntryPoint\",\"urlTemplate\":\"https:\\\/\\\/centrourbano.com\\\/revista\\\/?s={search_term_string}\"},\"query-input\":{\"@type\":\"PropertyValueSpecification\",\"valueRequired\":true,\"valueName\":\"search_term_string\"}}],\"inLanguage\":\"es\"},{\"@type\":\"Organization\",\"@id\":\"https:\\\/\\\/centrourbano.com\\\/revista\\\/#organization\",\"name\":\"Centro Urbano\",\"url\":\"https:\\\/\\\/centrourbano.com\\\/revista\\\/\",\"logo\":{\"@type\":\"ImageObject\",\"inLanguage\":\"es\",\"@id\":\"https:\\\/\\\/centrourbano.com\\\/revista\\\/#\\\/schema\\\/logo\\\/image\\\/\",\"url\":\"https:\\\/\\\/centrourbano.com\\\/revista\\\/wp-content\\\/uploads\\\/web_CU_logo-1.png\",\"contentUrl\":\"https:\\\/\\\/centrourbano.com\\\/revista\\\/wp-content\\\/uploads\\\/web_CU_logo-1.png\",\"width\":350,\"height\":91,\"caption\":\"Centro Urbano\"},\"image\":{\"@id\":\"https:\\\/\\\/centrourbano.com\\\/revista\\\/#\\\/schema\\\/logo\\\/image\\\/\"},\"sameAs\":[\"https:\\\/\\\/www.facebook.com\\\/portalcentrourbano\",\"https:\\\/\\\/x.com\\\/CentroUrbano\",\"https:\\\/\\\/www.instagram.com\\\/centro_urbano\\\/\",\"https:\\\/\\\/www.linkedin.com\\\/company\\\/centro-urbano\\\/\",\"http:\\\/\\\/www.youtube.com\\\/user\\\/portalcentrourbano\"]},{\"@type\":\"Person\",\"@id\":\"https:\\\/\\\/centrourbano.com\\\/revista\\\/#\\\/schema\\\/person\\\/680e7c50f9d6e917e416c9efdc26f996\",\"name\":\"Redacci\u00f3n Centro Urbano\",\"image\":{\"@type\":\"ImageObject\",\"inLanguage\":\"es\",\"@id\":\"https:\\\/\\\/secure.gravatar.com\\\/avatar\\\/15a789f894398c0f311f3a7a2ee28032bbc0483098539da66b6a045aa810bf35?s=96&d=mm&r=g\",\"url\":\"https:\\\/\\\/secure.gravatar.com\\\/avatar\\\/15a789f894398c0f311f3a7a2ee28032bbc0483098539da66b6a045aa810bf35?s=96&d=mm&r=g\",\"contentUrl\":\"https:\\\/\\\/secure.gravatar.com\\\/avatar\\\/15a789f894398c0f311f3a7a2ee28032bbc0483098539da66b6a045aa810bf35?s=96&d=mm&r=g\",\"caption\":\"Redacci\u00f3n Centro Urbano\"},\"url\":\"https:\\\/\\\/centrourbano.com\\\/revista\\\/author\\\/editorial\\\/\"}]}<\/script>\n<!-- \/ Yoast SEO plugin. -->","yoast_head_json":{"title":"Sedatu fortalece coordinaci\u00f3n con Protecci\u00f3n Civil de la Segob -","description":"&nbsp; El secretario de Desarrollo Agrario, Territorial y Urbano, Jorge Carlos Ram\u00edrez Mar\u00edn, particip\u00f3 en la Convenci\u00f3n Nacional de Protecci\u00f3n Civil","robots":{"index":"index","follow":"follow","max-snippet":"max-snippet:-1","max-image-preview":"max-image-preview:large","max-video-preview":"max-video-preview:-1"},"canonical":"https:\/\/centrourbano.com\/revista\/saladeprensa\/sedatu-fortalece-coordinacion-con-proteccion-civil-de-la-segob\/","og_locale":"es_ES","og_type":"article","og_title":"Sedatu fortalece coordinaci\u00f3n con Protecci\u00f3n Civil de la Segob -","og_description":"&nbsp; El secretario de Desarrollo Agrario, Territorial y Urbano, Jorge Carlos Ram\u00edrez Mar\u00edn, particip\u00f3 en la Convenci\u00f3n Nacional de Protecci\u00f3n Civil","og_url":"https:\/\/centrourbano.com\/revista\/saladeprensa\/sedatu-fortalece-coordinacion-con-proteccion-civil-de-la-segob\/","og_site_name":"Centro Urbano","article_publisher":"https:\/\/www.facebook.com\/portalcentrourbano","article_published_time":"2014-05-16T20:00:25+00:00","article_modified_time":"2014-05-19T04:38:37+00:00","og_image":[{"width":350,"height":91,"url":"https:\/\/centrourbano.com\/revista\/wp-content\/uploads\/CU-logo.png","type":"image\/png"}],"author":"Redacci\u00f3n Centro Urbano","twitter_card":"summary_large_image","twitter_creator":"@CentroUrbano","twitter_site":"@CentroUrbano","twitter_misc":{"Escrito por":"Redacci\u00f3n Centro Urbano","Tiempo de lectura":"3 minutos"},"schema":{"@context":"https:\/\/schema.org","@graph":[{"@type":"Article","@id":"https:\/\/centrourbano.com\/revista\/saladeprensa\/sedatu-fortalece-coordinacion-con-proteccion-civil-de-la-segob\/#article","isPartOf":{"@id":"https:\/\/centrourbano.com\/revista\/saladeprensa\/sedatu-fortalece-coordinacion-con-proteccion-civil-de-la-segob\/"},"author":{"name":"Redacci\u00f3n Centro Urbano","@id":"https:\/\/centrourbano.com\/revista\/#\/schema\/person\/680e7c50f9d6e917e416c9efdc26f996"},"headline":"Sedatu fortalece coordinaci\u00f3n con Protecci\u00f3n Civil de la Segob","datePublished":"2014-05-16T20:00:25+00:00","dateModified":"2014-05-19T04:38:37+00:00","mainEntityOfPage":{"@id":"https:\/\/centrourbano.com\/revista\/saladeprensa\/sedatu-fortalece-coordinacion-con-proteccion-civil-de-la-segob\/"},"wordCount":558,"commentCount":0,"publisher":{"@id":"https:\/\/centrourbano.com\/revista\/#organization"},"articleSection":["Sala de Prensa"],"inLanguage":"es","potentialAction":[{"@type":"CommentAction","name":"Comment","target":["https:\/\/centrourbano.com\/revista\/saladeprensa\/sedatu-fortalece-coordinacion-con-proteccion-civil-de-la-segob\/#respond"]}]},{"@type":"WebPage","@id":"https:\/\/centrourbano.com\/revista\/saladeprensa\/sedatu-fortalece-coordinacion-con-proteccion-civil-de-la-segob\/","url":"https:\/\/centrourbano.com\/revista\/saladeprensa\/sedatu-fortalece-coordinacion-con-proteccion-civil-de-la-segob\/","name":"Sedatu fortalece coordinaci\u00f3n con Protecci\u00f3n Civil de la Segob -","isPartOf":{"@id":"https:\/\/centrourbano.com\/revista\/#website"},"datePublished":"2014-05-16T20:00:25+00:00","dateModified":"2014-05-19T04:38:37+00:00","description":"&nbsp; El secretario de Desarrollo Agrario, Territorial y Urbano, Jorge Carlos Ram\u00edrez Mar\u00edn, particip\u00f3 en la Convenci\u00f3n Nacional de Protecci\u00f3n Civil","breadcrumb":{"@id":"https:\/\/centrourbano.com\/revista\/saladeprensa\/sedatu-fortalece-coordinacion-con-proteccion-civil-de-la-segob\/#breadcrumb"},"inLanguage":"es","potentialAction":[{"@type":"ReadAction","target":["https:\/\/centrourbano.com\/revista\/saladeprensa\/sedatu-fortalece-coordinacion-con-proteccion-civil-de-la-segob\/"]}]},{"@type":"BreadcrumbList","@id":"https:\/\/centrourbano.com\/revista\/saladeprensa\/sedatu-fortalece-coordinacion-con-proteccion-civil-de-la-segob\/#breadcrumb","itemListElement":[{"@type":"ListItem","position":1,"name":"Portada","item":"https:\/\/centrourbano.com\/revista\/"},{"@type":"ListItem","position":2,"name":"Sedatu fortalece coordinaci\u00f3n con Protecci\u00f3n Civil de la Segob"}]},{"@type":"WebSite","@id":"https:\/\/centrourbano.com\/revista\/#website","url":"https:\/\/centrourbano.com\/revista\/","name":"Centro Urbano","description":"Medio especializado en los sectores vivienda, inmobiliario, construcci\u00f3n, arquitectura y urbanismo.","publisher":{"@id":"https:\/\/centrourbano.com\/revista\/#organization"},"potentialAction":[{"@type":"SearchAction","target":{"@type":"EntryPoint","urlTemplate":"https:\/\/centrourbano.com\/revista\/?s={search_term_string}"},"query-input":{"@type":"PropertyValueSpecification","valueRequired":true,"valueName":"search_term_string"}}],"inLanguage":"es"},{"@type":"Organization","@id":"https:\/\/centrourbano.com\/revista\/#organization","name":"Centro Urbano","url":"https:\/\/centrourbano.com\/revista\/","logo":{"@type":"ImageObject","inLanguage":"es","@id":"https:\/\/centrourbano.com\/revista\/#\/schema\/logo\/image\/","url":"https:\/\/centrourbano.com\/revista\/wp-content\/uploads\/web_CU_logo-1.png","contentUrl":"https:\/\/centrourbano.com\/revista\/wp-content\/uploads\/web_CU_logo-1.png","width":350,"height":91,"caption":"Centro Urbano"},"image":{"@id":"https:\/\/centrourbano.com\/revista\/#\/schema\/logo\/image\/"},"sameAs":["https:\/\/www.facebook.com\/portalcentrourbano","https:\/\/x.com\/CentroUrbano","https:\/\/www.instagram.com\/centro_urbano\/","https:\/\/www.linkedin.com\/company\/centro-urbano\/","http:\/\/www.youtube.com\/user\/portalcentrourbano"]},{"@type":"Person","@id":"https:\/\/centrourbano.com\/revista\/#\/schema\/person\/680e7c50f9d6e917e416c9efdc26f996","name":"Redacci\u00f3n Centro Urbano","image":{"@type":"ImageObject","inLanguage":"es","@id":"https:\/\/secure.gravatar.com\/avatar\/15a789f894398c0f311f3a7a2ee28032bbc0483098539da66b6a045aa810bf35?s=96&d=mm&r=g","url":"https:\/\/secure.gravatar.com\/avatar\/15a789f894398c0f311f3a7a2ee28032bbc0483098539da66b6a045aa810bf35?s=96&d=mm&r=g","contentUrl":"https:\/\/secure.gravatar.com\/avatar\/15a789f894398c0f311f3a7a2ee28032bbc0483098539da66b6a045aa810bf35?s=96&d=mm&r=g","caption":"Redacci\u00f3n Centro Urbano"},"url":"https:\/\/centrourbano.com\/revista\/author\/editorial\/"}]}},"_links":{"self":[{"href":"https:\/\/centrourbano.com\/revista\/wp-json\/wp\/v2\/posts\/6932","targetHints":{"allow":["GET"]}}],"collection":[{"href":"https:\/\/centrourbano.com\/revista\/wp-json\/wp\/v2\/posts"}],"about":[{"href":"https:\/\/centrourbano.com\/revista\/wp-json\/wp\/v2\/types\/post"}],"author":[{"embeddable":true,"href":"https:\/\/centrourbano.com\/revista\/wp-json\/wp\/v2\/users\/14"}],"replies":[{"embeddable":true,"href":"https:\/\/centrourbano.com\/revista\/wp-json\/wp\/v2\/comments?post=6932"}],"version-history":[{"count":0,"href":"https:\/\/centrourbano.com\/revista\/wp-json\/wp\/v2\/posts\/6932\/revisions"}],"wp:attachment":[{"href":"https:\/\/centrourbano.com\/revista\/wp-json\/wp\/v2\/media?parent=6932"}],"wp:term":[{"taxonomy":"category","embeddable":true,"href":"https:\/\/centrourbano.com\/revista\/wp-json\/wp\/v2\/categories?post=6932"},{"taxonomy":"post_tag","embeddable":true,"href":"https:\/\/centrourbano.com\/revista\/wp-json\/wp\/v2\/tags?post=6932"}],"curies":[{"name":"wp","href":"https:\/\/api.w.org\/{rel}","templated":true}]}}