{"id":68758,"date":"2018-03-15T12:21:53","date_gmt":"2018-03-15T18:21:53","guid":{"rendered":"https:\/\/centrourbano.com\/?p=68758"},"modified":"2018-03-15T14:31:12","modified_gmt":"2018-03-15T20:31:12","slug":"concluyen-trabajos-parque-lineal-telecomunicaciones","status":"publish","type":"post","link":"https:\/\/centrourbano.com\/revista\/urbanismo\/concluyen-trabajos-parque-lineal-telecomunicaciones\/","title":{"rendered":"Concluyen trabajos en \u2018Parque Lineal Telecomunicaciones\u2019"},"content":{"rendered":"<p><em>Se invirtieron cerca de 95 mdp en la recuperaci\u00f3n del espacio que anteriormente era un campamento irregular <\/em><!--more--><\/p>\n<p><a href=\"https:\/\/twitter.com\/manceramiguelmx\" target=\"_blank\" rel=\"noopener noreferrer\"><strong>Miguel \u00c1ngel Mancera Espinosa<\/strong><\/a>, jefe de gobierno de la CDMX, visit\u00f3 el reci\u00e9n construido centro recreativo, Parque Lineal Telecomunicaciones, ubicado en el camell\u00f3n de Avenida Telecomunicaciones, entre Perif\u00e9rico Oriente y la Calle Sur 29.<\/p>\n<p>Se trata de un espacio de 5,400 metros cuadrados, en el que el gobierno de la Ciudad de M\u00e9xico, a trav\u00e9s de la <a href=\"http:\/\/www.agu.cdmx.gob.mx\/\" target=\"_blank\" rel=\"noopener noreferrer\"><strong>Agencia de Gesti\u00f3n Urbana (AGU)<\/strong><\/a>, invirti\u00f3 aproximadamente \u00a095 millones de pesos, lo cual beneficia a 500,000 habitantes de la zona y sus alrededores.<\/p>\n<p>\u201cSe hizo un planteamiento de vivienda para las personas que estaban aqu\u00ed, y precisamente se recuper\u00f3 el espacio p\u00fablico\u201d, asegur\u00f3.<\/p>\n<p>En octubre del a\u00f1o pasado, este espacio p\u00fablico estaba ocupado por alrededor de 1,000 personas, quienes colocaron sus viviendas de manera irregular, fueron reubicados para recuperar el espacio a beneficio de la comunidad.<\/p>\n<p>La AGU seleccion\u00f3 espacios en tres tramos, equipando con diversos servicios tanto para ni\u00f1os, como\u00a0 para j\u00f3venes y adultos.<\/p>\n<p>En el primer tramo, se encuentran las letras \u201cCDMX\u201d iluminadas, tambi\u00e9n la Fuente del Ma\u00edz en representaci\u00f3n de los ocho barrios de Iztapalapa.<\/p>\n<p>Jaime Slomianski Aguilar, titular de la AGU, tambi\u00e9n recorri\u00f3 el espacio donde se instalaron mesas de picnic, ajedrez y pin-pong, un \u00e1rea de animales de compa\u00f1\u00eda, banca de flor con iluminaci\u00f3n, la multi cancha para basquetbol, futbol y volibol, canchas de soccer con pasto sint\u00e9tico y aparatos de gimnasio con piso amortiguante.<\/p>\n<p>La segunda secci\u00f3n del parque, especialmente dise\u00f1ada para la recreaci\u00f3n familiar, cuenta con ejercitadores para adultos mayores, mega juegos infantiles con seis resbaladillas, cuatro mesas para picnic y otra banca de \u201cCDMX\u201d.<\/p>\n<p>El \u00faltimo tramo alberga rampas de patinetas, ejercitadores, dos bancas de descanso, mesas de ping-pong, ajedrez y la leyenda \u201cCDMX\u201d<\/p>\n<p>\u201cTambi\u00e9n se recuper\u00f3 toda la parte del reencarpetado, la parte peatonal, cruce seguro, bolardos perfectamente se\u00f1alizados\u201d, se\u00f1al\u00f3 Miguel \u00c1ngel Mancera.<\/p>\n<p>&nbsp;<\/p>\n<p>&nbsp;<\/p>\n","protected":false},"excerpt":{"rendered":"<p>Se invirtieron cerca de 95 mdp en la recuperaci\u00f3n del espacio que anteriormente era un campamento irregular<\/p>\n","protected":false},"author":61,"featured_media":68760,"comment_status":"open","ping_status":"closed","sticky":false,"template":"","format":"standard","meta":{"om_disable_all_campaigns":false,"inline_featured_image":false,"_monsterinsights_skip_tracking":false,"_monsterinsights_sitenote_active":false,"_monsterinsights_sitenote_note":"","_monsterinsights_sitenote_category":0,"footnotes":""},"categories":[82],"tags":[10308,319,606,1755,1019,1828,2433,229,2843,1664],"class_list":["post-68758","post","type-post","status-publish","format-standard","has-post-thumbnail","hentry","category-urbanismo","tag-agencia-de-gestion-urbana","tag-agu","tag-cdmx","tag-espacios-publicos","tag-futbol","tag-gobierno-de-la-ciudad-de-mexico","tag-juegos-infantiles","tag-miguel-angel-mancera","tag-parque","tag-parque-lineal"],"yoast_head":"<!-- This site is optimized with the Yoast SEO plugin v27.5 - https:\/\/yoast.com\/product\/yoast-seo-wordpress\/ -->\n<title>Concluyen trabajos en \u2018Parque Lineal Telecomunicaciones\u2019<\/title>\n<meta name=\"description\" content=\"Se invirtieron cerca de 95 mdp en la recuperaci\u00f3n del espacio que anteriormente era un campamento irregular\" \/>\n<meta name=\"robots\" content=\"index, follow, max-snippet:-1, max-image-preview:large, max-video-preview:-1\" \/>\n<link rel=\"canonical\" href=\"https:\/\/centrourbano.com\/revista\/urbanismo\/concluyen-trabajos-parque-lineal-telecomunicaciones\/\" \/>\n<meta property=\"og:locale\" content=\"es_ES\" \/>\n<meta property=\"og:type\" content=\"article\" \/>\n<meta property=\"og:title\" content=\"Concluyen trabajos en \u2018Parque Lineal Telecomunicaciones\u2019\" \/>\n<meta property=\"og:description\" content=\"Se invirtieron cerca de 95 mdp en la recuperaci\u00f3n del espacio que anteriormente era un campamento irregular\" \/>\n<meta property=\"og:url\" content=\"https:\/\/centrourbano.com\/revista\/urbanismo\/concluyen-trabajos-parque-lineal-telecomunicaciones\/\" \/>\n<meta property=\"og:site_name\" content=\"Centro Urbano\" \/>\n<meta property=\"article:publisher\" content=\"https:\/\/www.facebook.com\/portalcentrourbano\" \/>\n<meta property=\"article:published_time\" content=\"2018-03-15T18:21:53+00:00\" \/>\n<meta property=\"article:modified_time\" content=\"2018-03-15T20:31:12+00:00\" \/>\n<meta property=\"og:image\" content=\"https:\/\/centrourbano.com\/revista\/wp-content\/uploads\/parque-lineal-2.jpg\" \/>\n\t<meta property=\"og:image:width\" content=\"1280\" \/>\n\t<meta property=\"og:image:height\" content=\"853\" \/>\n\t<meta property=\"og:image:type\" content=\"image\/jpeg\" \/>\n<meta name=\"author\" content=\"Leticia Barreto\" \/>\n<meta name=\"twitter:card\" content=\"summary_large_image\" \/>\n<meta name=\"twitter:creator\" content=\"@CentroUrbano\" \/>\n<meta name=\"twitter:site\" content=\"@CentroUrbano\" \/>\n<meta name=\"twitter:label1\" content=\"Escrito por\" \/>\n\t<meta name=\"twitter:data1\" content=\"Leticia Barreto\" \/>\n\t<meta name=\"twitter:label2\" content=\"Tiempo de lectura\" \/>\n\t<meta name=\"twitter:data2\" content=\"2 minutos\" \/>\n<script type=\"application\/ld+json\" class=\"yoast-schema-graph\">{\"@context\":\"https:\\\/\\\/schema.org\",\"@graph\":[{\"@type\":\"Article\",\"@id\":\"https:\\\/\\\/centrourbano.com\\\/revista\\\/urbanismo\\\/concluyen-trabajos-parque-lineal-telecomunicaciones\\\/#article\",\"isPartOf\":{\"@id\":\"https:\\\/\\\/centrourbano.com\\\/revista\\\/urbanismo\\\/concluyen-trabajos-parque-lineal-telecomunicaciones\\\/\"},\"author\":{\"name\":\"Leticia Barreto\",\"@id\":\"https:\\\/\\\/centrourbano.com\\\/revista\\\/#\\\/schema\\\/person\\\/adbb70db8b2d6d6b244ea4f920e409b8\"},\"headline\":\"Concluyen trabajos en \u2018Parque Lineal Telecomunicaciones\u2019\",\"datePublished\":\"2018-03-15T18:21:53+00:00\",\"dateModified\":\"2018-03-15T20:31:12+00:00\",\"mainEntityOfPage\":{\"@id\":\"https:\\\/\\\/centrourbano.com\\\/revista\\\/urbanismo\\\/concluyen-trabajos-parque-lineal-telecomunicaciones\\\/\"},\"wordCount\":343,\"commentCount\":0,\"publisher\":{\"@id\":\"https:\\\/\\\/centrourbano.com\\\/revista\\\/#organization\"},\"image\":{\"@id\":\"https:\\\/\\\/centrourbano.com\\\/revista\\\/urbanismo\\\/concluyen-trabajos-parque-lineal-telecomunicaciones\\\/#primaryimage\"},\"thumbnailUrl\":\"https:\\\/\\\/centrourbano.com\\\/revista\\\/wp-content\\\/uploads\\\/parque-lineal-2.jpg\",\"keywords\":[\"Agencia de Gesti\u00f3n Urbana\",\"AGU\",\"CDMX\",\"espacios p\u00fablicos\",\"futbol\",\"Gobierno de la ciudad de M\u00e9xico\",\"juegos infantiles\",\"Miguel \u00c1ngel Mancera\",\"Parque\",\"parque lineal\"],\"articleSection\":[\"Urbanismo\"],\"inLanguage\":\"es\",\"potentialAction\":[{\"@type\":\"CommentAction\",\"name\":\"Comment\",\"target\":[\"https:\\\/\\\/centrourbano.com\\\/revista\\\/urbanismo\\\/concluyen-trabajos-parque-lineal-telecomunicaciones\\\/#respond\"]}]},{\"@type\":\"WebPage\",\"@id\":\"https:\\\/\\\/centrourbano.com\\\/revista\\\/urbanismo\\\/concluyen-trabajos-parque-lineal-telecomunicaciones\\\/\",\"url\":\"https:\\\/\\\/centrourbano.com\\\/revista\\\/urbanismo\\\/concluyen-trabajos-parque-lineal-telecomunicaciones\\\/\",\"name\":\"Concluyen trabajos en \u2018Parque Lineal Telecomunicaciones\u2019\",\"isPartOf\":{\"@id\":\"https:\\\/\\\/centrourbano.com\\\/revista\\\/#website\"},\"primaryImageOfPage\":{\"@id\":\"https:\\\/\\\/centrourbano.com\\\/revista\\\/urbanismo\\\/concluyen-trabajos-parque-lineal-telecomunicaciones\\\/#primaryimage\"},\"image\":{\"@id\":\"https:\\\/\\\/centrourbano.com\\\/revista\\\/urbanismo\\\/concluyen-trabajos-parque-lineal-telecomunicaciones\\\/#primaryimage\"},\"thumbnailUrl\":\"https:\\\/\\\/centrourbano.com\\\/revista\\\/wp-content\\\/uploads\\\/parque-lineal-2.jpg\",\"datePublished\":\"2018-03-15T18:21:53+00:00\",\"dateModified\":\"2018-03-15T20:31:12+00:00\",\"description\":\"Se invirtieron cerca de 95 mdp en la recuperaci\u00f3n del espacio que anteriormente era un campamento irregular\",\"breadcrumb\":{\"@id\":\"https:\\\/\\\/centrourbano.com\\\/revista\\\/urbanismo\\\/concluyen-trabajos-parque-lineal-telecomunicaciones\\\/#breadcrumb\"},\"inLanguage\":\"es\",\"potentialAction\":[{\"@type\":\"ReadAction\",\"target\":[\"https:\\\/\\\/centrourbano.com\\\/revista\\\/urbanismo\\\/concluyen-trabajos-parque-lineal-telecomunicaciones\\\/\"]}]},{\"@type\":\"ImageObject\",\"inLanguage\":\"es\",\"@id\":\"https:\\\/\\\/centrourbano.com\\\/revista\\\/urbanismo\\\/concluyen-trabajos-parque-lineal-telecomunicaciones\\\/#primaryimage\",\"url\":\"https:\\\/\\\/centrourbano.com\\\/revista\\\/wp-content\\\/uploads\\\/parque-lineal-2.jpg\",\"contentUrl\":\"https:\\\/\\\/centrourbano.com\\\/revista\\\/wp-content\\\/uploads\\\/parque-lineal-2.jpg\",\"width\":1280,\"height\":853,\"caption\":\"Se invirtieron cerca de 95 mdp en la recuperaci\u00f3n del espacio que anteriormente era un campamento irregular\"},{\"@type\":\"BreadcrumbList\",\"@id\":\"https:\\\/\\\/centrourbano.com\\\/revista\\\/urbanismo\\\/concluyen-trabajos-parque-lineal-telecomunicaciones\\\/#breadcrumb\",\"itemListElement\":[{\"@type\":\"ListItem\",\"position\":1,\"name\":\"Portada\",\"item\":\"https:\\\/\\\/centrourbano.com\\\/revista\\\/\"},{\"@type\":\"ListItem\",\"position\":2,\"name\":\"Concluyen trabajos en \u2018Parque Lineal Telecomunicaciones\u2019\"}]},{\"@type\":\"WebSite\",\"@id\":\"https:\\\/\\\/centrourbano.com\\\/revista\\\/#website\",\"url\":\"https:\\\/\\\/centrourbano.com\\\/revista\\\/\",\"name\":\"Centro Urbano\",\"description\":\"Medio especializado en los sectores vivienda, inmobiliario, construcci\u00f3n, arquitectura y urbanismo.\",\"publisher\":{\"@id\":\"https:\\\/\\\/centrourbano.com\\\/revista\\\/#organization\"},\"potentialAction\":[{\"@type\":\"SearchAction\",\"target\":{\"@type\":\"EntryPoint\",\"urlTemplate\":\"https:\\\/\\\/centrourbano.com\\\/revista\\\/?s={search_term_string}\"},\"query-input\":{\"@type\":\"PropertyValueSpecification\",\"valueRequired\":true,\"valueName\":\"search_term_string\"}}],\"inLanguage\":\"es\"},{\"@type\":\"Organization\",\"@id\":\"https:\\\/\\\/centrourbano.com\\\/revista\\\/#organization\",\"name\":\"Centro Urbano\",\"url\":\"https:\\\/\\\/centrourbano.com\\\/revista\\\/\",\"logo\":{\"@type\":\"ImageObject\",\"inLanguage\":\"es\",\"@id\":\"https:\\\/\\\/centrourbano.com\\\/revista\\\/#\\\/schema\\\/logo\\\/image\\\/\",\"url\":\"https:\\\/\\\/centrourbano.com\\\/revista\\\/wp-content\\\/uploads\\\/web_CU_logo-1.png\",\"contentUrl\":\"https:\\\/\\\/centrourbano.com\\\/revista\\\/wp-content\\\/uploads\\\/web_CU_logo-1.png\",\"width\":350,\"height\":91,\"caption\":\"Centro Urbano\"},\"image\":{\"@id\":\"https:\\\/\\\/centrourbano.com\\\/revista\\\/#\\\/schema\\\/logo\\\/image\\\/\"},\"sameAs\":[\"https:\\\/\\\/www.facebook.com\\\/portalcentrourbano\",\"https:\\\/\\\/x.com\\\/CentroUrbano\",\"https:\\\/\\\/www.instagram.com\\\/centro_urbano\\\/\",\"https:\\\/\\\/www.linkedin.com\\\/company\\\/centro-urbano\\\/\",\"http:\\\/\\\/www.youtube.com\\\/user\\\/portalcentrourbano\"]},{\"@type\":\"Person\",\"@id\":\"https:\\\/\\\/centrourbano.com\\\/revista\\\/#\\\/schema\\\/person\\\/adbb70db8b2d6d6b244ea4f920e409b8\",\"name\":\"Leticia Barreto\",\"image\":{\"@type\":\"ImageObject\",\"inLanguage\":\"es\",\"@id\":\"https:\\\/\\\/secure.gravatar.com\\\/avatar\\\/6b7fc7c4a73e99ae1d556a4345000a3885f7f1118168c1a74a78bfcdce11dea5?s=96&d=mm&r=g\",\"url\":\"https:\\\/\\\/secure.gravatar.com\\\/avatar\\\/6b7fc7c4a73e99ae1d556a4345000a3885f7f1118168c1a74a78bfcdce11dea5?s=96&d=mm&r=g\",\"contentUrl\":\"https:\\\/\\\/secure.gravatar.com\\\/avatar\\\/6b7fc7c4a73e99ae1d556a4345000a3885f7f1118168c1a74a78bfcdce11dea5?s=96&d=mm&r=g\",\"caption\":\"Leticia Barreto\"},\"url\":\"https:\\\/\\\/centrourbano.com\\\/revista\\\/author\\\/leticia-barreto\\\/\"}]}<\/script>\n<!-- \/ Yoast SEO plugin. -->","yoast_head_json":{"title":"Concluyen trabajos en \u2018Parque Lineal Telecomunicaciones\u2019","description":"Se invirtieron cerca de 95 mdp en la recuperaci\u00f3n del espacio que anteriormente era un campamento irregular","robots":{"index":"index","follow":"follow","max-snippet":"max-snippet:-1","max-image-preview":"max-image-preview:large","max-video-preview":"max-video-preview:-1"},"canonical":"https:\/\/centrourbano.com\/revista\/urbanismo\/concluyen-trabajos-parque-lineal-telecomunicaciones\/","og_locale":"es_ES","og_type":"article","og_title":"Concluyen trabajos en \u2018Parque Lineal Telecomunicaciones\u2019","og_description":"Se invirtieron cerca de 95 mdp en la recuperaci\u00f3n del espacio que anteriormente era un campamento irregular","og_url":"https:\/\/centrourbano.com\/revista\/urbanismo\/concluyen-trabajos-parque-lineal-telecomunicaciones\/","og_site_name":"Centro Urbano","article_publisher":"https:\/\/www.facebook.com\/portalcentrourbano","article_published_time":"2018-03-15T18:21:53+00:00","article_modified_time":"2018-03-15T20:31:12+00:00","og_image":[{"width":1280,"height":853,"url":"https:\/\/centrourbano.com\/revista\/wp-content\/uploads\/parque-lineal-2.jpg","type":"image\/jpeg"}],"author":"Leticia Barreto","twitter_card":"summary_large_image","twitter_creator":"@CentroUrbano","twitter_site":"@CentroUrbano","twitter_misc":{"Escrito por":"Leticia Barreto","Tiempo de lectura":"2 minutos"},"schema":{"@context":"https:\/\/schema.org","@graph":[{"@type":"Article","@id":"https:\/\/centrourbano.com\/revista\/urbanismo\/concluyen-trabajos-parque-lineal-telecomunicaciones\/#article","isPartOf":{"@id":"https:\/\/centrourbano.com\/revista\/urbanismo\/concluyen-trabajos-parque-lineal-telecomunicaciones\/"},"author":{"name":"Leticia Barreto","@id":"https:\/\/centrourbano.com\/revista\/#\/schema\/person\/adbb70db8b2d6d6b244ea4f920e409b8"},"headline":"Concluyen trabajos en \u2018Parque Lineal Telecomunicaciones\u2019","datePublished":"2018-03-15T18:21:53+00:00","dateModified":"2018-03-15T20:31:12+00:00","mainEntityOfPage":{"@id":"https:\/\/centrourbano.com\/revista\/urbanismo\/concluyen-trabajos-parque-lineal-telecomunicaciones\/"},"wordCount":343,"commentCount":0,"publisher":{"@id":"https:\/\/centrourbano.com\/revista\/#organization"},"image":{"@id":"https:\/\/centrourbano.com\/revista\/urbanismo\/concluyen-trabajos-parque-lineal-telecomunicaciones\/#primaryimage"},"thumbnailUrl":"https:\/\/centrourbano.com\/revista\/wp-content\/uploads\/parque-lineal-2.jpg","keywords":["Agencia de Gesti\u00f3n Urbana","AGU","CDMX","espacios p\u00fablicos","futbol","Gobierno de la ciudad de M\u00e9xico","juegos infantiles","Miguel \u00c1ngel Mancera","Parque","parque lineal"],"articleSection":["Urbanismo"],"inLanguage":"es","potentialAction":[{"@type":"CommentAction","name":"Comment","target":["https:\/\/centrourbano.com\/revista\/urbanismo\/concluyen-trabajos-parque-lineal-telecomunicaciones\/#respond"]}]},{"@type":"WebPage","@id":"https:\/\/centrourbano.com\/revista\/urbanismo\/concluyen-trabajos-parque-lineal-telecomunicaciones\/","url":"https:\/\/centrourbano.com\/revista\/urbanismo\/concluyen-trabajos-parque-lineal-telecomunicaciones\/","name":"Concluyen trabajos en \u2018Parque Lineal Telecomunicaciones\u2019","isPartOf":{"@id":"https:\/\/centrourbano.com\/revista\/#website"},"primaryImageOfPage":{"@id":"https:\/\/centrourbano.com\/revista\/urbanismo\/concluyen-trabajos-parque-lineal-telecomunicaciones\/#primaryimage"},"image":{"@id":"https:\/\/centrourbano.com\/revista\/urbanismo\/concluyen-trabajos-parque-lineal-telecomunicaciones\/#primaryimage"},"thumbnailUrl":"https:\/\/centrourbano.com\/revista\/wp-content\/uploads\/parque-lineal-2.jpg","datePublished":"2018-03-15T18:21:53+00:00","dateModified":"2018-03-15T20:31:12+00:00","description":"Se invirtieron cerca de 95 mdp en la recuperaci\u00f3n del espacio que anteriormente era un campamento irregular","breadcrumb":{"@id":"https:\/\/centrourbano.com\/revista\/urbanismo\/concluyen-trabajos-parque-lineal-telecomunicaciones\/#breadcrumb"},"inLanguage":"es","potentialAction":[{"@type":"ReadAction","target":["https:\/\/centrourbano.com\/revista\/urbanismo\/concluyen-trabajos-parque-lineal-telecomunicaciones\/"]}]},{"@type":"ImageObject","inLanguage":"es","@id":"https:\/\/centrourbano.com\/revista\/urbanismo\/concluyen-trabajos-parque-lineal-telecomunicaciones\/#primaryimage","url":"https:\/\/centrourbano.com\/revista\/wp-content\/uploads\/parque-lineal-2.jpg","contentUrl":"https:\/\/centrourbano.com\/revista\/wp-content\/uploads\/parque-lineal-2.jpg","width":1280,"height":853,"caption":"Se invirtieron cerca de 95 mdp en la recuperaci\u00f3n del espacio que anteriormente era un campamento irregular"},{"@type":"BreadcrumbList","@id":"https:\/\/centrourbano.com\/revista\/urbanismo\/concluyen-trabajos-parque-lineal-telecomunicaciones\/#breadcrumb","itemListElement":[{"@type":"ListItem","position":1,"name":"Portada","item":"https:\/\/centrourbano.com\/revista\/"},{"@type":"ListItem","position":2,"name":"Concluyen trabajos en \u2018Parque Lineal Telecomunicaciones\u2019"}]},{"@type":"WebSite","@id":"https:\/\/centrourbano.com\/revista\/#website","url":"https:\/\/centrourbano.com\/revista\/","name":"Centro Urbano","description":"Medio especializado en los sectores vivienda, inmobiliario, construcci\u00f3n, arquitectura y urbanismo.","publisher":{"@id":"https:\/\/centrourbano.com\/revista\/#organization"},"potentialAction":[{"@type":"SearchAction","target":{"@type":"EntryPoint","urlTemplate":"https:\/\/centrourbano.com\/revista\/?s={search_term_string}"},"query-input":{"@type":"PropertyValueSpecification","valueRequired":true,"valueName":"search_term_string"}}],"inLanguage":"es"},{"@type":"Organization","@id":"https:\/\/centrourbano.com\/revista\/#organization","name":"Centro Urbano","url":"https:\/\/centrourbano.com\/revista\/","logo":{"@type":"ImageObject","inLanguage":"es","@id":"https:\/\/centrourbano.com\/revista\/#\/schema\/logo\/image\/","url":"https:\/\/centrourbano.com\/revista\/wp-content\/uploads\/web_CU_logo-1.png","contentUrl":"https:\/\/centrourbano.com\/revista\/wp-content\/uploads\/web_CU_logo-1.png","width":350,"height":91,"caption":"Centro Urbano"},"image":{"@id":"https:\/\/centrourbano.com\/revista\/#\/schema\/logo\/image\/"},"sameAs":["https:\/\/www.facebook.com\/portalcentrourbano","https:\/\/x.com\/CentroUrbano","https:\/\/www.instagram.com\/centro_urbano\/","https:\/\/www.linkedin.com\/company\/centro-urbano\/","http:\/\/www.youtube.com\/user\/portalcentrourbano"]},{"@type":"Person","@id":"https:\/\/centrourbano.com\/revista\/#\/schema\/person\/adbb70db8b2d6d6b244ea4f920e409b8","name":"Leticia Barreto","image":{"@type":"ImageObject","inLanguage":"es","@id":"https:\/\/secure.gravatar.com\/avatar\/6b7fc7c4a73e99ae1d556a4345000a3885f7f1118168c1a74a78bfcdce11dea5?s=96&d=mm&r=g","url":"https:\/\/secure.gravatar.com\/avatar\/6b7fc7c4a73e99ae1d556a4345000a3885f7f1118168c1a74a78bfcdce11dea5?s=96&d=mm&r=g","contentUrl":"https:\/\/secure.gravatar.com\/avatar\/6b7fc7c4a73e99ae1d556a4345000a3885f7f1118168c1a74a78bfcdce11dea5?s=96&d=mm&r=g","caption":"Leticia Barreto"},"url":"https:\/\/centrourbano.com\/revista\/author\/leticia-barreto\/"}]}},"_links":{"self":[{"href":"https:\/\/centrourbano.com\/revista\/wp-json\/wp\/v2\/posts\/68758","targetHints":{"allow":["GET"]}}],"collection":[{"href":"https:\/\/centrourbano.com\/revista\/wp-json\/wp\/v2\/posts"}],"about":[{"href":"https:\/\/centrourbano.com\/revista\/wp-json\/wp\/v2\/types\/post"}],"author":[{"embeddable":true,"href":"https:\/\/centrourbano.com\/revista\/wp-json\/wp\/v2\/users\/61"}],"replies":[{"embeddable":true,"href":"https:\/\/centrourbano.com\/revista\/wp-json\/wp\/v2\/comments?post=68758"}],"version-history":[{"count":6,"href":"https:\/\/centrourbano.com\/revista\/wp-json\/wp\/v2\/posts\/68758\/revisions"}],"predecessor-version":[{"id":68792,"href":"https:\/\/centrourbano.com\/revista\/wp-json\/wp\/v2\/posts\/68758\/revisions\/68792"}],"wp:featuredmedia":[{"embeddable":true,"href":"https:\/\/centrourbano.com\/revista\/wp-json\/wp\/v2\/media\/68760"}],"wp:attachment":[{"href":"https:\/\/centrourbano.com\/revista\/wp-json\/wp\/v2\/media?parent=68758"}],"wp:term":[{"taxonomy":"category","embeddable":true,"href":"https:\/\/centrourbano.com\/revista\/wp-json\/wp\/v2\/categories?post=68758"},{"taxonomy":"post_tag","embeddable":true,"href":"https:\/\/centrourbano.com\/revista\/wp-json\/wp\/v2\/tags?post=68758"}],"curies":[{"name":"wp","href":"https:\/\/api.w.org\/{rel}","templated":true}]}}