{"id":68482,"date":"2018-03-09T12:24:12","date_gmt":"2018-03-09T18:24:12","guid":{"rendered":"https:\/\/centrourbano.com\/?p=68482"},"modified":"2018-03-12T18:46:38","modified_gmt":"2018-03-13T00:46:38","slug":"sector-vivienda-paso-firme-2018","status":"publish","type":"post","link":"https:\/\/centrourbano.com\/revista\/publicaciones\/revista-inversion-inmobiliaria\/sector-vivienda-paso-firme-2018\/","title":{"rendered":"Sector vivienda con paso firme en 2018"},"content":{"rendered":"<p><em>Para este a\u00f1o la prioridad ser\u00e1 atender al segmento de no afiliados. La revoluci\u00f3n del sector, dijo el Director de Conavi, se dar\u00e1 al crear los mecanismos para atender a este sector <\/em><!--more--><\/p>\n<p>Para 2018 el sector de la vivienda tiene dos retos importantes: mantener la producci\u00f3n en el segmento social, con viviendas bien ubicadas, y detonar con fuerza los mecanismos para atender a la poblaci\u00f3n no afiliada, asegur\u00f3 Jorge Wolpert Kuri, director general de la Comisi\u00f3n Nacional de Vivienda (Conavi). <\/p>\n<p>En entrevista con Inversi\u00f3n Inmobiliaria, el funcionario destac\u00f3 que la industria cerr\u00f3 2017 con grandes resultados. Asegur\u00f3 que a pesar que en este a\u00f1o se presentan factores como las elecciones o el cierre de sexenio, el sector vivienda se mantendr\u00e1 con fortaleza, principalmente por la solidez y sanidad que ha alcanzado en los \u00faltimos a\u00f1os. <\/p>\n<p>\u201cTuvimos un cierre excelente de 2017, que super\u00f3 las expectativas que ten\u00edamos al inicio del a\u00f1o. Al principio se ve\u00eda compleja la posibilidad de cumplir las metas, de lograr un a\u00f1o con una producci\u00f3n de vivienda igual a la de 2016, con un impacto del sector igual al que se tuvo en a\u00f1os pasado, cercano al 7% del PIB. <\/p>\n<p>\u201cCerramos 2017 con metas superadas en colocaci\u00f3n de cr\u00e9dito, metas superadas en empleos generados a partir de la construcci\u00f3n de vivienda, y sobre todo por el tema que nos ocupa, que es ejercer el subsidio, tambi\u00e9n conseguimos resultados importantes, a\u00fan con disminuci\u00f3n en el presupuesto\u201d, dijo. <\/p>\n<p>Lee el texto completo <a href=\"https:\/\/centrourbano.com\/2018\/03\/08\/revista-inversion-inmobiliaria-marzo-abril-2018\/\" rel=\"noopener\" target=\"_blank\">aqu\u00ed<\/a>. <\/p>\n","protected":false},"excerpt":{"rendered":"<p>Para este a\u00f1o la prioridad ser\u00e1 atender al segmento de no afiliados. La revoluci\u00f3n del sector, dijo el Director de Conavi, se dar\u00e1 al crear los mecanismos para atender a este sector<\/p>\n","protected":false},"author":47,"featured_media":47637,"comment_status":"open","ping_status":"closed","sticky":false,"template":"","format":"standard","meta":{"om_disable_all_campaigns":false,"inline_featured_image":false,"_monsterinsights_skip_tracking":false,"_monsterinsights_sitenote_active":false,"_monsterinsights_sitenote_note":"","_monsterinsights_sitenote_category":0,"footnotes":""},"categories":[4,7115],"tags":[376,1239,1261,251,12538],"class_list":["post-68482","post","type-post","status-publish","format-standard","has-post-thumbnail","hentry","category-publicaciones","category-revista-inversion-inmobiliaria","tag-conavi","tag-entrevista","tag-jorge-wolpert","tag-residencial","tag-the-real-estate-show-2018"],"yoast_head":"<!-- This site is optimized with the Yoast SEO plugin v27.4 - https:\/\/yoast.com\/product\/yoast-seo-wordpress\/ -->\n<title>Sector vivienda con paso firme en 2018<\/title>\n<meta name=\"description\" content=\"Para 2018 el sector de la vivienda tiene dos retos importantes: mantener la producci\u00f3n en el segmento social, con viviendas bien ubicadas, y detonar con fuerza los mecanismos para atender a la poblaci\u00f3n no afiliada, asegur\u00f3 Jorge Wolpert Kuri, director general de la Comisi\u00f3n Nacional de Vivienda (Conavi).\" \/>\n<meta name=\"robots\" content=\"index, follow, max-snippet:-1, max-image-preview:large, max-video-preview:-1\" \/>\n<link rel=\"canonical\" href=\"https:\/\/centrourbano.com\/revista\/publicaciones\/revista-inversion-inmobiliaria\/sector-vivienda-paso-firme-2018\/\" \/>\n<meta property=\"og:locale\" content=\"es_ES\" \/>\n<meta property=\"og:type\" content=\"article\" \/>\n<meta property=\"og:title\" content=\"Sector vivienda con paso firme en 2018\" \/>\n<meta property=\"og:description\" content=\"Para 2018 el sector de la vivienda tiene dos retos importantes: mantener la producci\u00f3n en el segmento social, con viviendas bien ubicadas, y detonar con fuerza los mecanismos para atender a la poblaci\u00f3n no afiliada, asegur\u00f3 Jorge Wolpert Kuri, director general de la Comisi\u00f3n Nacional de Vivienda (Conavi).\" \/>\n<meta property=\"og:url\" content=\"https:\/\/centrourbano.com\/revista\/publicaciones\/revista-inversion-inmobiliaria\/sector-vivienda-paso-firme-2018\/\" \/>\n<meta property=\"og:site_name\" content=\"Centro Urbano\" \/>\n<meta property=\"article:publisher\" content=\"https:\/\/www.facebook.com\/portalcentrourbano\" \/>\n<meta property=\"article:published_time\" content=\"2018-03-09T18:24:12+00:00\" \/>\n<meta property=\"article:modified_time\" content=\"2018-03-13T00:46:38+00:00\" \/>\n<meta property=\"og:image\" content=\"https:\/\/centrourbano.com\/revista\/wp-content\/uploads\/Wolpert_Conavi1.jpeg\" \/>\n\t<meta property=\"og:image:width\" content=\"753\" \/>\n\t<meta property=\"og:image:height\" content=\"600\" \/>\n\t<meta property=\"og:image:type\" content=\"image\/jpeg\" \/>\n<meta name=\"author\" content=\"Edgar Rosas\" \/>\n<meta name=\"twitter:card\" content=\"summary_large_image\" \/>\n<meta name=\"twitter:creator\" content=\"@https:\/\/twitter.com\/ERosasCU?s=09\" \/>\n<meta name=\"twitter:site\" content=\"@CentroUrbano\" \/>\n<meta name=\"twitter:label1\" content=\"Escrito por\" \/>\n\t<meta name=\"twitter:data1\" content=\"Edgar Rosas\" \/>\n\t<meta name=\"twitter:label2\" content=\"Tiempo de lectura\" \/>\n\t<meta name=\"twitter:data2\" content=\"1 minuto\" \/>\n<script type=\"application\/ld+json\" class=\"yoast-schema-graph\">{\"@context\":\"https:\\\/\\\/schema.org\",\"@graph\":[{\"@type\":\"Article\",\"@id\":\"https:\\\/\\\/centrourbano.com\\\/revista\\\/publicaciones\\\/revista-inversion-inmobiliaria\\\/sector-vivienda-paso-firme-2018\\\/#article\",\"isPartOf\":{\"@id\":\"https:\\\/\\\/centrourbano.com\\\/revista\\\/publicaciones\\\/revista-inversion-inmobiliaria\\\/sector-vivienda-paso-firme-2018\\\/\"},\"author\":{\"name\":\"Edgar Rosas\",\"@id\":\"https:\\\/\\\/centrourbano.com\\\/revista\\\/#\\\/schema\\\/person\\\/ff3c00651ce5b1630479d2cd0c2e3ac0\"},\"headline\":\"Sector vivienda con paso firme en 2018\",\"datePublished\":\"2018-03-09T18:24:12+00:00\",\"dateModified\":\"2018-03-13T00:46:38+00:00\",\"mainEntityOfPage\":{\"@id\":\"https:\\\/\\\/centrourbano.com\\\/revista\\\/publicaciones\\\/revista-inversion-inmobiliaria\\\/sector-vivienda-paso-firme-2018\\\/\"},\"wordCount\":265,\"commentCount\":0,\"publisher\":{\"@id\":\"https:\\\/\\\/centrourbano.com\\\/revista\\\/#organization\"},\"image\":{\"@id\":\"https:\\\/\\\/centrourbano.com\\\/revista\\\/publicaciones\\\/revista-inversion-inmobiliaria\\\/sector-vivienda-paso-firme-2018\\\/#primaryimage\"},\"thumbnailUrl\":\"https:\\\/\\\/centrourbano.com\\\/revista\\\/wp-content\\\/uploads\\\/Wolpert_Conavi1.jpeg\",\"keywords\":[\"Conavi\",\"Entrevista\",\"Jorge Wolpert\",\"residencial\",\"The Real Estate Show 2018\"],\"articleSection\":[\"Publicaciones\",\"Revista Inversi\u00f3n Inmobiliaria\"],\"inLanguage\":\"es\",\"potentialAction\":[{\"@type\":\"CommentAction\",\"name\":\"Comment\",\"target\":[\"https:\\\/\\\/centrourbano.com\\\/revista\\\/publicaciones\\\/revista-inversion-inmobiliaria\\\/sector-vivienda-paso-firme-2018\\\/#respond\"]}]},{\"@type\":\"WebPage\",\"@id\":\"https:\\\/\\\/centrourbano.com\\\/revista\\\/publicaciones\\\/revista-inversion-inmobiliaria\\\/sector-vivienda-paso-firme-2018\\\/\",\"url\":\"https:\\\/\\\/centrourbano.com\\\/revista\\\/publicaciones\\\/revista-inversion-inmobiliaria\\\/sector-vivienda-paso-firme-2018\\\/\",\"name\":\"Sector vivienda con paso firme en 2018\",\"isPartOf\":{\"@id\":\"https:\\\/\\\/centrourbano.com\\\/revista\\\/#website\"},\"primaryImageOfPage\":{\"@id\":\"https:\\\/\\\/centrourbano.com\\\/revista\\\/publicaciones\\\/revista-inversion-inmobiliaria\\\/sector-vivienda-paso-firme-2018\\\/#primaryimage\"},\"image\":{\"@id\":\"https:\\\/\\\/centrourbano.com\\\/revista\\\/publicaciones\\\/revista-inversion-inmobiliaria\\\/sector-vivienda-paso-firme-2018\\\/#primaryimage\"},\"thumbnailUrl\":\"https:\\\/\\\/centrourbano.com\\\/revista\\\/wp-content\\\/uploads\\\/Wolpert_Conavi1.jpeg\",\"datePublished\":\"2018-03-09T18:24:12+00:00\",\"dateModified\":\"2018-03-13T00:46:38+00:00\",\"description\":\"Para 2018 el sector de la vivienda tiene dos retos importantes: mantener la producci\u00f3n en el segmento social, con viviendas bien ubicadas, y detonar con fuerza los mecanismos para atender a la poblaci\u00f3n no afiliada, asegur\u00f3 Jorge Wolpert Kuri, director general de la Comisi\u00f3n Nacional de Vivienda (Conavi).\",\"breadcrumb\":{\"@id\":\"https:\\\/\\\/centrourbano.com\\\/revista\\\/publicaciones\\\/revista-inversion-inmobiliaria\\\/sector-vivienda-paso-firme-2018\\\/#breadcrumb\"},\"inLanguage\":\"es\",\"potentialAction\":[{\"@type\":\"ReadAction\",\"target\":[\"https:\\\/\\\/centrourbano.com\\\/revista\\\/publicaciones\\\/revista-inversion-inmobiliaria\\\/sector-vivienda-paso-firme-2018\\\/\"]}]},{\"@type\":\"ImageObject\",\"inLanguage\":\"es\",\"@id\":\"https:\\\/\\\/centrourbano.com\\\/revista\\\/publicaciones\\\/revista-inversion-inmobiliaria\\\/sector-vivienda-paso-firme-2018\\\/#primaryimage\",\"url\":\"https:\\\/\\\/centrourbano.com\\\/revista\\\/wp-content\\\/uploads\\\/Wolpert_Conavi1.jpeg\",\"contentUrl\":\"https:\\\/\\\/centrourbano.com\\\/revista\\\/wp-content\\\/uploads\\\/Wolpert_Conavi1.jpeg\",\"width\":753,\"height\":600,\"caption\":\"El director de Conavi asegur\u00f3 que la creaci\u00f3n de Conavi ha representado para la industria un cambio, entre ellos, tener salud financiera\"},{\"@type\":\"BreadcrumbList\",\"@id\":\"https:\\\/\\\/centrourbano.com\\\/revista\\\/publicaciones\\\/revista-inversion-inmobiliaria\\\/sector-vivienda-paso-firme-2018\\\/#breadcrumb\",\"itemListElement\":[{\"@type\":\"ListItem\",\"position\":1,\"name\":\"Portada\",\"item\":\"https:\\\/\\\/centrourbano.com\\\/revista\\\/\"},{\"@type\":\"ListItem\",\"position\":2,\"name\":\"Sector vivienda con paso firme en 2018\"}]},{\"@type\":\"WebSite\",\"@id\":\"https:\\\/\\\/centrourbano.com\\\/revista\\\/#website\",\"url\":\"https:\\\/\\\/centrourbano.com\\\/revista\\\/\",\"name\":\"Centro Urbano\",\"description\":\"Medio especializado en los sectores vivienda, inmobiliario, construcci\u00f3n, arquitectura y urbanismo.\",\"publisher\":{\"@id\":\"https:\\\/\\\/centrourbano.com\\\/revista\\\/#organization\"},\"potentialAction\":[{\"@type\":\"SearchAction\",\"target\":{\"@type\":\"EntryPoint\",\"urlTemplate\":\"https:\\\/\\\/centrourbano.com\\\/revista\\\/?s={search_term_string}\"},\"query-input\":{\"@type\":\"PropertyValueSpecification\",\"valueRequired\":true,\"valueName\":\"search_term_string\"}}],\"inLanguage\":\"es\"},{\"@type\":\"Organization\",\"@id\":\"https:\\\/\\\/centrourbano.com\\\/revista\\\/#organization\",\"name\":\"Centro Urbano\",\"url\":\"https:\\\/\\\/centrourbano.com\\\/revista\\\/\",\"logo\":{\"@type\":\"ImageObject\",\"inLanguage\":\"es\",\"@id\":\"https:\\\/\\\/centrourbano.com\\\/revista\\\/#\\\/schema\\\/logo\\\/image\\\/\",\"url\":\"https:\\\/\\\/centrourbano.com\\\/revista\\\/wp-content\\\/uploads\\\/web_CU_logo-1.png\",\"contentUrl\":\"https:\\\/\\\/centrourbano.com\\\/revista\\\/wp-content\\\/uploads\\\/web_CU_logo-1.png\",\"width\":350,\"height\":91,\"caption\":\"Centro Urbano\"},\"image\":{\"@id\":\"https:\\\/\\\/centrourbano.com\\\/revista\\\/#\\\/schema\\\/logo\\\/image\\\/\"},\"sameAs\":[\"https:\\\/\\\/www.facebook.com\\\/portalcentrourbano\",\"https:\\\/\\\/x.com\\\/CentroUrbano\",\"https:\\\/\\\/www.instagram.com\\\/centro_urbano\\\/\",\"https:\\\/\\\/www.linkedin.com\\\/company\\\/centro-urbano\\\/\",\"http:\\\/\\\/www.youtube.com\\\/user\\\/portalcentrourbano\"]},{\"@type\":\"Person\",\"@id\":\"https:\\\/\\\/centrourbano.com\\\/revista\\\/#\\\/schema\\\/person\\\/ff3c00651ce5b1630479d2cd0c2e3ac0\",\"name\":\"Edgar Rosas\",\"image\":{\"@type\":\"ImageObject\",\"inLanguage\":\"es\",\"@id\":\"https:\\\/\\\/secure.gravatar.com\\\/avatar\\\/94440c4283495211faa5300bf85e80061036b83fced868c3783aa1310b350d9c?s=96&d=mm&r=g\",\"url\":\"https:\\\/\\\/secure.gravatar.com\\\/avatar\\\/94440c4283495211faa5300bf85e80061036b83fced868c3783aa1310b350d9c?s=96&d=mm&r=g\",\"contentUrl\":\"https:\\\/\\\/secure.gravatar.com\\\/avatar\\\/94440c4283495211faa5300bf85e80061036b83fced868c3783aa1310b350d9c?s=96&d=mm&r=g\",\"caption\":\"Edgar Rosas\"},\"description\":\"Editor en Jefe de Centro Urbano. Egresado de la maestr\u00eda en Periodismo Pol\u00edtico de la Escuela de Periodismo Carlos Septi\u00e9n Garc\u00eda (EPCSG). Estudi\u00f3 la licenciatura en Comunicaci\u00f3n en la Universidad Mexicana. Amante de la cr\u00f3nica y el reportaje. Admirador de Vicente Le\u00f1ero y Miguel \u00c1ngel Granados Chapa.\",\"sameAs\":[\"https:\\\/\\\/x.com\\\/https:\\\/\\\/twitter.com\\\/ERosasCU?s=09\"],\"url\":\"https:\\\/\\\/centrourbano.com\\\/revista\\\/author\\\/edgar-rosas\\\/\"}]}<\/script>\n<!-- \/ Yoast SEO plugin. -->","yoast_head_json":{"title":"Sector vivienda con paso firme en 2018","description":"Para 2018 el sector de la vivienda tiene dos retos importantes: mantener la producci\u00f3n en el segmento social, con viviendas bien ubicadas, y detonar con fuerza los mecanismos para atender a la poblaci\u00f3n no afiliada, asegur\u00f3 Jorge Wolpert Kuri, director general de la Comisi\u00f3n Nacional de Vivienda (Conavi).","robots":{"index":"index","follow":"follow","max-snippet":"max-snippet:-1","max-image-preview":"max-image-preview:large","max-video-preview":"max-video-preview:-1"},"canonical":"https:\/\/centrourbano.com\/revista\/publicaciones\/revista-inversion-inmobiliaria\/sector-vivienda-paso-firme-2018\/","og_locale":"es_ES","og_type":"article","og_title":"Sector vivienda con paso firme en 2018","og_description":"Para 2018 el sector de la vivienda tiene dos retos importantes: mantener la producci\u00f3n en el segmento social, con viviendas bien ubicadas, y detonar con fuerza los mecanismos para atender a la poblaci\u00f3n no afiliada, asegur\u00f3 Jorge Wolpert Kuri, director general de la Comisi\u00f3n Nacional de Vivienda (Conavi).","og_url":"https:\/\/centrourbano.com\/revista\/publicaciones\/revista-inversion-inmobiliaria\/sector-vivienda-paso-firme-2018\/","og_site_name":"Centro Urbano","article_publisher":"https:\/\/www.facebook.com\/portalcentrourbano","article_published_time":"2018-03-09T18:24:12+00:00","article_modified_time":"2018-03-13T00:46:38+00:00","og_image":[{"width":753,"height":600,"url":"https:\/\/centrourbano.com\/revista\/wp-content\/uploads\/Wolpert_Conavi1.jpeg","type":"image\/jpeg"}],"author":"Edgar Rosas","twitter_card":"summary_large_image","twitter_creator":"@https:\/\/twitter.com\/ERosasCU?s=09","twitter_site":"@CentroUrbano","twitter_misc":{"Escrito por":"Edgar Rosas","Tiempo de lectura":"1 minuto"},"schema":{"@context":"https:\/\/schema.org","@graph":[{"@type":"Article","@id":"https:\/\/centrourbano.com\/revista\/publicaciones\/revista-inversion-inmobiliaria\/sector-vivienda-paso-firme-2018\/#article","isPartOf":{"@id":"https:\/\/centrourbano.com\/revista\/publicaciones\/revista-inversion-inmobiliaria\/sector-vivienda-paso-firme-2018\/"},"author":{"name":"Edgar Rosas","@id":"https:\/\/centrourbano.com\/revista\/#\/schema\/person\/ff3c00651ce5b1630479d2cd0c2e3ac0"},"headline":"Sector vivienda con paso firme en 2018","datePublished":"2018-03-09T18:24:12+00:00","dateModified":"2018-03-13T00:46:38+00:00","mainEntityOfPage":{"@id":"https:\/\/centrourbano.com\/revista\/publicaciones\/revista-inversion-inmobiliaria\/sector-vivienda-paso-firme-2018\/"},"wordCount":265,"commentCount":0,"publisher":{"@id":"https:\/\/centrourbano.com\/revista\/#organization"},"image":{"@id":"https:\/\/centrourbano.com\/revista\/publicaciones\/revista-inversion-inmobiliaria\/sector-vivienda-paso-firme-2018\/#primaryimage"},"thumbnailUrl":"https:\/\/centrourbano.com\/revista\/wp-content\/uploads\/Wolpert_Conavi1.jpeg","keywords":["Conavi","Entrevista","Jorge Wolpert","residencial","The Real Estate Show 2018"],"articleSection":["Publicaciones","Revista Inversi\u00f3n Inmobiliaria"],"inLanguage":"es","potentialAction":[{"@type":"CommentAction","name":"Comment","target":["https:\/\/centrourbano.com\/revista\/publicaciones\/revista-inversion-inmobiliaria\/sector-vivienda-paso-firme-2018\/#respond"]}]},{"@type":"WebPage","@id":"https:\/\/centrourbano.com\/revista\/publicaciones\/revista-inversion-inmobiliaria\/sector-vivienda-paso-firme-2018\/","url":"https:\/\/centrourbano.com\/revista\/publicaciones\/revista-inversion-inmobiliaria\/sector-vivienda-paso-firme-2018\/","name":"Sector vivienda con paso firme en 2018","isPartOf":{"@id":"https:\/\/centrourbano.com\/revista\/#website"},"primaryImageOfPage":{"@id":"https:\/\/centrourbano.com\/revista\/publicaciones\/revista-inversion-inmobiliaria\/sector-vivienda-paso-firme-2018\/#primaryimage"},"image":{"@id":"https:\/\/centrourbano.com\/revista\/publicaciones\/revista-inversion-inmobiliaria\/sector-vivienda-paso-firme-2018\/#primaryimage"},"thumbnailUrl":"https:\/\/centrourbano.com\/revista\/wp-content\/uploads\/Wolpert_Conavi1.jpeg","datePublished":"2018-03-09T18:24:12+00:00","dateModified":"2018-03-13T00:46:38+00:00","description":"Para 2018 el sector de la vivienda tiene dos retos importantes: mantener la producci\u00f3n en el segmento social, con viviendas bien ubicadas, y detonar con fuerza los mecanismos para atender a la poblaci\u00f3n no afiliada, asegur\u00f3 Jorge Wolpert Kuri, director general de la Comisi\u00f3n Nacional de Vivienda (Conavi).","breadcrumb":{"@id":"https:\/\/centrourbano.com\/revista\/publicaciones\/revista-inversion-inmobiliaria\/sector-vivienda-paso-firme-2018\/#breadcrumb"},"inLanguage":"es","potentialAction":[{"@type":"ReadAction","target":["https:\/\/centrourbano.com\/revista\/publicaciones\/revista-inversion-inmobiliaria\/sector-vivienda-paso-firme-2018\/"]}]},{"@type":"ImageObject","inLanguage":"es","@id":"https:\/\/centrourbano.com\/revista\/publicaciones\/revista-inversion-inmobiliaria\/sector-vivienda-paso-firme-2018\/#primaryimage","url":"https:\/\/centrourbano.com\/revista\/wp-content\/uploads\/Wolpert_Conavi1.jpeg","contentUrl":"https:\/\/centrourbano.com\/revista\/wp-content\/uploads\/Wolpert_Conavi1.jpeg","width":753,"height":600,"caption":"El director de Conavi asegur\u00f3 que la creaci\u00f3n de Conavi ha representado para la industria un cambio, entre ellos, tener salud financiera"},{"@type":"BreadcrumbList","@id":"https:\/\/centrourbano.com\/revista\/publicaciones\/revista-inversion-inmobiliaria\/sector-vivienda-paso-firme-2018\/#breadcrumb","itemListElement":[{"@type":"ListItem","position":1,"name":"Portada","item":"https:\/\/centrourbano.com\/revista\/"},{"@type":"ListItem","position":2,"name":"Sector vivienda con paso firme en 2018"}]},{"@type":"WebSite","@id":"https:\/\/centrourbano.com\/revista\/#website","url":"https:\/\/centrourbano.com\/revista\/","name":"Centro Urbano","description":"Medio especializado en los sectores vivienda, inmobiliario, construcci\u00f3n, arquitectura y urbanismo.","publisher":{"@id":"https:\/\/centrourbano.com\/revista\/#organization"},"potentialAction":[{"@type":"SearchAction","target":{"@type":"EntryPoint","urlTemplate":"https:\/\/centrourbano.com\/revista\/?s={search_term_string}"},"query-input":{"@type":"PropertyValueSpecification","valueRequired":true,"valueName":"search_term_string"}}],"inLanguage":"es"},{"@type":"Organization","@id":"https:\/\/centrourbano.com\/revista\/#organization","name":"Centro Urbano","url":"https:\/\/centrourbano.com\/revista\/","logo":{"@type":"ImageObject","inLanguage":"es","@id":"https:\/\/centrourbano.com\/revista\/#\/schema\/logo\/image\/","url":"https:\/\/centrourbano.com\/revista\/wp-content\/uploads\/web_CU_logo-1.png","contentUrl":"https:\/\/centrourbano.com\/revista\/wp-content\/uploads\/web_CU_logo-1.png","width":350,"height":91,"caption":"Centro Urbano"},"image":{"@id":"https:\/\/centrourbano.com\/revista\/#\/schema\/logo\/image\/"},"sameAs":["https:\/\/www.facebook.com\/portalcentrourbano","https:\/\/x.com\/CentroUrbano","https:\/\/www.instagram.com\/centro_urbano\/","https:\/\/www.linkedin.com\/company\/centro-urbano\/","http:\/\/www.youtube.com\/user\/portalcentrourbano"]},{"@type":"Person","@id":"https:\/\/centrourbano.com\/revista\/#\/schema\/person\/ff3c00651ce5b1630479d2cd0c2e3ac0","name":"Edgar Rosas","image":{"@type":"ImageObject","inLanguage":"es","@id":"https:\/\/secure.gravatar.com\/avatar\/94440c4283495211faa5300bf85e80061036b83fced868c3783aa1310b350d9c?s=96&d=mm&r=g","url":"https:\/\/secure.gravatar.com\/avatar\/94440c4283495211faa5300bf85e80061036b83fced868c3783aa1310b350d9c?s=96&d=mm&r=g","contentUrl":"https:\/\/secure.gravatar.com\/avatar\/94440c4283495211faa5300bf85e80061036b83fced868c3783aa1310b350d9c?s=96&d=mm&r=g","caption":"Edgar Rosas"},"description":"Editor en Jefe de Centro Urbano. Egresado de la maestr\u00eda en Periodismo Pol\u00edtico de la Escuela de Periodismo Carlos Septi\u00e9n Garc\u00eda (EPCSG). Estudi\u00f3 la licenciatura en Comunicaci\u00f3n en la Universidad Mexicana. Amante de la cr\u00f3nica y el reportaje. Admirador de Vicente Le\u00f1ero y Miguel \u00c1ngel Granados Chapa.","sameAs":["https:\/\/x.com\/https:\/\/twitter.com\/ERosasCU?s=09"],"url":"https:\/\/centrourbano.com\/revista\/author\/edgar-rosas\/"}]}},"_links":{"self":[{"href":"https:\/\/centrourbano.com\/revista\/wp-json\/wp\/v2\/posts\/68482","targetHints":{"allow":["GET"]}}],"collection":[{"href":"https:\/\/centrourbano.com\/revista\/wp-json\/wp\/v2\/posts"}],"about":[{"href":"https:\/\/centrourbano.com\/revista\/wp-json\/wp\/v2\/types\/post"}],"author":[{"embeddable":true,"href":"https:\/\/centrourbano.com\/revista\/wp-json\/wp\/v2\/users\/47"}],"replies":[{"embeddable":true,"href":"https:\/\/centrourbano.com\/revista\/wp-json\/wp\/v2\/comments?post=68482"}],"version-history":[{"count":4,"href":"https:\/\/centrourbano.com\/revista\/wp-json\/wp\/v2\/posts\/68482\/revisions"}],"predecessor-version":[{"id":68543,"href":"https:\/\/centrourbano.com\/revista\/wp-json\/wp\/v2\/posts\/68482\/revisions\/68543"}],"wp:featuredmedia":[{"embeddable":true,"href":"https:\/\/centrourbano.com\/revista\/wp-json\/wp\/v2\/media\/47637"}],"wp:attachment":[{"href":"https:\/\/centrourbano.com\/revista\/wp-json\/wp\/v2\/media?parent=68482"}],"wp:term":[{"taxonomy":"category","embeddable":true,"href":"https:\/\/centrourbano.com\/revista\/wp-json\/wp\/v2\/categories?post=68482"},{"taxonomy":"post_tag","embeddable":true,"href":"https:\/\/centrourbano.com\/revista\/wp-json\/wp\/v2\/tags?post=68482"}],"curies":[{"name":"wp","href":"https:\/\/api.w.org\/{rel}","templated":true}]}}