{"id":68407,"date":"2018-03-09T15:04:29","date_gmt":"2018-03-09T21:04:29","guid":{"rendered":"https:\/\/centrourbano.com\/?p=68407"},"modified":"2018-03-09T15:04:29","modified_gmt":"2018-03-09T21:04:29","slug":"el-ano-pasado-la-demanda-industrial-se-concentro-en-4-estados-del-pais","status":"publish","type":"post","link":"https:\/\/centrourbano.com\/revista\/publicaciones\/el-ano-pasado-la-demanda-industrial-se-concentro-en-4-estados-del-pais\/","title":{"rendered":"El a\u00f1o pasado la demanda industrial se concentr\u00f3 en 4 estados del pa\u00eds"},"content":{"rendered":"<p><em>El comercio electr\u00f3nico impuls\u00f3 la construcci\u00f3n de centros log\u00edsticos<\/em><br \/>\n<!--more--> <\/p>\n<p>Durante 2017 la demanda industrial en el pa\u00eds se concentr\u00f3 en la Ciudad de M\u00e9xico, Guanajuato, Monterrey y Quer\u00e9taro, de acuerdo con an\u00e1lisis de la empresa consultora CBRE. <\/p>\n<p>Al cierre del a\u00f1o pasado la demanda neta, sin incluir pre-arrendamientos ni renovaciones, en la Ciudad de M\u00e9xico fue 843,000 metros cuadrados (m\u00b2); sigui\u00f3 Guanajuato, con 717,000 m\u00b2; Monterrey, con 592 m\u00b2 y Quer\u00e9taro con 580,000 metros cuadrados.<\/p>\n<p>En lo que respecta a la absorci\u00f3n neta, \u00e9sta alcanz\u00f3 los 4.1 millones de m\u00b2, cifra 3% abajo comparada con 2016, que fue un a\u00f1o r\u00e9cord para la demanda. Aunque la cifra es positiva para el sector, ya que demuestra la resiliencia de la industria en un per\u00edodo de incertidumbre.<\/p>\n<p>De los espacios industriales solicitados, alrededor de 80% de la demanda correspondi\u00f3 a los sectores de manufactura, automotriz y log\u00edstica.<\/p>\n<p>Mientras que las tasas de vacancia tuvieron un nivel promedio de 4.9%, donde ning\u00fan mercado reporta niveles superiores a 7.2%; el m\u00e1s alto fue Quer\u00e9taro, con 7.1%, seguido de Reynosa, con el 6.8 por ciento. <\/p>\n<p>En el caso de la Ciudad de M\u00e9xico durante 2017 se agregaron 650,000 m\u00b2 nuevos en el mercado industrial, cifra r\u00e9cord, esto indica un mercado que crece debido a la fortaleza del mercado interno que impulsa al sector de la log\u00edstica y de distribuci\u00f3n. <\/p>\n<p><a href=\"https:\/\/centrourbano.com\/2018\/03\/08\/revista-inversion-inmobiliaria-marzo-abril-2018\/\" rel=\"noopener\" target=\"_blank\">Lee la nota completa aqu\u00ed<\/a> <\/p>\n","protected":false},"excerpt":{"rendered":"<p>El comercio electr\u00f3nico impuls\u00f3 la construcci\u00f3n de centros log\u00edsticos<\/p>\n","protected":false},"author":77,"featured_media":62630,"comment_status":"open","ping_status":"closed","sticky":false,"template":"","format":"standard","meta":{"inline_featured_image":false,"footnotes":""},"categories":[4,7115],"tags":[],"class_list":["post-68407","post","type-post","status-publish","format-standard","has-post-thumbnail","hentry","category-publicaciones","category-revista-inversion-inmobiliaria"],"yoast_head":"<!-- This site is optimized with the Yoast SEO plugin v28.4 - https:\/\/yoast.com\/product\/yoast-seo-wordpress\/ -->\n<title>El a\u00f1o pasado la demanda industrial se concentr\u00f3 en 4 estados del pa\u00eds -<\/title>\n<meta name=\"description\" content=\"Durante 2017 la demanda industrial en el pa\u00eds se concentr\u00f3 en la Ciudad de M\u00e9xico, Guanajuato, Monterrey y Quer\u00e9taro, de acuerdo con an\u00e1lisis de la empresa consultora CBRE.\" \/>\n<meta name=\"robots\" content=\"index, follow, max-snippet:-1, max-image-preview:large, max-video-preview:-1\" \/>\n<link rel=\"canonical\" href=\"https:\/\/centrourbano.com\/revista\/publicaciones\/el-ano-pasado-la-demanda-industrial-se-concentro-en-4-estados-del-pais\/\" \/>\n<meta property=\"og:locale\" content=\"es_ES\" \/>\n<meta property=\"og:type\" content=\"article\" \/>\n<meta property=\"og:title\" content=\"El a\u00f1o pasado la demanda industrial se concentr\u00f3 en 4 estados del pa\u00eds -\" \/>\n<meta property=\"og:description\" content=\"Durante 2017 la demanda industrial en el pa\u00eds se concentr\u00f3 en la Ciudad de M\u00e9xico, Guanajuato, Monterrey y Quer\u00e9taro, de acuerdo con an\u00e1lisis de la empresa consultora CBRE.\" \/>\n<meta property=\"og:url\" content=\"https:\/\/centrourbano.com\/revista\/publicaciones\/el-ano-pasado-la-demanda-industrial-se-concentro-en-4-estados-del-pais\/\" \/>\n<meta property=\"og:site_name\" content=\"Centro Urbano\" \/>\n<meta property=\"article:publisher\" content=\"https:\/\/www.facebook.com\/portalcentrourbano\" \/>\n<meta property=\"article:published_time\" content=\"2018-03-09T21:04:29+00:00\" \/>\n<meta property=\"og:image\" content=\"https:\/\/centrourbano.com\/revista\/wp-content\/uploads\/FINSA_QUERETARO.jpg\" \/>\n\t<meta property=\"og:image:width\" content=\"800\" \/>\n\t<meta property=\"og:image:height\" content=\"533\" \/>\n\t<meta property=\"og:image:type\" content=\"image\/jpeg\" \/>\n<meta name=\"author\" content=\"G4A\" \/>\n<meta name=\"twitter:card\" content=\"summary_large_image\" \/>\n<meta name=\"twitter:creator\" content=\"@CentroUrbano\" \/>\n<meta name=\"twitter:site\" content=\"@CentroUrbano\" \/>\n<meta name=\"twitter:label1\" content=\"Escrito por\" \/>\n\t<meta name=\"twitter:data1\" content=\"G4A\" \/>\n\t<meta name=\"twitter:label2\" content=\"Tiempo de lectura\" \/>\n\t<meta name=\"twitter:data2\" content=\"1 minuto\" \/>\n<script type=\"application\/ld+json\" class=\"yoast-schema-graph\">{\"@context\":\"https:\\\/\\\/schema.org\",\"@graph\":[{\"@type\":\"Article\",\"@id\":\"https:\\\/\\\/centrourbano.com\\\/revista\\\/publicaciones\\\/el-ano-pasado-la-demanda-industrial-se-concentro-en-4-estados-del-pais\\\/#article\",\"isPartOf\":{\"@id\":\"https:\\\/\\\/centrourbano.com\\\/revista\\\/publicaciones\\\/el-ano-pasado-la-demanda-industrial-se-concentro-en-4-estados-del-pais\\\/\"},\"author\":{\"name\":\"G4A\",\"@id\":\"https:\\\/\\\/centrourbano.com\\\/revista\\\/#\\\/schema\\\/person\\\/370fa0ba2d8dd5bde3fdb8b62ad360aa\"},\"headline\":\"El a\u00f1o pasado la demanda industrial se concentr\u00f3 en 4 estados del pa\u00eds\",\"datePublished\":\"2018-03-09T21:04:29+00:00\",\"mainEntityOfPage\":{\"@id\":\"https:\\\/\\\/centrourbano.com\\\/revista\\\/publicaciones\\\/el-ano-pasado-la-demanda-industrial-se-concentro-en-4-estados-del-pais\\\/\"},\"wordCount\":250,\"commentCount\":0,\"publisher\":{\"@id\":\"https:\\\/\\\/centrourbano.com\\\/revista\\\/#organization\"},\"image\":{\"@id\":\"https:\\\/\\\/centrourbano.com\\\/revista\\\/publicaciones\\\/el-ano-pasado-la-demanda-industrial-se-concentro-en-4-estados-del-pais\\\/#primaryimage\"},\"thumbnailUrl\":\"https:\\\/\\\/centrourbano.com\\\/revista\\\/wp-content\\\/uploads\\\/FINSA_QUERETARO.jpg\",\"articleSection\":[\"Publicaciones\",\"Revista Inversi\u00f3n Inmobiliaria\"],\"inLanguage\":\"es\"},{\"@type\":\"WebPage\",\"@id\":\"https:\\\/\\\/centrourbano.com\\\/revista\\\/publicaciones\\\/el-ano-pasado-la-demanda-industrial-se-concentro-en-4-estados-del-pais\\\/\",\"url\":\"https:\\\/\\\/centrourbano.com\\\/revista\\\/publicaciones\\\/el-ano-pasado-la-demanda-industrial-se-concentro-en-4-estados-del-pais\\\/\",\"name\":\"El a\u00f1o pasado la demanda industrial se concentr\u00f3 en 4 estados del pa\u00eds -\",\"isPartOf\":{\"@id\":\"https:\\\/\\\/centrourbano.com\\\/revista\\\/#website\"},\"primaryImageOfPage\":{\"@id\":\"https:\\\/\\\/centrourbano.com\\\/revista\\\/publicaciones\\\/el-ano-pasado-la-demanda-industrial-se-concentro-en-4-estados-del-pais\\\/#primaryimage\"},\"image\":{\"@id\":\"https:\\\/\\\/centrourbano.com\\\/revista\\\/publicaciones\\\/el-ano-pasado-la-demanda-industrial-se-concentro-en-4-estados-del-pais\\\/#primaryimage\"},\"thumbnailUrl\":\"https:\\\/\\\/centrourbano.com\\\/revista\\\/wp-content\\\/uploads\\\/FINSA_QUERETARO.jpg\",\"datePublished\":\"2018-03-09T21:04:29+00:00\",\"description\":\"Durante 2017 la demanda industrial en el pa\u00eds se concentr\u00f3 en la Ciudad de M\u00e9xico, Guanajuato, Monterrey y Quer\u00e9taro, de acuerdo con an\u00e1lisis de la empresa consultora CBRE.\",\"breadcrumb\":{\"@id\":\"https:\\\/\\\/centrourbano.com\\\/revista\\\/publicaciones\\\/el-ano-pasado-la-demanda-industrial-se-concentro-en-4-estados-del-pais\\\/#breadcrumb\"},\"inLanguage\":\"es\",\"potentialAction\":[{\"@type\":\"ReadAction\",\"target\":[\"https:\\\/\\\/centrourbano.com\\\/revista\\\/publicaciones\\\/el-ano-pasado-la-demanda-industrial-se-concentro-en-4-estados-del-pais\\\/\"]}]},{\"@type\":\"ImageObject\",\"inLanguage\":\"es\",\"@id\":\"https:\\\/\\\/centrourbano.com\\\/revista\\\/publicaciones\\\/el-ano-pasado-la-demanda-industrial-se-concentro-en-4-estados-del-pais\\\/#primaryimage\",\"url\":\"https:\\\/\\\/centrourbano.com\\\/revista\\\/wp-content\\\/uploads\\\/FINSA_QUERETARO.jpg\",\"contentUrl\":\"https:\\\/\\\/centrourbano.com\\\/revista\\\/wp-content\\\/uploads\\\/FINSA_QUERETARO.jpg\",\"width\":800,\"height\":533,\"caption\":\"Las principales transacciones se realizaron en cuatro parques industriales con m\u00e1s de 44,000 m\u00b2\"},{\"@type\":\"BreadcrumbList\",\"@id\":\"https:\\\/\\\/centrourbano.com\\\/revista\\\/publicaciones\\\/el-ano-pasado-la-demanda-industrial-se-concentro-en-4-estados-del-pais\\\/#breadcrumb\",\"itemListElement\":[{\"@type\":\"ListItem\",\"position\":1,\"name\":\"Portada\",\"item\":\"https:\\\/\\\/centrourbano.com\\\/revista\\\/\"},{\"@type\":\"ListItem\",\"position\":2,\"name\":\"El a\u00f1o pasado la demanda industrial se concentr\u00f3 en 4 estados del pa\u00eds\"}]},{\"@type\":\"WebSite\",\"@id\":\"https:\\\/\\\/centrourbano.com\\\/revista\\\/#website\",\"url\":\"https:\\\/\\\/centrourbano.com\\\/revista\\\/\",\"name\":\"Centro Urbano\",\"description\":\"Medio especializado en los sectores vivienda, inmobiliario, construcci\u00f3n, arquitectura y urbanismo.\",\"publisher\":{\"@id\":\"https:\\\/\\\/centrourbano.com\\\/revista\\\/#organization\"},\"potentialAction\":[{\"@type\":\"SearchAction\",\"target\":{\"@type\":\"EntryPoint\",\"urlTemplate\":\"https:\\\/\\\/centrourbano.com\\\/revista\\\/?s={search_term_string}\"},\"query-input\":{\"@type\":\"PropertyValueSpecification\",\"valueRequired\":true,\"valueName\":\"search_term_string\"}}],\"inLanguage\":\"es\"},{\"@type\":\"Organization\",\"@id\":\"https:\\\/\\\/centrourbano.com\\\/revista\\\/#organization\",\"name\":\"Centro Urbano\",\"url\":\"https:\\\/\\\/centrourbano.com\\\/revista\\\/\",\"logo\":{\"@type\":\"ImageObject\",\"inLanguage\":\"es\",\"@id\":\"https:\\\/\\\/centrourbano.com\\\/revista\\\/#\\\/schema\\\/logo\\\/image\\\/\",\"url\":\"https:\\\/\\\/centrourbano.com\\\/revista\\\/wp-content\\\/uploads\\\/web_CU_logo-1.png\",\"contentUrl\":\"https:\\\/\\\/centrourbano.com\\\/revista\\\/wp-content\\\/uploads\\\/web_CU_logo-1.png\",\"width\":350,\"height\":91,\"caption\":\"Centro Urbano\"},\"image\":{\"@id\":\"https:\\\/\\\/centrourbano.com\\\/revista\\\/#\\\/schema\\\/logo\\\/image\\\/\"},\"sameAs\":[\"https:\\\/\\\/www.facebook.com\\\/portalcentrourbano\",\"https:\\\/\\\/x.com\\\/CentroUrbano\",\"https:\\\/\\\/www.instagram.com\\\/centro_urbano\\\/\",\"https:\\\/\\\/www.linkedin.com\\\/company\\\/centro-urbano\\\/\",\"http:\\\/\\\/www.youtube.com\\\/user\\\/portalcentrourbano\"]},{\"@type\":\"Person\",\"@id\":\"https:\\\/\\\/centrourbano.com\\\/revista\\\/#\\\/schema\\\/person\\\/370fa0ba2d8dd5bde3fdb8b62ad360aa\",\"name\":\"G4A\",\"image\":{\"@type\":\"ImageObject\",\"inLanguage\":\"es\",\"@id\":\"https:\\\/\\\/secure.gravatar.com\\\/avatar\\\/932a97121b13d5de5bbd8193c6c83d3b92c9eda0f39623607d4280e7a5778d97?s=96&d=mm&r=g\",\"url\":\"https:\\\/\\\/secure.gravatar.com\\\/avatar\\\/932a97121b13d5de5bbd8193c6c83d3b92c9eda0f39623607d4280e7a5778d97?s=96&d=mm&r=g\",\"contentUrl\":\"https:\\\/\\\/secure.gravatar.com\\\/avatar\\\/932a97121b13d5de5bbd8193c6c83d3b92c9eda0f39623607d4280e7a5778d97?s=96&d=mm&r=g\",\"caption\":\"G4A\"},\"url\":\"https:\\\/\\\/centrourbano.com\\\/revista\\\/author\\\/admin-g4a\\\/\"}]}<\/script>\n<!-- \/ Yoast SEO plugin. -->","yoast_head_json":{"title":"El a\u00f1o pasado la demanda industrial se concentr\u00f3 en 4 estados del pa\u00eds -","description":"Durante 2017 la demanda industrial en el pa\u00eds se concentr\u00f3 en la Ciudad de M\u00e9xico, Guanajuato, Monterrey y Quer\u00e9taro, de acuerdo con an\u00e1lisis de la empresa consultora CBRE.","robots":{"index":"index","follow":"follow","max-snippet":"max-snippet:-1","max-image-preview":"max-image-preview:large","max-video-preview":"max-video-preview:-1"},"canonical":"https:\/\/centrourbano.com\/revista\/publicaciones\/el-ano-pasado-la-demanda-industrial-se-concentro-en-4-estados-del-pais\/","og_locale":"es_ES","og_type":"article","og_title":"El a\u00f1o pasado la demanda industrial se concentr\u00f3 en 4 estados del pa\u00eds -","og_description":"Durante 2017 la demanda industrial en el pa\u00eds se concentr\u00f3 en la Ciudad de M\u00e9xico, Guanajuato, Monterrey y Quer\u00e9taro, de acuerdo con an\u00e1lisis de la empresa consultora CBRE.","og_url":"https:\/\/centrourbano.com\/revista\/publicaciones\/el-ano-pasado-la-demanda-industrial-se-concentro-en-4-estados-del-pais\/","og_site_name":"Centro Urbano","article_publisher":"https:\/\/www.facebook.com\/portalcentrourbano","article_published_time":"2018-03-09T21:04:29+00:00","og_image":[{"width":800,"height":533,"url":"https:\/\/centrourbano.com\/revista\/wp-content\/uploads\/FINSA_QUERETARO.jpg","type":"image\/jpeg"}],"author":"G4A","twitter_card":"summary_large_image","twitter_creator":"@CentroUrbano","twitter_site":"@CentroUrbano","twitter_misc":{"Escrito por":"G4A","Tiempo de lectura":"1 minuto"},"schema":{"@context":"https:\/\/schema.org","@graph":[{"@type":"Article","@id":"https:\/\/centrourbano.com\/revista\/publicaciones\/el-ano-pasado-la-demanda-industrial-se-concentro-en-4-estados-del-pais\/#article","isPartOf":{"@id":"https:\/\/centrourbano.com\/revista\/publicaciones\/el-ano-pasado-la-demanda-industrial-se-concentro-en-4-estados-del-pais\/"},"author":{"name":"G4A","@id":"https:\/\/centrourbano.com\/revista\/#\/schema\/person\/370fa0ba2d8dd5bde3fdb8b62ad360aa"},"headline":"El a\u00f1o pasado la demanda industrial se concentr\u00f3 en 4 estados del pa\u00eds","datePublished":"2018-03-09T21:04:29+00:00","mainEntityOfPage":{"@id":"https:\/\/centrourbano.com\/revista\/publicaciones\/el-ano-pasado-la-demanda-industrial-se-concentro-en-4-estados-del-pais\/"},"wordCount":250,"commentCount":0,"publisher":{"@id":"https:\/\/centrourbano.com\/revista\/#organization"},"image":{"@id":"https:\/\/centrourbano.com\/revista\/publicaciones\/el-ano-pasado-la-demanda-industrial-se-concentro-en-4-estados-del-pais\/#primaryimage"},"thumbnailUrl":"https:\/\/centrourbano.com\/revista\/wp-content\/uploads\/FINSA_QUERETARO.jpg","articleSection":["Publicaciones","Revista Inversi\u00f3n Inmobiliaria"],"inLanguage":"es"},{"@type":"WebPage","@id":"https:\/\/centrourbano.com\/revista\/publicaciones\/el-ano-pasado-la-demanda-industrial-se-concentro-en-4-estados-del-pais\/","url":"https:\/\/centrourbano.com\/revista\/publicaciones\/el-ano-pasado-la-demanda-industrial-se-concentro-en-4-estados-del-pais\/","name":"El a\u00f1o pasado la demanda industrial se concentr\u00f3 en 4 estados del pa\u00eds -","isPartOf":{"@id":"https:\/\/centrourbano.com\/revista\/#website"},"primaryImageOfPage":{"@id":"https:\/\/centrourbano.com\/revista\/publicaciones\/el-ano-pasado-la-demanda-industrial-se-concentro-en-4-estados-del-pais\/#primaryimage"},"image":{"@id":"https:\/\/centrourbano.com\/revista\/publicaciones\/el-ano-pasado-la-demanda-industrial-se-concentro-en-4-estados-del-pais\/#primaryimage"},"thumbnailUrl":"https:\/\/centrourbano.com\/revista\/wp-content\/uploads\/FINSA_QUERETARO.jpg","datePublished":"2018-03-09T21:04:29+00:00","description":"Durante 2017 la demanda industrial en el pa\u00eds se concentr\u00f3 en la Ciudad de M\u00e9xico, Guanajuato, Monterrey y Quer\u00e9taro, de acuerdo con an\u00e1lisis de la empresa consultora CBRE.","breadcrumb":{"@id":"https:\/\/centrourbano.com\/revista\/publicaciones\/el-ano-pasado-la-demanda-industrial-se-concentro-en-4-estados-del-pais\/#breadcrumb"},"inLanguage":"es","potentialAction":[{"@type":"ReadAction","target":["https:\/\/centrourbano.com\/revista\/publicaciones\/el-ano-pasado-la-demanda-industrial-se-concentro-en-4-estados-del-pais\/"]}]},{"@type":"ImageObject","inLanguage":"es","@id":"https:\/\/centrourbano.com\/revista\/publicaciones\/el-ano-pasado-la-demanda-industrial-se-concentro-en-4-estados-del-pais\/#primaryimage","url":"https:\/\/centrourbano.com\/revista\/wp-content\/uploads\/FINSA_QUERETARO.jpg","contentUrl":"https:\/\/centrourbano.com\/revista\/wp-content\/uploads\/FINSA_QUERETARO.jpg","width":800,"height":533,"caption":"Las principales transacciones se realizaron en cuatro parques industriales con m\u00e1s de 44,000 m\u00b2"},{"@type":"BreadcrumbList","@id":"https:\/\/centrourbano.com\/revista\/publicaciones\/el-ano-pasado-la-demanda-industrial-se-concentro-en-4-estados-del-pais\/#breadcrumb","itemListElement":[{"@type":"ListItem","position":1,"name":"Portada","item":"https:\/\/centrourbano.com\/revista\/"},{"@type":"ListItem","position":2,"name":"El a\u00f1o pasado la demanda industrial se concentr\u00f3 en 4 estados del pa\u00eds"}]},{"@type":"WebSite","@id":"https:\/\/centrourbano.com\/revista\/#website","url":"https:\/\/centrourbano.com\/revista\/","name":"Centro Urbano","description":"Medio especializado en los sectores vivienda, inmobiliario, construcci\u00f3n, arquitectura y urbanismo.","publisher":{"@id":"https:\/\/centrourbano.com\/revista\/#organization"},"potentialAction":[{"@type":"SearchAction","target":{"@type":"EntryPoint","urlTemplate":"https:\/\/centrourbano.com\/revista\/?s={search_term_string}"},"query-input":{"@type":"PropertyValueSpecification","valueRequired":true,"valueName":"search_term_string"}}],"inLanguage":"es"},{"@type":"Organization","@id":"https:\/\/centrourbano.com\/revista\/#organization","name":"Centro Urbano","url":"https:\/\/centrourbano.com\/revista\/","logo":{"@type":"ImageObject","inLanguage":"es","@id":"https:\/\/centrourbano.com\/revista\/#\/schema\/logo\/image\/","url":"https:\/\/centrourbano.com\/revista\/wp-content\/uploads\/web_CU_logo-1.png","contentUrl":"https:\/\/centrourbano.com\/revista\/wp-content\/uploads\/web_CU_logo-1.png","width":350,"height":91,"caption":"Centro Urbano"},"image":{"@id":"https:\/\/centrourbano.com\/revista\/#\/schema\/logo\/image\/"},"sameAs":["https:\/\/www.facebook.com\/portalcentrourbano","https:\/\/x.com\/CentroUrbano","https:\/\/www.instagram.com\/centro_urbano\/","https:\/\/www.linkedin.com\/company\/centro-urbano\/","http:\/\/www.youtube.com\/user\/portalcentrourbano"]},{"@type":"Person","@id":"https:\/\/centrourbano.com\/revista\/#\/schema\/person\/370fa0ba2d8dd5bde3fdb8b62ad360aa","name":"G4A","image":{"@type":"ImageObject","inLanguage":"es","@id":"https:\/\/secure.gravatar.com\/avatar\/932a97121b13d5de5bbd8193c6c83d3b92c9eda0f39623607d4280e7a5778d97?s=96&d=mm&r=g","url":"https:\/\/secure.gravatar.com\/avatar\/932a97121b13d5de5bbd8193c6c83d3b92c9eda0f39623607d4280e7a5778d97?s=96&d=mm&r=g","contentUrl":"https:\/\/secure.gravatar.com\/avatar\/932a97121b13d5de5bbd8193c6c83d3b92c9eda0f39623607d4280e7a5778d97?s=96&d=mm&r=g","caption":"G4A"},"url":"https:\/\/centrourbano.com\/revista\/author\/admin-g4a\/"}]}},"_links":{"self":[{"href":"https:\/\/centrourbano.com\/revista\/wp-json\/wp\/v2\/posts\/68407","targetHints":{"allow":["GET"]}}],"collection":[{"href":"https:\/\/centrourbano.com\/revista\/wp-json\/wp\/v2\/posts"}],"about":[{"href":"https:\/\/centrourbano.com\/revista\/wp-json\/wp\/v2\/types\/post"}],"author":[{"embeddable":true,"href":"https:\/\/centrourbano.com\/revista\/wp-json\/wp\/v2\/users\/77"}],"replies":[{"embeddable":true,"href":"https:\/\/centrourbano.com\/revista\/wp-json\/wp\/v2\/comments?post=68407"}],"version-history":[{"count":1,"href":"https:\/\/centrourbano.com\/revista\/wp-json\/wp\/v2\/posts\/68407\/revisions"}],"predecessor-version":[{"id":68408,"href":"https:\/\/centrourbano.com\/revista\/wp-json\/wp\/v2\/posts\/68407\/revisions\/68408"}],"wp:featuredmedia":[{"embeddable":true,"href":"https:\/\/centrourbano.com\/revista\/wp-json\/wp\/v2\/media\/62630"}],"wp:attachment":[{"href":"https:\/\/centrourbano.com\/revista\/wp-json\/wp\/v2\/media?parent=68407"}],"wp:term":[{"taxonomy":"category","embeddable":true,"href":"https:\/\/centrourbano.com\/revista\/wp-json\/wp\/v2\/categories?post=68407"},{"taxonomy":"post_tag","embeddable":true,"href":"https:\/\/centrourbano.com\/revista\/wp-json\/wp\/v2\/tags?post=68407"}],"curies":[{"name":"wp","href":"https:\/\/api.w.org\/{rel}","templated":true}]}}