{"id":68321,"date":"2018-03-08T15:36:15","date_gmt":"2018-03-08T21:36:15","guid":{"rendered":"https:\/\/centrourbano.com\/?p=68321"},"modified":"2018-03-08T15:36:15","modified_gmt":"2018-03-08T21:36:15","slug":"hotel-cortes-la-cdmx-sera-transformado-museo-arte","status":"publish","type":"post","link":"https:\/\/centrourbano.com\/revista\/arquitectura-2\/hotel-cortes-la-cdmx-sera-transformado-museo-arte\/","title":{"rendered":"Transforman el Hotel de Cort\u00e9s de la CDMX en museo de arte"},"content":{"rendered":"<p><em>Tras inaugurarse a finales de 2018, este recinto se convertir\u00e1 en el \u00fanico proyecto de rescate de un edificio hist\u00f3rico realizado por el empresario Antonio del Valle\u00a0\u00a0<\/em><!--more--><\/p>\n<p>El antiguo edificio \u2018Hotel de Cort\u00e9s\u2019 ser\u00e1 remodelado para transformar la estructura en el \u00b4mejor museo de arte de M\u00e9xico\u2019, de acuerdo con Antonio del Valle, empresario mexicano a cargo de la petroqu\u00edmica Mexichem y la financiera Kaluz.<\/p>\n<p>Situada en el parque de \u2018La Alameda\u2019 del Centro Hist\u00f3rico, esta construcci\u00f3n de estilo colonial de finales del Siglo XVI, conocida en ese entonces como Casa de los Condes de Villanueva, fue adquirida en 1660 por los agustinos, quienes adaptaron la estructura para convertirla en hospeder\u00eda.<\/p>\n<p>Fue hasta 1943 que comenz\u00f3 a funcionar como hotel, y poco a poco gan\u00f3 una gran popularidad entre los capitalinos por sus elegantes espacios y el patio interior. En 2013, la fundaci\u00f3n Del Valle adquiri\u00f3 el inmueble para con convertirlo en museo por lo que las obras dieron inicio este a\u00f1o.<\/p>\n<p>\u00abEra un hotel de 26 habitaciones, no era un negocio productivo. Estaba muy mal construido, ten\u00eda humedad por todas partes y los clientes no ven\u00edan\u00bb, declar\u00f3 Antonio del Valle, sin embargo recalc\u00f3 \u00a0que \u00abera un edificio verdaderamente hermoso\u00bb.<\/p>\n<p>Gracias al estilo del hotel, \u00abdecidimos que servir\u00eda muy bien para un centro cultural. Lo adaptaremos de tal manera que se convertir\u00e1 en el mejor museo de arte en M\u00e9xico\u201d.<\/p>\n<p>Se plane\u00f3 utilizar las antiguas habitaciones como espacios para exponer el nuevo \u2018Museo Kaluz\u2019, que albergar\u00e1 obras coleccionadas por Del Valle y que van de distintos g\u00e9neros como paisaje, bodegones, retratos y escenas costumbristas del siglo XIX y XX.<\/p>\n<p>Esta remodelaci\u00f3n y transformaci\u00f3n del hotel a museo, es el \u00fanico proyecto de rescate de un edificio hist\u00f3rico realizado por Antonio del Valle. \u00abEs fant\u00e1stico y maravilloso haber rescatado el edificio que ha sido un referente en la memoria de todos los mexicanos\u00bb, declar\u00f3 Paloma Porraz del Amo, antigua directora del <a href=\"http:\/\/sietecolores.mx\/Proyectos\/kaluz\/\" target=\"_blank\" rel=\"noopener noreferrer\"><strong>Museo Kaluz.<\/strong><\/a><\/p>\n<p>Agreg\u00f3 que la mayor\u00eda de obras que ser\u00e1n expuestas al p\u00fablico, son de artistas mexicanos a excepci\u00f3n de un grupo de pinturas realizadas por artistas espa\u00f1oles llegados a M\u00e9xico tras haber huido de la Guerra Espa\u00f1ola.<\/p>\n<p>&nbsp;<\/p>\n<p>&nbsp;<\/p>\n<p>&nbsp;<\/p>\n<p>&nbsp;<\/p>\n<p>&nbsp;<\/p>\n","protected":false},"excerpt":{"rendered":"<p>Tras inaugurarse a finales de 2018, este recinto se convertir\u00e1 en el \u00fanico proyecto de rescate de un edificio hist\u00f3rico realizado por el empresario Antonio del Valle\u00a0\u00a0<\/p>\n","protected":false},"author":61,"featured_media":68326,"comment_status":"open","ping_status":"closed","sticky":false,"template":"","format":"standard","meta":{"om_disable_all_campaigns":false,"inline_featured_image":false,"_monsterinsights_skip_tracking":false,"_monsterinsights_sitenote_active":false,"_monsterinsights_sitenote_note":"","_monsterinsights_sitenote_category":0,"footnotes":""},"categories":[81],"tags":[9615,12870,10789,11042,47,3449,12889,289,3154],"class_list":["post-68321","post","type-post","status-publish","format-standard","has-post-thumbnail","hentry","category-arquitectura-2","tag-artes","tag-artes-visuales","tag-centro-historico-cdmx","tag-exposiciones","tag-hotel","tag-museo","tag-pinturas","tag-remodelacion","tag-renovacion"],"yoast_head":"<!-- This site is optimized with the Yoast SEO plugin v27.5 - https:\/\/yoast.com\/product\/yoast-seo-wordpress\/ -->\n<title>Transforman el Hotel de Cort\u00e9s de la CDMX en museo de arte<\/title>\n<meta name=\"description\" content=\"Tras inaugurarse a finales de 2018, este recinto se convertir\u00e1 en el \u00fanico proyecto de rescate de un edificio hist\u00f3rico realizado por el empresario Antonio del Valle\" \/>\n<meta name=\"robots\" content=\"index, follow, max-snippet:-1, max-image-preview:large, max-video-preview:-1\" \/>\n<link rel=\"canonical\" href=\"https:\/\/centrourbano.com\/revista\/arquitectura-2\/hotel-cortes-la-cdmx-sera-transformado-museo-arte\/\" \/>\n<meta property=\"og:locale\" content=\"es_ES\" \/>\n<meta property=\"og:type\" content=\"article\" \/>\n<meta property=\"og:title\" content=\"Transforman el Hotel de Cort\u00e9s de la CDMX en museo de arte\" \/>\n<meta property=\"og:description\" content=\"Tras inaugurarse a finales de 2018, este recinto se convertir\u00e1 en el \u00fanico proyecto de rescate de un edificio hist\u00f3rico realizado por el empresario Antonio del Valle\" \/>\n<meta property=\"og:url\" content=\"https:\/\/centrourbano.com\/revista\/arquitectura-2\/hotel-cortes-la-cdmx-sera-transformado-museo-arte\/\" \/>\n<meta property=\"og:site_name\" content=\"Centro Urbano\" \/>\n<meta property=\"article:publisher\" content=\"https:\/\/www.facebook.com\/portalcentrourbano\" \/>\n<meta property=\"article:published_time\" content=\"2018-03-08T21:36:15+00:00\" \/>\n<meta property=\"og:image\" content=\"https:\/\/centrourbano.com\/revista\/wp-content\/uploads\/hotel-2-e1520544435737.jpg\" \/>\n\t<meta property=\"og:image:width\" content=\"600\" \/>\n\t<meta property=\"og:image:height\" content=\"398\" \/>\n\t<meta property=\"og:image:type\" content=\"image\/jpeg\" \/>\n<meta name=\"author\" content=\"Leticia Barreto\" \/>\n<meta name=\"twitter:card\" content=\"summary_large_image\" \/>\n<meta name=\"twitter:creator\" content=\"@CentroUrbano\" \/>\n<meta name=\"twitter:site\" content=\"@CentroUrbano\" \/>\n<meta name=\"twitter:label1\" content=\"Escrito por\" \/>\n\t<meta name=\"twitter:data1\" content=\"Leticia Barreto\" \/>\n\t<meta name=\"twitter:label2\" content=\"Tiempo de lectura\" \/>\n\t<meta name=\"twitter:data2\" content=\"2 minutos\" \/>\n<script type=\"application\/ld+json\" class=\"yoast-schema-graph\">{\"@context\":\"https:\\\/\\\/schema.org\",\"@graph\":[{\"@type\":\"Article\",\"@id\":\"https:\\\/\\\/centrourbano.com\\\/revista\\\/arquitectura-2\\\/hotel-cortes-la-cdmx-sera-transformado-museo-arte\\\/#article\",\"isPartOf\":{\"@id\":\"https:\\\/\\\/centrourbano.com\\\/revista\\\/arquitectura-2\\\/hotel-cortes-la-cdmx-sera-transformado-museo-arte\\\/\"},\"author\":{\"name\":\"Leticia Barreto\",\"@id\":\"https:\\\/\\\/centrourbano.com\\\/revista\\\/#\\\/schema\\\/person\\\/8fa6097414043d48ccd284867bb1e7d4\"},\"headline\":\"Transforman el Hotel de Cort\u00e9s de la CDMX en museo de arte\",\"datePublished\":\"2018-03-08T21:36:15+00:00\",\"mainEntityOfPage\":{\"@id\":\"https:\\\/\\\/centrourbano.com\\\/revista\\\/arquitectura-2\\\/hotel-cortes-la-cdmx-sera-transformado-museo-arte\\\/\"},\"wordCount\":396,\"commentCount\":0,\"publisher\":{\"@id\":\"https:\\\/\\\/centrourbano.com\\\/revista\\\/#organization\"},\"image\":{\"@id\":\"https:\\\/\\\/centrourbano.com\\\/revista\\\/arquitectura-2\\\/hotel-cortes-la-cdmx-sera-transformado-museo-arte\\\/#primaryimage\"},\"thumbnailUrl\":\"https:\\\/\\\/centrourbano.com\\\/revista\\\/wp-content\\\/uploads\\\/hotel-2-e1520544435737.jpg\",\"keywords\":[\"artes\",\"artes visuales\",\"Centro Hist\u00f3rico CDMX\",\"Exposiciones\",\"hotel\",\"museo\",\"pinturas\",\"Remodelaci\u00f3n\",\"renovaci\u00f3n\"],\"articleSection\":[\"Arquitectura\"],\"inLanguage\":\"es\",\"potentialAction\":[{\"@type\":\"CommentAction\",\"name\":\"Comment\",\"target\":[\"https:\\\/\\\/centrourbano.com\\\/revista\\\/arquitectura-2\\\/hotel-cortes-la-cdmx-sera-transformado-museo-arte\\\/#respond\"]}]},{\"@type\":\"WebPage\",\"@id\":\"https:\\\/\\\/centrourbano.com\\\/revista\\\/arquitectura-2\\\/hotel-cortes-la-cdmx-sera-transformado-museo-arte\\\/\",\"url\":\"https:\\\/\\\/centrourbano.com\\\/revista\\\/arquitectura-2\\\/hotel-cortes-la-cdmx-sera-transformado-museo-arte\\\/\",\"name\":\"Transforman el Hotel de Cort\u00e9s de la CDMX en museo de arte\",\"isPartOf\":{\"@id\":\"https:\\\/\\\/centrourbano.com\\\/revista\\\/#website\"},\"primaryImageOfPage\":{\"@id\":\"https:\\\/\\\/centrourbano.com\\\/revista\\\/arquitectura-2\\\/hotel-cortes-la-cdmx-sera-transformado-museo-arte\\\/#primaryimage\"},\"image\":{\"@id\":\"https:\\\/\\\/centrourbano.com\\\/revista\\\/arquitectura-2\\\/hotel-cortes-la-cdmx-sera-transformado-museo-arte\\\/#primaryimage\"},\"thumbnailUrl\":\"https:\\\/\\\/centrourbano.com\\\/revista\\\/wp-content\\\/uploads\\\/hotel-2-e1520544435737.jpg\",\"datePublished\":\"2018-03-08T21:36:15+00:00\",\"description\":\"Tras inaugurarse a finales de 2018, este recinto se convertir\u00e1 en el \u00fanico proyecto de rescate de un edificio hist\u00f3rico realizado por el empresario Antonio del Valle\",\"breadcrumb\":{\"@id\":\"https:\\\/\\\/centrourbano.com\\\/revista\\\/arquitectura-2\\\/hotel-cortes-la-cdmx-sera-transformado-museo-arte\\\/#breadcrumb\"},\"inLanguage\":\"es\",\"potentialAction\":[{\"@type\":\"ReadAction\",\"target\":[\"https:\\\/\\\/centrourbano.com\\\/revista\\\/arquitectura-2\\\/hotel-cortes-la-cdmx-sera-transformado-museo-arte\\\/\"]}]},{\"@type\":\"ImageObject\",\"inLanguage\":\"es\",\"@id\":\"https:\\\/\\\/centrourbano.com\\\/revista\\\/arquitectura-2\\\/hotel-cortes-la-cdmx-sera-transformado-museo-arte\\\/#primaryimage\",\"url\":\"https:\\\/\\\/centrourbano.com\\\/revista\\\/wp-content\\\/uploads\\\/hotel-2-e1520544435737.jpg\",\"contentUrl\":\"https:\\\/\\\/centrourbano.com\\\/revista\\\/wp-content\\\/uploads\\\/hotel-2-e1520544435737.jpg\",\"width\":600,\"height\":398,\"caption\":\"Habitaciones que formaban parte del hotel ser\u00e1n convertidas en galer\u00edas y ser\u00e1 inaugurado a finales del 2018\"},{\"@type\":\"BreadcrumbList\",\"@id\":\"https:\\\/\\\/centrourbano.com\\\/revista\\\/arquitectura-2\\\/hotel-cortes-la-cdmx-sera-transformado-museo-arte\\\/#breadcrumb\",\"itemListElement\":[{\"@type\":\"ListItem\",\"position\":1,\"name\":\"Portada\",\"item\":\"https:\\\/\\\/centrourbano.com\\\/revista\\\/\"},{\"@type\":\"ListItem\",\"position\":2,\"name\":\"Transforman el Hotel de Cort\u00e9s de la CDMX en museo de arte\"}]},{\"@type\":\"WebSite\",\"@id\":\"https:\\\/\\\/centrourbano.com\\\/revista\\\/#website\",\"url\":\"https:\\\/\\\/centrourbano.com\\\/revista\\\/\",\"name\":\"Centro Urbano\",\"description\":\"Medio especializado en los sectores vivienda, inmobiliario, construcci\u00f3n, arquitectura y urbanismo.\",\"publisher\":{\"@id\":\"https:\\\/\\\/centrourbano.com\\\/revista\\\/#organization\"},\"potentialAction\":[{\"@type\":\"SearchAction\",\"target\":{\"@type\":\"EntryPoint\",\"urlTemplate\":\"https:\\\/\\\/centrourbano.com\\\/revista\\\/?s={search_term_string}\"},\"query-input\":{\"@type\":\"PropertyValueSpecification\",\"valueRequired\":true,\"valueName\":\"search_term_string\"}}],\"inLanguage\":\"es\"},{\"@type\":\"Organization\",\"@id\":\"https:\\\/\\\/centrourbano.com\\\/revista\\\/#organization\",\"name\":\"Centro Urbano\",\"url\":\"https:\\\/\\\/centrourbano.com\\\/revista\\\/\",\"logo\":{\"@type\":\"ImageObject\",\"inLanguage\":\"es\",\"@id\":\"https:\\\/\\\/centrourbano.com\\\/revista\\\/#\\\/schema\\\/logo\\\/image\\\/\",\"url\":\"https:\\\/\\\/centrourbano.com\\\/revista\\\/wp-content\\\/uploads\\\/web_CU_logo-1.png\",\"contentUrl\":\"https:\\\/\\\/centrourbano.com\\\/revista\\\/wp-content\\\/uploads\\\/web_CU_logo-1.png\",\"width\":350,\"height\":91,\"caption\":\"Centro Urbano\"},\"image\":{\"@id\":\"https:\\\/\\\/centrourbano.com\\\/revista\\\/#\\\/schema\\\/logo\\\/image\\\/\"},\"sameAs\":[\"https:\\\/\\\/www.facebook.com\\\/portalcentrourbano\",\"https:\\\/\\\/x.com\\\/CentroUrbano\",\"https:\\\/\\\/www.instagram.com\\\/centro_urbano\\\/\",\"https:\\\/\\\/www.linkedin.com\\\/company\\\/centro-urbano\\\/\",\"http:\\\/\\\/www.youtube.com\\\/user\\\/portalcentrourbano\"]},{\"@type\":\"Person\",\"@id\":\"https:\\\/\\\/centrourbano.com\\\/revista\\\/#\\\/schema\\\/person\\\/8fa6097414043d48ccd284867bb1e7d4\",\"name\":\"Leticia Barreto\",\"image\":{\"@type\":\"ImageObject\",\"inLanguage\":\"es\",\"@id\":\"https:\\\/\\\/secure.gravatar.com\\\/avatar\\\/6b7fc7c4a73e99ae1d556a4345000a3885f7f1118168c1a74a78bfcdce11dea5?s=96&d=mm&r=g\",\"url\":\"https:\\\/\\\/secure.gravatar.com\\\/avatar\\\/6b7fc7c4a73e99ae1d556a4345000a3885f7f1118168c1a74a78bfcdce11dea5?s=96&d=mm&r=g\",\"contentUrl\":\"https:\\\/\\\/secure.gravatar.com\\\/avatar\\\/6b7fc7c4a73e99ae1d556a4345000a3885f7f1118168c1a74a78bfcdce11dea5?s=96&d=mm&r=g\",\"caption\":\"Leticia Barreto\"},\"url\":\"https:\\\/\\\/centrourbano.com\\\/revista\\\/author\\\/leticia-barreto\\\/\"}]}<\/script>\n<!-- \/ Yoast SEO plugin. -->","yoast_head_json":{"title":"Transforman el Hotel de Cort\u00e9s de la CDMX en museo de arte","description":"Tras inaugurarse a finales de 2018, este recinto se convertir\u00e1 en el \u00fanico proyecto de rescate de un edificio hist\u00f3rico realizado por el empresario Antonio del Valle","robots":{"index":"index","follow":"follow","max-snippet":"max-snippet:-1","max-image-preview":"max-image-preview:large","max-video-preview":"max-video-preview:-1"},"canonical":"https:\/\/centrourbano.com\/revista\/arquitectura-2\/hotel-cortes-la-cdmx-sera-transformado-museo-arte\/","og_locale":"es_ES","og_type":"article","og_title":"Transforman el Hotel de Cort\u00e9s de la CDMX en museo de arte","og_description":"Tras inaugurarse a finales de 2018, este recinto se convertir\u00e1 en el \u00fanico proyecto de rescate de un edificio hist\u00f3rico realizado por el empresario Antonio del Valle","og_url":"https:\/\/centrourbano.com\/revista\/arquitectura-2\/hotel-cortes-la-cdmx-sera-transformado-museo-arte\/","og_site_name":"Centro Urbano","article_publisher":"https:\/\/www.facebook.com\/portalcentrourbano","article_published_time":"2018-03-08T21:36:15+00:00","og_image":[{"width":600,"height":398,"url":"https:\/\/centrourbano.com\/revista\/wp-content\/uploads\/hotel-2-e1520544435737.jpg","type":"image\/jpeg"}],"author":"Leticia Barreto","twitter_card":"summary_large_image","twitter_creator":"@CentroUrbano","twitter_site":"@CentroUrbano","twitter_misc":{"Escrito por":"Leticia Barreto","Tiempo de lectura":"2 minutos"},"schema":{"@context":"https:\/\/schema.org","@graph":[{"@type":"Article","@id":"https:\/\/centrourbano.com\/revista\/arquitectura-2\/hotel-cortes-la-cdmx-sera-transformado-museo-arte\/#article","isPartOf":{"@id":"https:\/\/centrourbano.com\/revista\/arquitectura-2\/hotel-cortes-la-cdmx-sera-transformado-museo-arte\/"},"author":{"name":"Leticia Barreto","@id":"https:\/\/centrourbano.com\/revista\/#\/schema\/person\/8fa6097414043d48ccd284867bb1e7d4"},"headline":"Transforman el Hotel de Cort\u00e9s de la CDMX en museo de arte","datePublished":"2018-03-08T21:36:15+00:00","mainEntityOfPage":{"@id":"https:\/\/centrourbano.com\/revista\/arquitectura-2\/hotel-cortes-la-cdmx-sera-transformado-museo-arte\/"},"wordCount":396,"commentCount":0,"publisher":{"@id":"https:\/\/centrourbano.com\/revista\/#organization"},"image":{"@id":"https:\/\/centrourbano.com\/revista\/arquitectura-2\/hotel-cortes-la-cdmx-sera-transformado-museo-arte\/#primaryimage"},"thumbnailUrl":"https:\/\/centrourbano.com\/revista\/wp-content\/uploads\/hotel-2-e1520544435737.jpg","keywords":["artes","artes visuales","Centro Hist\u00f3rico CDMX","Exposiciones","hotel","museo","pinturas","Remodelaci\u00f3n","renovaci\u00f3n"],"articleSection":["Arquitectura"],"inLanguage":"es","potentialAction":[{"@type":"CommentAction","name":"Comment","target":["https:\/\/centrourbano.com\/revista\/arquitectura-2\/hotel-cortes-la-cdmx-sera-transformado-museo-arte\/#respond"]}]},{"@type":"WebPage","@id":"https:\/\/centrourbano.com\/revista\/arquitectura-2\/hotel-cortes-la-cdmx-sera-transformado-museo-arte\/","url":"https:\/\/centrourbano.com\/revista\/arquitectura-2\/hotel-cortes-la-cdmx-sera-transformado-museo-arte\/","name":"Transforman el Hotel de Cort\u00e9s de la CDMX en museo de arte","isPartOf":{"@id":"https:\/\/centrourbano.com\/revista\/#website"},"primaryImageOfPage":{"@id":"https:\/\/centrourbano.com\/revista\/arquitectura-2\/hotel-cortes-la-cdmx-sera-transformado-museo-arte\/#primaryimage"},"image":{"@id":"https:\/\/centrourbano.com\/revista\/arquitectura-2\/hotel-cortes-la-cdmx-sera-transformado-museo-arte\/#primaryimage"},"thumbnailUrl":"https:\/\/centrourbano.com\/revista\/wp-content\/uploads\/hotel-2-e1520544435737.jpg","datePublished":"2018-03-08T21:36:15+00:00","description":"Tras inaugurarse a finales de 2018, este recinto se convertir\u00e1 en el \u00fanico proyecto de rescate de un edificio hist\u00f3rico realizado por el empresario Antonio del Valle","breadcrumb":{"@id":"https:\/\/centrourbano.com\/revista\/arquitectura-2\/hotel-cortes-la-cdmx-sera-transformado-museo-arte\/#breadcrumb"},"inLanguage":"es","potentialAction":[{"@type":"ReadAction","target":["https:\/\/centrourbano.com\/revista\/arquitectura-2\/hotel-cortes-la-cdmx-sera-transformado-museo-arte\/"]}]},{"@type":"ImageObject","inLanguage":"es","@id":"https:\/\/centrourbano.com\/revista\/arquitectura-2\/hotel-cortes-la-cdmx-sera-transformado-museo-arte\/#primaryimage","url":"https:\/\/centrourbano.com\/revista\/wp-content\/uploads\/hotel-2-e1520544435737.jpg","contentUrl":"https:\/\/centrourbano.com\/revista\/wp-content\/uploads\/hotel-2-e1520544435737.jpg","width":600,"height":398,"caption":"Habitaciones que formaban parte del hotel ser\u00e1n convertidas en galer\u00edas y ser\u00e1 inaugurado a finales del 2018"},{"@type":"BreadcrumbList","@id":"https:\/\/centrourbano.com\/revista\/arquitectura-2\/hotel-cortes-la-cdmx-sera-transformado-museo-arte\/#breadcrumb","itemListElement":[{"@type":"ListItem","position":1,"name":"Portada","item":"https:\/\/centrourbano.com\/revista\/"},{"@type":"ListItem","position":2,"name":"Transforman el Hotel de Cort\u00e9s de la CDMX en museo de arte"}]},{"@type":"WebSite","@id":"https:\/\/centrourbano.com\/revista\/#website","url":"https:\/\/centrourbano.com\/revista\/","name":"Centro Urbano","description":"Medio especializado en los sectores vivienda, inmobiliario, construcci\u00f3n, arquitectura y urbanismo.","publisher":{"@id":"https:\/\/centrourbano.com\/revista\/#organization"},"potentialAction":[{"@type":"SearchAction","target":{"@type":"EntryPoint","urlTemplate":"https:\/\/centrourbano.com\/revista\/?s={search_term_string}"},"query-input":{"@type":"PropertyValueSpecification","valueRequired":true,"valueName":"search_term_string"}}],"inLanguage":"es"},{"@type":"Organization","@id":"https:\/\/centrourbano.com\/revista\/#organization","name":"Centro Urbano","url":"https:\/\/centrourbano.com\/revista\/","logo":{"@type":"ImageObject","inLanguage":"es","@id":"https:\/\/centrourbano.com\/revista\/#\/schema\/logo\/image\/","url":"https:\/\/centrourbano.com\/revista\/wp-content\/uploads\/web_CU_logo-1.png","contentUrl":"https:\/\/centrourbano.com\/revista\/wp-content\/uploads\/web_CU_logo-1.png","width":350,"height":91,"caption":"Centro Urbano"},"image":{"@id":"https:\/\/centrourbano.com\/revista\/#\/schema\/logo\/image\/"},"sameAs":["https:\/\/www.facebook.com\/portalcentrourbano","https:\/\/x.com\/CentroUrbano","https:\/\/www.instagram.com\/centro_urbano\/","https:\/\/www.linkedin.com\/company\/centro-urbano\/","http:\/\/www.youtube.com\/user\/portalcentrourbano"]},{"@type":"Person","@id":"https:\/\/centrourbano.com\/revista\/#\/schema\/person\/8fa6097414043d48ccd284867bb1e7d4","name":"Leticia Barreto","image":{"@type":"ImageObject","inLanguage":"es","@id":"https:\/\/secure.gravatar.com\/avatar\/6b7fc7c4a73e99ae1d556a4345000a3885f7f1118168c1a74a78bfcdce11dea5?s=96&d=mm&r=g","url":"https:\/\/secure.gravatar.com\/avatar\/6b7fc7c4a73e99ae1d556a4345000a3885f7f1118168c1a74a78bfcdce11dea5?s=96&d=mm&r=g","contentUrl":"https:\/\/secure.gravatar.com\/avatar\/6b7fc7c4a73e99ae1d556a4345000a3885f7f1118168c1a74a78bfcdce11dea5?s=96&d=mm&r=g","caption":"Leticia Barreto"},"url":"https:\/\/centrourbano.com\/revista\/author\/leticia-barreto\/"}]}},"_links":{"self":[{"href":"https:\/\/centrourbano.com\/revista\/wp-json\/wp\/v2\/posts\/68321","targetHints":{"allow":["GET"]}}],"collection":[{"href":"https:\/\/centrourbano.com\/revista\/wp-json\/wp\/v2\/posts"}],"about":[{"href":"https:\/\/centrourbano.com\/revista\/wp-json\/wp\/v2\/types\/post"}],"author":[{"embeddable":true,"href":"https:\/\/centrourbano.com\/revista\/wp-json\/wp\/v2\/users\/61"}],"replies":[{"embeddable":true,"href":"https:\/\/centrourbano.com\/revista\/wp-json\/wp\/v2\/comments?post=68321"}],"version-history":[{"count":1,"href":"https:\/\/centrourbano.com\/revista\/wp-json\/wp\/v2\/posts\/68321\/revisions"}],"predecessor-version":[{"id":68328,"href":"https:\/\/centrourbano.com\/revista\/wp-json\/wp\/v2\/posts\/68321\/revisions\/68328"}],"wp:featuredmedia":[{"embeddable":true,"href":"https:\/\/centrourbano.com\/revista\/wp-json\/wp\/v2\/media\/68326"}],"wp:attachment":[{"href":"https:\/\/centrourbano.com\/revista\/wp-json\/wp\/v2\/media?parent=68321"}],"wp:term":[{"taxonomy":"category","embeddable":true,"href":"https:\/\/centrourbano.com\/revista\/wp-json\/wp\/v2\/categories?post=68321"},{"taxonomy":"post_tag","embeddable":true,"href":"https:\/\/centrourbano.com\/revista\/wp-json\/wp\/v2\/tags?post=68321"}],"curies":[{"name":"wp","href":"https:\/\/api.w.org\/{rel}","templated":true}]}}