{"id":68238,"date":"2018-03-07T12:54:10","date_gmt":"2018-03-07T18:54:10","guid":{"rendered":"https:\/\/centrourbano.com\/?p=68238"},"modified":"2018-03-08T15:21:48","modified_gmt":"2018-03-08T21:21:48","slug":"infonavit-supero-meta-de-financiamiento-en-tamaulipas","status":"publish","type":"post","link":"https:\/\/centrourbano.com\/revista\/vivienda\/infonavit-supero-meta-de-financiamiento-en-tamaulipas\/","title":{"rendered":"Infonavit super\u00f3 meta de colocaci\u00f3n crediticia en Tamaulipas"},"content":{"rendered":"<p><em>David Penchyna y Francisco Garc\u00eda anunciaron que se construir\u00e1 un edificio para las instalaciones del Instituto<\/em><br \/>\n<!--more--><\/p>\n<p><a href=\"https:\/\/twitter.com\/davidpenchyna?lang=es\" target=\"_blank\" rel=\"noopener noreferrer\"><strong>David\u00a0 Penchyna Grub<\/strong><\/a>, director general de<strong><a href=\"http:\/\/portal.infonavit.org.mx\/wps\/wcm\/connect\/infonavit\/inicio\" target=\"_blank\" rel=\"noopener noreferrer\"> Instituto del Fondo Nacional de la Vivienda para los Trabajadores<\/a>\u00a0(Infonavit)<\/strong>, dio a conocer que en Tamaulipas se super\u00f3 por 33% la meta establecida de cr\u00e9ditos para viviendas de 2017, gracias a que otorgaron 26,000 cr\u00e9ditos por parte del Infonavit y tambi\u00e9n una derrama econ\u00f3mica de casi 9,000 millones de pesos. De igual manera y con la participaci\u00f3n de <a href=\"https:\/\/twitter.com\/fgcabezadevaca?lang=es\" target=\"_blank\" rel=\"noopener noreferrer\"><strong>Francisco Garc\u00eda Cabeza de Vaca<\/strong><\/a>, gobernador de Tamaulipas, se hizo entrega de beneficios para la certeza jur\u00eddica del patrimonio de las familias en la zona sur.<\/p>\n<p>\u201cLogramos superar la meta crediticia en m\u00e1s de 33 %, la verdad es que quisi\u00e9ramos acelerar m\u00e1s el cr\u00e9dito hipotecario porque el crecimiento tuvo que ver mucho con mejoramiento, y hoy las condiciones est\u00e1n dadas para que casi de los 28,000 cr\u00e9ditos de este a\u00f1o, se pueda llegar pr\u00e1cticamente a los 28 o 30,000 cr\u00e9ditos adicionales\u201d, se\u00f1al\u00f3 el funcionario federal.<\/p>\n<p>Se entregaron 2,000 escrituras del programa \u2018Familia Infonavit\u2019 en presencia de trabajadores, familias y organizaciones empresariales. Tambi\u00e9n se signaron tres convenios de colaboraci\u00f3n y coordinaci\u00f3n en la materia y se reconocieron a 40 empresas de excelencia, adem\u00e1s se cancelaron 3,200 hipotecas\u00a0 y se entregaron montos por devoluciones de saldos de la subcuenta de vivienda.<\/p>\n<p>\u201cEl Infonavit va bien, va mejor cada d\u00eda, \u00a0y hoy firmamos muy buenos convenios con el gobernador y estoy seguro que vamos a romper el record del 2018, as\u00ed como la ya superada meta del 2017\u201d,\u00a0 agreg\u00f3.<\/p>\n<p>Se estableci\u00f3 que los acuerdos firmados son una manera de fomentar la voluntad del Infonavit\u00a0 y el gobierno estatal, sobre la mediaci\u00f3n que vendr\u00e1 a fortalecer y ampliar el proyecto de sinergia en materia de mecanismos alternativos para solucionar controversias que surjan.<\/p>\n<p>\u201cEl sur del estado est\u00e1 destinado a convertirse de nueva cuenta en la capital de las huastecas, as\u00ed fue hace muchos a\u00f1os y estoy convencido que esto va a revivir.\u00a0Por eso trabajamos de la mano con el gobierno federal, especialmente con el Infonavit, vamos hacer este sue\u00f1o posible\u201d, indic\u00f3 Francisco Garc\u00eda.<\/p>\n<p>Asimismo, el mandatario estatal y el funcionario federal anunciaron la construcci\u00f3n del Centro de Servicio Infonavit (Cesi) Altamira, con una inversi\u00f3n cercana a los 60 millones de pesos, el edificio tendr\u00e1 dos niveles que albergar\u00e1 las nuevas oficinas de este instituto.<\/p>\n","protected":false},"excerpt":{"rendered":"<p>David Penchyna y Francisco Garc\u00eda anunciaron que se construir\u00e1 un edificio para las instalaciones del Instituto<\/p>\n","protected":false},"author":61,"featured_media":68239,"comment_status":"open","ping_status":"closed","sticky":false,"template":"","format":"standard","meta":{"om_disable_all_campaigns":false,"inline_featured_image":false,"_monsterinsights_skip_tracking":false,"_monsterinsights_sitenote_active":false,"_monsterinsights_sitenote_note":"","_monsterinsights_sitenote_category":0,"footnotes":""},"categories":[12],"tags":[6396,642,1641,100,644,60],"class_list":["post-68238","post","type-post","status-publish","format-standard","has-post-thumbnail","hentry","category-vivienda","tag-beneficiarios","tag-creditos","tag-hipoteca","tag-infonavit","tag-tamaulipas","tag-vivienda-2"],"yoast_head":"<!-- This site is optimized with the Yoast SEO plugin v27.4 - https:\/\/yoast.com\/product\/yoast-seo-wordpress\/ -->\n<title>Infonavit super\u00f3 meta de financiamiento en Tamaulipas<\/title>\n<meta name=\"description\" content=\"Cerca de 26 mil cr\u00e9ditos beneficiaron a las familias\" \/>\n<meta name=\"robots\" content=\"index, follow, max-snippet:-1, max-image-preview:large, max-video-preview:-1\" \/>\n<link rel=\"canonical\" href=\"https:\/\/centrourbano.com\/revista\/vivienda\/infonavit-supero-meta-de-financiamiento-en-tamaulipas\/\" \/>\n<meta property=\"og:locale\" content=\"es_ES\" \/>\n<meta property=\"og:type\" content=\"article\" \/>\n<meta property=\"og:title\" content=\"Infonavit super\u00f3 meta de financiamiento en Tamaulipas\" \/>\n<meta property=\"og:description\" content=\"Cerca de 26 mil cr\u00e9ditos beneficiaron a las familias\" \/>\n<meta property=\"og:url\" content=\"https:\/\/centrourbano.com\/revista\/vivienda\/infonavit-supero-meta-de-financiamiento-en-tamaulipas\/\" \/>\n<meta property=\"og:site_name\" content=\"Centro Urbano\" \/>\n<meta property=\"article:publisher\" content=\"https:\/\/www.facebook.com\/portalcentrourbano\" \/>\n<meta property=\"article:published_time\" content=\"2018-03-07T18:54:10+00:00\" \/>\n<meta property=\"article:modified_time\" content=\"2018-03-08T21:21:48+00:00\" \/>\n<meta property=\"og:image\" content=\"https:\/\/centrourbano.com\/revista\/wp-content\/uploads\/INFONAVIT-1.jpg\" \/>\n\t<meta property=\"og:image:width\" content=\"1200\" \/>\n\t<meta property=\"og:image:height\" content=\"798\" \/>\n\t<meta property=\"og:image:type\" content=\"image\/jpeg\" \/>\n<meta name=\"author\" content=\"Leticia Barreto\" \/>\n<meta name=\"twitter:card\" content=\"summary_large_image\" \/>\n<meta name=\"twitter:creator\" content=\"@CentroUrbano\" \/>\n<meta name=\"twitter:site\" content=\"@CentroUrbano\" \/>\n<meta name=\"twitter:label1\" content=\"Escrito por\" \/>\n\t<meta name=\"twitter:data1\" content=\"Leticia Barreto\" \/>\n\t<meta name=\"twitter:label2\" content=\"Tiempo de lectura\" \/>\n\t<meta name=\"twitter:data2\" content=\"2 minutos\" \/>\n<script type=\"application\/ld+json\" class=\"yoast-schema-graph\">{\"@context\":\"https:\\\/\\\/schema.org\",\"@graph\":[{\"@type\":\"Article\",\"@id\":\"https:\\\/\\\/centrourbano.com\\\/revista\\\/vivienda\\\/infonavit-supero-meta-de-financiamiento-en-tamaulipas\\\/#article\",\"isPartOf\":{\"@id\":\"https:\\\/\\\/centrourbano.com\\\/revista\\\/vivienda\\\/infonavit-supero-meta-de-financiamiento-en-tamaulipas\\\/\"},\"author\":{\"name\":\"Leticia Barreto\",\"@id\":\"https:\\\/\\\/centrourbano.com\\\/revista\\\/#\\\/schema\\\/person\\\/adbb70db8b2d6d6b244ea4f920e409b8\"},\"headline\":\"Infonavit super\u00f3 meta de colocaci\u00f3n crediticia en Tamaulipas\",\"datePublished\":\"2018-03-07T18:54:10+00:00\",\"dateModified\":\"2018-03-08T21:21:48+00:00\",\"mainEntityOfPage\":{\"@id\":\"https:\\\/\\\/centrourbano.com\\\/revista\\\/vivienda\\\/infonavit-supero-meta-de-financiamiento-en-tamaulipas\\\/\"},\"wordCount\":416,\"commentCount\":0,\"publisher\":{\"@id\":\"https:\\\/\\\/centrourbano.com\\\/revista\\\/#organization\"},\"image\":{\"@id\":\"https:\\\/\\\/centrourbano.com\\\/revista\\\/vivienda\\\/infonavit-supero-meta-de-financiamiento-en-tamaulipas\\\/#primaryimage\"},\"thumbnailUrl\":\"https:\\\/\\\/centrourbano.com\\\/revista\\\/wp-content\\\/uploads\\\/INFONAVIT-1.jpg\",\"keywords\":[\"beneficiarios\",\"Cr\u00e9ditos\",\"hipoteca\",\"Infonavit\",\"Tamaulipas\",\"vivienda\"],\"articleSection\":[\"Vivienda\"],\"inLanguage\":\"es\",\"potentialAction\":[{\"@type\":\"CommentAction\",\"name\":\"Comment\",\"target\":[\"https:\\\/\\\/centrourbano.com\\\/revista\\\/vivienda\\\/infonavit-supero-meta-de-financiamiento-en-tamaulipas\\\/#respond\"]}]},{\"@type\":\"WebPage\",\"@id\":\"https:\\\/\\\/centrourbano.com\\\/revista\\\/vivienda\\\/infonavit-supero-meta-de-financiamiento-en-tamaulipas\\\/\",\"url\":\"https:\\\/\\\/centrourbano.com\\\/revista\\\/vivienda\\\/infonavit-supero-meta-de-financiamiento-en-tamaulipas\\\/\",\"name\":\"Infonavit super\u00f3 meta de financiamiento en Tamaulipas\",\"isPartOf\":{\"@id\":\"https:\\\/\\\/centrourbano.com\\\/revista\\\/#website\"},\"primaryImageOfPage\":{\"@id\":\"https:\\\/\\\/centrourbano.com\\\/revista\\\/vivienda\\\/infonavit-supero-meta-de-financiamiento-en-tamaulipas\\\/#primaryimage\"},\"image\":{\"@id\":\"https:\\\/\\\/centrourbano.com\\\/revista\\\/vivienda\\\/infonavit-supero-meta-de-financiamiento-en-tamaulipas\\\/#primaryimage\"},\"thumbnailUrl\":\"https:\\\/\\\/centrourbano.com\\\/revista\\\/wp-content\\\/uploads\\\/INFONAVIT-1.jpg\",\"datePublished\":\"2018-03-07T18:54:10+00:00\",\"dateModified\":\"2018-03-08T21:21:48+00:00\",\"description\":\"Cerca de 26 mil cr\u00e9ditos beneficiaron a las familias\",\"breadcrumb\":{\"@id\":\"https:\\\/\\\/centrourbano.com\\\/revista\\\/vivienda\\\/infonavit-supero-meta-de-financiamiento-en-tamaulipas\\\/#breadcrumb\"},\"inLanguage\":\"es\",\"potentialAction\":[{\"@type\":\"ReadAction\",\"target\":[\"https:\\\/\\\/centrourbano.com\\\/revista\\\/vivienda\\\/infonavit-supero-meta-de-financiamiento-en-tamaulipas\\\/\"]}]},{\"@type\":\"ImageObject\",\"inLanguage\":\"es\",\"@id\":\"https:\\\/\\\/centrourbano.com\\\/revista\\\/vivienda\\\/infonavit-supero-meta-de-financiamiento-en-tamaulipas\\\/#primaryimage\",\"url\":\"https:\\\/\\\/centrourbano.com\\\/revista\\\/wp-content\\\/uploads\\\/INFONAVIT-1.jpg\",\"contentUrl\":\"https:\\\/\\\/centrourbano.com\\\/revista\\\/wp-content\\\/uploads\\\/INFONAVIT-1.jpg\",\"width\":1200,\"height\":798,\"caption\":\"Cerca de 26 mil cr\u00e9ditos beneficiaron a las familias\"},{\"@type\":\"BreadcrumbList\",\"@id\":\"https:\\\/\\\/centrourbano.com\\\/revista\\\/vivienda\\\/infonavit-supero-meta-de-financiamiento-en-tamaulipas\\\/#breadcrumb\",\"itemListElement\":[{\"@type\":\"ListItem\",\"position\":1,\"name\":\"Portada\",\"item\":\"https:\\\/\\\/centrourbano.com\\\/revista\\\/\"},{\"@type\":\"ListItem\",\"position\":2,\"name\":\"Infonavit super\u00f3 meta de colocaci\u00f3n crediticia en Tamaulipas\"}]},{\"@type\":\"WebSite\",\"@id\":\"https:\\\/\\\/centrourbano.com\\\/revista\\\/#website\",\"url\":\"https:\\\/\\\/centrourbano.com\\\/revista\\\/\",\"name\":\"Centro Urbano\",\"description\":\"Medio especializado en los sectores vivienda, inmobiliario, construcci\u00f3n, arquitectura y urbanismo.\",\"publisher\":{\"@id\":\"https:\\\/\\\/centrourbano.com\\\/revista\\\/#organization\"},\"potentialAction\":[{\"@type\":\"SearchAction\",\"target\":{\"@type\":\"EntryPoint\",\"urlTemplate\":\"https:\\\/\\\/centrourbano.com\\\/revista\\\/?s={search_term_string}\"},\"query-input\":{\"@type\":\"PropertyValueSpecification\",\"valueRequired\":true,\"valueName\":\"search_term_string\"}}],\"inLanguage\":\"es\"},{\"@type\":\"Organization\",\"@id\":\"https:\\\/\\\/centrourbano.com\\\/revista\\\/#organization\",\"name\":\"Centro Urbano\",\"url\":\"https:\\\/\\\/centrourbano.com\\\/revista\\\/\",\"logo\":{\"@type\":\"ImageObject\",\"inLanguage\":\"es\",\"@id\":\"https:\\\/\\\/centrourbano.com\\\/revista\\\/#\\\/schema\\\/logo\\\/image\\\/\",\"url\":\"https:\\\/\\\/centrourbano.com\\\/revista\\\/wp-content\\\/uploads\\\/web_CU_logo-1.png\",\"contentUrl\":\"https:\\\/\\\/centrourbano.com\\\/revista\\\/wp-content\\\/uploads\\\/web_CU_logo-1.png\",\"width\":350,\"height\":91,\"caption\":\"Centro Urbano\"},\"image\":{\"@id\":\"https:\\\/\\\/centrourbano.com\\\/revista\\\/#\\\/schema\\\/logo\\\/image\\\/\"},\"sameAs\":[\"https:\\\/\\\/www.facebook.com\\\/portalcentrourbano\",\"https:\\\/\\\/x.com\\\/CentroUrbano\",\"https:\\\/\\\/www.instagram.com\\\/centro_urbano\\\/\",\"https:\\\/\\\/www.linkedin.com\\\/company\\\/centro-urbano\\\/\",\"http:\\\/\\\/www.youtube.com\\\/user\\\/portalcentrourbano\"]},{\"@type\":\"Person\",\"@id\":\"https:\\\/\\\/centrourbano.com\\\/revista\\\/#\\\/schema\\\/person\\\/adbb70db8b2d6d6b244ea4f920e409b8\",\"name\":\"Leticia Barreto\",\"image\":{\"@type\":\"ImageObject\",\"inLanguage\":\"es\",\"@id\":\"https:\\\/\\\/secure.gravatar.com\\\/avatar\\\/6b7fc7c4a73e99ae1d556a4345000a3885f7f1118168c1a74a78bfcdce11dea5?s=96&d=mm&r=g\",\"url\":\"https:\\\/\\\/secure.gravatar.com\\\/avatar\\\/6b7fc7c4a73e99ae1d556a4345000a3885f7f1118168c1a74a78bfcdce11dea5?s=96&d=mm&r=g\",\"contentUrl\":\"https:\\\/\\\/secure.gravatar.com\\\/avatar\\\/6b7fc7c4a73e99ae1d556a4345000a3885f7f1118168c1a74a78bfcdce11dea5?s=96&d=mm&r=g\",\"caption\":\"Leticia Barreto\"},\"url\":\"https:\\\/\\\/centrourbano.com\\\/revista\\\/author\\\/leticia-barreto\\\/\"}]}<\/script>\n<!-- \/ Yoast SEO plugin. -->","yoast_head_json":{"title":"Infonavit super\u00f3 meta de financiamiento en Tamaulipas","description":"Cerca de 26 mil cr\u00e9ditos beneficiaron a las familias","robots":{"index":"index","follow":"follow","max-snippet":"max-snippet:-1","max-image-preview":"max-image-preview:large","max-video-preview":"max-video-preview:-1"},"canonical":"https:\/\/centrourbano.com\/revista\/vivienda\/infonavit-supero-meta-de-financiamiento-en-tamaulipas\/","og_locale":"es_ES","og_type":"article","og_title":"Infonavit super\u00f3 meta de financiamiento en Tamaulipas","og_description":"Cerca de 26 mil cr\u00e9ditos beneficiaron a las familias","og_url":"https:\/\/centrourbano.com\/revista\/vivienda\/infonavit-supero-meta-de-financiamiento-en-tamaulipas\/","og_site_name":"Centro Urbano","article_publisher":"https:\/\/www.facebook.com\/portalcentrourbano","article_published_time":"2018-03-07T18:54:10+00:00","article_modified_time":"2018-03-08T21:21:48+00:00","og_image":[{"width":1200,"height":798,"url":"https:\/\/centrourbano.com\/revista\/wp-content\/uploads\/INFONAVIT-1.jpg","type":"image\/jpeg"}],"author":"Leticia Barreto","twitter_card":"summary_large_image","twitter_creator":"@CentroUrbano","twitter_site":"@CentroUrbano","twitter_misc":{"Escrito por":"Leticia Barreto","Tiempo de lectura":"2 minutos"},"schema":{"@context":"https:\/\/schema.org","@graph":[{"@type":"Article","@id":"https:\/\/centrourbano.com\/revista\/vivienda\/infonavit-supero-meta-de-financiamiento-en-tamaulipas\/#article","isPartOf":{"@id":"https:\/\/centrourbano.com\/revista\/vivienda\/infonavit-supero-meta-de-financiamiento-en-tamaulipas\/"},"author":{"name":"Leticia Barreto","@id":"https:\/\/centrourbano.com\/revista\/#\/schema\/person\/adbb70db8b2d6d6b244ea4f920e409b8"},"headline":"Infonavit super\u00f3 meta de colocaci\u00f3n crediticia en Tamaulipas","datePublished":"2018-03-07T18:54:10+00:00","dateModified":"2018-03-08T21:21:48+00:00","mainEntityOfPage":{"@id":"https:\/\/centrourbano.com\/revista\/vivienda\/infonavit-supero-meta-de-financiamiento-en-tamaulipas\/"},"wordCount":416,"commentCount":0,"publisher":{"@id":"https:\/\/centrourbano.com\/revista\/#organization"},"image":{"@id":"https:\/\/centrourbano.com\/revista\/vivienda\/infonavit-supero-meta-de-financiamiento-en-tamaulipas\/#primaryimage"},"thumbnailUrl":"https:\/\/centrourbano.com\/revista\/wp-content\/uploads\/INFONAVIT-1.jpg","keywords":["beneficiarios","Cr\u00e9ditos","hipoteca","Infonavit","Tamaulipas","vivienda"],"articleSection":["Vivienda"],"inLanguage":"es","potentialAction":[{"@type":"CommentAction","name":"Comment","target":["https:\/\/centrourbano.com\/revista\/vivienda\/infonavit-supero-meta-de-financiamiento-en-tamaulipas\/#respond"]}]},{"@type":"WebPage","@id":"https:\/\/centrourbano.com\/revista\/vivienda\/infonavit-supero-meta-de-financiamiento-en-tamaulipas\/","url":"https:\/\/centrourbano.com\/revista\/vivienda\/infonavit-supero-meta-de-financiamiento-en-tamaulipas\/","name":"Infonavit super\u00f3 meta de financiamiento en Tamaulipas","isPartOf":{"@id":"https:\/\/centrourbano.com\/revista\/#website"},"primaryImageOfPage":{"@id":"https:\/\/centrourbano.com\/revista\/vivienda\/infonavit-supero-meta-de-financiamiento-en-tamaulipas\/#primaryimage"},"image":{"@id":"https:\/\/centrourbano.com\/revista\/vivienda\/infonavit-supero-meta-de-financiamiento-en-tamaulipas\/#primaryimage"},"thumbnailUrl":"https:\/\/centrourbano.com\/revista\/wp-content\/uploads\/INFONAVIT-1.jpg","datePublished":"2018-03-07T18:54:10+00:00","dateModified":"2018-03-08T21:21:48+00:00","description":"Cerca de 26 mil cr\u00e9ditos beneficiaron a las familias","breadcrumb":{"@id":"https:\/\/centrourbano.com\/revista\/vivienda\/infonavit-supero-meta-de-financiamiento-en-tamaulipas\/#breadcrumb"},"inLanguage":"es","potentialAction":[{"@type":"ReadAction","target":["https:\/\/centrourbano.com\/revista\/vivienda\/infonavit-supero-meta-de-financiamiento-en-tamaulipas\/"]}]},{"@type":"ImageObject","inLanguage":"es","@id":"https:\/\/centrourbano.com\/revista\/vivienda\/infonavit-supero-meta-de-financiamiento-en-tamaulipas\/#primaryimage","url":"https:\/\/centrourbano.com\/revista\/wp-content\/uploads\/INFONAVIT-1.jpg","contentUrl":"https:\/\/centrourbano.com\/revista\/wp-content\/uploads\/INFONAVIT-1.jpg","width":1200,"height":798,"caption":"Cerca de 26 mil cr\u00e9ditos beneficiaron a las familias"},{"@type":"BreadcrumbList","@id":"https:\/\/centrourbano.com\/revista\/vivienda\/infonavit-supero-meta-de-financiamiento-en-tamaulipas\/#breadcrumb","itemListElement":[{"@type":"ListItem","position":1,"name":"Portada","item":"https:\/\/centrourbano.com\/revista\/"},{"@type":"ListItem","position":2,"name":"Infonavit super\u00f3 meta de colocaci\u00f3n crediticia en Tamaulipas"}]},{"@type":"WebSite","@id":"https:\/\/centrourbano.com\/revista\/#website","url":"https:\/\/centrourbano.com\/revista\/","name":"Centro Urbano","description":"Medio especializado en los sectores vivienda, inmobiliario, construcci\u00f3n, arquitectura y urbanismo.","publisher":{"@id":"https:\/\/centrourbano.com\/revista\/#organization"},"potentialAction":[{"@type":"SearchAction","target":{"@type":"EntryPoint","urlTemplate":"https:\/\/centrourbano.com\/revista\/?s={search_term_string}"},"query-input":{"@type":"PropertyValueSpecification","valueRequired":true,"valueName":"search_term_string"}}],"inLanguage":"es"},{"@type":"Organization","@id":"https:\/\/centrourbano.com\/revista\/#organization","name":"Centro Urbano","url":"https:\/\/centrourbano.com\/revista\/","logo":{"@type":"ImageObject","inLanguage":"es","@id":"https:\/\/centrourbano.com\/revista\/#\/schema\/logo\/image\/","url":"https:\/\/centrourbano.com\/revista\/wp-content\/uploads\/web_CU_logo-1.png","contentUrl":"https:\/\/centrourbano.com\/revista\/wp-content\/uploads\/web_CU_logo-1.png","width":350,"height":91,"caption":"Centro Urbano"},"image":{"@id":"https:\/\/centrourbano.com\/revista\/#\/schema\/logo\/image\/"},"sameAs":["https:\/\/www.facebook.com\/portalcentrourbano","https:\/\/x.com\/CentroUrbano","https:\/\/www.instagram.com\/centro_urbano\/","https:\/\/www.linkedin.com\/company\/centro-urbano\/","http:\/\/www.youtube.com\/user\/portalcentrourbano"]},{"@type":"Person","@id":"https:\/\/centrourbano.com\/revista\/#\/schema\/person\/adbb70db8b2d6d6b244ea4f920e409b8","name":"Leticia Barreto","image":{"@type":"ImageObject","inLanguage":"es","@id":"https:\/\/secure.gravatar.com\/avatar\/6b7fc7c4a73e99ae1d556a4345000a3885f7f1118168c1a74a78bfcdce11dea5?s=96&d=mm&r=g","url":"https:\/\/secure.gravatar.com\/avatar\/6b7fc7c4a73e99ae1d556a4345000a3885f7f1118168c1a74a78bfcdce11dea5?s=96&d=mm&r=g","contentUrl":"https:\/\/secure.gravatar.com\/avatar\/6b7fc7c4a73e99ae1d556a4345000a3885f7f1118168c1a74a78bfcdce11dea5?s=96&d=mm&r=g","caption":"Leticia Barreto"},"url":"https:\/\/centrourbano.com\/revista\/author\/leticia-barreto\/"}]}},"_links":{"self":[{"href":"https:\/\/centrourbano.com\/revista\/wp-json\/wp\/v2\/posts\/68238","targetHints":{"allow":["GET"]}}],"collection":[{"href":"https:\/\/centrourbano.com\/revista\/wp-json\/wp\/v2\/posts"}],"about":[{"href":"https:\/\/centrourbano.com\/revista\/wp-json\/wp\/v2\/types\/post"}],"author":[{"embeddable":true,"href":"https:\/\/centrourbano.com\/revista\/wp-json\/wp\/v2\/users\/61"}],"replies":[{"embeddable":true,"href":"https:\/\/centrourbano.com\/revista\/wp-json\/wp\/v2\/comments?post=68238"}],"version-history":[{"count":9,"href":"https:\/\/centrourbano.com\/revista\/wp-json\/wp\/v2\/posts\/68238\/revisions"}],"predecessor-version":[{"id":68325,"href":"https:\/\/centrourbano.com\/revista\/wp-json\/wp\/v2\/posts\/68238\/revisions\/68325"}],"wp:featuredmedia":[{"embeddable":true,"href":"https:\/\/centrourbano.com\/revista\/wp-json\/wp\/v2\/media\/68239"}],"wp:attachment":[{"href":"https:\/\/centrourbano.com\/revista\/wp-json\/wp\/v2\/media?parent=68238"}],"wp:term":[{"taxonomy":"category","embeddable":true,"href":"https:\/\/centrourbano.com\/revista\/wp-json\/wp\/v2\/categories?post=68238"},{"taxonomy":"post_tag","embeddable":true,"href":"https:\/\/centrourbano.com\/revista\/wp-json\/wp\/v2\/tags?post=68238"}],"curies":[{"name":"wp","href":"https:\/\/api.w.org\/{rel}","templated":true}]}}