{"id":68090,"date":"2018-03-05T15:57:18","date_gmt":"2018-03-05T21:57:18","guid":{"rendered":"https:\/\/centrourbano.com\/?p=68090"},"modified":"2018-03-05T15:57:18","modified_gmt":"2018-03-05T21:57:18","slug":"inauguran-la-feria-nayarit-2018","status":"publish","type":"post","link":"https:\/\/centrourbano.com\/revista\/actualidad\/inauguran-la-feria-nayarit-2018\/","title":{"rendered":"Inauguran la Feria Nayarit 2018"},"content":{"rendered":"<p><em>Se cont\u00f3 con la participaci\u00f3n del p\u00fablico en general, agrupaciones civiles e instituciones p\u00fablicas y privadas para llevar a cabo dicha celebraci\u00f3n<\/em><!--more--><\/p>\n<p>Antonio Echevarr\u00eda Garc\u00eda, gobernador del estado, recorri\u00f3 junto con decenas de familias el recinto ferial hasta llegar al Pabell\u00f3n Nayarit, espacio denominado Nayarit Enamora y en donde se expone la riqueza gastron\u00f3mica, cultural y artesanal que tiene cada uno de los 20 municipios de la entidad.<\/p>\n<p>Con la apertura del acceso principal del Recinto Ferial, arranc\u00f3 la Feria Nayarit 2018, la fiesta m\u00e1s importante de los nayaritas que en esta edici\u00f3n concluir\u00e1 hasta el 25 de marzo.<\/p>\n<p>En esta jornada festiva ofrecer\u00e1 a sus visitantes diferentes actividades recreativas y deportivas tales como juegos mec\u00e1nicos, exposiciones gastron\u00f3micas y fotogr\u00e1ficas, eventos deportivos, exhibiciones culturales, venta de artesan\u00edas, entre otras.<\/p>\n<p>Previamente se llev\u00f3 a cabo el desfile tradicional para inaugurar la Feria, en el que tomaron parte de los 20 ayuntamientos del estado, con la ayuda de agrupaciones civiles e instituciones p\u00fablicas y privadas, quienes hicieron gala de su creatividad en la decoraci\u00f3n de carros aleg\u00f3ricos.<\/p>\n<p>Como parte del evento, el gobernador coron\u00f3 a la Reina de la Feria Tepic 2018, Yuridia Dur\u00e1n, originaria de Ahuacatl\u00e1n y quien representar\u00e1 a Nayarit no solo en esta Feria sino en exposiciones y eventos de car\u00e1cter tur\u00edstico que se lleven a cabo durante un a\u00f1o en toda la Rep\u00fablica Mexicana.<\/p>\n<p>En apoyo a la econom\u00eda de las familias nayaritas, el acceso a todo el evento que en esta edici\u00f3n se conmemora 30 a\u00f1os desde el primer concepto de realizaci\u00f3n con la llamada Feria de la Mexicanidad, ser\u00e1 totalmente gratuito.<\/p>\n<p>El grupo mexicano de pop Reik, fue el encargado de abrir la fase musical de la feria ante miles de visitantes que se dieron cita en la explanada del Foro Cultural para despu\u00e9s corear las canciones de la popular agrupaci\u00f3n<\/p>\n","protected":false},"excerpt":{"rendered":"<p>Se cont\u00f3 con la participaci\u00f3n del p\u00fablico en general, agrupaciones civiles e instituciones p\u00fablicas y privadas para llevar a cabo dicha celebraci\u00f3n<\/p>\n","protected":false},"author":60,"featured_media":68092,"comment_status":"open","ping_status":"closed","sticky":false,"template":"","format":"standard","meta":{"om_disable_all_campaigns":false,"inline_featured_image":false,"_monsterinsights_skip_tracking":false,"_monsterinsights_sitenote_active":false,"_monsterinsights_sitenote_note":"","_monsterinsights_sitenote_category":0,"footnotes":""},"categories":[80],"tags":[12864,2043,7658,409,719,9708],"class_list":["post-68090","post","type-post","status-publish","format-standard","has-post-thumbnail","hentry","category-actualidad","tag-ayuntamientos","tag-cultura","tag-exhibicion","tag-feria","tag-nayarit","tag-recinto"],"yoast_head":"<!-- This site is optimized with the Yoast SEO plugin v27.5 - https:\/\/yoast.com\/product\/yoast-seo-wordpress\/ -->\n<title>Inauguran la Feria Nayarit 2018<\/title>\n<meta name=\"description\" content=\"Se cont\u00f3 con la participaci\u00f3n del p\u00fablico en general, agrupaciones civiles e instituciones p\u00fablicas y privadas\" \/>\n<meta name=\"robots\" content=\"index, follow, max-snippet:-1, max-image-preview:large, max-video-preview:-1\" \/>\n<link rel=\"canonical\" href=\"https:\/\/centrourbano.com\/revista\/actualidad\/inauguran-la-feria-nayarit-2018\/\" \/>\n<meta property=\"og:locale\" content=\"es_ES\" \/>\n<meta property=\"og:type\" content=\"article\" \/>\n<meta property=\"og:title\" content=\"Inauguran la Feria Nayarit 2018\" \/>\n<meta property=\"og:description\" content=\"Se cont\u00f3 con la participaci\u00f3n del p\u00fablico en general, agrupaciones civiles e instituciones p\u00fablicas y privadas\" \/>\n<meta property=\"og:url\" content=\"https:\/\/centrourbano.com\/revista\/actualidad\/inauguran-la-feria-nayarit-2018\/\" \/>\n<meta property=\"og:site_name\" content=\"Centro Urbano\" \/>\n<meta property=\"article:publisher\" content=\"https:\/\/www.facebook.com\/portalcentrourbano\" \/>\n<meta property=\"article:published_time\" content=\"2018-03-05T21:57:18+00:00\" \/>\n<meta property=\"og:image\" content=\"https:\/\/centrourbano.com\/revista\/wp-content\/uploads\/feria2.jpg\" \/>\n\t<meta property=\"og:image:width\" content=\"960\" \/>\n\t<meta property=\"og:image:height\" content=\"640\" \/>\n\t<meta property=\"og:image:type\" content=\"image\/jpeg\" \/>\n<meta name=\"author\" content=\"Donovan Colindres\" \/>\n<meta name=\"twitter:card\" content=\"summary_large_image\" \/>\n<meta name=\"twitter:creator\" content=\"@CentroUrbano\" \/>\n<meta name=\"twitter:site\" content=\"@CentroUrbano\" \/>\n<meta name=\"twitter:label1\" content=\"Escrito por\" \/>\n\t<meta name=\"twitter:data1\" content=\"Donovan Colindres\" \/>\n\t<meta name=\"twitter:label2\" content=\"Tiempo de lectura\" \/>\n\t<meta name=\"twitter:data2\" content=\"2 minutos\" \/>\n<script type=\"application\/ld+json\" class=\"yoast-schema-graph\">{\"@context\":\"https:\\\/\\\/schema.org\",\"@graph\":[{\"@type\":\"Article\",\"@id\":\"https:\\\/\\\/centrourbano.com\\\/revista\\\/actualidad\\\/inauguran-la-feria-nayarit-2018\\\/#article\",\"isPartOf\":{\"@id\":\"https:\\\/\\\/centrourbano.com\\\/revista\\\/actualidad\\\/inauguran-la-feria-nayarit-2018\\\/\"},\"author\":{\"name\":\"Donovan Colindres\",\"@id\":\"https:\\\/\\\/centrourbano.com\\\/revista\\\/#\\\/schema\\\/person\\\/8c196d8a1894aded235b29ceab1b2f43\"},\"headline\":\"Inauguran la Feria Nayarit 2018\",\"datePublished\":\"2018-03-05T21:57:18+00:00\",\"mainEntityOfPage\":{\"@id\":\"https:\\\/\\\/centrourbano.com\\\/revista\\\/actualidad\\\/inauguran-la-feria-nayarit-2018\\\/\"},\"wordCount\":332,\"commentCount\":0,\"publisher\":{\"@id\":\"https:\\\/\\\/centrourbano.com\\\/revista\\\/#organization\"},\"image\":{\"@id\":\"https:\\\/\\\/centrourbano.com\\\/revista\\\/actualidad\\\/inauguran-la-feria-nayarit-2018\\\/#primaryimage\"},\"thumbnailUrl\":\"https:\\\/\\\/centrourbano.com\\\/revista\\\/wp-content\\\/uploads\\\/feria2.jpg\",\"keywords\":[\"ayuntamientos\",\"Cultura\",\"exhibici\u00f3n\",\"feria\",\"Nayarit\",\"recinto\"],\"articleSection\":[\"Actualidad\"],\"inLanguage\":\"es\",\"potentialAction\":[{\"@type\":\"CommentAction\",\"name\":\"Comment\",\"target\":[\"https:\\\/\\\/centrourbano.com\\\/revista\\\/actualidad\\\/inauguran-la-feria-nayarit-2018\\\/#respond\"]}]},{\"@type\":\"WebPage\",\"@id\":\"https:\\\/\\\/centrourbano.com\\\/revista\\\/actualidad\\\/inauguran-la-feria-nayarit-2018\\\/\",\"url\":\"https:\\\/\\\/centrourbano.com\\\/revista\\\/actualidad\\\/inauguran-la-feria-nayarit-2018\\\/\",\"name\":\"Inauguran la Feria Nayarit 2018\",\"isPartOf\":{\"@id\":\"https:\\\/\\\/centrourbano.com\\\/revista\\\/#website\"},\"primaryImageOfPage\":{\"@id\":\"https:\\\/\\\/centrourbano.com\\\/revista\\\/actualidad\\\/inauguran-la-feria-nayarit-2018\\\/#primaryimage\"},\"image\":{\"@id\":\"https:\\\/\\\/centrourbano.com\\\/revista\\\/actualidad\\\/inauguran-la-feria-nayarit-2018\\\/#primaryimage\"},\"thumbnailUrl\":\"https:\\\/\\\/centrourbano.com\\\/revista\\\/wp-content\\\/uploads\\\/feria2.jpg\",\"datePublished\":\"2018-03-05T21:57:18+00:00\",\"description\":\"Se cont\u00f3 con la participaci\u00f3n del p\u00fablico en general, agrupaciones civiles e instituciones p\u00fablicas y privadas\",\"breadcrumb\":{\"@id\":\"https:\\\/\\\/centrourbano.com\\\/revista\\\/actualidad\\\/inauguran-la-feria-nayarit-2018\\\/#breadcrumb\"},\"inLanguage\":\"es\",\"potentialAction\":[{\"@type\":\"ReadAction\",\"target\":[\"https:\\\/\\\/centrourbano.com\\\/revista\\\/actualidad\\\/inauguran-la-feria-nayarit-2018\\\/\"]}]},{\"@type\":\"ImageObject\",\"inLanguage\":\"es\",\"@id\":\"https:\\\/\\\/centrourbano.com\\\/revista\\\/actualidad\\\/inauguran-la-feria-nayarit-2018\\\/#primaryimage\",\"url\":\"https:\\\/\\\/centrourbano.com\\\/revista\\\/wp-content\\\/uploads\\\/feria2.jpg\",\"contentUrl\":\"https:\\\/\\\/centrourbano.com\\\/revista\\\/wp-content\\\/uploads\\\/feria2.jpg\",\"width\":960,\"height\":640,\"caption\":\"Se contar\u00e1 con la participaci\u00f3n de agrupaciones civiles e instituciones p\u00fablicas y privadas\"},{\"@type\":\"BreadcrumbList\",\"@id\":\"https:\\\/\\\/centrourbano.com\\\/revista\\\/actualidad\\\/inauguran-la-feria-nayarit-2018\\\/#breadcrumb\",\"itemListElement\":[{\"@type\":\"ListItem\",\"position\":1,\"name\":\"Portada\",\"item\":\"https:\\\/\\\/centrourbano.com\\\/revista\\\/\"},{\"@type\":\"ListItem\",\"position\":2,\"name\":\"Inauguran la Feria Nayarit 2018\"}]},{\"@type\":\"WebSite\",\"@id\":\"https:\\\/\\\/centrourbano.com\\\/revista\\\/#website\",\"url\":\"https:\\\/\\\/centrourbano.com\\\/revista\\\/\",\"name\":\"Centro Urbano\",\"description\":\"Medio especializado en los sectores vivienda, inmobiliario, construcci\u00f3n, arquitectura y urbanismo.\",\"publisher\":{\"@id\":\"https:\\\/\\\/centrourbano.com\\\/revista\\\/#organization\"},\"potentialAction\":[{\"@type\":\"SearchAction\",\"target\":{\"@type\":\"EntryPoint\",\"urlTemplate\":\"https:\\\/\\\/centrourbano.com\\\/revista\\\/?s={search_term_string}\"},\"query-input\":{\"@type\":\"PropertyValueSpecification\",\"valueRequired\":true,\"valueName\":\"search_term_string\"}}],\"inLanguage\":\"es\"},{\"@type\":\"Organization\",\"@id\":\"https:\\\/\\\/centrourbano.com\\\/revista\\\/#organization\",\"name\":\"Centro Urbano\",\"url\":\"https:\\\/\\\/centrourbano.com\\\/revista\\\/\",\"logo\":{\"@type\":\"ImageObject\",\"inLanguage\":\"es\",\"@id\":\"https:\\\/\\\/centrourbano.com\\\/revista\\\/#\\\/schema\\\/logo\\\/image\\\/\",\"url\":\"https:\\\/\\\/centrourbano.com\\\/revista\\\/wp-content\\\/uploads\\\/web_CU_logo-1.png\",\"contentUrl\":\"https:\\\/\\\/centrourbano.com\\\/revista\\\/wp-content\\\/uploads\\\/web_CU_logo-1.png\",\"width\":350,\"height\":91,\"caption\":\"Centro Urbano\"},\"image\":{\"@id\":\"https:\\\/\\\/centrourbano.com\\\/revista\\\/#\\\/schema\\\/logo\\\/image\\\/\"},\"sameAs\":[\"https:\\\/\\\/www.facebook.com\\\/portalcentrourbano\",\"https:\\\/\\\/x.com\\\/CentroUrbano\",\"https:\\\/\\\/www.instagram.com\\\/centro_urbano\\\/\",\"https:\\\/\\\/www.linkedin.com\\\/company\\\/centro-urbano\\\/\",\"http:\\\/\\\/www.youtube.com\\\/user\\\/portalcentrourbano\"]},{\"@type\":\"Person\",\"@id\":\"https:\\\/\\\/centrourbano.com\\\/revista\\\/#\\\/schema\\\/person\\\/8c196d8a1894aded235b29ceab1b2f43\",\"name\":\"Donovan Colindres\",\"image\":{\"@type\":\"ImageObject\",\"inLanguage\":\"es\",\"@id\":\"https:\\\/\\\/secure.gravatar.com\\\/avatar\\\/c496de0d2c5eff1a960e391485cc34462059b7798bed69bed7e7a1279445d3cc?s=96&d=mm&r=g\",\"url\":\"https:\\\/\\\/secure.gravatar.com\\\/avatar\\\/c496de0d2c5eff1a960e391485cc34462059b7798bed69bed7e7a1279445d3cc?s=96&d=mm&r=g\",\"contentUrl\":\"https:\\\/\\\/secure.gravatar.com\\\/avatar\\\/c496de0d2c5eff1a960e391485cc34462059b7798bed69bed7e7a1279445d3cc?s=96&d=mm&r=g\",\"caption\":\"Donovan Colindres\"},\"description\":\"Egresado en Ciencias de la Comunicaci\u00f3n y Periodismo de la Universidad Latina.Soy una persona seria,que le gusta aprender cada d\u00eda algo nuevo. Me encanta escuchar m\u00fasica y me apasiona escribir.\",\"url\":\"https:\\\/\\\/centrourbano.com\\\/revista\\\/author\\\/donovan-colindres\\\/\"}]}<\/script>\n<!-- \/ Yoast SEO plugin. -->","yoast_head_json":{"title":"Inauguran la Feria Nayarit 2018","description":"Se cont\u00f3 con la participaci\u00f3n del p\u00fablico en general, agrupaciones civiles e instituciones p\u00fablicas y privadas","robots":{"index":"index","follow":"follow","max-snippet":"max-snippet:-1","max-image-preview":"max-image-preview:large","max-video-preview":"max-video-preview:-1"},"canonical":"https:\/\/centrourbano.com\/revista\/actualidad\/inauguran-la-feria-nayarit-2018\/","og_locale":"es_ES","og_type":"article","og_title":"Inauguran la Feria Nayarit 2018","og_description":"Se cont\u00f3 con la participaci\u00f3n del p\u00fablico en general, agrupaciones civiles e instituciones p\u00fablicas y privadas","og_url":"https:\/\/centrourbano.com\/revista\/actualidad\/inauguran-la-feria-nayarit-2018\/","og_site_name":"Centro Urbano","article_publisher":"https:\/\/www.facebook.com\/portalcentrourbano","article_published_time":"2018-03-05T21:57:18+00:00","og_image":[{"width":960,"height":640,"url":"https:\/\/centrourbano.com\/revista\/wp-content\/uploads\/feria2.jpg","type":"image\/jpeg"}],"author":"Donovan Colindres","twitter_card":"summary_large_image","twitter_creator":"@CentroUrbano","twitter_site":"@CentroUrbano","twitter_misc":{"Escrito por":"Donovan Colindres","Tiempo de lectura":"2 minutos"},"schema":{"@context":"https:\/\/schema.org","@graph":[{"@type":"Article","@id":"https:\/\/centrourbano.com\/revista\/actualidad\/inauguran-la-feria-nayarit-2018\/#article","isPartOf":{"@id":"https:\/\/centrourbano.com\/revista\/actualidad\/inauguran-la-feria-nayarit-2018\/"},"author":{"name":"Donovan Colindres","@id":"https:\/\/centrourbano.com\/revista\/#\/schema\/person\/8c196d8a1894aded235b29ceab1b2f43"},"headline":"Inauguran la Feria Nayarit 2018","datePublished":"2018-03-05T21:57:18+00:00","mainEntityOfPage":{"@id":"https:\/\/centrourbano.com\/revista\/actualidad\/inauguran-la-feria-nayarit-2018\/"},"wordCount":332,"commentCount":0,"publisher":{"@id":"https:\/\/centrourbano.com\/revista\/#organization"},"image":{"@id":"https:\/\/centrourbano.com\/revista\/actualidad\/inauguran-la-feria-nayarit-2018\/#primaryimage"},"thumbnailUrl":"https:\/\/centrourbano.com\/revista\/wp-content\/uploads\/feria2.jpg","keywords":["ayuntamientos","Cultura","exhibici\u00f3n","feria","Nayarit","recinto"],"articleSection":["Actualidad"],"inLanguage":"es","potentialAction":[{"@type":"CommentAction","name":"Comment","target":["https:\/\/centrourbano.com\/revista\/actualidad\/inauguran-la-feria-nayarit-2018\/#respond"]}]},{"@type":"WebPage","@id":"https:\/\/centrourbano.com\/revista\/actualidad\/inauguran-la-feria-nayarit-2018\/","url":"https:\/\/centrourbano.com\/revista\/actualidad\/inauguran-la-feria-nayarit-2018\/","name":"Inauguran la Feria Nayarit 2018","isPartOf":{"@id":"https:\/\/centrourbano.com\/revista\/#website"},"primaryImageOfPage":{"@id":"https:\/\/centrourbano.com\/revista\/actualidad\/inauguran-la-feria-nayarit-2018\/#primaryimage"},"image":{"@id":"https:\/\/centrourbano.com\/revista\/actualidad\/inauguran-la-feria-nayarit-2018\/#primaryimage"},"thumbnailUrl":"https:\/\/centrourbano.com\/revista\/wp-content\/uploads\/feria2.jpg","datePublished":"2018-03-05T21:57:18+00:00","description":"Se cont\u00f3 con la participaci\u00f3n del p\u00fablico en general, agrupaciones civiles e instituciones p\u00fablicas y privadas","breadcrumb":{"@id":"https:\/\/centrourbano.com\/revista\/actualidad\/inauguran-la-feria-nayarit-2018\/#breadcrumb"},"inLanguage":"es","potentialAction":[{"@type":"ReadAction","target":["https:\/\/centrourbano.com\/revista\/actualidad\/inauguran-la-feria-nayarit-2018\/"]}]},{"@type":"ImageObject","inLanguage":"es","@id":"https:\/\/centrourbano.com\/revista\/actualidad\/inauguran-la-feria-nayarit-2018\/#primaryimage","url":"https:\/\/centrourbano.com\/revista\/wp-content\/uploads\/feria2.jpg","contentUrl":"https:\/\/centrourbano.com\/revista\/wp-content\/uploads\/feria2.jpg","width":960,"height":640,"caption":"Se contar\u00e1 con la participaci\u00f3n de agrupaciones civiles e instituciones p\u00fablicas y privadas"},{"@type":"BreadcrumbList","@id":"https:\/\/centrourbano.com\/revista\/actualidad\/inauguran-la-feria-nayarit-2018\/#breadcrumb","itemListElement":[{"@type":"ListItem","position":1,"name":"Portada","item":"https:\/\/centrourbano.com\/revista\/"},{"@type":"ListItem","position":2,"name":"Inauguran la Feria Nayarit 2018"}]},{"@type":"WebSite","@id":"https:\/\/centrourbano.com\/revista\/#website","url":"https:\/\/centrourbano.com\/revista\/","name":"Centro Urbano","description":"Medio especializado en los sectores vivienda, inmobiliario, construcci\u00f3n, arquitectura y urbanismo.","publisher":{"@id":"https:\/\/centrourbano.com\/revista\/#organization"},"potentialAction":[{"@type":"SearchAction","target":{"@type":"EntryPoint","urlTemplate":"https:\/\/centrourbano.com\/revista\/?s={search_term_string}"},"query-input":{"@type":"PropertyValueSpecification","valueRequired":true,"valueName":"search_term_string"}}],"inLanguage":"es"},{"@type":"Organization","@id":"https:\/\/centrourbano.com\/revista\/#organization","name":"Centro Urbano","url":"https:\/\/centrourbano.com\/revista\/","logo":{"@type":"ImageObject","inLanguage":"es","@id":"https:\/\/centrourbano.com\/revista\/#\/schema\/logo\/image\/","url":"https:\/\/centrourbano.com\/revista\/wp-content\/uploads\/web_CU_logo-1.png","contentUrl":"https:\/\/centrourbano.com\/revista\/wp-content\/uploads\/web_CU_logo-1.png","width":350,"height":91,"caption":"Centro Urbano"},"image":{"@id":"https:\/\/centrourbano.com\/revista\/#\/schema\/logo\/image\/"},"sameAs":["https:\/\/www.facebook.com\/portalcentrourbano","https:\/\/x.com\/CentroUrbano","https:\/\/www.instagram.com\/centro_urbano\/","https:\/\/www.linkedin.com\/company\/centro-urbano\/","http:\/\/www.youtube.com\/user\/portalcentrourbano"]},{"@type":"Person","@id":"https:\/\/centrourbano.com\/revista\/#\/schema\/person\/8c196d8a1894aded235b29ceab1b2f43","name":"Donovan Colindres","image":{"@type":"ImageObject","inLanguage":"es","@id":"https:\/\/secure.gravatar.com\/avatar\/c496de0d2c5eff1a960e391485cc34462059b7798bed69bed7e7a1279445d3cc?s=96&d=mm&r=g","url":"https:\/\/secure.gravatar.com\/avatar\/c496de0d2c5eff1a960e391485cc34462059b7798bed69bed7e7a1279445d3cc?s=96&d=mm&r=g","contentUrl":"https:\/\/secure.gravatar.com\/avatar\/c496de0d2c5eff1a960e391485cc34462059b7798bed69bed7e7a1279445d3cc?s=96&d=mm&r=g","caption":"Donovan Colindres"},"description":"Egresado en Ciencias de la Comunicaci\u00f3n y Periodismo de la Universidad Latina.Soy una persona seria,que le gusta aprender cada d\u00eda algo nuevo. Me encanta escuchar m\u00fasica y me apasiona escribir.","url":"https:\/\/centrourbano.com\/revista\/author\/donovan-colindres\/"}]}},"_links":{"self":[{"href":"https:\/\/centrourbano.com\/revista\/wp-json\/wp\/v2\/posts\/68090","targetHints":{"allow":["GET"]}}],"collection":[{"href":"https:\/\/centrourbano.com\/revista\/wp-json\/wp\/v2\/posts"}],"about":[{"href":"https:\/\/centrourbano.com\/revista\/wp-json\/wp\/v2\/types\/post"}],"author":[{"embeddable":true,"href":"https:\/\/centrourbano.com\/revista\/wp-json\/wp\/v2\/users\/60"}],"replies":[{"embeddable":true,"href":"https:\/\/centrourbano.com\/revista\/wp-json\/wp\/v2\/comments?post=68090"}],"version-history":[{"count":1,"href":"https:\/\/centrourbano.com\/revista\/wp-json\/wp\/v2\/posts\/68090\/revisions"}],"predecessor-version":[{"id":68093,"href":"https:\/\/centrourbano.com\/revista\/wp-json\/wp\/v2\/posts\/68090\/revisions\/68093"}],"wp:featuredmedia":[{"embeddable":true,"href":"https:\/\/centrourbano.com\/revista\/wp-json\/wp\/v2\/media\/68092"}],"wp:attachment":[{"href":"https:\/\/centrourbano.com\/revista\/wp-json\/wp\/v2\/media?parent=68090"}],"wp:term":[{"taxonomy":"category","embeddable":true,"href":"https:\/\/centrourbano.com\/revista\/wp-json\/wp\/v2\/categories?post=68090"},{"taxonomy":"post_tag","embeddable":true,"href":"https:\/\/centrourbano.com\/revista\/wp-json\/wp\/v2\/tags?post=68090"}],"curies":[{"name":"wp","href":"https:\/\/api.w.org\/{rel}","templated":true}]}}