{"id":68077,"date":"2018-03-05T14:31:01","date_gmt":"2018-03-05T20:31:01","guid":{"rendered":"https:\/\/centrourbano.com\/?p=68077"},"modified":"2018-03-05T14:31:01","modified_gmt":"2018-03-05T20:31:01","slug":"guadalajara-busca-implementar-nuevo-modelo-ciudad-sustentable","status":"publish","type":"post","link":"https:\/\/centrourbano.com\/revista\/urbanismo\/guadalajara-busca-implementar-nuevo-modelo-ciudad-sustentable\/","title":{"rendered":"Guadalajara busca implementar un nuevo modelo de ciudad sustentable"},"content":{"rendered":"<p><em>Apuestan\u00a0 por la innovaci\u00f3n en componentes de movilidad y sustentabilidad<\/em><\/p>\n<p><!--more--><\/p>\n<p>El ayuntamiento de Guadalajara aprob\u00f3 la venta de dos inmuebles municipales, Alcalde 942 y Marsella 49, dichos proyectos buscan ser un modelo innovador en el tema de gesti\u00f3n urbana que integra componentes de movilidad sustentable, usos mixtos, vivienda y recuperaci\u00f3n del espacio p\u00fablico.<\/p>\n<p><strong>Avenida Alcalde 924<\/strong><\/p>\n<p>El proyecto propone dos edificaciones que van de los 6 a los 16 niveles, separados por una plazoleta central con 181 viviendas en 12 prototipos habitacionales de 1, 2 y 3 rec\u00e1maras que alcanzan de 41 a 90 metros cuadrados; id\u00f3neo de cr\u00e9ditos <a href=\"http:\/\/portal.infonavit.org.mx\/wps\/wcm\/connect\/infonavit\/inicio\" target=\"_blank\" rel=\"noopener noreferrer\"><strong>Infonavit<\/strong><\/a> con precios que van desde los 885,000 a 1.7 millones de pesos.<\/p>\n<p>La venta de esta propiedad municipal se da como resultado de la firma del convenio entre el Gobierno Federal, Gobierno del Estado, los gobiernos municipales del \u00c1rea Metropolitana y el Infonavit \u00a0para promover el repoblamiento, la redensifiacaci\u00f3n y un desarrollo de vivienda hacia el interior del municipio.<\/p>\n<p>El Registro Civil que estaba dentro de las instalaciones Alcalde 924 , se mudar\u00e1\u00a0 al Mercado Corona, donde contar\u00e1 con instalaciones mejor acondicionadas, modernas, funcionales y preparadas para atender a los habitantes que requieran el servicio.<\/p>\n<p>El proyecto ganador formado por Mota-Engil M\u00e9xico, S.A.P.I. de C.V., Grupo Promotor de Infraestructura \u00a0S.A. de C.V. y Conecta Cuatro S.A. de C.V. fue calificado con base a \u00a0criterios del est\u00e1ndar Desarrollo Orientado al Transporte (DOT) por el <a href=\"http:\/\/mexico.itdp.org\/\" target=\"_blank\" rel=\"noopener noreferrer\"><strong>Instituto de Pol\u00edticas de Transporte y Desarrollo (ITDP)<\/strong> <\/a>y cuenta con todos los requerimientos de la \u2018Certificaci\u00f3n Oro\u2019.<\/p>\n<p>Este proyecto podr\u00eda ser el primero en M\u00e9xico con el certificado de la m\u00e1xima acreditaci\u00f3n.<\/p>\n<p>El modelo DOT da entrada a la integraci\u00f3n del desarrollo urbano con el transporte p\u00fablico, (estar\u00e1 ubicado sobre el derrotero de la L\u00ednea 3 del Tren Ligero), permitiendo cambiar los altos costos consecuentes de la urbanizaci\u00f3n urbana y la dependencia al autom\u00f3vil. DOT puede dinamizar la econom\u00eda en los barrios as\u00ed como la conectividad a los servicios b\u00e1sicos.<\/p>\n<p>La propuesta arquitect\u00f3nica ha sido considera como sobresaliente porque adem\u00e1s de cumplir con las normas establecidas en Plan Parcial, dicho proyecto es el resultado de un profundo an\u00e1lisis del sitio. A cargo del despacho <a href=\"http:\/\/arq911.com\/\" target=\"_blank\" rel=\"noopener noreferrer\"><strong>Arquitectura 911<\/strong><\/a>, de los arquitectos Jos\u00e9 Castillo y Luby Springall, es una estructura que evoca la arquitectura vanguardista del \u2018Archivo del Estado\u2019 que fue dise\u00f1ado por Alejandro Zohn.<\/p>\n<p>Retoma el emblem\u00e1tico estilo de la Parroquia de Nuestra Se\u00f1ora del Sagrario de Pedro Castellanos y tambi\u00e9n cuenta con influencia de la obra de Fernando de Gonz\u00e1lez Gort\u00e1zar. Dado a las vanguardias que envuelven a este proyecto se le compara con la historia arquitect\u00f3nica de Guadalajara.<\/p>\n<p>Una de las ventajas est\u00e9ticas m\u00e1s notorias es la integraci\u00f3n que logra con el Paseo Fray Antonio Alcalde; su dise\u00f1o se caracteriza por una presencia institucional al Hospital Salud de los Enfermos y a la Parroquia de Nuestras Se\u00f1ora del Sagrado.<\/p>\n<p><strong>Datos generales<\/strong><\/p>\n<p>Superficie: 2,987 metros cuadrados<\/p>\n<p>Monto ofertado: 40\u00b4500,000.00 pesos<\/p>\n<p><strong>Marsella 49<\/strong><\/p>\n<p>El municipio elimina un riesgo con la venta del predio de Marsella. Se demoler\u00e1 un edificio con riesgo estructural que estaba en p\u00e9simas condiciones y la ciudad granar\u00e1 un parque p\u00fablico a causa de esto; en la zona de la colonia Americana donde es evidente la escases de \u00e1reas verdes.<\/p>\n<p>El proyecto ganador de la firma Per\u00edmetro Propiedades S.A. de C.V. propone la meza de uso de suelo para incentivar la apropiaci\u00f3n del parque p\u00fablico. La planeaci\u00f3n del espacio contempla 6 departamentos, una escuela con orientaci\u00f3n principalmente cultural, espacio de co-working y \u00e1reas comerciales. .<\/p>\n<p><strong>Datos generales\u00a0 <\/strong><\/p>\n<p>Superficie: El predio mide 924 metros cuadrados, 304 metros son los vendibles para desplantar la edificaci\u00f3n, as\u00ed como la totalidad de lo que se encuentra del nivel de calle hacia abajo. Los 620 metros cuadrados restantes, a nivel de superficie, son para la construcci\u00f3n del parque p\u00fablico.<\/p>\n<p>&nbsp;<\/p>\n<p>&nbsp;<\/p>\n<p>&nbsp;<\/p>\n","protected":false},"excerpt":{"rendered":"<p>Apuestan\u00a0 por la innovaci\u00f3n en componentes de movilidad y sustentabilidad<\/p>\n","protected":false},"author":61,"featured_media":68078,"comment_status":"open","ping_status":"closed","sticky":false,"template":"","format":"standard","meta":{"om_disable_all_campaigns":false,"inline_featured_image":false,"_monsterinsights_skip_tracking":false,"_monsterinsights_sitenote_active":false,"_monsterinsights_sitenote_note":"","_monsterinsights_sitenote_category":0,"footnotes":""},"categories":[82],"tags":[20,194,120,12623,5249,165,149],"class_list":["post-68077","post","type-post","status-publish","format-standard","has-post-thumbnail","hentry","category-urbanismo","tag-arquitectura","tag-edificacion","tag-guadalajara","tag-predio","tag-propiedades","tag-sustentabilidad","tag-urbanizacion"],"yoast_head":"<!-- This site is optimized with the Yoast SEO plugin v27.4 - https:\/\/yoast.com\/product\/yoast-seo-wordpress\/ -->\n<title>Guadalajara busca implementar un nuevo modelo de ciudad sustentable<\/title>\n<meta name=\"description\" content=\"El Ayuntamiento apuesta por la innovaci\u00f3n en componentes de movilidad y sustentabilidad\" \/>\n<meta name=\"robots\" content=\"index, follow, max-snippet:-1, max-image-preview:large, max-video-preview:-1\" \/>\n<link rel=\"canonical\" href=\"https:\/\/centrourbano.com\/revista\/urbanismo\/guadalajara-busca-implementar-nuevo-modelo-ciudad-sustentable\/\" \/>\n<meta property=\"og:locale\" content=\"es_ES\" \/>\n<meta property=\"og:type\" content=\"article\" \/>\n<meta property=\"og:title\" content=\"Guadalajara busca implementar un nuevo modelo de ciudad sustentable\" \/>\n<meta property=\"og:description\" content=\"El Ayuntamiento apuesta por la innovaci\u00f3n en componentes de movilidad y sustentabilidad\" \/>\n<meta property=\"og:url\" content=\"https:\/\/centrourbano.com\/revista\/urbanismo\/guadalajara-busca-implementar-nuevo-modelo-ciudad-sustentable\/\" \/>\n<meta property=\"og:site_name\" content=\"Centro Urbano\" \/>\n<meta property=\"article:publisher\" content=\"https:\/\/www.facebook.com\/portalcentrourbano\" \/>\n<meta property=\"article:published_time\" content=\"2018-03-05T20:31:01+00:00\" \/>\n<meta property=\"og:image\" content=\"https:\/\/centrourbano.com\/revista\/wp-content\/uploads\/gudalajara.jpg\" \/>\n\t<meta property=\"og:image:width\" content=\"797\" \/>\n\t<meta property=\"og:image:height\" content=\"497\" \/>\n\t<meta property=\"og:image:type\" content=\"image\/jpeg\" \/>\n<meta name=\"author\" content=\"Leticia Barreto\" \/>\n<meta name=\"twitter:card\" content=\"summary_large_image\" \/>\n<meta name=\"twitter:creator\" content=\"@CentroUrbano\" \/>\n<meta name=\"twitter:site\" content=\"@CentroUrbano\" \/>\n<meta name=\"twitter:label1\" content=\"Escrito por\" \/>\n\t<meta name=\"twitter:data1\" content=\"Leticia Barreto\" \/>\n\t<meta name=\"twitter:label2\" content=\"Tiempo de lectura\" \/>\n\t<meta name=\"twitter:data2\" content=\"3 minutos\" \/>\n<script type=\"application\/ld+json\" class=\"yoast-schema-graph\">{\"@context\":\"https:\\\/\\\/schema.org\",\"@graph\":[{\"@type\":\"Article\",\"@id\":\"https:\\\/\\\/centrourbano.com\\\/revista\\\/urbanismo\\\/guadalajara-busca-implementar-nuevo-modelo-ciudad-sustentable\\\/#article\",\"isPartOf\":{\"@id\":\"https:\\\/\\\/centrourbano.com\\\/revista\\\/urbanismo\\\/guadalajara-busca-implementar-nuevo-modelo-ciudad-sustentable\\\/\"},\"author\":{\"name\":\"Leticia Barreto\",\"@id\":\"https:\\\/\\\/centrourbano.com\\\/revista\\\/#\\\/schema\\\/person\\\/adbb70db8b2d6d6b244ea4f920e409b8\"},\"headline\":\"Guadalajara busca implementar un nuevo modelo de ciudad sustentable\",\"datePublished\":\"2018-03-05T20:31:01+00:00\",\"mainEntityOfPage\":{\"@id\":\"https:\\\/\\\/centrourbano.com\\\/revista\\\/urbanismo\\\/guadalajara-busca-implementar-nuevo-modelo-ciudad-sustentable\\\/\"},\"wordCount\":673,\"commentCount\":0,\"publisher\":{\"@id\":\"https:\\\/\\\/centrourbano.com\\\/revista\\\/#organization\"},\"image\":{\"@id\":\"https:\\\/\\\/centrourbano.com\\\/revista\\\/urbanismo\\\/guadalajara-busca-implementar-nuevo-modelo-ciudad-sustentable\\\/#primaryimage\"},\"thumbnailUrl\":\"https:\\\/\\\/centrourbano.com\\\/revista\\\/wp-content\\\/uploads\\\/gudalajara.jpg\",\"keywords\":[\"arquitectura\",\"Edificaci\u00f3n\",\"Guadalajara\",\"predio\",\"propiedades\",\"sustentabilidad\",\"Urbanizaci\u00f3n\"],\"articleSection\":[\"Urbanismo\"],\"inLanguage\":\"es\",\"potentialAction\":[{\"@type\":\"CommentAction\",\"name\":\"Comment\",\"target\":[\"https:\\\/\\\/centrourbano.com\\\/revista\\\/urbanismo\\\/guadalajara-busca-implementar-nuevo-modelo-ciudad-sustentable\\\/#respond\"]}]},{\"@type\":\"WebPage\",\"@id\":\"https:\\\/\\\/centrourbano.com\\\/revista\\\/urbanismo\\\/guadalajara-busca-implementar-nuevo-modelo-ciudad-sustentable\\\/\",\"url\":\"https:\\\/\\\/centrourbano.com\\\/revista\\\/urbanismo\\\/guadalajara-busca-implementar-nuevo-modelo-ciudad-sustentable\\\/\",\"name\":\"Guadalajara busca implementar un nuevo modelo de ciudad sustentable\",\"isPartOf\":{\"@id\":\"https:\\\/\\\/centrourbano.com\\\/revista\\\/#website\"},\"primaryImageOfPage\":{\"@id\":\"https:\\\/\\\/centrourbano.com\\\/revista\\\/urbanismo\\\/guadalajara-busca-implementar-nuevo-modelo-ciudad-sustentable\\\/#primaryimage\"},\"image\":{\"@id\":\"https:\\\/\\\/centrourbano.com\\\/revista\\\/urbanismo\\\/guadalajara-busca-implementar-nuevo-modelo-ciudad-sustentable\\\/#primaryimage\"},\"thumbnailUrl\":\"https:\\\/\\\/centrourbano.com\\\/revista\\\/wp-content\\\/uploads\\\/gudalajara.jpg\",\"datePublished\":\"2018-03-05T20:31:01+00:00\",\"description\":\"El Ayuntamiento apuesta por la innovaci\u00f3n en componentes de movilidad y sustentabilidad\",\"breadcrumb\":{\"@id\":\"https:\\\/\\\/centrourbano.com\\\/revista\\\/urbanismo\\\/guadalajara-busca-implementar-nuevo-modelo-ciudad-sustentable\\\/#breadcrumb\"},\"inLanguage\":\"es\",\"potentialAction\":[{\"@type\":\"ReadAction\",\"target\":[\"https:\\\/\\\/centrourbano.com\\\/revista\\\/urbanismo\\\/guadalajara-busca-implementar-nuevo-modelo-ciudad-sustentable\\\/\"]}]},{\"@type\":\"ImageObject\",\"inLanguage\":\"es\",\"@id\":\"https:\\\/\\\/centrourbano.com\\\/revista\\\/urbanismo\\\/guadalajara-busca-implementar-nuevo-modelo-ciudad-sustentable\\\/#primaryimage\",\"url\":\"https:\\\/\\\/centrourbano.com\\\/revista\\\/wp-content\\\/uploads\\\/gudalajara.jpg\",\"contentUrl\":\"https:\\\/\\\/centrourbano.com\\\/revista\\\/wp-content\\\/uploads\\\/gudalajara.jpg\",\"width\":797,\"height\":497,\"caption\":\"El Ayuntamiento apuesta por la innovaci\u00f3n en componentes de movilidad y sustentabilidad.\"},{\"@type\":\"BreadcrumbList\",\"@id\":\"https:\\\/\\\/centrourbano.com\\\/revista\\\/urbanismo\\\/guadalajara-busca-implementar-nuevo-modelo-ciudad-sustentable\\\/#breadcrumb\",\"itemListElement\":[{\"@type\":\"ListItem\",\"position\":1,\"name\":\"Portada\",\"item\":\"https:\\\/\\\/centrourbano.com\\\/revista\\\/\"},{\"@type\":\"ListItem\",\"position\":2,\"name\":\"Guadalajara busca implementar un nuevo modelo de ciudad sustentable\"}]},{\"@type\":\"WebSite\",\"@id\":\"https:\\\/\\\/centrourbano.com\\\/revista\\\/#website\",\"url\":\"https:\\\/\\\/centrourbano.com\\\/revista\\\/\",\"name\":\"Centro Urbano\",\"description\":\"Medio especializado en los sectores vivienda, inmobiliario, construcci\u00f3n, arquitectura y urbanismo.\",\"publisher\":{\"@id\":\"https:\\\/\\\/centrourbano.com\\\/revista\\\/#organization\"},\"potentialAction\":[{\"@type\":\"SearchAction\",\"target\":{\"@type\":\"EntryPoint\",\"urlTemplate\":\"https:\\\/\\\/centrourbano.com\\\/revista\\\/?s={search_term_string}\"},\"query-input\":{\"@type\":\"PropertyValueSpecification\",\"valueRequired\":true,\"valueName\":\"search_term_string\"}}],\"inLanguage\":\"es\"},{\"@type\":\"Organization\",\"@id\":\"https:\\\/\\\/centrourbano.com\\\/revista\\\/#organization\",\"name\":\"Centro Urbano\",\"url\":\"https:\\\/\\\/centrourbano.com\\\/revista\\\/\",\"logo\":{\"@type\":\"ImageObject\",\"inLanguage\":\"es\",\"@id\":\"https:\\\/\\\/centrourbano.com\\\/revista\\\/#\\\/schema\\\/logo\\\/image\\\/\",\"url\":\"https:\\\/\\\/centrourbano.com\\\/revista\\\/wp-content\\\/uploads\\\/web_CU_logo-1.png\",\"contentUrl\":\"https:\\\/\\\/centrourbano.com\\\/revista\\\/wp-content\\\/uploads\\\/web_CU_logo-1.png\",\"width\":350,\"height\":91,\"caption\":\"Centro Urbano\"},\"image\":{\"@id\":\"https:\\\/\\\/centrourbano.com\\\/revista\\\/#\\\/schema\\\/logo\\\/image\\\/\"},\"sameAs\":[\"https:\\\/\\\/www.facebook.com\\\/portalcentrourbano\",\"https:\\\/\\\/x.com\\\/CentroUrbano\",\"https:\\\/\\\/www.instagram.com\\\/centro_urbano\\\/\",\"https:\\\/\\\/www.linkedin.com\\\/company\\\/centro-urbano\\\/\",\"http:\\\/\\\/www.youtube.com\\\/user\\\/portalcentrourbano\"]},{\"@type\":\"Person\",\"@id\":\"https:\\\/\\\/centrourbano.com\\\/revista\\\/#\\\/schema\\\/person\\\/adbb70db8b2d6d6b244ea4f920e409b8\",\"name\":\"Leticia Barreto\",\"image\":{\"@type\":\"ImageObject\",\"inLanguage\":\"es\",\"@id\":\"https:\\\/\\\/secure.gravatar.com\\\/avatar\\\/6b7fc7c4a73e99ae1d556a4345000a3885f7f1118168c1a74a78bfcdce11dea5?s=96&d=mm&r=g\",\"url\":\"https:\\\/\\\/secure.gravatar.com\\\/avatar\\\/6b7fc7c4a73e99ae1d556a4345000a3885f7f1118168c1a74a78bfcdce11dea5?s=96&d=mm&r=g\",\"contentUrl\":\"https:\\\/\\\/secure.gravatar.com\\\/avatar\\\/6b7fc7c4a73e99ae1d556a4345000a3885f7f1118168c1a74a78bfcdce11dea5?s=96&d=mm&r=g\",\"caption\":\"Leticia Barreto\"},\"url\":\"https:\\\/\\\/centrourbano.com\\\/revista\\\/author\\\/leticia-barreto\\\/\"}]}<\/script>\n<!-- \/ Yoast SEO plugin. -->","yoast_head_json":{"title":"Guadalajara busca implementar un nuevo modelo de ciudad sustentable","description":"El Ayuntamiento apuesta por la innovaci\u00f3n en componentes de movilidad y sustentabilidad","robots":{"index":"index","follow":"follow","max-snippet":"max-snippet:-1","max-image-preview":"max-image-preview:large","max-video-preview":"max-video-preview:-1"},"canonical":"https:\/\/centrourbano.com\/revista\/urbanismo\/guadalajara-busca-implementar-nuevo-modelo-ciudad-sustentable\/","og_locale":"es_ES","og_type":"article","og_title":"Guadalajara busca implementar un nuevo modelo de ciudad sustentable","og_description":"El Ayuntamiento apuesta por la innovaci\u00f3n en componentes de movilidad y sustentabilidad","og_url":"https:\/\/centrourbano.com\/revista\/urbanismo\/guadalajara-busca-implementar-nuevo-modelo-ciudad-sustentable\/","og_site_name":"Centro Urbano","article_publisher":"https:\/\/www.facebook.com\/portalcentrourbano","article_published_time":"2018-03-05T20:31:01+00:00","og_image":[{"width":797,"height":497,"url":"https:\/\/centrourbano.com\/revista\/wp-content\/uploads\/gudalajara.jpg","type":"image\/jpeg"}],"author":"Leticia Barreto","twitter_card":"summary_large_image","twitter_creator":"@CentroUrbano","twitter_site":"@CentroUrbano","twitter_misc":{"Escrito por":"Leticia Barreto","Tiempo de lectura":"3 minutos"},"schema":{"@context":"https:\/\/schema.org","@graph":[{"@type":"Article","@id":"https:\/\/centrourbano.com\/revista\/urbanismo\/guadalajara-busca-implementar-nuevo-modelo-ciudad-sustentable\/#article","isPartOf":{"@id":"https:\/\/centrourbano.com\/revista\/urbanismo\/guadalajara-busca-implementar-nuevo-modelo-ciudad-sustentable\/"},"author":{"name":"Leticia Barreto","@id":"https:\/\/centrourbano.com\/revista\/#\/schema\/person\/adbb70db8b2d6d6b244ea4f920e409b8"},"headline":"Guadalajara busca implementar un nuevo modelo de ciudad sustentable","datePublished":"2018-03-05T20:31:01+00:00","mainEntityOfPage":{"@id":"https:\/\/centrourbano.com\/revista\/urbanismo\/guadalajara-busca-implementar-nuevo-modelo-ciudad-sustentable\/"},"wordCount":673,"commentCount":0,"publisher":{"@id":"https:\/\/centrourbano.com\/revista\/#organization"},"image":{"@id":"https:\/\/centrourbano.com\/revista\/urbanismo\/guadalajara-busca-implementar-nuevo-modelo-ciudad-sustentable\/#primaryimage"},"thumbnailUrl":"https:\/\/centrourbano.com\/revista\/wp-content\/uploads\/gudalajara.jpg","keywords":["arquitectura","Edificaci\u00f3n","Guadalajara","predio","propiedades","sustentabilidad","Urbanizaci\u00f3n"],"articleSection":["Urbanismo"],"inLanguage":"es","potentialAction":[{"@type":"CommentAction","name":"Comment","target":["https:\/\/centrourbano.com\/revista\/urbanismo\/guadalajara-busca-implementar-nuevo-modelo-ciudad-sustentable\/#respond"]}]},{"@type":"WebPage","@id":"https:\/\/centrourbano.com\/revista\/urbanismo\/guadalajara-busca-implementar-nuevo-modelo-ciudad-sustentable\/","url":"https:\/\/centrourbano.com\/revista\/urbanismo\/guadalajara-busca-implementar-nuevo-modelo-ciudad-sustentable\/","name":"Guadalajara busca implementar un nuevo modelo de ciudad sustentable","isPartOf":{"@id":"https:\/\/centrourbano.com\/revista\/#website"},"primaryImageOfPage":{"@id":"https:\/\/centrourbano.com\/revista\/urbanismo\/guadalajara-busca-implementar-nuevo-modelo-ciudad-sustentable\/#primaryimage"},"image":{"@id":"https:\/\/centrourbano.com\/revista\/urbanismo\/guadalajara-busca-implementar-nuevo-modelo-ciudad-sustentable\/#primaryimage"},"thumbnailUrl":"https:\/\/centrourbano.com\/revista\/wp-content\/uploads\/gudalajara.jpg","datePublished":"2018-03-05T20:31:01+00:00","description":"El Ayuntamiento apuesta por la innovaci\u00f3n en componentes de movilidad y sustentabilidad","breadcrumb":{"@id":"https:\/\/centrourbano.com\/revista\/urbanismo\/guadalajara-busca-implementar-nuevo-modelo-ciudad-sustentable\/#breadcrumb"},"inLanguage":"es","potentialAction":[{"@type":"ReadAction","target":["https:\/\/centrourbano.com\/revista\/urbanismo\/guadalajara-busca-implementar-nuevo-modelo-ciudad-sustentable\/"]}]},{"@type":"ImageObject","inLanguage":"es","@id":"https:\/\/centrourbano.com\/revista\/urbanismo\/guadalajara-busca-implementar-nuevo-modelo-ciudad-sustentable\/#primaryimage","url":"https:\/\/centrourbano.com\/revista\/wp-content\/uploads\/gudalajara.jpg","contentUrl":"https:\/\/centrourbano.com\/revista\/wp-content\/uploads\/gudalajara.jpg","width":797,"height":497,"caption":"El Ayuntamiento apuesta por la innovaci\u00f3n en componentes de movilidad y sustentabilidad."},{"@type":"BreadcrumbList","@id":"https:\/\/centrourbano.com\/revista\/urbanismo\/guadalajara-busca-implementar-nuevo-modelo-ciudad-sustentable\/#breadcrumb","itemListElement":[{"@type":"ListItem","position":1,"name":"Portada","item":"https:\/\/centrourbano.com\/revista\/"},{"@type":"ListItem","position":2,"name":"Guadalajara busca implementar un nuevo modelo de ciudad sustentable"}]},{"@type":"WebSite","@id":"https:\/\/centrourbano.com\/revista\/#website","url":"https:\/\/centrourbano.com\/revista\/","name":"Centro Urbano","description":"Medio especializado en los sectores vivienda, inmobiliario, construcci\u00f3n, arquitectura y urbanismo.","publisher":{"@id":"https:\/\/centrourbano.com\/revista\/#organization"},"potentialAction":[{"@type":"SearchAction","target":{"@type":"EntryPoint","urlTemplate":"https:\/\/centrourbano.com\/revista\/?s={search_term_string}"},"query-input":{"@type":"PropertyValueSpecification","valueRequired":true,"valueName":"search_term_string"}}],"inLanguage":"es"},{"@type":"Organization","@id":"https:\/\/centrourbano.com\/revista\/#organization","name":"Centro Urbano","url":"https:\/\/centrourbano.com\/revista\/","logo":{"@type":"ImageObject","inLanguage":"es","@id":"https:\/\/centrourbano.com\/revista\/#\/schema\/logo\/image\/","url":"https:\/\/centrourbano.com\/revista\/wp-content\/uploads\/web_CU_logo-1.png","contentUrl":"https:\/\/centrourbano.com\/revista\/wp-content\/uploads\/web_CU_logo-1.png","width":350,"height":91,"caption":"Centro Urbano"},"image":{"@id":"https:\/\/centrourbano.com\/revista\/#\/schema\/logo\/image\/"},"sameAs":["https:\/\/www.facebook.com\/portalcentrourbano","https:\/\/x.com\/CentroUrbano","https:\/\/www.instagram.com\/centro_urbano\/","https:\/\/www.linkedin.com\/company\/centro-urbano\/","http:\/\/www.youtube.com\/user\/portalcentrourbano"]},{"@type":"Person","@id":"https:\/\/centrourbano.com\/revista\/#\/schema\/person\/adbb70db8b2d6d6b244ea4f920e409b8","name":"Leticia Barreto","image":{"@type":"ImageObject","inLanguage":"es","@id":"https:\/\/secure.gravatar.com\/avatar\/6b7fc7c4a73e99ae1d556a4345000a3885f7f1118168c1a74a78bfcdce11dea5?s=96&d=mm&r=g","url":"https:\/\/secure.gravatar.com\/avatar\/6b7fc7c4a73e99ae1d556a4345000a3885f7f1118168c1a74a78bfcdce11dea5?s=96&d=mm&r=g","contentUrl":"https:\/\/secure.gravatar.com\/avatar\/6b7fc7c4a73e99ae1d556a4345000a3885f7f1118168c1a74a78bfcdce11dea5?s=96&d=mm&r=g","caption":"Leticia Barreto"},"url":"https:\/\/centrourbano.com\/revista\/author\/leticia-barreto\/"}]}},"_links":{"self":[{"href":"https:\/\/centrourbano.com\/revista\/wp-json\/wp\/v2\/posts\/68077","targetHints":{"allow":["GET"]}}],"collection":[{"href":"https:\/\/centrourbano.com\/revista\/wp-json\/wp\/v2\/posts"}],"about":[{"href":"https:\/\/centrourbano.com\/revista\/wp-json\/wp\/v2\/types\/post"}],"author":[{"embeddable":true,"href":"https:\/\/centrourbano.com\/revista\/wp-json\/wp\/v2\/users\/61"}],"replies":[{"embeddable":true,"href":"https:\/\/centrourbano.com\/revista\/wp-json\/wp\/v2\/comments?post=68077"}],"version-history":[{"count":1,"href":"https:\/\/centrourbano.com\/revista\/wp-json\/wp\/v2\/posts\/68077\/revisions"}],"predecessor-version":[{"id":68084,"href":"https:\/\/centrourbano.com\/revista\/wp-json\/wp\/v2\/posts\/68077\/revisions\/68084"}],"wp:featuredmedia":[{"embeddable":true,"href":"https:\/\/centrourbano.com\/revista\/wp-json\/wp\/v2\/media\/68078"}],"wp:attachment":[{"href":"https:\/\/centrourbano.com\/revista\/wp-json\/wp\/v2\/media?parent=68077"}],"wp:term":[{"taxonomy":"category","embeddable":true,"href":"https:\/\/centrourbano.com\/revista\/wp-json\/wp\/v2\/categories?post=68077"},{"taxonomy":"post_tag","embeddable":true,"href":"https:\/\/centrourbano.com\/revista\/wp-json\/wp\/v2\/tags?post=68077"}],"curies":[{"name":"wp","href":"https:\/\/api.w.org\/{rel}","templated":true}]}}