{"id":68041,"date":"2018-03-05T09:52:12","date_gmt":"2018-03-05T15:52:12","guid":{"rendered":"https:\/\/centrourbano.com\/?p=68041"},"modified":"2018-05-23T17:48:30","modified_gmt":"2018-05-23T22:48:30","slug":"candidatos-frente-al-sector-inmobiliario","status":"publish","type":"post","link":"https:\/\/centrourbano.com\/revista\/opinion\/candidatos-frente-al-sector-inmobiliario\/","title":{"rendered":"Candidatos frente al sector inmobiliario"},"content":{"rendered":"<p>Esta semana se lleva a cabo el que es por mucho el evento m\u00e1s importante del a\u00f1o en la industria inmobiliaria de Am\u00e9rica Latina.<!--more--><\/p>\n<p>No solo re\u00fane a quienes dirigen las 82 empresas que generan m\u00e1s de la mitad de la inversi\u00f3n total del sector a nivel nacional y a sus cadenas productivas&#8230; No solo congrega especialistas de M\u00e9xico y muchos otros pa\u00edses, incluyendo ganadores del prestigiado Premio Pritzker&#8230; No solo congrega autoridades del m\u00e1s alto nivel, incluyendo al Presidente de la Rep\u00fablica, Enrique Pe\u00f1a Nieto y al jefe de gobierno de la Ciudad de M\u00e9xico, Miguel \u00c1ngel Mancera&#8230;<\/p>\n<p>Esta vez, Expo Desarrollo Inmobiliario, The Real Estate Show 2018, ser\u00e1 adem\u00e1s la sede de una pasarela del m\u00e1s alto nivel, en que los candidatos tanto a la Presidencia de la Rep\u00fablica, como a la jefatura de gobierno de la Ciudad de M\u00e9xico, se presentar\u00e1n ante la c\u00fapula de la cadena de valor del sector inmobiliario para presentar sus plataformas.<\/p>\n<p>Claro que estas presentaciones despiertan el inter\u00e9s de un sector que implica enormes capitales y que tiene entre sus insumos fundamentales confianza y certidumbre.<\/p>\n<p>Claro que hace falta que los grandes inversionistas, nacionales y extranjeros, salgan de este evento confiando en que M\u00e9xico seguir\u00e1 siendo un buen lugar para trabajar.<\/p>\n<p>Y claro&#8230; Claro que hace falta que los candidatos conozcan las capacidades de esta industria y a su vez salgan del evento con la seguridad de que se habr\u00e1n de mantener las inversiones que \u00e9sta representa.<\/p>\n<p>Ni hablar, los candidatos no pueden desaprovechar las enormes oportunidades que representa un sector productivo fortalecido en sus estructuras financieras y operativas, con experiencia y con declarada voluntad de seguir invirtiendo en el pa\u00eds.<\/p>\n<p>Los candidatos deben aprovechar este encuentro para garantizar que si llegaran a ganar se mantendr\u00e1n tanto los puntitos del Producto Interno Bruto (PIB), como los empleos que esta industria aporta a la econom\u00eda nacional.<\/p>\n<p>En este cara a cara, los candidatos tendr\u00e1n que presentar los bocetos de un proyecto que reconozca al desarrollo urbano, y en consecuencia a la industria inmobiliaria, como ese complemento fundamental sin el que resulta imposible entender un Plan Nacional de Desarrollo, que sea verdaderamente integral y se base en objetivos de \u00edndole social, econ\u00f3mico, ambiental y urbano.<\/p>\n<p>Los empresarios tendr\u00e1n que convencer&#8230; Los candidatos tendr\u00e1n que convencer&#8230;<\/p>\n<p>Porque aunque pudiera pensarse que ese entendimiento mutuo est\u00e1 dado, lo importante est\u00e1 en saberlo traducir en sumas de voluntades, objetivos y estrategias.<\/p>\n<p>Los empresarios saben que los candidatos llegar\u00e1n a decir que valoran, y mucho, al sector inmobiliario&#8230;<\/p>\n<p>Pero no les van a bastar los rollos&#8230; Van a querer escuchar planteamientos claros que permitan entender qu\u00e9 candidato implica mejores oportunidades de tener la coordinaci\u00f3n institucional, los ajustes legislativos, las inversiones en infraestructura y la gesti\u00f3n de gobierno, que permitan aprovechar al m\u00e1ximo las enormes oportunidades que suponen las inversiones de la industria inmobiliaria.<\/p>\n<p>Ser\u00e1 con seguridad un encuentro cordial&#8230; Pero no un encuentro en el que bastar\u00e1 con verse frente a frente&#8230;<\/p>\n<p>Esperemos que el encuentro anual que organiza la poderosa Asociaci\u00f3n De Desarrolladores Inmobiliarios (ADI), que preside Salvador Daniel Kabbaz, sea el punto de partida en un proceso que permita que los gobiernos por venir tengan buenas noticias para los mexicanos en materia de desarrollo urbano, tomando como m\u00fasculo de ese proceso, a los empresarios inmobiliarios del pa\u00eds.<\/p>\n<p>&nbsp;<\/p>\n","protected":false},"excerpt":{"rendered":"<p>Esta semana se lleva a cabo el que es por mucho el evento m\u00e1s importante del a\u00f1o en la industria inmobiliaria de Am\u00e9rica Latina.<\/p>\n","protected":false},"author":77,"featured_media":66099,"comment_status":"open","ping_status":"closed","sticky":false,"template":"","format":"standard","meta":{"inline_featured_image":false,"footnotes":""},"categories":[241,13485,5],"tags":[21,229,1774,1432],"class_list":["post-68041","post","type-post","status-publish","format-standard","has-post-thumbnail","hentry","category-blog-desde-la-casa","category-elecciones-2018","category-opinion","tag-inmobiliario-2","tag-miguel-angel-mancera","tag-premio-pritzker","tag-the-real-estate-show"],"yoast_head":"<!-- This site is optimized with the Yoast SEO plugin v28.4 - https:\/\/yoast.com\/product\/yoast-seo-wordpress\/ -->\n<title>Candidatos frente al sector inmobiliario<\/title>\n<meta name=\"description\" content=\"Esta semana se lleva a cabo el que es por mucho el evento m\u00e1s importante del a\u00f1o en la industria inmobiliaria de Am\u00e9rica Latina.\" \/>\n<meta name=\"robots\" content=\"index, follow, max-snippet:-1, max-image-preview:large, max-video-preview:-1\" \/>\n<link rel=\"canonical\" href=\"https:\/\/centrourbano.com\/revista\/opinion\/candidatos-frente-al-sector-inmobiliario\/\" \/>\n<meta property=\"og:locale\" content=\"es_ES\" \/>\n<meta property=\"og:type\" content=\"article\" \/>\n<meta property=\"og:title\" content=\"Candidatos frente al sector inmobiliario\" \/>\n<meta property=\"og:description\" content=\"Esta semana se lleva a cabo el que es por mucho el evento m\u00e1s importante del a\u00f1o en la industria inmobiliaria de Am\u00e9rica Latina.\" \/>\n<meta property=\"og:url\" content=\"https:\/\/centrourbano.com\/revista\/opinion\/candidatos-frente-al-sector-inmobiliario\/\" \/>\n<meta property=\"og:site_name\" content=\"Centro Urbano\" \/>\n<meta property=\"article:publisher\" content=\"https:\/\/www.facebook.com\/portalcentrourbano\" \/>\n<meta property=\"article:published_time\" content=\"2018-03-05T15:52:12+00:00\" \/>\n<meta property=\"article:modified_time\" content=\"2018-05-23T22:48:30+00:00\" \/>\n<meta property=\"og:image\" content=\"https:\/\/centrourbano.com\/revista\/wp-content\/uploads\/Horacio-1.jpg\" \/>\n\t<meta property=\"og:image:width\" content=\"471\" \/>\n\t<meta property=\"og:image:height\" content=\"325\" \/>\n\t<meta property=\"og:image:type\" content=\"image\/jpeg\" \/>\n<meta name=\"author\" content=\"G4A\" \/>\n<meta name=\"twitter:card\" content=\"summary_large_image\" \/>\n<meta name=\"twitter:creator\" content=\"@CentroUrbano\" \/>\n<meta name=\"twitter:site\" content=\"@CentroUrbano\" \/>\n<meta name=\"twitter:label1\" content=\"Escrito por\" \/>\n\t<meta name=\"twitter:data1\" content=\"G4A\" \/>\n\t<meta name=\"twitter:label2\" content=\"Tiempo de lectura\" \/>\n\t<meta name=\"twitter:data2\" content=\"3 minutos\" \/>\n<script type=\"application\/ld+json\" class=\"yoast-schema-graph\">{\"@context\":\"https:\\\/\\\/schema.org\",\"@graph\":[{\"@type\":\"Article\",\"@id\":\"https:\\\/\\\/centrourbano.com\\\/revista\\\/opinion\\\/candidatos-frente-al-sector-inmobiliario\\\/#article\",\"isPartOf\":{\"@id\":\"https:\\\/\\\/centrourbano.com\\\/revista\\\/opinion\\\/candidatos-frente-al-sector-inmobiliario\\\/\"},\"author\":{\"name\":\"G4A\",\"@id\":\"https:\\\/\\\/centrourbano.com\\\/revista\\\/#\\\/schema\\\/person\\\/370fa0ba2d8dd5bde3fdb8b62ad360aa\"},\"headline\":\"Candidatos frente al sector inmobiliario\",\"datePublished\":\"2018-03-05T15:52:12+00:00\",\"dateModified\":\"2018-05-23T22:48:30+00:00\",\"mainEntityOfPage\":{\"@id\":\"https:\\\/\\\/centrourbano.com\\\/revista\\\/opinion\\\/candidatos-frente-al-sector-inmobiliario\\\/\"},\"wordCount\":590,\"commentCount\":0,\"publisher\":{\"@id\":\"https:\\\/\\\/centrourbano.com\\\/revista\\\/#organization\"},\"image\":{\"@id\":\"https:\\\/\\\/centrourbano.com\\\/revista\\\/opinion\\\/candidatos-frente-al-sector-inmobiliario\\\/#primaryimage\"},\"thumbnailUrl\":\"https:\\\/\\\/centrourbano.com\\\/revista\\\/wp-content\\\/uploads\\\/Horacio-1.jpg\",\"keywords\":[\"inmobiliario\",\"Miguel \u00c1ngel Mancera\",\"Premio Pritzker\",\"The Real Estate Show\"],\"articleSection\":[\"Desde la Casa\",\"Elecciones 2018\",\"Opini\u00f3n\"],\"inLanguage\":\"es\"},{\"@type\":\"WebPage\",\"@id\":\"https:\\\/\\\/centrourbano.com\\\/revista\\\/opinion\\\/candidatos-frente-al-sector-inmobiliario\\\/\",\"url\":\"https:\\\/\\\/centrourbano.com\\\/revista\\\/opinion\\\/candidatos-frente-al-sector-inmobiliario\\\/\",\"name\":\"Candidatos frente al sector inmobiliario\",\"isPartOf\":{\"@id\":\"https:\\\/\\\/centrourbano.com\\\/revista\\\/#website\"},\"primaryImageOfPage\":{\"@id\":\"https:\\\/\\\/centrourbano.com\\\/revista\\\/opinion\\\/candidatos-frente-al-sector-inmobiliario\\\/#primaryimage\"},\"image\":{\"@id\":\"https:\\\/\\\/centrourbano.com\\\/revista\\\/opinion\\\/candidatos-frente-al-sector-inmobiliario\\\/#primaryimage\"},\"thumbnailUrl\":\"https:\\\/\\\/centrourbano.com\\\/revista\\\/wp-content\\\/uploads\\\/Horacio-1.jpg\",\"datePublished\":\"2018-03-05T15:52:12+00:00\",\"dateModified\":\"2018-05-23T22:48:30+00:00\",\"description\":\"Esta semana se lleva a cabo el que es por mucho el evento m\u00e1s importante del a\u00f1o en la industria inmobiliaria de Am\u00e9rica Latina.\",\"breadcrumb\":{\"@id\":\"https:\\\/\\\/centrourbano.com\\\/revista\\\/opinion\\\/candidatos-frente-al-sector-inmobiliario\\\/#breadcrumb\"},\"inLanguage\":\"es\",\"potentialAction\":[{\"@type\":\"ReadAction\",\"target\":[\"https:\\\/\\\/centrourbano.com\\\/revista\\\/opinion\\\/candidatos-frente-al-sector-inmobiliario\\\/\"]}]},{\"@type\":\"ImageObject\",\"inLanguage\":\"es\",\"@id\":\"https:\\\/\\\/centrourbano.com\\\/revista\\\/opinion\\\/candidatos-frente-al-sector-inmobiliario\\\/#primaryimage\",\"url\":\"https:\\\/\\\/centrourbano.com\\\/revista\\\/wp-content\\\/uploads\\\/Horacio-1.jpg\",\"contentUrl\":\"https:\\\/\\\/centrourbano.com\\\/revista\\\/wp-content\\\/uploads\\\/Horacio-1.jpg\",\"width\":471,\"height\":325,\"caption\":\"Eruviel \u00c1vila no fue un gobernador particularmente interesado en cosas que tuvieran que ver con vivienda y desarrollo urbano.\"},{\"@type\":\"BreadcrumbList\",\"@id\":\"https:\\\/\\\/centrourbano.com\\\/revista\\\/opinion\\\/candidatos-frente-al-sector-inmobiliario\\\/#breadcrumb\",\"itemListElement\":[{\"@type\":\"ListItem\",\"position\":1,\"name\":\"Portada\",\"item\":\"https:\\\/\\\/centrourbano.com\\\/revista\\\/\"},{\"@type\":\"ListItem\",\"position\":2,\"name\":\"Candidatos frente al sector inmobiliario\"}]},{\"@type\":\"WebSite\",\"@id\":\"https:\\\/\\\/centrourbano.com\\\/revista\\\/#website\",\"url\":\"https:\\\/\\\/centrourbano.com\\\/revista\\\/\",\"name\":\"Centro Urbano\",\"description\":\"Medio especializado en los sectores vivienda, inmobiliario, construcci\u00f3n, arquitectura y urbanismo.\",\"publisher\":{\"@id\":\"https:\\\/\\\/centrourbano.com\\\/revista\\\/#organization\"},\"potentialAction\":[{\"@type\":\"SearchAction\",\"target\":{\"@type\":\"EntryPoint\",\"urlTemplate\":\"https:\\\/\\\/centrourbano.com\\\/revista\\\/?s={search_term_string}\"},\"query-input\":{\"@type\":\"PropertyValueSpecification\",\"valueRequired\":true,\"valueName\":\"search_term_string\"}}],\"inLanguage\":\"es\"},{\"@type\":\"Organization\",\"@id\":\"https:\\\/\\\/centrourbano.com\\\/revista\\\/#organization\",\"name\":\"Centro Urbano\",\"url\":\"https:\\\/\\\/centrourbano.com\\\/revista\\\/\",\"logo\":{\"@type\":\"ImageObject\",\"inLanguage\":\"es\",\"@id\":\"https:\\\/\\\/centrourbano.com\\\/revista\\\/#\\\/schema\\\/logo\\\/image\\\/\",\"url\":\"https:\\\/\\\/centrourbano.com\\\/revista\\\/wp-content\\\/uploads\\\/web_CU_logo-1.png\",\"contentUrl\":\"https:\\\/\\\/centrourbano.com\\\/revista\\\/wp-content\\\/uploads\\\/web_CU_logo-1.png\",\"width\":350,\"height\":91,\"caption\":\"Centro Urbano\"},\"image\":{\"@id\":\"https:\\\/\\\/centrourbano.com\\\/revista\\\/#\\\/schema\\\/logo\\\/image\\\/\"},\"sameAs\":[\"https:\\\/\\\/www.facebook.com\\\/portalcentrourbano\",\"https:\\\/\\\/x.com\\\/CentroUrbano\",\"https:\\\/\\\/www.instagram.com\\\/centro_urbano\\\/\",\"https:\\\/\\\/www.linkedin.com\\\/company\\\/centro-urbano\\\/\",\"http:\\\/\\\/www.youtube.com\\\/user\\\/portalcentrourbano\"]},{\"@type\":\"Person\",\"@id\":\"https:\\\/\\\/centrourbano.com\\\/revista\\\/#\\\/schema\\\/person\\\/370fa0ba2d8dd5bde3fdb8b62ad360aa\",\"name\":\"G4A\",\"image\":{\"@type\":\"ImageObject\",\"inLanguage\":\"es\",\"@id\":\"https:\\\/\\\/secure.gravatar.com\\\/avatar\\\/932a97121b13d5de5bbd8193c6c83d3b92c9eda0f39623607d4280e7a5778d97?s=96&d=mm&r=g\",\"url\":\"https:\\\/\\\/secure.gravatar.com\\\/avatar\\\/932a97121b13d5de5bbd8193c6c83d3b92c9eda0f39623607d4280e7a5778d97?s=96&d=mm&r=g\",\"contentUrl\":\"https:\\\/\\\/secure.gravatar.com\\\/avatar\\\/932a97121b13d5de5bbd8193c6c83d3b92c9eda0f39623607d4280e7a5778d97?s=96&d=mm&r=g\",\"caption\":\"G4A\"},\"url\":\"https:\\\/\\\/centrourbano.com\\\/revista\\\/author\\\/admin-g4a\\\/\"}]}<\/script>\n<!-- \/ Yoast SEO plugin. -->","yoast_head_json":{"title":"Candidatos frente al sector inmobiliario","description":"Esta semana se lleva a cabo el que es por mucho el evento m\u00e1s importante del a\u00f1o en la industria inmobiliaria de Am\u00e9rica Latina.","robots":{"index":"index","follow":"follow","max-snippet":"max-snippet:-1","max-image-preview":"max-image-preview:large","max-video-preview":"max-video-preview:-1"},"canonical":"https:\/\/centrourbano.com\/revista\/opinion\/candidatos-frente-al-sector-inmobiliario\/","og_locale":"es_ES","og_type":"article","og_title":"Candidatos frente al sector inmobiliario","og_description":"Esta semana se lleva a cabo el que es por mucho el evento m\u00e1s importante del a\u00f1o en la industria inmobiliaria de Am\u00e9rica Latina.","og_url":"https:\/\/centrourbano.com\/revista\/opinion\/candidatos-frente-al-sector-inmobiliario\/","og_site_name":"Centro Urbano","article_publisher":"https:\/\/www.facebook.com\/portalcentrourbano","article_published_time":"2018-03-05T15:52:12+00:00","article_modified_time":"2018-05-23T22:48:30+00:00","og_image":[{"width":471,"height":325,"url":"https:\/\/centrourbano.com\/revista\/wp-content\/uploads\/Horacio-1.jpg","type":"image\/jpeg"}],"author":"G4A","twitter_card":"summary_large_image","twitter_creator":"@CentroUrbano","twitter_site":"@CentroUrbano","twitter_misc":{"Escrito por":"G4A","Tiempo de lectura":"3 minutos"},"schema":{"@context":"https:\/\/schema.org","@graph":[{"@type":"Article","@id":"https:\/\/centrourbano.com\/revista\/opinion\/candidatos-frente-al-sector-inmobiliario\/#article","isPartOf":{"@id":"https:\/\/centrourbano.com\/revista\/opinion\/candidatos-frente-al-sector-inmobiliario\/"},"author":{"name":"G4A","@id":"https:\/\/centrourbano.com\/revista\/#\/schema\/person\/370fa0ba2d8dd5bde3fdb8b62ad360aa"},"headline":"Candidatos frente al sector inmobiliario","datePublished":"2018-03-05T15:52:12+00:00","dateModified":"2018-05-23T22:48:30+00:00","mainEntityOfPage":{"@id":"https:\/\/centrourbano.com\/revista\/opinion\/candidatos-frente-al-sector-inmobiliario\/"},"wordCount":590,"commentCount":0,"publisher":{"@id":"https:\/\/centrourbano.com\/revista\/#organization"},"image":{"@id":"https:\/\/centrourbano.com\/revista\/opinion\/candidatos-frente-al-sector-inmobiliario\/#primaryimage"},"thumbnailUrl":"https:\/\/centrourbano.com\/revista\/wp-content\/uploads\/Horacio-1.jpg","keywords":["inmobiliario","Miguel \u00c1ngel Mancera","Premio Pritzker","The Real Estate Show"],"articleSection":["Desde la Casa","Elecciones 2018","Opini\u00f3n"],"inLanguage":"es"},{"@type":"WebPage","@id":"https:\/\/centrourbano.com\/revista\/opinion\/candidatos-frente-al-sector-inmobiliario\/","url":"https:\/\/centrourbano.com\/revista\/opinion\/candidatos-frente-al-sector-inmobiliario\/","name":"Candidatos frente al sector inmobiliario","isPartOf":{"@id":"https:\/\/centrourbano.com\/revista\/#website"},"primaryImageOfPage":{"@id":"https:\/\/centrourbano.com\/revista\/opinion\/candidatos-frente-al-sector-inmobiliario\/#primaryimage"},"image":{"@id":"https:\/\/centrourbano.com\/revista\/opinion\/candidatos-frente-al-sector-inmobiliario\/#primaryimage"},"thumbnailUrl":"https:\/\/centrourbano.com\/revista\/wp-content\/uploads\/Horacio-1.jpg","datePublished":"2018-03-05T15:52:12+00:00","dateModified":"2018-05-23T22:48:30+00:00","description":"Esta semana se lleva a cabo el que es por mucho el evento m\u00e1s importante del a\u00f1o en la industria inmobiliaria de Am\u00e9rica Latina.","breadcrumb":{"@id":"https:\/\/centrourbano.com\/revista\/opinion\/candidatos-frente-al-sector-inmobiliario\/#breadcrumb"},"inLanguage":"es","potentialAction":[{"@type":"ReadAction","target":["https:\/\/centrourbano.com\/revista\/opinion\/candidatos-frente-al-sector-inmobiliario\/"]}]},{"@type":"ImageObject","inLanguage":"es","@id":"https:\/\/centrourbano.com\/revista\/opinion\/candidatos-frente-al-sector-inmobiliario\/#primaryimage","url":"https:\/\/centrourbano.com\/revista\/wp-content\/uploads\/Horacio-1.jpg","contentUrl":"https:\/\/centrourbano.com\/revista\/wp-content\/uploads\/Horacio-1.jpg","width":471,"height":325,"caption":"Eruviel \u00c1vila no fue un gobernador particularmente interesado en cosas que tuvieran que ver con vivienda y desarrollo urbano."},{"@type":"BreadcrumbList","@id":"https:\/\/centrourbano.com\/revista\/opinion\/candidatos-frente-al-sector-inmobiliario\/#breadcrumb","itemListElement":[{"@type":"ListItem","position":1,"name":"Portada","item":"https:\/\/centrourbano.com\/revista\/"},{"@type":"ListItem","position":2,"name":"Candidatos frente al sector inmobiliario"}]},{"@type":"WebSite","@id":"https:\/\/centrourbano.com\/revista\/#website","url":"https:\/\/centrourbano.com\/revista\/","name":"Centro Urbano","description":"Medio especializado en los sectores vivienda, inmobiliario, construcci\u00f3n, arquitectura y urbanismo.","publisher":{"@id":"https:\/\/centrourbano.com\/revista\/#organization"},"potentialAction":[{"@type":"SearchAction","target":{"@type":"EntryPoint","urlTemplate":"https:\/\/centrourbano.com\/revista\/?s={search_term_string}"},"query-input":{"@type":"PropertyValueSpecification","valueRequired":true,"valueName":"search_term_string"}}],"inLanguage":"es"},{"@type":"Organization","@id":"https:\/\/centrourbano.com\/revista\/#organization","name":"Centro Urbano","url":"https:\/\/centrourbano.com\/revista\/","logo":{"@type":"ImageObject","inLanguage":"es","@id":"https:\/\/centrourbano.com\/revista\/#\/schema\/logo\/image\/","url":"https:\/\/centrourbano.com\/revista\/wp-content\/uploads\/web_CU_logo-1.png","contentUrl":"https:\/\/centrourbano.com\/revista\/wp-content\/uploads\/web_CU_logo-1.png","width":350,"height":91,"caption":"Centro Urbano"},"image":{"@id":"https:\/\/centrourbano.com\/revista\/#\/schema\/logo\/image\/"},"sameAs":["https:\/\/www.facebook.com\/portalcentrourbano","https:\/\/x.com\/CentroUrbano","https:\/\/www.instagram.com\/centro_urbano\/","https:\/\/www.linkedin.com\/company\/centro-urbano\/","http:\/\/www.youtube.com\/user\/portalcentrourbano"]},{"@type":"Person","@id":"https:\/\/centrourbano.com\/revista\/#\/schema\/person\/370fa0ba2d8dd5bde3fdb8b62ad360aa","name":"G4A","image":{"@type":"ImageObject","inLanguage":"es","@id":"https:\/\/secure.gravatar.com\/avatar\/932a97121b13d5de5bbd8193c6c83d3b92c9eda0f39623607d4280e7a5778d97?s=96&d=mm&r=g","url":"https:\/\/secure.gravatar.com\/avatar\/932a97121b13d5de5bbd8193c6c83d3b92c9eda0f39623607d4280e7a5778d97?s=96&d=mm&r=g","contentUrl":"https:\/\/secure.gravatar.com\/avatar\/932a97121b13d5de5bbd8193c6c83d3b92c9eda0f39623607d4280e7a5778d97?s=96&d=mm&r=g","caption":"G4A"},"url":"https:\/\/centrourbano.com\/revista\/author\/admin-g4a\/"}]}},"_links":{"self":[{"href":"https:\/\/centrourbano.com\/revista\/wp-json\/wp\/v2\/posts\/68041","targetHints":{"allow":["GET"]}}],"collection":[{"href":"https:\/\/centrourbano.com\/revista\/wp-json\/wp\/v2\/posts"}],"about":[{"href":"https:\/\/centrourbano.com\/revista\/wp-json\/wp\/v2\/types\/post"}],"author":[{"embeddable":true,"href":"https:\/\/centrourbano.com\/revista\/wp-json\/wp\/v2\/users\/77"}],"replies":[{"embeddable":true,"href":"https:\/\/centrourbano.com\/revista\/wp-json\/wp\/v2\/comments?post=68041"}],"version-history":[{"count":1,"href":"https:\/\/centrourbano.com\/revista\/wp-json\/wp\/v2\/posts\/68041\/revisions"}],"predecessor-version":[{"id":68042,"href":"https:\/\/centrourbano.com\/revista\/wp-json\/wp\/v2\/posts\/68041\/revisions\/68042"}],"wp:featuredmedia":[{"embeddable":true,"href":"https:\/\/centrourbano.com\/revista\/wp-json\/wp\/v2\/media\/66099"}],"wp:attachment":[{"href":"https:\/\/centrourbano.com\/revista\/wp-json\/wp\/v2\/media?parent=68041"}],"wp:term":[{"taxonomy":"category","embeddable":true,"href":"https:\/\/centrourbano.com\/revista\/wp-json\/wp\/v2\/categories?post=68041"},{"taxonomy":"post_tag","embeddable":true,"href":"https:\/\/centrourbano.com\/revista\/wp-json\/wp\/v2\/tags?post=68041"}],"curies":[{"name":"wp","href":"https:\/\/api.w.org\/{rel}","templated":true}]}}