{"id":68038,"date":"2018-03-05T06:15:13","date_gmt":"2018-03-05T12:15:13","guid":{"rendered":"https:\/\/centrourbano.com\/?p=68038"},"modified":"2018-03-05T09:42:15","modified_gmt":"2018-03-05T15:42:15","slug":"gcdmx-ha-derramado-300-mdp-atencion-damnificados","status":"publish","type":"post","link":"https:\/\/centrourbano.com\/revista\/vivienda\/gcdmx-ha-derramado-300-mdp-atencion-damnificados\/","title":{"rendered":"GCDMX ha derramado 300 mdp en atenci\u00f3n a damnificados"},"content":{"rendered":"<p><em>Hasta el momento, el gobierno capitalino ha concretado 2,285 acciones para apoyar a afectados por el sismo <\/em><!--more--><\/p>\n<p>El gobierno de la Ciudad de M\u00e9xico ha dispersado 300 millones de pesos para apoyar a familias afectadas por el sismo del pasado 19 de septiembre, recursos con los que la administraci\u00f3n central ha beneficiado a 2,285 familias. <\/p>\n<p>As\u00ed lo dio a conocer el jefe de Gobierno capitalino, Miguel \u00c1ngel Mancera Espinosa, quien entreg\u00f3 190 apoyos a damnificados por el sismo, acci\u00f3n concretada a trav\u00e9s del Instituto de vivienda de la Ciudad de M\u00e9xico (Invi). <\/p>\n<p>De las 190 acciones concretadas, explic\u00f3 el mandatario capitalino, 75 fueron para propietarios de lotes unifamiliares y 115 para departamentos en edificios, lo que representa una inversi\u00f3n de 26 millones de pesos.<\/p>\n<p>Mancera Espinosa expuso que los cr\u00e9ditos otorgados beneficiar\u00e1n a alrededor de 700 personas de las delegaciones Benito Ju\u00e1rez, Coyoac\u00e1n, Cuauht\u00e9moc, Miguel Hidalgo, Tlalpan, Iztapalapa, Milpa Alta, Tl\u00e1huac y Xochimilco. Enfatiz\u00f3 que los financiamientos son de f\u00e1cil acceso, con condiciones preferenciales para apoyar, principalmente, a adultos mayores, jefas de familia, personas con alguna discapacidad o j\u00f3venes.<\/p>\n","protected":false},"excerpt":{"rendered":"<p>Hasta el momento, el gobierno capitalino ha concretado 2,285 acciones para apoyar a afectados por el sismo<\/p>\n","protected":false},"author":47,"featured_media":68039,"comment_status":"open","ping_status":"closed","sticky":false,"template":"","format":"standard","meta":{"om_disable_all_campaigns":false,"inline_featured_image":false,"_monsterinsights_skip_tracking":false,"_monsterinsights_sitenote_active":false,"_monsterinsights_sitenote_note":"","_monsterinsights_sitenote_category":0,"footnotes":""},"categories":[12],"tags":[1828,605,11947,60],"class_list":["post-68038","post","type-post","status-publish","format-standard","has-post-thumbnail","hentry","category-vivienda","tag-gobierno-de-la-ciudad-de-mexico","tag-miguel-angel-mancera-espinosa","tag-sismo-19s","tag-vivienda-2"],"yoast_head":"<!-- This site is optimized with the Yoast SEO plugin v27.4 - https:\/\/yoast.com\/product\/yoast-seo-wordpress\/ -->\n<title>GCDMX ha derramado 300 mdp en atenci\u00f3n a damnificados<\/title>\n<meta name=\"description\" content=\"El gobierno de la Ciudad de M\u00e9xico ha dispersado 300 millones de pesos para apoyar a familias afectadas por el sismo del pasado 19 de septiembre, recursos con los que la administraci\u00f3n central ha beneficiado a 2,285 familias.\" \/>\n<meta name=\"robots\" content=\"index, follow, max-snippet:-1, max-image-preview:large, max-video-preview:-1\" \/>\n<link rel=\"canonical\" href=\"https:\/\/centrourbano.com\/revista\/vivienda\/gcdmx-ha-derramado-300-mdp-atencion-damnificados\/\" \/>\n<meta property=\"og:locale\" content=\"es_ES\" \/>\n<meta property=\"og:type\" content=\"article\" \/>\n<meta property=\"og:title\" content=\"GCDMX ha derramado 300 mdp en atenci\u00f3n a damnificados\" \/>\n<meta property=\"og:description\" content=\"El gobierno de la Ciudad de M\u00e9xico ha dispersado 300 millones de pesos para apoyar a familias afectadas por el sismo del pasado 19 de septiembre, recursos con los que la administraci\u00f3n central ha beneficiado a 2,285 familias.\" \/>\n<meta property=\"og:url\" content=\"https:\/\/centrourbano.com\/revista\/vivienda\/gcdmx-ha-derramado-300-mdp-atencion-damnificados\/\" \/>\n<meta property=\"og:site_name\" content=\"Centro Urbano\" \/>\n<meta property=\"article:publisher\" content=\"https:\/\/www.facebook.com\/portalcentrourbano\" \/>\n<meta property=\"article:published_time\" content=\"2018-03-05T12:15:13+00:00\" \/>\n<meta property=\"article:modified_time\" content=\"2018-03-05T15:42:15+00:00\" \/>\n<meta property=\"og:image\" content=\"https:\/\/centrourbano.com\/revista\/wp-content\/uploads\/Mancera_accionessismo_05_03_2018.jpeg\" \/>\n\t<meta property=\"og:image:width\" content=\"800\" \/>\n\t<meta property=\"og:image:height\" content=\"533\" \/>\n\t<meta property=\"og:image:type\" content=\"image\/jpeg\" \/>\n<meta name=\"author\" content=\"Edgar Rosas\" \/>\n<meta name=\"twitter:card\" content=\"summary_large_image\" \/>\n<meta name=\"twitter:creator\" content=\"@https:\/\/twitter.com\/ERosasCU?s=09\" \/>\n<meta name=\"twitter:site\" content=\"@CentroUrbano\" \/>\n<meta name=\"twitter:label1\" content=\"Escrito por\" \/>\n\t<meta name=\"twitter:data1\" content=\"Edgar Rosas\" \/>\n\t<meta name=\"twitter:label2\" content=\"Tiempo de lectura\" \/>\n\t<meta name=\"twitter:data2\" content=\"1 minuto\" \/>\n<script type=\"application\/ld+json\" class=\"yoast-schema-graph\">{\"@context\":\"https:\\\/\\\/schema.org\",\"@graph\":[{\"@type\":\"Article\",\"@id\":\"https:\\\/\\\/centrourbano.com\\\/revista\\\/vivienda\\\/gcdmx-ha-derramado-300-mdp-atencion-damnificados\\\/#article\",\"isPartOf\":{\"@id\":\"https:\\\/\\\/centrourbano.com\\\/revista\\\/vivienda\\\/gcdmx-ha-derramado-300-mdp-atencion-damnificados\\\/\"},\"author\":{\"name\":\"Edgar Rosas\",\"@id\":\"https:\\\/\\\/centrourbano.com\\\/revista\\\/#\\\/schema\\\/person\\\/ff3c00651ce5b1630479d2cd0c2e3ac0\"},\"headline\":\"GCDMX ha derramado 300 mdp en atenci\u00f3n a damnificados\",\"datePublished\":\"2018-03-05T12:15:13+00:00\",\"dateModified\":\"2018-03-05T15:42:15+00:00\",\"mainEntityOfPage\":{\"@id\":\"https:\\\/\\\/centrourbano.com\\\/revista\\\/vivienda\\\/gcdmx-ha-derramado-300-mdp-atencion-damnificados\\\/\"},\"wordCount\":192,\"commentCount\":0,\"publisher\":{\"@id\":\"https:\\\/\\\/centrourbano.com\\\/revista\\\/#organization\"},\"image\":{\"@id\":\"https:\\\/\\\/centrourbano.com\\\/revista\\\/vivienda\\\/gcdmx-ha-derramado-300-mdp-atencion-damnificados\\\/#primaryimage\"},\"thumbnailUrl\":\"https:\\\/\\\/centrourbano.com\\\/revista\\\/wp-content\\\/uploads\\\/Mancera_accionessismo_05_03_2018.jpeg\",\"keywords\":[\"Gobierno de la ciudad de M\u00e9xico\",\"Miguel \u00c1ngel Mancera Espinosa\",\"sismo 19s\",\"vivienda\"],\"articleSection\":[\"Vivienda\"],\"inLanguage\":\"es\",\"potentialAction\":[{\"@type\":\"CommentAction\",\"name\":\"Comment\",\"target\":[\"https:\\\/\\\/centrourbano.com\\\/revista\\\/vivienda\\\/gcdmx-ha-derramado-300-mdp-atencion-damnificados\\\/#respond\"]}]},{\"@type\":\"WebPage\",\"@id\":\"https:\\\/\\\/centrourbano.com\\\/revista\\\/vivienda\\\/gcdmx-ha-derramado-300-mdp-atencion-damnificados\\\/\",\"url\":\"https:\\\/\\\/centrourbano.com\\\/revista\\\/vivienda\\\/gcdmx-ha-derramado-300-mdp-atencion-damnificados\\\/\",\"name\":\"GCDMX ha derramado 300 mdp en atenci\u00f3n a damnificados\",\"isPartOf\":{\"@id\":\"https:\\\/\\\/centrourbano.com\\\/revista\\\/#website\"},\"primaryImageOfPage\":{\"@id\":\"https:\\\/\\\/centrourbano.com\\\/revista\\\/vivienda\\\/gcdmx-ha-derramado-300-mdp-atencion-damnificados\\\/#primaryimage\"},\"image\":{\"@id\":\"https:\\\/\\\/centrourbano.com\\\/revista\\\/vivienda\\\/gcdmx-ha-derramado-300-mdp-atencion-damnificados\\\/#primaryimage\"},\"thumbnailUrl\":\"https:\\\/\\\/centrourbano.com\\\/revista\\\/wp-content\\\/uploads\\\/Mancera_accionessismo_05_03_2018.jpeg\",\"datePublished\":\"2018-03-05T12:15:13+00:00\",\"dateModified\":\"2018-03-05T15:42:15+00:00\",\"description\":\"El gobierno de la Ciudad de M\u00e9xico ha dispersado 300 millones de pesos para apoyar a familias afectadas por el sismo del pasado 19 de septiembre, recursos con los que la administraci\u00f3n central ha beneficiado a 2,285 familias.\",\"breadcrumb\":{\"@id\":\"https:\\\/\\\/centrourbano.com\\\/revista\\\/vivienda\\\/gcdmx-ha-derramado-300-mdp-atencion-damnificados\\\/#breadcrumb\"},\"inLanguage\":\"es\",\"potentialAction\":[{\"@type\":\"ReadAction\",\"target\":[\"https:\\\/\\\/centrourbano.com\\\/revista\\\/vivienda\\\/gcdmx-ha-derramado-300-mdp-atencion-damnificados\\\/\"]}]},{\"@type\":\"ImageObject\",\"inLanguage\":\"es\",\"@id\":\"https:\\\/\\\/centrourbano.com\\\/revista\\\/vivienda\\\/gcdmx-ha-derramado-300-mdp-atencion-damnificados\\\/#primaryimage\",\"url\":\"https:\\\/\\\/centrourbano.com\\\/revista\\\/wp-content\\\/uploads\\\/Mancera_accionessismo_05_03_2018.jpeg\",\"contentUrl\":\"https:\\\/\\\/centrourbano.com\\\/revista\\\/wp-content\\\/uploads\\\/Mancera_accionessismo_05_03_2018.jpeg\",\"width\":800,\"height\":533,\"caption\":\"Hasta el momento el gobierno capitalino ha concretado 2,285 acciones para apoyar a afacetados por el sismo\"},{\"@type\":\"BreadcrumbList\",\"@id\":\"https:\\\/\\\/centrourbano.com\\\/revista\\\/vivienda\\\/gcdmx-ha-derramado-300-mdp-atencion-damnificados\\\/#breadcrumb\",\"itemListElement\":[{\"@type\":\"ListItem\",\"position\":1,\"name\":\"Portada\",\"item\":\"https:\\\/\\\/centrourbano.com\\\/revista\\\/\"},{\"@type\":\"ListItem\",\"position\":2,\"name\":\"GCDMX ha derramado 300 mdp en atenci\u00f3n a damnificados\"}]},{\"@type\":\"WebSite\",\"@id\":\"https:\\\/\\\/centrourbano.com\\\/revista\\\/#website\",\"url\":\"https:\\\/\\\/centrourbano.com\\\/revista\\\/\",\"name\":\"Centro Urbano\",\"description\":\"Medio especializado en los sectores vivienda, inmobiliario, construcci\u00f3n, arquitectura y urbanismo.\",\"publisher\":{\"@id\":\"https:\\\/\\\/centrourbano.com\\\/revista\\\/#organization\"},\"potentialAction\":[{\"@type\":\"SearchAction\",\"target\":{\"@type\":\"EntryPoint\",\"urlTemplate\":\"https:\\\/\\\/centrourbano.com\\\/revista\\\/?s={search_term_string}\"},\"query-input\":{\"@type\":\"PropertyValueSpecification\",\"valueRequired\":true,\"valueName\":\"search_term_string\"}}],\"inLanguage\":\"es\"},{\"@type\":\"Organization\",\"@id\":\"https:\\\/\\\/centrourbano.com\\\/revista\\\/#organization\",\"name\":\"Centro Urbano\",\"url\":\"https:\\\/\\\/centrourbano.com\\\/revista\\\/\",\"logo\":{\"@type\":\"ImageObject\",\"inLanguage\":\"es\",\"@id\":\"https:\\\/\\\/centrourbano.com\\\/revista\\\/#\\\/schema\\\/logo\\\/image\\\/\",\"url\":\"https:\\\/\\\/centrourbano.com\\\/revista\\\/wp-content\\\/uploads\\\/web_CU_logo-1.png\",\"contentUrl\":\"https:\\\/\\\/centrourbano.com\\\/revista\\\/wp-content\\\/uploads\\\/web_CU_logo-1.png\",\"width\":350,\"height\":91,\"caption\":\"Centro Urbano\"},\"image\":{\"@id\":\"https:\\\/\\\/centrourbano.com\\\/revista\\\/#\\\/schema\\\/logo\\\/image\\\/\"},\"sameAs\":[\"https:\\\/\\\/www.facebook.com\\\/portalcentrourbano\",\"https:\\\/\\\/x.com\\\/CentroUrbano\",\"https:\\\/\\\/www.instagram.com\\\/centro_urbano\\\/\",\"https:\\\/\\\/www.linkedin.com\\\/company\\\/centro-urbano\\\/\",\"http:\\\/\\\/www.youtube.com\\\/user\\\/portalcentrourbano\"]},{\"@type\":\"Person\",\"@id\":\"https:\\\/\\\/centrourbano.com\\\/revista\\\/#\\\/schema\\\/person\\\/ff3c00651ce5b1630479d2cd0c2e3ac0\",\"name\":\"Edgar Rosas\",\"image\":{\"@type\":\"ImageObject\",\"inLanguage\":\"es\",\"@id\":\"https:\\\/\\\/secure.gravatar.com\\\/avatar\\\/94440c4283495211faa5300bf85e80061036b83fced868c3783aa1310b350d9c?s=96&d=mm&r=g\",\"url\":\"https:\\\/\\\/secure.gravatar.com\\\/avatar\\\/94440c4283495211faa5300bf85e80061036b83fced868c3783aa1310b350d9c?s=96&d=mm&r=g\",\"contentUrl\":\"https:\\\/\\\/secure.gravatar.com\\\/avatar\\\/94440c4283495211faa5300bf85e80061036b83fced868c3783aa1310b350d9c?s=96&d=mm&r=g\",\"caption\":\"Edgar Rosas\"},\"description\":\"Editor en Jefe de Centro Urbano. Egresado de la maestr\u00eda en Periodismo Pol\u00edtico de la Escuela de Periodismo Carlos Septi\u00e9n Garc\u00eda (EPCSG). Estudi\u00f3 la licenciatura en Comunicaci\u00f3n en la Universidad Mexicana. Amante de la cr\u00f3nica y el reportaje. Admirador de Vicente Le\u00f1ero y Miguel \u00c1ngel Granados Chapa.\",\"sameAs\":[\"https:\\\/\\\/x.com\\\/https:\\\/\\\/twitter.com\\\/ERosasCU?s=09\"],\"url\":\"https:\\\/\\\/centrourbano.com\\\/revista\\\/author\\\/edgar-rosas\\\/\"}]}<\/script>\n<!-- \/ Yoast SEO plugin. -->","yoast_head_json":{"title":"GCDMX ha derramado 300 mdp en atenci\u00f3n a damnificados","description":"El gobierno de la Ciudad de M\u00e9xico ha dispersado 300 millones de pesos para apoyar a familias afectadas por el sismo del pasado 19 de septiembre, recursos con los que la administraci\u00f3n central ha beneficiado a 2,285 familias.","robots":{"index":"index","follow":"follow","max-snippet":"max-snippet:-1","max-image-preview":"max-image-preview:large","max-video-preview":"max-video-preview:-1"},"canonical":"https:\/\/centrourbano.com\/revista\/vivienda\/gcdmx-ha-derramado-300-mdp-atencion-damnificados\/","og_locale":"es_ES","og_type":"article","og_title":"GCDMX ha derramado 300 mdp en atenci\u00f3n a damnificados","og_description":"El gobierno de la Ciudad de M\u00e9xico ha dispersado 300 millones de pesos para apoyar a familias afectadas por el sismo del pasado 19 de septiembre, recursos con los que la administraci\u00f3n central ha beneficiado a 2,285 familias.","og_url":"https:\/\/centrourbano.com\/revista\/vivienda\/gcdmx-ha-derramado-300-mdp-atencion-damnificados\/","og_site_name":"Centro Urbano","article_publisher":"https:\/\/www.facebook.com\/portalcentrourbano","article_published_time":"2018-03-05T12:15:13+00:00","article_modified_time":"2018-03-05T15:42:15+00:00","og_image":[{"width":800,"height":533,"url":"https:\/\/centrourbano.com\/revista\/wp-content\/uploads\/Mancera_accionessismo_05_03_2018.jpeg","type":"image\/jpeg"}],"author":"Edgar Rosas","twitter_card":"summary_large_image","twitter_creator":"@https:\/\/twitter.com\/ERosasCU?s=09","twitter_site":"@CentroUrbano","twitter_misc":{"Escrito por":"Edgar Rosas","Tiempo de lectura":"1 minuto"},"schema":{"@context":"https:\/\/schema.org","@graph":[{"@type":"Article","@id":"https:\/\/centrourbano.com\/revista\/vivienda\/gcdmx-ha-derramado-300-mdp-atencion-damnificados\/#article","isPartOf":{"@id":"https:\/\/centrourbano.com\/revista\/vivienda\/gcdmx-ha-derramado-300-mdp-atencion-damnificados\/"},"author":{"name":"Edgar Rosas","@id":"https:\/\/centrourbano.com\/revista\/#\/schema\/person\/ff3c00651ce5b1630479d2cd0c2e3ac0"},"headline":"GCDMX ha derramado 300 mdp en atenci\u00f3n a damnificados","datePublished":"2018-03-05T12:15:13+00:00","dateModified":"2018-03-05T15:42:15+00:00","mainEntityOfPage":{"@id":"https:\/\/centrourbano.com\/revista\/vivienda\/gcdmx-ha-derramado-300-mdp-atencion-damnificados\/"},"wordCount":192,"commentCount":0,"publisher":{"@id":"https:\/\/centrourbano.com\/revista\/#organization"},"image":{"@id":"https:\/\/centrourbano.com\/revista\/vivienda\/gcdmx-ha-derramado-300-mdp-atencion-damnificados\/#primaryimage"},"thumbnailUrl":"https:\/\/centrourbano.com\/revista\/wp-content\/uploads\/Mancera_accionessismo_05_03_2018.jpeg","keywords":["Gobierno de la ciudad de M\u00e9xico","Miguel \u00c1ngel Mancera Espinosa","sismo 19s","vivienda"],"articleSection":["Vivienda"],"inLanguage":"es","potentialAction":[{"@type":"CommentAction","name":"Comment","target":["https:\/\/centrourbano.com\/revista\/vivienda\/gcdmx-ha-derramado-300-mdp-atencion-damnificados\/#respond"]}]},{"@type":"WebPage","@id":"https:\/\/centrourbano.com\/revista\/vivienda\/gcdmx-ha-derramado-300-mdp-atencion-damnificados\/","url":"https:\/\/centrourbano.com\/revista\/vivienda\/gcdmx-ha-derramado-300-mdp-atencion-damnificados\/","name":"GCDMX ha derramado 300 mdp en atenci\u00f3n a damnificados","isPartOf":{"@id":"https:\/\/centrourbano.com\/revista\/#website"},"primaryImageOfPage":{"@id":"https:\/\/centrourbano.com\/revista\/vivienda\/gcdmx-ha-derramado-300-mdp-atencion-damnificados\/#primaryimage"},"image":{"@id":"https:\/\/centrourbano.com\/revista\/vivienda\/gcdmx-ha-derramado-300-mdp-atencion-damnificados\/#primaryimage"},"thumbnailUrl":"https:\/\/centrourbano.com\/revista\/wp-content\/uploads\/Mancera_accionessismo_05_03_2018.jpeg","datePublished":"2018-03-05T12:15:13+00:00","dateModified":"2018-03-05T15:42:15+00:00","description":"El gobierno de la Ciudad de M\u00e9xico ha dispersado 300 millones de pesos para apoyar a familias afectadas por el sismo del pasado 19 de septiembre, recursos con los que la administraci\u00f3n central ha beneficiado a 2,285 familias.","breadcrumb":{"@id":"https:\/\/centrourbano.com\/revista\/vivienda\/gcdmx-ha-derramado-300-mdp-atencion-damnificados\/#breadcrumb"},"inLanguage":"es","potentialAction":[{"@type":"ReadAction","target":["https:\/\/centrourbano.com\/revista\/vivienda\/gcdmx-ha-derramado-300-mdp-atencion-damnificados\/"]}]},{"@type":"ImageObject","inLanguage":"es","@id":"https:\/\/centrourbano.com\/revista\/vivienda\/gcdmx-ha-derramado-300-mdp-atencion-damnificados\/#primaryimage","url":"https:\/\/centrourbano.com\/revista\/wp-content\/uploads\/Mancera_accionessismo_05_03_2018.jpeg","contentUrl":"https:\/\/centrourbano.com\/revista\/wp-content\/uploads\/Mancera_accionessismo_05_03_2018.jpeg","width":800,"height":533,"caption":"Hasta el momento el gobierno capitalino ha concretado 2,285 acciones para apoyar a afacetados por el sismo"},{"@type":"BreadcrumbList","@id":"https:\/\/centrourbano.com\/revista\/vivienda\/gcdmx-ha-derramado-300-mdp-atencion-damnificados\/#breadcrumb","itemListElement":[{"@type":"ListItem","position":1,"name":"Portada","item":"https:\/\/centrourbano.com\/revista\/"},{"@type":"ListItem","position":2,"name":"GCDMX ha derramado 300 mdp en atenci\u00f3n a damnificados"}]},{"@type":"WebSite","@id":"https:\/\/centrourbano.com\/revista\/#website","url":"https:\/\/centrourbano.com\/revista\/","name":"Centro Urbano","description":"Medio especializado en los sectores vivienda, inmobiliario, construcci\u00f3n, arquitectura y urbanismo.","publisher":{"@id":"https:\/\/centrourbano.com\/revista\/#organization"},"potentialAction":[{"@type":"SearchAction","target":{"@type":"EntryPoint","urlTemplate":"https:\/\/centrourbano.com\/revista\/?s={search_term_string}"},"query-input":{"@type":"PropertyValueSpecification","valueRequired":true,"valueName":"search_term_string"}}],"inLanguage":"es"},{"@type":"Organization","@id":"https:\/\/centrourbano.com\/revista\/#organization","name":"Centro Urbano","url":"https:\/\/centrourbano.com\/revista\/","logo":{"@type":"ImageObject","inLanguage":"es","@id":"https:\/\/centrourbano.com\/revista\/#\/schema\/logo\/image\/","url":"https:\/\/centrourbano.com\/revista\/wp-content\/uploads\/web_CU_logo-1.png","contentUrl":"https:\/\/centrourbano.com\/revista\/wp-content\/uploads\/web_CU_logo-1.png","width":350,"height":91,"caption":"Centro Urbano"},"image":{"@id":"https:\/\/centrourbano.com\/revista\/#\/schema\/logo\/image\/"},"sameAs":["https:\/\/www.facebook.com\/portalcentrourbano","https:\/\/x.com\/CentroUrbano","https:\/\/www.instagram.com\/centro_urbano\/","https:\/\/www.linkedin.com\/company\/centro-urbano\/","http:\/\/www.youtube.com\/user\/portalcentrourbano"]},{"@type":"Person","@id":"https:\/\/centrourbano.com\/revista\/#\/schema\/person\/ff3c00651ce5b1630479d2cd0c2e3ac0","name":"Edgar Rosas","image":{"@type":"ImageObject","inLanguage":"es","@id":"https:\/\/secure.gravatar.com\/avatar\/94440c4283495211faa5300bf85e80061036b83fced868c3783aa1310b350d9c?s=96&d=mm&r=g","url":"https:\/\/secure.gravatar.com\/avatar\/94440c4283495211faa5300bf85e80061036b83fced868c3783aa1310b350d9c?s=96&d=mm&r=g","contentUrl":"https:\/\/secure.gravatar.com\/avatar\/94440c4283495211faa5300bf85e80061036b83fced868c3783aa1310b350d9c?s=96&d=mm&r=g","caption":"Edgar Rosas"},"description":"Editor en Jefe de Centro Urbano. Egresado de la maestr\u00eda en Periodismo Pol\u00edtico de la Escuela de Periodismo Carlos Septi\u00e9n Garc\u00eda (EPCSG). Estudi\u00f3 la licenciatura en Comunicaci\u00f3n en la Universidad Mexicana. Amante de la cr\u00f3nica y el reportaje. Admirador de Vicente Le\u00f1ero y Miguel \u00c1ngel Granados Chapa.","sameAs":["https:\/\/x.com\/https:\/\/twitter.com\/ERosasCU?s=09"],"url":"https:\/\/centrourbano.com\/revista\/author\/edgar-rosas\/"}]}},"_links":{"self":[{"href":"https:\/\/centrourbano.com\/revista\/wp-json\/wp\/v2\/posts\/68038","targetHints":{"allow":["GET"]}}],"collection":[{"href":"https:\/\/centrourbano.com\/revista\/wp-json\/wp\/v2\/posts"}],"about":[{"href":"https:\/\/centrourbano.com\/revista\/wp-json\/wp\/v2\/types\/post"}],"author":[{"embeddable":true,"href":"https:\/\/centrourbano.com\/revista\/wp-json\/wp\/v2\/users\/47"}],"replies":[{"embeddable":true,"href":"https:\/\/centrourbano.com\/revista\/wp-json\/wp\/v2\/comments?post=68038"}],"version-history":[{"count":1,"href":"https:\/\/centrourbano.com\/revista\/wp-json\/wp\/v2\/posts\/68038\/revisions"}],"predecessor-version":[{"id":68040,"href":"https:\/\/centrourbano.com\/revista\/wp-json\/wp\/v2\/posts\/68038\/revisions\/68040"}],"wp:featuredmedia":[{"embeddable":true,"href":"https:\/\/centrourbano.com\/revista\/wp-json\/wp\/v2\/media\/68039"}],"wp:attachment":[{"href":"https:\/\/centrourbano.com\/revista\/wp-json\/wp\/v2\/media?parent=68038"}],"wp:term":[{"taxonomy":"category","embeddable":true,"href":"https:\/\/centrourbano.com\/revista\/wp-json\/wp\/v2\/categories?post=68038"},{"taxonomy":"post_tag","embeddable":true,"href":"https:\/\/centrourbano.com\/revista\/wp-json\/wp\/v2\/tags?post=68038"}],"curies":[{"name":"wp","href":"https:\/\/api.w.org\/{rel}","templated":true}]}}