{"id":67987,"date":"2018-03-02T11:58:44","date_gmt":"2018-03-02T17:58:44","guid":{"rendered":"https:\/\/centrourbano.com\/?p=67987"},"modified":"2018-03-02T13:09:05","modified_gmt":"2018-03-02T19:09:05","slug":"donald-trump-impondra-impuesto-importacion-acero","status":"publish","type":"post","link":"https:\/\/centrourbano.com\/revista\/construccion\/donald-trump-impondra-impuesto-importacion-acero\/","title":{"rendered":"Donald Trump impondr\u00e1 impuesto por importaci\u00f3n de acero"},"content":{"rendered":"<p><em>El super\u00e1vit de acero entre de EUA y M\u00e9xico en los \u00faltimos dos a\u00f1os es de 3.6 billones de d\u00f3lares<\/em><!--more--><\/p>\n<p>La <a href=\"http:\/\/www.canacero.org.mx\/Es\/\" target=\"_blank\" rel=\"noopener noreferrer\"><strong>C\u00e1mara Nacional del Acero<\/strong><\/a> (Canacero) est\u00e1 preocupada ante las acciones que tomar\u00e1 el presidente de los Estados Unidos, Donald Trump, tras anunciar este jueves el aumento del impuesto de 25% a las importaciones de acero bajo la secci\u00f3n 232 proveniente de todas partes del mundo.<\/p>\n<p>Canacero espera acciones rec\u00edprocas del gobierno mexicano en caso de confirmarse la inclusi\u00f3n de nuestro pa\u00eds en la toma de decisi\u00f3n del presidente Trump. Ciertas acciones deben ser con el objetivo de frenar la oleada de importaciones que buscar\u00e1n posicionarse en terceros mercados del pa\u00eds vecino.<\/p>\n<p>La Industria del acero espera que nuestro pa\u00eds sea excluido de la secci\u00f3n 232 por lo que hace a las exportaciones mexicanas de productos sider\u00fargicos a los Estados Unidos m\u00e1s eficientes y por ello se evitar\u00e1 una guerra comercial que afectar\u00eda los mercados financieros de ambos pa\u00edses ya \u00a0que M\u00e9xico es muy atractivo debido a su consumo creciente de acero.<\/p>\n<p>\u201cM\u00e9xico no deber\u00eda ser incluido en la resoluci\u00f3n de la Secci\u00f3n 232 ya que no representa ning\u00fan riesgo para la seguridad nacional de EUA, ya que somos una industria que no recibe subsidios gubernamentales. Con base en el Cap\u00edtulo 8 del TLCAN, M\u00e9xico no debe ser incluido en salvaguardas interpuestas por las partes\u201d, consider\u00f3 la C\u00e1mara.<\/p>\n<p>El grupo empresarial agreg\u00f3 que la industria sider\u00fargica de Norteam\u00e9rica comparte la problem\u00e1tica de sobrecapacidad mundial e importaciones bajo pr\u00e1cticas desleales, lo cual se debe trabajar conjuntamente como regi\u00f3n sin limitar entre los tres pa\u00edses sus mercados.<\/p>\n<p>El super\u00e1vit de acero entre de EUA y M\u00e9xico en los \u00faltimos dos a\u00f1os es de 3.6 billones de d\u00f3lares. \u00a0Los Estados Unidos de Am\u00e9rica es una regi\u00f3n totalmente integrada donde la mayor\u00eda de las exportaciones de acero se realizan a M\u00e9xico y Canad\u00e1 (76%), lo cual se describe en el propio documento del United States of America Department of Commerce (USDOC).<\/p>\n","protected":false},"excerpt":{"rendered":"<p>El super\u00e1vit de acero entre de EUA y M\u00e9xico en los \u00faltimos dos a\u00f1os es de 3.6 billones de d\u00f3lares<\/p>\n","protected":false},"author":60,"featured_media":67993,"comment_status":"open","ping_status":"closed","sticky":false,"template":"","format":"standard","meta":{"om_disable_all_campaigns":false,"inline_featured_image":false,"_monsterinsights_skip_tracking":false,"_monsterinsights_sitenote_active":false,"_monsterinsights_sitenote_note":"","_monsterinsights_sitenote_category":0,"footnotes":""},"categories":[14],"tags":[1162,8676,4267,12844,9390,1941,334,9809],"class_list":["post-67987","post","type-post","status-publish","format-standard","has-post-thumbnail","hentry","category-construccion","tag-acero","tag-canacero","tag-eua","tag-importacion","tag-impuesto","tag-industria","tag-mexico","tag-tlcan"],"yoast_head":"<!-- This site is optimized with the Yoast SEO plugin v27.5 - https:\/\/yoast.com\/product\/yoast-seo-wordpress\/ -->\n<title>Donald Trump impondr\u00e1 impuesto por importaci\u00f3n de acero<\/title>\n<meta name=\"description\" content=\"El super\u00e1vit de acero entre de EUA y M\u00e9xico en los \u00faltimos dos a\u00f1os es de 3.6 billones de d\u00f3lares\" \/>\n<meta name=\"robots\" content=\"index, follow, max-snippet:-1, max-image-preview:large, max-video-preview:-1\" \/>\n<link rel=\"canonical\" href=\"https:\/\/centrourbano.com\/revista\/construccion\/donald-trump-impondra-impuesto-importacion-acero\/\" \/>\n<meta property=\"og:locale\" content=\"es_ES\" \/>\n<meta property=\"og:type\" content=\"article\" \/>\n<meta property=\"og:title\" content=\"Donald Trump impondr\u00e1 impuesto por importaci\u00f3n de acero\" \/>\n<meta property=\"og:description\" content=\"El super\u00e1vit de acero entre de EUA y M\u00e9xico en los \u00faltimos dos a\u00f1os es de 3.6 billones de d\u00f3lares\" \/>\n<meta property=\"og:url\" content=\"https:\/\/centrourbano.com\/revista\/construccion\/donald-trump-impondra-impuesto-importacion-acero\/\" \/>\n<meta property=\"og:site_name\" content=\"Centro Urbano\" \/>\n<meta property=\"article:publisher\" content=\"https:\/\/www.facebook.com\/portalcentrourbano\" \/>\n<meta property=\"article:published_time\" content=\"2018-03-02T17:58:44+00:00\" \/>\n<meta property=\"article:modified_time\" content=\"2018-03-02T19:09:05+00:00\" \/>\n<meta property=\"og:image\" content=\"https:\/\/centrourbano.com\/revista\/wp-content\/uploads\/649390-600-338.jpg\" \/>\n\t<meta property=\"og:image:width\" content=\"600\" \/>\n\t<meta property=\"og:image:height\" content=\"338\" \/>\n\t<meta property=\"og:image:type\" content=\"image\/jpeg\" \/>\n<meta name=\"author\" content=\"Donovan Colindres\" \/>\n<meta name=\"twitter:card\" content=\"summary_large_image\" \/>\n<meta name=\"twitter:creator\" content=\"@CentroUrbano\" \/>\n<meta name=\"twitter:site\" content=\"@CentroUrbano\" \/>\n<meta name=\"twitter:label1\" content=\"Escrito por\" \/>\n\t<meta name=\"twitter:data1\" content=\"Donovan Colindres\" \/>\n\t<meta name=\"twitter:label2\" content=\"Tiempo de lectura\" \/>\n\t<meta name=\"twitter:data2\" content=\"2 minutos\" \/>\n<script type=\"application\/ld+json\" class=\"yoast-schema-graph\">{\"@context\":\"https:\\\/\\\/schema.org\",\"@graph\":[{\"@type\":\"Article\",\"@id\":\"https:\\\/\\\/centrourbano.com\\\/revista\\\/construccion\\\/donald-trump-impondra-impuesto-importacion-acero\\\/#article\",\"isPartOf\":{\"@id\":\"https:\\\/\\\/centrourbano.com\\\/revista\\\/construccion\\\/donald-trump-impondra-impuesto-importacion-acero\\\/\"},\"author\":{\"name\":\"Donovan Colindres\",\"@id\":\"https:\\\/\\\/centrourbano.com\\\/revista\\\/#\\\/schema\\\/person\\\/8c196d8a1894aded235b29ceab1b2f43\"},\"headline\":\"Donald Trump impondr\u00e1 impuesto por importaci\u00f3n de acero\",\"datePublished\":\"2018-03-02T17:58:44+00:00\",\"dateModified\":\"2018-03-02T19:09:05+00:00\",\"mainEntityOfPage\":{\"@id\":\"https:\\\/\\\/centrourbano.com\\\/revista\\\/construccion\\\/donald-trump-impondra-impuesto-importacion-acero\\\/\"},\"wordCount\":369,\"commentCount\":0,\"publisher\":{\"@id\":\"https:\\\/\\\/centrourbano.com\\\/revista\\\/#organization\"},\"image\":{\"@id\":\"https:\\\/\\\/centrourbano.com\\\/revista\\\/construccion\\\/donald-trump-impondra-impuesto-importacion-acero\\\/#primaryimage\"},\"thumbnailUrl\":\"https:\\\/\\\/centrourbano.com\\\/revista\\\/wp-content\\\/uploads\\\/649390-600-338.jpg\",\"keywords\":[\"acero\",\"CANACERO\",\"EUA\",\"Importacion\",\"impuesto\",\"Industria\",\"M\u00e9xico\",\"TLCAN\"],\"articleSection\":[\"Construcci\u00f3n\"],\"inLanguage\":\"es\",\"potentialAction\":[{\"@type\":\"CommentAction\",\"name\":\"Comment\",\"target\":[\"https:\\\/\\\/centrourbano.com\\\/revista\\\/construccion\\\/donald-trump-impondra-impuesto-importacion-acero\\\/#respond\"]}]},{\"@type\":\"WebPage\",\"@id\":\"https:\\\/\\\/centrourbano.com\\\/revista\\\/construccion\\\/donald-trump-impondra-impuesto-importacion-acero\\\/\",\"url\":\"https:\\\/\\\/centrourbano.com\\\/revista\\\/construccion\\\/donald-trump-impondra-impuesto-importacion-acero\\\/\",\"name\":\"Donald Trump impondr\u00e1 impuesto por importaci\u00f3n de acero\",\"isPartOf\":{\"@id\":\"https:\\\/\\\/centrourbano.com\\\/revista\\\/#website\"},\"primaryImageOfPage\":{\"@id\":\"https:\\\/\\\/centrourbano.com\\\/revista\\\/construccion\\\/donald-trump-impondra-impuesto-importacion-acero\\\/#primaryimage\"},\"image\":{\"@id\":\"https:\\\/\\\/centrourbano.com\\\/revista\\\/construccion\\\/donald-trump-impondra-impuesto-importacion-acero\\\/#primaryimage\"},\"thumbnailUrl\":\"https:\\\/\\\/centrourbano.com\\\/revista\\\/wp-content\\\/uploads\\\/649390-600-338.jpg\",\"datePublished\":\"2018-03-02T17:58:44+00:00\",\"dateModified\":\"2018-03-02T19:09:05+00:00\",\"description\":\"El super\u00e1vit de acero entre de EUA y M\u00e9xico en los \u00faltimos dos a\u00f1os es de 3.6 billones de d\u00f3lares\",\"breadcrumb\":{\"@id\":\"https:\\\/\\\/centrourbano.com\\\/revista\\\/construccion\\\/donald-trump-impondra-impuesto-importacion-acero\\\/#breadcrumb\"},\"inLanguage\":\"es\",\"potentialAction\":[{\"@type\":\"ReadAction\",\"target\":[\"https:\\\/\\\/centrourbano.com\\\/revista\\\/construccion\\\/donald-trump-impondra-impuesto-importacion-acero\\\/\"]}]},{\"@type\":\"ImageObject\",\"inLanguage\":\"es\",\"@id\":\"https:\\\/\\\/centrourbano.com\\\/revista\\\/construccion\\\/donald-trump-impondra-impuesto-importacion-acero\\\/#primaryimage\",\"url\":\"https:\\\/\\\/centrourbano.com\\\/revista\\\/wp-content\\\/uploads\\\/649390-600-338.jpg\",\"contentUrl\":\"https:\\\/\\\/centrourbano.com\\\/revista\\\/wp-content\\\/uploads\\\/649390-600-338.jpg\",\"width\":600,\"height\":338,\"caption\":\"El super\u00e1vit de acero entre de EUA y M\u00e9xico en los \u00faltimos dos a\u00f1os es de 3.6 billones de d\u00f3lares\"},{\"@type\":\"BreadcrumbList\",\"@id\":\"https:\\\/\\\/centrourbano.com\\\/revista\\\/construccion\\\/donald-trump-impondra-impuesto-importacion-acero\\\/#breadcrumb\",\"itemListElement\":[{\"@type\":\"ListItem\",\"position\":1,\"name\":\"Portada\",\"item\":\"https:\\\/\\\/centrourbano.com\\\/revista\\\/\"},{\"@type\":\"ListItem\",\"position\":2,\"name\":\"Donald Trump impondr\u00e1 impuesto por importaci\u00f3n de acero\"}]},{\"@type\":\"WebSite\",\"@id\":\"https:\\\/\\\/centrourbano.com\\\/revista\\\/#website\",\"url\":\"https:\\\/\\\/centrourbano.com\\\/revista\\\/\",\"name\":\"Centro Urbano\",\"description\":\"Medio especializado en los sectores vivienda, inmobiliario, construcci\u00f3n, arquitectura y urbanismo.\",\"publisher\":{\"@id\":\"https:\\\/\\\/centrourbano.com\\\/revista\\\/#organization\"},\"potentialAction\":[{\"@type\":\"SearchAction\",\"target\":{\"@type\":\"EntryPoint\",\"urlTemplate\":\"https:\\\/\\\/centrourbano.com\\\/revista\\\/?s={search_term_string}\"},\"query-input\":{\"@type\":\"PropertyValueSpecification\",\"valueRequired\":true,\"valueName\":\"search_term_string\"}}],\"inLanguage\":\"es\"},{\"@type\":\"Organization\",\"@id\":\"https:\\\/\\\/centrourbano.com\\\/revista\\\/#organization\",\"name\":\"Centro Urbano\",\"url\":\"https:\\\/\\\/centrourbano.com\\\/revista\\\/\",\"logo\":{\"@type\":\"ImageObject\",\"inLanguage\":\"es\",\"@id\":\"https:\\\/\\\/centrourbano.com\\\/revista\\\/#\\\/schema\\\/logo\\\/image\\\/\",\"url\":\"https:\\\/\\\/centrourbano.com\\\/revista\\\/wp-content\\\/uploads\\\/web_CU_logo-1.png\",\"contentUrl\":\"https:\\\/\\\/centrourbano.com\\\/revista\\\/wp-content\\\/uploads\\\/web_CU_logo-1.png\",\"width\":350,\"height\":91,\"caption\":\"Centro Urbano\"},\"image\":{\"@id\":\"https:\\\/\\\/centrourbano.com\\\/revista\\\/#\\\/schema\\\/logo\\\/image\\\/\"},\"sameAs\":[\"https:\\\/\\\/www.facebook.com\\\/portalcentrourbano\",\"https:\\\/\\\/x.com\\\/CentroUrbano\",\"https:\\\/\\\/www.instagram.com\\\/centro_urbano\\\/\",\"https:\\\/\\\/www.linkedin.com\\\/company\\\/centro-urbano\\\/\",\"http:\\\/\\\/www.youtube.com\\\/user\\\/portalcentrourbano\"]},{\"@type\":\"Person\",\"@id\":\"https:\\\/\\\/centrourbano.com\\\/revista\\\/#\\\/schema\\\/person\\\/8c196d8a1894aded235b29ceab1b2f43\",\"name\":\"Donovan Colindres\",\"image\":{\"@type\":\"ImageObject\",\"inLanguage\":\"es\",\"@id\":\"https:\\\/\\\/secure.gravatar.com\\\/avatar\\\/c496de0d2c5eff1a960e391485cc34462059b7798bed69bed7e7a1279445d3cc?s=96&d=mm&r=g\",\"url\":\"https:\\\/\\\/secure.gravatar.com\\\/avatar\\\/c496de0d2c5eff1a960e391485cc34462059b7798bed69bed7e7a1279445d3cc?s=96&d=mm&r=g\",\"contentUrl\":\"https:\\\/\\\/secure.gravatar.com\\\/avatar\\\/c496de0d2c5eff1a960e391485cc34462059b7798bed69bed7e7a1279445d3cc?s=96&d=mm&r=g\",\"caption\":\"Donovan Colindres\"},\"description\":\"Egresado en Ciencias de la Comunicaci\u00f3n y Periodismo de la Universidad Latina.Soy una persona seria,que le gusta aprender cada d\u00eda algo nuevo. Me encanta escuchar m\u00fasica y me apasiona escribir.\",\"url\":\"https:\\\/\\\/centrourbano.com\\\/revista\\\/author\\\/donovan-colindres\\\/\"}]}<\/script>\n<!-- \/ Yoast SEO plugin. -->","yoast_head_json":{"title":"Donald Trump impondr\u00e1 impuesto por importaci\u00f3n de acero","description":"El super\u00e1vit de acero entre de EUA y M\u00e9xico en los \u00faltimos dos a\u00f1os es de 3.6 billones de d\u00f3lares","robots":{"index":"index","follow":"follow","max-snippet":"max-snippet:-1","max-image-preview":"max-image-preview:large","max-video-preview":"max-video-preview:-1"},"canonical":"https:\/\/centrourbano.com\/revista\/construccion\/donald-trump-impondra-impuesto-importacion-acero\/","og_locale":"es_ES","og_type":"article","og_title":"Donald Trump impondr\u00e1 impuesto por importaci\u00f3n de acero","og_description":"El super\u00e1vit de acero entre de EUA y M\u00e9xico en los \u00faltimos dos a\u00f1os es de 3.6 billones de d\u00f3lares","og_url":"https:\/\/centrourbano.com\/revista\/construccion\/donald-trump-impondra-impuesto-importacion-acero\/","og_site_name":"Centro Urbano","article_publisher":"https:\/\/www.facebook.com\/portalcentrourbano","article_published_time":"2018-03-02T17:58:44+00:00","article_modified_time":"2018-03-02T19:09:05+00:00","og_image":[{"width":600,"height":338,"url":"https:\/\/centrourbano.com\/revista\/wp-content\/uploads\/649390-600-338.jpg","type":"image\/jpeg"}],"author":"Donovan Colindres","twitter_card":"summary_large_image","twitter_creator":"@CentroUrbano","twitter_site":"@CentroUrbano","twitter_misc":{"Escrito por":"Donovan Colindres","Tiempo de lectura":"2 minutos"},"schema":{"@context":"https:\/\/schema.org","@graph":[{"@type":"Article","@id":"https:\/\/centrourbano.com\/revista\/construccion\/donald-trump-impondra-impuesto-importacion-acero\/#article","isPartOf":{"@id":"https:\/\/centrourbano.com\/revista\/construccion\/donald-trump-impondra-impuesto-importacion-acero\/"},"author":{"name":"Donovan Colindres","@id":"https:\/\/centrourbano.com\/revista\/#\/schema\/person\/8c196d8a1894aded235b29ceab1b2f43"},"headline":"Donald Trump impondr\u00e1 impuesto por importaci\u00f3n de acero","datePublished":"2018-03-02T17:58:44+00:00","dateModified":"2018-03-02T19:09:05+00:00","mainEntityOfPage":{"@id":"https:\/\/centrourbano.com\/revista\/construccion\/donald-trump-impondra-impuesto-importacion-acero\/"},"wordCount":369,"commentCount":0,"publisher":{"@id":"https:\/\/centrourbano.com\/revista\/#organization"},"image":{"@id":"https:\/\/centrourbano.com\/revista\/construccion\/donald-trump-impondra-impuesto-importacion-acero\/#primaryimage"},"thumbnailUrl":"https:\/\/centrourbano.com\/revista\/wp-content\/uploads\/649390-600-338.jpg","keywords":["acero","CANACERO","EUA","Importacion","impuesto","Industria","M\u00e9xico","TLCAN"],"articleSection":["Construcci\u00f3n"],"inLanguage":"es","potentialAction":[{"@type":"CommentAction","name":"Comment","target":["https:\/\/centrourbano.com\/revista\/construccion\/donald-trump-impondra-impuesto-importacion-acero\/#respond"]}]},{"@type":"WebPage","@id":"https:\/\/centrourbano.com\/revista\/construccion\/donald-trump-impondra-impuesto-importacion-acero\/","url":"https:\/\/centrourbano.com\/revista\/construccion\/donald-trump-impondra-impuesto-importacion-acero\/","name":"Donald Trump impondr\u00e1 impuesto por importaci\u00f3n de acero","isPartOf":{"@id":"https:\/\/centrourbano.com\/revista\/#website"},"primaryImageOfPage":{"@id":"https:\/\/centrourbano.com\/revista\/construccion\/donald-trump-impondra-impuesto-importacion-acero\/#primaryimage"},"image":{"@id":"https:\/\/centrourbano.com\/revista\/construccion\/donald-trump-impondra-impuesto-importacion-acero\/#primaryimage"},"thumbnailUrl":"https:\/\/centrourbano.com\/revista\/wp-content\/uploads\/649390-600-338.jpg","datePublished":"2018-03-02T17:58:44+00:00","dateModified":"2018-03-02T19:09:05+00:00","description":"El super\u00e1vit de acero entre de EUA y M\u00e9xico en los \u00faltimos dos a\u00f1os es de 3.6 billones de d\u00f3lares","breadcrumb":{"@id":"https:\/\/centrourbano.com\/revista\/construccion\/donald-trump-impondra-impuesto-importacion-acero\/#breadcrumb"},"inLanguage":"es","potentialAction":[{"@type":"ReadAction","target":["https:\/\/centrourbano.com\/revista\/construccion\/donald-trump-impondra-impuesto-importacion-acero\/"]}]},{"@type":"ImageObject","inLanguage":"es","@id":"https:\/\/centrourbano.com\/revista\/construccion\/donald-trump-impondra-impuesto-importacion-acero\/#primaryimage","url":"https:\/\/centrourbano.com\/revista\/wp-content\/uploads\/649390-600-338.jpg","contentUrl":"https:\/\/centrourbano.com\/revista\/wp-content\/uploads\/649390-600-338.jpg","width":600,"height":338,"caption":"El super\u00e1vit de acero entre de EUA y M\u00e9xico en los \u00faltimos dos a\u00f1os es de 3.6 billones de d\u00f3lares"},{"@type":"BreadcrumbList","@id":"https:\/\/centrourbano.com\/revista\/construccion\/donald-trump-impondra-impuesto-importacion-acero\/#breadcrumb","itemListElement":[{"@type":"ListItem","position":1,"name":"Portada","item":"https:\/\/centrourbano.com\/revista\/"},{"@type":"ListItem","position":2,"name":"Donald Trump impondr\u00e1 impuesto por importaci\u00f3n de acero"}]},{"@type":"WebSite","@id":"https:\/\/centrourbano.com\/revista\/#website","url":"https:\/\/centrourbano.com\/revista\/","name":"Centro Urbano","description":"Medio especializado en los sectores vivienda, inmobiliario, construcci\u00f3n, arquitectura y urbanismo.","publisher":{"@id":"https:\/\/centrourbano.com\/revista\/#organization"},"potentialAction":[{"@type":"SearchAction","target":{"@type":"EntryPoint","urlTemplate":"https:\/\/centrourbano.com\/revista\/?s={search_term_string}"},"query-input":{"@type":"PropertyValueSpecification","valueRequired":true,"valueName":"search_term_string"}}],"inLanguage":"es"},{"@type":"Organization","@id":"https:\/\/centrourbano.com\/revista\/#organization","name":"Centro Urbano","url":"https:\/\/centrourbano.com\/revista\/","logo":{"@type":"ImageObject","inLanguage":"es","@id":"https:\/\/centrourbano.com\/revista\/#\/schema\/logo\/image\/","url":"https:\/\/centrourbano.com\/revista\/wp-content\/uploads\/web_CU_logo-1.png","contentUrl":"https:\/\/centrourbano.com\/revista\/wp-content\/uploads\/web_CU_logo-1.png","width":350,"height":91,"caption":"Centro Urbano"},"image":{"@id":"https:\/\/centrourbano.com\/revista\/#\/schema\/logo\/image\/"},"sameAs":["https:\/\/www.facebook.com\/portalcentrourbano","https:\/\/x.com\/CentroUrbano","https:\/\/www.instagram.com\/centro_urbano\/","https:\/\/www.linkedin.com\/company\/centro-urbano\/","http:\/\/www.youtube.com\/user\/portalcentrourbano"]},{"@type":"Person","@id":"https:\/\/centrourbano.com\/revista\/#\/schema\/person\/8c196d8a1894aded235b29ceab1b2f43","name":"Donovan Colindres","image":{"@type":"ImageObject","inLanguage":"es","@id":"https:\/\/secure.gravatar.com\/avatar\/c496de0d2c5eff1a960e391485cc34462059b7798bed69bed7e7a1279445d3cc?s=96&d=mm&r=g","url":"https:\/\/secure.gravatar.com\/avatar\/c496de0d2c5eff1a960e391485cc34462059b7798bed69bed7e7a1279445d3cc?s=96&d=mm&r=g","contentUrl":"https:\/\/secure.gravatar.com\/avatar\/c496de0d2c5eff1a960e391485cc34462059b7798bed69bed7e7a1279445d3cc?s=96&d=mm&r=g","caption":"Donovan Colindres"},"description":"Egresado en Ciencias de la Comunicaci\u00f3n y Periodismo de la Universidad Latina.Soy una persona seria,que le gusta aprender cada d\u00eda algo nuevo. Me encanta escuchar m\u00fasica y me apasiona escribir.","url":"https:\/\/centrourbano.com\/revista\/author\/donovan-colindres\/"}]}},"_links":{"self":[{"href":"https:\/\/centrourbano.com\/revista\/wp-json\/wp\/v2\/posts\/67987","targetHints":{"allow":["GET"]}}],"collection":[{"href":"https:\/\/centrourbano.com\/revista\/wp-json\/wp\/v2\/posts"}],"about":[{"href":"https:\/\/centrourbano.com\/revista\/wp-json\/wp\/v2\/types\/post"}],"author":[{"embeddable":true,"href":"https:\/\/centrourbano.com\/revista\/wp-json\/wp\/v2\/users\/60"}],"replies":[{"embeddable":true,"href":"https:\/\/centrourbano.com\/revista\/wp-json\/wp\/v2\/comments?post=67987"}],"version-history":[{"count":2,"href":"https:\/\/centrourbano.com\/revista\/wp-json\/wp\/v2\/posts\/67987\/revisions"}],"predecessor-version":[{"id":67998,"href":"https:\/\/centrourbano.com\/revista\/wp-json\/wp\/v2\/posts\/67987\/revisions\/67998"}],"wp:featuredmedia":[{"embeddable":true,"href":"https:\/\/centrourbano.com\/revista\/wp-json\/wp\/v2\/media\/67993"}],"wp:attachment":[{"href":"https:\/\/centrourbano.com\/revista\/wp-json\/wp\/v2\/media?parent=67987"}],"wp:term":[{"taxonomy":"category","embeddable":true,"href":"https:\/\/centrourbano.com\/revista\/wp-json\/wp\/v2\/categories?post=67987"},{"taxonomy":"post_tag","embeddable":true,"href":"https:\/\/centrourbano.com\/revista\/wp-json\/wp\/v2\/tags?post=67987"}],"curies":[{"name":"wp","href":"https:\/\/api.w.org\/{rel}","templated":true}]}}