{"id":67976,"date":"2018-03-02T06:00:11","date_gmt":"2018-03-02T12:00:11","guid":{"rendered":"https:\/\/centrourbano.com\/?p=67976"},"modified":"2018-03-02T08:18:16","modified_gmt":"2018-03-02T14:18:16","slug":"invi-invertira-5-mdp-para-construir-y-reparar-viviendas","status":"publish","type":"post","link":"https:\/\/centrourbano.com\/revista\/vivienda\/invi-invertira-5-mdp-para-construir-y-reparar-viviendas\/","title":{"rendered":"Invi invertir\u00e1 5 mdp para construir y reparar viviendas"},"content":{"rendered":"<p><em>En total se beneficiar\u00e1n 10 familias otom\u00edes <\/em><!--more--><\/p>\n<p>El gobierno de la Ciudad de M\u00e9xico invirti\u00f3 5 millones 182,000 pesos, recursos con los que rehabilitar\u00e1 ocho viviendas y construir\u00e1 dos m\u00e1s en beneficio de familias otom\u00edes. <\/p>\n<p>As\u00ed lo inform\u00f3 Miguel \u00c1ngel Manera Espinosa, jefe de gobierno de la Ciudad de M\u00e9xico, quien destac\u00f3 que el proyecto estar\u00e1 a cargo del Instituto de Vivienda de la capital (Invi), quien construir\u00e1 las nuevas casas en el predio de Durango 119, colonia Roma Norte. <\/p>\n<p>El mandatario capitalino destac\u00f3 que el monto de las mensualidades que pagar\u00e1n las familias ser\u00e1 acorde a sus capacidades de pago. Se\u00f1al\u00f3 que el predio donde se desarrollar\u00e1n las viviendas se encuentra en una zona con infraestructura urbana, servicios y condiciones adecuadas de movilidad. <\/p>\n<p>\u201cSe respetar\u00e1 la fachada y tanto las viviendas rehabilitadas, como las nuevas contar\u00e1n con dos rec\u00e1maras, estancia, comedor, cocina y ba\u00f1o completo\u201d, se\u00f1al\u00f3. <\/p>\n","protected":false},"excerpt":{"rendered":"<p>En total se beneficiar\u00e1n 10 familias otom\u00edes<\/p>\n","protected":false},"author":77,"featured_media":67416,"comment_status":"open","ping_status":"closed","sticky":false,"template":"","format":"standard","meta":{"inline_featured_image":false,"footnotes":""},"categories":[12],"tags":[290,1450,60],"class_list":["post-67976","post","type-post","status-publish","format-standard","has-post-thumbnail","hentry","category-vivienda","tag-ciudad-de-mexico","tag-invi","tag-vivienda-2"],"yoast_head":"<!-- This site is optimized with the Yoast SEO plugin v28.4 - https:\/\/yoast.com\/product\/yoast-seo-wordpress\/ -->\n<title>Invi invertir\u00e1 5 mdp para construir vivienda<\/title>\n<meta name=\"description\" content=\"El gobierno de la Ciudad de M\u00e9xico invirti\u00f3 5 millones 182,000 pesos, recursos con los que rehabilitar\u00e1 ocho viviendas y construir\u00e1 dos m\u00e1s en beneficio de familias otom\u00edes.\" \/>\n<meta name=\"robots\" content=\"index, follow, max-snippet:-1, max-image-preview:large, max-video-preview:-1\" \/>\n<link rel=\"canonical\" href=\"https:\/\/centrourbano.com\/revista\/vivienda\/invi-invertira-5-mdp-para-construir-y-reparar-viviendas\/\" \/>\n<meta property=\"og:locale\" content=\"es_ES\" \/>\n<meta property=\"og:type\" content=\"article\" \/>\n<meta property=\"og:title\" content=\"Invi invertir\u00e1 5 mdp para construir vivienda\" \/>\n<meta property=\"og:description\" content=\"El gobierno de la Ciudad de M\u00e9xico invirti\u00f3 5 millones 182,000 pesos, recursos con los que rehabilitar\u00e1 ocho viviendas y construir\u00e1 dos m\u00e1s en beneficio de familias otom\u00edes.\" \/>\n<meta property=\"og:url\" content=\"https:\/\/centrourbano.com\/revista\/vivienda\/invi-invertira-5-mdp-para-construir-y-reparar-viviendas\/\" \/>\n<meta property=\"og:site_name\" content=\"Centro Urbano\" \/>\n<meta property=\"article:publisher\" content=\"https:\/\/www.facebook.com\/portalcentrourbano\" \/>\n<meta property=\"article:published_time\" content=\"2018-03-02T12:00:11+00:00\" \/>\n<meta property=\"article:modified_time\" content=\"2018-03-02T14:18:16+00:00\" \/>\n<meta property=\"og:image\" content=\"https:\/\/centrourbano.com\/revista\/wp-content\/uploads\/Mancera_5meses_reconstrucci\u00f3n12.jpeg\" \/>\n\t<meta property=\"og:image:width\" content=\"800\" \/>\n\t<meta property=\"og:image:height\" content=\"532\" \/>\n\t<meta property=\"og:image:type\" content=\"image\/jpeg\" \/>\n<meta name=\"author\" content=\"G4A\" \/>\n<meta name=\"twitter:card\" content=\"summary_large_image\" \/>\n<meta name=\"twitter:creator\" content=\"@CentroUrbano\" \/>\n<meta name=\"twitter:site\" content=\"@CentroUrbano\" \/>\n<meta name=\"twitter:label1\" content=\"Escrito por\" \/>\n\t<meta name=\"twitter:data1\" content=\"G4A\" \/>\n\t<meta name=\"twitter:label2\" content=\"Tiempo de lectura\" \/>\n\t<meta name=\"twitter:data2\" content=\"1 minuto\" \/>\n<script type=\"application\/ld+json\" class=\"yoast-schema-graph\">{\"@context\":\"https:\\\/\\\/schema.org\",\"@graph\":[{\"@type\":\"Article\",\"@id\":\"https:\\\/\\\/centrourbano.com\\\/revista\\\/vivienda\\\/invi-invertira-5-mdp-para-construir-y-reparar-viviendas\\\/#article\",\"isPartOf\":{\"@id\":\"https:\\\/\\\/centrourbano.com\\\/revista\\\/vivienda\\\/invi-invertira-5-mdp-para-construir-y-reparar-viviendas\\\/\"},\"author\":{\"name\":\"G4A\",\"@id\":\"https:\\\/\\\/centrourbano.com\\\/revista\\\/#\\\/schema\\\/person\\\/370fa0ba2d8dd5bde3fdb8b62ad360aa\"},\"headline\":\"Invi invertir\u00e1 5 mdp para construir y reparar viviendas\",\"datePublished\":\"2018-03-02T12:00:11+00:00\",\"dateModified\":\"2018-03-02T14:18:16+00:00\",\"mainEntityOfPage\":{\"@id\":\"https:\\\/\\\/centrourbano.com\\\/revista\\\/vivienda\\\/invi-invertira-5-mdp-para-construir-y-reparar-viviendas\\\/\"},\"wordCount\":164,\"commentCount\":0,\"publisher\":{\"@id\":\"https:\\\/\\\/centrourbano.com\\\/revista\\\/#organization\"},\"image\":{\"@id\":\"https:\\\/\\\/centrourbano.com\\\/revista\\\/vivienda\\\/invi-invertira-5-mdp-para-construir-y-reparar-viviendas\\\/#primaryimage\"},\"thumbnailUrl\":\"https:\\\/\\\/centrourbano.com\\\/revista\\\/wp-content\\\/uploads\\\/Mancera_5meses_reconstrucci\u00f3n12.jpeg\",\"keywords\":[\"ciudad de M\u00e9xico\",\"Invi\",\"vivienda\"],\"articleSection\":[\"Vivienda\"],\"inLanguage\":\"es\"},{\"@type\":\"WebPage\",\"@id\":\"https:\\\/\\\/centrourbano.com\\\/revista\\\/vivienda\\\/invi-invertira-5-mdp-para-construir-y-reparar-viviendas\\\/\",\"url\":\"https:\\\/\\\/centrourbano.com\\\/revista\\\/vivienda\\\/invi-invertira-5-mdp-para-construir-y-reparar-viviendas\\\/\",\"name\":\"Invi invertir\u00e1 5 mdp para construir vivienda\",\"isPartOf\":{\"@id\":\"https:\\\/\\\/centrourbano.com\\\/revista\\\/#website\"},\"primaryImageOfPage\":{\"@id\":\"https:\\\/\\\/centrourbano.com\\\/revista\\\/vivienda\\\/invi-invertira-5-mdp-para-construir-y-reparar-viviendas\\\/#primaryimage\"},\"image\":{\"@id\":\"https:\\\/\\\/centrourbano.com\\\/revista\\\/vivienda\\\/invi-invertira-5-mdp-para-construir-y-reparar-viviendas\\\/#primaryimage\"},\"thumbnailUrl\":\"https:\\\/\\\/centrourbano.com\\\/revista\\\/wp-content\\\/uploads\\\/Mancera_5meses_reconstrucci\u00f3n12.jpeg\",\"datePublished\":\"2018-03-02T12:00:11+00:00\",\"dateModified\":\"2018-03-02T14:18:16+00:00\",\"description\":\"El gobierno de la Ciudad de M\u00e9xico invirti\u00f3 5 millones 182,000 pesos, recursos con los que rehabilitar\u00e1 ocho viviendas y construir\u00e1 dos m\u00e1s en beneficio de familias otom\u00edes.\",\"breadcrumb\":{\"@id\":\"https:\\\/\\\/centrourbano.com\\\/revista\\\/vivienda\\\/invi-invertira-5-mdp-para-construir-y-reparar-viviendas\\\/#breadcrumb\"},\"inLanguage\":\"es\",\"potentialAction\":[{\"@type\":\"ReadAction\",\"target\":[\"https:\\\/\\\/centrourbano.com\\\/revista\\\/vivienda\\\/invi-invertira-5-mdp-para-construir-y-reparar-viviendas\\\/\"]}]},{\"@type\":\"ImageObject\",\"inLanguage\":\"es\",\"@id\":\"https:\\\/\\\/centrourbano.com\\\/revista\\\/vivienda\\\/invi-invertira-5-mdp-para-construir-y-reparar-viviendas\\\/#primaryimage\",\"url\":\"https:\\\/\\\/centrourbano.com\\\/revista\\\/wp-content\\\/uploads\\\/Mancera_5meses_reconstrucci\u00f3n12.jpeg\",\"contentUrl\":\"https:\\\/\\\/centrourbano.com\\\/revista\\\/wp-content\\\/uploads\\\/Mancera_5meses_reconstrucci\u00f3n12.jpeg\",\"width\":800,\"height\":532,\"caption\":\"Tras el sismo de septiembre pasado 130 inmuebles resultaron afectados\"},{\"@type\":\"BreadcrumbList\",\"@id\":\"https:\\\/\\\/centrourbano.com\\\/revista\\\/vivienda\\\/invi-invertira-5-mdp-para-construir-y-reparar-viviendas\\\/#breadcrumb\",\"itemListElement\":[{\"@type\":\"ListItem\",\"position\":1,\"name\":\"Portada\",\"item\":\"https:\\\/\\\/centrourbano.com\\\/revista\\\/\"},{\"@type\":\"ListItem\",\"position\":2,\"name\":\"Invi invertir\u00e1 5 mdp para construir y reparar viviendas\"}]},{\"@type\":\"WebSite\",\"@id\":\"https:\\\/\\\/centrourbano.com\\\/revista\\\/#website\",\"url\":\"https:\\\/\\\/centrourbano.com\\\/revista\\\/\",\"name\":\"Centro Urbano\",\"description\":\"Medio especializado en los sectores vivienda, inmobiliario, construcci\u00f3n, arquitectura y urbanismo.\",\"publisher\":{\"@id\":\"https:\\\/\\\/centrourbano.com\\\/revista\\\/#organization\"},\"potentialAction\":[{\"@type\":\"SearchAction\",\"target\":{\"@type\":\"EntryPoint\",\"urlTemplate\":\"https:\\\/\\\/centrourbano.com\\\/revista\\\/?s={search_term_string}\"},\"query-input\":{\"@type\":\"PropertyValueSpecification\",\"valueRequired\":true,\"valueName\":\"search_term_string\"}}],\"inLanguage\":\"es\"},{\"@type\":\"Organization\",\"@id\":\"https:\\\/\\\/centrourbano.com\\\/revista\\\/#organization\",\"name\":\"Centro Urbano\",\"url\":\"https:\\\/\\\/centrourbano.com\\\/revista\\\/\",\"logo\":{\"@type\":\"ImageObject\",\"inLanguage\":\"es\",\"@id\":\"https:\\\/\\\/centrourbano.com\\\/revista\\\/#\\\/schema\\\/logo\\\/image\\\/\",\"url\":\"https:\\\/\\\/centrourbano.com\\\/revista\\\/wp-content\\\/uploads\\\/web_CU_logo-1.png\",\"contentUrl\":\"https:\\\/\\\/centrourbano.com\\\/revista\\\/wp-content\\\/uploads\\\/web_CU_logo-1.png\",\"width\":350,\"height\":91,\"caption\":\"Centro Urbano\"},\"image\":{\"@id\":\"https:\\\/\\\/centrourbano.com\\\/revista\\\/#\\\/schema\\\/logo\\\/image\\\/\"},\"sameAs\":[\"https:\\\/\\\/www.facebook.com\\\/portalcentrourbano\",\"https:\\\/\\\/x.com\\\/CentroUrbano\",\"https:\\\/\\\/www.instagram.com\\\/centro_urbano\\\/\",\"https:\\\/\\\/www.linkedin.com\\\/company\\\/centro-urbano\\\/\",\"http:\\\/\\\/www.youtube.com\\\/user\\\/portalcentrourbano\"]},{\"@type\":\"Person\",\"@id\":\"https:\\\/\\\/centrourbano.com\\\/revista\\\/#\\\/schema\\\/person\\\/370fa0ba2d8dd5bde3fdb8b62ad360aa\",\"name\":\"G4A\",\"image\":{\"@type\":\"ImageObject\",\"inLanguage\":\"es\",\"@id\":\"https:\\\/\\\/secure.gravatar.com\\\/avatar\\\/932a97121b13d5de5bbd8193c6c83d3b92c9eda0f39623607d4280e7a5778d97?s=96&d=mm&r=g\",\"url\":\"https:\\\/\\\/secure.gravatar.com\\\/avatar\\\/932a97121b13d5de5bbd8193c6c83d3b92c9eda0f39623607d4280e7a5778d97?s=96&d=mm&r=g\",\"contentUrl\":\"https:\\\/\\\/secure.gravatar.com\\\/avatar\\\/932a97121b13d5de5bbd8193c6c83d3b92c9eda0f39623607d4280e7a5778d97?s=96&d=mm&r=g\",\"caption\":\"G4A\"},\"url\":\"https:\\\/\\\/centrourbano.com\\\/revista\\\/author\\\/admin-g4a\\\/\"}]}<\/script>\n<!-- \/ Yoast SEO plugin. -->","yoast_head_json":{"title":"Invi invertir\u00e1 5 mdp para construir vivienda","description":"El gobierno de la Ciudad de M\u00e9xico invirti\u00f3 5 millones 182,000 pesos, recursos con los que rehabilitar\u00e1 ocho viviendas y construir\u00e1 dos m\u00e1s en beneficio de familias otom\u00edes.","robots":{"index":"index","follow":"follow","max-snippet":"max-snippet:-1","max-image-preview":"max-image-preview:large","max-video-preview":"max-video-preview:-1"},"canonical":"https:\/\/centrourbano.com\/revista\/vivienda\/invi-invertira-5-mdp-para-construir-y-reparar-viviendas\/","og_locale":"es_ES","og_type":"article","og_title":"Invi invertir\u00e1 5 mdp para construir vivienda","og_description":"El gobierno de la Ciudad de M\u00e9xico invirti\u00f3 5 millones 182,000 pesos, recursos con los que rehabilitar\u00e1 ocho viviendas y construir\u00e1 dos m\u00e1s en beneficio de familias otom\u00edes.","og_url":"https:\/\/centrourbano.com\/revista\/vivienda\/invi-invertira-5-mdp-para-construir-y-reparar-viviendas\/","og_site_name":"Centro Urbano","article_publisher":"https:\/\/www.facebook.com\/portalcentrourbano","article_published_time":"2018-03-02T12:00:11+00:00","article_modified_time":"2018-03-02T14:18:16+00:00","og_image":[{"width":800,"height":532,"url":"https:\/\/centrourbano.com\/revista\/wp-content\/uploads\/Mancera_5meses_reconstrucci\u00f3n12.jpeg","type":"image\/jpeg"}],"author":"G4A","twitter_card":"summary_large_image","twitter_creator":"@CentroUrbano","twitter_site":"@CentroUrbano","twitter_misc":{"Escrito por":"G4A","Tiempo de lectura":"1 minuto"},"schema":{"@context":"https:\/\/schema.org","@graph":[{"@type":"Article","@id":"https:\/\/centrourbano.com\/revista\/vivienda\/invi-invertira-5-mdp-para-construir-y-reparar-viviendas\/#article","isPartOf":{"@id":"https:\/\/centrourbano.com\/revista\/vivienda\/invi-invertira-5-mdp-para-construir-y-reparar-viviendas\/"},"author":{"name":"G4A","@id":"https:\/\/centrourbano.com\/revista\/#\/schema\/person\/370fa0ba2d8dd5bde3fdb8b62ad360aa"},"headline":"Invi invertir\u00e1 5 mdp para construir y reparar viviendas","datePublished":"2018-03-02T12:00:11+00:00","dateModified":"2018-03-02T14:18:16+00:00","mainEntityOfPage":{"@id":"https:\/\/centrourbano.com\/revista\/vivienda\/invi-invertira-5-mdp-para-construir-y-reparar-viviendas\/"},"wordCount":164,"commentCount":0,"publisher":{"@id":"https:\/\/centrourbano.com\/revista\/#organization"},"image":{"@id":"https:\/\/centrourbano.com\/revista\/vivienda\/invi-invertira-5-mdp-para-construir-y-reparar-viviendas\/#primaryimage"},"thumbnailUrl":"https:\/\/centrourbano.com\/revista\/wp-content\/uploads\/Mancera_5meses_reconstrucci\u00f3n12.jpeg","keywords":["ciudad de M\u00e9xico","Invi","vivienda"],"articleSection":["Vivienda"],"inLanguage":"es"},{"@type":"WebPage","@id":"https:\/\/centrourbano.com\/revista\/vivienda\/invi-invertira-5-mdp-para-construir-y-reparar-viviendas\/","url":"https:\/\/centrourbano.com\/revista\/vivienda\/invi-invertira-5-mdp-para-construir-y-reparar-viviendas\/","name":"Invi invertir\u00e1 5 mdp para construir vivienda","isPartOf":{"@id":"https:\/\/centrourbano.com\/revista\/#website"},"primaryImageOfPage":{"@id":"https:\/\/centrourbano.com\/revista\/vivienda\/invi-invertira-5-mdp-para-construir-y-reparar-viviendas\/#primaryimage"},"image":{"@id":"https:\/\/centrourbano.com\/revista\/vivienda\/invi-invertira-5-mdp-para-construir-y-reparar-viviendas\/#primaryimage"},"thumbnailUrl":"https:\/\/centrourbano.com\/revista\/wp-content\/uploads\/Mancera_5meses_reconstrucci\u00f3n12.jpeg","datePublished":"2018-03-02T12:00:11+00:00","dateModified":"2018-03-02T14:18:16+00:00","description":"El gobierno de la Ciudad de M\u00e9xico invirti\u00f3 5 millones 182,000 pesos, recursos con los que rehabilitar\u00e1 ocho viviendas y construir\u00e1 dos m\u00e1s en beneficio de familias otom\u00edes.","breadcrumb":{"@id":"https:\/\/centrourbano.com\/revista\/vivienda\/invi-invertira-5-mdp-para-construir-y-reparar-viviendas\/#breadcrumb"},"inLanguage":"es","potentialAction":[{"@type":"ReadAction","target":["https:\/\/centrourbano.com\/revista\/vivienda\/invi-invertira-5-mdp-para-construir-y-reparar-viviendas\/"]}]},{"@type":"ImageObject","inLanguage":"es","@id":"https:\/\/centrourbano.com\/revista\/vivienda\/invi-invertira-5-mdp-para-construir-y-reparar-viviendas\/#primaryimage","url":"https:\/\/centrourbano.com\/revista\/wp-content\/uploads\/Mancera_5meses_reconstrucci\u00f3n12.jpeg","contentUrl":"https:\/\/centrourbano.com\/revista\/wp-content\/uploads\/Mancera_5meses_reconstrucci\u00f3n12.jpeg","width":800,"height":532,"caption":"Tras el sismo de septiembre pasado 130 inmuebles resultaron afectados"},{"@type":"BreadcrumbList","@id":"https:\/\/centrourbano.com\/revista\/vivienda\/invi-invertira-5-mdp-para-construir-y-reparar-viviendas\/#breadcrumb","itemListElement":[{"@type":"ListItem","position":1,"name":"Portada","item":"https:\/\/centrourbano.com\/revista\/"},{"@type":"ListItem","position":2,"name":"Invi invertir\u00e1 5 mdp para construir y reparar viviendas"}]},{"@type":"WebSite","@id":"https:\/\/centrourbano.com\/revista\/#website","url":"https:\/\/centrourbano.com\/revista\/","name":"Centro Urbano","description":"Medio especializado en los sectores vivienda, inmobiliario, construcci\u00f3n, arquitectura y urbanismo.","publisher":{"@id":"https:\/\/centrourbano.com\/revista\/#organization"},"potentialAction":[{"@type":"SearchAction","target":{"@type":"EntryPoint","urlTemplate":"https:\/\/centrourbano.com\/revista\/?s={search_term_string}"},"query-input":{"@type":"PropertyValueSpecification","valueRequired":true,"valueName":"search_term_string"}}],"inLanguage":"es"},{"@type":"Organization","@id":"https:\/\/centrourbano.com\/revista\/#organization","name":"Centro Urbano","url":"https:\/\/centrourbano.com\/revista\/","logo":{"@type":"ImageObject","inLanguage":"es","@id":"https:\/\/centrourbano.com\/revista\/#\/schema\/logo\/image\/","url":"https:\/\/centrourbano.com\/revista\/wp-content\/uploads\/web_CU_logo-1.png","contentUrl":"https:\/\/centrourbano.com\/revista\/wp-content\/uploads\/web_CU_logo-1.png","width":350,"height":91,"caption":"Centro Urbano"},"image":{"@id":"https:\/\/centrourbano.com\/revista\/#\/schema\/logo\/image\/"},"sameAs":["https:\/\/www.facebook.com\/portalcentrourbano","https:\/\/x.com\/CentroUrbano","https:\/\/www.instagram.com\/centro_urbano\/","https:\/\/www.linkedin.com\/company\/centro-urbano\/","http:\/\/www.youtube.com\/user\/portalcentrourbano"]},{"@type":"Person","@id":"https:\/\/centrourbano.com\/revista\/#\/schema\/person\/370fa0ba2d8dd5bde3fdb8b62ad360aa","name":"G4A","image":{"@type":"ImageObject","inLanguage":"es","@id":"https:\/\/secure.gravatar.com\/avatar\/932a97121b13d5de5bbd8193c6c83d3b92c9eda0f39623607d4280e7a5778d97?s=96&d=mm&r=g","url":"https:\/\/secure.gravatar.com\/avatar\/932a97121b13d5de5bbd8193c6c83d3b92c9eda0f39623607d4280e7a5778d97?s=96&d=mm&r=g","contentUrl":"https:\/\/secure.gravatar.com\/avatar\/932a97121b13d5de5bbd8193c6c83d3b92c9eda0f39623607d4280e7a5778d97?s=96&d=mm&r=g","caption":"G4A"},"url":"https:\/\/centrourbano.com\/revista\/author\/admin-g4a\/"}]}},"_links":{"self":[{"href":"https:\/\/centrourbano.com\/revista\/wp-json\/wp\/v2\/posts\/67976","targetHints":{"allow":["GET"]}}],"collection":[{"href":"https:\/\/centrourbano.com\/revista\/wp-json\/wp\/v2\/posts"}],"about":[{"href":"https:\/\/centrourbano.com\/revista\/wp-json\/wp\/v2\/types\/post"}],"author":[{"embeddable":true,"href":"https:\/\/centrourbano.com\/revista\/wp-json\/wp\/v2\/users\/77"}],"replies":[{"embeddable":true,"href":"https:\/\/centrourbano.com\/revista\/wp-json\/wp\/v2\/comments?post=67976"}],"version-history":[{"count":2,"href":"https:\/\/centrourbano.com\/revista\/wp-json\/wp\/v2\/posts\/67976\/revisions"}],"predecessor-version":[{"id":67978,"href":"https:\/\/centrourbano.com\/revista\/wp-json\/wp\/v2\/posts\/67976\/revisions\/67978"}],"wp:featuredmedia":[{"embeddable":true,"href":"https:\/\/centrourbano.com\/revista\/wp-json\/wp\/v2\/media\/67416"}],"wp:attachment":[{"href":"https:\/\/centrourbano.com\/revista\/wp-json\/wp\/v2\/media?parent=67976"}],"wp:term":[{"taxonomy":"category","embeddable":true,"href":"https:\/\/centrourbano.com\/revista\/wp-json\/wp\/v2\/categories?post=67976"},{"taxonomy":"post_tag","embeddable":true,"href":"https:\/\/centrourbano.com\/revista\/wp-json\/wp\/v2\/tags?post=67976"}],"curies":[{"name":"wp","href":"https:\/\/api.w.org\/{rel}","templated":true}]}}