{"id":67381,"date":"2018-02-19T18:24:24","date_gmt":"2018-02-20T00:24:24","guid":{"rendered":"https:\/\/centrourbano.com\/?p=67381"},"modified":"2018-02-19T18:25:00","modified_gmt":"2018-02-20T00:25:00","slug":"aedas-homes-arquitectos-renovaran-casetas-venta","status":"publish","type":"post","link":"https:\/\/centrourbano.com\/revista\/arquitectura-2\/aedas-homes-arquitectos-renovaran-casetas-venta\/","title":{"rendered":"Aedas Homes y arquitectos renovar\u00e1n casetas de venta"},"content":{"rendered":"<p><em>Los ganadores podr\u00e1n dise\u00f1ar los puntos de venta de la empresa para todos sus proyectos<\/em><br \/>\n<!--more--><\/p>\n<p>La empresa desarrolladora de vivienda espa\u00f1ola <a href=\"https:\/\/www.aedashomes.com\/\" rel=\"noopener\" target=\"_blank\">Aedas Homes<\/a>, en conjunto con el <a href=\"http:\/\/www.coam.org\/\" rel=\"noopener\" target=\"_blank\">Colegio de Arquitectos de Madrid<\/a>, lanz\u00f3 un concurso para crear una caseta de ventas bajo el concepto de \u2018Show Office\u2019, es decir, que conjugue las funciones de una oficina de ventas, as\u00ed como los atractivos de un piso piloto. <\/p>\n<p>La empresa busca cambiar, a trav\u00e9s de una soluci\u00f3n arquitect\u00f3nica, los contenedores desechables que se ocupan paras las casetas de venta. \u201cMuchas de las casetas son temporales y poco se preocupan por la sostenibilidad ambiental, por el dise\u00f1o y la eficiencia energ\u00e9tica\u201d, consider\u00f3 Javier S\u00e1nchez, director de Marketing e Innovaci\u00f3n de la empresa. <\/p>\n<p>Con el concurso, Aedas seleccionar\u00e1 a un proveedor para dise\u00f1ar la caseta que tenga dise\u00f1o, innovaci\u00f3n, costos bajos, r\u00e1pida ejecuci\u00f3n sostenibilidad, sistemas industrializados y eficiencia. Por lo que las propuestas deben ser pr\u00e1cticas y ejecutables, pues se necesita que el lugar sirva para hacer ventas, instalarlas en los obras y trasladarlas de proyecto en proyecto. <\/p>\n<p>Las \u2018Show Office\u2019 deber\u00e1 tener 110 metros cuadrados, se distribuir\u00e1 en una zona abierta de 50 a 60 metros cuadrados, con zona de trabajo, zona de estar y de espera, rinc\u00f3n de juegos para ni\u00f1os, \u00e1rea para maqueta de promoci\u00f3n. Adem\u00e1s de otra zona de 50 metros cuadrados, donde se instalar\u00e1 el piso piloto, cocina, habitaci\u00f3n y ba\u00f1o. <\/p>\n<p>Finalmente, la empresa dijo que la propuesta ganadora podr\u00e1 formar un acuerdo marco con la empresa para el dise\u00f1o de las nuevas casetas en todo el pa\u00eds, as\u00ed como recibir un premio de 25,000 euros. <\/p>\n","protected":false},"excerpt":{"rendered":"<p>Los ganadores podr\u00e1n dise\u00f1ar los puntos de venta de la empresa para todos sus proyectos<\/p>\n","protected":false},"author":37,"featured_media":67385,"comment_status":"open","ping_status":"closed","sticky":false,"template":"","format":"standard","meta":{"om_disable_all_campaigns":false,"inline_featured_image":false,"_monsterinsights_skip_tracking":false,"_monsterinsights_sitenote_active":false,"_monsterinsights_sitenote_note":"","_monsterinsights_sitenote_category":0,"footnotes":""},"categories":[81],"tags":[],"class_list":["post-67381","post","type-post","status-publish","format-standard","has-post-thumbnail","hentry","category-arquitectura-2"],"yoast_head":"<!-- This site is optimized with the Yoast SEO plugin v27.4 - https:\/\/yoast.com\/product\/yoast-seo-wordpress\/ -->\n<title>Aedas Homes y arquitectos renovar\u00e1n casetas de venta -<\/title>\n<meta name=\"description\" content=\"La empresa desarrolladora de vivienda espa\u00f1ola Aedas Homes, en conjunto con el Colegio de Arquitectos de Madrid, lanz\u00f3 un concurso para crear una caseta de ventas bajo el concepto de \u2018Show Office\u2019, es decir, que conjugue las funciones de una oficina de ventas, as\u00ed como los atractivos de un piso piloto.\" \/>\n<meta name=\"robots\" content=\"index, follow, max-snippet:-1, max-image-preview:large, max-video-preview:-1\" \/>\n<link rel=\"canonical\" href=\"https:\/\/centrourbano.com\/revista\/arquitectura-2\/aedas-homes-arquitectos-renovaran-casetas-venta\/\" \/>\n<meta property=\"og:locale\" content=\"es_ES\" \/>\n<meta property=\"og:type\" content=\"article\" \/>\n<meta property=\"og:title\" content=\"Aedas Homes y arquitectos renovar\u00e1n casetas de venta -\" \/>\n<meta property=\"og:description\" content=\"La empresa desarrolladora de vivienda espa\u00f1ola Aedas Homes, en conjunto con el Colegio de Arquitectos de Madrid, lanz\u00f3 un concurso para crear una caseta de ventas bajo el concepto de \u2018Show Office\u2019, es decir, que conjugue las funciones de una oficina de ventas, as\u00ed como los atractivos de un piso piloto.\" \/>\n<meta property=\"og:url\" content=\"https:\/\/centrourbano.com\/revista\/arquitectura-2\/aedas-homes-arquitectos-renovaran-casetas-venta\/\" \/>\n<meta property=\"og:site_name\" content=\"Centro Urbano\" \/>\n<meta property=\"article:publisher\" content=\"https:\/\/www.facebook.com\/portalcentrourbano\" \/>\n<meta property=\"article:published_time\" content=\"2018-02-20T00:24:24+00:00\" \/>\n<meta property=\"article:modified_time\" content=\"2018-02-20T00:25:00+00:00\" \/>\n<meta property=\"og:image\" content=\"https:\/\/centrourbano.com\/revista\/wp-content\/uploads\/aeda-e1519086224551.jpg\" \/>\n\t<meta property=\"og:image:width\" content=\"800\" \/>\n\t<meta property=\"og:image:height\" content=\"600\" \/>\n\t<meta property=\"og:image:type\" content=\"image\/jpeg\" \/>\n<meta name=\"author\" content=\"Diego Rodr\u00edguez\" \/>\n<meta name=\"twitter:card\" content=\"summary_large_image\" \/>\n<meta name=\"twitter:creator\" content=\"@CentroUrbano\" \/>\n<meta name=\"twitter:site\" content=\"@CentroUrbano\" \/>\n<meta name=\"twitter:label1\" content=\"Escrito por\" \/>\n\t<meta name=\"twitter:data1\" content=\"Diego Rodr\u00edguez\" \/>\n\t<meta name=\"twitter:label2\" content=\"Tiempo de lectura\" \/>\n\t<meta name=\"twitter:data2\" content=\"1 minuto\" \/>\n<script type=\"application\/ld+json\" class=\"yoast-schema-graph\">{\"@context\":\"https:\\\/\\\/schema.org\",\"@graph\":[{\"@type\":\"Article\",\"@id\":\"https:\\\/\\\/centrourbano.com\\\/revista\\\/arquitectura-2\\\/aedas-homes-arquitectos-renovaran-casetas-venta\\\/#article\",\"isPartOf\":{\"@id\":\"https:\\\/\\\/centrourbano.com\\\/revista\\\/arquitectura-2\\\/aedas-homes-arquitectos-renovaran-casetas-venta\\\/\"},\"author\":{\"name\":\"Diego Rodr\u00edguez\",\"@id\":\"https:\\\/\\\/centrourbano.com\\\/revista\\\/#\\\/schema\\\/person\\\/b50192a3cd0e680841b45dc537f53970\"},\"headline\":\"Aedas Homes y arquitectos renovar\u00e1n casetas de venta\",\"datePublished\":\"2018-02-20T00:24:24+00:00\",\"dateModified\":\"2018-02-20T00:25:00+00:00\",\"mainEntityOfPage\":{\"@id\":\"https:\\\/\\\/centrourbano.com\\\/revista\\\/arquitectura-2\\\/aedas-homes-arquitectos-renovaran-casetas-venta\\\/\"},\"wordCount\":295,\"commentCount\":0,\"publisher\":{\"@id\":\"https:\\\/\\\/centrourbano.com\\\/revista\\\/#organization\"},\"image\":{\"@id\":\"https:\\\/\\\/centrourbano.com\\\/revista\\\/arquitectura-2\\\/aedas-homes-arquitectos-renovaran-casetas-venta\\\/#primaryimage\"},\"thumbnailUrl\":\"https:\\\/\\\/centrourbano.com\\\/revista\\\/wp-content\\\/uploads\\\/aeda-e1519086224551.jpg\",\"articleSection\":[\"Arquitectura\"],\"inLanguage\":\"es\",\"potentialAction\":[{\"@type\":\"CommentAction\",\"name\":\"Comment\",\"target\":[\"https:\\\/\\\/centrourbano.com\\\/revista\\\/arquitectura-2\\\/aedas-homes-arquitectos-renovaran-casetas-venta\\\/#respond\"]}]},{\"@type\":\"WebPage\",\"@id\":\"https:\\\/\\\/centrourbano.com\\\/revista\\\/arquitectura-2\\\/aedas-homes-arquitectos-renovaran-casetas-venta\\\/\",\"url\":\"https:\\\/\\\/centrourbano.com\\\/revista\\\/arquitectura-2\\\/aedas-homes-arquitectos-renovaran-casetas-venta\\\/\",\"name\":\"Aedas Homes y arquitectos renovar\u00e1n casetas de venta -\",\"isPartOf\":{\"@id\":\"https:\\\/\\\/centrourbano.com\\\/revista\\\/#website\"},\"primaryImageOfPage\":{\"@id\":\"https:\\\/\\\/centrourbano.com\\\/revista\\\/arquitectura-2\\\/aedas-homes-arquitectos-renovaran-casetas-venta\\\/#primaryimage\"},\"image\":{\"@id\":\"https:\\\/\\\/centrourbano.com\\\/revista\\\/arquitectura-2\\\/aedas-homes-arquitectos-renovaran-casetas-venta\\\/#primaryimage\"},\"thumbnailUrl\":\"https:\\\/\\\/centrourbano.com\\\/revista\\\/wp-content\\\/uploads\\\/aeda-e1519086224551.jpg\",\"datePublished\":\"2018-02-20T00:24:24+00:00\",\"dateModified\":\"2018-02-20T00:25:00+00:00\",\"description\":\"La empresa desarrolladora de vivienda espa\u00f1ola Aedas Homes, en conjunto con el Colegio de Arquitectos de Madrid, lanz\u00f3 un concurso para crear una caseta de ventas bajo el concepto de \u2018Show Office\u2019, es decir, que conjugue las funciones de una oficina de ventas, as\u00ed como los atractivos de un piso piloto.\",\"breadcrumb\":{\"@id\":\"https:\\\/\\\/centrourbano.com\\\/revista\\\/arquitectura-2\\\/aedas-homes-arquitectos-renovaran-casetas-venta\\\/#breadcrumb\"},\"inLanguage\":\"es\",\"potentialAction\":[{\"@type\":\"ReadAction\",\"target\":[\"https:\\\/\\\/centrourbano.com\\\/revista\\\/arquitectura-2\\\/aedas-homes-arquitectos-renovaran-casetas-venta\\\/\"]}]},{\"@type\":\"ImageObject\",\"inLanguage\":\"es\",\"@id\":\"https:\\\/\\\/centrourbano.com\\\/revista\\\/arquitectura-2\\\/aedas-homes-arquitectos-renovaran-casetas-venta\\\/#primaryimage\",\"url\":\"https:\\\/\\\/centrourbano.com\\\/revista\\\/wp-content\\\/uploads\\\/aeda-e1519086224551.jpg\",\"contentUrl\":\"https:\\\/\\\/centrourbano.com\\\/revista\\\/wp-content\\\/uploads\\\/aeda-e1519086224551.jpg\",\"width\":800,\"height\":600,\"caption\":\"Los ganadores podr\u00e1n dise\u00f1ar los puntos de venta de la empresa para todos sus proyectos\"},{\"@type\":\"BreadcrumbList\",\"@id\":\"https:\\\/\\\/centrourbano.com\\\/revista\\\/arquitectura-2\\\/aedas-homes-arquitectos-renovaran-casetas-venta\\\/#breadcrumb\",\"itemListElement\":[{\"@type\":\"ListItem\",\"position\":1,\"name\":\"Portada\",\"item\":\"https:\\\/\\\/centrourbano.com\\\/revista\\\/\"},{\"@type\":\"ListItem\",\"position\":2,\"name\":\"Aedas Homes y arquitectos renovar\u00e1n casetas de venta\"}]},{\"@type\":\"WebSite\",\"@id\":\"https:\\\/\\\/centrourbano.com\\\/revista\\\/#website\",\"url\":\"https:\\\/\\\/centrourbano.com\\\/revista\\\/\",\"name\":\"Centro Urbano\",\"description\":\"Medio especializado en los sectores vivienda, inmobiliario, construcci\u00f3n, arquitectura y urbanismo.\",\"publisher\":{\"@id\":\"https:\\\/\\\/centrourbano.com\\\/revista\\\/#organization\"},\"potentialAction\":[{\"@type\":\"SearchAction\",\"target\":{\"@type\":\"EntryPoint\",\"urlTemplate\":\"https:\\\/\\\/centrourbano.com\\\/revista\\\/?s={search_term_string}\"},\"query-input\":{\"@type\":\"PropertyValueSpecification\",\"valueRequired\":true,\"valueName\":\"search_term_string\"}}],\"inLanguage\":\"es\"},{\"@type\":\"Organization\",\"@id\":\"https:\\\/\\\/centrourbano.com\\\/revista\\\/#organization\",\"name\":\"Centro Urbano\",\"url\":\"https:\\\/\\\/centrourbano.com\\\/revista\\\/\",\"logo\":{\"@type\":\"ImageObject\",\"inLanguage\":\"es\",\"@id\":\"https:\\\/\\\/centrourbano.com\\\/revista\\\/#\\\/schema\\\/logo\\\/image\\\/\",\"url\":\"https:\\\/\\\/centrourbano.com\\\/revista\\\/wp-content\\\/uploads\\\/web_CU_logo-1.png\",\"contentUrl\":\"https:\\\/\\\/centrourbano.com\\\/revista\\\/wp-content\\\/uploads\\\/web_CU_logo-1.png\",\"width\":350,\"height\":91,\"caption\":\"Centro Urbano\"},\"image\":{\"@id\":\"https:\\\/\\\/centrourbano.com\\\/revista\\\/#\\\/schema\\\/logo\\\/image\\\/\"},\"sameAs\":[\"https:\\\/\\\/www.facebook.com\\\/portalcentrourbano\",\"https:\\\/\\\/x.com\\\/CentroUrbano\",\"https:\\\/\\\/www.instagram.com\\\/centro_urbano\\\/\",\"https:\\\/\\\/www.linkedin.com\\\/company\\\/centro-urbano\\\/\",\"http:\\\/\\\/www.youtube.com\\\/user\\\/portalcentrourbano\"]},{\"@type\":\"Person\",\"@id\":\"https:\\\/\\\/centrourbano.com\\\/revista\\\/#\\\/schema\\\/person\\\/b50192a3cd0e680841b45dc537f53970\",\"name\":\"Diego Rodr\u00edguez\",\"image\":{\"@type\":\"ImageObject\",\"inLanguage\":\"es\",\"@id\":\"https:\\\/\\\/secure.gravatar.com\\\/avatar\\\/d217565525df2df5d4e7265d47758506f41845ed9529510921a7625d8365789d?s=96&d=mm&r=g\",\"url\":\"https:\\\/\\\/secure.gravatar.com\\\/avatar\\\/d217565525df2df5d4e7265d47758506f41845ed9529510921a7625d8365789d?s=96&d=mm&r=g\",\"contentUrl\":\"https:\\\/\\\/secure.gravatar.com\\\/avatar\\\/d217565525df2df5d4e7265d47758506f41845ed9529510921a7625d8365789d?s=96&d=mm&r=g\",\"caption\":\"Diego Rodr\u00edguez\"},\"description\":\"Egresado de la Facultad de Estudios Superiores Acatl\u00e1n de la carrera en Comunicaci\u00f3n, con especialidad en medios escritos. Reportero del desaparecido peri\u00f3dico Nuestro M\u00e9xico, en donde cubri\u00f3 las fuentes delegacionales y Asamblea Legislativa. Tambi\u00e9n trabaj\u00f3 en la Coordinaci\u00f3n de Comunicaci\u00f3n Social en la delegaci\u00f3n \u00c1lvaro Obreg\u00f3n. Le gusta leer novelas y cuentos.\",\"url\":\"https:\\\/\\\/centrourbano.com\\\/revista\\\/author\\\/diegorodriguez\\\/\"}]}<\/script>\n<!-- \/ Yoast SEO plugin. -->","yoast_head_json":{"title":"Aedas Homes y arquitectos renovar\u00e1n casetas de venta -","description":"La empresa desarrolladora de vivienda espa\u00f1ola Aedas Homes, en conjunto con el Colegio de Arquitectos de Madrid, lanz\u00f3 un concurso para crear una caseta de ventas bajo el concepto de \u2018Show Office\u2019, es decir, que conjugue las funciones de una oficina de ventas, as\u00ed como los atractivos de un piso piloto.","robots":{"index":"index","follow":"follow","max-snippet":"max-snippet:-1","max-image-preview":"max-image-preview:large","max-video-preview":"max-video-preview:-1"},"canonical":"https:\/\/centrourbano.com\/revista\/arquitectura-2\/aedas-homes-arquitectos-renovaran-casetas-venta\/","og_locale":"es_ES","og_type":"article","og_title":"Aedas Homes y arquitectos renovar\u00e1n casetas de venta -","og_description":"La empresa desarrolladora de vivienda espa\u00f1ola Aedas Homes, en conjunto con el Colegio de Arquitectos de Madrid, lanz\u00f3 un concurso para crear una caseta de ventas bajo el concepto de \u2018Show Office\u2019, es decir, que conjugue las funciones de una oficina de ventas, as\u00ed como los atractivos de un piso piloto.","og_url":"https:\/\/centrourbano.com\/revista\/arquitectura-2\/aedas-homes-arquitectos-renovaran-casetas-venta\/","og_site_name":"Centro Urbano","article_publisher":"https:\/\/www.facebook.com\/portalcentrourbano","article_published_time":"2018-02-20T00:24:24+00:00","article_modified_time":"2018-02-20T00:25:00+00:00","og_image":[{"width":800,"height":600,"url":"https:\/\/centrourbano.com\/revista\/wp-content\/uploads\/aeda-e1519086224551.jpg","type":"image\/jpeg"}],"author":"Diego Rodr\u00edguez","twitter_card":"summary_large_image","twitter_creator":"@CentroUrbano","twitter_site":"@CentroUrbano","twitter_misc":{"Escrito por":"Diego Rodr\u00edguez","Tiempo de lectura":"1 minuto"},"schema":{"@context":"https:\/\/schema.org","@graph":[{"@type":"Article","@id":"https:\/\/centrourbano.com\/revista\/arquitectura-2\/aedas-homes-arquitectos-renovaran-casetas-venta\/#article","isPartOf":{"@id":"https:\/\/centrourbano.com\/revista\/arquitectura-2\/aedas-homes-arquitectos-renovaran-casetas-venta\/"},"author":{"name":"Diego Rodr\u00edguez","@id":"https:\/\/centrourbano.com\/revista\/#\/schema\/person\/b50192a3cd0e680841b45dc537f53970"},"headline":"Aedas Homes y arquitectos renovar\u00e1n casetas de venta","datePublished":"2018-02-20T00:24:24+00:00","dateModified":"2018-02-20T00:25:00+00:00","mainEntityOfPage":{"@id":"https:\/\/centrourbano.com\/revista\/arquitectura-2\/aedas-homes-arquitectos-renovaran-casetas-venta\/"},"wordCount":295,"commentCount":0,"publisher":{"@id":"https:\/\/centrourbano.com\/revista\/#organization"},"image":{"@id":"https:\/\/centrourbano.com\/revista\/arquitectura-2\/aedas-homes-arquitectos-renovaran-casetas-venta\/#primaryimage"},"thumbnailUrl":"https:\/\/centrourbano.com\/revista\/wp-content\/uploads\/aeda-e1519086224551.jpg","articleSection":["Arquitectura"],"inLanguage":"es","potentialAction":[{"@type":"CommentAction","name":"Comment","target":["https:\/\/centrourbano.com\/revista\/arquitectura-2\/aedas-homes-arquitectos-renovaran-casetas-venta\/#respond"]}]},{"@type":"WebPage","@id":"https:\/\/centrourbano.com\/revista\/arquitectura-2\/aedas-homes-arquitectos-renovaran-casetas-venta\/","url":"https:\/\/centrourbano.com\/revista\/arquitectura-2\/aedas-homes-arquitectos-renovaran-casetas-venta\/","name":"Aedas Homes y arquitectos renovar\u00e1n casetas de venta -","isPartOf":{"@id":"https:\/\/centrourbano.com\/revista\/#website"},"primaryImageOfPage":{"@id":"https:\/\/centrourbano.com\/revista\/arquitectura-2\/aedas-homes-arquitectos-renovaran-casetas-venta\/#primaryimage"},"image":{"@id":"https:\/\/centrourbano.com\/revista\/arquitectura-2\/aedas-homes-arquitectos-renovaran-casetas-venta\/#primaryimage"},"thumbnailUrl":"https:\/\/centrourbano.com\/revista\/wp-content\/uploads\/aeda-e1519086224551.jpg","datePublished":"2018-02-20T00:24:24+00:00","dateModified":"2018-02-20T00:25:00+00:00","description":"La empresa desarrolladora de vivienda espa\u00f1ola Aedas Homes, en conjunto con el Colegio de Arquitectos de Madrid, lanz\u00f3 un concurso para crear una caseta de ventas bajo el concepto de \u2018Show Office\u2019, es decir, que conjugue las funciones de una oficina de ventas, as\u00ed como los atractivos de un piso piloto.","breadcrumb":{"@id":"https:\/\/centrourbano.com\/revista\/arquitectura-2\/aedas-homes-arquitectos-renovaran-casetas-venta\/#breadcrumb"},"inLanguage":"es","potentialAction":[{"@type":"ReadAction","target":["https:\/\/centrourbano.com\/revista\/arquitectura-2\/aedas-homes-arquitectos-renovaran-casetas-venta\/"]}]},{"@type":"ImageObject","inLanguage":"es","@id":"https:\/\/centrourbano.com\/revista\/arquitectura-2\/aedas-homes-arquitectos-renovaran-casetas-venta\/#primaryimage","url":"https:\/\/centrourbano.com\/revista\/wp-content\/uploads\/aeda-e1519086224551.jpg","contentUrl":"https:\/\/centrourbano.com\/revista\/wp-content\/uploads\/aeda-e1519086224551.jpg","width":800,"height":600,"caption":"Los ganadores podr\u00e1n dise\u00f1ar los puntos de venta de la empresa para todos sus proyectos"},{"@type":"BreadcrumbList","@id":"https:\/\/centrourbano.com\/revista\/arquitectura-2\/aedas-homes-arquitectos-renovaran-casetas-venta\/#breadcrumb","itemListElement":[{"@type":"ListItem","position":1,"name":"Portada","item":"https:\/\/centrourbano.com\/revista\/"},{"@type":"ListItem","position":2,"name":"Aedas Homes y arquitectos renovar\u00e1n casetas de venta"}]},{"@type":"WebSite","@id":"https:\/\/centrourbano.com\/revista\/#website","url":"https:\/\/centrourbano.com\/revista\/","name":"Centro Urbano","description":"Medio especializado en los sectores vivienda, inmobiliario, construcci\u00f3n, arquitectura y urbanismo.","publisher":{"@id":"https:\/\/centrourbano.com\/revista\/#organization"},"potentialAction":[{"@type":"SearchAction","target":{"@type":"EntryPoint","urlTemplate":"https:\/\/centrourbano.com\/revista\/?s={search_term_string}"},"query-input":{"@type":"PropertyValueSpecification","valueRequired":true,"valueName":"search_term_string"}}],"inLanguage":"es"},{"@type":"Organization","@id":"https:\/\/centrourbano.com\/revista\/#organization","name":"Centro Urbano","url":"https:\/\/centrourbano.com\/revista\/","logo":{"@type":"ImageObject","inLanguage":"es","@id":"https:\/\/centrourbano.com\/revista\/#\/schema\/logo\/image\/","url":"https:\/\/centrourbano.com\/revista\/wp-content\/uploads\/web_CU_logo-1.png","contentUrl":"https:\/\/centrourbano.com\/revista\/wp-content\/uploads\/web_CU_logo-1.png","width":350,"height":91,"caption":"Centro Urbano"},"image":{"@id":"https:\/\/centrourbano.com\/revista\/#\/schema\/logo\/image\/"},"sameAs":["https:\/\/www.facebook.com\/portalcentrourbano","https:\/\/x.com\/CentroUrbano","https:\/\/www.instagram.com\/centro_urbano\/","https:\/\/www.linkedin.com\/company\/centro-urbano\/","http:\/\/www.youtube.com\/user\/portalcentrourbano"]},{"@type":"Person","@id":"https:\/\/centrourbano.com\/revista\/#\/schema\/person\/b50192a3cd0e680841b45dc537f53970","name":"Diego Rodr\u00edguez","image":{"@type":"ImageObject","inLanguage":"es","@id":"https:\/\/secure.gravatar.com\/avatar\/d217565525df2df5d4e7265d47758506f41845ed9529510921a7625d8365789d?s=96&d=mm&r=g","url":"https:\/\/secure.gravatar.com\/avatar\/d217565525df2df5d4e7265d47758506f41845ed9529510921a7625d8365789d?s=96&d=mm&r=g","contentUrl":"https:\/\/secure.gravatar.com\/avatar\/d217565525df2df5d4e7265d47758506f41845ed9529510921a7625d8365789d?s=96&d=mm&r=g","caption":"Diego Rodr\u00edguez"},"description":"Egresado de la Facultad de Estudios Superiores Acatl\u00e1n de la carrera en Comunicaci\u00f3n, con especialidad en medios escritos. Reportero del desaparecido peri\u00f3dico Nuestro M\u00e9xico, en donde cubri\u00f3 las fuentes delegacionales y Asamblea Legislativa. Tambi\u00e9n trabaj\u00f3 en la Coordinaci\u00f3n de Comunicaci\u00f3n Social en la delegaci\u00f3n \u00c1lvaro Obreg\u00f3n. Le gusta leer novelas y cuentos.","url":"https:\/\/centrourbano.com\/revista\/author\/diegorodriguez\/"}]}},"_links":{"self":[{"href":"https:\/\/centrourbano.com\/revista\/wp-json\/wp\/v2\/posts\/67381","targetHints":{"allow":["GET"]}}],"collection":[{"href":"https:\/\/centrourbano.com\/revista\/wp-json\/wp\/v2\/posts"}],"about":[{"href":"https:\/\/centrourbano.com\/revista\/wp-json\/wp\/v2\/types\/post"}],"author":[{"embeddable":true,"href":"https:\/\/centrourbano.com\/revista\/wp-json\/wp\/v2\/users\/37"}],"replies":[{"embeddable":true,"href":"https:\/\/centrourbano.com\/revista\/wp-json\/wp\/v2\/comments?post=67381"}],"version-history":[{"count":3,"href":"https:\/\/centrourbano.com\/revista\/wp-json\/wp\/v2\/posts\/67381\/revisions"}],"predecessor-version":[{"id":67388,"href":"https:\/\/centrourbano.com\/revista\/wp-json\/wp\/v2\/posts\/67381\/revisions\/67388"}],"wp:featuredmedia":[{"embeddable":true,"href":"https:\/\/centrourbano.com\/revista\/wp-json\/wp\/v2\/media\/67385"}],"wp:attachment":[{"href":"https:\/\/centrourbano.com\/revista\/wp-json\/wp\/v2\/media?parent=67381"}],"wp:term":[{"taxonomy":"category","embeddable":true,"href":"https:\/\/centrourbano.com\/revista\/wp-json\/wp\/v2\/categories?post=67381"},{"taxonomy":"post_tag","embeddable":true,"href":"https:\/\/centrourbano.com\/revista\/wp-json\/wp\/v2\/tags?post=67381"}],"curies":[{"name":"wp","href":"https:\/\/api.w.org\/{rel}","templated":true}]}}