{"id":67331,"date":"2018-02-19T10:23:43","date_gmt":"2018-02-19T16:23:43","guid":{"rendered":"https:\/\/centrourbano.com\/?p=67331"},"modified":"2018-02-19T10:26:27","modified_gmt":"2018-02-19T16:26:27","slug":"regus-abrio-sede-centro-convenciones-cancun","status":"publish","type":"post","link":"https:\/\/centrourbano.com\/revista\/inmobiliario\/regus-abrio-sede-centro-convenciones-cancun\/","title":{"rendered":"Regus abri\u00f3 sede en el Centro de Convenciones de Canc\u00fan"},"content":{"rendered":"<p><em>Muchas Pymes no pueden competir con otras empresas por no tener un espacio adecuado: Sansores<\/em><br \/>\n<!--more--><\/p>\n<p>De acuerdo con datos del <a href=\"http:\/\/www.inegi.org.mx\/\" rel=\"noopener\" target=\"_blank\">Instituto Nacional de Estad\u00edstica y Geograf\u00eda<\/a> (Inegi) en M\u00e9xico hay 4 millones de microempresas, adem\u00e1s de 200,000 peque\u00f1as y 35,000 medianas empresas (Pymes), \u00e9stas representan 40% del Producto Interno Bruto (PIB); sin embargo, sus retos principales en su gesti\u00f3n son el crecimiento y la estabilidad. <\/p>\n<p>Adem\u00e1s, seg\u00fan el Centro de Desarrollo para la Competitividad Empresarial, tan s\u00f3lo el 25% de las pymes en M\u00e9xico sobreviven a los primeros dos a\u00f1os de su creaci\u00f3n. <\/p>\n<p>\u201cAl momento de que las Pymes compiten con otras empresas no disponen de los suficientes recursos para invertir en una oficina dentro de un edificio corporativo de primer nivel, que les brinde de una imagen competitiva de nivel internacional y as\u00ed logren una posici\u00f3n equivalente ante sus competidores, ya que en la actualidad todo tipo de negocio se mueve dentro de un entorno globalizado\u201d, dijo M\u00f3nica Sansores, directora ejecutiva de Regus en M\u00e9xico.<\/p>\n<p>Agreg\u00f3 que la empresa, especializada en brindar espacios de trabajo con dise\u00f1o funcional y ambientaci\u00f3n enfocada en impulsar la productividad, abri\u00f3 un nuevo espacio en Canc\u00fan, Quintana Roo, plaza que cada vez destaca m\u00e1s por la oportunidad para hacer negocios. <\/p>\n<p>\u201cPese a que las peque\u00f1as y medianas empresas aportan 78% del empleo en M\u00e9xico, su participaci\u00f3n en el PIB y en las exportaciones es d\u00e9bil por falta de liquidez en su capital y la falta de una administraci\u00f3n profesional, as\u00ed los han se\u00f1alado expertos de la <a href=\"https:\/\/www.cepal.org\/es\" rel=\"noopener\" target=\"_blank\">Comisi\u00f3n Econ\u00f3mica para Am\u00e9rica Latina y el Caribe<\/a>\u201d.<\/p>\n<p>Con su nueva sede esperan ofrecer a los empresarios del sureste las herramientas para impulsar el crecimiento de sus negocios de manera estable en un mercado cada vez m\u00e1s competido.<\/p>\n<p>\u00abRegus Punta Canc\u00fan est\u00e1 en el <a href=\"http:\/\/cancunicc.com\/\" rel=\"noopener\" target=\"_blank\">Centro Internacional de Convenciones de Canc\u00fan<\/a> (ICC), los usuarios podr\u00e1n aprovechar los diversos recursos que se les proporcionan con el fin de incrementar sus operaciones y ventas. Asimismo, podr\u00e1n lograr un ahorro de hasta 60% en sus gastos de oficina y las necesidades administrativas de su negocio siempre estar\u00e1n cubiertas\u201d, concluy\u00f3 Sansores.    <\/p>\n","protected":false},"excerpt":{"rendered":"<p>Muchas Pymes no pueden competir con otras empresas por no tener un espacio adecuado: Sansores<\/p>\n","protected":false},"author":37,"featured_media":67336,"comment_status":"open","ping_status":"closed","sticky":false,"template":"","format":"standard","meta":{"om_disable_all_campaigns":false,"inline_featured_image":false,"_monsterinsights_skip_tracking":false,"_monsterinsights_sitenote_active":false,"_monsterinsights_sitenote_note":"","_monsterinsights_sitenote_category":0,"footnotes":""},"categories":[15],"tags":[363,12700,430,58,660,9734],"class_list":["post-67331","post","type-post","status-publish","format-standard","has-post-thumbnail","hentry","category-inmobiliario","tag-cancun","tag-centro-de-convenciones-de-cancun","tag-inegi","tag-oficinas","tag-pymes","tag-regus"],"yoast_head":"<!-- This site is optimized with the Yoast SEO plugin v27.5 - https:\/\/yoast.com\/product\/yoast-seo-wordpress\/ -->\n<title>Regus abri\u00f3 sede en el Centro de Convenciones de Canc\u00fan -<\/title>\n<meta name=\"description\" content=\"De acuerdo con datos del Instituto Nacional de Estad\u00edstica y Geograf\u00eda (Inegi) en M\u00e9xico hay 4 millones de microempresas, adem\u00e1s de 200,000 peque\u00f1as y 35,000 medianas empresas (Pymes), \u00e9stas representan 40% del Producto Interno Bruto (PIB); sin embargo, sus retos principales en su gesti\u00f3n son el crecimiento y la estabilidad.\" \/>\n<meta name=\"robots\" content=\"index, follow, max-snippet:-1, max-image-preview:large, max-video-preview:-1\" \/>\n<link rel=\"canonical\" href=\"https:\/\/centrourbano.com\/revista\/inmobiliario\/regus-abrio-sede-centro-convenciones-cancun\/\" \/>\n<meta property=\"og:locale\" content=\"es_ES\" \/>\n<meta property=\"og:type\" content=\"article\" \/>\n<meta property=\"og:title\" content=\"Regus abri\u00f3 sede en el Centro de Convenciones de Canc\u00fan -\" \/>\n<meta property=\"og:description\" content=\"De acuerdo con datos del Instituto Nacional de Estad\u00edstica y Geograf\u00eda (Inegi) en M\u00e9xico hay 4 millones de microempresas, adem\u00e1s de 200,000 peque\u00f1as y 35,000 medianas empresas (Pymes), \u00e9stas representan 40% del Producto Interno Bruto (PIB); sin embargo, sus retos principales en su gesti\u00f3n son el crecimiento y la estabilidad.\" \/>\n<meta property=\"og:url\" content=\"https:\/\/centrourbano.com\/revista\/inmobiliario\/regus-abrio-sede-centro-convenciones-cancun\/\" \/>\n<meta property=\"og:site_name\" content=\"Centro Urbano\" \/>\n<meta property=\"article:publisher\" content=\"https:\/\/www.facebook.com\/portalcentrourbano\" \/>\n<meta property=\"article:published_time\" content=\"2018-02-19T16:23:43+00:00\" \/>\n<meta property=\"article:modified_time\" content=\"2018-02-19T16:26:27+00:00\" \/>\n<meta property=\"og:image\" content=\"https:\/\/centrourbano.com\/revista\/wp-content\/uploads\/regus-e1519055666135.jpg\" \/>\n\t<meta property=\"og:image:width\" content=\"800\" \/>\n\t<meta property=\"og:image:height\" content=\"534\" \/>\n\t<meta property=\"og:image:type\" content=\"image\/jpeg\" \/>\n<meta name=\"author\" content=\"Diego Rodr\u00edguez\" \/>\n<meta name=\"twitter:card\" content=\"summary_large_image\" \/>\n<meta name=\"twitter:creator\" content=\"@CentroUrbano\" \/>\n<meta name=\"twitter:site\" content=\"@CentroUrbano\" \/>\n<meta name=\"twitter:label1\" content=\"Escrito por\" \/>\n\t<meta name=\"twitter:data1\" content=\"Diego Rodr\u00edguez\" \/>\n\t<meta name=\"twitter:label2\" content=\"Tiempo de lectura\" \/>\n\t<meta name=\"twitter:data2\" content=\"2 minutos\" \/>\n<script type=\"application\/ld+json\" class=\"yoast-schema-graph\">{\"@context\":\"https:\\\/\\\/schema.org\",\"@graph\":[{\"@type\":\"Article\",\"@id\":\"https:\\\/\\\/centrourbano.com\\\/revista\\\/inmobiliario\\\/regus-abrio-sede-centro-convenciones-cancun\\\/#article\",\"isPartOf\":{\"@id\":\"https:\\\/\\\/centrourbano.com\\\/revista\\\/inmobiliario\\\/regus-abrio-sede-centro-convenciones-cancun\\\/\"},\"author\":{\"name\":\"Diego Rodr\u00edguez\",\"@id\":\"https:\\\/\\\/centrourbano.com\\\/revista\\\/#\\\/schema\\\/person\\\/b50192a3cd0e680841b45dc537f53970\"},\"headline\":\"Regus abri\u00f3 sede en el Centro de Convenciones de Canc\u00fan\",\"datePublished\":\"2018-02-19T16:23:43+00:00\",\"dateModified\":\"2018-02-19T16:26:27+00:00\",\"mainEntityOfPage\":{\"@id\":\"https:\\\/\\\/centrourbano.com\\\/revista\\\/inmobiliario\\\/regus-abrio-sede-centro-convenciones-cancun\\\/\"},\"wordCount\":386,\"commentCount\":0,\"publisher\":{\"@id\":\"https:\\\/\\\/centrourbano.com\\\/revista\\\/#organization\"},\"image\":{\"@id\":\"https:\\\/\\\/centrourbano.com\\\/revista\\\/inmobiliario\\\/regus-abrio-sede-centro-convenciones-cancun\\\/#primaryimage\"},\"thumbnailUrl\":\"https:\\\/\\\/centrourbano.com\\\/revista\\\/wp-content\\\/uploads\\\/regus-e1519055666135.jpg\",\"keywords\":[\"Canc\u00fan\",\"Centro de Convenciones de Canc\u00fan\",\"Inegi\",\"oficinas\",\"Pymes\",\"Regus\"],\"articleSection\":[\"Inmobiliario\"],\"inLanguage\":\"es\",\"potentialAction\":[{\"@type\":\"CommentAction\",\"name\":\"Comment\",\"target\":[\"https:\\\/\\\/centrourbano.com\\\/revista\\\/inmobiliario\\\/regus-abrio-sede-centro-convenciones-cancun\\\/#respond\"]}]},{\"@type\":\"WebPage\",\"@id\":\"https:\\\/\\\/centrourbano.com\\\/revista\\\/inmobiliario\\\/regus-abrio-sede-centro-convenciones-cancun\\\/\",\"url\":\"https:\\\/\\\/centrourbano.com\\\/revista\\\/inmobiliario\\\/regus-abrio-sede-centro-convenciones-cancun\\\/\",\"name\":\"Regus abri\u00f3 sede en el Centro de Convenciones de Canc\u00fan -\",\"isPartOf\":{\"@id\":\"https:\\\/\\\/centrourbano.com\\\/revista\\\/#website\"},\"primaryImageOfPage\":{\"@id\":\"https:\\\/\\\/centrourbano.com\\\/revista\\\/inmobiliario\\\/regus-abrio-sede-centro-convenciones-cancun\\\/#primaryimage\"},\"image\":{\"@id\":\"https:\\\/\\\/centrourbano.com\\\/revista\\\/inmobiliario\\\/regus-abrio-sede-centro-convenciones-cancun\\\/#primaryimage\"},\"thumbnailUrl\":\"https:\\\/\\\/centrourbano.com\\\/revista\\\/wp-content\\\/uploads\\\/regus-e1519055666135.jpg\",\"datePublished\":\"2018-02-19T16:23:43+00:00\",\"dateModified\":\"2018-02-19T16:26:27+00:00\",\"description\":\"De acuerdo con datos del Instituto Nacional de Estad\u00edstica y Geograf\u00eda (Inegi) en M\u00e9xico hay 4 millones de microempresas, adem\u00e1s de 200,000 peque\u00f1as y 35,000 medianas empresas (Pymes), \u00e9stas representan 40% del Producto Interno Bruto (PIB); sin embargo, sus retos principales en su gesti\u00f3n son el crecimiento y la estabilidad.\",\"breadcrumb\":{\"@id\":\"https:\\\/\\\/centrourbano.com\\\/revista\\\/inmobiliario\\\/regus-abrio-sede-centro-convenciones-cancun\\\/#breadcrumb\"},\"inLanguage\":\"es\",\"potentialAction\":[{\"@type\":\"ReadAction\",\"target\":[\"https:\\\/\\\/centrourbano.com\\\/revista\\\/inmobiliario\\\/regus-abrio-sede-centro-convenciones-cancun\\\/\"]}]},{\"@type\":\"ImageObject\",\"inLanguage\":\"es\",\"@id\":\"https:\\\/\\\/centrourbano.com\\\/revista\\\/inmobiliario\\\/regus-abrio-sede-centro-convenciones-cancun\\\/#primaryimage\",\"url\":\"https:\\\/\\\/centrourbano.com\\\/revista\\\/wp-content\\\/uploads\\\/regus-e1519055666135.jpg\",\"contentUrl\":\"https:\\\/\\\/centrourbano.com\\\/revista\\\/wp-content\\\/uploads\\\/regus-e1519055666135.jpg\",\"width\":800,\"height\":534,\"caption\":\"Muchas Pymes no pueden competir con otras empresas por no tener un espacio adecuado: Sansores\"},{\"@type\":\"BreadcrumbList\",\"@id\":\"https:\\\/\\\/centrourbano.com\\\/revista\\\/inmobiliario\\\/regus-abrio-sede-centro-convenciones-cancun\\\/#breadcrumb\",\"itemListElement\":[{\"@type\":\"ListItem\",\"position\":1,\"name\":\"Portada\",\"item\":\"https:\\\/\\\/centrourbano.com\\\/revista\\\/\"},{\"@type\":\"ListItem\",\"position\":2,\"name\":\"Regus abri\u00f3 sede en el Centro de Convenciones de Canc\u00fan\"}]},{\"@type\":\"WebSite\",\"@id\":\"https:\\\/\\\/centrourbano.com\\\/revista\\\/#website\",\"url\":\"https:\\\/\\\/centrourbano.com\\\/revista\\\/\",\"name\":\"Centro Urbano\",\"description\":\"Medio especializado en los sectores vivienda, inmobiliario, construcci\u00f3n, arquitectura y urbanismo.\",\"publisher\":{\"@id\":\"https:\\\/\\\/centrourbano.com\\\/revista\\\/#organization\"},\"potentialAction\":[{\"@type\":\"SearchAction\",\"target\":{\"@type\":\"EntryPoint\",\"urlTemplate\":\"https:\\\/\\\/centrourbano.com\\\/revista\\\/?s={search_term_string}\"},\"query-input\":{\"@type\":\"PropertyValueSpecification\",\"valueRequired\":true,\"valueName\":\"search_term_string\"}}],\"inLanguage\":\"es\"},{\"@type\":\"Organization\",\"@id\":\"https:\\\/\\\/centrourbano.com\\\/revista\\\/#organization\",\"name\":\"Centro Urbano\",\"url\":\"https:\\\/\\\/centrourbano.com\\\/revista\\\/\",\"logo\":{\"@type\":\"ImageObject\",\"inLanguage\":\"es\",\"@id\":\"https:\\\/\\\/centrourbano.com\\\/revista\\\/#\\\/schema\\\/logo\\\/image\\\/\",\"url\":\"https:\\\/\\\/centrourbano.com\\\/revista\\\/wp-content\\\/uploads\\\/web_CU_logo-1.png\",\"contentUrl\":\"https:\\\/\\\/centrourbano.com\\\/revista\\\/wp-content\\\/uploads\\\/web_CU_logo-1.png\",\"width\":350,\"height\":91,\"caption\":\"Centro Urbano\"},\"image\":{\"@id\":\"https:\\\/\\\/centrourbano.com\\\/revista\\\/#\\\/schema\\\/logo\\\/image\\\/\"},\"sameAs\":[\"https:\\\/\\\/www.facebook.com\\\/portalcentrourbano\",\"https:\\\/\\\/x.com\\\/CentroUrbano\",\"https:\\\/\\\/www.instagram.com\\\/centro_urbano\\\/\",\"https:\\\/\\\/www.linkedin.com\\\/company\\\/centro-urbano\\\/\",\"http:\\\/\\\/www.youtube.com\\\/user\\\/portalcentrourbano\"]},{\"@type\":\"Person\",\"@id\":\"https:\\\/\\\/centrourbano.com\\\/revista\\\/#\\\/schema\\\/person\\\/b50192a3cd0e680841b45dc537f53970\",\"name\":\"Diego Rodr\u00edguez\",\"image\":{\"@type\":\"ImageObject\",\"inLanguage\":\"es\",\"@id\":\"https:\\\/\\\/secure.gravatar.com\\\/avatar\\\/d217565525df2df5d4e7265d47758506f41845ed9529510921a7625d8365789d?s=96&d=mm&r=g\",\"url\":\"https:\\\/\\\/secure.gravatar.com\\\/avatar\\\/d217565525df2df5d4e7265d47758506f41845ed9529510921a7625d8365789d?s=96&d=mm&r=g\",\"contentUrl\":\"https:\\\/\\\/secure.gravatar.com\\\/avatar\\\/d217565525df2df5d4e7265d47758506f41845ed9529510921a7625d8365789d?s=96&d=mm&r=g\",\"caption\":\"Diego Rodr\u00edguez\"},\"description\":\"Egresado de la Facultad de Estudios Superiores Acatl\u00e1n de la carrera en Comunicaci\u00f3n, con especialidad en medios escritos. Reportero del desaparecido peri\u00f3dico Nuestro M\u00e9xico, en donde cubri\u00f3 las fuentes delegacionales y Asamblea Legislativa. Tambi\u00e9n trabaj\u00f3 en la Coordinaci\u00f3n de Comunicaci\u00f3n Social en la delegaci\u00f3n \u00c1lvaro Obreg\u00f3n. Le gusta leer novelas y cuentos.\",\"url\":\"https:\\\/\\\/centrourbano.com\\\/revista\\\/author\\\/diegorodriguez\\\/\"}]}<\/script>\n<!-- \/ Yoast SEO plugin. -->","yoast_head_json":{"title":"Regus abri\u00f3 sede en el Centro de Convenciones de Canc\u00fan -","description":"De acuerdo con datos del Instituto Nacional de Estad\u00edstica y Geograf\u00eda (Inegi) en M\u00e9xico hay 4 millones de microempresas, adem\u00e1s de 200,000 peque\u00f1as y 35,000 medianas empresas (Pymes), \u00e9stas representan 40% del Producto Interno Bruto (PIB); sin embargo, sus retos principales en su gesti\u00f3n son el crecimiento y la estabilidad.","robots":{"index":"index","follow":"follow","max-snippet":"max-snippet:-1","max-image-preview":"max-image-preview:large","max-video-preview":"max-video-preview:-1"},"canonical":"https:\/\/centrourbano.com\/revista\/inmobiliario\/regus-abrio-sede-centro-convenciones-cancun\/","og_locale":"es_ES","og_type":"article","og_title":"Regus abri\u00f3 sede en el Centro de Convenciones de Canc\u00fan -","og_description":"De acuerdo con datos del Instituto Nacional de Estad\u00edstica y Geograf\u00eda (Inegi) en M\u00e9xico hay 4 millones de microempresas, adem\u00e1s de 200,000 peque\u00f1as y 35,000 medianas empresas (Pymes), \u00e9stas representan 40% del Producto Interno Bruto (PIB); sin embargo, sus retos principales en su gesti\u00f3n son el crecimiento y la estabilidad.","og_url":"https:\/\/centrourbano.com\/revista\/inmobiliario\/regus-abrio-sede-centro-convenciones-cancun\/","og_site_name":"Centro Urbano","article_publisher":"https:\/\/www.facebook.com\/portalcentrourbano","article_published_time":"2018-02-19T16:23:43+00:00","article_modified_time":"2018-02-19T16:26:27+00:00","og_image":[{"width":800,"height":534,"url":"https:\/\/centrourbano.com\/revista\/wp-content\/uploads\/regus-e1519055666135.jpg","type":"image\/jpeg"}],"author":"Diego Rodr\u00edguez","twitter_card":"summary_large_image","twitter_creator":"@CentroUrbano","twitter_site":"@CentroUrbano","twitter_misc":{"Escrito por":"Diego Rodr\u00edguez","Tiempo de lectura":"2 minutos"},"schema":{"@context":"https:\/\/schema.org","@graph":[{"@type":"Article","@id":"https:\/\/centrourbano.com\/revista\/inmobiliario\/regus-abrio-sede-centro-convenciones-cancun\/#article","isPartOf":{"@id":"https:\/\/centrourbano.com\/revista\/inmobiliario\/regus-abrio-sede-centro-convenciones-cancun\/"},"author":{"name":"Diego Rodr\u00edguez","@id":"https:\/\/centrourbano.com\/revista\/#\/schema\/person\/b50192a3cd0e680841b45dc537f53970"},"headline":"Regus abri\u00f3 sede en el Centro de Convenciones de Canc\u00fan","datePublished":"2018-02-19T16:23:43+00:00","dateModified":"2018-02-19T16:26:27+00:00","mainEntityOfPage":{"@id":"https:\/\/centrourbano.com\/revista\/inmobiliario\/regus-abrio-sede-centro-convenciones-cancun\/"},"wordCount":386,"commentCount":0,"publisher":{"@id":"https:\/\/centrourbano.com\/revista\/#organization"},"image":{"@id":"https:\/\/centrourbano.com\/revista\/inmobiliario\/regus-abrio-sede-centro-convenciones-cancun\/#primaryimage"},"thumbnailUrl":"https:\/\/centrourbano.com\/revista\/wp-content\/uploads\/regus-e1519055666135.jpg","keywords":["Canc\u00fan","Centro de Convenciones de Canc\u00fan","Inegi","oficinas","Pymes","Regus"],"articleSection":["Inmobiliario"],"inLanguage":"es","potentialAction":[{"@type":"CommentAction","name":"Comment","target":["https:\/\/centrourbano.com\/revista\/inmobiliario\/regus-abrio-sede-centro-convenciones-cancun\/#respond"]}]},{"@type":"WebPage","@id":"https:\/\/centrourbano.com\/revista\/inmobiliario\/regus-abrio-sede-centro-convenciones-cancun\/","url":"https:\/\/centrourbano.com\/revista\/inmobiliario\/regus-abrio-sede-centro-convenciones-cancun\/","name":"Regus abri\u00f3 sede en el Centro de Convenciones de Canc\u00fan -","isPartOf":{"@id":"https:\/\/centrourbano.com\/revista\/#website"},"primaryImageOfPage":{"@id":"https:\/\/centrourbano.com\/revista\/inmobiliario\/regus-abrio-sede-centro-convenciones-cancun\/#primaryimage"},"image":{"@id":"https:\/\/centrourbano.com\/revista\/inmobiliario\/regus-abrio-sede-centro-convenciones-cancun\/#primaryimage"},"thumbnailUrl":"https:\/\/centrourbano.com\/revista\/wp-content\/uploads\/regus-e1519055666135.jpg","datePublished":"2018-02-19T16:23:43+00:00","dateModified":"2018-02-19T16:26:27+00:00","description":"De acuerdo con datos del Instituto Nacional de Estad\u00edstica y Geograf\u00eda (Inegi) en M\u00e9xico hay 4 millones de microempresas, adem\u00e1s de 200,000 peque\u00f1as y 35,000 medianas empresas (Pymes), \u00e9stas representan 40% del Producto Interno Bruto (PIB); sin embargo, sus retos principales en su gesti\u00f3n son el crecimiento y la estabilidad.","breadcrumb":{"@id":"https:\/\/centrourbano.com\/revista\/inmobiliario\/regus-abrio-sede-centro-convenciones-cancun\/#breadcrumb"},"inLanguage":"es","potentialAction":[{"@type":"ReadAction","target":["https:\/\/centrourbano.com\/revista\/inmobiliario\/regus-abrio-sede-centro-convenciones-cancun\/"]}]},{"@type":"ImageObject","inLanguage":"es","@id":"https:\/\/centrourbano.com\/revista\/inmobiliario\/regus-abrio-sede-centro-convenciones-cancun\/#primaryimage","url":"https:\/\/centrourbano.com\/revista\/wp-content\/uploads\/regus-e1519055666135.jpg","contentUrl":"https:\/\/centrourbano.com\/revista\/wp-content\/uploads\/regus-e1519055666135.jpg","width":800,"height":534,"caption":"Muchas Pymes no pueden competir con otras empresas por no tener un espacio adecuado: Sansores"},{"@type":"BreadcrumbList","@id":"https:\/\/centrourbano.com\/revista\/inmobiliario\/regus-abrio-sede-centro-convenciones-cancun\/#breadcrumb","itemListElement":[{"@type":"ListItem","position":1,"name":"Portada","item":"https:\/\/centrourbano.com\/revista\/"},{"@type":"ListItem","position":2,"name":"Regus abri\u00f3 sede en el Centro de Convenciones de Canc\u00fan"}]},{"@type":"WebSite","@id":"https:\/\/centrourbano.com\/revista\/#website","url":"https:\/\/centrourbano.com\/revista\/","name":"Centro Urbano","description":"Medio especializado en los sectores vivienda, inmobiliario, construcci\u00f3n, arquitectura y urbanismo.","publisher":{"@id":"https:\/\/centrourbano.com\/revista\/#organization"},"potentialAction":[{"@type":"SearchAction","target":{"@type":"EntryPoint","urlTemplate":"https:\/\/centrourbano.com\/revista\/?s={search_term_string}"},"query-input":{"@type":"PropertyValueSpecification","valueRequired":true,"valueName":"search_term_string"}}],"inLanguage":"es"},{"@type":"Organization","@id":"https:\/\/centrourbano.com\/revista\/#organization","name":"Centro Urbano","url":"https:\/\/centrourbano.com\/revista\/","logo":{"@type":"ImageObject","inLanguage":"es","@id":"https:\/\/centrourbano.com\/revista\/#\/schema\/logo\/image\/","url":"https:\/\/centrourbano.com\/revista\/wp-content\/uploads\/web_CU_logo-1.png","contentUrl":"https:\/\/centrourbano.com\/revista\/wp-content\/uploads\/web_CU_logo-1.png","width":350,"height":91,"caption":"Centro Urbano"},"image":{"@id":"https:\/\/centrourbano.com\/revista\/#\/schema\/logo\/image\/"},"sameAs":["https:\/\/www.facebook.com\/portalcentrourbano","https:\/\/x.com\/CentroUrbano","https:\/\/www.instagram.com\/centro_urbano\/","https:\/\/www.linkedin.com\/company\/centro-urbano\/","http:\/\/www.youtube.com\/user\/portalcentrourbano"]},{"@type":"Person","@id":"https:\/\/centrourbano.com\/revista\/#\/schema\/person\/b50192a3cd0e680841b45dc537f53970","name":"Diego Rodr\u00edguez","image":{"@type":"ImageObject","inLanguage":"es","@id":"https:\/\/secure.gravatar.com\/avatar\/d217565525df2df5d4e7265d47758506f41845ed9529510921a7625d8365789d?s=96&d=mm&r=g","url":"https:\/\/secure.gravatar.com\/avatar\/d217565525df2df5d4e7265d47758506f41845ed9529510921a7625d8365789d?s=96&d=mm&r=g","contentUrl":"https:\/\/secure.gravatar.com\/avatar\/d217565525df2df5d4e7265d47758506f41845ed9529510921a7625d8365789d?s=96&d=mm&r=g","caption":"Diego Rodr\u00edguez"},"description":"Egresado de la Facultad de Estudios Superiores Acatl\u00e1n de la carrera en Comunicaci\u00f3n, con especialidad en medios escritos. Reportero del desaparecido peri\u00f3dico Nuestro M\u00e9xico, en donde cubri\u00f3 las fuentes delegacionales y Asamblea Legislativa. Tambi\u00e9n trabaj\u00f3 en la Coordinaci\u00f3n de Comunicaci\u00f3n Social en la delegaci\u00f3n \u00c1lvaro Obreg\u00f3n. Le gusta leer novelas y cuentos.","url":"https:\/\/centrourbano.com\/revista\/author\/diegorodriguez\/"}]}},"_links":{"self":[{"href":"https:\/\/centrourbano.com\/revista\/wp-json\/wp\/v2\/posts\/67331","targetHints":{"allow":["GET"]}}],"collection":[{"href":"https:\/\/centrourbano.com\/revista\/wp-json\/wp\/v2\/posts"}],"about":[{"href":"https:\/\/centrourbano.com\/revista\/wp-json\/wp\/v2\/types\/post"}],"author":[{"embeddable":true,"href":"https:\/\/centrourbano.com\/revista\/wp-json\/wp\/v2\/users\/37"}],"replies":[{"embeddable":true,"href":"https:\/\/centrourbano.com\/revista\/wp-json\/wp\/v2\/comments?post=67331"}],"version-history":[{"count":3,"href":"https:\/\/centrourbano.com\/revista\/wp-json\/wp\/v2\/posts\/67331\/revisions"}],"predecessor-version":[{"id":67343,"href":"https:\/\/centrourbano.com\/revista\/wp-json\/wp\/v2\/posts\/67331\/revisions\/67343"}],"wp:featuredmedia":[{"embeddable":true,"href":"https:\/\/centrourbano.com\/revista\/wp-json\/wp\/v2\/media\/67336"}],"wp:attachment":[{"href":"https:\/\/centrourbano.com\/revista\/wp-json\/wp\/v2\/media?parent=67331"}],"wp:term":[{"taxonomy":"category","embeddable":true,"href":"https:\/\/centrourbano.com\/revista\/wp-json\/wp\/v2\/categories?post=67331"},{"taxonomy":"post_tag","embeddable":true,"href":"https:\/\/centrourbano.com\/revista\/wp-json\/wp\/v2\/tags?post=67331"}],"curies":[{"name":"wp","href":"https:\/\/api.w.org\/{rel}","templated":true}]}}