{"id":67326,"date":"2018-02-19T09:34:25","date_gmt":"2018-02-19T15:34:25","guid":{"rendered":"https:\/\/centrourbano.com\/?p=67326"},"modified":"2018-05-23T17:58:00","modified_gmt":"2018-05-23T22:58:00","slug":"los-hombres-los-candidatos-las-agendas-desarrollo-urbano-vivienda","status":"publish","type":"post","link":"https:\/\/centrourbano.com\/revista\/opinion\/los-hombres-los-candidatos-las-agendas-desarrollo-urbano-vivienda\/","title":{"rendered":"Los hombres de los candidatos para las agendas de desarrollo urbano y vivienda"},"content":{"rendered":"<p>Qu\u00e9 se le va a hacer, en medio de esta joya del realismo m\u00e1gico a la mexicana en que se han convertido nuestros procesos electorales, estamos en ese limbo llamado IN-TER-CAM-PA-\u00d1AS&#8230; Ese extra\u00f1o espacio que viene despu\u00e9s del no menos extra\u00f1o cap\u00edtulo de las campa\u00f1as internas&#8230;<!--more--><\/p>\n<p>Porque aunque parezca que hace una vida que estamos metidos en este baile, pues no&#8230; A\u00fan ni empezamos&#8230; No hemos llegado al esperado momento de escuchar propuestas y todo se ha limitado a guerritas de lodo, una sobredosis de anuncios y las ganas de vomitar si nos amenazan con recetarnos una vez m\u00e1s el nanananana del movimiento naranja.<\/p>\n<p>Queda la esperanza de que con las campa\u00f1as lleguen, al fin, las propuestas&#8230; Y no me refiero a propuestas que no pasen de ser rollo en su m\u00e1s pura expresi\u00f3n, sino a verdaderas propuestas que lleguen como consecuencia de un s\u00f3lido proyecto de gobierno y vinculadas a unos a\u00fan m\u00e1s s\u00f3lidos proyectos que garanticen la viabilidad de su implementaci\u00f3n.<\/p>\n<p>Claro; fundamental conocer propuestas para temas como desarrollo econ\u00f3mico, salud o educaci\u00f3n&#8230; Pero fundamental tambi\u00e9n que existan propuestas para ordenamiento territorial, desarrollo urbano y vivienda.<\/p>\n<p>Y si todo esto, insisto, es fundamental, tambi\u00e9n lo es conocer los nombres de quienes le hablar\u00e1n al o\u00eddo a los diferentes candidatos para tocar estos temas.<\/p>\n<a href=\"https:\/\/centrourbano.com\/revista\/wp-content\/uploads\/Los-hombres-de-los-candidatos-para-las-agendas-de-desarrollo-urbano-y-vivienda.jpeg\"><img loading=\"lazy\" decoding=\"async\" class=\"size-full wp-image-67327 aligncenter\" src=\"https:\/\/centrourbano.com\/revista\/wp-content\/uploads\/Los-hombres-de-los-candidatos-para-las-agendas-de-desarrollo-urbano-y-vivienda.jpeg\" alt=\"\" width=\"400\" height=\"267\" srcset=\"https:\/\/centrourbano.com\/revista\/wp-content\/uploads\/Los-hombres-de-los-candidatos-para-las-agendas-de-desarrollo-urbano-y-vivienda.jpeg 400w, https:\/\/centrourbano.com\/revista\/wp-content\/uploads\/Los-hombres-de-los-candidatos-para-las-agendas-de-desarrollo-urbano-y-vivienda-300x200.jpeg 300w\" sizes=\"auto, (max-width: 400px) 100vw, 400px\" \/><\/a>\n<p>Y el hecho es que las diferentes alianzas (ya que no podemos hablar \u00fanicamente de partidos) ya cuentan con equipos que est\u00e1n trabajando en estructurar estas propuestas.<\/p>\n<p>Morena fue el primero en designar al responsable del \u00e1rea, y fue su candidato, Andr\u00e9s Manuel L\u00f3pez Obrador, quien anunci\u00f3 incluso, que en caso de ganar las elecciones, Rom\u00e1n Meyer Falc\u00f3n ser\u00eda el titular de la Secretar\u00eda de Desarrollo Agrario, Territorial y Urbano (Sedatu).<\/p>\n<p>Poco despu\u00e9s, Fue el candidato pri\u00edsta, Jos\u00e9 Antonio Meade, quien anunci\u00f3 que se incorporaba a su equipo Jos\u00e9 Luis Romero Hicks, para quedar al cargo de los temas relacionados con desarrollo urbano y vivienda.<\/p>\n<p>El candidato del PAN, Ricardo Anaya, no ha dicho nada al respecto, sin embargo, todo apunta a que el encargado de estos temas podr\u00eda ser el Senador Francisco B\u00farquez Valenzuela, respaldado con la experiencia de ser el actual presidente de la comisi\u00f3n de Desarrollo Urbano en la c\u00e1mara alta.<\/p>\n<p>Meyer Falc\u00f3n, Romero Hicks y B\u00farquez Valenzuela reflejan muy diferentes formaciones y experiencias, sin embargo, lo positivo es que hay indicios de que la agenda de desarrollo urbano y vivienda ser\u00e1 parte de las plataformas de las tres alianzas.<\/p>\n<p>Por supuesto, no se trata solo de hablar de estos temas aunque se hable mal, por lo que los tres podr\u00e1n echar mano de lo \u00fanico bueno que deja este periodo de intercampa\u00f1as; TIEMPO&#8230; Porque en lo que dura este limbo tendr\u00e1n tiempo para dar forma a sus proyectos de ordenamiento territorial, desarrollo urbano y vivienda, profundizando en los temas, pero dando, de entrada, las l\u00edneas principales sobre lo que podr\u00eda venir en los programas de gobierno de los tres candidatos.<\/p>\n<p>Veremos sin duda objetivos de \u00edndole social, urbano y econ\u00f3mico, y veremos mucho \u00e9nfasis en cuanto a la necesidad de que lo que se haga tendr\u00e1 que ser sustentable en todos los aspectos.<\/p>\n<p>Est\u00e1n razonablemente claros los qu\u00e9s, lo que habr\u00e1 que ver son los c\u00f3mos que habr\u00e1n de marcar las diferencias entre las tres formas de entender los retos de vivienda y ciudad.<\/p>\n<p>&nbsp;<\/p>\n","protected":false},"excerpt":{"rendered":"<p>Qu\u00e9 se le va a hacer, en medio de esta joya del realismo m\u00e1gico a la mexicana en que se han convertido nuestros procesos electorales, estamos en ese limbo llamado IN-TER-CAM-PA-\u00d1AS&#8230; Ese extra\u00f1o espacio que viene despu\u00e9s del no menos extra\u00f1o cap\u00edtulo de las campa\u00f1as internas&#8230;<\/p>\n","protected":false},"author":13,"featured_media":66099,"comment_status":"open","ping_status":"closed","sticky":false,"template":"","format":"standard","meta":{"om_disable_all_campaigns":false,"inline_featured_image":false,"_monsterinsights_skip_tracking":false,"_monsterinsights_sitenote_active":false,"_monsterinsights_sitenote_note":"","_monsterinsights_sitenote_category":0,"footnotes":""},"categories":[241,13485,5],"tags":[7046,12698,146,170,60],"class_list":["post-67326","post","type-post","status-publish","format-standard","has-post-thumbnail","hentry","category-blog-desde-la-casa","category-elecciones-2018","category-opinion","tag-22-viviendas","tag-candidatos","tag-desarrollo-urbano","tag-horacio-urbano","tag-vivienda-2"],"yoast_head":"<!-- This site is optimized with the Yoast SEO plugin v27.4 - https:\/\/yoast.com\/product\/yoast-seo-wordpress\/ -->\n<title>Los hombres de los candidatos para las agendas de desarrollo urbano y vivienda<\/title>\n<meta name=\"description\" content=\"Qu\u00e9 se le va a hacer, en medio de esta joya del realismo m\u00e1gico a la mexicana en que se han convertido nuestros procesos electorales, estamos en ese limbo\" \/>\n<meta name=\"robots\" content=\"index, follow, max-snippet:-1, max-image-preview:large, max-video-preview:-1\" \/>\n<link rel=\"canonical\" href=\"https:\/\/centrourbano.com\/revista\/opinion\/los-hombres-los-candidatos-las-agendas-desarrollo-urbano-vivienda\/\" \/>\n<meta property=\"og:locale\" content=\"es_ES\" \/>\n<meta property=\"og:type\" content=\"article\" \/>\n<meta property=\"og:title\" content=\"Los hombres de los candidatos para las agendas de desarrollo urbano y vivienda\" \/>\n<meta property=\"og:description\" content=\"Qu\u00e9 se le va a hacer, en medio de esta joya del realismo m\u00e1gico a la mexicana en que se han convertido nuestros procesos electorales, estamos en ese limbo\" \/>\n<meta property=\"og:url\" content=\"https:\/\/centrourbano.com\/revista\/opinion\/los-hombres-los-candidatos-las-agendas-desarrollo-urbano-vivienda\/\" \/>\n<meta property=\"og:site_name\" content=\"Centro Urbano\" \/>\n<meta property=\"article:publisher\" content=\"https:\/\/www.facebook.com\/portalcentrourbano\" \/>\n<meta property=\"article:author\" content=\"https:\/\/www.facebook.com\/urbano.horacio\/\" \/>\n<meta property=\"article:published_time\" content=\"2018-02-19T15:34:25+00:00\" \/>\n<meta property=\"article:modified_time\" content=\"2018-05-23T22:58:00+00:00\" \/>\n<meta property=\"og:image\" content=\"https:\/\/centrourbano.com\/revista\/wp-content\/uploads\/Horacio-1.jpg\" \/>\n\t<meta property=\"og:image:width\" content=\"471\" \/>\n\t<meta property=\"og:image:height\" content=\"325\" \/>\n\t<meta property=\"og:image:type\" content=\"image\/jpeg\" \/>\n<meta name=\"author\" content=\"Horacio Urbano\" \/>\n<meta name=\"twitter:card\" content=\"summary_large_image\" \/>\n<meta name=\"twitter:creator\" content=\"@https:\/\/twitter.com\/horacio_urbano\" \/>\n<meta name=\"twitter:site\" content=\"@CentroUrbano\" \/>\n<meta name=\"twitter:label1\" content=\"Escrito por\" \/>\n\t<meta name=\"twitter:data1\" content=\"Horacio Urbano\" \/>\n\t<meta name=\"twitter:label2\" content=\"Tiempo de lectura\" \/>\n\t<meta name=\"twitter:data2\" content=\"3 minutos\" \/>\n<script type=\"application\/ld+json\" class=\"yoast-schema-graph\">{\"@context\":\"https:\\\/\\\/schema.org\",\"@graph\":[{\"@type\":\"Article\",\"@id\":\"https:\\\/\\\/centrourbano.com\\\/revista\\\/opinion\\\/los-hombres-los-candidatos-las-agendas-desarrollo-urbano-vivienda\\\/#article\",\"isPartOf\":{\"@id\":\"https:\\\/\\\/centrourbano.com\\\/revista\\\/opinion\\\/los-hombres-los-candidatos-las-agendas-desarrollo-urbano-vivienda\\\/\"},\"author\":{\"name\":\"Horacio Urbano\",\"@id\":\"https:\\\/\\\/centrourbano.com\\\/revista\\\/#\\\/schema\\\/person\\\/69755154fe97eeebe4fe9394cb318d28\"},\"headline\":\"Los hombres de los candidatos para las agendas de desarrollo urbano y vivienda\",\"datePublished\":\"2018-02-19T15:34:25+00:00\",\"dateModified\":\"2018-05-23T22:58:00+00:00\",\"mainEntityOfPage\":{\"@id\":\"https:\\\/\\\/centrourbano.com\\\/revista\\\/opinion\\\/los-hombres-los-candidatos-las-agendas-desarrollo-urbano-vivienda\\\/\"},\"wordCount\":615,\"commentCount\":0,\"publisher\":{\"@id\":\"https:\\\/\\\/centrourbano.com\\\/revista\\\/#organization\"},\"image\":{\"@id\":\"https:\\\/\\\/centrourbano.com\\\/revista\\\/opinion\\\/los-hombres-los-candidatos-las-agendas-desarrollo-urbano-vivienda\\\/#primaryimage\"},\"thumbnailUrl\":\"https:\\\/\\\/centrourbano.com\\\/revista\\\/wp-content\\\/uploads\\\/Horacio-1.jpg\",\"keywords\":[\"22 viviendas\",\"candidatos\",\"Desarrollo urbano\",\"Horacio Urbano\",\"vivienda\"],\"articleSection\":[\"Desde la Casa\",\"Elecciones 2018\",\"Opini\u00f3n\"],\"inLanguage\":\"es\",\"potentialAction\":[{\"@type\":\"CommentAction\",\"name\":\"Comment\",\"target\":[\"https:\\\/\\\/centrourbano.com\\\/revista\\\/opinion\\\/los-hombres-los-candidatos-las-agendas-desarrollo-urbano-vivienda\\\/#respond\"]}]},{\"@type\":\"WebPage\",\"@id\":\"https:\\\/\\\/centrourbano.com\\\/revista\\\/opinion\\\/los-hombres-los-candidatos-las-agendas-desarrollo-urbano-vivienda\\\/\",\"url\":\"https:\\\/\\\/centrourbano.com\\\/revista\\\/opinion\\\/los-hombres-los-candidatos-las-agendas-desarrollo-urbano-vivienda\\\/\",\"name\":\"Los hombres de los candidatos para las agendas de desarrollo urbano y vivienda\",\"isPartOf\":{\"@id\":\"https:\\\/\\\/centrourbano.com\\\/revista\\\/#website\"},\"primaryImageOfPage\":{\"@id\":\"https:\\\/\\\/centrourbano.com\\\/revista\\\/opinion\\\/los-hombres-los-candidatos-las-agendas-desarrollo-urbano-vivienda\\\/#primaryimage\"},\"image\":{\"@id\":\"https:\\\/\\\/centrourbano.com\\\/revista\\\/opinion\\\/los-hombres-los-candidatos-las-agendas-desarrollo-urbano-vivienda\\\/#primaryimage\"},\"thumbnailUrl\":\"https:\\\/\\\/centrourbano.com\\\/revista\\\/wp-content\\\/uploads\\\/Horacio-1.jpg\",\"datePublished\":\"2018-02-19T15:34:25+00:00\",\"dateModified\":\"2018-05-23T22:58:00+00:00\",\"description\":\"Qu\u00e9 se le va a hacer, en medio de esta joya del realismo m\u00e1gico a la mexicana en que se han convertido nuestros procesos electorales, estamos en ese limbo\",\"breadcrumb\":{\"@id\":\"https:\\\/\\\/centrourbano.com\\\/revista\\\/opinion\\\/los-hombres-los-candidatos-las-agendas-desarrollo-urbano-vivienda\\\/#breadcrumb\"},\"inLanguage\":\"es\",\"potentialAction\":[{\"@type\":\"ReadAction\",\"target\":[\"https:\\\/\\\/centrourbano.com\\\/revista\\\/opinion\\\/los-hombres-los-candidatos-las-agendas-desarrollo-urbano-vivienda\\\/\"]}]},{\"@type\":\"ImageObject\",\"inLanguage\":\"es\",\"@id\":\"https:\\\/\\\/centrourbano.com\\\/revista\\\/opinion\\\/los-hombres-los-candidatos-las-agendas-desarrollo-urbano-vivienda\\\/#primaryimage\",\"url\":\"https:\\\/\\\/centrourbano.com\\\/revista\\\/wp-content\\\/uploads\\\/Horacio-1.jpg\",\"contentUrl\":\"https:\\\/\\\/centrourbano.com\\\/revista\\\/wp-content\\\/uploads\\\/Horacio-1.jpg\",\"width\":471,\"height\":325,\"caption\":\"Eruviel \u00c1vila no fue un gobernador particularmente interesado en cosas que tuvieran que ver con vivienda y desarrollo urbano.\"},{\"@type\":\"BreadcrumbList\",\"@id\":\"https:\\\/\\\/centrourbano.com\\\/revista\\\/opinion\\\/los-hombres-los-candidatos-las-agendas-desarrollo-urbano-vivienda\\\/#breadcrumb\",\"itemListElement\":[{\"@type\":\"ListItem\",\"position\":1,\"name\":\"Portada\",\"item\":\"https:\\\/\\\/centrourbano.com\\\/revista\\\/\"},{\"@type\":\"ListItem\",\"position\":2,\"name\":\"Los hombres de los candidatos para las agendas de desarrollo urbano y vivienda\"}]},{\"@type\":\"WebSite\",\"@id\":\"https:\\\/\\\/centrourbano.com\\\/revista\\\/#website\",\"url\":\"https:\\\/\\\/centrourbano.com\\\/revista\\\/\",\"name\":\"Centro Urbano\",\"description\":\"Medio especializado en los sectores vivienda, inmobiliario, construcci\u00f3n, arquitectura y urbanismo.\",\"publisher\":{\"@id\":\"https:\\\/\\\/centrourbano.com\\\/revista\\\/#organization\"},\"potentialAction\":[{\"@type\":\"SearchAction\",\"target\":{\"@type\":\"EntryPoint\",\"urlTemplate\":\"https:\\\/\\\/centrourbano.com\\\/revista\\\/?s={search_term_string}\"},\"query-input\":{\"@type\":\"PropertyValueSpecification\",\"valueRequired\":true,\"valueName\":\"search_term_string\"}}],\"inLanguage\":\"es\"},{\"@type\":\"Organization\",\"@id\":\"https:\\\/\\\/centrourbano.com\\\/revista\\\/#organization\",\"name\":\"Centro Urbano\",\"url\":\"https:\\\/\\\/centrourbano.com\\\/revista\\\/\",\"logo\":{\"@type\":\"ImageObject\",\"inLanguage\":\"es\",\"@id\":\"https:\\\/\\\/centrourbano.com\\\/revista\\\/#\\\/schema\\\/logo\\\/image\\\/\",\"url\":\"https:\\\/\\\/centrourbano.com\\\/revista\\\/wp-content\\\/uploads\\\/web_CU_logo-1.png\",\"contentUrl\":\"https:\\\/\\\/centrourbano.com\\\/revista\\\/wp-content\\\/uploads\\\/web_CU_logo-1.png\",\"width\":350,\"height\":91,\"caption\":\"Centro Urbano\"},\"image\":{\"@id\":\"https:\\\/\\\/centrourbano.com\\\/revista\\\/#\\\/schema\\\/logo\\\/image\\\/\"},\"sameAs\":[\"https:\\\/\\\/www.facebook.com\\\/portalcentrourbano\",\"https:\\\/\\\/x.com\\\/CentroUrbano\",\"https:\\\/\\\/www.instagram.com\\\/centro_urbano\\\/\",\"https:\\\/\\\/www.linkedin.com\\\/company\\\/centro-urbano\\\/\",\"http:\\\/\\\/www.youtube.com\\\/user\\\/portalcentrourbano\"]},{\"@type\":\"Person\",\"@id\":\"https:\\\/\\\/centrourbano.com\\\/revista\\\/#\\\/schema\\\/person\\\/69755154fe97eeebe4fe9394cb318d28\",\"name\":\"Horacio Urbano\",\"image\":{\"@type\":\"ImageObject\",\"inLanguage\":\"es\",\"@id\":\"https:\\\/\\\/secure.gravatar.com\\\/avatar\\\/bf4232bac122249113b7bcc4636a8d0432b9fa8bcce4243f1ed6c1ecb8fe915f?s=96&d=mm&r=g\",\"url\":\"https:\\\/\\\/secure.gravatar.com\\\/avatar\\\/bf4232bac122249113b7bcc4636a8d0432b9fa8bcce4243f1ed6c1ecb8fe915f?s=96&d=mm&r=g\",\"contentUrl\":\"https:\\\/\\\/secure.gravatar.com\\\/avatar\\\/bf4232bac122249113b7bcc4636a8d0432b9fa8bcce4243f1ed6c1ecb8fe915f?s=96&d=mm&r=g\",\"caption\":\"Horacio Urbano\"},\"description\":\"Horacio Urbano es arquitecto. Su experiencia profesional se ha desarrollado en los diferentes \u00e1mbitos que definen la industria de la vivienda. En 1999 inici\u00f3 un proyecto editorial dirigido a los sectores inmobiliario y construcci\u00f3n que a lo largo de los a\u00f1os se ha convertido en una poderosa plataforma multimedios y en una verdadera referencia para esta industria. Fundador, junto con la tambi\u00e9n arquitecta Roxana Fabris, de Grupo Centro Urbano, firma que impulsa y desarrolla una serie de esfuerzos de comunicaci\u00f3n relacionados con estos sectores. Como parte de su trabajo en M\u00e9xico y el extranjero, ha escrito o participado en una serie de libros especializados, es colaborador de diferentes medios impresos y electr\u00f3nicos, es activo conferencista y bajo diferentes modelos colabora tambi\u00e9n con diversas empresas e instituciones p\u00fablicas y privadas del sector.\",\"sameAs\":[\"http:\\\/\\\/horaciourbano.com\\\/home\\\/\",\"https:\\\/\\\/www.facebook.com\\\/urbano.horacio\\\/\",\"https:\\\/\\\/x.com\\\/https:\\\/\\\/twitter.com\\\/horacio_urbano\"],\"url\":\"https:\\\/\\\/centrourbano.com\\\/revista\\\/author\\\/horacio-urbano\\\/\"}]}<\/script>\n<!-- \/ Yoast SEO plugin. -->","yoast_head_json":{"title":"Los hombres de los candidatos para las agendas de desarrollo urbano y vivienda","description":"Qu\u00e9 se le va a hacer, en medio de esta joya del realismo m\u00e1gico a la mexicana en que se han convertido nuestros procesos electorales, estamos en ese limbo","robots":{"index":"index","follow":"follow","max-snippet":"max-snippet:-1","max-image-preview":"max-image-preview:large","max-video-preview":"max-video-preview:-1"},"canonical":"https:\/\/centrourbano.com\/revista\/opinion\/los-hombres-los-candidatos-las-agendas-desarrollo-urbano-vivienda\/","og_locale":"es_ES","og_type":"article","og_title":"Los hombres de los candidatos para las agendas de desarrollo urbano y vivienda","og_description":"Qu\u00e9 se le va a hacer, en medio de esta joya del realismo m\u00e1gico a la mexicana en que se han convertido nuestros procesos electorales, estamos en ese limbo","og_url":"https:\/\/centrourbano.com\/revista\/opinion\/los-hombres-los-candidatos-las-agendas-desarrollo-urbano-vivienda\/","og_site_name":"Centro Urbano","article_publisher":"https:\/\/www.facebook.com\/portalcentrourbano","article_author":"https:\/\/www.facebook.com\/urbano.horacio\/","article_published_time":"2018-02-19T15:34:25+00:00","article_modified_time":"2018-05-23T22:58:00+00:00","og_image":[{"width":471,"height":325,"url":"https:\/\/centrourbano.com\/revista\/wp-content\/uploads\/Horacio-1.jpg","type":"image\/jpeg"}],"author":"Horacio Urbano","twitter_card":"summary_large_image","twitter_creator":"@https:\/\/twitter.com\/horacio_urbano","twitter_site":"@CentroUrbano","twitter_misc":{"Escrito por":"Horacio Urbano","Tiempo de lectura":"3 minutos"},"schema":{"@context":"https:\/\/schema.org","@graph":[{"@type":"Article","@id":"https:\/\/centrourbano.com\/revista\/opinion\/los-hombres-los-candidatos-las-agendas-desarrollo-urbano-vivienda\/#article","isPartOf":{"@id":"https:\/\/centrourbano.com\/revista\/opinion\/los-hombres-los-candidatos-las-agendas-desarrollo-urbano-vivienda\/"},"author":{"name":"Horacio Urbano","@id":"https:\/\/centrourbano.com\/revista\/#\/schema\/person\/69755154fe97eeebe4fe9394cb318d28"},"headline":"Los hombres de los candidatos para las agendas de desarrollo urbano y vivienda","datePublished":"2018-02-19T15:34:25+00:00","dateModified":"2018-05-23T22:58:00+00:00","mainEntityOfPage":{"@id":"https:\/\/centrourbano.com\/revista\/opinion\/los-hombres-los-candidatos-las-agendas-desarrollo-urbano-vivienda\/"},"wordCount":615,"commentCount":0,"publisher":{"@id":"https:\/\/centrourbano.com\/revista\/#organization"},"image":{"@id":"https:\/\/centrourbano.com\/revista\/opinion\/los-hombres-los-candidatos-las-agendas-desarrollo-urbano-vivienda\/#primaryimage"},"thumbnailUrl":"https:\/\/centrourbano.com\/revista\/wp-content\/uploads\/Horacio-1.jpg","keywords":["22 viviendas","candidatos","Desarrollo urbano","Horacio Urbano","vivienda"],"articleSection":["Desde la Casa","Elecciones 2018","Opini\u00f3n"],"inLanguage":"es","potentialAction":[{"@type":"CommentAction","name":"Comment","target":["https:\/\/centrourbano.com\/revista\/opinion\/los-hombres-los-candidatos-las-agendas-desarrollo-urbano-vivienda\/#respond"]}]},{"@type":"WebPage","@id":"https:\/\/centrourbano.com\/revista\/opinion\/los-hombres-los-candidatos-las-agendas-desarrollo-urbano-vivienda\/","url":"https:\/\/centrourbano.com\/revista\/opinion\/los-hombres-los-candidatos-las-agendas-desarrollo-urbano-vivienda\/","name":"Los hombres de los candidatos para las agendas de desarrollo urbano y vivienda","isPartOf":{"@id":"https:\/\/centrourbano.com\/revista\/#website"},"primaryImageOfPage":{"@id":"https:\/\/centrourbano.com\/revista\/opinion\/los-hombres-los-candidatos-las-agendas-desarrollo-urbano-vivienda\/#primaryimage"},"image":{"@id":"https:\/\/centrourbano.com\/revista\/opinion\/los-hombres-los-candidatos-las-agendas-desarrollo-urbano-vivienda\/#primaryimage"},"thumbnailUrl":"https:\/\/centrourbano.com\/revista\/wp-content\/uploads\/Horacio-1.jpg","datePublished":"2018-02-19T15:34:25+00:00","dateModified":"2018-05-23T22:58:00+00:00","description":"Qu\u00e9 se le va a hacer, en medio de esta joya del realismo m\u00e1gico a la mexicana en que se han convertido nuestros procesos electorales, estamos en ese limbo","breadcrumb":{"@id":"https:\/\/centrourbano.com\/revista\/opinion\/los-hombres-los-candidatos-las-agendas-desarrollo-urbano-vivienda\/#breadcrumb"},"inLanguage":"es","potentialAction":[{"@type":"ReadAction","target":["https:\/\/centrourbano.com\/revista\/opinion\/los-hombres-los-candidatos-las-agendas-desarrollo-urbano-vivienda\/"]}]},{"@type":"ImageObject","inLanguage":"es","@id":"https:\/\/centrourbano.com\/revista\/opinion\/los-hombres-los-candidatos-las-agendas-desarrollo-urbano-vivienda\/#primaryimage","url":"https:\/\/centrourbano.com\/revista\/wp-content\/uploads\/Horacio-1.jpg","contentUrl":"https:\/\/centrourbano.com\/revista\/wp-content\/uploads\/Horacio-1.jpg","width":471,"height":325,"caption":"Eruviel \u00c1vila no fue un gobernador particularmente interesado en cosas que tuvieran que ver con vivienda y desarrollo urbano."},{"@type":"BreadcrumbList","@id":"https:\/\/centrourbano.com\/revista\/opinion\/los-hombres-los-candidatos-las-agendas-desarrollo-urbano-vivienda\/#breadcrumb","itemListElement":[{"@type":"ListItem","position":1,"name":"Portada","item":"https:\/\/centrourbano.com\/revista\/"},{"@type":"ListItem","position":2,"name":"Los hombres de los candidatos para las agendas de desarrollo urbano y vivienda"}]},{"@type":"WebSite","@id":"https:\/\/centrourbano.com\/revista\/#website","url":"https:\/\/centrourbano.com\/revista\/","name":"Centro Urbano","description":"Medio especializado en los sectores vivienda, inmobiliario, construcci\u00f3n, arquitectura y urbanismo.","publisher":{"@id":"https:\/\/centrourbano.com\/revista\/#organization"},"potentialAction":[{"@type":"SearchAction","target":{"@type":"EntryPoint","urlTemplate":"https:\/\/centrourbano.com\/revista\/?s={search_term_string}"},"query-input":{"@type":"PropertyValueSpecification","valueRequired":true,"valueName":"search_term_string"}}],"inLanguage":"es"},{"@type":"Organization","@id":"https:\/\/centrourbano.com\/revista\/#organization","name":"Centro Urbano","url":"https:\/\/centrourbano.com\/revista\/","logo":{"@type":"ImageObject","inLanguage":"es","@id":"https:\/\/centrourbano.com\/revista\/#\/schema\/logo\/image\/","url":"https:\/\/centrourbano.com\/revista\/wp-content\/uploads\/web_CU_logo-1.png","contentUrl":"https:\/\/centrourbano.com\/revista\/wp-content\/uploads\/web_CU_logo-1.png","width":350,"height":91,"caption":"Centro Urbano"},"image":{"@id":"https:\/\/centrourbano.com\/revista\/#\/schema\/logo\/image\/"},"sameAs":["https:\/\/www.facebook.com\/portalcentrourbano","https:\/\/x.com\/CentroUrbano","https:\/\/www.instagram.com\/centro_urbano\/","https:\/\/www.linkedin.com\/company\/centro-urbano\/","http:\/\/www.youtube.com\/user\/portalcentrourbano"]},{"@type":"Person","@id":"https:\/\/centrourbano.com\/revista\/#\/schema\/person\/69755154fe97eeebe4fe9394cb318d28","name":"Horacio Urbano","image":{"@type":"ImageObject","inLanguage":"es","@id":"https:\/\/secure.gravatar.com\/avatar\/bf4232bac122249113b7bcc4636a8d0432b9fa8bcce4243f1ed6c1ecb8fe915f?s=96&d=mm&r=g","url":"https:\/\/secure.gravatar.com\/avatar\/bf4232bac122249113b7bcc4636a8d0432b9fa8bcce4243f1ed6c1ecb8fe915f?s=96&d=mm&r=g","contentUrl":"https:\/\/secure.gravatar.com\/avatar\/bf4232bac122249113b7bcc4636a8d0432b9fa8bcce4243f1ed6c1ecb8fe915f?s=96&d=mm&r=g","caption":"Horacio Urbano"},"description":"Horacio Urbano es arquitecto. Su experiencia profesional se ha desarrollado en los diferentes \u00e1mbitos que definen la industria de la vivienda. En 1999 inici\u00f3 un proyecto editorial dirigido a los sectores inmobiliario y construcci\u00f3n que a lo largo de los a\u00f1os se ha convertido en una poderosa plataforma multimedios y en una verdadera referencia para esta industria. Fundador, junto con la tambi\u00e9n arquitecta Roxana Fabris, de Grupo Centro Urbano, firma que impulsa y desarrolla una serie de esfuerzos de comunicaci\u00f3n relacionados con estos sectores. Como parte de su trabajo en M\u00e9xico y el extranjero, ha escrito o participado en una serie de libros especializados, es colaborador de diferentes medios impresos y electr\u00f3nicos, es activo conferencista y bajo diferentes modelos colabora tambi\u00e9n con diversas empresas e instituciones p\u00fablicas y privadas del sector.","sameAs":["http:\/\/horaciourbano.com\/home\/","https:\/\/www.facebook.com\/urbano.horacio\/","https:\/\/x.com\/https:\/\/twitter.com\/horacio_urbano"],"url":"https:\/\/centrourbano.com\/revista\/author\/horacio-urbano\/"}]}},"_links":{"self":[{"href":"https:\/\/centrourbano.com\/revista\/wp-json\/wp\/v2\/posts\/67326","targetHints":{"allow":["GET"]}}],"collection":[{"href":"https:\/\/centrourbano.com\/revista\/wp-json\/wp\/v2\/posts"}],"about":[{"href":"https:\/\/centrourbano.com\/revista\/wp-json\/wp\/v2\/types\/post"}],"author":[{"embeddable":true,"href":"https:\/\/centrourbano.com\/revista\/wp-json\/wp\/v2\/users\/13"}],"replies":[{"embeddable":true,"href":"https:\/\/centrourbano.com\/revista\/wp-json\/wp\/v2\/comments?post=67326"}],"version-history":[{"count":1,"href":"https:\/\/centrourbano.com\/revista\/wp-json\/wp\/v2\/posts\/67326\/revisions"}],"predecessor-version":[{"id":67328,"href":"https:\/\/centrourbano.com\/revista\/wp-json\/wp\/v2\/posts\/67326\/revisions\/67328"}],"wp:featuredmedia":[{"embeddable":true,"href":"https:\/\/centrourbano.com\/revista\/wp-json\/wp\/v2\/media\/66099"}],"wp:attachment":[{"href":"https:\/\/centrourbano.com\/revista\/wp-json\/wp\/v2\/media?parent=67326"}],"wp:term":[{"taxonomy":"category","embeddable":true,"href":"https:\/\/centrourbano.com\/revista\/wp-json\/wp\/v2\/categories?post=67326"},{"taxonomy":"post_tag","embeddable":true,"href":"https:\/\/centrourbano.com\/revista\/wp-json\/wp\/v2\/tags?post=67326"}],"curies":[{"name":"wp","href":"https:\/\/api.w.org\/{rel}","templated":true}]}}