{"id":67180,"date":"2018-02-14T18:51:11","date_gmt":"2018-02-15T00:51:11","guid":{"rendered":"https:\/\/centrourbano.com\/?p=67180"},"modified":"2018-02-14T18:51:11","modified_gmt":"2018-02-15T00:51:11","slug":"lanza-gcdmx-mecanismo-asegurar-viviendas","status":"publish","type":"post","link":"https:\/\/centrourbano.com\/revista\/vivienda\/lanza-gcdmx-mecanismo-asegurar-viviendas\/","title":{"rendered":"Lanza GCDMX mecanismo para asegurar viviendas"},"content":{"rendered":"<p><em>El esquema proteger\u00e1 a las familias ante da\u00f1os causados a los inmuebles por movimientos tel\u00faricos. Para acceder a \u00e9l s\u00f3lo se necesitar\u00e1 estar al corriente en el pago del predial <\/em><!--more--><\/p>\n<p>El gobierno de la Ciudad de M\u00e9xico lanz\u00f3 el mecanismo \u201cRespaldo CDMX\u201d, a trav\u00e9s de cual las familias de la capital del pa\u00eds contar\u00e1n con un seguro que proteja las viviendas ante da\u00f1os por fen\u00f3menos como los sismos. <\/p>\n<p>De acuerdo con Miguel \u00c1ngel Mancera, jefe de Gobierno de la Ciudad de M\u00e9xico, con este mecanismo se proporcionar\u00e1 una cobertura de riesgo inmediata ante da\u00f1os por los movimientos tel\u00faricos. <\/p>\n<p>El mandatario capitalino explic\u00f3 que, para acceder a este mecanismo, las familias s\u00f3lo tendr\u00e1n que estar al corriente con sus pagos del impuesto predial. Dijo que con esta medida se entregar\u00e1n recursos en relaci\u00f3n al valor catastral del inmueble y el tipo de da\u00f1o. <\/p>\n<p>Mancera Espinosa dio a conocer que el Fondo de Atenci\u00f3n a los Desastres Naturales en la Ciudad de M\u00e9xico (FONADEN) destinara 2,000 millones de pesos para echar a andar \u201cRespaldo CDMX\u201d. <\/p>\n<p>\u201cTienes dos ventajas: primero la certidumbre y la transparencia de que ese dinero ah\u00ed est\u00e1, le pertenece a la ciudad. Est\u00e1 colocado para un riesgo nada m\u00e1s, no puede ser tocado para otra cosa. \u00bfPuede crecer? claro, esa ser\u00eda la idea: que se fuera incrementando y con eso nosotros vamos a hacer el respaldo total de tu vivienda, de tu casa\u201d, dijo. <\/p>\n","protected":false},"excerpt":{"rendered":"<p>El esquema proteger\u00e1 a las familias ante da\u00f1os causados a los inmuebles por movimientos tel\u00faricos. Para acceder a \u00e9l s\u00f3lo se necesitar\u00e1 estar al corriente en el pago del predial<\/p>\n","protected":false},"author":47,"featured_media":62798,"comment_status":"open","ping_status":"closed","sticky":false,"template":"","format":"standard","meta":{"om_disable_all_campaigns":false,"inline_featured_image":false,"_monsterinsights_skip_tracking":false,"_monsterinsights_sitenote_active":false,"_monsterinsights_sitenote_note":"","_monsterinsights_sitenote_category":0,"footnotes":""},"categories":[12],"tags":[606,608,12646,12645,60],"class_list":["post-67180","post","type-post","status-publish","format-standard","has-post-thumbnail","hentry","category-vivienda","tag-cdmx","tag-predial","tag-respaldo-cdmx","tag-seguro-para-vivienda","tag-vivienda-2"],"yoast_head":"<!-- This site is optimized with the Yoast SEO plugin v27.5 - https:\/\/yoast.com\/product\/yoast-seo-wordpress\/ -->\n<title>Lanza GCDMX mecanismo para asegurar viviendas<\/title>\n<meta name=\"description\" content=\"El gobierno de la Ciudad de M\u00e9xico lanz\u00f3 el mecanismo \u201cRespaldo CDMX\u201d, a trav\u00e9s de cual las familias de la capital del pa\u00eds contar\u00e1n con un seguro que proteja las viviendas ante da\u00f1os por fen\u00f3menos como los sismos.\" \/>\n<meta name=\"robots\" content=\"index, follow, max-snippet:-1, max-image-preview:large, max-video-preview:-1\" \/>\n<link rel=\"canonical\" href=\"https:\/\/centrourbano.com\/revista\/vivienda\/lanza-gcdmx-mecanismo-asegurar-viviendas\/\" \/>\n<meta property=\"og:locale\" content=\"es_ES\" \/>\n<meta property=\"og:type\" content=\"article\" \/>\n<meta property=\"og:title\" content=\"Lanza GCDMX mecanismo para asegurar viviendas\" \/>\n<meta property=\"og:description\" content=\"El gobierno de la Ciudad de M\u00e9xico lanz\u00f3 el mecanismo \u201cRespaldo CDMX\u201d, a trav\u00e9s de cual las familias de la capital del pa\u00eds contar\u00e1n con un seguro que proteja las viviendas ante da\u00f1os por fen\u00f3menos como los sismos.\" \/>\n<meta property=\"og:url\" content=\"https:\/\/centrourbano.com\/revista\/vivienda\/lanza-gcdmx-mecanismo-asegurar-viviendas\/\" \/>\n<meta property=\"og:site_name\" content=\"Centro Urbano\" \/>\n<meta property=\"article:publisher\" content=\"https:\/\/www.facebook.com\/portalcentrourbano\" \/>\n<meta property=\"article:published_time\" content=\"2018-02-15T00:51:11+00:00\" \/>\n<meta property=\"og:image\" content=\"https:\/\/centrourbano.com\/revista\/wp-content\/uploads\/Mancera_Vivienda_Reconstrucci\u00f3n.jpeg\" \/>\n\t<meta property=\"og:image:width\" content=\"800\" \/>\n\t<meta property=\"og:image:height\" content=\"533\" \/>\n\t<meta property=\"og:image:type\" content=\"image\/jpeg\" \/>\n<meta name=\"author\" content=\"Edgar Rosas\" \/>\n<meta name=\"twitter:card\" content=\"summary_large_image\" \/>\n<meta name=\"twitter:creator\" content=\"@https:\/\/twitter.com\/ERosasCU?s=09\" \/>\n<meta name=\"twitter:site\" content=\"@CentroUrbano\" \/>\n<meta name=\"twitter:label1\" content=\"Escrito por\" \/>\n\t<meta name=\"twitter:data1\" content=\"Edgar Rosas\" \/>\n\t<meta name=\"twitter:label2\" content=\"Tiempo de lectura\" \/>\n\t<meta name=\"twitter:data2\" content=\"1 minuto\" \/>\n<script type=\"application\/ld+json\" class=\"yoast-schema-graph\">{\"@context\":\"https:\\\/\\\/schema.org\",\"@graph\":[{\"@type\":\"Article\",\"@id\":\"https:\\\/\\\/centrourbano.com\\\/revista\\\/vivienda\\\/lanza-gcdmx-mecanismo-asegurar-viviendas\\\/#article\",\"isPartOf\":{\"@id\":\"https:\\\/\\\/centrourbano.com\\\/revista\\\/vivienda\\\/lanza-gcdmx-mecanismo-asegurar-viviendas\\\/\"},\"author\":{\"name\":\"Edgar Rosas\",\"@id\":\"https:\\\/\\\/centrourbano.com\\\/revista\\\/#\\\/schema\\\/person\\\/131fd76fa17f4ca2c25c65a74d97c6b6\"},\"headline\":\"Lanza GCDMX mecanismo para asegurar viviendas\",\"datePublished\":\"2018-02-15T00:51:11+00:00\",\"mainEntityOfPage\":{\"@id\":\"https:\\\/\\\/centrourbano.com\\\/revista\\\/vivienda\\\/lanza-gcdmx-mecanismo-asegurar-viviendas\\\/\"},\"wordCount\":261,\"commentCount\":0,\"publisher\":{\"@id\":\"https:\\\/\\\/centrourbano.com\\\/revista\\\/#organization\"},\"image\":{\"@id\":\"https:\\\/\\\/centrourbano.com\\\/revista\\\/vivienda\\\/lanza-gcdmx-mecanismo-asegurar-viviendas\\\/#primaryimage\"},\"thumbnailUrl\":\"https:\\\/\\\/centrourbano.com\\\/revista\\\/wp-content\\\/uploads\\\/Mancera_Vivienda_Reconstrucci\u00f3n.jpeg\",\"keywords\":[\"CDMX\",\"Predial\",\"Respaldo CDMX\",\"Seguro para vivienda\",\"vivienda\"],\"articleSection\":[\"Vivienda\"],\"inLanguage\":\"es\",\"potentialAction\":[{\"@type\":\"CommentAction\",\"name\":\"Comment\",\"target\":[\"https:\\\/\\\/centrourbano.com\\\/revista\\\/vivienda\\\/lanza-gcdmx-mecanismo-asegurar-viviendas\\\/#respond\"]}]},{\"@type\":\"WebPage\",\"@id\":\"https:\\\/\\\/centrourbano.com\\\/revista\\\/vivienda\\\/lanza-gcdmx-mecanismo-asegurar-viviendas\\\/\",\"url\":\"https:\\\/\\\/centrourbano.com\\\/revista\\\/vivienda\\\/lanza-gcdmx-mecanismo-asegurar-viviendas\\\/\",\"name\":\"Lanza GCDMX mecanismo para asegurar viviendas\",\"isPartOf\":{\"@id\":\"https:\\\/\\\/centrourbano.com\\\/revista\\\/#website\"},\"primaryImageOfPage\":{\"@id\":\"https:\\\/\\\/centrourbano.com\\\/revista\\\/vivienda\\\/lanza-gcdmx-mecanismo-asegurar-viviendas\\\/#primaryimage\"},\"image\":{\"@id\":\"https:\\\/\\\/centrourbano.com\\\/revista\\\/vivienda\\\/lanza-gcdmx-mecanismo-asegurar-viviendas\\\/#primaryimage\"},\"thumbnailUrl\":\"https:\\\/\\\/centrourbano.com\\\/revista\\\/wp-content\\\/uploads\\\/Mancera_Vivienda_Reconstrucci\u00f3n.jpeg\",\"datePublished\":\"2018-02-15T00:51:11+00:00\",\"description\":\"El gobierno de la Ciudad de M\u00e9xico lanz\u00f3 el mecanismo \u201cRespaldo CDMX\u201d, a trav\u00e9s de cual las familias de la capital del pa\u00eds contar\u00e1n con un seguro que proteja las viviendas ante da\u00f1os por fen\u00f3menos como los sismos.\",\"breadcrumb\":{\"@id\":\"https:\\\/\\\/centrourbano.com\\\/revista\\\/vivienda\\\/lanza-gcdmx-mecanismo-asegurar-viviendas\\\/#breadcrumb\"},\"inLanguage\":\"es\",\"potentialAction\":[{\"@type\":\"ReadAction\",\"target\":[\"https:\\\/\\\/centrourbano.com\\\/revista\\\/vivienda\\\/lanza-gcdmx-mecanismo-asegurar-viviendas\\\/\"]}]},{\"@type\":\"ImageObject\",\"inLanguage\":\"es\",\"@id\":\"https:\\\/\\\/centrourbano.com\\\/revista\\\/vivienda\\\/lanza-gcdmx-mecanismo-asegurar-viviendas\\\/#primaryimage\",\"url\":\"https:\\\/\\\/centrourbano.com\\\/revista\\\/wp-content\\\/uploads\\\/Mancera_Vivienda_Reconstrucci\u00f3n.jpeg\",\"contentUrl\":\"https:\\\/\\\/centrourbano.com\\\/revista\\\/wp-content\\\/uploads\\\/Mancera_Vivienda_Reconstrucci\u00f3n.jpeg\",\"width\":800,\"height\":533,\"caption\":\"El jefe de Gobierno de la CDMX se\u00f1al\u00f3 que los recursos obtenidos por esta v\u00eda no se diluir\u00e1n en Fondos destinados para otros rubros como infraestructura\"},{\"@type\":\"BreadcrumbList\",\"@id\":\"https:\\\/\\\/centrourbano.com\\\/revista\\\/vivienda\\\/lanza-gcdmx-mecanismo-asegurar-viviendas\\\/#breadcrumb\",\"itemListElement\":[{\"@type\":\"ListItem\",\"position\":1,\"name\":\"Portada\",\"item\":\"https:\\\/\\\/centrourbano.com\\\/revista\\\/\"},{\"@type\":\"ListItem\",\"position\":2,\"name\":\"Lanza GCDMX mecanismo para asegurar viviendas\"}]},{\"@type\":\"WebSite\",\"@id\":\"https:\\\/\\\/centrourbano.com\\\/revista\\\/#website\",\"url\":\"https:\\\/\\\/centrourbano.com\\\/revista\\\/\",\"name\":\"Centro Urbano\",\"description\":\"Medio especializado en los sectores vivienda, inmobiliario, construcci\u00f3n, arquitectura y urbanismo.\",\"publisher\":{\"@id\":\"https:\\\/\\\/centrourbano.com\\\/revista\\\/#organization\"},\"potentialAction\":[{\"@type\":\"SearchAction\",\"target\":{\"@type\":\"EntryPoint\",\"urlTemplate\":\"https:\\\/\\\/centrourbano.com\\\/revista\\\/?s={search_term_string}\"},\"query-input\":{\"@type\":\"PropertyValueSpecification\",\"valueRequired\":true,\"valueName\":\"search_term_string\"}}],\"inLanguage\":\"es\"},{\"@type\":\"Organization\",\"@id\":\"https:\\\/\\\/centrourbano.com\\\/revista\\\/#organization\",\"name\":\"Centro Urbano\",\"url\":\"https:\\\/\\\/centrourbano.com\\\/revista\\\/\",\"logo\":{\"@type\":\"ImageObject\",\"inLanguage\":\"es\",\"@id\":\"https:\\\/\\\/centrourbano.com\\\/revista\\\/#\\\/schema\\\/logo\\\/image\\\/\",\"url\":\"https:\\\/\\\/centrourbano.com\\\/revista\\\/wp-content\\\/uploads\\\/web_CU_logo-1.png\",\"contentUrl\":\"https:\\\/\\\/centrourbano.com\\\/revista\\\/wp-content\\\/uploads\\\/web_CU_logo-1.png\",\"width\":350,\"height\":91,\"caption\":\"Centro Urbano\"},\"image\":{\"@id\":\"https:\\\/\\\/centrourbano.com\\\/revista\\\/#\\\/schema\\\/logo\\\/image\\\/\"},\"sameAs\":[\"https:\\\/\\\/www.facebook.com\\\/portalcentrourbano\",\"https:\\\/\\\/x.com\\\/CentroUrbano\",\"https:\\\/\\\/www.instagram.com\\\/centro_urbano\\\/\",\"https:\\\/\\\/www.linkedin.com\\\/company\\\/centro-urbano\\\/\",\"http:\\\/\\\/www.youtube.com\\\/user\\\/portalcentrourbano\"]},{\"@type\":\"Person\",\"@id\":\"https:\\\/\\\/centrourbano.com\\\/revista\\\/#\\\/schema\\\/person\\\/131fd76fa17f4ca2c25c65a74d97c6b6\",\"name\":\"Edgar Rosas\",\"image\":{\"@type\":\"ImageObject\",\"inLanguage\":\"es\",\"@id\":\"https:\\\/\\\/secure.gravatar.com\\\/avatar\\\/94440c4283495211faa5300bf85e80061036b83fced868c3783aa1310b350d9c?s=96&d=mm&r=g\",\"url\":\"https:\\\/\\\/secure.gravatar.com\\\/avatar\\\/94440c4283495211faa5300bf85e80061036b83fced868c3783aa1310b350d9c?s=96&d=mm&r=g\",\"contentUrl\":\"https:\\\/\\\/secure.gravatar.com\\\/avatar\\\/94440c4283495211faa5300bf85e80061036b83fced868c3783aa1310b350d9c?s=96&d=mm&r=g\",\"caption\":\"Edgar Rosas\"},\"description\":\"Editor en Jefe de Centro Urbano. Egresado de la maestr\u00eda en Periodismo Pol\u00edtico de la Escuela de Periodismo Carlos Septi\u00e9n Garc\u00eda (EPCSG). Estudi\u00f3 la licenciatura en Comunicaci\u00f3n en la Universidad Mexicana. Amante de la cr\u00f3nica y el reportaje. Admirador de Vicente Le\u00f1ero y Miguel \u00c1ngel Granados Chapa.\",\"sameAs\":[\"https:\\\/\\\/x.com\\\/https:\\\/\\\/twitter.com\\\/ERosasCU?s=09\"],\"url\":\"https:\\\/\\\/centrourbano.com\\\/revista\\\/author\\\/edgar-rosas\\\/\"}]}<\/script>\n<!-- \/ Yoast SEO plugin. -->","yoast_head_json":{"title":"Lanza GCDMX mecanismo para asegurar viviendas","description":"El gobierno de la Ciudad de M\u00e9xico lanz\u00f3 el mecanismo \u201cRespaldo CDMX\u201d, a trav\u00e9s de cual las familias de la capital del pa\u00eds contar\u00e1n con un seguro que proteja las viviendas ante da\u00f1os por fen\u00f3menos como los sismos.","robots":{"index":"index","follow":"follow","max-snippet":"max-snippet:-1","max-image-preview":"max-image-preview:large","max-video-preview":"max-video-preview:-1"},"canonical":"https:\/\/centrourbano.com\/revista\/vivienda\/lanza-gcdmx-mecanismo-asegurar-viviendas\/","og_locale":"es_ES","og_type":"article","og_title":"Lanza GCDMX mecanismo para asegurar viviendas","og_description":"El gobierno de la Ciudad de M\u00e9xico lanz\u00f3 el mecanismo \u201cRespaldo CDMX\u201d, a trav\u00e9s de cual las familias de la capital del pa\u00eds contar\u00e1n con un seguro que proteja las viviendas ante da\u00f1os por fen\u00f3menos como los sismos.","og_url":"https:\/\/centrourbano.com\/revista\/vivienda\/lanza-gcdmx-mecanismo-asegurar-viviendas\/","og_site_name":"Centro Urbano","article_publisher":"https:\/\/www.facebook.com\/portalcentrourbano","article_published_time":"2018-02-15T00:51:11+00:00","og_image":[{"width":800,"height":533,"url":"https:\/\/centrourbano.com\/revista\/wp-content\/uploads\/Mancera_Vivienda_Reconstrucci\u00f3n.jpeg","type":"image\/jpeg"}],"author":"Edgar Rosas","twitter_card":"summary_large_image","twitter_creator":"@https:\/\/twitter.com\/ERosasCU?s=09","twitter_site":"@CentroUrbano","twitter_misc":{"Escrito por":"Edgar Rosas","Tiempo de lectura":"1 minuto"},"schema":{"@context":"https:\/\/schema.org","@graph":[{"@type":"Article","@id":"https:\/\/centrourbano.com\/revista\/vivienda\/lanza-gcdmx-mecanismo-asegurar-viviendas\/#article","isPartOf":{"@id":"https:\/\/centrourbano.com\/revista\/vivienda\/lanza-gcdmx-mecanismo-asegurar-viviendas\/"},"author":{"name":"Edgar Rosas","@id":"https:\/\/centrourbano.com\/revista\/#\/schema\/person\/131fd76fa17f4ca2c25c65a74d97c6b6"},"headline":"Lanza GCDMX mecanismo para asegurar viviendas","datePublished":"2018-02-15T00:51:11+00:00","mainEntityOfPage":{"@id":"https:\/\/centrourbano.com\/revista\/vivienda\/lanza-gcdmx-mecanismo-asegurar-viviendas\/"},"wordCount":261,"commentCount":0,"publisher":{"@id":"https:\/\/centrourbano.com\/revista\/#organization"},"image":{"@id":"https:\/\/centrourbano.com\/revista\/vivienda\/lanza-gcdmx-mecanismo-asegurar-viviendas\/#primaryimage"},"thumbnailUrl":"https:\/\/centrourbano.com\/revista\/wp-content\/uploads\/Mancera_Vivienda_Reconstrucci\u00f3n.jpeg","keywords":["CDMX","Predial","Respaldo CDMX","Seguro para vivienda","vivienda"],"articleSection":["Vivienda"],"inLanguage":"es","potentialAction":[{"@type":"CommentAction","name":"Comment","target":["https:\/\/centrourbano.com\/revista\/vivienda\/lanza-gcdmx-mecanismo-asegurar-viviendas\/#respond"]}]},{"@type":"WebPage","@id":"https:\/\/centrourbano.com\/revista\/vivienda\/lanza-gcdmx-mecanismo-asegurar-viviendas\/","url":"https:\/\/centrourbano.com\/revista\/vivienda\/lanza-gcdmx-mecanismo-asegurar-viviendas\/","name":"Lanza GCDMX mecanismo para asegurar viviendas","isPartOf":{"@id":"https:\/\/centrourbano.com\/revista\/#website"},"primaryImageOfPage":{"@id":"https:\/\/centrourbano.com\/revista\/vivienda\/lanza-gcdmx-mecanismo-asegurar-viviendas\/#primaryimage"},"image":{"@id":"https:\/\/centrourbano.com\/revista\/vivienda\/lanza-gcdmx-mecanismo-asegurar-viviendas\/#primaryimage"},"thumbnailUrl":"https:\/\/centrourbano.com\/revista\/wp-content\/uploads\/Mancera_Vivienda_Reconstrucci\u00f3n.jpeg","datePublished":"2018-02-15T00:51:11+00:00","description":"El gobierno de la Ciudad de M\u00e9xico lanz\u00f3 el mecanismo \u201cRespaldo CDMX\u201d, a trav\u00e9s de cual las familias de la capital del pa\u00eds contar\u00e1n con un seguro que proteja las viviendas ante da\u00f1os por fen\u00f3menos como los sismos.","breadcrumb":{"@id":"https:\/\/centrourbano.com\/revista\/vivienda\/lanza-gcdmx-mecanismo-asegurar-viviendas\/#breadcrumb"},"inLanguage":"es","potentialAction":[{"@type":"ReadAction","target":["https:\/\/centrourbano.com\/revista\/vivienda\/lanza-gcdmx-mecanismo-asegurar-viviendas\/"]}]},{"@type":"ImageObject","inLanguage":"es","@id":"https:\/\/centrourbano.com\/revista\/vivienda\/lanza-gcdmx-mecanismo-asegurar-viviendas\/#primaryimage","url":"https:\/\/centrourbano.com\/revista\/wp-content\/uploads\/Mancera_Vivienda_Reconstrucci\u00f3n.jpeg","contentUrl":"https:\/\/centrourbano.com\/revista\/wp-content\/uploads\/Mancera_Vivienda_Reconstrucci\u00f3n.jpeg","width":800,"height":533,"caption":"El jefe de Gobierno de la CDMX se\u00f1al\u00f3 que los recursos obtenidos por esta v\u00eda no se diluir\u00e1n en Fondos destinados para otros rubros como infraestructura"},{"@type":"BreadcrumbList","@id":"https:\/\/centrourbano.com\/revista\/vivienda\/lanza-gcdmx-mecanismo-asegurar-viviendas\/#breadcrumb","itemListElement":[{"@type":"ListItem","position":1,"name":"Portada","item":"https:\/\/centrourbano.com\/revista\/"},{"@type":"ListItem","position":2,"name":"Lanza GCDMX mecanismo para asegurar viviendas"}]},{"@type":"WebSite","@id":"https:\/\/centrourbano.com\/revista\/#website","url":"https:\/\/centrourbano.com\/revista\/","name":"Centro Urbano","description":"Medio especializado en los sectores vivienda, inmobiliario, construcci\u00f3n, arquitectura y urbanismo.","publisher":{"@id":"https:\/\/centrourbano.com\/revista\/#organization"},"potentialAction":[{"@type":"SearchAction","target":{"@type":"EntryPoint","urlTemplate":"https:\/\/centrourbano.com\/revista\/?s={search_term_string}"},"query-input":{"@type":"PropertyValueSpecification","valueRequired":true,"valueName":"search_term_string"}}],"inLanguage":"es"},{"@type":"Organization","@id":"https:\/\/centrourbano.com\/revista\/#organization","name":"Centro Urbano","url":"https:\/\/centrourbano.com\/revista\/","logo":{"@type":"ImageObject","inLanguage":"es","@id":"https:\/\/centrourbano.com\/revista\/#\/schema\/logo\/image\/","url":"https:\/\/centrourbano.com\/revista\/wp-content\/uploads\/web_CU_logo-1.png","contentUrl":"https:\/\/centrourbano.com\/revista\/wp-content\/uploads\/web_CU_logo-1.png","width":350,"height":91,"caption":"Centro Urbano"},"image":{"@id":"https:\/\/centrourbano.com\/revista\/#\/schema\/logo\/image\/"},"sameAs":["https:\/\/www.facebook.com\/portalcentrourbano","https:\/\/x.com\/CentroUrbano","https:\/\/www.instagram.com\/centro_urbano\/","https:\/\/www.linkedin.com\/company\/centro-urbano\/","http:\/\/www.youtube.com\/user\/portalcentrourbano"]},{"@type":"Person","@id":"https:\/\/centrourbano.com\/revista\/#\/schema\/person\/131fd76fa17f4ca2c25c65a74d97c6b6","name":"Edgar Rosas","image":{"@type":"ImageObject","inLanguage":"es","@id":"https:\/\/secure.gravatar.com\/avatar\/94440c4283495211faa5300bf85e80061036b83fced868c3783aa1310b350d9c?s=96&d=mm&r=g","url":"https:\/\/secure.gravatar.com\/avatar\/94440c4283495211faa5300bf85e80061036b83fced868c3783aa1310b350d9c?s=96&d=mm&r=g","contentUrl":"https:\/\/secure.gravatar.com\/avatar\/94440c4283495211faa5300bf85e80061036b83fced868c3783aa1310b350d9c?s=96&d=mm&r=g","caption":"Edgar Rosas"},"description":"Editor en Jefe de Centro Urbano. Egresado de la maestr\u00eda en Periodismo Pol\u00edtico de la Escuela de Periodismo Carlos Septi\u00e9n Garc\u00eda (EPCSG). Estudi\u00f3 la licenciatura en Comunicaci\u00f3n en la Universidad Mexicana. Amante de la cr\u00f3nica y el reportaje. Admirador de Vicente Le\u00f1ero y Miguel \u00c1ngel Granados Chapa.","sameAs":["https:\/\/x.com\/https:\/\/twitter.com\/ERosasCU?s=09"],"url":"https:\/\/centrourbano.com\/revista\/author\/edgar-rosas\/"}]}},"_links":{"self":[{"href":"https:\/\/centrourbano.com\/revista\/wp-json\/wp\/v2\/posts\/67180","targetHints":{"allow":["GET"]}}],"collection":[{"href":"https:\/\/centrourbano.com\/revista\/wp-json\/wp\/v2\/posts"}],"about":[{"href":"https:\/\/centrourbano.com\/revista\/wp-json\/wp\/v2\/types\/post"}],"author":[{"embeddable":true,"href":"https:\/\/centrourbano.com\/revista\/wp-json\/wp\/v2\/users\/47"}],"replies":[{"embeddable":true,"href":"https:\/\/centrourbano.com\/revista\/wp-json\/wp\/v2\/comments?post=67180"}],"version-history":[{"count":2,"href":"https:\/\/centrourbano.com\/revista\/wp-json\/wp\/v2\/posts\/67180\/revisions"}],"predecessor-version":[{"id":67182,"href":"https:\/\/centrourbano.com\/revista\/wp-json\/wp\/v2\/posts\/67180\/revisions\/67182"}],"wp:featuredmedia":[{"embeddable":true,"href":"https:\/\/centrourbano.com\/revista\/wp-json\/wp\/v2\/media\/62798"}],"wp:attachment":[{"href":"https:\/\/centrourbano.com\/revista\/wp-json\/wp\/v2\/media?parent=67180"}],"wp:term":[{"taxonomy":"category","embeddable":true,"href":"https:\/\/centrourbano.com\/revista\/wp-json\/wp\/v2\/categories?post=67180"},{"taxonomy":"post_tag","embeddable":true,"href":"https:\/\/centrourbano.com\/revista\/wp-json\/wp\/v2\/tags?post=67180"}],"curies":[{"name":"wp","href":"https:\/\/api.w.org\/{rel}","templated":true}]}}