{"id":67129,"date":"2018-02-14T11:37:23","date_gmt":"2018-02-14T17:37:23","guid":{"rendered":"https:\/\/centrourbano.com\/?p=67129"},"modified":"2018-02-15T14:11:14","modified_gmt":"2018-02-15T20:11:14","slug":"fia-galardona-la-cdmx","status":"publish","type":"post","link":"https:\/\/centrourbano.com\/revista\/urbanismo\/fia-galardona-la-cdmx\/","title":{"rendered":"FIA galardona a la CDMX"},"content":{"rendered":"<p><em>Reconocen pol\u00edticas de movilidad implementadas <\/em><!--more--><\/p>\n<p>Jean Todt, presidente de la <a href=\"https:\/\/www.fia.com\/\" target=\"_blank\" rel=\"noopener noreferrer\"><strong>Federaci\u00f3n Internacional del autom\u00f3vil (FIA)<\/strong> <\/a>y enviado especial de la <a href=\"http:\/\/onuhabitat.org.mx\/\" target=\"_blank\" rel=\"noopener noreferrer\"><strong>ONU<\/strong><\/a>, reconoci\u00f3 a los ciudadanos mexicanos y entreg\u00f3 el premio \u2018Road Safety Award\u2019 a <a href=\"https:\/\/twitter.com\/manceramiguelmx\" target=\"_blank\" rel=\"noopener noreferrer\"><strong>Miguel \u00c1ngel Mancera Espinosa<\/strong><\/a>, gobernador de la Ciudad de M\u00e9xico.<\/p>\n<p>En representaci\u00f3n del mandatario capitalino, <a href=\"https:\/\/twitter.com\/lballesterosm?lang=es\" target=\"_blank\" rel=\"noopener noreferrer\"><strong>Laura Ballesteros<\/strong><\/a>, subsecretaria de planeaci\u00f3n de la<a href=\"http:\/\/www.semovi.cdmx.gob.mx\/\" target=\"_blank\" rel=\"noopener noreferrer\"><strong> Secretar\u00eda de Movilidad (Semovi)<\/strong><\/a>, recibi\u00f3 el premio en Seguridad Vial en Santiago de Chile.<\/p>\n<p>El jefe de gobierno, a trav\u00e9s de una carta dirigida principalmente a <a href=\"https:\/\/twitter.com\/jeantodt?lang=es\" target=\"_blank\" rel=\"noopener noreferrer\"><strong>Jean Tod<\/strong><\/a>, agradeci\u00f3 esta distinci\u00f3n y enfatiz\u00f3 el trabajo que hace la federaci\u00f3n por ofrecer sistemas seguros y sustentables. \u201cEste resultado es precisamente por los resultados obtenidos en Seguridad Vial\u201d, declar\u00f3 Mancera. Asimismo, agreg\u00f3 que tiene la esperanza de seguir los trabajos en equipo con dicha organizaci\u00f3n para lograr implementar y promover estas pol\u00edticas en todas las regiones.<\/p>\n<p>La entrega del premio se llev\u00f3 a cabo en el marco de \u2018Smart Cities Forum\u2019, donde tambi\u00e9n estuvo presente Alejandro Quintana, presidente de Autom\u00f3vil Club (Acchi) en Chile, <a href=\"https:\/\/twitter.com\/morenobid?lang=es\" target=\"_blank\" rel=\"noopener noreferrer\"><strong>Luis Alberto Moreno<\/strong><\/a>, presidente del Banco Interamericano de Desarrollo (BID), Claudio Orrego, intendente de la regi\u00f3n metropolitana de Santiago, Young Tae Kim, secretario general del Foro Internacional de Transporte (ITF), y <a href=\"https:\/\/twitter.com\/aliciabarcena?lang=es\" target=\"_blank\" rel=\"noopener noreferrer\"><strong>Alicia B\u00e1rcena Ibarra<\/strong><\/a>,\u00a0secretaria ejecutiva de la <a href=\"https:\/\/www.cepal.org\/es\" target=\"_blank\" rel=\"noopener noreferrer\"><strong>Comisi\u00f3n Econ\u00f3mica para Am\u00e9rica Latina y el Caribe (Cepal).<\/strong><\/a><\/p>\n<p>Desde hace cuatro a\u00f1os, la CDMX implement\u00f3 medidas para la transici\u00f3n en materia de movilidad, transporte, y seguridad vial. La Ley de Movilidad, establece el derecho al movimiento de los habitantes a trav\u00e9s de sistemas seguros, integrados y sustentables. De igual manera, se renov\u00f3 la Secretaria de Transportes y Vialidad para dar pie a la Semovi.<\/p>\n<p>El establecimiento de la seguridad vial en 2015, a trav\u00e9s de la \u2018Visi\u00f3n Cero CDMX\u2019, fue de las renovaciones m\u00e1s importantes y significativas en este periodo, ya que adoptaron las pr\u00e1cticas internacionales de cero muertes por hechos de tr\u00e1nsito.<\/p>\n<p>A m\u00e1s de dos a\u00f1os de trabajo conjunto entre la sociedad civil y grupos especializados nacionales e internacionales, la CDMX ha promovido acciones para la reducci\u00f3n de muertes y lesiones, una de ella es el nuevo <a href=\"http:\/\/bicitekas.org\/wp\/wp-content\/uploads\/2016\/03\/RTCDMX-formado.pdf\" target=\"_blank\" rel=\"noopener noreferrer\"><strong>Reglamento de Tr\u00e1nsito<\/strong><\/a>, que reduce las velocidades m\u00e1ximas acatando las directrices de la Organizaci\u00f3n Mundial de la Salud en el decento por la seguridad vial. Estas medidas lograron reducir un veinte por ciento de las muertos por tr\u00e1nsito.<\/p>\n<p>El control de la velocidad ha sido el factor clave para salvar vidas, motivo por el cual la Ciudad de M\u00e9xico se ha posicionada como referente internacional en el tema de seguridad vial, y es la primera metr\u00f3poli en Am\u00e9rica Latina en instalar la Visi\u00f3n Cero.<\/p>\n<p>Por otra parte, se destaca la implementaci\u00f3n de la Calle Completa en las vialidades primaria, con treinta y dos kil\u00f3metros actuales; adem\u00e1s de la intervenci\u00f3n de ciento setenta y cuatro cruceros peligrosos con \u2018Pasos Seguros\u2019; la instalaci\u00f3n de la nueva se\u00f1alizaci\u00f3n y la adaptaci\u00f3n de las fotoc\u00e1maras para vigilar el cumplimiento el reglamento. Cabe se\u00f1alar que en cada punto intervenido se ha registrado una reducci\u00f3n de cincuenta por ciento en muertes por accidentes.<\/p>\n<p>&nbsp;<\/p>\n","protected":false},"excerpt":{"rendered":"<p>Reconocen pol\u00edticas de movilidad implementadas<\/p>\n","protected":false},"author":61,"featured_media":67130,"comment_status":"open","ping_status":"closed","sticky":false,"template":"","format":"standard","meta":{"om_disable_all_campaigns":false,"inline_featured_image":false,"_monsterinsights_skip_tracking":false,"_monsterinsights_sitenote_active":false,"_monsterinsights_sitenote_note":"","_monsterinsights_sitenote_category":0,"footnotes":""},"categories":[82],"tags":[181,606,12640,1496,1846,2215,2391,7356,10050],"class_list":["post-67129","post","type-post","status-publish","format-standard","has-post-thumbnail","hentry","category-urbanismo","tag-america-latina","tag-cdmx","tag-fia","tag-ley-de-movilidad","tag-mancera","tag-onu","tag-seguridad-vial","tag-transito","tag-transportes"],"yoast_head":"<!-- This site is optimized with the Yoast SEO plugin v27.5 - https:\/\/yoast.com\/product\/yoast-seo-wordpress\/ -->\n<title>FIA galardona a la CDMX -<\/title>\n<meta name=\"description\" content=\"Reconocen pol\u00edticas de movilidad implementadas Jean Todt, presidente de la Federaci\u00f3n Internacional del autom\u00f3vil (FIA) y enviado especial de la ONU,\" \/>\n<meta name=\"robots\" content=\"index, follow, max-snippet:-1, max-image-preview:large, max-video-preview:-1\" \/>\n<link rel=\"canonical\" href=\"https:\/\/centrourbano.com\/revista\/urbanismo\/fia-galardona-la-cdmx\/\" \/>\n<meta property=\"og:locale\" content=\"es_ES\" \/>\n<meta property=\"og:type\" content=\"article\" \/>\n<meta property=\"og:title\" content=\"FIA galardona a la CDMX -\" \/>\n<meta property=\"og:description\" content=\"Reconocen pol\u00edticas de movilidad implementadas Jean Todt, presidente de la Federaci\u00f3n Internacional del autom\u00f3vil (FIA) y enviado especial de la ONU,\" \/>\n<meta property=\"og:url\" content=\"https:\/\/centrourbano.com\/revista\/urbanismo\/fia-galardona-la-cdmx\/\" \/>\n<meta property=\"og:site_name\" content=\"Centro Urbano\" \/>\n<meta property=\"article:publisher\" content=\"https:\/\/www.facebook.com\/portalcentrourbano\" \/>\n<meta property=\"article:published_time\" content=\"2018-02-14T17:37:23+00:00\" \/>\n<meta property=\"article:modified_time\" content=\"2018-02-15T20:11:14+00:00\" \/>\n<meta property=\"og:image\" content=\"https:\/\/centrourbano.com\/revista\/wp-content\/uploads\/bellas-artes.png\" \/>\n\t<meta property=\"og:image:width\" content=\"1200\" \/>\n\t<meta property=\"og:image:height\" content=\"480\" \/>\n\t<meta property=\"og:image:type\" content=\"image\/png\" \/>\n<meta name=\"author\" content=\"Leticia Barreto\" \/>\n<meta name=\"twitter:card\" content=\"summary_large_image\" \/>\n<meta name=\"twitter:creator\" content=\"@CentroUrbano\" \/>\n<meta name=\"twitter:site\" content=\"@CentroUrbano\" \/>\n<meta name=\"twitter:label1\" content=\"Escrito por\" \/>\n\t<meta name=\"twitter:data1\" content=\"Leticia Barreto\" \/>\n\t<meta name=\"twitter:label2\" content=\"Tiempo de lectura\" \/>\n\t<meta name=\"twitter:data2\" content=\"3 minutos\" \/>\n<script type=\"application\/ld+json\" class=\"yoast-schema-graph\">{\"@context\":\"https:\\\/\\\/schema.org\",\"@graph\":[{\"@type\":\"Article\",\"@id\":\"https:\\\/\\\/centrourbano.com\\\/revista\\\/urbanismo\\\/fia-galardona-la-cdmx\\\/#article\",\"isPartOf\":{\"@id\":\"https:\\\/\\\/centrourbano.com\\\/revista\\\/urbanismo\\\/fia-galardona-la-cdmx\\\/\"},\"author\":{\"name\":\"Leticia Barreto\",\"@id\":\"https:\\\/\\\/centrourbano.com\\\/revista\\\/#\\\/schema\\\/person\\\/adbb70db8b2d6d6b244ea4f920e409b8\"},\"headline\":\"FIA galardona a la CDMX\",\"datePublished\":\"2018-02-14T17:37:23+00:00\",\"dateModified\":\"2018-02-15T20:11:14+00:00\",\"mainEntityOfPage\":{\"@id\":\"https:\\\/\\\/centrourbano.com\\\/revista\\\/urbanismo\\\/fia-galardona-la-cdmx\\\/\"},\"wordCount\":557,\"commentCount\":0,\"publisher\":{\"@id\":\"https:\\\/\\\/centrourbano.com\\\/revista\\\/#organization\"},\"image\":{\"@id\":\"https:\\\/\\\/centrourbano.com\\\/revista\\\/urbanismo\\\/fia-galardona-la-cdmx\\\/#primaryimage\"},\"thumbnailUrl\":\"https:\\\/\\\/centrourbano.com\\\/revista\\\/wp-content\\\/uploads\\\/bellas-artes.png\",\"keywords\":[\"Am\u00e9rica Latina\",\"CDMX\",\"FIA\",\"Ley de Movilidad\",\"Mancera\",\"ONU\",\"Seguridad vial\",\"Tr\u00e1nsito\",\"transportes\"],\"articleSection\":[\"Urbanismo\"],\"inLanguage\":\"es\",\"potentialAction\":[{\"@type\":\"CommentAction\",\"name\":\"Comment\",\"target\":[\"https:\\\/\\\/centrourbano.com\\\/revista\\\/urbanismo\\\/fia-galardona-la-cdmx\\\/#respond\"]}]},{\"@type\":\"WebPage\",\"@id\":\"https:\\\/\\\/centrourbano.com\\\/revista\\\/urbanismo\\\/fia-galardona-la-cdmx\\\/\",\"url\":\"https:\\\/\\\/centrourbano.com\\\/revista\\\/urbanismo\\\/fia-galardona-la-cdmx\\\/\",\"name\":\"FIA galardona a la CDMX -\",\"isPartOf\":{\"@id\":\"https:\\\/\\\/centrourbano.com\\\/revista\\\/#website\"},\"primaryImageOfPage\":{\"@id\":\"https:\\\/\\\/centrourbano.com\\\/revista\\\/urbanismo\\\/fia-galardona-la-cdmx\\\/#primaryimage\"},\"image\":{\"@id\":\"https:\\\/\\\/centrourbano.com\\\/revista\\\/urbanismo\\\/fia-galardona-la-cdmx\\\/#primaryimage\"},\"thumbnailUrl\":\"https:\\\/\\\/centrourbano.com\\\/revista\\\/wp-content\\\/uploads\\\/bellas-artes.png\",\"datePublished\":\"2018-02-14T17:37:23+00:00\",\"dateModified\":\"2018-02-15T20:11:14+00:00\",\"description\":\"Reconocen pol\u00edticas de movilidad implementadas Jean Todt, presidente de la Federaci\u00f3n Internacional del autom\u00f3vil (FIA) y enviado especial de la ONU,\",\"breadcrumb\":{\"@id\":\"https:\\\/\\\/centrourbano.com\\\/revista\\\/urbanismo\\\/fia-galardona-la-cdmx\\\/#breadcrumb\"},\"inLanguage\":\"es\",\"potentialAction\":[{\"@type\":\"ReadAction\",\"target\":[\"https:\\\/\\\/centrourbano.com\\\/revista\\\/urbanismo\\\/fia-galardona-la-cdmx\\\/\"]}]},{\"@type\":\"ImageObject\",\"inLanguage\":\"es\",\"@id\":\"https:\\\/\\\/centrourbano.com\\\/revista\\\/urbanismo\\\/fia-galardona-la-cdmx\\\/#primaryimage\",\"url\":\"https:\\\/\\\/centrourbano.com\\\/revista\\\/wp-content\\\/uploads\\\/bellas-artes.png\",\"contentUrl\":\"https:\\\/\\\/centrourbano.com\\\/revista\\\/wp-content\\\/uploads\\\/bellas-artes.png\",\"width\":1200,\"height\":480,\"caption\":\"Reconocen pol\u00edticas de movilidad implementadas\"},{\"@type\":\"BreadcrumbList\",\"@id\":\"https:\\\/\\\/centrourbano.com\\\/revista\\\/urbanismo\\\/fia-galardona-la-cdmx\\\/#breadcrumb\",\"itemListElement\":[{\"@type\":\"ListItem\",\"position\":1,\"name\":\"Portada\",\"item\":\"https:\\\/\\\/centrourbano.com\\\/revista\\\/\"},{\"@type\":\"ListItem\",\"position\":2,\"name\":\"FIA galardona a la CDMX\"}]},{\"@type\":\"WebSite\",\"@id\":\"https:\\\/\\\/centrourbano.com\\\/revista\\\/#website\",\"url\":\"https:\\\/\\\/centrourbano.com\\\/revista\\\/\",\"name\":\"Centro Urbano\",\"description\":\"Medio especializado en los sectores vivienda, inmobiliario, construcci\u00f3n, arquitectura y urbanismo.\",\"publisher\":{\"@id\":\"https:\\\/\\\/centrourbano.com\\\/revista\\\/#organization\"},\"potentialAction\":[{\"@type\":\"SearchAction\",\"target\":{\"@type\":\"EntryPoint\",\"urlTemplate\":\"https:\\\/\\\/centrourbano.com\\\/revista\\\/?s={search_term_string}\"},\"query-input\":{\"@type\":\"PropertyValueSpecification\",\"valueRequired\":true,\"valueName\":\"search_term_string\"}}],\"inLanguage\":\"es\"},{\"@type\":\"Organization\",\"@id\":\"https:\\\/\\\/centrourbano.com\\\/revista\\\/#organization\",\"name\":\"Centro Urbano\",\"url\":\"https:\\\/\\\/centrourbano.com\\\/revista\\\/\",\"logo\":{\"@type\":\"ImageObject\",\"inLanguage\":\"es\",\"@id\":\"https:\\\/\\\/centrourbano.com\\\/revista\\\/#\\\/schema\\\/logo\\\/image\\\/\",\"url\":\"https:\\\/\\\/centrourbano.com\\\/revista\\\/wp-content\\\/uploads\\\/web_CU_logo-1.png\",\"contentUrl\":\"https:\\\/\\\/centrourbano.com\\\/revista\\\/wp-content\\\/uploads\\\/web_CU_logo-1.png\",\"width\":350,\"height\":91,\"caption\":\"Centro Urbano\"},\"image\":{\"@id\":\"https:\\\/\\\/centrourbano.com\\\/revista\\\/#\\\/schema\\\/logo\\\/image\\\/\"},\"sameAs\":[\"https:\\\/\\\/www.facebook.com\\\/portalcentrourbano\",\"https:\\\/\\\/x.com\\\/CentroUrbano\",\"https:\\\/\\\/www.instagram.com\\\/centro_urbano\\\/\",\"https:\\\/\\\/www.linkedin.com\\\/company\\\/centro-urbano\\\/\",\"http:\\\/\\\/www.youtube.com\\\/user\\\/portalcentrourbano\"]},{\"@type\":\"Person\",\"@id\":\"https:\\\/\\\/centrourbano.com\\\/revista\\\/#\\\/schema\\\/person\\\/adbb70db8b2d6d6b244ea4f920e409b8\",\"name\":\"Leticia Barreto\",\"image\":{\"@type\":\"ImageObject\",\"inLanguage\":\"es\",\"@id\":\"https:\\\/\\\/secure.gravatar.com\\\/avatar\\\/6b7fc7c4a73e99ae1d556a4345000a3885f7f1118168c1a74a78bfcdce11dea5?s=96&d=mm&r=g\",\"url\":\"https:\\\/\\\/secure.gravatar.com\\\/avatar\\\/6b7fc7c4a73e99ae1d556a4345000a3885f7f1118168c1a74a78bfcdce11dea5?s=96&d=mm&r=g\",\"contentUrl\":\"https:\\\/\\\/secure.gravatar.com\\\/avatar\\\/6b7fc7c4a73e99ae1d556a4345000a3885f7f1118168c1a74a78bfcdce11dea5?s=96&d=mm&r=g\",\"caption\":\"Leticia Barreto\"},\"url\":\"https:\\\/\\\/centrourbano.com\\\/revista\\\/author\\\/leticia-barreto\\\/\"}]}<\/script>\n<!-- \/ Yoast SEO plugin. -->","yoast_head_json":{"title":"FIA galardona a la CDMX -","description":"Reconocen pol\u00edticas de movilidad implementadas Jean Todt, presidente de la Federaci\u00f3n Internacional del autom\u00f3vil (FIA) y enviado especial de la ONU,","robots":{"index":"index","follow":"follow","max-snippet":"max-snippet:-1","max-image-preview":"max-image-preview:large","max-video-preview":"max-video-preview:-1"},"canonical":"https:\/\/centrourbano.com\/revista\/urbanismo\/fia-galardona-la-cdmx\/","og_locale":"es_ES","og_type":"article","og_title":"FIA galardona a la CDMX -","og_description":"Reconocen pol\u00edticas de movilidad implementadas Jean Todt, presidente de la Federaci\u00f3n Internacional del autom\u00f3vil (FIA) y enviado especial de la ONU,","og_url":"https:\/\/centrourbano.com\/revista\/urbanismo\/fia-galardona-la-cdmx\/","og_site_name":"Centro Urbano","article_publisher":"https:\/\/www.facebook.com\/portalcentrourbano","article_published_time":"2018-02-14T17:37:23+00:00","article_modified_time":"2018-02-15T20:11:14+00:00","og_image":[{"width":1200,"height":480,"url":"https:\/\/centrourbano.com\/revista\/wp-content\/uploads\/bellas-artes.png","type":"image\/png"}],"author":"Leticia Barreto","twitter_card":"summary_large_image","twitter_creator":"@CentroUrbano","twitter_site":"@CentroUrbano","twitter_misc":{"Escrito por":"Leticia Barreto","Tiempo de lectura":"3 minutos"},"schema":{"@context":"https:\/\/schema.org","@graph":[{"@type":"Article","@id":"https:\/\/centrourbano.com\/revista\/urbanismo\/fia-galardona-la-cdmx\/#article","isPartOf":{"@id":"https:\/\/centrourbano.com\/revista\/urbanismo\/fia-galardona-la-cdmx\/"},"author":{"name":"Leticia Barreto","@id":"https:\/\/centrourbano.com\/revista\/#\/schema\/person\/adbb70db8b2d6d6b244ea4f920e409b8"},"headline":"FIA galardona a la CDMX","datePublished":"2018-02-14T17:37:23+00:00","dateModified":"2018-02-15T20:11:14+00:00","mainEntityOfPage":{"@id":"https:\/\/centrourbano.com\/revista\/urbanismo\/fia-galardona-la-cdmx\/"},"wordCount":557,"commentCount":0,"publisher":{"@id":"https:\/\/centrourbano.com\/revista\/#organization"},"image":{"@id":"https:\/\/centrourbano.com\/revista\/urbanismo\/fia-galardona-la-cdmx\/#primaryimage"},"thumbnailUrl":"https:\/\/centrourbano.com\/revista\/wp-content\/uploads\/bellas-artes.png","keywords":["Am\u00e9rica Latina","CDMX","FIA","Ley de Movilidad","Mancera","ONU","Seguridad vial","Tr\u00e1nsito","transportes"],"articleSection":["Urbanismo"],"inLanguage":"es","potentialAction":[{"@type":"CommentAction","name":"Comment","target":["https:\/\/centrourbano.com\/revista\/urbanismo\/fia-galardona-la-cdmx\/#respond"]}]},{"@type":"WebPage","@id":"https:\/\/centrourbano.com\/revista\/urbanismo\/fia-galardona-la-cdmx\/","url":"https:\/\/centrourbano.com\/revista\/urbanismo\/fia-galardona-la-cdmx\/","name":"FIA galardona a la CDMX -","isPartOf":{"@id":"https:\/\/centrourbano.com\/revista\/#website"},"primaryImageOfPage":{"@id":"https:\/\/centrourbano.com\/revista\/urbanismo\/fia-galardona-la-cdmx\/#primaryimage"},"image":{"@id":"https:\/\/centrourbano.com\/revista\/urbanismo\/fia-galardona-la-cdmx\/#primaryimage"},"thumbnailUrl":"https:\/\/centrourbano.com\/revista\/wp-content\/uploads\/bellas-artes.png","datePublished":"2018-02-14T17:37:23+00:00","dateModified":"2018-02-15T20:11:14+00:00","description":"Reconocen pol\u00edticas de movilidad implementadas Jean Todt, presidente de la Federaci\u00f3n Internacional del autom\u00f3vil (FIA) y enviado especial de la ONU,","breadcrumb":{"@id":"https:\/\/centrourbano.com\/revista\/urbanismo\/fia-galardona-la-cdmx\/#breadcrumb"},"inLanguage":"es","potentialAction":[{"@type":"ReadAction","target":["https:\/\/centrourbano.com\/revista\/urbanismo\/fia-galardona-la-cdmx\/"]}]},{"@type":"ImageObject","inLanguage":"es","@id":"https:\/\/centrourbano.com\/revista\/urbanismo\/fia-galardona-la-cdmx\/#primaryimage","url":"https:\/\/centrourbano.com\/revista\/wp-content\/uploads\/bellas-artes.png","contentUrl":"https:\/\/centrourbano.com\/revista\/wp-content\/uploads\/bellas-artes.png","width":1200,"height":480,"caption":"Reconocen pol\u00edticas de movilidad implementadas"},{"@type":"BreadcrumbList","@id":"https:\/\/centrourbano.com\/revista\/urbanismo\/fia-galardona-la-cdmx\/#breadcrumb","itemListElement":[{"@type":"ListItem","position":1,"name":"Portada","item":"https:\/\/centrourbano.com\/revista\/"},{"@type":"ListItem","position":2,"name":"FIA galardona a la CDMX"}]},{"@type":"WebSite","@id":"https:\/\/centrourbano.com\/revista\/#website","url":"https:\/\/centrourbano.com\/revista\/","name":"Centro Urbano","description":"Medio especializado en los sectores vivienda, inmobiliario, construcci\u00f3n, arquitectura y urbanismo.","publisher":{"@id":"https:\/\/centrourbano.com\/revista\/#organization"},"potentialAction":[{"@type":"SearchAction","target":{"@type":"EntryPoint","urlTemplate":"https:\/\/centrourbano.com\/revista\/?s={search_term_string}"},"query-input":{"@type":"PropertyValueSpecification","valueRequired":true,"valueName":"search_term_string"}}],"inLanguage":"es"},{"@type":"Organization","@id":"https:\/\/centrourbano.com\/revista\/#organization","name":"Centro Urbano","url":"https:\/\/centrourbano.com\/revista\/","logo":{"@type":"ImageObject","inLanguage":"es","@id":"https:\/\/centrourbano.com\/revista\/#\/schema\/logo\/image\/","url":"https:\/\/centrourbano.com\/revista\/wp-content\/uploads\/web_CU_logo-1.png","contentUrl":"https:\/\/centrourbano.com\/revista\/wp-content\/uploads\/web_CU_logo-1.png","width":350,"height":91,"caption":"Centro Urbano"},"image":{"@id":"https:\/\/centrourbano.com\/revista\/#\/schema\/logo\/image\/"},"sameAs":["https:\/\/www.facebook.com\/portalcentrourbano","https:\/\/x.com\/CentroUrbano","https:\/\/www.instagram.com\/centro_urbano\/","https:\/\/www.linkedin.com\/company\/centro-urbano\/","http:\/\/www.youtube.com\/user\/portalcentrourbano"]},{"@type":"Person","@id":"https:\/\/centrourbano.com\/revista\/#\/schema\/person\/adbb70db8b2d6d6b244ea4f920e409b8","name":"Leticia Barreto","image":{"@type":"ImageObject","inLanguage":"es","@id":"https:\/\/secure.gravatar.com\/avatar\/6b7fc7c4a73e99ae1d556a4345000a3885f7f1118168c1a74a78bfcdce11dea5?s=96&d=mm&r=g","url":"https:\/\/secure.gravatar.com\/avatar\/6b7fc7c4a73e99ae1d556a4345000a3885f7f1118168c1a74a78bfcdce11dea5?s=96&d=mm&r=g","contentUrl":"https:\/\/secure.gravatar.com\/avatar\/6b7fc7c4a73e99ae1d556a4345000a3885f7f1118168c1a74a78bfcdce11dea5?s=96&d=mm&r=g","caption":"Leticia Barreto"},"url":"https:\/\/centrourbano.com\/revista\/author\/leticia-barreto\/"}]}},"_links":{"self":[{"href":"https:\/\/centrourbano.com\/revista\/wp-json\/wp\/v2\/posts\/67129","targetHints":{"allow":["GET"]}}],"collection":[{"href":"https:\/\/centrourbano.com\/revista\/wp-json\/wp\/v2\/posts"}],"about":[{"href":"https:\/\/centrourbano.com\/revista\/wp-json\/wp\/v2\/types\/post"}],"author":[{"embeddable":true,"href":"https:\/\/centrourbano.com\/revista\/wp-json\/wp\/v2\/users\/61"}],"replies":[{"embeddable":true,"href":"https:\/\/centrourbano.com\/revista\/wp-json\/wp\/v2\/comments?post=67129"}],"version-history":[{"count":2,"href":"https:\/\/centrourbano.com\/revista\/wp-json\/wp\/v2\/posts\/67129\/revisions"}],"predecessor-version":[{"id":67228,"href":"https:\/\/centrourbano.com\/revista\/wp-json\/wp\/v2\/posts\/67129\/revisions\/67228"}],"wp:featuredmedia":[{"embeddable":true,"href":"https:\/\/centrourbano.com\/revista\/wp-json\/wp\/v2\/media\/67130"}],"wp:attachment":[{"href":"https:\/\/centrourbano.com\/revista\/wp-json\/wp\/v2\/media?parent=67129"}],"wp:term":[{"taxonomy":"category","embeddable":true,"href":"https:\/\/centrourbano.com\/revista\/wp-json\/wp\/v2\/categories?post=67129"},{"taxonomy":"post_tag","embeddable":true,"href":"https:\/\/centrourbano.com\/revista\/wp-json\/wp\/v2\/tags?post=67129"}],"curies":[{"name":"wp","href":"https:\/\/api.w.org\/{rel}","templated":true}]}}