{"id":6701,"date":"2014-05-08T09:00:43","date_gmt":"2014-05-08T14:00:43","guid":{"rendered":"http:\/\/centrourbano.com\/?p=6701"},"modified":"2014-05-07T23:23:08","modified_gmt":"2014-05-08T04:23:08","slug":"la-ciudad-eficiente","status":"publish","type":"post","link":"https:\/\/centrourbano.com\/revista\/opinion\/la-ciudad-eficiente\/","title":{"rendered":"La ciudad eficiente"},"content":{"rendered":"<p><em><strong>Por\u00a0Silvia Mej\u00eda Reza*<!--more--><\/strong><\/em><\/p>\n<p>\u00bfCu\u00e1ntas veces pensamos en cuanta energ\u00eda vamos a utilizar para hacer una vivienda, un parque, una avenida, una ciudad? \u00bfCu\u00e1nta agua vamos a consumir por d\u00eda, mes o a\u00f1o? \u00bfCu\u00e1ntos residuos se van a generar y c\u00f3mo vamos a manejar de forma integral esos residuos para lograr su reciclamiento total?<\/p>\n<p>Es una realidad que hacemos uso de los recursos naturales sin medici\u00f3n ni planeaci\u00f3n previa. Como resultado estamos en situaciones cr\u00edticas como la que hoy tenemos con el agua y la sobreexplotaci\u00f3n de los acu\u00edferos que hoy resultan en cortes frecuentes en muchas zonas de la ciudad para minimizar el consumo. El consumo de combustibles f\u00f3siles no es infinito, de ah\u00ed la importancia de introducir energ\u00edas alternativas para sustituir el consumo de recursos y eliminar las emisiones de gases contaminantes provocadas por los mismos.<\/p>\n<p>El Programa de Naciones Unidas para el Medio Ambiente PNUMA, ha iniciado una iniciativa global para el manejo de los recursos naturales de forma eficiente GI-REC. La iniciativa eval\u00faa como utilizamos los recursos naturales en nuestras ciudades y en base a indicadores de medici\u00f3n proponer proyectos que permitan hacer m\u00e1s eficiente el uso y el consumo.<\/p>\n<p>Evaluando la regi\u00f3n Latinoamericana son muchos los retos para poder lograr un manejo eficiente de los recursos naturales. Siendo la regi\u00f3n m\u00e1s urbanizada a nivel global, 80 por ciento de los residentes vive en ciudades, el reto es mayor por el consumo de recursos y la generaci\u00f3n de impactos sobre el medio ambiente. Las carencias son significativas, por ejemplo la disponibilidad de datos que nos permitan conocer cu\u00e1nto consumimos para establecer una l\u00ednea base como punto de partida para evaluar las acciones y proyectos estrat\u00e9gicos a proponer.<\/p>\n<p>Contar con un sistema de indicadores es prioritario para conocer d\u00f3nde, c\u00f3mo cu\u00e1ndo y cu\u00e1nta agua, energ\u00eda y suelo consumimos.<\/p>\n<p>Existen ciudades como Tianjin, ciudad ecol\u00f3gica de Singapur y China que cuentan con un sistema de medici\u00f3n que fue establecido previo a la construcci\u00f3n de la ciudad. Tianjin se construye desde 2007\u00a0 y desde su proyecci\u00f3n fue visualizada como una ciudad arm\u00f3nica socialmente, ambientalmente amigable y con un manejo eficiente de sus recursos naturales para ser un modelo de desarrollo sustentable. Al finalizar su construcci\u00f3n en 2020 tendr\u00e1 una poblaci\u00f3n de 350 mil habitantes. Lo interesante es que el sitio destinado para la construcci\u00f3n de esta ciudad era un \u00e1rea de 30km2 con agua contaminada y residual.<\/p>\n<p>La planeaci\u00f3n y desarrollo de la ciudad fue concebida a partir de una serie de indicadores clave de desempe\u00f1o (Key performance indicators\u00a0 KPI\u00b4S) que incluyen el desarrollo ecol\u00f3gico, econ\u00f3mico y social de la ciudad. Estos indicadores fueron desarrollados por expertos de Singapur y China bajo los m\u00e1s altos est\u00e1ndares nacionales. En total son 22 indicadores cuantitativos y 4 cualitativos que miden la calidad del medio ambiente natural, el balance del ambiente creado por el hombre, las costumbres para una buena calidad de vida y las herramientas para generar una din\u00e1mica econ\u00f3mica adecuada y eficiente.<\/p>\n<p>Adem\u00e1s de determinar c\u00f3mo se quiere a largo plazo la calidad del aire, el agua tanto la potable como la de lagos y r\u00edos, los niveles de contaminaci\u00f3n auditiva, la cantidad de emisiones de GEI, tambi\u00e9n se determina que 50 por ciento de los residentes de esta Eco-ciudad deber\u00e1n estar empleados en ella o la cantidad de residuos s\u00f3lidos m\u00e1xima que podr\u00e1 generar cada hogar por d\u00eda, y que 90 por ciento de los viajes hechos por la poblaci\u00f3n deber\u00e1n ser viajes verdes, es decir con medios no motorizados.<\/p>\n<p>Determinar c\u00f3mo queremos que funcione la ciudad es fundamental pero es m\u00e1s importante saber cu\u00e1nto consumimos y qu\u00e9 consumimos si aspiramos llegar a ser una ciudad sustentable y eficiente. Para ello, antes de echar a andar proyectos, el primer paso es generar informaci\u00f3n confiable y disponible que nos ayude a determinar los escenarios tendenciales y las metas, solo as\u00ed tendremos resultados reales.<\/p>\n<p align=\"right\"><b>* Maestra en Arquitectura y Urbanismo<\/b><\/p>\n","protected":false},"excerpt":{"rendered":"<p>Por\u00a0Silvia Mej\u00eda Reza*<\/p>\n","protected":false},"author":15,"featured_media":0,"comment_status":"open","ping_status":"closed","sticky":false,"template":"","format":"standard","meta":{"om_disable_all_campaigns":false,"inline_featured_image":false,"_monsterinsights_skip_tracking":false,"_monsterinsights_sitenote_active":false,"_monsterinsights_sitenote_note":"","_monsterinsights_sitenote_category":0,"footnotes":""},"categories":[242,5],"tags":[968],"class_list":["post-6701","post","type-post","status-publish","format-standard","hentry","category-blog-de-invitado","category-opinion","tag-silvia-mejia-reza"],"yoast_head":"<!-- This site is optimized with the Yoast SEO plugin v27.5 - https:\/\/yoast.com\/product\/yoast-seo-wordpress\/ -->\n<title>La ciudad eficiente -<\/title>\n<meta name=\"description\" content=\"Por\u00a0Silvia Mej\u00eda Reza* \u00bfCu\u00e1ntas veces pensamos en cuanta energ\u00eda vamos a utilizar para hacer una vivienda, un parque, una avenida, una ciudad? \u00bfCu\u00e1nta\" \/>\n<meta name=\"robots\" content=\"index, follow, max-snippet:-1, max-image-preview:large, max-video-preview:-1\" \/>\n<link rel=\"canonical\" href=\"https:\/\/centrourbano.com\/revista\/opinion\/la-ciudad-eficiente\/\" \/>\n<meta property=\"og:locale\" content=\"es_ES\" \/>\n<meta property=\"og:type\" content=\"article\" \/>\n<meta property=\"og:title\" content=\"La ciudad eficiente -\" \/>\n<meta property=\"og:description\" content=\"Por\u00a0Silvia Mej\u00eda Reza* \u00bfCu\u00e1ntas veces pensamos en cuanta energ\u00eda vamos a utilizar para hacer una vivienda, un parque, una avenida, una ciudad? \u00bfCu\u00e1nta\" \/>\n<meta property=\"og:url\" content=\"https:\/\/centrourbano.com\/revista\/opinion\/la-ciudad-eficiente\/\" \/>\n<meta property=\"og:site_name\" content=\"Centro Urbano\" \/>\n<meta property=\"article:publisher\" content=\"https:\/\/www.facebook.com\/portalcentrourbano\" \/>\n<meta property=\"article:published_time\" content=\"2014-05-08T14:00:43+00:00\" \/>\n<meta property=\"og:image\" content=\"https:\/\/centrourbano.com\/revista\/wp-content\/uploads\/CU-logo.png\" \/>\n\t<meta property=\"og:image:width\" content=\"350\" \/>\n\t<meta property=\"og:image:height\" content=\"91\" \/>\n\t<meta property=\"og:image:type\" content=\"image\/png\" \/>\n<meta name=\"author\" content=\"Silvia Mej\u00eda Reza\" \/>\n<meta name=\"twitter:card\" content=\"summary_large_image\" \/>\n<meta name=\"twitter:creator\" content=\"@CentroUrbano\" \/>\n<meta name=\"twitter:site\" content=\"@CentroUrbano\" \/>\n<meta name=\"twitter:label1\" content=\"Escrito por\" \/>\n\t<meta name=\"twitter:data1\" content=\"Silvia Mej\u00eda Reza\" \/>\n\t<meta name=\"twitter:label2\" content=\"Tiempo de lectura\" \/>\n\t<meta name=\"twitter:data2\" content=\"4 minutos\" \/>\n<script type=\"application\/ld+json\" class=\"yoast-schema-graph\">{\"@context\":\"https:\\\/\\\/schema.org\",\"@graph\":[{\"@type\":\"Article\",\"@id\":\"https:\\\/\\\/centrourbano.com\\\/revista\\\/opinion\\\/la-ciudad-eficiente\\\/#article\",\"isPartOf\":{\"@id\":\"https:\\\/\\\/centrourbano.com\\\/revista\\\/opinion\\\/la-ciudad-eficiente\\\/\"},\"author\":{\"name\":\"Silvia Mej\u00eda Reza\",\"@id\":\"https:\\\/\\\/centrourbano.com\\\/revista\\\/#\\\/schema\\\/person\\\/5ef2e69654ace963284e636d6233cbe1\"},\"headline\":\"La ciudad eficiente\",\"datePublished\":\"2014-05-08T14:00:43+00:00\",\"mainEntityOfPage\":{\"@id\":\"https:\\\/\\\/centrourbano.com\\\/revista\\\/opinion\\\/la-ciudad-eficiente\\\/\"},\"wordCount\":705,\"commentCount\":0,\"publisher\":{\"@id\":\"https:\\\/\\\/centrourbano.com\\\/revista\\\/#organization\"},\"keywords\":[\"Silvia Mej\u00eda Reza\"],\"articleSection\":[\"En la opini\u00f3n de\",\"Opini\u00f3n\"],\"inLanguage\":\"es\",\"potentialAction\":[{\"@type\":\"CommentAction\",\"name\":\"Comment\",\"target\":[\"https:\\\/\\\/centrourbano.com\\\/revista\\\/opinion\\\/la-ciudad-eficiente\\\/#respond\"]}]},{\"@type\":\"WebPage\",\"@id\":\"https:\\\/\\\/centrourbano.com\\\/revista\\\/opinion\\\/la-ciudad-eficiente\\\/\",\"url\":\"https:\\\/\\\/centrourbano.com\\\/revista\\\/opinion\\\/la-ciudad-eficiente\\\/\",\"name\":\"La ciudad eficiente -\",\"isPartOf\":{\"@id\":\"https:\\\/\\\/centrourbano.com\\\/revista\\\/#website\"},\"datePublished\":\"2014-05-08T14:00:43+00:00\",\"description\":\"Por\u00a0Silvia Mej\u00eda Reza* \u00bfCu\u00e1ntas veces pensamos en cuanta energ\u00eda vamos a utilizar para hacer una vivienda, un parque, una avenida, una ciudad? \u00bfCu\u00e1nta\",\"breadcrumb\":{\"@id\":\"https:\\\/\\\/centrourbano.com\\\/revista\\\/opinion\\\/la-ciudad-eficiente\\\/#breadcrumb\"},\"inLanguage\":\"es\",\"potentialAction\":[{\"@type\":\"ReadAction\",\"target\":[\"https:\\\/\\\/centrourbano.com\\\/revista\\\/opinion\\\/la-ciudad-eficiente\\\/\"]}]},{\"@type\":\"BreadcrumbList\",\"@id\":\"https:\\\/\\\/centrourbano.com\\\/revista\\\/opinion\\\/la-ciudad-eficiente\\\/#breadcrumb\",\"itemListElement\":[{\"@type\":\"ListItem\",\"position\":1,\"name\":\"Portada\",\"item\":\"https:\\\/\\\/centrourbano.com\\\/revista\\\/\"},{\"@type\":\"ListItem\",\"position\":2,\"name\":\"La ciudad eficiente\"}]},{\"@type\":\"WebSite\",\"@id\":\"https:\\\/\\\/centrourbano.com\\\/revista\\\/#website\",\"url\":\"https:\\\/\\\/centrourbano.com\\\/revista\\\/\",\"name\":\"Centro Urbano\",\"description\":\"Medio especializado en los sectores vivienda, inmobiliario, construcci\u00f3n, arquitectura y urbanismo.\",\"publisher\":{\"@id\":\"https:\\\/\\\/centrourbano.com\\\/revista\\\/#organization\"},\"potentialAction\":[{\"@type\":\"SearchAction\",\"target\":{\"@type\":\"EntryPoint\",\"urlTemplate\":\"https:\\\/\\\/centrourbano.com\\\/revista\\\/?s={search_term_string}\"},\"query-input\":{\"@type\":\"PropertyValueSpecification\",\"valueRequired\":true,\"valueName\":\"search_term_string\"}}],\"inLanguage\":\"es\"},{\"@type\":\"Organization\",\"@id\":\"https:\\\/\\\/centrourbano.com\\\/revista\\\/#organization\",\"name\":\"Centro Urbano\",\"url\":\"https:\\\/\\\/centrourbano.com\\\/revista\\\/\",\"logo\":{\"@type\":\"ImageObject\",\"inLanguage\":\"es\",\"@id\":\"https:\\\/\\\/centrourbano.com\\\/revista\\\/#\\\/schema\\\/logo\\\/image\\\/\",\"url\":\"https:\\\/\\\/centrourbano.com\\\/revista\\\/wp-content\\\/uploads\\\/web_CU_logo-1.png\",\"contentUrl\":\"https:\\\/\\\/centrourbano.com\\\/revista\\\/wp-content\\\/uploads\\\/web_CU_logo-1.png\",\"width\":350,\"height\":91,\"caption\":\"Centro Urbano\"},\"image\":{\"@id\":\"https:\\\/\\\/centrourbano.com\\\/revista\\\/#\\\/schema\\\/logo\\\/image\\\/\"},\"sameAs\":[\"https:\\\/\\\/www.facebook.com\\\/portalcentrourbano\",\"https:\\\/\\\/x.com\\\/CentroUrbano\",\"https:\\\/\\\/www.instagram.com\\\/centro_urbano\\\/\",\"https:\\\/\\\/www.linkedin.com\\\/company\\\/centro-urbano\\\/\",\"http:\\\/\\\/www.youtube.com\\\/user\\\/portalcentrourbano\"]},{\"@type\":\"Person\",\"@id\":\"https:\\\/\\\/centrourbano.com\\\/revista\\\/#\\\/schema\\\/person\\\/5ef2e69654ace963284e636d6233cbe1\",\"name\":\"Silvia Mej\u00eda Reza\",\"image\":{\"@type\":\"ImageObject\",\"inLanguage\":\"es\",\"@id\":\"https:\\\/\\\/secure.gravatar.com\\\/avatar\\\/672baa18d7184c1fa88ed0e9781fa82e8350ee6397a62b5be717d6636c73e500?s=96&d=mm&r=g\",\"url\":\"https:\\\/\\\/secure.gravatar.com\\\/avatar\\\/672baa18d7184c1fa88ed0e9781fa82e8350ee6397a62b5be717d6636c73e500?s=96&d=mm&r=g\",\"contentUrl\":\"https:\\\/\\\/secure.gravatar.com\\\/avatar\\\/672baa18d7184c1fa88ed0e9781fa82e8350ee6397a62b5be717d6636c73e500?s=96&d=mm&r=g\",\"caption\":\"Silvia Mej\u00eda Reza\"},\"url\":\"https:\\\/\\\/centrourbano.com\\\/revista\\\/author\\\/silvia-mejia\\\/\"}]}<\/script>\n<!-- \/ Yoast SEO plugin. -->","yoast_head_json":{"title":"La ciudad eficiente -","description":"Por\u00a0Silvia Mej\u00eda Reza* \u00bfCu\u00e1ntas veces pensamos en cuanta energ\u00eda vamos a utilizar para hacer una vivienda, un parque, una avenida, una ciudad? \u00bfCu\u00e1nta","robots":{"index":"index","follow":"follow","max-snippet":"max-snippet:-1","max-image-preview":"max-image-preview:large","max-video-preview":"max-video-preview:-1"},"canonical":"https:\/\/centrourbano.com\/revista\/opinion\/la-ciudad-eficiente\/","og_locale":"es_ES","og_type":"article","og_title":"La ciudad eficiente -","og_description":"Por\u00a0Silvia Mej\u00eda Reza* \u00bfCu\u00e1ntas veces pensamos en cuanta energ\u00eda vamos a utilizar para hacer una vivienda, un parque, una avenida, una ciudad? \u00bfCu\u00e1nta","og_url":"https:\/\/centrourbano.com\/revista\/opinion\/la-ciudad-eficiente\/","og_site_name":"Centro Urbano","article_publisher":"https:\/\/www.facebook.com\/portalcentrourbano","article_published_time":"2014-05-08T14:00:43+00:00","og_image":[{"width":350,"height":91,"url":"https:\/\/centrourbano.com\/revista\/wp-content\/uploads\/CU-logo.png","type":"image\/png"}],"author":"Silvia Mej\u00eda Reza","twitter_card":"summary_large_image","twitter_creator":"@CentroUrbano","twitter_site":"@CentroUrbano","twitter_misc":{"Escrito por":"Silvia Mej\u00eda Reza","Tiempo de lectura":"4 minutos"},"schema":{"@context":"https:\/\/schema.org","@graph":[{"@type":"Article","@id":"https:\/\/centrourbano.com\/revista\/opinion\/la-ciudad-eficiente\/#article","isPartOf":{"@id":"https:\/\/centrourbano.com\/revista\/opinion\/la-ciudad-eficiente\/"},"author":{"name":"Silvia Mej\u00eda Reza","@id":"https:\/\/centrourbano.com\/revista\/#\/schema\/person\/5ef2e69654ace963284e636d6233cbe1"},"headline":"La ciudad eficiente","datePublished":"2014-05-08T14:00:43+00:00","mainEntityOfPage":{"@id":"https:\/\/centrourbano.com\/revista\/opinion\/la-ciudad-eficiente\/"},"wordCount":705,"commentCount":0,"publisher":{"@id":"https:\/\/centrourbano.com\/revista\/#organization"},"keywords":["Silvia Mej\u00eda Reza"],"articleSection":["En la opini\u00f3n de","Opini\u00f3n"],"inLanguage":"es","potentialAction":[{"@type":"CommentAction","name":"Comment","target":["https:\/\/centrourbano.com\/revista\/opinion\/la-ciudad-eficiente\/#respond"]}]},{"@type":"WebPage","@id":"https:\/\/centrourbano.com\/revista\/opinion\/la-ciudad-eficiente\/","url":"https:\/\/centrourbano.com\/revista\/opinion\/la-ciudad-eficiente\/","name":"La ciudad eficiente -","isPartOf":{"@id":"https:\/\/centrourbano.com\/revista\/#website"},"datePublished":"2014-05-08T14:00:43+00:00","description":"Por\u00a0Silvia Mej\u00eda Reza* \u00bfCu\u00e1ntas veces pensamos en cuanta energ\u00eda vamos a utilizar para hacer una vivienda, un parque, una avenida, una ciudad? \u00bfCu\u00e1nta","breadcrumb":{"@id":"https:\/\/centrourbano.com\/revista\/opinion\/la-ciudad-eficiente\/#breadcrumb"},"inLanguage":"es","potentialAction":[{"@type":"ReadAction","target":["https:\/\/centrourbano.com\/revista\/opinion\/la-ciudad-eficiente\/"]}]},{"@type":"BreadcrumbList","@id":"https:\/\/centrourbano.com\/revista\/opinion\/la-ciudad-eficiente\/#breadcrumb","itemListElement":[{"@type":"ListItem","position":1,"name":"Portada","item":"https:\/\/centrourbano.com\/revista\/"},{"@type":"ListItem","position":2,"name":"La ciudad eficiente"}]},{"@type":"WebSite","@id":"https:\/\/centrourbano.com\/revista\/#website","url":"https:\/\/centrourbano.com\/revista\/","name":"Centro Urbano","description":"Medio especializado en los sectores vivienda, inmobiliario, construcci\u00f3n, arquitectura y urbanismo.","publisher":{"@id":"https:\/\/centrourbano.com\/revista\/#organization"},"potentialAction":[{"@type":"SearchAction","target":{"@type":"EntryPoint","urlTemplate":"https:\/\/centrourbano.com\/revista\/?s={search_term_string}"},"query-input":{"@type":"PropertyValueSpecification","valueRequired":true,"valueName":"search_term_string"}}],"inLanguage":"es"},{"@type":"Organization","@id":"https:\/\/centrourbano.com\/revista\/#organization","name":"Centro Urbano","url":"https:\/\/centrourbano.com\/revista\/","logo":{"@type":"ImageObject","inLanguage":"es","@id":"https:\/\/centrourbano.com\/revista\/#\/schema\/logo\/image\/","url":"https:\/\/centrourbano.com\/revista\/wp-content\/uploads\/web_CU_logo-1.png","contentUrl":"https:\/\/centrourbano.com\/revista\/wp-content\/uploads\/web_CU_logo-1.png","width":350,"height":91,"caption":"Centro Urbano"},"image":{"@id":"https:\/\/centrourbano.com\/revista\/#\/schema\/logo\/image\/"},"sameAs":["https:\/\/www.facebook.com\/portalcentrourbano","https:\/\/x.com\/CentroUrbano","https:\/\/www.instagram.com\/centro_urbano\/","https:\/\/www.linkedin.com\/company\/centro-urbano\/","http:\/\/www.youtube.com\/user\/portalcentrourbano"]},{"@type":"Person","@id":"https:\/\/centrourbano.com\/revista\/#\/schema\/person\/5ef2e69654ace963284e636d6233cbe1","name":"Silvia Mej\u00eda Reza","image":{"@type":"ImageObject","inLanguage":"es","@id":"https:\/\/secure.gravatar.com\/avatar\/672baa18d7184c1fa88ed0e9781fa82e8350ee6397a62b5be717d6636c73e500?s=96&d=mm&r=g","url":"https:\/\/secure.gravatar.com\/avatar\/672baa18d7184c1fa88ed0e9781fa82e8350ee6397a62b5be717d6636c73e500?s=96&d=mm&r=g","contentUrl":"https:\/\/secure.gravatar.com\/avatar\/672baa18d7184c1fa88ed0e9781fa82e8350ee6397a62b5be717d6636c73e500?s=96&d=mm&r=g","caption":"Silvia Mej\u00eda Reza"},"url":"https:\/\/centrourbano.com\/revista\/author\/silvia-mejia\/"}]}},"_links":{"self":[{"href":"https:\/\/centrourbano.com\/revista\/wp-json\/wp\/v2\/posts\/6701","targetHints":{"allow":["GET"]}}],"collection":[{"href":"https:\/\/centrourbano.com\/revista\/wp-json\/wp\/v2\/posts"}],"about":[{"href":"https:\/\/centrourbano.com\/revista\/wp-json\/wp\/v2\/types\/post"}],"author":[{"embeddable":true,"href":"https:\/\/centrourbano.com\/revista\/wp-json\/wp\/v2\/users\/15"}],"replies":[{"embeddable":true,"href":"https:\/\/centrourbano.com\/revista\/wp-json\/wp\/v2\/comments?post=6701"}],"version-history":[{"count":0,"href":"https:\/\/centrourbano.com\/revista\/wp-json\/wp\/v2\/posts\/6701\/revisions"}],"wp:attachment":[{"href":"https:\/\/centrourbano.com\/revista\/wp-json\/wp\/v2\/media?parent=6701"}],"wp:term":[{"taxonomy":"category","embeddable":true,"href":"https:\/\/centrourbano.com\/revista\/wp-json\/wp\/v2\/categories?post=6701"},{"taxonomy":"post_tag","embeddable":true,"href":"https:\/\/centrourbano.com\/revista\/wp-json\/wp\/v2\/tags?post=6701"}],"curies":[{"name":"wp","href":"https:\/\/api.w.org\/{rel}","templated":true}]}}