{"id":66892,"date":"2018-02-08T13:50:19","date_gmt":"2018-02-08T19:50:19","guid":{"rendered":"https:\/\/centrourbano.com\/?p=66892"},"modified":"2018-02-08T13:50:19","modified_gmt":"2018-02-08T19:50:19","slug":"presentan-la-xxxix-edicion-la-fil-mineria","status":"publish","type":"post","link":"https:\/\/centrourbano.com\/revista\/actualidad\/presentan-la-xxxix-edicion-la-fil-mineria\/","title":{"rendered":"Presentan la XXXIX edici\u00f3n de la FIL de Miner\u00eda"},"content":{"rendered":"<p><em>En el evento se desarrollar\u00e1n 854 presentaciones de libros, revistas, colecciones, proyectos editoriales, publicaciones electr\u00f3nicas, series y antolog\u00edas<\/em><!--more--><\/p>\n<p>Del 22 de febrero al 5 de marzo de 2018 se llevar\u00e1 a cabo la XXXIX edici\u00f3n de la Feria Internacional del Libro (FIL) del Palacio de Miner\u00eda, que en esta ocasi\u00f3n contar\u00e1 con m\u00e1s de 1,300 00 actividades, entre presentaciones editoriales, conferencias, recitales, talleres, mesas redondas y firmas de libro. <\/p>\n<p>El director de la FIL, Fernando Macotela Vargas, destac\u00f3 que este a\u00f1o el estado invitado ser\u00e1 Campeche. Detall\u00f3 que durante el encuentro se realizar\u00e1n 854 presentaciones de libros, revistas, colecciones, proyectos editoriales, publicaciones electr\u00f3nicas, series y antolog\u00edas; adem\u00e1s de 162 charlas y conferencias. <\/p>\n<p>De acuerdo con Macotela Vargas, durante la edici\u00f3n se conmemorar\u00e1n los centenarios de los natalicios de los escritores Juan Jos\u00e9 Arreola, Emma Godoy, Al\u00ed Chumacero, Guadalupe Amor, as\u00ed como los bicentenarios de Ignacio Ram\u00edrez \u201cEl Nigromante\u201d, Guillermo Prieto y Karl Marx. Adem\u00e1s, destac\u00f3 que se realizar\u00e1n eventos in memoriam dedicados, entre otros escritores y acad\u00e9micos, a Giovanni Sartori, Ram\u00f3n Xirau, Juan Goytisolo, Eduardo del R\u00edo \u201cRius\u201d, \u00c1lvaro Matute y Sergio Gonz\u00e1lez Rodr\u00edguez.<\/p>\n<p>Durante la presentaci\u00f3n, Carlos Anaya Rosique, presidente de la C\u00e1mara Nacional de la Industria Editorial Mexicana (Caniem), destac\u00f3 la relevancia del evento. Dijo que \u201clos editores no s\u00f3lo van a vender sino a dialogar con los autores y lectores\u201d. <\/p>\n","protected":false},"excerpt":{"rendered":"<p>En el evento se desarrollar\u00e1n 854 presentaciones de libros, revistas, colecciones, proyectos editoriales, publicaciones electr\u00f3nicas, series y antolog\u00edas<\/p>\n","protected":false},"author":47,"featured_media":66893,"comment_status":"open","ping_status":"closed","sticky":false,"template":"","format":"standard","meta":{"om_disable_all_campaigns":false,"inline_featured_image":false,"_monsterinsights_skip_tracking":false,"_monsterinsights_sitenote_active":false,"_monsterinsights_sitenote_note":"","_monsterinsights_sitenote_category":0,"footnotes":""},"categories":[80],"tags":[12590,12588,133,12589,244],"class_list":["post-66892","post","type-post","status-publish","format-standard","has-post-thumbnail","hentry","category-actualidad","tag-facultad-de-ingeniaria","tag-fil-mineria","tag-libros","tag-palacio-de-mineria","tag-unam"],"yoast_head":"<!-- This site is optimized with the Yoast SEO plugin v27.4 - https:\/\/yoast.com\/product\/yoast-seo-wordpress\/ -->\n<title>Presentan la XXXIX edici\u00f3n de la FIL de Miner\u00eda<\/title>\n<meta name=\"description\" content=\"Del 22 de febrero al 5 de marzo de 2018 se llevar\u00e1 a cabo la XXXIX edici\u00f3n de la Feria Internacional del Libro del Palacio de Miner\u00eda, que en esta ocasi\u00f3n contar\u00e1 con m\u00e1s de 1,300 00 actividades, entre presentaciones editoriales, conferencias, recitales, talleres, mesas redondas y firmas de libro.\" \/>\n<meta name=\"robots\" content=\"index, follow, max-snippet:-1, max-image-preview:large, max-video-preview:-1\" \/>\n<link rel=\"canonical\" href=\"https:\/\/centrourbano.com\/revista\/actualidad\/presentan-la-xxxix-edicion-la-fil-mineria\/\" \/>\n<meta property=\"og:locale\" content=\"es_ES\" \/>\n<meta property=\"og:type\" content=\"article\" \/>\n<meta property=\"og:title\" content=\"Presentan la XXXIX edici\u00f3n de la FIL de Miner\u00eda\" \/>\n<meta property=\"og:description\" content=\"Del 22 de febrero al 5 de marzo de 2018 se llevar\u00e1 a cabo la XXXIX edici\u00f3n de la Feria Internacional del Libro del Palacio de Miner\u00eda, que en esta ocasi\u00f3n contar\u00e1 con m\u00e1s de 1,300 00 actividades, entre presentaciones editoriales, conferencias, recitales, talleres, mesas redondas y firmas de libro.\" \/>\n<meta property=\"og:url\" content=\"https:\/\/centrourbano.com\/revista\/actualidad\/presentan-la-xxxix-edicion-la-fil-mineria\/\" \/>\n<meta property=\"og:site_name\" content=\"Centro Urbano\" \/>\n<meta property=\"article:publisher\" content=\"https:\/\/www.facebook.com\/portalcentrourbano\" \/>\n<meta property=\"article:published_time\" content=\"2018-02-08T19:50:19+00:00\" \/>\n<meta property=\"og:image\" content=\"https:\/\/centrourbano.com\/revista\/wp-content\/uploads\/Miner\u00eda_Palacio.jpeg\" \/>\n\t<meta property=\"og:image:width\" content=\"800\" \/>\n\t<meta property=\"og:image:height\" content=\"364\" \/>\n\t<meta property=\"og:image:type\" content=\"image\/jpeg\" \/>\n<meta name=\"author\" content=\"Edgar Rosas\" \/>\n<meta name=\"twitter:card\" content=\"summary_large_image\" \/>\n<meta name=\"twitter:creator\" content=\"@https:\/\/twitter.com\/ERosasCU?s=09\" \/>\n<meta name=\"twitter:site\" content=\"@CentroUrbano\" \/>\n<meta name=\"twitter:label1\" content=\"Escrito por\" \/>\n\t<meta name=\"twitter:data1\" content=\"Edgar Rosas\" \/>\n\t<meta name=\"twitter:label2\" content=\"Tiempo de lectura\" \/>\n\t<meta name=\"twitter:data2\" content=\"1 minuto\" \/>\n<script type=\"application\/ld+json\" class=\"yoast-schema-graph\">{\"@context\":\"https:\\\/\\\/schema.org\",\"@graph\":[{\"@type\":\"Article\",\"@id\":\"https:\\\/\\\/centrourbano.com\\\/revista\\\/actualidad\\\/presentan-la-xxxix-edicion-la-fil-mineria\\\/#article\",\"isPartOf\":{\"@id\":\"https:\\\/\\\/centrourbano.com\\\/revista\\\/actualidad\\\/presentan-la-xxxix-edicion-la-fil-mineria\\\/\"},\"author\":{\"name\":\"Edgar Rosas\",\"@id\":\"https:\\\/\\\/centrourbano.com\\\/revista\\\/#\\\/schema\\\/person\\\/ff3c00651ce5b1630479d2cd0c2e3ac0\"},\"headline\":\"Presentan la XXXIX edici\u00f3n de la FIL de Miner\u00eda\",\"datePublished\":\"2018-02-08T19:50:19+00:00\",\"mainEntityOfPage\":{\"@id\":\"https:\\\/\\\/centrourbano.com\\\/revista\\\/actualidad\\\/presentan-la-xxxix-edicion-la-fil-mineria\\\/\"},\"wordCount\":251,\"commentCount\":0,\"publisher\":{\"@id\":\"https:\\\/\\\/centrourbano.com\\\/revista\\\/#organization\"},\"image\":{\"@id\":\"https:\\\/\\\/centrourbano.com\\\/revista\\\/actualidad\\\/presentan-la-xxxix-edicion-la-fil-mineria\\\/#primaryimage\"},\"thumbnailUrl\":\"https:\\\/\\\/centrourbano.com\\\/revista\\\/wp-content\\\/uploads\\\/Miner\u00eda_Palacio.jpeg\",\"keywords\":[\"Facultad de Ingeniar\u00eda\",\"FIL Mineria\",\"Libros\",\"Palacio de Miner\u00eda\",\"UNAM\"],\"articleSection\":[\"Actualidad\"],\"inLanguage\":\"es\",\"potentialAction\":[{\"@type\":\"CommentAction\",\"name\":\"Comment\",\"target\":[\"https:\\\/\\\/centrourbano.com\\\/revista\\\/actualidad\\\/presentan-la-xxxix-edicion-la-fil-mineria\\\/#respond\"]}]},{\"@type\":\"WebPage\",\"@id\":\"https:\\\/\\\/centrourbano.com\\\/revista\\\/actualidad\\\/presentan-la-xxxix-edicion-la-fil-mineria\\\/\",\"url\":\"https:\\\/\\\/centrourbano.com\\\/revista\\\/actualidad\\\/presentan-la-xxxix-edicion-la-fil-mineria\\\/\",\"name\":\"Presentan la XXXIX edici\u00f3n de la FIL de Miner\u00eda\",\"isPartOf\":{\"@id\":\"https:\\\/\\\/centrourbano.com\\\/revista\\\/#website\"},\"primaryImageOfPage\":{\"@id\":\"https:\\\/\\\/centrourbano.com\\\/revista\\\/actualidad\\\/presentan-la-xxxix-edicion-la-fil-mineria\\\/#primaryimage\"},\"image\":{\"@id\":\"https:\\\/\\\/centrourbano.com\\\/revista\\\/actualidad\\\/presentan-la-xxxix-edicion-la-fil-mineria\\\/#primaryimage\"},\"thumbnailUrl\":\"https:\\\/\\\/centrourbano.com\\\/revista\\\/wp-content\\\/uploads\\\/Miner\u00eda_Palacio.jpeg\",\"datePublished\":\"2018-02-08T19:50:19+00:00\",\"description\":\"Del 22 de febrero al 5 de marzo de 2018 se llevar\u00e1 a cabo la XXXIX edici\u00f3n de la Feria Internacional del Libro del Palacio de Miner\u00eda, que en esta ocasi\u00f3n contar\u00e1 con m\u00e1s de 1,300 00 actividades, entre presentaciones editoriales, conferencias, recitales, talleres, mesas redondas y firmas de libro.\",\"breadcrumb\":{\"@id\":\"https:\\\/\\\/centrourbano.com\\\/revista\\\/actualidad\\\/presentan-la-xxxix-edicion-la-fil-mineria\\\/#breadcrumb\"},\"inLanguage\":\"es\",\"potentialAction\":[{\"@type\":\"ReadAction\",\"target\":[\"https:\\\/\\\/centrourbano.com\\\/revista\\\/actualidad\\\/presentan-la-xxxix-edicion-la-fil-mineria\\\/\"]}]},{\"@type\":\"ImageObject\",\"inLanguage\":\"es\",\"@id\":\"https:\\\/\\\/centrourbano.com\\\/revista\\\/actualidad\\\/presentan-la-xxxix-edicion-la-fil-mineria\\\/#primaryimage\",\"url\":\"https:\\\/\\\/centrourbano.com\\\/revista\\\/wp-content\\\/uploads\\\/Miner\u00eda_Palacio.jpeg\",\"contentUrl\":\"https:\\\/\\\/centrourbano.com\\\/revista\\\/wp-content\\\/uploads\\\/Miner\u00eda_Palacio.jpeg\",\"width\":800,\"height\":364,\"caption\":\"En el evento se desarrollar\u00e1n 854 presentaciones de libros, revistas, colecciones, proyectos editoriales, publicaciones electr\u00f3nicas, series y antolog\u00edas\"},{\"@type\":\"BreadcrumbList\",\"@id\":\"https:\\\/\\\/centrourbano.com\\\/revista\\\/actualidad\\\/presentan-la-xxxix-edicion-la-fil-mineria\\\/#breadcrumb\",\"itemListElement\":[{\"@type\":\"ListItem\",\"position\":1,\"name\":\"Portada\",\"item\":\"https:\\\/\\\/centrourbano.com\\\/revista\\\/\"},{\"@type\":\"ListItem\",\"position\":2,\"name\":\"Presentan la XXXIX edici\u00f3n de la FIL de Miner\u00eda\"}]},{\"@type\":\"WebSite\",\"@id\":\"https:\\\/\\\/centrourbano.com\\\/revista\\\/#website\",\"url\":\"https:\\\/\\\/centrourbano.com\\\/revista\\\/\",\"name\":\"Centro Urbano\",\"description\":\"Medio especializado en los sectores vivienda, inmobiliario, construcci\u00f3n, arquitectura y urbanismo.\",\"publisher\":{\"@id\":\"https:\\\/\\\/centrourbano.com\\\/revista\\\/#organization\"},\"potentialAction\":[{\"@type\":\"SearchAction\",\"target\":{\"@type\":\"EntryPoint\",\"urlTemplate\":\"https:\\\/\\\/centrourbano.com\\\/revista\\\/?s={search_term_string}\"},\"query-input\":{\"@type\":\"PropertyValueSpecification\",\"valueRequired\":true,\"valueName\":\"search_term_string\"}}],\"inLanguage\":\"es\"},{\"@type\":\"Organization\",\"@id\":\"https:\\\/\\\/centrourbano.com\\\/revista\\\/#organization\",\"name\":\"Centro Urbano\",\"url\":\"https:\\\/\\\/centrourbano.com\\\/revista\\\/\",\"logo\":{\"@type\":\"ImageObject\",\"inLanguage\":\"es\",\"@id\":\"https:\\\/\\\/centrourbano.com\\\/revista\\\/#\\\/schema\\\/logo\\\/image\\\/\",\"url\":\"https:\\\/\\\/centrourbano.com\\\/revista\\\/wp-content\\\/uploads\\\/web_CU_logo-1.png\",\"contentUrl\":\"https:\\\/\\\/centrourbano.com\\\/revista\\\/wp-content\\\/uploads\\\/web_CU_logo-1.png\",\"width\":350,\"height\":91,\"caption\":\"Centro Urbano\"},\"image\":{\"@id\":\"https:\\\/\\\/centrourbano.com\\\/revista\\\/#\\\/schema\\\/logo\\\/image\\\/\"},\"sameAs\":[\"https:\\\/\\\/www.facebook.com\\\/portalcentrourbano\",\"https:\\\/\\\/x.com\\\/CentroUrbano\",\"https:\\\/\\\/www.instagram.com\\\/centro_urbano\\\/\",\"https:\\\/\\\/www.linkedin.com\\\/company\\\/centro-urbano\\\/\",\"http:\\\/\\\/www.youtube.com\\\/user\\\/portalcentrourbano\"]},{\"@type\":\"Person\",\"@id\":\"https:\\\/\\\/centrourbano.com\\\/revista\\\/#\\\/schema\\\/person\\\/ff3c00651ce5b1630479d2cd0c2e3ac0\",\"name\":\"Edgar Rosas\",\"image\":{\"@type\":\"ImageObject\",\"inLanguage\":\"es\",\"@id\":\"https:\\\/\\\/secure.gravatar.com\\\/avatar\\\/94440c4283495211faa5300bf85e80061036b83fced868c3783aa1310b350d9c?s=96&d=mm&r=g\",\"url\":\"https:\\\/\\\/secure.gravatar.com\\\/avatar\\\/94440c4283495211faa5300bf85e80061036b83fced868c3783aa1310b350d9c?s=96&d=mm&r=g\",\"contentUrl\":\"https:\\\/\\\/secure.gravatar.com\\\/avatar\\\/94440c4283495211faa5300bf85e80061036b83fced868c3783aa1310b350d9c?s=96&d=mm&r=g\",\"caption\":\"Edgar Rosas\"},\"description\":\"Editor en Jefe de Centro Urbano. Egresado de la maestr\u00eda en Periodismo Pol\u00edtico de la Escuela de Periodismo Carlos Septi\u00e9n Garc\u00eda (EPCSG). Estudi\u00f3 la licenciatura en Comunicaci\u00f3n en la Universidad Mexicana. Amante de la cr\u00f3nica y el reportaje. Admirador de Vicente Le\u00f1ero y Miguel \u00c1ngel Granados Chapa.\",\"sameAs\":[\"https:\\\/\\\/x.com\\\/https:\\\/\\\/twitter.com\\\/ERosasCU?s=09\"],\"url\":\"https:\\\/\\\/centrourbano.com\\\/revista\\\/author\\\/edgar-rosas\\\/\"}]}<\/script>\n<!-- \/ Yoast SEO plugin. -->","yoast_head_json":{"title":"Presentan la XXXIX edici\u00f3n de la FIL de Miner\u00eda","description":"Del 22 de febrero al 5 de marzo de 2018 se llevar\u00e1 a cabo la XXXIX edici\u00f3n de la Feria Internacional del Libro del Palacio de Miner\u00eda, que en esta ocasi\u00f3n contar\u00e1 con m\u00e1s de 1,300 00 actividades, entre presentaciones editoriales, conferencias, recitales, talleres, mesas redondas y firmas de libro.","robots":{"index":"index","follow":"follow","max-snippet":"max-snippet:-1","max-image-preview":"max-image-preview:large","max-video-preview":"max-video-preview:-1"},"canonical":"https:\/\/centrourbano.com\/revista\/actualidad\/presentan-la-xxxix-edicion-la-fil-mineria\/","og_locale":"es_ES","og_type":"article","og_title":"Presentan la XXXIX edici\u00f3n de la FIL de Miner\u00eda","og_description":"Del 22 de febrero al 5 de marzo de 2018 se llevar\u00e1 a cabo la XXXIX edici\u00f3n de la Feria Internacional del Libro del Palacio de Miner\u00eda, que en esta ocasi\u00f3n contar\u00e1 con m\u00e1s de 1,300 00 actividades, entre presentaciones editoriales, conferencias, recitales, talleres, mesas redondas y firmas de libro.","og_url":"https:\/\/centrourbano.com\/revista\/actualidad\/presentan-la-xxxix-edicion-la-fil-mineria\/","og_site_name":"Centro Urbano","article_publisher":"https:\/\/www.facebook.com\/portalcentrourbano","article_published_time":"2018-02-08T19:50:19+00:00","og_image":[{"width":800,"height":364,"url":"https:\/\/centrourbano.com\/revista\/wp-content\/uploads\/Miner\u00eda_Palacio.jpeg","type":"image\/jpeg"}],"author":"Edgar Rosas","twitter_card":"summary_large_image","twitter_creator":"@https:\/\/twitter.com\/ERosasCU?s=09","twitter_site":"@CentroUrbano","twitter_misc":{"Escrito por":"Edgar Rosas","Tiempo de lectura":"1 minuto"},"schema":{"@context":"https:\/\/schema.org","@graph":[{"@type":"Article","@id":"https:\/\/centrourbano.com\/revista\/actualidad\/presentan-la-xxxix-edicion-la-fil-mineria\/#article","isPartOf":{"@id":"https:\/\/centrourbano.com\/revista\/actualidad\/presentan-la-xxxix-edicion-la-fil-mineria\/"},"author":{"name":"Edgar Rosas","@id":"https:\/\/centrourbano.com\/revista\/#\/schema\/person\/ff3c00651ce5b1630479d2cd0c2e3ac0"},"headline":"Presentan la XXXIX edici\u00f3n de la FIL de Miner\u00eda","datePublished":"2018-02-08T19:50:19+00:00","mainEntityOfPage":{"@id":"https:\/\/centrourbano.com\/revista\/actualidad\/presentan-la-xxxix-edicion-la-fil-mineria\/"},"wordCount":251,"commentCount":0,"publisher":{"@id":"https:\/\/centrourbano.com\/revista\/#organization"},"image":{"@id":"https:\/\/centrourbano.com\/revista\/actualidad\/presentan-la-xxxix-edicion-la-fil-mineria\/#primaryimage"},"thumbnailUrl":"https:\/\/centrourbano.com\/revista\/wp-content\/uploads\/Miner\u00eda_Palacio.jpeg","keywords":["Facultad de Ingeniar\u00eda","FIL Mineria","Libros","Palacio de Miner\u00eda","UNAM"],"articleSection":["Actualidad"],"inLanguage":"es","potentialAction":[{"@type":"CommentAction","name":"Comment","target":["https:\/\/centrourbano.com\/revista\/actualidad\/presentan-la-xxxix-edicion-la-fil-mineria\/#respond"]}]},{"@type":"WebPage","@id":"https:\/\/centrourbano.com\/revista\/actualidad\/presentan-la-xxxix-edicion-la-fil-mineria\/","url":"https:\/\/centrourbano.com\/revista\/actualidad\/presentan-la-xxxix-edicion-la-fil-mineria\/","name":"Presentan la XXXIX edici\u00f3n de la FIL de Miner\u00eda","isPartOf":{"@id":"https:\/\/centrourbano.com\/revista\/#website"},"primaryImageOfPage":{"@id":"https:\/\/centrourbano.com\/revista\/actualidad\/presentan-la-xxxix-edicion-la-fil-mineria\/#primaryimage"},"image":{"@id":"https:\/\/centrourbano.com\/revista\/actualidad\/presentan-la-xxxix-edicion-la-fil-mineria\/#primaryimage"},"thumbnailUrl":"https:\/\/centrourbano.com\/revista\/wp-content\/uploads\/Miner\u00eda_Palacio.jpeg","datePublished":"2018-02-08T19:50:19+00:00","description":"Del 22 de febrero al 5 de marzo de 2018 se llevar\u00e1 a cabo la XXXIX edici\u00f3n de la Feria Internacional del Libro del Palacio de Miner\u00eda, que en esta ocasi\u00f3n contar\u00e1 con m\u00e1s de 1,300 00 actividades, entre presentaciones editoriales, conferencias, recitales, talleres, mesas redondas y firmas de libro.","breadcrumb":{"@id":"https:\/\/centrourbano.com\/revista\/actualidad\/presentan-la-xxxix-edicion-la-fil-mineria\/#breadcrumb"},"inLanguage":"es","potentialAction":[{"@type":"ReadAction","target":["https:\/\/centrourbano.com\/revista\/actualidad\/presentan-la-xxxix-edicion-la-fil-mineria\/"]}]},{"@type":"ImageObject","inLanguage":"es","@id":"https:\/\/centrourbano.com\/revista\/actualidad\/presentan-la-xxxix-edicion-la-fil-mineria\/#primaryimage","url":"https:\/\/centrourbano.com\/revista\/wp-content\/uploads\/Miner\u00eda_Palacio.jpeg","contentUrl":"https:\/\/centrourbano.com\/revista\/wp-content\/uploads\/Miner\u00eda_Palacio.jpeg","width":800,"height":364,"caption":"En el evento se desarrollar\u00e1n 854 presentaciones de libros, revistas, colecciones, proyectos editoriales, publicaciones electr\u00f3nicas, series y antolog\u00edas"},{"@type":"BreadcrumbList","@id":"https:\/\/centrourbano.com\/revista\/actualidad\/presentan-la-xxxix-edicion-la-fil-mineria\/#breadcrumb","itemListElement":[{"@type":"ListItem","position":1,"name":"Portada","item":"https:\/\/centrourbano.com\/revista\/"},{"@type":"ListItem","position":2,"name":"Presentan la XXXIX edici\u00f3n de la FIL de Miner\u00eda"}]},{"@type":"WebSite","@id":"https:\/\/centrourbano.com\/revista\/#website","url":"https:\/\/centrourbano.com\/revista\/","name":"Centro Urbano","description":"Medio especializado en los sectores vivienda, inmobiliario, construcci\u00f3n, arquitectura y urbanismo.","publisher":{"@id":"https:\/\/centrourbano.com\/revista\/#organization"},"potentialAction":[{"@type":"SearchAction","target":{"@type":"EntryPoint","urlTemplate":"https:\/\/centrourbano.com\/revista\/?s={search_term_string}"},"query-input":{"@type":"PropertyValueSpecification","valueRequired":true,"valueName":"search_term_string"}}],"inLanguage":"es"},{"@type":"Organization","@id":"https:\/\/centrourbano.com\/revista\/#organization","name":"Centro Urbano","url":"https:\/\/centrourbano.com\/revista\/","logo":{"@type":"ImageObject","inLanguage":"es","@id":"https:\/\/centrourbano.com\/revista\/#\/schema\/logo\/image\/","url":"https:\/\/centrourbano.com\/revista\/wp-content\/uploads\/web_CU_logo-1.png","contentUrl":"https:\/\/centrourbano.com\/revista\/wp-content\/uploads\/web_CU_logo-1.png","width":350,"height":91,"caption":"Centro Urbano"},"image":{"@id":"https:\/\/centrourbano.com\/revista\/#\/schema\/logo\/image\/"},"sameAs":["https:\/\/www.facebook.com\/portalcentrourbano","https:\/\/x.com\/CentroUrbano","https:\/\/www.instagram.com\/centro_urbano\/","https:\/\/www.linkedin.com\/company\/centro-urbano\/","http:\/\/www.youtube.com\/user\/portalcentrourbano"]},{"@type":"Person","@id":"https:\/\/centrourbano.com\/revista\/#\/schema\/person\/ff3c00651ce5b1630479d2cd0c2e3ac0","name":"Edgar Rosas","image":{"@type":"ImageObject","inLanguage":"es","@id":"https:\/\/secure.gravatar.com\/avatar\/94440c4283495211faa5300bf85e80061036b83fced868c3783aa1310b350d9c?s=96&d=mm&r=g","url":"https:\/\/secure.gravatar.com\/avatar\/94440c4283495211faa5300bf85e80061036b83fced868c3783aa1310b350d9c?s=96&d=mm&r=g","contentUrl":"https:\/\/secure.gravatar.com\/avatar\/94440c4283495211faa5300bf85e80061036b83fced868c3783aa1310b350d9c?s=96&d=mm&r=g","caption":"Edgar Rosas"},"description":"Editor en Jefe de Centro Urbano. Egresado de la maestr\u00eda en Periodismo Pol\u00edtico de la Escuela de Periodismo Carlos Septi\u00e9n Garc\u00eda (EPCSG). Estudi\u00f3 la licenciatura en Comunicaci\u00f3n en la Universidad Mexicana. Amante de la cr\u00f3nica y el reportaje. Admirador de Vicente Le\u00f1ero y Miguel \u00c1ngel Granados Chapa.","sameAs":["https:\/\/x.com\/https:\/\/twitter.com\/ERosasCU?s=09"],"url":"https:\/\/centrourbano.com\/revista\/author\/edgar-rosas\/"}]}},"_links":{"self":[{"href":"https:\/\/centrourbano.com\/revista\/wp-json\/wp\/v2\/posts\/66892","targetHints":{"allow":["GET"]}}],"collection":[{"href":"https:\/\/centrourbano.com\/revista\/wp-json\/wp\/v2\/posts"}],"about":[{"href":"https:\/\/centrourbano.com\/revista\/wp-json\/wp\/v2\/types\/post"}],"author":[{"embeddable":true,"href":"https:\/\/centrourbano.com\/revista\/wp-json\/wp\/v2\/users\/47"}],"replies":[{"embeddable":true,"href":"https:\/\/centrourbano.com\/revista\/wp-json\/wp\/v2\/comments?post=66892"}],"version-history":[{"count":1,"href":"https:\/\/centrourbano.com\/revista\/wp-json\/wp\/v2\/posts\/66892\/revisions"}],"predecessor-version":[{"id":66894,"href":"https:\/\/centrourbano.com\/revista\/wp-json\/wp\/v2\/posts\/66892\/revisions\/66894"}],"wp:featuredmedia":[{"embeddable":true,"href":"https:\/\/centrourbano.com\/revista\/wp-json\/wp\/v2\/media\/66893"}],"wp:attachment":[{"href":"https:\/\/centrourbano.com\/revista\/wp-json\/wp\/v2\/media?parent=66892"}],"wp:term":[{"taxonomy":"category","embeddable":true,"href":"https:\/\/centrourbano.com\/revista\/wp-json\/wp\/v2\/categories?post=66892"},{"taxonomy":"post_tag","embeddable":true,"href":"https:\/\/centrourbano.com\/revista\/wp-json\/wp\/v2\/tags?post=66892"}],"curies":[{"name":"wp","href":"https:\/\/api.w.org\/{rel}","templated":true}]}}