{"id":66791,"date":"2018-02-06T14:06:51","date_gmt":"2018-02-06T20:06:51","guid":{"rendered":"https:\/\/centrourbano.com\/?p=66791"},"modified":"2018-02-06T14:06:51","modified_gmt":"2018-02-06T20:06:51","slug":"finaliza-demolicion-edificio-284-alvaro-obregon-sismo-cdmx","status":"publish","type":"post","link":"https:\/\/centrourbano.com\/revista\/construccion\/finaliza-demolicion-edificio-284-alvaro-obregon-sismo-cdmx\/","title":{"rendered":"Finaliza demolici\u00f3n de edificio 284 en \u00c1lvaro Obreg\u00f3n por sismo en CDMX"},"content":{"rendered":"<p><em>En tan solo 44 d\u00edas se llev\u00f3 a cabo la demolici\u00f3n del edificio de \u00c1lvaro Obreg\u00f3n 284<\/em><!--more--><\/p>\n<p>Despu\u00e9s del sismo del 19 de Septiembre, este jueves concluy\u00f3 la demolici\u00f3n del edificio de \u00c1lvaro Obreg\u00f3n\u00a0 marcado con el 284, en la colonia Hip\u00f3dromo de la delegaci\u00f3n Cuauht\u00e9moc. Inmueble que trajo consigo severas afectaciones en su estructura debido al colapso de los \u00faltimos niveles del edificio colindante.<\/p>\n<p>El titular de la Secretar\u00eda de Obras y Servicios de la Ciudad de M\u00e9xico (Sobse) \u00c9dgar Tung\u00fc\u00ed Rodriguez, detall\u00f3 que las primeras tareas consistieron en desmantelar materiales prefabricados y canceler\u00eda en interior de los cinco niveles del edificio.<\/p>\n<p>\u201cSe utiliz\u00f3 un sistema mixto, el cual consiste en demoler de manera manual de arriba para abajo y llegando a los primeros pisos utilizamos m\u00e1quinas retroexcavadoras para concluir\u201d, destac\u00f3 el secretario.<\/p>\n<p>Trabajadores dieron uso a 15 demoledores y derribaron manualmente los cuartos de la azotea y cubo del elevador. Adem\u00e1s de losas y muros de concreto de los pisos m\u00e1s altos, utilizaron mazos, picos y palas para sustraer cualquier material que pudiera impedir dichas acciones. Por otra parte, las columnas de acero que daban soporte al edificio fueron retiradas mediante la t\u00e9cnica de oxicorte.<\/p>\n<p>Al momento la dependencia capitalina avanza en la mitigaci\u00f3n de inmuebles riesgosos y se tiene registro hasta el momento de 15 edificaciones demolidas, 23 se encuentran en trabajos, de las cuales 14 est\u00e1n en proceso y 9 en actividades preliminares.<\/p>\n<p>&nbsp;<\/p>\n<p><em>\u00a0<\/em><\/p>\n<p><em>\u00a0<\/em><\/p>\n","protected":false},"excerpt":{"rendered":"<p>En tan solo 44 d\u00edas se llev\u00f3 a cabo la demolici\u00f3n del edificio de \u00c1lvaro Obreg\u00f3n 284<\/p>\n","protected":false},"author":60,"featured_media":66792,"comment_status":"open","ping_status":"closed","sticky":false,"template":"","format":"standard","meta":{"om_disable_all_campaigns":false,"inline_featured_image":false,"_monsterinsights_skip_tracking":false,"_monsterinsights_sitenote_active":false,"_monsterinsights_sitenote_note":"","_monsterinsights_sitenote_category":0,"footnotes":""},"categories":[14],"tags":[682,595,4773,66,7961,12572,12571,12570,1441],"class_list":["post-66791","post","type-post","status-publish","format-standard","has-post-thumbnail","hentry","category-construccion","tag-alvaro-obregon","tag-concreto","tag-demolicion","tag-edificio","tag-inmueble","tag-meteriales","tag-pisos","tag-retroexcavadoras","tag-sismo"],"yoast_head":"<!-- This site is optimized with the Yoast SEO plugin v27.4 - https:\/\/yoast.com\/product\/yoast-seo-wordpress\/ -->\n<title>Finaliza demolici\u00f3n de edificio 284 en \u00c1lvaro Obreg\u00f3n por sismo en CDMX<\/title>\n<meta name=\"description\" content=\"En tan solo 44 d\u00edas se llev\u00f3 a cabo la demolici\u00f3n del edificio de \u00c1lvaro Obreg\u00f3n 284\" \/>\n<meta name=\"robots\" content=\"index, follow, max-snippet:-1, max-image-preview:large, max-video-preview:-1\" \/>\n<link rel=\"canonical\" href=\"https:\/\/centrourbano.com\/revista\/construccion\/finaliza-demolicion-edificio-284-alvaro-obregon-sismo-cdmx\/\" \/>\n<meta property=\"og:locale\" content=\"es_ES\" \/>\n<meta property=\"og:type\" content=\"article\" \/>\n<meta property=\"og:title\" content=\"Finaliza demolici\u00f3n de edificio 284 en \u00c1lvaro Obreg\u00f3n por sismo en CDMX\" \/>\n<meta property=\"og:description\" content=\"En tan solo 44 d\u00edas se llev\u00f3 a cabo la demolici\u00f3n del edificio de \u00c1lvaro Obreg\u00f3n 284\" \/>\n<meta property=\"og:url\" content=\"https:\/\/centrourbano.com\/revista\/construccion\/finaliza-demolicion-edificio-284-alvaro-obregon-sismo-cdmx\/\" \/>\n<meta property=\"og:site_name\" content=\"Centro Urbano\" \/>\n<meta property=\"article:publisher\" content=\"https:\/\/www.facebook.com\/portalcentrourbano\" \/>\n<meta property=\"article:published_time\" content=\"2018-02-06T20:06:51+00:00\" \/>\n<meta property=\"og:image\" content=\"https:\/\/centrourbano.com\/revista\/wp-content\/uploads\/72-Sobreviviente-Edificio-650x370.jpg\" \/>\n\t<meta property=\"og:image:width\" content=\"650\" \/>\n\t<meta property=\"og:image:height\" content=\"370\" \/>\n\t<meta property=\"og:image:type\" content=\"image\/jpeg\" \/>\n<meta name=\"author\" content=\"Donovan Colindres\" \/>\n<meta name=\"twitter:card\" content=\"summary_large_image\" \/>\n<meta name=\"twitter:creator\" content=\"@CentroUrbano\" \/>\n<meta name=\"twitter:site\" content=\"@CentroUrbano\" \/>\n<meta name=\"twitter:label1\" content=\"Escrito por\" \/>\n\t<meta name=\"twitter:data1\" content=\"Donovan Colindres\" \/>\n\t<meta name=\"twitter:label2\" content=\"Tiempo de lectura\" \/>\n\t<meta name=\"twitter:data2\" content=\"1 minuto\" \/>\n<script type=\"application\/ld+json\" class=\"yoast-schema-graph\">{\"@context\":\"https:\\\/\\\/schema.org\",\"@graph\":[{\"@type\":\"Article\",\"@id\":\"https:\\\/\\\/centrourbano.com\\\/revista\\\/construccion\\\/finaliza-demolicion-edificio-284-alvaro-obregon-sismo-cdmx\\\/#article\",\"isPartOf\":{\"@id\":\"https:\\\/\\\/centrourbano.com\\\/revista\\\/construccion\\\/finaliza-demolicion-edificio-284-alvaro-obregon-sismo-cdmx\\\/\"},\"author\":{\"name\":\"Donovan Colindres\",\"@id\":\"https:\\\/\\\/centrourbano.com\\\/revista\\\/#\\\/schema\\\/person\\\/ce907d937f2ba4bd6a5a6f938ee6d3aa\"},\"headline\":\"Finaliza demolici\u00f3n de edificio 284 en \u00c1lvaro Obreg\u00f3n por sismo en CDMX\",\"datePublished\":\"2018-02-06T20:06:51+00:00\",\"mainEntityOfPage\":{\"@id\":\"https:\\\/\\\/centrourbano.com\\\/revista\\\/construccion\\\/finaliza-demolicion-edificio-284-alvaro-obregon-sismo-cdmx\\\/\"},\"wordCount\":260,\"commentCount\":0,\"publisher\":{\"@id\":\"https:\\\/\\\/centrourbano.com\\\/revista\\\/#organization\"},\"image\":{\"@id\":\"https:\\\/\\\/centrourbano.com\\\/revista\\\/construccion\\\/finaliza-demolicion-edificio-284-alvaro-obregon-sismo-cdmx\\\/#primaryimage\"},\"thumbnailUrl\":\"https:\\\/\\\/centrourbano.com\\\/revista\\\/wp-content\\\/uploads\\\/72-Sobreviviente-Edificio-650x370.jpg\",\"keywords\":[\"\u00c1lvaro Obreg\u00f3n\",\"concreto\",\"demolici\u00f3n\",\"edificio\",\"inmueble\",\"meteriales\",\"pisos\",\"retroexcavadoras\",\"Sismo\"],\"articleSection\":[\"Construcci\u00f3n\"],\"inLanguage\":\"es\",\"potentialAction\":[{\"@type\":\"CommentAction\",\"name\":\"Comment\",\"target\":[\"https:\\\/\\\/centrourbano.com\\\/revista\\\/construccion\\\/finaliza-demolicion-edificio-284-alvaro-obregon-sismo-cdmx\\\/#respond\"]}]},{\"@type\":\"WebPage\",\"@id\":\"https:\\\/\\\/centrourbano.com\\\/revista\\\/construccion\\\/finaliza-demolicion-edificio-284-alvaro-obregon-sismo-cdmx\\\/\",\"url\":\"https:\\\/\\\/centrourbano.com\\\/revista\\\/construccion\\\/finaliza-demolicion-edificio-284-alvaro-obregon-sismo-cdmx\\\/\",\"name\":\"Finaliza demolici\u00f3n de edificio 284 en \u00c1lvaro Obreg\u00f3n por sismo en CDMX\",\"isPartOf\":{\"@id\":\"https:\\\/\\\/centrourbano.com\\\/revista\\\/#website\"},\"primaryImageOfPage\":{\"@id\":\"https:\\\/\\\/centrourbano.com\\\/revista\\\/construccion\\\/finaliza-demolicion-edificio-284-alvaro-obregon-sismo-cdmx\\\/#primaryimage\"},\"image\":{\"@id\":\"https:\\\/\\\/centrourbano.com\\\/revista\\\/construccion\\\/finaliza-demolicion-edificio-284-alvaro-obregon-sismo-cdmx\\\/#primaryimage\"},\"thumbnailUrl\":\"https:\\\/\\\/centrourbano.com\\\/revista\\\/wp-content\\\/uploads\\\/72-Sobreviviente-Edificio-650x370.jpg\",\"datePublished\":\"2018-02-06T20:06:51+00:00\",\"description\":\"En tan solo 44 d\u00edas se llev\u00f3 a cabo la demolici\u00f3n del edificio de \u00c1lvaro Obreg\u00f3n 284\",\"breadcrumb\":{\"@id\":\"https:\\\/\\\/centrourbano.com\\\/revista\\\/construccion\\\/finaliza-demolicion-edificio-284-alvaro-obregon-sismo-cdmx\\\/#breadcrumb\"},\"inLanguage\":\"es\",\"potentialAction\":[{\"@type\":\"ReadAction\",\"target\":[\"https:\\\/\\\/centrourbano.com\\\/revista\\\/construccion\\\/finaliza-demolicion-edificio-284-alvaro-obregon-sismo-cdmx\\\/\"]}]},{\"@type\":\"ImageObject\",\"inLanguage\":\"es\",\"@id\":\"https:\\\/\\\/centrourbano.com\\\/revista\\\/construccion\\\/finaliza-demolicion-edificio-284-alvaro-obregon-sismo-cdmx\\\/#primaryimage\",\"url\":\"https:\\\/\\\/centrourbano.com\\\/revista\\\/wp-content\\\/uploads\\\/72-Sobreviviente-Edificio-650x370.jpg\",\"contentUrl\":\"https:\\\/\\\/centrourbano.com\\\/revista\\\/wp-content\\\/uploads\\\/72-Sobreviviente-Edificio-650x370.jpg\",\"width\":650,\"height\":370,\"caption\":\"En tan solo 44 d\u00edas se llev\u00f3 a cabo la demolici\u00f3n del edificio de \u00c1lvaro Obreg\u00f3n 284\"},{\"@type\":\"BreadcrumbList\",\"@id\":\"https:\\\/\\\/centrourbano.com\\\/revista\\\/construccion\\\/finaliza-demolicion-edificio-284-alvaro-obregon-sismo-cdmx\\\/#breadcrumb\",\"itemListElement\":[{\"@type\":\"ListItem\",\"position\":1,\"name\":\"Portada\",\"item\":\"https:\\\/\\\/centrourbano.com\\\/revista\\\/\"},{\"@type\":\"ListItem\",\"position\":2,\"name\":\"Finaliza demolici\u00f3n de edificio 284 en \u00c1lvaro Obreg\u00f3n por sismo en CDMX\"}]},{\"@type\":\"WebSite\",\"@id\":\"https:\\\/\\\/centrourbano.com\\\/revista\\\/#website\",\"url\":\"https:\\\/\\\/centrourbano.com\\\/revista\\\/\",\"name\":\"Centro Urbano\",\"description\":\"Medio especializado en los sectores vivienda, inmobiliario, construcci\u00f3n, arquitectura y urbanismo.\",\"publisher\":{\"@id\":\"https:\\\/\\\/centrourbano.com\\\/revista\\\/#organization\"},\"potentialAction\":[{\"@type\":\"SearchAction\",\"target\":{\"@type\":\"EntryPoint\",\"urlTemplate\":\"https:\\\/\\\/centrourbano.com\\\/revista\\\/?s={search_term_string}\"},\"query-input\":{\"@type\":\"PropertyValueSpecification\",\"valueRequired\":true,\"valueName\":\"search_term_string\"}}],\"inLanguage\":\"es\"},{\"@type\":\"Organization\",\"@id\":\"https:\\\/\\\/centrourbano.com\\\/revista\\\/#organization\",\"name\":\"Centro Urbano\",\"url\":\"https:\\\/\\\/centrourbano.com\\\/revista\\\/\",\"logo\":{\"@type\":\"ImageObject\",\"inLanguage\":\"es\",\"@id\":\"https:\\\/\\\/centrourbano.com\\\/revista\\\/#\\\/schema\\\/logo\\\/image\\\/\",\"url\":\"https:\\\/\\\/centrourbano.com\\\/revista\\\/wp-content\\\/uploads\\\/web_CU_logo-1.png\",\"contentUrl\":\"https:\\\/\\\/centrourbano.com\\\/revista\\\/wp-content\\\/uploads\\\/web_CU_logo-1.png\",\"width\":350,\"height\":91,\"caption\":\"Centro Urbano\"},\"image\":{\"@id\":\"https:\\\/\\\/centrourbano.com\\\/revista\\\/#\\\/schema\\\/logo\\\/image\\\/\"},\"sameAs\":[\"https:\\\/\\\/www.facebook.com\\\/portalcentrourbano\",\"https:\\\/\\\/x.com\\\/CentroUrbano\",\"https:\\\/\\\/www.instagram.com\\\/centro_urbano\\\/\",\"https:\\\/\\\/www.linkedin.com\\\/company\\\/centro-urbano\\\/\",\"http:\\\/\\\/www.youtube.com\\\/user\\\/portalcentrourbano\"]},{\"@type\":\"Person\",\"@id\":\"https:\\\/\\\/centrourbano.com\\\/revista\\\/#\\\/schema\\\/person\\\/ce907d937f2ba4bd6a5a6f938ee6d3aa\",\"name\":\"Donovan Colindres\",\"image\":{\"@type\":\"ImageObject\",\"inLanguage\":\"es\",\"@id\":\"https:\\\/\\\/secure.gravatar.com\\\/avatar\\\/c496de0d2c5eff1a960e391485cc34462059b7798bed69bed7e7a1279445d3cc?s=96&d=mm&r=g\",\"url\":\"https:\\\/\\\/secure.gravatar.com\\\/avatar\\\/c496de0d2c5eff1a960e391485cc34462059b7798bed69bed7e7a1279445d3cc?s=96&d=mm&r=g\",\"contentUrl\":\"https:\\\/\\\/secure.gravatar.com\\\/avatar\\\/c496de0d2c5eff1a960e391485cc34462059b7798bed69bed7e7a1279445d3cc?s=96&d=mm&r=g\",\"caption\":\"Donovan Colindres\"},\"description\":\"Egresado en Ciencias de la Comunicaci\u00f3n y Periodismo de la Universidad Latina.Soy una persona seria,que le gusta aprender cada d\u00eda algo nuevo. Me encanta escuchar m\u00fasica y me apasiona escribir.\",\"url\":\"https:\\\/\\\/centrourbano.com\\\/revista\\\/author\\\/donovan-colindres\\\/\"}]}<\/script>\n<!-- \/ Yoast SEO plugin. -->","yoast_head_json":{"title":"Finaliza demolici\u00f3n de edificio 284 en \u00c1lvaro Obreg\u00f3n por sismo en CDMX","description":"En tan solo 44 d\u00edas se llev\u00f3 a cabo la demolici\u00f3n del edificio de \u00c1lvaro Obreg\u00f3n 284","robots":{"index":"index","follow":"follow","max-snippet":"max-snippet:-1","max-image-preview":"max-image-preview:large","max-video-preview":"max-video-preview:-1"},"canonical":"https:\/\/centrourbano.com\/revista\/construccion\/finaliza-demolicion-edificio-284-alvaro-obregon-sismo-cdmx\/","og_locale":"es_ES","og_type":"article","og_title":"Finaliza demolici\u00f3n de edificio 284 en \u00c1lvaro Obreg\u00f3n por sismo en CDMX","og_description":"En tan solo 44 d\u00edas se llev\u00f3 a cabo la demolici\u00f3n del edificio de \u00c1lvaro Obreg\u00f3n 284","og_url":"https:\/\/centrourbano.com\/revista\/construccion\/finaliza-demolicion-edificio-284-alvaro-obregon-sismo-cdmx\/","og_site_name":"Centro Urbano","article_publisher":"https:\/\/www.facebook.com\/portalcentrourbano","article_published_time":"2018-02-06T20:06:51+00:00","og_image":[{"width":650,"height":370,"url":"https:\/\/centrourbano.com\/revista\/wp-content\/uploads\/72-Sobreviviente-Edificio-650x370.jpg","type":"image\/jpeg"}],"author":"Donovan Colindres","twitter_card":"summary_large_image","twitter_creator":"@CentroUrbano","twitter_site":"@CentroUrbano","twitter_misc":{"Escrito por":"Donovan Colindres","Tiempo de lectura":"1 minuto"},"schema":{"@context":"https:\/\/schema.org","@graph":[{"@type":"Article","@id":"https:\/\/centrourbano.com\/revista\/construccion\/finaliza-demolicion-edificio-284-alvaro-obregon-sismo-cdmx\/#article","isPartOf":{"@id":"https:\/\/centrourbano.com\/revista\/construccion\/finaliza-demolicion-edificio-284-alvaro-obregon-sismo-cdmx\/"},"author":{"name":"Donovan Colindres","@id":"https:\/\/centrourbano.com\/revista\/#\/schema\/person\/ce907d937f2ba4bd6a5a6f938ee6d3aa"},"headline":"Finaliza demolici\u00f3n de edificio 284 en \u00c1lvaro Obreg\u00f3n por sismo en CDMX","datePublished":"2018-02-06T20:06:51+00:00","mainEntityOfPage":{"@id":"https:\/\/centrourbano.com\/revista\/construccion\/finaliza-demolicion-edificio-284-alvaro-obregon-sismo-cdmx\/"},"wordCount":260,"commentCount":0,"publisher":{"@id":"https:\/\/centrourbano.com\/revista\/#organization"},"image":{"@id":"https:\/\/centrourbano.com\/revista\/construccion\/finaliza-demolicion-edificio-284-alvaro-obregon-sismo-cdmx\/#primaryimage"},"thumbnailUrl":"https:\/\/centrourbano.com\/revista\/wp-content\/uploads\/72-Sobreviviente-Edificio-650x370.jpg","keywords":["\u00c1lvaro Obreg\u00f3n","concreto","demolici\u00f3n","edificio","inmueble","meteriales","pisos","retroexcavadoras","Sismo"],"articleSection":["Construcci\u00f3n"],"inLanguage":"es","potentialAction":[{"@type":"CommentAction","name":"Comment","target":["https:\/\/centrourbano.com\/revista\/construccion\/finaliza-demolicion-edificio-284-alvaro-obregon-sismo-cdmx\/#respond"]}]},{"@type":"WebPage","@id":"https:\/\/centrourbano.com\/revista\/construccion\/finaliza-demolicion-edificio-284-alvaro-obregon-sismo-cdmx\/","url":"https:\/\/centrourbano.com\/revista\/construccion\/finaliza-demolicion-edificio-284-alvaro-obregon-sismo-cdmx\/","name":"Finaliza demolici\u00f3n de edificio 284 en \u00c1lvaro Obreg\u00f3n por sismo en CDMX","isPartOf":{"@id":"https:\/\/centrourbano.com\/revista\/#website"},"primaryImageOfPage":{"@id":"https:\/\/centrourbano.com\/revista\/construccion\/finaliza-demolicion-edificio-284-alvaro-obregon-sismo-cdmx\/#primaryimage"},"image":{"@id":"https:\/\/centrourbano.com\/revista\/construccion\/finaliza-demolicion-edificio-284-alvaro-obregon-sismo-cdmx\/#primaryimage"},"thumbnailUrl":"https:\/\/centrourbano.com\/revista\/wp-content\/uploads\/72-Sobreviviente-Edificio-650x370.jpg","datePublished":"2018-02-06T20:06:51+00:00","description":"En tan solo 44 d\u00edas se llev\u00f3 a cabo la demolici\u00f3n del edificio de \u00c1lvaro Obreg\u00f3n 284","breadcrumb":{"@id":"https:\/\/centrourbano.com\/revista\/construccion\/finaliza-demolicion-edificio-284-alvaro-obregon-sismo-cdmx\/#breadcrumb"},"inLanguage":"es","potentialAction":[{"@type":"ReadAction","target":["https:\/\/centrourbano.com\/revista\/construccion\/finaliza-demolicion-edificio-284-alvaro-obregon-sismo-cdmx\/"]}]},{"@type":"ImageObject","inLanguage":"es","@id":"https:\/\/centrourbano.com\/revista\/construccion\/finaliza-demolicion-edificio-284-alvaro-obregon-sismo-cdmx\/#primaryimage","url":"https:\/\/centrourbano.com\/revista\/wp-content\/uploads\/72-Sobreviviente-Edificio-650x370.jpg","contentUrl":"https:\/\/centrourbano.com\/revista\/wp-content\/uploads\/72-Sobreviviente-Edificio-650x370.jpg","width":650,"height":370,"caption":"En tan solo 44 d\u00edas se llev\u00f3 a cabo la demolici\u00f3n del edificio de \u00c1lvaro Obreg\u00f3n 284"},{"@type":"BreadcrumbList","@id":"https:\/\/centrourbano.com\/revista\/construccion\/finaliza-demolicion-edificio-284-alvaro-obregon-sismo-cdmx\/#breadcrumb","itemListElement":[{"@type":"ListItem","position":1,"name":"Portada","item":"https:\/\/centrourbano.com\/revista\/"},{"@type":"ListItem","position":2,"name":"Finaliza demolici\u00f3n de edificio 284 en \u00c1lvaro Obreg\u00f3n por sismo en CDMX"}]},{"@type":"WebSite","@id":"https:\/\/centrourbano.com\/revista\/#website","url":"https:\/\/centrourbano.com\/revista\/","name":"Centro Urbano","description":"Medio especializado en los sectores vivienda, inmobiliario, construcci\u00f3n, arquitectura y urbanismo.","publisher":{"@id":"https:\/\/centrourbano.com\/revista\/#organization"},"potentialAction":[{"@type":"SearchAction","target":{"@type":"EntryPoint","urlTemplate":"https:\/\/centrourbano.com\/revista\/?s={search_term_string}"},"query-input":{"@type":"PropertyValueSpecification","valueRequired":true,"valueName":"search_term_string"}}],"inLanguage":"es"},{"@type":"Organization","@id":"https:\/\/centrourbano.com\/revista\/#organization","name":"Centro Urbano","url":"https:\/\/centrourbano.com\/revista\/","logo":{"@type":"ImageObject","inLanguage":"es","@id":"https:\/\/centrourbano.com\/revista\/#\/schema\/logo\/image\/","url":"https:\/\/centrourbano.com\/revista\/wp-content\/uploads\/web_CU_logo-1.png","contentUrl":"https:\/\/centrourbano.com\/revista\/wp-content\/uploads\/web_CU_logo-1.png","width":350,"height":91,"caption":"Centro Urbano"},"image":{"@id":"https:\/\/centrourbano.com\/revista\/#\/schema\/logo\/image\/"},"sameAs":["https:\/\/www.facebook.com\/portalcentrourbano","https:\/\/x.com\/CentroUrbano","https:\/\/www.instagram.com\/centro_urbano\/","https:\/\/www.linkedin.com\/company\/centro-urbano\/","http:\/\/www.youtube.com\/user\/portalcentrourbano"]},{"@type":"Person","@id":"https:\/\/centrourbano.com\/revista\/#\/schema\/person\/ce907d937f2ba4bd6a5a6f938ee6d3aa","name":"Donovan Colindres","image":{"@type":"ImageObject","inLanguage":"es","@id":"https:\/\/secure.gravatar.com\/avatar\/c496de0d2c5eff1a960e391485cc34462059b7798bed69bed7e7a1279445d3cc?s=96&d=mm&r=g","url":"https:\/\/secure.gravatar.com\/avatar\/c496de0d2c5eff1a960e391485cc34462059b7798bed69bed7e7a1279445d3cc?s=96&d=mm&r=g","contentUrl":"https:\/\/secure.gravatar.com\/avatar\/c496de0d2c5eff1a960e391485cc34462059b7798bed69bed7e7a1279445d3cc?s=96&d=mm&r=g","caption":"Donovan Colindres"},"description":"Egresado en Ciencias de la Comunicaci\u00f3n y Periodismo de la Universidad Latina.Soy una persona seria,que le gusta aprender cada d\u00eda algo nuevo. Me encanta escuchar m\u00fasica y me apasiona escribir.","url":"https:\/\/centrourbano.com\/revista\/author\/donovan-colindres\/"}]}},"_links":{"self":[{"href":"https:\/\/centrourbano.com\/revista\/wp-json\/wp\/v2\/posts\/66791","targetHints":{"allow":["GET"]}}],"collection":[{"href":"https:\/\/centrourbano.com\/revista\/wp-json\/wp\/v2\/posts"}],"about":[{"href":"https:\/\/centrourbano.com\/revista\/wp-json\/wp\/v2\/types\/post"}],"author":[{"embeddable":true,"href":"https:\/\/centrourbano.com\/revista\/wp-json\/wp\/v2\/users\/60"}],"replies":[{"embeddable":true,"href":"https:\/\/centrourbano.com\/revista\/wp-json\/wp\/v2\/comments?post=66791"}],"version-history":[{"count":1,"href":"https:\/\/centrourbano.com\/revista\/wp-json\/wp\/v2\/posts\/66791\/revisions"}],"predecessor-version":[{"id":66793,"href":"https:\/\/centrourbano.com\/revista\/wp-json\/wp\/v2\/posts\/66791\/revisions\/66793"}],"wp:featuredmedia":[{"embeddable":true,"href":"https:\/\/centrourbano.com\/revista\/wp-json\/wp\/v2\/media\/66792"}],"wp:attachment":[{"href":"https:\/\/centrourbano.com\/revista\/wp-json\/wp\/v2\/media?parent=66791"}],"wp:term":[{"taxonomy":"category","embeddable":true,"href":"https:\/\/centrourbano.com\/revista\/wp-json\/wp\/v2\/categories?post=66791"},{"taxonomy":"post_tag","embeddable":true,"href":"https:\/\/centrourbano.com\/revista\/wp-json\/wp\/v2\/tags?post=66791"}],"curies":[{"name":"wp","href":"https:\/\/api.w.org\/{rel}","templated":true}]}}