{"id":66745,"date":"2018-02-02T17:49:55","date_gmt":"2018-02-02T23:49:55","guid":{"rendered":"https:\/\/centrourbano.com\/?p=66745"},"modified":"2018-02-02T17:49:55","modified_gmt":"2018-02-02T23:49:55","slug":"instituto-nacional-antropologia-e-historia-celebra-79-anos","status":"publish","type":"post","link":"https:\/\/centrourbano.com\/revista\/actualidad\/instituto-nacional-antropologia-e-historia-celebra-79-anos\/","title":{"rendered":"El Instituto Nacional de Antropolog\u00eda e Historia celebra 79 a\u00f1os"},"content":{"rendered":"<p><em>Se continuar\u00e1 con los trabajos de restauraci\u00f3n de las 1,821 edificaciones afectadas por los sismos del 7 y 19 de septiembre, tarea en la que se promueve que la arquitectura tradicional se mantenga por ser parte de la riqueza e identidad\u00a0del pa\u00eds<\/em><!--more--><\/p>\n<p>Hace 79 a\u00f1os, el 3 de febrero de 1939,\u00a0 fue creado el Instituto Nacional de Antropolog\u00eda e Historia (INAH), y desde entonces tiene como misi\u00f3n explorar las zonas arqueol\u00f3gicas del pa\u00eds; vigilar, conservar y restaurar los monumentos arqueol\u00f3gicos e hist\u00f3ricos, as\u00ed como los objetos que en ellos se encuentren; realizar investigaciones cient\u00edficas, antropol\u00f3gicas y etnogr\u00e1ficas, y publicar obras relacionadas con las materias expuestas.<\/p>\n<p>Actualmente el instituto se enfrenta a un gran reto: continuar con la restauraci\u00f3n de las 1,821 edificaciones que resultaron afectadas por los sismos del 7 y 19 de septiembre pasado, para lo cual desarrolla un plan de recuperaci\u00f3n, por lo que ya ha iniciado\u00a0los trabajos de restauraci\u00f3n, que en los casos m\u00e1s graves se extender\u00e1n hasta 2020; esta tarea promueve que las casas y la traza de los pueblos con arquitectura tradicional se mantengan por ser parte de la riqueza e identidad\u00a0del pa\u00eds.<\/p>\n<p>&nbsp;<\/p>\n<p>Cabe destacar que bajo este esquema, el instituto se encarg\u00f3 de forma inmediata de censar los da\u00f1os en las once entidades afectadas con apoyo de brigadas de especialistas para cada uno de los estados afectados en los que trabajaron 1,100 t\u00e9cnicos, quienes evaluaron los da\u00f1os en los edificios as\u00ed como en los bienes que resguardan.<\/p>\n<p>Adem\u00e1s, en el marco de los 79 a\u00f1os del INAH, tambi\u00e9n se celebrar\u00e1 el 40 aniversario del Proyecto Templo Mayor, cuyo museo recientemente fue objeto de una remodelaci\u00f3n que incluy\u00f3 la apertura de un nuevo vest\u00edbulo en el que se puede apreciar el monolito de la diosa Tlaltecuhtli y parte del Cuauhxicalco (plataforma circular con cabeza de serpiente en la que se incineraba a los gobernantes mexicas).<\/p>\n<p>De igual forma, el instituto festejar\u00e1 este mes el cincuentenario de la Escuela Nacional de Conservaci\u00f3n, Restauraci\u00f3n y Museograf\u00eda (ENCRyM), pionera de la restauraci\u00f3n en Latinoam\u00e9rica; fue fundada en 1968 en el Ex Convento de Churubusco, con apoyo de la Organizaci\u00f3n de las Naciones Unidas para la Educaci\u00f3n, la Ciencia y la Cultura (UNESCO).<\/p>\n<p>Este instituto ha desarrollado, durante estos a\u00f1os, diversas investigaciones que han ido de la mano de algunos de los grandes hallazgos de los siglos XX y XXI, enriqueciendo el conocimiento de las culturas que florecieron en lo que hoy es M\u00e9xico. Destacan el descubrimiento, en 1952, de la Tumba de Pakal en la ciudad de Palenque, Chiapas, por el arque\u00f3logo Alberto Ruz Lhuillier, la cual actualmente es objeto de trabajos de conservaci\u00f3n con financiamiento de la Embajada de Estados Unidos.<\/p>\n<p>En la larga lista de descubrimientos tambi\u00e9n est\u00e1 el enorme monolito de Tlaltecuhtli, diosa de la tierra, registrado en 2006, frente al Templo Mayor del Recinto Sagrado de Tenochtitlan, y el Huei Tzompantli, en 2017.<\/p>\n<p>&nbsp;<\/p>\n","protected":false},"excerpt":{"rendered":"<p>Se continuar\u00e1 con los trabajos de restauraci\u00f3n de las 1,821 edificaciones afectadas por los sismos del 7 y 19 de septiembre, tarea en la que se promueve que la arquitectura tradicional se mantenga por ser parte de la riqueza e identidad\u00a0del pa\u00eds<\/p>\n","protected":false},"author":9,"featured_media":66746,"comment_status":"open","ping_status":"closed","sticky":false,"template":"","format":"standard","meta":{"om_disable_all_campaigns":false,"inline_featured_image":false,"_monsterinsights_skip_tracking":false,"_monsterinsights_sitenote_active":false,"_monsterinsights_sitenote_note":"","_monsterinsights_sitenote_category":0,"footnotes":""},"categories":[80,81],"tags":[20,2043,671,7758,3263],"class_list":["post-66745","post","type-post","status-publish","format-standard","has-post-thumbnail","hentry","category-actualidad","category-arquitectura-2","tag-arquitectura","tag-cultura","tag-inah","tag-instituto-nacional-de-antropologia-e-historia","tag-patrimonio"],"yoast_head":"<!-- This site is optimized with the Yoast SEO plugin v27.5 - https:\/\/yoast.com\/product\/yoast-seo-wordpress\/ -->\n<title>El Instituto Nacional de Antropolog\u00eda e Historia celebra 79 a\u00f1os<\/title>\n<meta name=\"description\" content=\"Se continuar\u00e1 con los trabajos de restauraci\u00f3n de las 1,821 edificaciones afectadas por los sismos del 7 y 19 de septiembre, tarea en la que se promueve que la arquitectura tradicional se mantenga por ser parte de la riqueza e identidad del pa\u00eds\" \/>\n<meta name=\"robots\" content=\"index, follow, max-snippet:-1, max-image-preview:large, max-video-preview:-1\" \/>\n<link rel=\"canonical\" href=\"https:\/\/centrourbano.com\/revista\/actualidad\/instituto-nacional-antropologia-e-historia-celebra-79-anos\/\" \/>\n<meta property=\"og:locale\" content=\"es_ES\" \/>\n<meta property=\"og:type\" content=\"article\" \/>\n<meta property=\"og:title\" content=\"El Instituto Nacional de Antropolog\u00eda e Historia celebra 79 a\u00f1os\" \/>\n<meta property=\"og:description\" content=\"Se continuar\u00e1 con los trabajos de restauraci\u00f3n de las 1,821 edificaciones afectadas por los sismos del 7 y 19 de septiembre, tarea en la que se promueve que la arquitectura tradicional se mantenga por ser parte de la riqueza e identidad del pa\u00eds\" \/>\n<meta property=\"og:url\" content=\"https:\/\/centrourbano.com\/revista\/actualidad\/instituto-nacional-antropologia-e-historia-celebra-79-anos\/\" \/>\n<meta property=\"og:site_name\" content=\"Centro Urbano\" \/>\n<meta property=\"article:publisher\" content=\"https:\/\/www.facebook.com\/portalcentrourbano\" \/>\n<meta property=\"article:published_time\" content=\"2018-02-02T23:49:55+00:00\" \/>\n<meta property=\"og:image\" content=\"https:\/\/centrourbano.com\/revista\/wp-content\/uploads\/El-Instituto-Nacional-de-Antropolog\u00eda-e-Historia-celebra-79-a\u00f1os.jpg\" \/>\n\t<meta property=\"og:image:width\" content=\"800\" \/>\n\t<meta property=\"og:image:height\" content=\"530\" \/>\n\t<meta property=\"og:image:type\" content=\"image\/jpeg\" \/>\n<meta name=\"author\" content=\"Dinorah Nava\" \/>\n<meta name=\"twitter:card\" content=\"summary_large_image\" \/>\n<meta name=\"twitter:creator\" content=\"@https:\/\/twitter.com\/Dinorah_Nava28\" \/>\n<meta name=\"twitter:site\" content=\"@CentroUrbano\" \/>\n<meta name=\"twitter:label1\" content=\"Escrito por\" \/>\n\t<meta name=\"twitter:data1\" content=\"Dinorah Nava\" \/>\n\t<meta name=\"twitter:label2\" content=\"Tiempo de lectura\" \/>\n\t<meta name=\"twitter:data2\" content=\"3 minutos\" \/>\n<script type=\"application\/ld+json\" class=\"yoast-schema-graph\">{\"@context\":\"https:\\\/\\\/schema.org\",\"@graph\":[{\"@type\":\"Article\",\"@id\":\"https:\\\/\\\/centrourbano.com\\\/revista\\\/actualidad\\\/instituto-nacional-antropologia-e-historia-celebra-79-anos\\\/#article\",\"isPartOf\":{\"@id\":\"https:\\\/\\\/centrourbano.com\\\/revista\\\/actualidad\\\/instituto-nacional-antropologia-e-historia-celebra-79-anos\\\/\"},\"author\":{\"name\":\"Dinorah Nava\",\"@id\":\"https:\\\/\\\/centrourbano.com\\\/revista\\\/#\\\/schema\\\/person\\\/baa9e569588d5544150642a11ad28b8b\"},\"headline\":\"El Instituto Nacional de Antropolog\u00eda e Historia celebra 79 a\u00f1os\",\"datePublished\":\"2018-02-02T23:49:55+00:00\",\"mainEntityOfPage\":{\"@id\":\"https:\\\/\\\/centrourbano.com\\\/revista\\\/actualidad\\\/instituto-nacional-antropologia-e-historia-celebra-79-anos\\\/\"},\"wordCount\":516,\"commentCount\":0,\"publisher\":{\"@id\":\"https:\\\/\\\/centrourbano.com\\\/revista\\\/#organization\"},\"image\":{\"@id\":\"https:\\\/\\\/centrourbano.com\\\/revista\\\/actualidad\\\/instituto-nacional-antropologia-e-historia-celebra-79-anos\\\/#primaryimage\"},\"thumbnailUrl\":\"https:\\\/\\\/centrourbano.com\\\/revista\\\/wp-content\\\/uploads\\\/El-Instituto-Nacional-de-Antropolog\u00eda-e-Historia-celebra-79-a\u00f1os.jpg\",\"keywords\":[\"arquitectura\",\"Cultura\",\"INAH\",\"Instituto Nacional de Antropolog\u00eda e Historia\",\"patrimonio\"],\"articleSection\":[\"Actualidad\",\"Arquitectura\"],\"inLanguage\":\"es\",\"potentialAction\":[{\"@type\":\"CommentAction\",\"name\":\"Comment\",\"target\":[\"https:\\\/\\\/centrourbano.com\\\/revista\\\/actualidad\\\/instituto-nacional-antropologia-e-historia-celebra-79-anos\\\/#respond\"]}]},{\"@type\":\"WebPage\",\"@id\":\"https:\\\/\\\/centrourbano.com\\\/revista\\\/actualidad\\\/instituto-nacional-antropologia-e-historia-celebra-79-anos\\\/\",\"url\":\"https:\\\/\\\/centrourbano.com\\\/revista\\\/actualidad\\\/instituto-nacional-antropologia-e-historia-celebra-79-anos\\\/\",\"name\":\"El Instituto Nacional de Antropolog\u00eda e Historia celebra 79 a\u00f1os\",\"isPartOf\":{\"@id\":\"https:\\\/\\\/centrourbano.com\\\/revista\\\/#website\"},\"primaryImageOfPage\":{\"@id\":\"https:\\\/\\\/centrourbano.com\\\/revista\\\/actualidad\\\/instituto-nacional-antropologia-e-historia-celebra-79-anos\\\/#primaryimage\"},\"image\":{\"@id\":\"https:\\\/\\\/centrourbano.com\\\/revista\\\/actualidad\\\/instituto-nacional-antropologia-e-historia-celebra-79-anos\\\/#primaryimage\"},\"thumbnailUrl\":\"https:\\\/\\\/centrourbano.com\\\/revista\\\/wp-content\\\/uploads\\\/El-Instituto-Nacional-de-Antropolog\u00eda-e-Historia-celebra-79-a\u00f1os.jpg\",\"datePublished\":\"2018-02-02T23:49:55+00:00\",\"description\":\"Se continuar\u00e1 con los trabajos de restauraci\u00f3n de las 1,821 edificaciones afectadas por los sismos del 7 y 19 de septiembre, tarea en la que se promueve que la arquitectura tradicional se mantenga por ser parte de la riqueza e identidad del pa\u00eds\",\"breadcrumb\":{\"@id\":\"https:\\\/\\\/centrourbano.com\\\/revista\\\/actualidad\\\/instituto-nacional-antropologia-e-historia-celebra-79-anos\\\/#breadcrumb\"},\"inLanguage\":\"es\",\"potentialAction\":[{\"@type\":\"ReadAction\",\"target\":[\"https:\\\/\\\/centrourbano.com\\\/revista\\\/actualidad\\\/instituto-nacional-antropologia-e-historia-celebra-79-anos\\\/\"]}]},{\"@type\":\"ImageObject\",\"inLanguage\":\"es\",\"@id\":\"https:\\\/\\\/centrourbano.com\\\/revista\\\/actualidad\\\/instituto-nacional-antropologia-e-historia-celebra-79-anos\\\/#primaryimage\",\"url\":\"https:\\\/\\\/centrourbano.com\\\/revista\\\/wp-content\\\/uploads\\\/El-Instituto-Nacional-de-Antropolog\u00eda-e-Historia-celebra-79-a\u00f1os.jpg\",\"contentUrl\":\"https:\\\/\\\/centrourbano.com\\\/revista\\\/wp-content\\\/uploads\\\/El-Instituto-Nacional-de-Antropolog\u00eda-e-Historia-celebra-79-a\u00f1os.jpg\",\"width\":800,\"height\":530,\"caption\":\"Se continuar\u00e1 con los trabajos de restauraci\u00f3n de las 1,821 edificaciones afectadas por los sismos del 7 y 19 de septiembre, tarea en la que se promueve que la arquitectura tradicional se mantenga por ser parte de la riqueza e identidad del pa\u00eds\"},{\"@type\":\"BreadcrumbList\",\"@id\":\"https:\\\/\\\/centrourbano.com\\\/revista\\\/actualidad\\\/instituto-nacional-antropologia-e-historia-celebra-79-anos\\\/#breadcrumb\",\"itemListElement\":[{\"@type\":\"ListItem\",\"position\":1,\"name\":\"Portada\",\"item\":\"https:\\\/\\\/centrourbano.com\\\/revista\\\/\"},{\"@type\":\"ListItem\",\"position\":2,\"name\":\"El Instituto Nacional de Antropolog\u00eda e Historia celebra 79 a\u00f1os\"}]},{\"@type\":\"WebSite\",\"@id\":\"https:\\\/\\\/centrourbano.com\\\/revista\\\/#website\",\"url\":\"https:\\\/\\\/centrourbano.com\\\/revista\\\/\",\"name\":\"Centro Urbano\",\"description\":\"Medio especializado en los sectores vivienda, inmobiliario, construcci\u00f3n, arquitectura y urbanismo.\",\"publisher\":{\"@id\":\"https:\\\/\\\/centrourbano.com\\\/revista\\\/#organization\"},\"potentialAction\":[{\"@type\":\"SearchAction\",\"target\":{\"@type\":\"EntryPoint\",\"urlTemplate\":\"https:\\\/\\\/centrourbano.com\\\/revista\\\/?s={search_term_string}\"},\"query-input\":{\"@type\":\"PropertyValueSpecification\",\"valueRequired\":true,\"valueName\":\"search_term_string\"}}],\"inLanguage\":\"es\"},{\"@type\":\"Organization\",\"@id\":\"https:\\\/\\\/centrourbano.com\\\/revista\\\/#organization\",\"name\":\"Centro Urbano\",\"url\":\"https:\\\/\\\/centrourbano.com\\\/revista\\\/\",\"logo\":{\"@type\":\"ImageObject\",\"inLanguage\":\"es\",\"@id\":\"https:\\\/\\\/centrourbano.com\\\/revista\\\/#\\\/schema\\\/logo\\\/image\\\/\",\"url\":\"https:\\\/\\\/centrourbano.com\\\/revista\\\/wp-content\\\/uploads\\\/web_CU_logo-1.png\",\"contentUrl\":\"https:\\\/\\\/centrourbano.com\\\/revista\\\/wp-content\\\/uploads\\\/web_CU_logo-1.png\",\"width\":350,\"height\":91,\"caption\":\"Centro Urbano\"},\"image\":{\"@id\":\"https:\\\/\\\/centrourbano.com\\\/revista\\\/#\\\/schema\\\/logo\\\/image\\\/\"},\"sameAs\":[\"https:\\\/\\\/www.facebook.com\\\/portalcentrourbano\",\"https:\\\/\\\/x.com\\\/CentroUrbano\",\"https:\\\/\\\/www.instagram.com\\\/centro_urbano\\\/\",\"https:\\\/\\\/www.linkedin.com\\\/company\\\/centro-urbano\\\/\",\"http:\\\/\\\/www.youtube.com\\\/user\\\/portalcentrourbano\"]},{\"@type\":\"Person\",\"@id\":\"https:\\\/\\\/centrourbano.com\\\/revista\\\/#\\\/schema\\\/person\\\/baa9e569588d5544150642a11ad28b8b\",\"name\":\"Dinorah Nava\",\"image\":{\"@type\":\"ImageObject\",\"inLanguage\":\"es\",\"@id\":\"https:\\\/\\\/secure.gravatar.com\\\/avatar\\\/f6ca6430c51d147f363940f84e1225aa4b8183885c11802cc3b042305a4ecc1a?s=96&d=mm&r=g\",\"url\":\"https:\\\/\\\/secure.gravatar.com\\\/avatar\\\/f6ca6430c51d147f363940f84e1225aa4b8183885c11802cc3b042305a4ecc1a?s=96&d=mm&r=g\",\"contentUrl\":\"https:\\\/\\\/secure.gravatar.com\\\/avatar\\\/f6ca6430c51d147f363940f84e1225aa4b8183885c11802cc3b042305a4ecc1a?s=96&d=mm&r=g\",\"caption\":\"Dinorah Nava\"},\"description\":\"Editora de Contenidos y Estrategias Digitales en Centro Urbano y Coeditora en Peri\u00f3dico Mi Casa. Egresada de la licenciatura en Comunicaci\u00f3n y Periodismo de la Facultad de Estudios Superiores Arag\u00f3n (UNAM). Amante de la edici\u00f3n y correcci\u00f3n de estilo, las redes sociales y el mundo digital. Especialista en temas son arquitectura, inmobiliario y urbanismo.\",\"sameAs\":[\"linkedin.com\\\/in\\\/dinorah-nava\",\"https:\\\/\\\/x.com\\\/https:\\\/\\\/twitter.com\\\/Dinorah_Nava28\"],\"url\":\"https:\\\/\\\/centrourbano.com\\\/revista\\\/author\\\/dinorah-nava\\\/\"}]}<\/script>\n<!-- \/ Yoast SEO plugin. -->","yoast_head_json":{"title":"El Instituto Nacional de Antropolog\u00eda e Historia celebra 79 a\u00f1os","description":"Se continuar\u00e1 con los trabajos de restauraci\u00f3n de las 1,821 edificaciones afectadas por los sismos del 7 y 19 de septiembre, tarea en la que se promueve que la arquitectura tradicional se mantenga por ser parte de la riqueza e identidad del pa\u00eds","robots":{"index":"index","follow":"follow","max-snippet":"max-snippet:-1","max-image-preview":"max-image-preview:large","max-video-preview":"max-video-preview:-1"},"canonical":"https:\/\/centrourbano.com\/revista\/actualidad\/instituto-nacional-antropologia-e-historia-celebra-79-anos\/","og_locale":"es_ES","og_type":"article","og_title":"El Instituto Nacional de Antropolog\u00eda e Historia celebra 79 a\u00f1os","og_description":"Se continuar\u00e1 con los trabajos de restauraci\u00f3n de las 1,821 edificaciones afectadas por los sismos del 7 y 19 de septiembre, tarea en la que se promueve que la arquitectura tradicional se mantenga por ser parte de la riqueza e identidad del pa\u00eds","og_url":"https:\/\/centrourbano.com\/revista\/actualidad\/instituto-nacional-antropologia-e-historia-celebra-79-anos\/","og_site_name":"Centro Urbano","article_publisher":"https:\/\/www.facebook.com\/portalcentrourbano","article_published_time":"2018-02-02T23:49:55+00:00","og_image":[{"width":800,"height":530,"url":"https:\/\/centrourbano.com\/revista\/wp-content\/uploads\/El-Instituto-Nacional-de-Antropolog\u00eda-e-Historia-celebra-79-a\u00f1os.jpg","type":"image\/jpeg"}],"author":"Dinorah Nava","twitter_card":"summary_large_image","twitter_creator":"@https:\/\/twitter.com\/Dinorah_Nava28","twitter_site":"@CentroUrbano","twitter_misc":{"Escrito por":"Dinorah Nava","Tiempo de lectura":"3 minutos"},"schema":{"@context":"https:\/\/schema.org","@graph":[{"@type":"Article","@id":"https:\/\/centrourbano.com\/revista\/actualidad\/instituto-nacional-antropologia-e-historia-celebra-79-anos\/#article","isPartOf":{"@id":"https:\/\/centrourbano.com\/revista\/actualidad\/instituto-nacional-antropologia-e-historia-celebra-79-anos\/"},"author":{"name":"Dinorah Nava","@id":"https:\/\/centrourbano.com\/revista\/#\/schema\/person\/baa9e569588d5544150642a11ad28b8b"},"headline":"El Instituto Nacional de Antropolog\u00eda e Historia celebra 79 a\u00f1os","datePublished":"2018-02-02T23:49:55+00:00","mainEntityOfPage":{"@id":"https:\/\/centrourbano.com\/revista\/actualidad\/instituto-nacional-antropologia-e-historia-celebra-79-anos\/"},"wordCount":516,"commentCount":0,"publisher":{"@id":"https:\/\/centrourbano.com\/revista\/#organization"},"image":{"@id":"https:\/\/centrourbano.com\/revista\/actualidad\/instituto-nacional-antropologia-e-historia-celebra-79-anos\/#primaryimage"},"thumbnailUrl":"https:\/\/centrourbano.com\/revista\/wp-content\/uploads\/El-Instituto-Nacional-de-Antropolog\u00eda-e-Historia-celebra-79-a\u00f1os.jpg","keywords":["arquitectura","Cultura","INAH","Instituto Nacional de Antropolog\u00eda e Historia","patrimonio"],"articleSection":["Actualidad","Arquitectura"],"inLanguage":"es","potentialAction":[{"@type":"CommentAction","name":"Comment","target":["https:\/\/centrourbano.com\/revista\/actualidad\/instituto-nacional-antropologia-e-historia-celebra-79-anos\/#respond"]}]},{"@type":"WebPage","@id":"https:\/\/centrourbano.com\/revista\/actualidad\/instituto-nacional-antropologia-e-historia-celebra-79-anos\/","url":"https:\/\/centrourbano.com\/revista\/actualidad\/instituto-nacional-antropologia-e-historia-celebra-79-anos\/","name":"El Instituto Nacional de Antropolog\u00eda e Historia celebra 79 a\u00f1os","isPartOf":{"@id":"https:\/\/centrourbano.com\/revista\/#website"},"primaryImageOfPage":{"@id":"https:\/\/centrourbano.com\/revista\/actualidad\/instituto-nacional-antropologia-e-historia-celebra-79-anos\/#primaryimage"},"image":{"@id":"https:\/\/centrourbano.com\/revista\/actualidad\/instituto-nacional-antropologia-e-historia-celebra-79-anos\/#primaryimage"},"thumbnailUrl":"https:\/\/centrourbano.com\/revista\/wp-content\/uploads\/El-Instituto-Nacional-de-Antropolog\u00eda-e-Historia-celebra-79-a\u00f1os.jpg","datePublished":"2018-02-02T23:49:55+00:00","description":"Se continuar\u00e1 con los trabajos de restauraci\u00f3n de las 1,821 edificaciones afectadas por los sismos del 7 y 19 de septiembre, tarea en la que se promueve que la arquitectura tradicional se mantenga por ser parte de la riqueza e identidad del pa\u00eds","breadcrumb":{"@id":"https:\/\/centrourbano.com\/revista\/actualidad\/instituto-nacional-antropologia-e-historia-celebra-79-anos\/#breadcrumb"},"inLanguage":"es","potentialAction":[{"@type":"ReadAction","target":["https:\/\/centrourbano.com\/revista\/actualidad\/instituto-nacional-antropologia-e-historia-celebra-79-anos\/"]}]},{"@type":"ImageObject","inLanguage":"es","@id":"https:\/\/centrourbano.com\/revista\/actualidad\/instituto-nacional-antropologia-e-historia-celebra-79-anos\/#primaryimage","url":"https:\/\/centrourbano.com\/revista\/wp-content\/uploads\/El-Instituto-Nacional-de-Antropolog\u00eda-e-Historia-celebra-79-a\u00f1os.jpg","contentUrl":"https:\/\/centrourbano.com\/revista\/wp-content\/uploads\/El-Instituto-Nacional-de-Antropolog\u00eda-e-Historia-celebra-79-a\u00f1os.jpg","width":800,"height":530,"caption":"Se continuar\u00e1 con los trabajos de restauraci\u00f3n de las 1,821 edificaciones afectadas por los sismos del 7 y 19 de septiembre, tarea en la que se promueve que la arquitectura tradicional se mantenga por ser parte de la riqueza e identidad del pa\u00eds"},{"@type":"BreadcrumbList","@id":"https:\/\/centrourbano.com\/revista\/actualidad\/instituto-nacional-antropologia-e-historia-celebra-79-anos\/#breadcrumb","itemListElement":[{"@type":"ListItem","position":1,"name":"Portada","item":"https:\/\/centrourbano.com\/revista\/"},{"@type":"ListItem","position":2,"name":"El Instituto Nacional de Antropolog\u00eda e Historia celebra 79 a\u00f1os"}]},{"@type":"WebSite","@id":"https:\/\/centrourbano.com\/revista\/#website","url":"https:\/\/centrourbano.com\/revista\/","name":"Centro Urbano","description":"Medio especializado en los sectores vivienda, inmobiliario, construcci\u00f3n, arquitectura y urbanismo.","publisher":{"@id":"https:\/\/centrourbano.com\/revista\/#organization"},"potentialAction":[{"@type":"SearchAction","target":{"@type":"EntryPoint","urlTemplate":"https:\/\/centrourbano.com\/revista\/?s={search_term_string}"},"query-input":{"@type":"PropertyValueSpecification","valueRequired":true,"valueName":"search_term_string"}}],"inLanguage":"es"},{"@type":"Organization","@id":"https:\/\/centrourbano.com\/revista\/#organization","name":"Centro Urbano","url":"https:\/\/centrourbano.com\/revista\/","logo":{"@type":"ImageObject","inLanguage":"es","@id":"https:\/\/centrourbano.com\/revista\/#\/schema\/logo\/image\/","url":"https:\/\/centrourbano.com\/revista\/wp-content\/uploads\/web_CU_logo-1.png","contentUrl":"https:\/\/centrourbano.com\/revista\/wp-content\/uploads\/web_CU_logo-1.png","width":350,"height":91,"caption":"Centro Urbano"},"image":{"@id":"https:\/\/centrourbano.com\/revista\/#\/schema\/logo\/image\/"},"sameAs":["https:\/\/www.facebook.com\/portalcentrourbano","https:\/\/x.com\/CentroUrbano","https:\/\/www.instagram.com\/centro_urbano\/","https:\/\/www.linkedin.com\/company\/centro-urbano\/","http:\/\/www.youtube.com\/user\/portalcentrourbano"]},{"@type":"Person","@id":"https:\/\/centrourbano.com\/revista\/#\/schema\/person\/baa9e569588d5544150642a11ad28b8b","name":"Dinorah Nava","image":{"@type":"ImageObject","inLanguage":"es","@id":"https:\/\/secure.gravatar.com\/avatar\/f6ca6430c51d147f363940f84e1225aa4b8183885c11802cc3b042305a4ecc1a?s=96&d=mm&r=g","url":"https:\/\/secure.gravatar.com\/avatar\/f6ca6430c51d147f363940f84e1225aa4b8183885c11802cc3b042305a4ecc1a?s=96&d=mm&r=g","contentUrl":"https:\/\/secure.gravatar.com\/avatar\/f6ca6430c51d147f363940f84e1225aa4b8183885c11802cc3b042305a4ecc1a?s=96&d=mm&r=g","caption":"Dinorah Nava"},"description":"Editora de Contenidos y Estrategias Digitales en Centro Urbano y Coeditora en Peri\u00f3dico Mi Casa. Egresada de la licenciatura en Comunicaci\u00f3n y Periodismo de la Facultad de Estudios Superiores Arag\u00f3n (UNAM). Amante de la edici\u00f3n y correcci\u00f3n de estilo, las redes sociales y el mundo digital. Especialista en temas son arquitectura, inmobiliario y urbanismo.","sameAs":["linkedin.com\/in\/dinorah-nava","https:\/\/x.com\/https:\/\/twitter.com\/Dinorah_Nava28"],"url":"https:\/\/centrourbano.com\/revista\/author\/dinorah-nava\/"}]}},"_links":{"self":[{"href":"https:\/\/centrourbano.com\/revista\/wp-json\/wp\/v2\/posts\/66745","targetHints":{"allow":["GET"]}}],"collection":[{"href":"https:\/\/centrourbano.com\/revista\/wp-json\/wp\/v2\/posts"}],"about":[{"href":"https:\/\/centrourbano.com\/revista\/wp-json\/wp\/v2\/types\/post"}],"author":[{"embeddable":true,"href":"https:\/\/centrourbano.com\/revista\/wp-json\/wp\/v2\/users\/9"}],"replies":[{"embeddable":true,"href":"https:\/\/centrourbano.com\/revista\/wp-json\/wp\/v2\/comments?post=66745"}],"version-history":[{"count":1,"href":"https:\/\/centrourbano.com\/revista\/wp-json\/wp\/v2\/posts\/66745\/revisions"}],"predecessor-version":[{"id":66747,"href":"https:\/\/centrourbano.com\/revista\/wp-json\/wp\/v2\/posts\/66745\/revisions\/66747"}],"wp:featuredmedia":[{"embeddable":true,"href":"https:\/\/centrourbano.com\/revista\/wp-json\/wp\/v2\/media\/66746"}],"wp:attachment":[{"href":"https:\/\/centrourbano.com\/revista\/wp-json\/wp\/v2\/media?parent=66745"}],"wp:term":[{"taxonomy":"category","embeddable":true,"href":"https:\/\/centrourbano.com\/revista\/wp-json\/wp\/v2\/categories?post=66745"},{"taxonomy":"post_tag","embeddable":true,"href":"https:\/\/centrourbano.com\/revista\/wp-json\/wp\/v2\/tags?post=66745"}],"curies":[{"name":"wp","href":"https:\/\/api.w.org\/{rel}","templated":true}]}}