{"id":66643,"date":"2018-02-01T12:35:35","date_gmt":"2018-02-01T18:35:35","guid":{"rendered":"https:\/\/centrourbano.com\/?p=66643"},"modified":"2018-02-01T12:36:39","modified_gmt":"2018-02-01T18:36:39","slug":"mujeres-de-la-cdmx-trabajan-para-combatir-cambio-climatico","status":"publish","type":"post","link":"https:\/\/centrourbano.com\/revista\/urbanismo\/mujeres-de-la-cdmx-trabajan-para-combatir-cambio-climatico\/","title":{"rendered":"Mujeres de la CDMX trabajan para combatir cambio clim\u00e1tico"},"content":{"rendered":"<p><em>Los proyectos ganadores se presentar\u00e1n en la Segunda Cumbre de Mujeres por el Clima<\/em><br \/>\n<!--more--><\/p>\n<p>Las ganadoras del Programa de Tutor\u00eda Mujeres por el Clima, que organiz\u00f3 la <a href=\"http:\/\/www.sedema.cdmx.gob.mx\/\" rel=\"noopener\" target=\"_blank\">Secretar\u00eda del Medio Ambiente de la Ciudad de M\u00e9xico<\/a> (Sedema), tuvieron su primera reuni\u00f3n que les proporcionar\u00e1n asesor\u00eda para el desarrollo de cada uno de sus proyectos, durante un periodo de nueve meses.<\/p>\n<p>El programa se realiz\u00f3 en colaboraci\u00f3n con el <a href=\"https:\/\/mayorssummit2016.c40.org\/es\/\" rel=\"noopener\" target=\"_blank\">Grupo de Liderazgo Clim\u00e1tico C40<\/a>, en el encuentro las seleccionadas expusieron los prop\u00f3sitos y objetivos de sus propuestas.<\/p>\n<p>Tanya M\u00fcller, titular de la Sedema, destac\u00f3 el inter\u00e9s de las mujeres por participar en la mitigaci\u00f3n y adaptaci\u00f3n de los efectos del cambio clim\u00e1tico.<\/p>\n<p>\u201cRecibimos cerca de 80 proyectos y estamos seguros que las 10 propuestas ganadoras tendr\u00e1n beneficios ambientales, sociales y econ\u00f3micos relevantes. Ser\u00eda muy recomendable continuar con estos proyectos en los pr\u00f3ximos a\u00f1os\u201d.<\/p>\n<p>La funcionaria capitalina detall\u00f3 que este programa se lanz\u00f3 por primera vez el a\u00f1o pasado por la alcaldesa de Par\u00eds, Anne Hidalgo, con el prop\u00f3sito de empoderar a las mujeres de las ciudades que integran C40, y que empiecen a surgir las futuras l\u00edderes en materia de combate al calentamiento global.<\/p>\n<p>\u201cLa intenci\u00f3n de este programa es que de febrero a noviembre, estos 10 proyectos ganadores tengan el apoyo del gobierno de la Ciudad de M\u00e9xico, as\u00ed como de sus tutores, durante un periodo de nueve meses, para su implementaci\u00f3n, con la posibilidad de que cada dos meses se realice una reuni\u00f3n formal entre todas las partes, a fin de valorar los avances de los proyectos\u201d.<\/p>\n<p>Las propuestas ganadoras pertenecen a mujeres que viven en seis delegaciones: tres de Coyoac\u00e1n, tres de Cuauht\u00e9moc, una de Cuajimalpa, una de Gustavo A. Madero, una de Azcapotzalco y una de Xochimilco.<\/p>\n<p>Los proyectos ganadores cumplieron con alguno de los siguientes requisitos: Transici\u00f3n energ\u00e9tica urbana y rural; Contenci\u00f3n de la mancha urbana; Mejoramiento Ambiental; Manejo sustentable de los recursos naturales; Construcci\u00f3n de resiliencia; Educaci\u00f3n y Comunicaci\u00f3n e Investigaci\u00f3n y desarrollo, todos ellos vinculados con el Programa de Acci\u00f3n Clim\u00e1tica de la CDMX (PACCM). <\/p>\n<p>\u201cLos 10 proyectos ganadores ser\u00e1n presentados durante la Segunda Cumbre de Mujeres por el Clima, que se realizar\u00e1 el 26 de febrero en la Ciudad de M\u00e9xico, evento que reunir\u00e1 a alcaldesas de varias ciudades del mundo as\u00ed como lideresas urbanas, empresariales y de la sociedad civil\u201d, agreg\u00f3 M\u00fcller. <\/p>\n<p><a href=\"http:\/\/www.c40.org\/\" rel=\"noopener\" target=\"_blank\">C40<\/a> es una red que engloba a m\u00e1s de 90 ciudades, que representan a m\u00e1s de 650 millones de personas y 25% de la econom\u00eda global. La Ciudad de M\u00e9xico representa a la regi\u00f3n Latinoamericana en el Comit\u00e9 Ejecutivo de este organismo.<\/p>\n<p>El equipo interdisciplinario de especialistas de la tutor\u00eda est\u00e1 integrado por: Adri\u00e1n Fern\u00e1ndez, director ejecutivo de Iniciativa Clim\u00e1tica de M\u00e9xico-CLIMA (LARCI); Marinela Servitje, directora general de Siete Colores; Magdalena Zapata, directora de la Divisi\u00f3n Cosm\u00e9tica Activa de L&#8217;Oreal M\u00e9xico; Ximena Renjifo, directora de Asuntos Corporativos, Comunicaciones y Sustentabilidad para la Regi\u00f3n Hispana y M\u00e9xico de L&#8217;Oreal M\u00e9xico; as\u00ed como por Claudia C\u00e1ndano, editora general ELLE M\u00e9xico \/ Editorial Grupo Expansi\u00f3n.<\/p>\n<p>Tambi\u00e9n participan Sharon Fastlicht, presidenta del Fideicomiso Pro Bosque de Chapultepec; Lilia Haua, directora del Fideicomiso Pro Bosque; V\u00edctor Orlando Maga\u00f1a, investigador de tiempo completo del Instituto de Geograf\u00eda, UNAM; Carlos Galindo, director general de Comunicaci\u00f3n de la Ciencia de la CONABIO; Francisco Barn\u00e9s, socio de Bain &#038; Company Mexico;  Adriana Lobo, directora ejecutiva de WRI; Valeria V\u00e1zquez, socia legal de Deloitte M\u00e9xico.<\/p>\n","protected":false},"excerpt":{"rendered":"<p>Los proyectos ganadores se presentar\u00e1n en la Segunda Cumbre de Mujeres por el Clima<\/p>\n","protected":false},"author":37,"featured_media":66644,"comment_status":"open","ping_status":"closed","sticky":false,"template":"","format":"standard","meta":{"om_disable_all_campaigns":false,"inline_featured_image":false,"_monsterinsights_skip_tracking":false,"_monsterinsights_sitenote_active":false,"_monsterinsights_sitenote_note":"","_monsterinsights_sitenote_category":0,"footnotes":""},"categories":[82],"tags":[8758,2175,167,2301],"class_list":["post-66643","post","type-post","status-publish","format-standard","has-post-thumbnail","hentry","category-urbanismo","tag-c40","tag-cambio-climatico","tag-sedema","tag-tanya-muller"],"yoast_head":"<!-- This site is optimized with the Yoast SEO plugin v27.4 - https:\/\/yoast.com\/product\/yoast-seo-wordpress\/ -->\n<title>Mujeres de la CDMX trabajan para combatir cambio clim\u00e1tico -<\/title>\n<meta name=\"description\" content=\"Las ganadoras del Programa de Tutor\u00eda Mujeres por el Clima, que organiz\u00f3 la Secretar\u00eda del Medio Ambiente de la Ciudad de M\u00e9xico (Sedema), tuvieron su primera reuni\u00f3n que les proporcionar\u00e1n asesor\u00eda para el desarrollo de cada uno de sus proyectos, durante un periodo de nueve meses.\" \/>\n<meta name=\"robots\" content=\"index, follow, max-snippet:-1, max-image-preview:large, max-video-preview:-1\" \/>\n<link rel=\"canonical\" href=\"https:\/\/centrourbano.com\/revista\/urbanismo\/mujeres-de-la-cdmx-trabajan-para-combatir-cambio-climatico\/\" \/>\n<meta property=\"og:locale\" content=\"es_ES\" \/>\n<meta property=\"og:type\" content=\"article\" \/>\n<meta property=\"og:title\" content=\"Mujeres de la CDMX trabajan para combatir cambio clim\u00e1tico -\" \/>\n<meta property=\"og:description\" content=\"Las ganadoras del Programa de Tutor\u00eda Mujeres por el Clima, que organiz\u00f3 la Secretar\u00eda del Medio Ambiente de la Ciudad de M\u00e9xico (Sedema), tuvieron su primera reuni\u00f3n que les proporcionar\u00e1n asesor\u00eda para el desarrollo de cada uno de sus proyectos, durante un periodo de nueve meses.\" \/>\n<meta property=\"og:url\" content=\"https:\/\/centrourbano.com\/revista\/urbanismo\/mujeres-de-la-cdmx-trabajan-para-combatir-cambio-climatico\/\" \/>\n<meta property=\"og:site_name\" content=\"Centro Urbano\" \/>\n<meta property=\"article:publisher\" content=\"https:\/\/www.facebook.com\/portalcentrourbano\" \/>\n<meta property=\"article:published_time\" content=\"2018-02-01T18:35:35+00:00\" \/>\n<meta property=\"article:modified_time\" content=\"2018-02-01T18:36:39+00:00\" \/>\n<meta property=\"og:image\" content=\"https:\/\/centrourbano.com\/revista\/wp-content\/uploads\/310118-FOTO-SEDEMA-4-e1517509176436.jpg\" \/>\n\t<meta property=\"og:image:width\" content=\"800\" \/>\n\t<meta property=\"og:image:height\" content=\"533\" \/>\n\t<meta property=\"og:image:type\" content=\"image\/jpeg\" \/>\n<meta name=\"author\" content=\"Diego Rodr\u00edguez\" \/>\n<meta name=\"twitter:card\" content=\"summary_large_image\" \/>\n<meta name=\"twitter:creator\" content=\"@CentroUrbano\" \/>\n<meta name=\"twitter:site\" content=\"@CentroUrbano\" \/>\n<meta name=\"twitter:label1\" content=\"Escrito por\" \/>\n\t<meta name=\"twitter:data1\" content=\"Diego Rodr\u00edguez\" \/>\n\t<meta name=\"twitter:label2\" content=\"Tiempo de lectura\" \/>\n\t<meta name=\"twitter:data2\" content=\"3 minutos\" \/>\n<script type=\"application\/ld+json\" class=\"yoast-schema-graph\">{\"@context\":\"https:\\\/\\\/schema.org\",\"@graph\":[{\"@type\":\"Article\",\"@id\":\"https:\\\/\\\/centrourbano.com\\\/revista\\\/urbanismo\\\/mujeres-de-la-cdmx-trabajan-para-combatir-cambio-climatico\\\/#article\",\"isPartOf\":{\"@id\":\"https:\\\/\\\/centrourbano.com\\\/revista\\\/urbanismo\\\/mujeres-de-la-cdmx-trabajan-para-combatir-cambio-climatico\\\/\"},\"author\":{\"name\":\"Diego Rodr\u00edguez\",\"@id\":\"https:\\\/\\\/centrourbano.com\\\/revista\\\/#\\\/schema\\\/person\\\/b50192a3cd0e680841b45dc537f53970\"},\"headline\":\"Mujeres de la CDMX trabajan para combatir cambio clim\u00e1tico\",\"datePublished\":\"2018-02-01T18:35:35+00:00\",\"dateModified\":\"2018-02-01T18:36:39+00:00\",\"mainEntityOfPage\":{\"@id\":\"https:\\\/\\\/centrourbano.com\\\/revista\\\/urbanismo\\\/mujeres-de-la-cdmx-trabajan-para-combatir-cambio-climatico\\\/\"},\"wordCount\":636,\"commentCount\":0,\"publisher\":{\"@id\":\"https:\\\/\\\/centrourbano.com\\\/revista\\\/#organization\"},\"image\":{\"@id\":\"https:\\\/\\\/centrourbano.com\\\/revista\\\/urbanismo\\\/mujeres-de-la-cdmx-trabajan-para-combatir-cambio-climatico\\\/#primaryimage\"},\"thumbnailUrl\":\"https:\\\/\\\/centrourbano.com\\\/revista\\\/wp-content\\\/uploads\\\/310118-FOTO-SEDEMA-4-e1517509176436.jpg\",\"keywords\":[\"C40\",\"Cambio Clim\u00e1tico\",\"Sedema\",\"Tanya M\u00fcller\"],\"articleSection\":[\"Urbanismo\"],\"inLanguage\":\"es\",\"potentialAction\":[{\"@type\":\"CommentAction\",\"name\":\"Comment\",\"target\":[\"https:\\\/\\\/centrourbano.com\\\/revista\\\/urbanismo\\\/mujeres-de-la-cdmx-trabajan-para-combatir-cambio-climatico\\\/#respond\"]}]},{\"@type\":\"WebPage\",\"@id\":\"https:\\\/\\\/centrourbano.com\\\/revista\\\/urbanismo\\\/mujeres-de-la-cdmx-trabajan-para-combatir-cambio-climatico\\\/\",\"url\":\"https:\\\/\\\/centrourbano.com\\\/revista\\\/urbanismo\\\/mujeres-de-la-cdmx-trabajan-para-combatir-cambio-climatico\\\/\",\"name\":\"Mujeres de la CDMX trabajan para combatir cambio clim\u00e1tico -\",\"isPartOf\":{\"@id\":\"https:\\\/\\\/centrourbano.com\\\/revista\\\/#website\"},\"primaryImageOfPage\":{\"@id\":\"https:\\\/\\\/centrourbano.com\\\/revista\\\/urbanismo\\\/mujeres-de-la-cdmx-trabajan-para-combatir-cambio-climatico\\\/#primaryimage\"},\"image\":{\"@id\":\"https:\\\/\\\/centrourbano.com\\\/revista\\\/urbanismo\\\/mujeres-de-la-cdmx-trabajan-para-combatir-cambio-climatico\\\/#primaryimage\"},\"thumbnailUrl\":\"https:\\\/\\\/centrourbano.com\\\/revista\\\/wp-content\\\/uploads\\\/310118-FOTO-SEDEMA-4-e1517509176436.jpg\",\"datePublished\":\"2018-02-01T18:35:35+00:00\",\"dateModified\":\"2018-02-01T18:36:39+00:00\",\"description\":\"Las ganadoras del Programa de Tutor\u00eda Mujeres por el Clima, que organiz\u00f3 la Secretar\u00eda del Medio Ambiente de la Ciudad de M\u00e9xico (Sedema), tuvieron su primera reuni\u00f3n que les proporcionar\u00e1n asesor\u00eda para el desarrollo de cada uno de sus proyectos, durante un periodo de nueve meses.\",\"breadcrumb\":{\"@id\":\"https:\\\/\\\/centrourbano.com\\\/revista\\\/urbanismo\\\/mujeres-de-la-cdmx-trabajan-para-combatir-cambio-climatico\\\/#breadcrumb\"},\"inLanguage\":\"es\",\"potentialAction\":[{\"@type\":\"ReadAction\",\"target\":[\"https:\\\/\\\/centrourbano.com\\\/revista\\\/urbanismo\\\/mujeres-de-la-cdmx-trabajan-para-combatir-cambio-climatico\\\/\"]}]},{\"@type\":\"ImageObject\",\"inLanguage\":\"es\",\"@id\":\"https:\\\/\\\/centrourbano.com\\\/revista\\\/urbanismo\\\/mujeres-de-la-cdmx-trabajan-para-combatir-cambio-climatico\\\/#primaryimage\",\"url\":\"https:\\\/\\\/centrourbano.com\\\/revista\\\/wp-content\\\/uploads\\\/310118-FOTO-SEDEMA-4-e1517509176436.jpg\",\"contentUrl\":\"https:\\\/\\\/centrourbano.com\\\/revista\\\/wp-content\\\/uploads\\\/310118-FOTO-SEDEMA-4-e1517509176436.jpg\",\"width\":800,\"height\":533,\"caption\":\"Los proyectos ganadores se presentar\u00e1n en la Segunda Cumbre de Mujeres por el Clima\"},{\"@type\":\"BreadcrumbList\",\"@id\":\"https:\\\/\\\/centrourbano.com\\\/revista\\\/urbanismo\\\/mujeres-de-la-cdmx-trabajan-para-combatir-cambio-climatico\\\/#breadcrumb\",\"itemListElement\":[{\"@type\":\"ListItem\",\"position\":1,\"name\":\"Portada\",\"item\":\"https:\\\/\\\/centrourbano.com\\\/revista\\\/\"},{\"@type\":\"ListItem\",\"position\":2,\"name\":\"Mujeres de la CDMX trabajan para combatir cambio clim\u00e1tico\"}]},{\"@type\":\"WebSite\",\"@id\":\"https:\\\/\\\/centrourbano.com\\\/revista\\\/#website\",\"url\":\"https:\\\/\\\/centrourbano.com\\\/revista\\\/\",\"name\":\"Centro Urbano\",\"description\":\"Medio especializado en los sectores vivienda, inmobiliario, construcci\u00f3n, arquitectura y urbanismo.\",\"publisher\":{\"@id\":\"https:\\\/\\\/centrourbano.com\\\/revista\\\/#organization\"},\"potentialAction\":[{\"@type\":\"SearchAction\",\"target\":{\"@type\":\"EntryPoint\",\"urlTemplate\":\"https:\\\/\\\/centrourbano.com\\\/revista\\\/?s={search_term_string}\"},\"query-input\":{\"@type\":\"PropertyValueSpecification\",\"valueRequired\":true,\"valueName\":\"search_term_string\"}}],\"inLanguage\":\"es\"},{\"@type\":\"Organization\",\"@id\":\"https:\\\/\\\/centrourbano.com\\\/revista\\\/#organization\",\"name\":\"Centro Urbano\",\"url\":\"https:\\\/\\\/centrourbano.com\\\/revista\\\/\",\"logo\":{\"@type\":\"ImageObject\",\"inLanguage\":\"es\",\"@id\":\"https:\\\/\\\/centrourbano.com\\\/revista\\\/#\\\/schema\\\/logo\\\/image\\\/\",\"url\":\"https:\\\/\\\/centrourbano.com\\\/revista\\\/wp-content\\\/uploads\\\/web_CU_logo-1.png\",\"contentUrl\":\"https:\\\/\\\/centrourbano.com\\\/revista\\\/wp-content\\\/uploads\\\/web_CU_logo-1.png\",\"width\":350,\"height\":91,\"caption\":\"Centro Urbano\"},\"image\":{\"@id\":\"https:\\\/\\\/centrourbano.com\\\/revista\\\/#\\\/schema\\\/logo\\\/image\\\/\"},\"sameAs\":[\"https:\\\/\\\/www.facebook.com\\\/portalcentrourbano\",\"https:\\\/\\\/x.com\\\/CentroUrbano\",\"https:\\\/\\\/www.instagram.com\\\/centro_urbano\\\/\",\"https:\\\/\\\/www.linkedin.com\\\/company\\\/centro-urbano\\\/\",\"http:\\\/\\\/www.youtube.com\\\/user\\\/portalcentrourbano\"]},{\"@type\":\"Person\",\"@id\":\"https:\\\/\\\/centrourbano.com\\\/revista\\\/#\\\/schema\\\/person\\\/b50192a3cd0e680841b45dc537f53970\",\"name\":\"Diego Rodr\u00edguez\",\"image\":{\"@type\":\"ImageObject\",\"inLanguage\":\"es\",\"@id\":\"https:\\\/\\\/secure.gravatar.com\\\/avatar\\\/d217565525df2df5d4e7265d47758506f41845ed9529510921a7625d8365789d?s=96&d=mm&r=g\",\"url\":\"https:\\\/\\\/secure.gravatar.com\\\/avatar\\\/d217565525df2df5d4e7265d47758506f41845ed9529510921a7625d8365789d?s=96&d=mm&r=g\",\"contentUrl\":\"https:\\\/\\\/secure.gravatar.com\\\/avatar\\\/d217565525df2df5d4e7265d47758506f41845ed9529510921a7625d8365789d?s=96&d=mm&r=g\",\"caption\":\"Diego Rodr\u00edguez\"},\"description\":\"Egresado de la Facultad de Estudios Superiores Acatl\u00e1n de la carrera en Comunicaci\u00f3n, con especialidad en medios escritos. Reportero del desaparecido peri\u00f3dico Nuestro M\u00e9xico, en donde cubri\u00f3 las fuentes delegacionales y Asamblea Legislativa. Tambi\u00e9n trabaj\u00f3 en la Coordinaci\u00f3n de Comunicaci\u00f3n Social en la delegaci\u00f3n \u00c1lvaro Obreg\u00f3n. Le gusta leer novelas y cuentos.\",\"url\":\"https:\\\/\\\/centrourbano.com\\\/revista\\\/author\\\/diegorodriguez\\\/\"}]}<\/script>\n<!-- \/ Yoast SEO plugin. -->","yoast_head_json":{"title":"Mujeres de la CDMX trabajan para combatir cambio clim\u00e1tico -","description":"Las ganadoras del Programa de Tutor\u00eda Mujeres por el Clima, que organiz\u00f3 la Secretar\u00eda del Medio Ambiente de la Ciudad de M\u00e9xico (Sedema), tuvieron su primera reuni\u00f3n que les proporcionar\u00e1n asesor\u00eda para el desarrollo de cada uno de sus proyectos, durante un periodo de nueve meses.","robots":{"index":"index","follow":"follow","max-snippet":"max-snippet:-1","max-image-preview":"max-image-preview:large","max-video-preview":"max-video-preview:-1"},"canonical":"https:\/\/centrourbano.com\/revista\/urbanismo\/mujeres-de-la-cdmx-trabajan-para-combatir-cambio-climatico\/","og_locale":"es_ES","og_type":"article","og_title":"Mujeres de la CDMX trabajan para combatir cambio clim\u00e1tico -","og_description":"Las ganadoras del Programa de Tutor\u00eda Mujeres por el Clima, que organiz\u00f3 la Secretar\u00eda del Medio Ambiente de la Ciudad de M\u00e9xico (Sedema), tuvieron su primera reuni\u00f3n que les proporcionar\u00e1n asesor\u00eda para el desarrollo de cada uno de sus proyectos, durante un periodo de nueve meses.","og_url":"https:\/\/centrourbano.com\/revista\/urbanismo\/mujeres-de-la-cdmx-trabajan-para-combatir-cambio-climatico\/","og_site_name":"Centro Urbano","article_publisher":"https:\/\/www.facebook.com\/portalcentrourbano","article_published_time":"2018-02-01T18:35:35+00:00","article_modified_time":"2018-02-01T18:36:39+00:00","og_image":[{"width":800,"height":533,"url":"https:\/\/centrourbano.com\/revista\/wp-content\/uploads\/310118-FOTO-SEDEMA-4-e1517509176436.jpg","type":"image\/jpeg"}],"author":"Diego Rodr\u00edguez","twitter_card":"summary_large_image","twitter_creator":"@CentroUrbano","twitter_site":"@CentroUrbano","twitter_misc":{"Escrito por":"Diego Rodr\u00edguez","Tiempo de lectura":"3 minutos"},"schema":{"@context":"https:\/\/schema.org","@graph":[{"@type":"Article","@id":"https:\/\/centrourbano.com\/revista\/urbanismo\/mujeres-de-la-cdmx-trabajan-para-combatir-cambio-climatico\/#article","isPartOf":{"@id":"https:\/\/centrourbano.com\/revista\/urbanismo\/mujeres-de-la-cdmx-trabajan-para-combatir-cambio-climatico\/"},"author":{"name":"Diego Rodr\u00edguez","@id":"https:\/\/centrourbano.com\/revista\/#\/schema\/person\/b50192a3cd0e680841b45dc537f53970"},"headline":"Mujeres de la CDMX trabajan para combatir cambio clim\u00e1tico","datePublished":"2018-02-01T18:35:35+00:00","dateModified":"2018-02-01T18:36:39+00:00","mainEntityOfPage":{"@id":"https:\/\/centrourbano.com\/revista\/urbanismo\/mujeres-de-la-cdmx-trabajan-para-combatir-cambio-climatico\/"},"wordCount":636,"commentCount":0,"publisher":{"@id":"https:\/\/centrourbano.com\/revista\/#organization"},"image":{"@id":"https:\/\/centrourbano.com\/revista\/urbanismo\/mujeres-de-la-cdmx-trabajan-para-combatir-cambio-climatico\/#primaryimage"},"thumbnailUrl":"https:\/\/centrourbano.com\/revista\/wp-content\/uploads\/310118-FOTO-SEDEMA-4-e1517509176436.jpg","keywords":["C40","Cambio Clim\u00e1tico","Sedema","Tanya M\u00fcller"],"articleSection":["Urbanismo"],"inLanguage":"es","potentialAction":[{"@type":"CommentAction","name":"Comment","target":["https:\/\/centrourbano.com\/revista\/urbanismo\/mujeres-de-la-cdmx-trabajan-para-combatir-cambio-climatico\/#respond"]}]},{"@type":"WebPage","@id":"https:\/\/centrourbano.com\/revista\/urbanismo\/mujeres-de-la-cdmx-trabajan-para-combatir-cambio-climatico\/","url":"https:\/\/centrourbano.com\/revista\/urbanismo\/mujeres-de-la-cdmx-trabajan-para-combatir-cambio-climatico\/","name":"Mujeres de la CDMX trabajan para combatir cambio clim\u00e1tico -","isPartOf":{"@id":"https:\/\/centrourbano.com\/revista\/#website"},"primaryImageOfPage":{"@id":"https:\/\/centrourbano.com\/revista\/urbanismo\/mujeres-de-la-cdmx-trabajan-para-combatir-cambio-climatico\/#primaryimage"},"image":{"@id":"https:\/\/centrourbano.com\/revista\/urbanismo\/mujeres-de-la-cdmx-trabajan-para-combatir-cambio-climatico\/#primaryimage"},"thumbnailUrl":"https:\/\/centrourbano.com\/revista\/wp-content\/uploads\/310118-FOTO-SEDEMA-4-e1517509176436.jpg","datePublished":"2018-02-01T18:35:35+00:00","dateModified":"2018-02-01T18:36:39+00:00","description":"Las ganadoras del Programa de Tutor\u00eda Mujeres por el Clima, que organiz\u00f3 la Secretar\u00eda del Medio Ambiente de la Ciudad de M\u00e9xico (Sedema), tuvieron su primera reuni\u00f3n que les proporcionar\u00e1n asesor\u00eda para el desarrollo de cada uno de sus proyectos, durante un periodo de nueve meses.","breadcrumb":{"@id":"https:\/\/centrourbano.com\/revista\/urbanismo\/mujeres-de-la-cdmx-trabajan-para-combatir-cambio-climatico\/#breadcrumb"},"inLanguage":"es","potentialAction":[{"@type":"ReadAction","target":["https:\/\/centrourbano.com\/revista\/urbanismo\/mujeres-de-la-cdmx-trabajan-para-combatir-cambio-climatico\/"]}]},{"@type":"ImageObject","inLanguage":"es","@id":"https:\/\/centrourbano.com\/revista\/urbanismo\/mujeres-de-la-cdmx-trabajan-para-combatir-cambio-climatico\/#primaryimage","url":"https:\/\/centrourbano.com\/revista\/wp-content\/uploads\/310118-FOTO-SEDEMA-4-e1517509176436.jpg","contentUrl":"https:\/\/centrourbano.com\/revista\/wp-content\/uploads\/310118-FOTO-SEDEMA-4-e1517509176436.jpg","width":800,"height":533,"caption":"Los proyectos ganadores se presentar\u00e1n en la Segunda Cumbre de Mujeres por el Clima"},{"@type":"BreadcrumbList","@id":"https:\/\/centrourbano.com\/revista\/urbanismo\/mujeres-de-la-cdmx-trabajan-para-combatir-cambio-climatico\/#breadcrumb","itemListElement":[{"@type":"ListItem","position":1,"name":"Portada","item":"https:\/\/centrourbano.com\/revista\/"},{"@type":"ListItem","position":2,"name":"Mujeres de la CDMX trabajan para combatir cambio clim\u00e1tico"}]},{"@type":"WebSite","@id":"https:\/\/centrourbano.com\/revista\/#website","url":"https:\/\/centrourbano.com\/revista\/","name":"Centro Urbano","description":"Medio especializado en los sectores vivienda, inmobiliario, construcci\u00f3n, arquitectura y urbanismo.","publisher":{"@id":"https:\/\/centrourbano.com\/revista\/#organization"},"potentialAction":[{"@type":"SearchAction","target":{"@type":"EntryPoint","urlTemplate":"https:\/\/centrourbano.com\/revista\/?s={search_term_string}"},"query-input":{"@type":"PropertyValueSpecification","valueRequired":true,"valueName":"search_term_string"}}],"inLanguage":"es"},{"@type":"Organization","@id":"https:\/\/centrourbano.com\/revista\/#organization","name":"Centro Urbano","url":"https:\/\/centrourbano.com\/revista\/","logo":{"@type":"ImageObject","inLanguage":"es","@id":"https:\/\/centrourbano.com\/revista\/#\/schema\/logo\/image\/","url":"https:\/\/centrourbano.com\/revista\/wp-content\/uploads\/web_CU_logo-1.png","contentUrl":"https:\/\/centrourbano.com\/revista\/wp-content\/uploads\/web_CU_logo-1.png","width":350,"height":91,"caption":"Centro Urbano"},"image":{"@id":"https:\/\/centrourbano.com\/revista\/#\/schema\/logo\/image\/"},"sameAs":["https:\/\/www.facebook.com\/portalcentrourbano","https:\/\/x.com\/CentroUrbano","https:\/\/www.instagram.com\/centro_urbano\/","https:\/\/www.linkedin.com\/company\/centro-urbano\/","http:\/\/www.youtube.com\/user\/portalcentrourbano"]},{"@type":"Person","@id":"https:\/\/centrourbano.com\/revista\/#\/schema\/person\/b50192a3cd0e680841b45dc537f53970","name":"Diego Rodr\u00edguez","image":{"@type":"ImageObject","inLanguage":"es","@id":"https:\/\/secure.gravatar.com\/avatar\/d217565525df2df5d4e7265d47758506f41845ed9529510921a7625d8365789d?s=96&d=mm&r=g","url":"https:\/\/secure.gravatar.com\/avatar\/d217565525df2df5d4e7265d47758506f41845ed9529510921a7625d8365789d?s=96&d=mm&r=g","contentUrl":"https:\/\/secure.gravatar.com\/avatar\/d217565525df2df5d4e7265d47758506f41845ed9529510921a7625d8365789d?s=96&d=mm&r=g","caption":"Diego Rodr\u00edguez"},"description":"Egresado de la Facultad de Estudios Superiores Acatl\u00e1n de la carrera en Comunicaci\u00f3n, con especialidad en medios escritos. Reportero del desaparecido peri\u00f3dico Nuestro M\u00e9xico, en donde cubri\u00f3 las fuentes delegacionales y Asamblea Legislativa. Tambi\u00e9n trabaj\u00f3 en la Coordinaci\u00f3n de Comunicaci\u00f3n Social en la delegaci\u00f3n \u00c1lvaro Obreg\u00f3n. Le gusta leer novelas y cuentos.","url":"https:\/\/centrourbano.com\/revista\/author\/diegorodriguez\/"}]}},"_links":{"self":[{"href":"https:\/\/centrourbano.com\/revista\/wp-json\/wp\/v2\/posts\/66643","targetHints":{"allow":["GET"]}}],"collection":[{"href":"https:\/\/centrourbano.com\/revista\/wp-json\/wp\/v2\/posts"}],"about":[{"href":"https:\/\/centrourbano.com\/revista\/wp-json\/wp\/v2\/types\/post"}],"author":[{"embeddable":true,"href":"https:\/\/centrourbano.com\/revista\/wp-json\/wp\/v2\/users\/37"}],"replies":[{"embeddable":true,"href":"https:\/\/centrourbano.com\/revista\/wp-json\/wp\/v2\/comments?post=66643"}],"version-history":[{"count":2,"href":"https:\/\/centrourbano.com\/revista\/wp-json\/wp\/v2\/posts\/66643\/revisions"}],"predecessor-version":[{"id":66648,"href":"https:\/\/centrourbano.com\/revista\/wp-json\/wp\/v2\/posts\/66643\/revisions\/66648"}],"wp:featuredmedia":[{"embeddable":true,"href":"https:\/\/centrourbano.com\/revista\/wp-json\/wp\/v2\/media\/66644"}],"wp:attachment":[{"href":"https:\/\/centrourbano.com\/revista\/wp-json\/wp\/v2\/media?parent=66643"}],"wp:term":[{"taxonomy":"category","embeddable":true,"href":"https:\/\/centrourbano.com\/revista\/wp-json\/wp\/v2\/categories?post=66643"},{"taxonomy":"post_tag","embeddable":true,"href":"https:\/\/centrourbano.com\/revista\/wp-json\/wp\/v2\/tags?post=66643"}],"curies":[{"name":"wp","href":"https:\/\/api.w.org\/{rel}","templated":true}]}}