{"id":6661,"date":"2014-05-07T09:00:56","date_gmt":"2014-05-07T14:00:56","guid":{"rendered":"http:\/\/centrourbano.com\/?p=6661"},"modified":"2014-05-06T23:25:15","modified_gmt":"2014-05-07T04:25:15","slug":"mejorara-desarrollo-en-antigua-zona-industrial","status":"publish","type":"post","link":"https:\/\/centrourbano.com\/revista\/urbanismo\/mejorara-desarrollo-en-antigua-zona-industrial\/","title":{"rendered":"Mejorar\u00e1 desarrollo en antigua zona industrial"},"content":{"rendered":"<p><em>Con el Plan Maestro Granadas se mejorar\u00e1 la calidad de vida de quienes habitan el \u00e1rea<!--more--><\/em><\/p>\n<p>A fin de mejorar la movilidad, recuperar el espacio p\u00fablico, y garantizar la aplicaci\u00f3n de nuevos instrumentos de crecimiento urbano en el pol\u00edgono Granadas, ubicado en la delegaci\u00f3n Miguel Hidalgo, la Secretar\u00eda de Desarrollo Urbano y Vivienda del Distrito Federal (Seduvi) puso en marcha el \u00abPlan Maestro Granadas\u00bb.<\/p>\n<p>Este proyecto pretende identificar, definir y proponer las obras, acciones, normas, regulaciones e inversiones necesarias para asegurar la viabilidad y sustentabilidad urbana, y principalmente, la inclusi\u00f3n social.<\/p>\n<p>Hay que recordar que el Pol\u00edgono Granadas era una zona industrial que hasta 1987 manten\u00eda un uso de suelo industrial por lo que en las \u00faltimas d\u00e9cadas dicha demarcaci\u00f3n se ha caracterizado por la falta de orden p\u00fablico.<\/p>\n<p>En ese entonces, el cambio normativo del uso de suelo industrial a habitacional mixto que se implement\u00f3, no calcul\u00f3 el impacto social, ambiental y econ\u00f3mico que se generar\u00eda en el lugar.<\/p>\n<p>Como resultado, las 16 colonias del Distrito Federal que conforman la zona, han sido afectadas en cuanto a su calidad de vida, debido a la escasez de servicios tales como abasto de agua, electricidad, recolecci\u00f3n de basura, vialidades, pasos peatonales y banquetas en buen estado, entre otras.<\/p>\n<p>En su momento, el titular de la Seduvi, Sim\u00f3n Neumann Landenzon, indic\u00f3 que el Proyecto Granadas ser\u00e1, definitivamente, socialmente responsable e incluyente porque est\u00e1 basado en diferentes estudios que articular\u00e1n una estrategia m\u00e1s integral y con mayor conocimiento de lo que est\u00e1 sucediendo y puede pasar en el futuro desarrollo.<\/p>\n<p>Es por eso que la Seduvi se encuentra trabajando en estrategias de movilidad y transporte; suelo urbano, vivienda, espacio p\u00fablico, infraestructura, equipamiento y servicios; medio ambiente, y patrimonio.<\/p>\n<p>Dichas acciones servir\u00e1n para mejorar la calidad de vida de quienes habitan la zona, as\u00ed como de comerciantes ubicados dentro del pol\u00edgono en donde se encuentran las colonias: Irrigaci\u00f3n, Francisco. I. Madero, Popo, 5 de Mayo, Pensil Sur, Ampliaci\u00f3n Popo, Ampliaci\u00f3n Granadas, Cuauht\u00e9moc Pensil, Modelo Pensil, Granadas, Dos Lagos, Lago Sur, Los Manzanos, Mariano Escobedo, An\u00e1huac 1\u00aa. Secci\u00f3n y Ver\u00f3nica Anzures.<\/p>\n","protected":false},"excerpt":{"rendered":"<p>Con el Plan Maestro Granadas se mejorar\u00e1 la calidad de vida de quienes habitan el \u00e1rea<\/p>\n","protected":false},"author":9,"featured_media":0,"comment_status":"open","ping_status":"closed","sticky":false,"template":"","format":"standard","meta":{"om_disable_all_campaigns":false,"inline_featured_image":false,"_monsterinsights_skip_tracking":false,"_monsterinsights_sitenote_active":false,"_monsterinsights_sitenote_note":"","_monsterinsights_sitenote_category":0,"footnotes":""},"categories":[82],"tags":[146,1518],"class_list":["post-6661","post","type-post","status-publish","format-standard","hentry","category-urbanismo","tag-desarrollo-urbano","tag-plan-maestro-granadas"],"yoast_head":"<!-- This site is optimized with the Yoast SEO plugin v27.4 - https:\/\/yoast.com\/product\/yoast-seo-wordpress\/ -->\n<title>Mejorar\u00e1 desarrollo en antigua zona industrial -<\/title>\n<meta name=\"description\" content=\"Con el Plan Maestro Granadas se mejorar\u00e1 la calidad de vida de quienes habitan el \u00e1rea A fin de mejorar la movilidad, recuperar el espacio p\u00fablico, y\" \/>\n<meta name=\"robots\" content=\"index, follow, max-snippet:-1, max-image-preview:large, max-video-preview:-1\" \/>\n<link rel=\"canonical\" href=\"https:\/\/centrourbano.com\/revista\/urbanismo\/mejorara-desarrollo-en-antigua-zona-industrial\/\" \/>\n<meta property=\"og:locale\" content=\"es_ES\" \/>\n<meta property=\"og:type\" content=\"article\" \/>\n<meta property=\"og:title\" content=\"Mejorar\u00e1 desarrollo en antigua zona industrial -\" \/>\n<meta property=\"og:description\" content=\"Con el Plan Maestro Granadas se mejorar\u00e1 la calidad de vida de quienes habitan el \u00e1rea A fin de mejorar la movilidad, recuperar el espacio p\u00fablico, y\" \/>\n<meta property=\"og:url\" content=\"https:\/\/centrourbano.com\/revista\/urbanismo\/mejorara-desarrollo-en-antigua-zona-industrial\/\" \/>\n<meta property=\"og:site_name\" content=\"Centro Urbano\" \/>\n<meta property=\"article:publisher\" content=\"https:\/\/www.facebook.com\/portalcentrourbano\" \/>\n<meta property=\"article:published_time\" content=\"2014-05-07T14:00:56+00:00\" \/>\n<meta property=\"og:image\" content=\"https:\/\/centrourbano.com\/revista\/wp-content\/uploads\/CU-logo.png\" \/>\n\t<meta property=\"og:image:width\" content=\"350\" \/>\n\t<meta property=\"og:image:height\" content=\"91\" \/>\n\t<meta property=\"og:image:type\" content=\"image\/png\" \/>\n<meta name=\"author\" content=\"Dinorah Nava\" \/>\n<meta name=\"twitter:card\" content=\"summary_large_image\" \/>\n<meta name=\"twitter:creator\" content=\"@https:\/\/twitter.com\/Dinorah_Nava28\" \/>\n<meta name=\"twitter:site\" content=\"@CentroUrbano\" \/>\n<meta name=\"twitter:label1\" content=\"Escrito por\" \/>\n\t<meta name=\"twitter:data1\" content=\"Dinorah Nava\" \/>\n\t<meta name=\"twitter:label2\" content=\"Tiempo de lectura\" \/>\n\t<meta name=\"twitter:data2\" content=\"2 minutos\" \/>\n<script type=\"application\/ld+json\" class=\"yoast-schema-graph\">{\"@context\":\"https:\\\/\\\/schema.org\",\"@graph\":[{\"@type\":\"Article\",\"@id\":\"https:\\\/\\\/centrourbano.com\\\/revista\\\/urbanismo\\\/mejorara-desarrollo-en-antigua-zona-industrial\\\/#article\",\"isPartOf\":{\"@id\":\"https:\\\/\\\/centrourbano.com\\\/revista\\\/urbanismo\\\/mejorara-desarrollo-en-antigua-zona-industrial\\\/\"},\"author\":{\"name\":\"Dinorah Nava\",\"@id\":\"https:\\\/\\\/centrourbano.com\\\/revista\\\/#\\\/schema\\\/person\\\/b45db815d96831257ba428a3d5a5fbdc\"},\"headline\":\"Mejorar\u00e1 desarrollo en antigua zona industrial\",\"datePublished\":\"2014-05-07T14:00:56+00:00\",\"mainEntityOfPage\":{\"@id\":\"https:\\\/\\\/centrourbano.com\\\/revista\\\/urbanismo\\\/mejorara-desarrollo-en-antigua-zona-industrial\\\/\"},\"wordCount\":375,\"commentCount\":0,\"publisher\":{\"@id\":\"https:\\\/\\\/centrourbano.com\\\/revista\\\/#organization\"},\"keywords\":[\"Desarrollo urbano\",\"plan maestro granadas\"],\"articleSection\":[\"Urbanismo\"],\"inLanguage\":\"es\",\"potentialAction\":[{\"@type\":\"CommentAction\",\"name\":\"Comment\",\"target\":[\"https:\\\/\\\/centrourbano.com\\\/revista\\\/urbanismo\\\/mejorara-desarrollo-en-antigua-zona-industrial\\\/#respond\"]}]},{\"@type\":\"WebPage\",\"@id\":\"https:\\\/\\\/centrourbano.com\\\/revista\\\/urbanismo\\\/mejorara-desarrollo-en-antigua-zona-industrial\\\/\",\"url\":\"https:\\\/\\\/centrourbano.com\\\/revista\\\/urbanismo\\\/mejorara-desarrollo-en-antigua-zona-industrial\\\/\",\"name\":\"Mejorar\u00e1 desarrollo en antigua zona industrial -\",\"isPartOf\":{\"@id\":\"https:\\\/\\\/centrourbano.com\\\/revista\\\/#website\"},\"datePublished\":\"2014-05-07T14:00:56+00:00\",\"description\":\"Con el Plan Maestro Granadas se mejorar\u00e1 la calidad de vida de quienes habitan el \u00e1rea A fin de mejorar la movilidad, recuperar el espacio p\u00fablico, y\",\"breadcrumb\":{\"@id\":\"https:\\\/\\\/centrourbano.com\\\/revista\\\/urbanismo\\\/mejorara-desarrollo-en-antigua-zona-industrial\\\/#breadcrumb\"},\"inLanguage\":\"es\",\"potentialAction\":[{\"@type\":\"ReadAction\",\"target\":[\"https:\\\/\\\/centrourbano.com\\\/revista\\\/urbanismo\\\/mejorara-desarrollo-en-antigua-zona-industrial\\\/\"]}]},{\"@type\":\"BreadcrumbList\",\"@id\":\"https:\\\/\\\/centrourbano.com\\\/revista\\\/urbanismo\\\/mejorara-desarrollo-en-antigua-zona-industrial\\\/#breadcrumb\",\"itemListElement\":[{\"@type\":\"ListItem\",\"position\":1,\"name\":\"Portada\",\"item\":\"https:\\\/\\\/centrourbano.com\\\/revista\\\/\"},{\"@type\":\"ListItem\",\"position\":2,\"name\":\"Mejorar\u00e1 desarrollo en antigua zona industrial\"}]},{\"@type\":\"WebSite\",\"@id\":\"https:\\\/\\\/centrourbano.com\\\/revista\\\/#website\",\"url\":\"https:\\\/\\\/centrourbano.com\\\/revista\\\/\",\"name\":\"Centro Urbano\",\"description\":\"Medio especializado en los sectores vivienda, inmobiliario, construcci\u00f3n, arquitectura y urbanismo.\",\"publisher\":{\"@id\":\"https:\\\/\\\/centrourbano.com\\\/revista\\\/#organization\"},\"potentialAction\":[{\"@type\":\"SearchAction\",\"target\":{\"@type\":\"EntryPoint\",\"urlTemplate\":\"https:\\\/\\\/centrourbano.com\\\/revista\\\/?s={search_term_string}\"},\"query-input\":{\"@type\":\"PropertyValueSpecification\",\"valueRequired\":true,\"valueName\":\"search_term_string\"}}],\"inLanguage\":\"es\"},{\"@type\":\"Organization\",\"@id\":\"https:\\\/\\\/centrourbano.com\\\/revista\\\/#organization\",\"name\":\"Centro Urbano\",\"url\":\"https:\\\/\\\/centrourbano.com\\\/revista\\\/\",\"logo\":{\"@type\":\"ImageObject\",\"inLanguage\":\"es\",\"@id\":\"https:\\\/\\\/centrourbano.com\\\/revista\\\/#\\\/schema\\\/logo\\\/image\\\/\",\"url\":\"https:\\\/\\\/centrourbano.com\\\/revista\\\/wp-content\\\/uploads\\\/web_CU_logo-1.png\",\"contentUrl\":\"https:\\\/\\\/centrourbano.com\\\/revista\\\/wp-content\\\/uploads\\\/web_CU_logo-1.png\",\"width\":350,\"height\":91,\"caption\":\"Centro Urbano\"},\"image\":{\"@id\":\"https:\\\/\\\/centrourbano.com\\\/revista\\\/#\\\/schema\\\/logo\\\/image\\\/\"},\"sameAs\":[\"https:\\\/\\\/www.facebook.com\\\/portalcentrourbano\",\"https:\\\/\\\/x.com\\\/CentroUrbano\",\"https:\\\/\\\/www.instagram.com\\\/centro_urbano\\\/\",\"https:\\\/\\\/www.linkedin.com\\\/company\\\/centro-urbano\\\/\",\"http:\\\/\\\/www.youtube.com\\\/user\\\/portalcentrourbano\"]},{\"@type\":\"Person\",\"@id\":\"https:\\\/\\\/centrourbano.com\\\/revista\\\/#\\\/schema\\\/person\\\/b45db815d96831257ba428a3d5a5fbdc\",\"name\":\"Dinorah Nava\",\"image\":{\"@type\":\"ImageObject\",\"inLanguage\":\"es\",\"@id\":\"https:\\\/\\\/secure.gravatar.com\\\/avatar\\\/f6ca6430c51d147f363940f84e1225aa4b8183885c11802cc3b042305a4ecc1a?s=96&d=mm&r=g\",\"url\":\"https:\\\/\\\/secure.gravatar.com\\\/avatar\\\/f6ca6430c51d147f363940f84e1225aa4b8183885c11802cc3b042305a4ecc1a?s=96&d=mm&r=g\",\"contentUrl\":\"https:\\\/\\\/secure.gravatar.com\\\/avatar\\\/f6ca6430c51d147f363940f84e1225aa4b8183885c11802cc3b042305a4ecc1a?s=96&d=mm&r=g\",\"caption\":\"Dinorah Nava\"},\"description\":\"Editora de Contenidos y Estrategias Digitales en Centro Urbano y Coeditora en Peri\u00f3dico Mi Casa. Egresada de la licenciatura en Comunicaci\u00f3n y Periodismo de la Facultad de Estudios Superiores Arag\u00f3n (UNAM). Amante de la edici\u00f3n y correcci\u00f3n de estilo, las redes sociales y el mundo digital. Especialista en temas son arquitectura, inmobiliario y urbanismo.\",\"sameAs\":[\"linkedin.com\\\/in\\\/dinorah-nava\",\"https:\\\/\\\/x.com\\\/https:\\\/\\\/twitter.com\\\/Dinorah_Nava28\"],\"url\":\"https:\\\/\\\/centrourbano.com\\\/revista\\\/author\\\/dinorah-nava\\\/\"}]}<\/script>\n<!-- \/ Yoast SEO plugin. -->","yoast_head_json":{"title":"Mejorar\u00e1 desarrollo en antigua zona industrial -","description":"Con el Plan Maestro Granadas se mejorar\u00e1 la calidad de vida de quienes habitan el \u00e1rea A fin de mejorar la movilidad, recuperar el espacio p\u00fablico, y","robots":{"index":"index","follow":"follow","max-snippet":"max-snippet:-1","max-image-preview":"max-image-preview:large","max-video-preview":"max-video-preview:-1"},"canonical":"https:\/\/centrourbano.com\/revista\/urbanismo\/mejorara-desarrollo-en-antigua-zona-industrial\/","og_locale":"es_ES","og_type":"article","og_title":"Mejorar\u00e1 desarrollo en antigua zona industrial -","og_description":"Con el Plan Maestro Granadas se mejorar\u00e1 la calidad de vida de quienes habitan el \u00e1rea A fin de mejorar la movilidad, recuperar el espacio p\u00fablico, y","og_url":"https:\/\/centrourbano.com\/revista\/urbanismo\/mejorara-desarrollo-en-antigua-zona-industrial\/","og_site_name":"Centro Urbano","article_publisher":"https:\/\/www.facebook.com\/portalcentrourbano","article_published_time":"2014-05-07T14:00:56+00:00","og_image":[{"width":350,"height":91,"url":"https:\/\/centrourbano.com\/revista\/wp-content\/uploads\/CU-logo.png","type":"image\/png"}],"author":"Dinorah Nava","twitter_card":"summary_large_image","twitter_creator":"@https:\/\/twitter.com\/Dinorah_Nava28","twitter_site":"@CentroUrbano","twitter_misc":{"Escrito por":"Dinorah Nava","Tiempo de lectura":"2 minutos"},"schema":{"@context":"https:\/\/schema.org","@graph":[{"@type":"Article","@id":"https:\/\/centrourbano.com\/revista\/urbanismo\/mejorara-desarrollo-en-antigua-zona-industrial\/#article","isPartOf":{"@id":"https:\/\/centrourbano.com\/revista\/urbanismo\/mejorara-desarrollo-en-antigua-zona-industrial\/"},"author":{"name":"Dinorah Nava","@id":"https:\/\/centrourbano.com\/revista\/#\/schema\/person\/b45db815d96831257ba428a3d5a5fbdc"},"headline":"Mejorar\u00e1 desarrollo en antigua zona industrial","datePublished":"2014-05-07T14:00:56+00:00","mainEntityOfPage":{"@id":"https:\/\/centrourbano.com\/revista\/urbanismo\/mejorara-desarrollo-en-antigua-zona-industrial\/"},"wordCount":375,"commentCount":0,"publisher":{"@id":"https:\/\/centrourbano.com\/revista\/#organization"},"keywords":["Desarrollo urbano","plan maestro granadas"],"articleSection":["Urbanismo"],"inLanguage":"es","potentialAction":[{"@type":"CommentAction","name":"Comment","target":["https:\/\/centrourbano.com\/revista\/urbanismo\/mejorara-desarrollo-en-antigua-zona-industrial\/#respond"]}]},{"@type":"WebPage","@id":"https:\/\/centrourbano.com\/revista\/urbanismo\/mejorara-desarrollo-en-antigua-zona-industrial\/","url":"https:\/\/centrourbano.com\/revista\/urbanismo\/mejorara-desarrollo-en-antigua-zona-industrial\/","name":"Mejorar\u00e1 desarrollo en antigua zona industrial -","isPartOf":{"@id":"https:\/\/centrourbano.com\/revista\/#website"},"datePublished":"2014-05-07T14:00:56+00:00","description":"Con el Plan Maestro Granadas se mejorar\u00e1 la calidad de vida de quienes habitan el \u00e1rea A fin de mejorar la movilidad, recuperar el espacio p\u00fablico, y","breadcrumb":{"@id":"https:\/\/centrourbano.com\/revista\/urbanismo\/mejorara-desarrollo-en-antigua-zona-industrial\/#breadcrumb"},"inLanguage":"es","potentialAction":[{"@type":"ReadAction","target":["https:\/\/centrourbano.com\/revista\/urbanismo\/mejorara-desarrollo-en-antigua-zona-industrial\/"]}]},{"@type":"BreadcrumbList","@id":"https:\/\/centrourbano.com\/revista\/urbanismo\/mejorara-desarrollo-en-antigua-zona-industrial\/#breadcrumb","itemListElement":[{"@type":"ListItem","position":1,"name":"Portada","item":"https:\/\/centrourbano.com\/revista\/"},{"@type":"ListItem","position":2,"name":"Mejorar\u00e1 desarrollo en antigua zona industrial"}]},{"@type":"WebSite","@id":"https:\/\/centrourbano.com\/revista\/#website","url":"https:\/\/centrourbano.com\/revista\/","name":"Centro Urbano","description":"Medio especializado en los sectores vivienda, inmobiliario, construcci\u00f3n, arquitectura y urbanismo.","publisher":{"@id":"https:\/\/centrourbano.com\/revista\/#organization"},"potentialAction":[{"@type":"SearchAction","target":{"@type":"EntryPoint","urlTemplate":"https:\/\/centrourbano.com\/revista\/?s={search_term_string}"},"query-input":{"@type":"PropertyValueSpecification","valueRequired":true,"valueName":"search_term_string"}}],"inLanguage":"es"},{"@type":"Organization","@id":"https:\/\/centrourbano.com\/revista\/#organization","name":"Centro Urbano","url":"https:\/\/centrourbano.com\/revista\/","logo":{"@type":"ImageObject","inLanguage":"es","@id":"https:\/\/centrourbano.com\/revista\/#\/schema\/logo\/image\/","url":"https:\/\/centrourbano.com\/revista\/wp-content\/uploads\/web_CU_logo-1.png","contentUrl":"https:\/\/centrourbano.com\/revista\/wp-content\/uploads\/web_CU_logo-1.png","width":350,"height":91,"caption":"Centro Urbano"},"image":{"@id":"https:\/\/centrourbano.com\/revista\/#\/schema\/logo\/image\/"},"sameAs":["https:\/\/www.facebook.com\/portalcentrourbano","https:\/\/x.com\/CentroUrbano","https:\/\/www.instagram.com\/centro_urbano\/","https:\/\/www.linkedin.com\/company\/centro-urbano\/","http:\/\/www.youtube.com\/user\/portalcentrourbano"]},{"@type":"Person","@id":"https:\/\/centrourbano.com\/revista\/#\/schema\/person\/b45db815d96831257ba428a3d5a5fbdc","name":"Dinorah Nava","image":{"@type":"ImageObject","inLanguage":"es","@id":"https:\/\/secure.gravatar.com\/avatar\/f6ca6430c51d147f363940f84e1225aa4b8183885c11802cc3b042305a4ecc1a?s=96&d=mm&r=g","url":"https:\/\/secure.gravatar.com\/avatar\/f6ca6430c51d147f363940f84e1225aa4b8183885c11802cc3b042305a4ecc1a?s=96&d=mm&r=g","contentUrl":"https:\/\/secure.gravatar.com\/avatar\/f6ca6430c51d147f363940f84e1225aa4b8183885c11802cc3b042305a4ecc1a?s=96&d=mm&r=g","caption":"Dinorah Nava"},"description":"Editora de Contenidos y Estrategias Digitales en Centro Urbano y Coeditora en Peri\u00f3dico Mi Casa. Egresada de la licenciatura en Comunicaci\u00f3n y Periodismo de la Facultad de Estudios Superiores Arag\u00f3n (UNAM). Amante de la edici\u00f3n y correcci\u00f3n de estilo, las redes sociales y el mundo digital. Especialista en temas son arquitectura, inmobiliario y urbanismo.","sameAs":["linkedin.com\/in\/dinorah-nava","https:\/\/x.com\/https:\/\/twitter.com\/Dinorah_Nava28"],"url":"https:\/\/centrourbano.com\/revista\/author\/dinorah-nava\/"}]}},"_links":{"self":[{"href":"https:\/\/centrourbano.com\/revista\/wp-json\/wp\/v2\/posts\/6661","targetHints":{"allow":["GET"]}}],"collection":[{"href":"https:\/\/centrourbano.com\/revista\/wp-json\/wp\/v2\/posts"}],"about":[{"href":"https:\/\/centrourbano.com\/revista\/wp-json\/wp\/v2\/types\/post"}],"author":[{"embeddable":true,"href":"https:\/\/centrourbano.com\/revista\/wp-json\/wp\/v2\/users\/9"}],"replies":[{"embeddable":true,"href":"https:\/\/centrourbano.com\/revista\/wp-json\/wp\/v2\/comments?post=6661"}],"version-history":[{"count":0,"href":"https:\/\/centrourbano.com\/revista\/wp-json\/wp\/v2\/posts\/6661\/revisions"}],"wp:attachment":[{"href":"https:\/\/centrourbano.com\/revista\/wp-json\/wp\/v2\/media?parent=6661"}],"wp:term":[{"taxonomy":"category","embeddable":true,"href":"https:\/\/centrourbano.com\/revista\/wp-json\/wp\/v2\/categories?post=6661"},{"taxonomy":"post_tag","embeddable":true,"href":"https:\/\/centrourbano.com\/revista\/wp-json\/wp\/v2\/tags?post=6661"}],"curies":[{"name":"wp","href":"https:\/\/api.w.org\/{rel}","templated":true}]}}