{"id":665,"date":"2013-11-08T18:42:31","date_gmt":"2013-11-09T00:42:31","guid":{"rendered":"http:\/\/centrourbano.com\/?p=665"},"modified":"2014-03-20T11:31:27","modified_gmt":"2014-03-20T17:31:27","slug":"en-2014-habra-mas-certeza-juridica-en-vivienda-aceves-del-olmo","status":"publish","type":"post","link":"https:\/\/centrourbano.com\/revista\/entrevistas\/en-2014-habra-mas-certeza-juridica-en-vivienda-aceves-del-olmo\/","title":{"rendered":"En 2014 habr\u00e1 m\u00e1s certeza jur\u00eddica en vivienda: Aceves del Olmo"},"content":{"rendered":"<p><em>El Presidente de la Comisi\u00f3n de Vivienda pronostica un panorama positivo debido a las nuevas reglamentaciones que se incorporar\u00e1n\u00a0<\/em><\/p>\n<p><em><!--more--><\/em><\/p>\n<p>&nbsp;<\/p>\n<p>El panorama de la vivienda para el siguiente a\u00f1o, de acuerdo con Carlos Aceves del Olmo, presidente de la Comisi\u00f3n de Vivienda de la C\u00e1mara de Diputados, se espera que sea mucho mejor que el actual debido a que habr\u00e1 m\u00e1s certeza jur\u00eddica tanto en la tierra, el uso de suelo, as\u00ed como brindar seguridad en financiamientos, los cuales deber\u00e1n ser verdaderamente sociales.<\/p>\n<p>&nbsp;<\/p>\n<p>\u201cHabr\u00e1 para bien un pa\u00eds donde sus ciudadanos hagan uso de sus derechos por la v\u00eda legal y no en lo clandestino. Tenemos que cuidar la productividad, la seguridad social y la seguridad p\u00fablica que unidos esos elementos nos va a dar un mejor pa\u00eds\u201d, resalt\u00f3.<\/p>\n<p>&nbsp;<\/p>\n<p>Aunque reconoci\u00f3 que en los \u00faltimos meses, debido a los hechos climatol\u00f3gicos, el panorama de la vivienda se vio afectado principalmente para la industria de la construcci\u00f3n por el da\u00f1o a estructuras, casas, departamentos y otras edificaciones, en gran parte de los estados del pa\u00eds.<\/p>\n<p>&nbsp;<\/p>\n<p>\u201cLa ventaja que tenemos de esto es que los organismos gubernamentales, los empresarios, los compradores e instituciones hacen que no tengamos m\u00e1s dif\u00edciles las cosas, sino que las tengamos m\u00e1s claras\u201d, reconoci\u00f3.<\/p>\n<p>&nbsp;<\/p>\n<p>En entrevista para <b>Capital de M\u00e9xico<\/b> explic\u00f3 que antes de que hubieran las reglamentaciones actuales, las desarrolladoras constru\u00edan donde fuera, en\u00a0 terrenos m\u00e1s baratos y las instituciones otorgaban cr\u00e9ditos en estas zonas, raz\u00f3n por la cual, hoy se tienen 240 mil viviendas abandonadas en el pa\u00eds.<\/p>\n<p>&nbsp;<\/p>\n<p>Al respecto, coment\u00f3 que esta situaci\u00f3n no es porque la gente no las quiera sino porque se han quedado sin empleo y no pod\u00edan seguirlas pagando, otras m\u00e1s porque los ayuntamientos no cumplieron con los servicios que iban a dar para esas unidades o porque los empresarios construyeron en terreno muy barato donde no se contaba con transporte o agua potable.<\/p>\n<p>&nbsp;<\/p>\n<p>El Presidente de la Comisi\u00f3n de Vivienda, puntualiz\u00f3 que en los dos gobiernos anteriores se tuvo en materia de vivienda una meta de aproximadamente 500 mil departamentos, casas y financiamiento al a\u00f1o; pero \u201cmucho de eso estaba mal y ahora estamos teniendo los problemas\u201d.<\/p>\n<p>&nbsp;<\/p>\n<p>Ahora, reconoci\u00f3, se pueden construir 290 mil casas, un n\u00famero menor; sin embargo, estar\u00e1n bien hechas con materiales de calidad donde se pueda garantizar que el empresario pueda cumplir con el 5 por ciento que debe aportar y que los organismos tengan las normas bien establecidas para que puedan cumplir con las reglas y evitar sustos y p\u00e9rdidas para la poblaci\u00f3n del pa\u00eds.<\/p>\n<p>&nbsp;<\/p>\n<p>\u201cHoy son otras reglas, empezamos otra etapa. Aqu\u00ed debe ser el ganar-ganar y creo que estamos construyendo una plataforma adecuada para dar un salto importante para que, a corto plazo, se pueda tener el mismo n\u00famero de viviendas bien hechas sin riesgos ni asentamientos irregulares\u201d, asever\u00f3.<\/p>\n<p>&nbsp;<\/p>\n<p>Actualmente, seg\u00fan cifras del Instituto Nacional de Geograf\u00eda y Estad\u00edstica (INEGI), se tienen 3 millones de desempleados en el pa\u00eds, por ello, Aceves del Olmo dijo que el otorgamiento de vivienda a los trabajadores informales es una asignatura pendiente con la sociedad, donde en a\u00f1os anteriores se hab\u00eda pensado en convertir este sector a la formalidad para que pagaran impuestos y con lo recaudado cubrir esta necesidad de la poblaci\u00f3n; sin embargo, se\u00f1al\u00f3, es la falta de empleo lo que empuja a las personas a caer en el comercio informal, \u201cno hay empleo suficiente\u201d.<\/p>\n<p>&nbsp;<\/p>\n<p>\u201cNo es que hasta ahora se haya entrado a este tema, pero son como erizos de mar a los que nadie le quiere entrar y de repente hay que hacerlo. Cuesta mucho trabajo, cuesta mucho dinero; pero si no se empieza nunca, nunca se va a tener\u201d, destac\u00f3.<\/p>\n<p>&nbsp;<\/p>\n<p>El diputado tambi\u00e9n habl\u00f3 de que la ciudad de M\u00e9xico, en los \u00faltimos a\u00f1os ha tenido grandes avances de civilidad en diferentes temas como los programas de EcoBici, las l\u00edneas del Metrob\u00fas y el Sistema de Transporte Colectivo Metro.<\/p>\n<p>&nbsp;<\/p>\n<p>Explic\u00f3 que si durante los \u00faltimos 12 a\u00f1os se hubiera invertido en estos programas que ya se ten\u00edan, hubieran crecido mucho m\u00e1s estos servicios que benefician tanto a la sociedad capitalina.<\/p>\n<p>&nbsp;<\/p>\n<p>\u201cYo creo que vamos en la ruta adecuada, no basta m\u00e1s que ir a una ciudad de cualquier lugar del mundo como Centroam\u00e9rica, Sudam\u00e9rica o Europa y nosotros tenemos muchas cosas de que enorgullecernos y ahora estamos tomando el r\u00e1bano por las hojas, tomando audaces decisiones para que estas cosas se compongan\u201d.<\/p>\n<p>&nbsp;<\/p>\n<p>Por \u00faltimo, respecto a la reci\u00e9n aprobada Reforma Fiscal, reprob\u00f3 que la poblaci\u00f3n de Baja California est\u00e9 criticando tan duramente a los diputados y senadores de esta zona debido a la homologaci\u00f3n del Impuesto al Valor Agregado (IVA) a 16 por ciento en la zona fronteriza, donde, asegura, no est\u00e1 siendo bien analizado por la poblaci\u00f3n.<\/p>\n","protected":false},"excerpt":{"rendered":"<p>El Presidente de la Comisi\u00f3n de Vivienda pronostica un panorama positivo debido a las nuevas reglamentaciones que se incorporar\u00e1n\u00a0<\/p>\n","protected":false},"author":7,"featured_media":16502,"comment_status":"open","ping_status":"closed","sticky":false,"template":"","format":"standard","meta":{"om_disable_all_campaigns":false,"inline_featured_image":false,"_monsterinsights_skip_tracking":false,"_monsterinsights_sitenote_active":false,"_monsterinsights_sitenote_note":"","_monsterinsights_sitenote_category":0,"footnotes":""},"categories":[13],"tags":[200,6155,199,60],"class_list":["post-665","post","type-post","status-publish","format-standard","has-post-thumbnail","hentry","category-entrevistas","tag-desarrolladoras","tag-entrevistas","tag-panorama","tag-vivienda-2"],"yoast_head":"<!-- This site is optimized with the Yoast SEO plugin v27.5 - https:\/\/yoast.com\/product\/yoast-seo-wordpress\/ -->\n<title>En 2014 habr\u00e1 m\u00e1s certeza jur\u00eddica en vivienda: Aceves del Olmo -<\/title>\n<meta name=\"description\" content=\"El Presidente de la Comisi\u00f3n de Vivienda pronostica un panorama positivo debido a las nuevas reglamentaciones que se incorporar\u00e1n\u00a0 &nbsp; El panorama de\" \/>\n<meta name=\"robots\" content=\"index, follow, max-snippet:-1, max-image-preview:large, max-video-preview:-1\" \/>\n<link rel=\"canonical\" href=\"https:\/\/centrourbano.com\/revista\/entrevistas\/en-2014-habra-mas-certeza-juridica-en-vivienda-aceves-del-olmo\/\" \/>\n<meta property=\"og:locale\" content=\"es_ES\" \/>\n<meta property=\"og:type\" content=\"article\" \/>\n<meta property=\"og:title\" content=\"En 2014 habr\u00e1 m\u00e1s certeza jur\u00eddica en vivienda: Aceves del Olmo -\" \/>\n<meta property=\"og:description\" content=\"El Presidente de la Comisi\u00f3n de Vivienda pronostica un panorama positivo debido a las nuevas reglamentaciones que se incorporar\u00e1n\u00a0 &nbsp; El panorama de\" \/>\n<meta property=\"og:url\" content=\"https:\/\/centrourbano.com\/revista\/entrevistas\/en-2014-habra-mas-certeza-juridica-en-vivienda-aceves-del-olmo\/\" \/>\n<meta property=\"og:site_name\" content=\"Centro Urbano\" \/>\n<meta property=\"article:publisher\" content=\"https:\/\/www.facebook.com\/portalcentrourbano\" \/>\n<meta property=\"article:published_time\" content=\"2013-11-09T00:42:31+00:00\" \/>\n<meta property=\"article:modified_time\" content=\"2014-03-20T17:31:27+00:00\" \/>\n<meta property=\"og:image\" content=\"https:\/\/centrourbano.com\/revista\/wp-content\/uploads\/CarlosAceves11.jpg\" \/>\n\t<meta property=\"og:image:width\" content=\"600\" \/>\n\t<meta property=\"og:image:height\" content=\"337\" \/>\n\t<meta property=\"og:image:type\" content=\"image\/jpeg\" \/>\n<meta name=\"author\" content=\"Yuriko Barrera\" \/>\n<meta name=\"twitter:card\" content=\"summary_large_image\" \/>\n<meta name=\"twitter:creator\" content=\"@CentroUrbano\" \/>\n<meta name=\"twitter:site\" content=\"@CentroUrbano\" \/>\n<meta name=\"twitter:label1\" content=\"Escrito por\" \/>\n\t<meta name=\"twitter:data1\" content=\"Yuriko Barrera\" \/>\n\t<meta name=\"twitter:label2\" content=\"Tiempo de lectura\" \/>\n\t<meta name=\"twitter:data2\" content=\"4 minutos\" \/>\n<script type=\"application\/ld+json\" class=\"yoast-schema-graph\">{\"@context\":\"https:\\\/\\\/schema.org\",\"@graph\":[{\"@type\":\"Article\",\"@id\":\"https:\\\/\\\/centrourbano.com\\\/revista\\\/entrevistas\\\/en-2014-habra-mas-certeza-juridica-en-vivienda-aceves-del-olmo\\\/#article\",\"isPartOf\":{\"@id\":\"https:\\\/\\\/centrourbano.com\\\/revista\\\/entrevistas\\\/en-2014-habra-mas-certeza-juridica-en-vivienda-aceves-del-olmo\\\/\"},\"author\":{\"name\":\"Yuriko Barrera\",\"@id\":\"https:\\\/\\\/centrourbano.com\\\/revista\\\/#\\\/schema\\\/person\\\/5d7b2fca27b2d2e91ac8257e072ba973\"},\"headline\":\"En 2014 habr\u00e1 m\u00e1s certeza jur\u00eddica en vivienda: Aceves del Olmo\",\"datePublished\":\"2013-11-09T00:42:31+00:00\",\"dateModified\":\"2014-03-20T17:31:27+00:00\",\"mainEntityOfPage\":{\"@id\":\"https:\\\/\\\/centrourbano.com\\\/revista\\\/entrevistas\\\/en-2014-habra-mas-certeza-juridica-en-vivienda-aceves-del-olmo\\\/\"},\"wordCount\":865,\"commentCount\":0,\"publisher\":{\"@id\":\"https:\\\/\\\/centrourbano.com\\\/revista\\\/#organization\"},\"image\":{\"@id\":\"https:\\\/\\\/centrourbano.com\\\/revista\\\/entrevistas\\\/en-2014-habra-mas-certeza-juridica-en-vivienda-aceves-del-olmo\\\/#primaryimage\"},\"thumbnailUrl\":\"https:\\\/\\\/centrourbano.com\\\/revista\\\/wp-content\\\/uploads\\\/CarlosAceves11.jpg\",\"keywords\":[\"Desarrolladoras\",\"Entrevistas\",\"Panorama\",\"vivienda\"],\"articleSection\":[\"Entrevistas\"],\"inLanguage\":\"es\",\"potentialAction\":[{\"@type\":\"CommentAction\",\"name\":\"Comment\",\"target\":[\"https:\\\/\\\/centrourbano.com\\\/revista\\\/entrevistas\\\/en-2014-habra-mas-certeza-juridica-en-vivienda-aceves-del-olmo\\\/#respond\"]}]},{\"@type\":\"WebPage\",\"@id\":\"https:\\\/\\\/centrourbano.com\\\/revista\\\/entrevistas\\\/en-2014-habra-mas-certeza-juridica-en-vivienda-aceves-del-olmo\\\/\",\"url\":\"https:\\\/\\\/centrourbano.com\\\/revista\\\/entrevistas\\\/en-2014-habra-mas-certeza-juridica-en-vivienda-aceves-del-olmo\\\/\",\"name\":\"En 2014 habr\u00e1 m\u00e1s certeza jur\u00eddica en vivienda: Aceves del Olmo -\",\"isPartOf\":{\"@id\":\"https:\\\/\\\/centrourbano.com\\\/revista\\\/#website\"},\"primaryImageOfPage\":{\"@id\":\"https:\\\/\\\/centrourbano.com\\\/revista\\\/entrevistas\\\/en-2014-habra-mas-certeza-juridica-en-vivienda-aceves-del-olmo\\\/#primaryimage\"},\"image\":{\"@id\":\"https:\\\/\\\/centrourbano.com\\\/revista\\\/entrevistas\\\/en-2014-habra-mas-certeza-juridica-en-vivienda-aceves-del-olmo\\\/#primaryimage\"},\"thumbnailUrl\":\"https:\\\/\\\/centrourbano.com\\\/revista\\\/wp-content\\\/uploads\\\/CarlosAceves11.jpg\",\"datePublished\":\"2013-11-09T00:42:31+00:00\",\"dateModified\":\"2014-03-20T17:31:27+00:00\",\"description\":\"El Presidente de la Comisi\u00f3n de Vivienda pronostica un panorama positivo debido a las nuevas reglamentaciones que se incorporar\u00e1n\u00a0 &nbsp; El panorama de\",\"breadcrumb\":{\"@id\":\"https:\\\/\\\/centrourbano.com\\\/revista\\\/entrevistas\\\/en-2014-habra-mas-certeza-juridica-en-vivienda-aceves-del-olmo\\\/#breadcrumb\"},\"inLanguage\":\"es\",\"potentialAction\":[{\"@type\":\"ReadAction\",\"target\":[\"https:\\\/\\\/centrourbano.com\\\/revista\\\/entrevistas\\\/en-2014-habra-mas-certeza-juridica-en-vivienda-aceves-del-olmo\\\/\"]}]},{\"@type\":\"ImageObject\",\"inLanguage\":\"es\",\"@id\":\"https:\\\/\\\/centrourbano.com\\\/revista\\\/entrevistas\\\/en-2014-habra-mas-certeza-juridica-en-vivienda-aceves-del-olmo\\\/#primaryimage\",\"url\":\"https:\\\/\\\/centrourbano.com\\\/revista\\\/wp-content\\\/uploads\\\/CarlosAceves11.jpg\",\"contentUrl\":\"https:\\\/\\\/centrourbano.com\\\/revista\\\/wp-content\\\/uploads\\\/CarlosAceves11.jpg\",\"width\":600,\"height\":337},{\"@type\":\"BreadcrumbList\",\"@id\":\"https:\\\/\\\/centrourbano.com\\\/revista\\\/entrevistas\\\/en-2014-habra-mas-certeza-juridica-en-vivienda-aceves-del-olmo\\\/#breadcrumb\",\"itemListElement\":[{\"@type\":\"ListItem\",\"position\":1,\"name\":\"Portada\",\"item\":\"https:\\\/\\\/centrourbano.com\\\/revista\\\/\"},{\"@type\":\"ListItem\",\"position\":2,\"name\":\"En 2014 habr\u00e1 m\u00e1s certeza jur\u00eddica en vivienda: Aceves del Olmo\"}]},{\"@type\":\"WebSite\",\"@id\":\"https:\\\/\\\/centrourbano.com\\\/revista\\\/#website\",\"url\":\"https:\\\/\\\/centrourbano.com\\\/revista\\\/\",\"name\":\"Centro Urbano\",\"description\":\"Medio especializado en los sectores vivienda, inmobiliario, construcci\u00f3n, arquitectura y urbanismo.\",\"publisher\":{\"@id\":\"https:\\\/\\\/centrourbano.com\\\/revista\\\/#organization\"},\"potentialAction\":[{\"@type\":\"SearchAction\",\"target\":{\"@type\":\"EntryPoint\",\"urlTemplate\":\"https:\\\/\\\/centrourbano.com\\\/revista\\\/?s={search_term_string}\"},\"query-input\":{\"@type\":\"PropertyValueSpecification\",\"valueRequired\":true,\"valueName\":\"search_term_string\"}}],\"inLanguage\":\"es\"},{\"@type\":\"Organization\",\"@id\":\"https:\\\/\\\/centrourbano.com\\\/revista\\\/#organization\",\"name\":\"Centro Urbano\",\"url\":\"https:\\\/\\\/centrourbano.com\\\/revista\\\/\",\"logo\":{\"@type\":\"ImageObject\",\"inLanguage\":\"es\",\"@id\":\"https:\\\/\\\/centrourbano.com\\\/revista\\\/#\\\/schema\\\/logo\\\/image\\\/\",\"url\":\"https:\\\/\\\/centrourbano.com\\\/revista\\\/wp-content\\\/uploads\\\/web_CU_logo-1.png\",\"contentUrl\":\"https:\\\/\\\/centrourbano.com\\\/revista\\\/wp-content\\\/uploads\\\/web_CU_logo-1.png\",\"width\":350,\"height\":91,\"caption\":\"Centro Urbano\"},\"image\":{\"@id\":\"https:\\\/\\\/centrourbano.com\\\/revista\\\/#\\\/schema\\\/logo\\\/image\\\/\"},\"sameAs\":[\"https:\\\/\\\/www.facebook.com\\\/portalcentrourbano\",\"https:\\\/\\\/x.com\\\/CentroUrbano\",\"https:\\\/\\\/www.instagram.com\\\/centro_urbano\\\/\",\"https:\\\/\\\/www.linkedin.com\\\/company\\\/centro-urbano\\\/\",\"http:\\\/\\\/www.youtube.com\\\/user\\\/portalcentrourbano\"]},{\"@type\":\"Person\",\"@id\":\"https:\\\/\\\/centrourbano.com\\\/revista\\\/#\\\/schema\\\/person\\\/5d7b2fca27b2d2e91ac8257e072ba973\",\"name\":\"Yuriko Barrera\",\"image\":{\"@type\":\"ImageObject\",\"inLanguage\":\"es\",\"@id\":\"https:\\\/\\\/secure.gravatar.com\\\/avatar\\\/134d0d2b59080428f5a714c59baa8306f3f3d3a3083bd6efeff035d884a8bf97?s=96&d=mm&r=g\",\"url\":\"https:\\\/\\\/secure.gravatar.com\\\/avatar\\\/134d0d2b59080428f5a714c59baa8306f3f3d3a3083bd6efeff035d884a8bf97?s=96&d=mm&r=g\",\"contentUrl\":\"https:\\\/\\\/secure.gravatar.com\\\/avatar\\\/134d0d2b59080428f5a714c59baa8306f3f3d3a3083bd6efeff035d884a8bf97?s=96&d=mm&r=g\",\"caption\":\"Yuriko Barrera\"},\"description\":\"Egresada de la Facultad de Ciencias Pol\u00edticas y Sociales de la UNAM. Boxeadora, tragona, cocinera y bailadora. Gusto de las m\u00e1scaras t\u00e9tricas, los cuervos, el cine de terror y la m\u00fasica. Escribo en mi blog, Me divierto con lo que hago. Reportera porque amo y twittera porque quiero.\",\"url\":\"https:\\\/\\\/centrourbano.com\\\/revista\\\/author\\\/yuriko-barrera\\\/\"}]}<\/script>\n<!-- \/ Yoast SEO plugin. -->","yoast_head_json":{"title":"En 2014 habr\u00e1 m\u00e1s certeza jur\u00eddica en vivienda: Aceves del Olmo -","description":"El Presidente de la Comisi\u00f3n de Vivienda pronostica un panorama positivo debido a las nuevas reglamentaciones que se incorporar\u00e1n\u00a0 &nbsp; El panorama de","robots":{"index":"index","follow":"follow","max-snippet":"max-snippet:-1","max-image-preview":"max-image-preview:large","max-video-preview":"max-video-preview:-1"},"canonical":"https:\/\/centrourbano.com\/revista\/entrevistas\/en-2014-habra-mas-certeza-juridica-en-vivienda-aceves-del-olmo\/","og_locale":"es_ES","og_type":"article","og_title":"En 2014 habr\u00e1 m\u00e1s certeza jur\u00eddica en vivienda: Aceves del Olmo -","og_description":"El Presidente de la Comisi\u00f3n de Vivienda pronostica un panorama positivo debido a las nuevas reglamentaciones que se incorporar\u00e1n\u00a0 &nbsp; El panorama de","og_url":"https:\/\/centrourbano.com\/revista\/entrevistas\/en-2014-habra-mas-certeza-juridica-en-vivienda-aceves-del-olmo\/","og_site_name":"Centro Urbano","article_publisher":"https:\/\/www.facebook.com\/portalcentrourbano","article_published_time":"2013-11-09T00:42:31+00:00","article_modified_time":"2014-03-20T17:31:27+00:00","og_image":[{"width":600,"height":337,"url":"https:\/\/centrourbano.com\/revista\/wp-content\/uploads\/CarlosAceves11.jpg","type":"image\/jpeg"}],"author":"Yuriko Barrera","twitter_card":"summary_large_image","twitter_creator":"@CentroUrbano","twitter_site":"@CentroUrbano","twitter_misc":{"Escrito por":"Yuriko Barrera","Tiempo de lectura":"4 minutos"},"schema":{"@context":"https:\/\/schema.org","@graph":[{"@type":"Article","@id":"https:\/\/centrourbano.com\/revista\/entrevistas\/en-2014-habra-mas-certeza-juridica-en-vivienda-aceves-del-olmo\/#article","isPartOf":{"@id":"https:\/\/centrourbano.com\/revista\/entrevistas\/en-2014-habra-mas-certeza-juridica-en-vivienda-aceves-del-olmo\/"},"author":{"name":"Yuriko Barrera","@id":"https:\/\/centrourbano.com\/revista\/#\/schema\/person\/5d7b2fca27b2d2e91ac8257e072ba973"},"headline":"En 2014 habr\u00e1 m\u00e1s certeza jur\u00eddica en vivienda: Aceves del Olmo","datePublished":"2013-11-09T00:42:31+00:00","dateModified":"2014-03-20T17:31:27+00:00","mainEntityOfPage":{"@id":"https:\/\/centrourbano.com\/revista\/entrevistas\/en-2014-habra-mas-certeza-juridica-en-vivienda-aceves-del-olmo\/"},"wordCount":865,"commentCount":0,"publisher":{"@id":"https:\/\/centrourbano.com\/revista\/#organization"},"image":{"@id":"https:\/\/centrourbano.com\/revista\/entrevistas\/en-2014-habra-mas-certeza-juridica-en-vivienda-aceves-del-olmo\/#primaryimage"},"thumbnailUrl":"https:\/\/centrourbano.com\/revista\/wp-content\/uploads\/CarlosAceves11.jpg","keywords":["Desarrolladoras","Entrevistas","Panorama","vivienda"],"articleSection":["Entrevistas"],"inLanguage":"es","potentialAction":[{"@type":"CommentAction","name":"Comment","target":["https:\/\/centrourbano.com\/revista\/entrevistas\/en-2014-habra-mas-certeza-juridica-en-vivienda-aceves-del-olmo\/#respond"]}]},{"@type":"WebPage","@id":"https:\/\/centrourbano.com\/revista\/entrevistas\/en-2014-habra-mas-certeza-juridica-en-vivienda-aceves-del-olmo\/","url":"https:\/\/centrourbano.com\/revista\/entrevistas\/en-2014-habra-mas-certeza-juridica-en-vivienda-aceves-del-olmo\/","name":"En 2014 habr\u00e1 m\u00e1s certeza jur\u00eddica en vivienda: Aceves del Olmo -","isPartOf":{"@id":"https:\/\/centrourbano.com\/revista\/#website"},"primaryImageOfPage":{"@id":"https:\/\/centrourbano.com\/revista\/entrevistas\/en-2014-habra-mas-certeza-juridica-en-vivienda-aceves-del-olmo\/#primaryimage"},"image":{"@id":"https:\/\/centrourbano.com\/revista\/entrevistas\/en-2014-habra-mas-certeza-juridica-en-vivienda-aceves-del-olmo\/#primaryimage"},"thumbnailUrl":"https:\/\/centrourbano.com\/revista\/wp-content\/uploads\/CarlosAceves11.jpg","datePublished":"2013-11-09T00:42:31+00:00","dateModified":"2014-03-20T17:31:27+00:00","description":"El Presidente de la Comisi\u00f3n de Vivienda pronostica un panorama positivo debido a las nuevas reglamentaciones que se incorporar\u00e1n\u00a0 &nbsp; El panorama de","breadcrumb":{"@id":"https:\/\/centrourbano.com\/revista\/entrevistas\/en-2014-habra-mas-certeza-juridica-en-vivienda-aceves-del-olmo\/#breadcrumb"},"inLanguage":"es","potentialAction":[{"@type":"ReadAction","target":["https:\/\/centrourbano.com\/revista\/entrevistas\/en-2014-habra-mas-certeza-juridica-en-vivienda-aceves-del-olmo\/"]}]},{"@type":"ImageObject","inLanguage":"es","@id":"https:\/\/centrourbano.com\/revista\/entrevistas\/en-2014-habra-mas-certeza-juridica-en-vivienda-aceves-del-olmo\/#primaryimage","url":"https:\/\/centrourbano.com\/revista\/wp-content\/uploads\/CarlosAceves11.jpg","contentUrl":"https:\/\/centrourbano.com\/revista\/wp-content\/uploads\/CarlosAceves11.jpg","width":600,"height":337},{"@type":"BreadcrumbList","@id":"https:\/\/centrourbano.com\/revista\/entrevistas\/en-2014-habra-mas-certeza-juridica-en-vivienda-aceves-del-olmo\/#breadcrumb","itemListElement":[{"@type":"ListItem","position":1,"name":"Portada","item":"https:\/\/centrourbano.com\/revista\/"},{"@type":"ListItem","position":2,"name":"En 2014 habr\u00e1 m\u00e1s certeza jur\u00eddica en vivienda: Aceves del Olmo"}]},{"@type":"WebSite","@id":"https:\/\/centrourbano.com\/revista\/#website","url":"https:\/\/centrourbano.com\/revista\/","name":"Centro Urbano","description":"Medio especializado en los sectores vivienda, inmobiliario, construcci\u00f3n, arquitectura y urbanismo.","publisher":{"@id":"https:\/\/centrourbano.com\/revista\/#organization"},"potentialAction":[{"@type":"SearchAction","target":{"@type":"EntryPoint","urlTemplate":"https:\/\/centrourbano.com\/revista\/?s={search_term_string}"},"query-input":{"@type":"PropertyValueSpecification","valueRequired":true,"valueName":"search_term_string"}}],"inLanguage":"es"},{"@type":"Organization","@id":"https:\/\/centrourbano.com\/revista\/#organization","name":"Centro Urbano","url":"https:\/\/centrourbano.com\/revista\/","logo":{"@type":"ImageObject","inLanguage":"es","@id":"https:\/\/centrourbano.com\/revista\/#\/schema\/logo\/image\/","url":"https:\/\/centrourbano.com\/revista\/wp-content\/uploads\/web_CU_logo-1.png","contentUrl":"https:\/\/centrourbano.com\/revista\/wp-content\/uploads\/web_CU_logo-1.png","width":350,"height":91,"caption":"Centro Urbano"},"image":{"@id":"https:\/\/centrourbano.com\/revista\/#\/schema\/logo\/image\/"},"sameAs":["https:\/\/www.facebook.com\/portalcentrourbano","https:\/\/x.com\/CentroUrbano","https:\/\/www.instagram.com\/centro_urbano\/","https:\/\/www.linkedin.com\/company\/centro-urbano\/","http:\/\/www.youtube.com\/user\/portalcentrourbano"]},{"@type":"Person","@id":"https:\/\/centrourbano.com\/revista\/#\/schema\/person\/5d7b2fca27b2d2e91ac8257e072ba973","name":"Yuriko Barrera","image":{"@type":"ImageObject","inLanguage":"es","@id":"https:\/\/secure.gravatar.com\/avatar\/134d0d2b59080428f5a714c59baa8306f3f3d3a3083bd6efeff035d884a8bf97?s=96&d=mm&r=g","url":"https:\/\/secure.gravatar.com\/avatar\/134d0d2b59080428f5a714c59baa8306f3f3d3a3083bd6efeff035d884a8bf97?s=96&d=mm&r=g","contentUrl":"https:\/\/secure.gravatar.com\/avatar\/134d0d2b59080428f5a714c59baa8306f3f3d3a3083bd6efeff035d884a8bf97?s=96&d=mm&r=g","caption":"Yuriko Barrera"},"description":"Egresada de la Facultad de Ciencias Pol\u00edticas y Sociales de la UNAM. Boxeadora, tragona, cocinera y bailadora. Gusto de las m\u00e1scaras t\u00e9tricas, los cuervos, el cine de terror y la m\u00fasica. Escribo en mi blog, Me divierto con lo que hago. Reportera porque amo y twittera porque quiero.","url":"https:\/\/centrourbano.com\/revista\/author\/yuriko-barrera\/"}]}},"_links":{"self":[{"href":"https:\/\/centrourbano.com\/revista\/wp-json\/wp\/v2\/posts\/665","targetHints":{"allow":["GET"]}}],"collection":[{"href":"https:\/\/centrourbano.com\/revista\/wp-json\/wp\/v2\/posts"}],"about":[{"href":"https:\/\/centrourbano.com\/revista\/wp-json\/wp\/v2\/types\/post"}],"author":[{"embeddable":true,"href":"https:\/\/centrourbano.com\/revista\/wp-json\/wp\/v2\/users\/7"}],"replies":[{"embeddable":true,"href":"https:\/\/centrourbano.com\/revista\/wp-json\/wp\/v2\/comments?post=665"}],"version-history":[{"count":0,"href":"https:\/\/centrourbano.com\/revista\/wp-json\/wp\/v2\/posts\/665\/revisions"}],"wp:featuredmedia":[{"embeddable":true,"href":"https:\/\/centrourbano.com\/revista\/wp-json\/wp\/v2\/media\/16502"}],"wp:attachment":[{"href":"https:\/\/centrourbano.com\/revista\/wp-json\/wp\/v2\/media?parent=665"}],"wp:term":[{"taxonomy":"category","embeddable":true,"href":"https:\/\/centrourbano.com\/revista\/wp-json\/wp\/v2\/categories?post=665"},{"taxonomy":"post_tag","embeddable":true,"href":"https:\/\/centrourbano.com\/revista\/wp-json\/wp\/v2\/tags?post=665"}],"curies":[{"name":"wp","href":"https:\/\/api.w.org\/{rel}","templated":true}]}}