{"id":66011,"date":"2018-01-18T11:43:56","date_gmt":"2018-01-18T17:43:56","guid":{"rendered":"https:\/\/centrourbano.com\/?p=66011"},"modified":"2018-01-18T11:43:56","modified_gmt":"2018-01-18T17:43:56","slug":"rehabilitaran-80-viviendas-tradicionales-michoacan","status":"publish","type":"post","link":"https:\/\/centrourbano.com\/revista\/vivienda\/rehabilitaran-80-viviendas-tradicionales-michoacan\/","title":{"rendered":"Rehabilitar\u00e1n 80 viviendas tradicionales en Michoac\u00e1n"},"content":{"rendered":"<p><em>Con el programa se busca preservar la forma tradicional de construcci\u00f3n  <\/em><!--more--><\/p>\n<p>Con el objetivo de rehabilitar 80 viviendas en el municipio de Charapan, Michoac\u00e1n, dio inicio la segunda fase del Programa de Rehabilitaci\u00f3n de Vivienda Tradicional en la Ruta Don Vasco, esquema que representa una inversi\u00f3n de 10 millones 966,982 pesos. <\/p>\n<p>Con la participaci\u00f3n de la Agencia Espa\u00f1ola de Cooperaci\u00f3n Internacional para el Desarrollo (AECID) y la Agencia Mexicana de Cooperaci\u00f3n Internacional para el Desarrollo (AMEXID), el programa buscar\u00e1 recuperar las viviendas bajo un proyecto arquitect\u00f3nico que respete las formas tradicionales de este municipio michoacano. <\/p>\n<p>Durante el arranque de la segunda etapa, Ricardo Luna Garc\u00eda, secretario de Medio Ambiente, Cambio Clim\u00e1tico y Desarrollo Territorial de Michoac\u00e1n, destac\u00f3 que con el proyecto se respetar\u00e1 la construcci\u00f3n tradicional de trojes, adem\u00e1s de entregar estufas ecol\u00f3gicas. <\/p>\n<p>El funcionario se\u00f1al\u00f3 que aunado a la rehabilitaci\u00f3n de vivienda se pondr\u00e1 en marcha un proyecto de gesti\u00f3n h\u00eddrica, que tiene que ver con la captaci\u00f3n del vital l\u00edquido a trav\u00e9s de los techos de las viviendas. <\/p>\n","protected":false},"excerpt":{"rendered":"<p>Con el programa se busca preservar la forma tradicional de construcci\u00f3n<\/p>\n","protected":false},"author":47,"featured_media":66012,"comment_status":"open","ping_status":"closed","sticky":false,"template":"","format":"standard","meta":{"om_disable_all_campaigns":false,"inline_featured_image":false,"_monsterinsights_skip_tracking":false,"_monsterinsights_sitenote_active":false,"_monsterinsights_sitenote_note":"","_monsterinsights_sitenote_category":0,"footnotes":""},"categories":[12],"tags":[12473,995,12472],"class_list":["post-66011","post","type-post","status-publish","format-standard","has-post-thumbnail","hentry","category-vivienda","tag-charapan","tag-michoacan","tag-programa-de-rehabilitacion-de-vivienda-tradicional-en-la-ruta-don-vasco"],"yoast_head":"<!-- This site is optimized with the Yoast SEO plugin v27.4 - https:\/\/yoast.com\/product\/yoast-seo-wordpress\/ -->\n<title>Rehabilitar\u00e1n 80 viviendas tradicionales en Michoac\u00e1n -<\/title>\n<meta name=\"description\" content=\"Con el objetivo de rehabilitar 80 viviendas en el municipio de Charapan, Michoac\u00e1n, dio inicio la segunda fase del Programa de Rehabilitaci\u00f3n de Vivienda Tradicional en la Ruta Don Vasco, esquema que representa una inversi\u00f3n de 10 millones 966,982 pesos.\" \/>\n<meta name=\"robots\" content=\"index, follow, max-snippet:-1, max-image-preview:large, max-video-preview:-1\" \/>\n<link rel=\"canonical\" href=\"https:\/\/centrourbano.com\/revista\/vivienda\/rehabilitaran-80-viviendas-tradicionales-michoacan\/\" \/>\n<meta property=\"og:locale\" content=\"es_ES\" \/>\n<meta property=\"og:type\" content=\"article\" \/>\n<meta property=\"og:title\" content=\"Rehabilitar\u00e1n 80 viviendas tradicionales en Michoac\u00e1n -\" \/>\n<meta property=\"og:description\" content=\"Con el objetivo de rehabilitar 80 viviendas en el municipio de Charapan, Michoac\u00e1n, dio inicio la segunda fase del Programa de Rehabilitaci\u00f3n de Vivienda Tradicional en la Ruta Don Vasco, esquema que representa una inversi\u00f3n de 10 millones 966,982 pesos.\" \/>\n<meta property=\"og:url\" content=\"https:\/\/centrourbano.com\/revista\/vivienda\/rehabilitaran-80-viviendas-tradicionales-michoacan\/\" \/>\n<meta property=\"og:site_name\" content=\"Centro Urbano\" \/>\n<meta property=\"article:publisher\" content=\"https:\/\/www.facebook.com\/portalcentrourbano\" \/>\n<meta property=\"article:published_time\" content=\"2018-01-18T17:43:56+00:00\" \/>\n<meta property=\"og:image\" content=\"https:\/\/centrourbano.com\/revista\/wp-content\/uploads\/Charapan_Rehabilitaci\u00f3nVivienda.jpeg\" \/>\n\t<meta property=\"og:image:width\" content=\"800\" \/>\n\t<meta property=\"og:image:height\" content=\"533\" \/>\n\t<meta property=\"og:image:type\" content=\"image\/jpeg\" \/>\n<meta name=\"author\" content=\"Edgar Rosas\" \/>\n<meta name=\"twitter:card\" content=\"summary_large_image\" \/>\n<meta name=\"twitter:creator\" content=\"@https:\/\/twitter.com\/ERosasCU?s=09\" \/>\n<meta name=\"twitter:site\" content=\"@CentroUrbano\" \/>\n<meta name=\"twitter:label1\" content=\"Escrito por\" \/>\n\t<meta name=\"twitter:data1\" content=\"Edgar Rosas\" \/>\n\t<meta name=\"twitter:label2\" content=\"Tiempo de lectura\" \/>\n\t<meta name=\"twitter:data2\" content=\"1 minuto\" \/>\n<script type=\"application\/ld+json\" class=\"yoast-schema-graph\">{\"@context\":\"https:\\\/\\\/schema.org\",\"@graph\":[{\"@type\":\"Article\",\"@id\":\"https:\\\/\\\/centrourbano.com\\\/revista\\\/vivienda\\\/rehabilitaran-80-viviendas-tradicionales-michoacan\\\/#article\",\"isPartOf\":{\"@id\":\"https:\\\/\\\/centrourbano.com\\\/revista\\\/vivienda\\\/rehabilitaran-80-viviendas-tradicionales-michoacan\\\/\"},\"author\":{\"name\":\"Edgar Rosas\",\"@id\":\"https:\\\/\\\/centrourbano.com\\\/revista\\\/#\\\/schema\\\/person\\\/ff3c00651ce5b1630479d2cd0c2e3ac0\"},\"headline\":\"Rehabilitar\u00e1n 80 viviendas tradicionales en Michoac\u00e1n\",\"datePublished\":\"2018-01-18T17:43:56+00:00\",\"mainEntityOfPage\":{\"@id\":\"https:\\\/\\\/centrourbano.com\\\/revista\\\/vivienda\\\/rehabilitaran-80-viviendas-tradicionales-michoacan\\\/\"},\"wordCount\":196,\"commentCount\":0,\"publisher\":{\"@id\":\"https:\\\/\\\/centrourbano.com\\\/revista\\\/#organization\"},\"image\":{\"@id\":\"https:\\\/\\\/centrourbano.com\\\/revista\\\/vivienda\\\/rehabilitaran-80-viviendas-tradicionales-michoacan\\\/#primaryimage\"},\"thumbnailUrl\":\"https:\\\/\\\/centrourbano.com\\\/revista\\\/wp-content\\\/uploads\\\/Charapan_Rehabilitaci\u00f3nVivienda.jpeg\",\"keywords\":[\"Charapan\",\"Michoac\u00e1n\",\"Programa de Rehabilitaci\u00f3n de Vivienda Tradicional en la Ruta Don Vasco\"],\"articleSection\":[\"Vivienda\"],\"inLanguage\":\"es\",\"potentialAction\":[{\"@type\":\"CommentAction\",\"name\":\"Comment\",\"target\":[\"https:\\\/\\\/centrourbano.com\\\/revista\\\/vivienda\\\/rehabilitaran-80-viviendas-tradicionales-michoacan\\\/#respond\"]}]},{\"@type\":\"WebPage\",\"@id\":\"https:\\\/\\\/centrourbano.com\\\/revista\\\/vivienda\\\/rehabilitaran-80-viviendas-tradicionales-michoacan\\\/\",\"url\":\"https:\\\/\\\/centrourbano.com\\\/revista\\\/vivienda\\\/rehabilitaran-80-viviendas-tradicionales-michoacan\\\/\",\"name\":\"Rehabilitar\u00e1n 80 viviendas tradicionales en Michoac\u00e1n -\",\"isPartOf\":{\"@id\":\"https:\\\/\\\/centrourbano.com\\\/revista\\\/#website\"},\"primaryImageOfPage\":{\"@id\":\"https:\\\/\\\/centrourbano.com\\\/revista\\\/vivienda\\\/rehabilitaran-80-viviendas-tradicionales-michoacan\\\/#primaryimage\"},\"image\":{\"@id\":\"https:\\\/\\\/centrourbano.com\\\/revista\\\/vivienda\\\/rehabilitaran-80-viviendas-tradicionales-michoacan\\\/#primaryimage\"},\"thumbnailUrl\":\"https:\\\/\\\/centrourbano.com\\\/revista\\\/wp-content\\\/uploads\\\/Charapan_Rehabilitaci\u00f3nVivienda.jpeg\",\"datePublished\":\"2018-01-18T17:43:56+00:00\",\"description\":\"Con el objetivo de rehabilitar 80 viviendas en el municipio de Charapan, Michoac\u00e1n, dio inicio la segunda fase del Programa de Rehabilitaci\u00f3n de Vivienda Tradicional en la Ruta Don Vasco, esquema que representa una inversi\u00f3n de 10 millones 966,982 pesos.\",\"breadcrumb\":{\"@id\":\"https:\\\/\\\/centrourbano.com\\\/revista\\\/vivienda\\\/rehabilitaran-80-viviendas-tradicionales-michoacan\\\/#breadcrumb\"},\"inLanguage\":\"es\",\"potentialAction\":[{\"@type\":\"ReadAction\",\"target\":[\"https:\\\/\\\/centrourbano.com\\\/revista\\\/vivienda\\\/rehabilitaran-80-viviendas-tradicionales-michoacan\\\/\"]}]},{\"@type\":\"ImageObject\",\"inLanguage\":\"es\",\"@id\":\"https:\\\/\\\/centrourbano.com\\\/revista\\\/vivienda\\\/rehabilitaran-80-viviendas-tradicionales-michoacan\\\/#primaryimage\",\"url\":\"https:\\\/\\\/centrourbano.com\\\/revista\\\/wp-content\\\/uploads\\\/Charapan_Rehabilitaci\u00f3nVivienda.jpeg\",\"contentUrl\":\"https:\\\/\\\/centrourbano.com\\\/revista\\\/wp-content\\\/uploads\\\/Charapan_Rehabilitaci\u00f3nVivienda.jpeg\",\"width\":800,\"height\":533,\"caption\":\"Con el programa se busca preservar la forma tradicional de construcci\u00f3n\"},{\"@type\":\"BreadcrumbList\",\"@id\":\"https:\\\/\\\/centrourbano.com\\\/revista\\\/vivienda\\\/rehabilitaran-80-viviendas-tradicionales-michoacan\\\/#breadcrumb\",\"itemListElement\":[{\"@type\":\"ListItem\",\"position\":1,\"name\":\"Portada\",\"item\":\"https:\\\/\\\/centrourbano.com\\\/revista\\\/\"},{\"@type\":\"ListItem\",\"position\":2,\"name\":\"Rehabilitar\u00e1n 80 viviendas tradicionales en Michoac\u00e1n\"}]},{\"@type\":\"WebSite\",\"@id\":\"https:\\\/\\\/centrourbano.com\\\/revista\\\/#website\",\"url\":\"https:\\\/\\\/centrourbano.com\\\/revista\\\/\",\"name\":\"Centro Urbano\",\"description\":\"Medio especializado en los sectores vivienda, inmobiliario, construcci\u00f3n, arquitectura y urbanismo.\",\"publisher\":{\"@id\":\"https:\\\/\\\/centrourbano.com\\\/revista\\\/#organization\"},\"potentialAction\":[{\"@type\":\"SearchAction\",\"target\":{\"@type\":\"EntryPoint\",\"urlTemplate\":\"https:\\\/\\\/centrourbano.com\\\/revista\\\/?s={search_term_string}\"},\"query-input\":{\"@type\":\"PropertyValueSpecification\",\"valueRequired\":true,\"valueName\":\"search_term_string\"}}],\"inLanguage\":\"es\"},{\"@type\":\"Organization\",\"@id\":\"https:\\\/\\\/centrourbano.com\\\/revista\\\/#organization\",\"name\":\"Centro Urbano\",\"url\":\"https:\\\/\\\/centrourbano.com\\\/revista\\\/\",\"logo\":{\"@type\":\"ImageObject\",\"inLanguage\":\"es\",\"@id\":\"https:\\\/\\\/centrourbano.com\\\/revista\\\/#\\\/schema\\\/logo\\\/image\\\/\",\"url\":\"https:\\\/\\\/centrourbano.com\\\/revista\\\/wp-content\\\/uploads\\\/web_CU_logo-1.png\",\"contentUrl\":\"https:\\\/\\\/centrourbano.com\\\/revista\\\/wp-content\\\/uploads\\\/web_CU_logo-1.png\",\"width\":350,\"height\":91,\"caption\":\"Centro Urbano\"},\"image\":{\"@id\":\"https:\\\/\\\/centrourbano.com\\\/revista\\\/#\\\/schema\\\/logo\\\/image\\\/\"},\"sameAs\":[\"https:\\\/\\\/www.facebook.com\\\/portalcentrourbano\",\"https:\\\/\\\/x.com\\\/CentroUrbano\",\"https:\\\/\\\/www.instagram.com\\\/centro_urbano\\\/\",\"https:\\\/\\\/www.linkedin.com\\\/company\\\/centro-urbano\\\/\",\"http:\\\/\\\/www.youtube.com\\\/user\\\/portalcentrourbano\"]},{\"@type\":\"Person\",\"@id\":\"https:\\\/\\\/centrourbano.com\\\/revista\\\/#\\\/schema\\\/person\\\/ff3c00651ce5b1630479d2cd0c2e3ac0\",\"name\":\"Edgar Rosas\",\"image\":{\"@type\":\"ImageObject\",\"inLanguage\":\"es\",\"@id\":\"https:\\\/\\\/secure.gravatar.com\\\/avatar\\\/94440c4283495211faa5300bf85e80061036b83fced868c3783aa1310b350d9c?s=96&d=mm&r=g\",\"url\":\"https:\\\/\\\/secure.gravatar.com\\\/avatar\\\/94440c4283495211faa5300bf85e80061036b83fced868c3783aa1310b350d9c?s=96&d=mm&r=g\",\"contentUrl\":\"https:\\\/\\\/secure.gravatar.com\\\/avatar\\\/94440c4283495211faa5300bf85e80061036b83fced868c3783aa1310b350d9c?s=96&d=mm&r=g\",\"caption\":\"Edgar Rosas\"},\"description\":\"Editor en Jefe de Centro Urbano. Egresado de la maestr\u00eda en Periodismo Pol\u00edtico de la Escuela de Periodismo Carlos Septi\u00e9n Garc\u00eda (EPCSG). Estudi\u00f3 la licenciatura en Comunicaci\u00f3n en la Universidad Mexicana. Amante de la cr\u00f3nica y el reportaje. Admirador de Vicente Le\u00f1ero y Miguel \u00c1ngel Granados Chapa.\",\"sameAs\":[\"https:\\\/\\\/x.com\\\/https:\\\/\\\/twitter.com\\\/ERosasCU?s=09\"],\"url\":\"https:\\\/\\\/centrourbano.com\\\/revista\\\/author\\\/edgar-rosas\\\/\"}]}<\/script>\n<!-- \/ Yoast SEO plugin. -->","yoast_head_json":{"title":"Rehabilitar\u00e1n 80 viviendas tradicionales en Michoac\u00e1n -","description":"Con el objetivo de rehabilitar 80 viviendas en el municipio de Charapan, Michoac\u00e1n, dio inicio la segunda fase del Programa de Rehabilitaci\u00f3n de Vivienda Tradicional en la Ruta Don Vasco, esquema que representa una inversi\u00f3n de 10 millones 966,982 pesos.","robots":{"index":"index","follow":"follow","max-snippet":"max-snippet:-1","max-image-preview":"max-image-preview:large","max-video-preview":"max-video-preview:-1"},"canonical":"https:\/\/centrourbano.com\/revista\/vivienda\/rehabilitaran-80-viviendas-tradicionales-michoacan\/","og_locale":"es_ES","og_type":"article","og_title":"Rehabilitar\u00e1n 80 viviendas tradicionales en Michoac\u00e1n -","og_description":"Con el objetivo de rehabilitar 80 viviendas en el municipio de Charapan, Michoac\u00e1n, dio inicio la segunda fase del Programa de Rehabilitaci\u00f3n de Vivienda Tradicional en la Ruta Don Vasco, esquema que representa una inversi\u00f3n de 10 millones 966,982 pesos.","og_url":"https:\/\/centrourbano.com\/revista\/vivienda\/rehabilitaran-80-viviendas-tradicionales-michoacan\/","og_site_name":"Centro Urbano","article_publisher":"https:\/\/www.facebook.com\/portalcentrourbano","article_published_time":"2018-01-18T17:43:56+00:00","og_image":[{"width":800,"height":533,"url":"https:\/\/centrourbano.com\/revista\/wp-content\/uploads\/Charapan_Rehabilitaci\u00f3nVivienda.jpeg","type":"image\/jpeg"}],"author":"Edgar Rosas","twitter_card":"summary_large_image","twitter_creator":"@https:\/\/twitter.com\/ERosasCU?s=09","twitter_site":"@CentroUrbano","twitter_misc":{"Escrito por":"Edgar Rosas","Tiempo de lectura":"1 minuto"},"schema":{"@context":"https:\/\/schema.org","@graph":[{"@type":"Article","@id":"https:\/\/centrourbano.com\/revista\/vivienda\/rehabilitaran-80-viviendas-tradicionales-michoacan\/#article","isPartOf":{"@id":"https:\/\/centrourbano.com\/revista\/vivienda\/rehabilitaran-80-viviendas-tradicionales-michoacan\/"},"author":{"name":"Edgar Rosas","@id":"https:\/\/centrourbano.com\/revista\/#\/schema\/person\/ff3c00651ce5b1630479d2cd0c2e3ac0"},"headline":"Rehabilitar\u00e1n 80 viviendas tradicionales en Michoac\u00e1n","datePublished":"2018-01-18T17:43:56+00:00","mainEntityOfPage":{"@id":"https:\/\/centrourbano.com\/revista\/vivienda\/rehabilitaran-80-viviendas-tradicionales-michoacan\/"},"wordCount":196,"commentCount":0,"publisher":{"@id":"https:\/\/centrourbano.com\/revista\/#organization"},"image":{"@id":"https:\/\/centrourbano.com\/revista\/vivienda\/rehabilitaran-80-viviendas-tradicionales-michoacan\/#primaryimage"},"thumbnailUrl":"https:\/\/centrourbano.com\/revista\/wp-content\/uploads\/Charapan_Rehabilitaci\u00f3nVivienda.jpeg","keywords":["Charapan","Michoac\u00e1n","Programa de Rehabilitaci\u00f3n de Vivienda Tradicional en la Ruta Don Vasco"],"articleSection":["Vivienda"],"inLanguage":"es","potentialAction":[{"@type":"CommentAction","name":"Comment","target":["https:\/\/centrourbano.com\/revista\/vivienda\/rehabilitaran-80-viviendas-tradicionales-michoacan\/#respond"]}]},{"@type":"WebPage","@id":"https:\/\/centrourbano.com\/revista\/vivienda\/rehabilitaran-80-viviendas-tradicionales-michoacan\/","url":"https:\/\/centrourbano.com\/revista\/vivienda\/rehabilitaran-80-viviendas-tradicionales-michoacan\/","name":"Rehabilitar\u00e1n 80 viviendas tradicionales en Michoac\u00e1n -","isPartOf":{"@id":"https:\/\/centrourbano.com\/revista\/#website"},"primaryImageOfPage":{"@id":"https:\/\/centrourbano.com\/revista\/vivienda\/rehabilitaran-80-viviendas-tradicionales-michoacan\/#primaryimage"},"image":{"@id":"https:\/\/centrourbano.com\/revista\/vivienda\/rehabilitaran-80-viviendas-tradicionales-michoacan\/#primaryimage"},"thumbnailUrl":"https:\/\/centrourbano.com\/revista\/wp-content\/uploads\/Charapan_Rehabilitaci\u00f3nVivienda.jpeg","datePublished":"2018-01-18T17:43:56+00:00","description":"Con el objetivo de rehabilitar 80 viviendas en el municipio de Charapan, Michoac\u00e1n, dio inicio la segunda fase del Programa de Rehabilitaci\u00f3n de Vivienda Tradicional en la Ruta Don Vasco, esquema que representa una inversi\u00f3n de 10 millones 966,982 pesos.","breadcrumb":{"@id":"https:\/\/centrourbano.com\/revista\/vivienda\/rehabilitaran-80-viviendas-tradicionales-michoacan\/#breadcrumb"},"inLanguage":"es","potentialAction":[{"@type":"ReadAction","target":["https:\/\/centrourbano.com\/revista\/vivienda\/rehabilitaran-80-viviendas-tradicionales-michoacan\/"]}]},{"@type":"ImageObject","inLanguage":"es","@id":"https:\/\/centrourbano.com\/revista\/vivienda\/rehabilitaran-80-viviendas-tradicionales-michoacan\/#primaryimage","url":"https:\/\/centrourbano.com\/revista\/wp-content\/uploads\/Charapan_Rehabilitaci\u00f3nVivienda.jpeg","contentUrl":"https:\/\/centrourbano.com\/revista\/wp-content\/uploads\/Charapan_Rehabilitaci\u00f3nVivienda.jpeg","width":800,"height":533,"caption":"Con el programa se busca preservar la forma tradicional de construcci\u00f3n"},{"@type":"BreadcrumbList","@id":"https:\/\/centrourbano.com\/revista\/vivienda\/rehabilitaran-80-viviendas-tradicionales-michoacan\/#breadcrumb","itemListElement":[{"@type":"ListItem","position":1,"name":"Portada","item":"https:\/\/centrourbano.com\/revista\/"},{"@type":"ListItem","position":2,"name":"Rehabilitar\u00e1n 80 viviendas tradicionales en Michoac\u00e1n"}]},{"@type":"WebSite","@id":"https:\/\/centrourbano.com\/revista\/#website","url":"https:\/\/centrourbano.com\/revista\/","name":"Centro Urbano","description":"Medio especializado en los sectores vivienda, inmobiliario, construcci\u00f3n, arquitectura y urbanismo.","publisher":{"@id":"https:\/\/centrourbano.com\/revista\/#organization"},"potentialAction":[{"@type":"SearchAction","target":{"@type":"EntryPoint","urlTemplate":"https:\/\/centrourbano.com\/revista\/?s={search_term_string}"},"query-input":{"@type":"PropertyValueSpecification","valueRequired":true,"valueName":"search_term_string"}}],"inLanguage":"es"},{"@type":"Organization","@id":"https:\/\/centrourbano.com\/revista\/#organization","name":"Centro Urbano","url":"https:\/\/centrourbano.com\/revista\/","logo":{"@type":"ImageObject","inLanguage":"es","@id":"https:\/\/centrourbano.com\/revista\/#\/schema\/logo\/image\/","url":"https:\/\/centrourbano.com\/revista\/wp-content\/uploads\/web_CU_logo-1.png","contentUrl":"https:\/\/centrourbano.com\/revista\/wp-content\/uploads\/web_CU_logo-1.png","width":350,"height":91,"caption":"Centro Urbano"},"image":{"@id":"https:\/\/centrourbano.com\/revista\/#\/schema\/logo\/image\/"},"sameAs":["https:\/\/www.facebook.com\/portalcentrourbano","https:\/\/x.com\/CentroUrbano","https:\/\/www.instagram.com\/centro_urbano\/","https:\/\/www.linkedin.com\/company\/centro-urbano\/","http:\/\/www.youtube.com\/user\/portalcentrourbano"]},{"@type":"Person","@id":"https:\/\/centrourbano.com\/revista\/#\/schema\/person\/ff3c00651ce5b1630479d2cd0c2e3ac0","name":"Edgar Rosas","image":{"@type":"ImageObject","inLanguage":"es","@id":"https:\/\/secure.gravatar.com\/avatar\/94440c4283495211faa5300bf85e80061036b83fced868c3783aa1310b350d9c?s=96&d=mm&r=g","url":"https:\/\/secure.gravatar.com\/avatar\/94440c4283495211faa5300bf85e80061036b83fced868c3783aa1310b350d9c?s=96&d=mm&r=g","contentUrl":"https:\/\/secure.gravatar.com\/avatar\/94440c4283495211faa5300bf85e80061036b83fced868c3783aa1310b350d9c?s=96&d=mm&r=g","caption":"Edgar Rosas"},"description":"Editor en Jefe de Centro Urbano. Egresado de la maestr\u00eda en Periodismo Pol\u00edtico de la Escuela de Periodismo Carlos Septi\u00e9n Garc\u00eda (EPCSG). Estudi\u00f3 la licenciatura en Comunicaci\u00f3n en la Universidad Mexicana. Amante de la cr\u00f3nica y el reportaje. Admirador de Vicente Le\u00f1ero y Miguel \u00c1ngel Granados Chapa.","sameAs":["https:\/\/x.com\/https:\/\/twitter.com\/ERosasCU?s=09"],"url":"https:\/\/centrourbano.com\/revista\/author\/edgar-rosas\/"}]}},"_links":{"self":[{"href":"https:\/\/centrourbano.com\/revista\/wp-json\/wp\/v2\/posts\/66011","targetHints":{"allow":["GET"]}}],"collection":[{"href":"https:\/\/centrourbano.com\/revista\/wp-json\/wp\/v2\/posts"}],"about":[{"href":"https:\/\/centrourbano.com\/revista\/wp-json\/wp\/v2\/types\/post"}],"author":[{"embeddable":true,"href":"https:\/\/centrourbano.com\/revista\/wp-json\/wp\/v2\/users\/47"}],"replies":[{"embeddable":true,"href":"https:\/\/centrourbano.com\/revista\/wp-json\/wp\/v2\/comments?post=66011"}],"version-history":[{"count":1,"href":"https:\/\/centrourbano.com\/revista\/wp-json\/wp\/v2\/posts\/66011\/revisions"}],"predecessor-version":[{"id":66013,"href":"https:\/\/centrourbano.com\/revista\/wp-json\/wp\/v2\/posts\/66011\/revisions\/66013"}],"wp:featuredmedia":[{"embeddable":true,"href":"https:\/\/centrourbano.com\/revista\/wp-json\/wp\/v2\/media\/66012"}],"wp:attachment":[{"href":"https:\/\/centrourbano.com\/revista\/wp-json\/wp\/v2\/media?parent=66011"}],"wp:term":[{"taxonomy":"category","embeddable":true,"href":"https:\/\/centrourbano.com\/revista\/wp-json\/wp\/v2\/categories?post=66011"},{"taxonomy":"post_tag","embeddable":true,"href":"https:\/\/centrourbano.com\/revista\/wp-json\/wp\/v2\/tags?post=66011"}],"curies":[{"name":"wp","href":"https:\/\/api.w.org\/{rel}","templated":true}]}}