{"id":66002,"date":"2018-01-18T11:27:06","date_gmt":"2018-01-18T17:27:06","guid":{"rendered":"https:\/\/centrourbano.com\/?p=66002"},"modified":"2018-01-18T11:27:06","modified_gmt":"2018-01-18T17:27:06","slug":"zapopan-instalo-comite-para-mejorar-desarrollo-urbano","status":"publish","type":"post","link":"https:\/\/centrourbano.com\/revista\/urbanismo\/zapopan-instalo-comite-para-mejorar-desarrollo-urbano\/","title":{"rendered":"Zapopan instal\u00f3 comit\u00e9 para mejorar desarrollo urbano"},"content":{"rendered":"<p><em>ONU-Habitat dar\u00e1 asistencia t\u00e9cnica para que los instrumentos del municipio est\u00e9n acordes con la Nueva Agenda Urbana<\/em><br \/>\n<!--more--><\/p>\n<p>El presidente municipal de <a href=\"http:\/\/www.zapopan.gob.mx\/\" rel=\"noopener\" target=\"_blank\">Zapopan<\/a>, Jalisco, Pablo Lemus y Pablo Vaggione, coordinador de <a href=\"http:\/\/onuhabitat.org.mx\/\" rel=\"noopener\" target=\"_blank\">ONU-Habitat para M\u00e9xico y Cuba<\/a>, instalaron el Comit\u00e9 Institucional de Gesti\u00f3n de la Estrategia Territorial para la Prosperidad Urbana Zapopan 2030 (ETZ2030). <\/p>\n<p>Cuyo objetivo es establecer una ruta de acciones que permitan revertir las tendencias de inequidad, fragmentaci\u00f3n territorial y degradaci\u00f3n de \u00e1reas de valor ambiental, que ponen en riesgo la prosperidad de Zapopan. <\/p>\n<p>Se espera que su implementaci\u00f3n potenciar\u00e1 un desarrollo urbano y territorial m\u00e1s seguro, inclusivo, funcional y sustentable.<\/p>\n<p>Explicaron que el Comit\u00e9 ser\u00e1 el \u00f3rgano garante de la implementaci\u00f3n, transversalidad y continuidad en el tiempo de la estrategia; mientras que ONU-Habitat ofrecer\u00e1 al gobierno municipal el apoyo t\u00e9cnico para que todos sus instrumentos tengan congruencia con la ETZ2030, la Agenda 2030 y la Nueva Agenda Urbana.<\/p>\n<p>\u201cNecesitamos, de acuerdo con las recomendaciones que nos ha hecho ONU-Habitat, cambiar nuestro modelo a una redensificaci\u00f3n de la ciudad basado en los nuevos entornos sustentables de los desarrollos orientados al transporte, con el fin de basar este modelo de crecimiento urbano con una nueva visi\u00f3n\u201d, dijo Lemus. <\/p>\n<p>Agreg\u00f3 que con esto se podr\u00e1 decir en 2030 que en conjunto con la ciudadan\u00eda se pusieron los cimientos de la construcci\u00f3n de la ciudad con mayor sustentabilidad a nivel global. <\/p>\n<p>Vaggione reconoci\u00f3 a Zapopan por estar a la vanguardia en materia de desarrollo territorial. <\/p>\n<p>\u201cPara avanzar hacia la sostenibilidad no solamente hace falta desarrollar pol\u00edticas desde la parte t\u00e9cnica, sino que hay que dotarlas de herramientas de gesti\u00f3n y de coordinaci\u00f3n, con el fin de asegurar la implementaci\u00f3n y facilitar su continuidad\u201d. <\/p>\n<p>La ETZ2030 es un diagn\u00f3stico del territorio de Zapopan que propone acciones de planeaci\u00f3n y gesti\u00f3n urbana tomando como base el concepto de prosperidad de ONU-Habitat.<\/p>\n<p>Fue desarrollada por un equipo interdisciplinario de expertos locales e internacionales, en el marco del Primer Convenio de Colaboraci\u00f3n (2013-2015) entre Zapopan y el Programa de las Naciones Unidas para los Asentamientos Humanos (ONU-Habitat). <\/p>\n<p>En su elaboraci\u00f3n, se integr\u00f3 la participaci\u00f3n social para proyectar una visi\u00f3n de ciudad y definir un plan de acci\u00f3n hacia la prosperidad.<\/p>\n","protected":false},"excerpt":{"rendered":"<p>ONU-Habitat dar\u00e1 asistencia t\u00e9cnica para que los instrumentos del municipio est\u00e9n acordes con la Nueva Agenda Urbana<\/p>\n","protected":false},"author":37,"featured_media":66009,"comment_status":"open","ping_status":"closed","sticky":false,"template":"","format":"standard","meta":{"om_disable_all_campaigns":false,"inline_featured_image":false,"_monsterinsights_skip_tracking":false,"_monsterinsights_sitenote_active":false,"_monsterinsights_sitenote_note":"","_monsterinsights_sitenote_category":0,"footnotes":""},"categories":[82],"tags":[],"class_list":["post-66002","post","type-post","status-publish","format-standard","has-post-thumbnail","hentry","category-urbanismo"],"yoast_head":"<!-- This site is optimized with the Yoast SEO plugin v27.4 - https:\/\/yoast.com\/product\/yoast-seo-wordpress\/ -->\n<title>Zapopan instal\u00f3 comit\u00e9 para mejorar desarrollo urbano -<\/title>\n<meta name=\"description\" content=\"El presidente municipal de Zapopan, Jalisco, Pablo Lemus y Pablo Vaggione, coordinador de ONU-Habitat para M\u00e9xico y Cuba, instalaron el Comit\u00e9 Institucional de Gesti\u00f3n de la Estrategia Territorial para la Prosperidad Urbana Zapopan 2030 (ETZ2030).\" \/>\n<meta name=\"robots\" content=\"index, follow, max-snippet:-1, max-image-preview:large, max-video-preview:-1\" \/>\n<link rel=\"canonical\" href=\"https:\/\/centrourbano.com\/revista\/urbanismo\/zapopan-instalo-comite-para-mejorar-desarrollo-urbano\/\" \/>\n<meta property=\"og:locale\" content=\"es_ES\" \/>\n<meta property=\"og:type\" content=\"article\" \/>\n<meta property=\"og:title\" content=\"Zapopan instal\u00f3 comit\u00e9 para mejorar desarrollo urbano -\" \/>\n<meta property=\"og:description\" content=\"El presidente municipal de Zapopan, Jalisco, Pablo Lemus y Pablo Vaggione, coordinador de ONU-Habitat para M\u00e9xico y Cuba, instalaron el Comit\u00e9 Institucional de Gesti\u00f3n de la Estrategia Territorial para la Prosperidad Urbana Zapopan 2030 (ETZ2030).\" \/>\n<meta property=\"og:url\" content=\"https:\/\/centrourbano.com\/revista\/urbanismo\/zapopan-instalo-comite-para-mejorar-desarrollo-urbano\/\" \/>\n<meta property=\"og:site_name\" content=\"Centro Urbano\" \/>\n<meta property=\"article:publisher\" content=\"https:\/\/www.facebook.com\/portalcentrourbano\" \/>\n<meta property=\"article:published_time\" content=\"2018-01-18T17:27:06+00:00\" \/>\n<meta property=\"og:image\" content=\"https:\/\/centrourbano.com\/revista\/wp-content\/uploads\/zapopan-1.jpg\" \/>\n\t<meta property=\"og:image:width\" content=\"720\" \/>\n\t<meta property=\"og:image:height\" content=\"377\" \/>\n\t<meta property=\"og:image:type\" content=\"image\/jpeg\" \/>\n<meta name=\"author\" content=\"Diego Rodr\u00edguez\" \/>\n<meta name=\"twitter:card\" content=\"summary_large_image\" \/>\n<meta name=\"twitter:creator\" content=\"@CentroUrbano\" \/>\n<meta name=\"twitter:site\" content=\"@CentroUrbano\" \/>\n<meta name=\"twitter:label1\" content=\"Escrito por\" \/>\n\t<meta name=\"twitter:data1\" content=\"Diego Rodr\u00edguez\" \/>\n\t<meta name=\"twitter:label2\" content=\"Tiempo de lectura\" \/>\n\t<meta name=\"twitter:data2\" content=\"2 minutos\" \/>\n<script type=\"application\/ld+json\" class=\"yoast-schema-graph\">{\"@context\":\"https:\\\/\\\/schema.org\",\"@graph\":[{\"@type\":\"Article\",\"@id\":\"https:\\\/\\\/centrourbano.com\\\/revista\\\/urbanismo\\\/zapopan-instalo-comite-para-mejorar-desarrollo-urbano\\\/#article\",\"isPartOf\":{\"@id\":\"https:\\\/\\\/centrourbano.com\\\/revista\\\/urbanismo\\\/zapopan-instalo-comite-para-mejorar-desarrollo-urbano\\\/\"},\"author\":{\"name\":\"Diego Rodr\u00edguez\",\"@id\":\"https:\\\/\\\/centrourbano.com\\\/revista\\\/#\\\/schema\\\/person\\\/b50192a3cd0e680841b45dc537f53970\"},\"headline\":\"Zapopan instal\u00f3 comit\u00e9 para mejorar desarrollo urbano\",\"datePublished\":\"2018-01-18T17:27:06+00:00\",\"mainEntityOfPage\":{\"@id\":\"https:\\\/\\\/centrourbano.com\\\/revista\\\/urbanismo\\\/zapopan-instalo-comite-para-mejorar-desarrollo-urbano\\\/\"},\"wordCount\":394,\"commentCount\":0,\"publisher\":{\"@id\":\"https:\\\/\\\/centrourbano.com\\\/revista\\\/#organization\"},\"image\":{\"@id\":\"https:\\\/\\\/centrourbano.com\\\/revista\\\/urbanismo\\\/zapopan-instalo-comite-para-mejorar-desarrollo-urbano\\\/#primaryimage\"},\"thumbnailUrl\":\"https:\\\/\\\/centrourbano.com\\\/revista\\\/wp-content\\\/uploads\\\/zapopan-1.jpg\",\"articleSection\":[\"Urbanismo\"],\"inLanguage\":\"es\",\"potentialAction\":[{\"@type\":\"CommentAction\",\"name\":\"Comment\",\"target\":[\"https:\\\/\\\/centrourbano.com\\\/revista\\\/urbanismo\\\/zapopan-instalo-comite-para-mejorar-desarrollo-urbano\\\/#respond\"]}]},{\"@type\":\"WebPage\",\"@id\":\"https:\\\/\\\/centrourbano.com\\\/revista\\\/urbanismo\\\/zapopan-instalo-comite-para-mejorar-desarrollo-urbano\\\/\",\"url\":\"https:\\\/\\\/centrourbano.com\\\/revista\\\/urbanismo\\\/zapopan-instalo-comite-para-mejorar-desarrollo-urbano\\\/\",\"name\":\"Zapopan instal\u00f3 comit\u00e9 para mejorar desarrollo urbano -\",\"isPartOf\":{\"@id\":\"https:\\\/\\\/centrourbano.com\\\/revista\\\/#website\"},\"primaryImageOfPage\":{\"@id\":\"https:\\\/\\\/centrourbano.com\\\/revista\\\/urbanismo\\\/zapopan-instalo-comite-para-mejorar-desarrollo-urbano\\\/#primaryimage\"},\"image\":{\"@id\":\"https:\\\/\\\/centrourbano.com\\\/revista\\\/urbanismo\\\/zapopan-instalo-comite-para-mejorar-desarrollo-urbano\\\/#primaryimage\"},\"thumbnailUrl\":\"https:\\\/\\\/centrourbano.com\\\/revista\\\/wp-content\\\/uploads\\\/zapopan-1.jpg\",\"datePublished\":\"2018-01-18T17:27:06+00:00\",\"description\":\"El presidente municipal de Zapopan, Jalisco, Pablo Lemus y Pablo Vaggione, coordinador de ONU-Habitat para M\u00e9xico y Cuba, instalaron el Comit\u00e9 Institucional de Gesti\u00f3n de la Estrategia Territorial para la Prosperidad Urbana Zapopan 2030 (ETZ2030).\",\"breadcrumb\":{\"@id\":\"https:\\\/\\\/centrourbano.com\\\/revista\\\/urbanismo\\\/zapopan-instalo-comite-para-mejorar-desarrollo-urbano\\\/#breadcrumb\"},\"inLanguage\":\"es\",\"potentialAction\":[{\"@type\":\"ReadAction\",\"target\":[\"https:\\\/\\\/centrourbano.com\\\/revista\\\/urbanismo\\\/zapopan-instalo-comite-para-mejorar-desarrollo-urbano\\\/\"]}]},{\"@type\":\"ImageObject\",\"inLanguage\":\"es\",\"@id\":\"https:\\\/\\\/centrourbano.com\\\/revista\\\/urbanismo\\\/zapopan-instalo-comite-para-mejorar-desarrollo-urbano\\\/#primaryimage\",\"url\":\"https:\\\/\\\/centrourbano.com\\\/revista\\\/wp-content\\\/uploads\\\/zapopan-1.jpg\",\"contentUrl\":\"https:\\\/\\\/centrourbano.com\\\/revista\\\/wp-content\\\/uploads\\\/zapopan-1.jpg\",\"width\":720,\"height\":377,\"caption\":\"ONU-Habitat dar\u00e1 asistencia t\u00e9cnica para que los instrumentos del municipio est\u00e9n acordes con la Nueva Agenda Urbana\"},{\"@type\":\"BreadcrumbList\",\"@id\":\"https:\\\/\\\/centrourbano.com\\\/revista\\\/urbanismo\\\/zapopan-instalo-comite-para-mejorar-desarrollo-urbano\\\/#breadcrumb\",\"itemListElement\":[{\"@type\":\"ListItem\",\"position\":1,\"name\":\"Portada\",\"item\":\"https:\\\/\\\/centrourbano.com\\\/revista\\\/\"},{\"@type\":\"ListItem\",\"position\":2,\"name\":\"Zapopan instal\u00f3 comit\u00e9 para mejorar desarrollo urbano\"}]},{\"@type\":\"WebSite\",\"@id\":\"https:\\\/\\\/centrourbano.com\\\/revista\\\/#website\",\"url\":\"https:\\\/\\\/centrourbano.com\\\/revista\\\/\",\"name\":\"Centro Urbano\",\"description\":\"Medio especializado en los sectores vivienda, inmobiliario, construcci\u00f3n, arquitectura y urbanismo.\",\"publisher\":{\"@id\":\"https:\\\/\\\/centrourbano.com\\\/revista\\\/#organization\"},\"potentialAction\":[{\"@type\":\"SearchAction\",\"target\":{\"@type\":\"EntryPoint\",\"urlTemplate\":\"https:\\\/\\\/centrourbano.com\\\/revista\\\/?s={search_term_string}\"},\"query-input\":{\"@type\":\"PropertyValueSpecification\",\"valueRequired\":true,\"valueName\":\"search_term_string\"}}],\"inLanguage\":\"es\"},{\"@type\":\"Organization\",\"@id\":\"https:\\\/\\\/centrourbano.com\\\/revista\\\/#organization\",\"name\":\"Centro Urbano\",\"url\":\"https:\\\/\\\/centrourbano.com\\\/revista\\\/\",\"logo\":{\"@type\":\"ImageObject\",\"inLanguage\":\"es\",\"@id\":\"https:\\\/\\\/centrourbano.com\\\/revista\\\/#\\\/schema\\\/logo\\\/image\\\/\",\"url\":\"https:\\\/\\\/centrourbano.com\\\/revista\\\/wp-content\\\/uploads\\\/web_CU_logo-1.png\",\"contentUrl\":\"https:\\\/\\\/centrourbano.com\\\/revista\\\/wp-content\\\/uploads\\\/web_CU_logo-1.png\",\"width\":350,\"height\":91,\"caption\":\"Centro Urbano\"},\"image\":{\"@id\":\"https:\\\/\\\/centrourbano.com\\\/revista\\\/#\\\/schema\\\/logo\\\/image\\\/\"},\"sameAs\":[\"https:\\\/\\\/www.facebook.com\\\/portalcentrourbano\",\"https:\\\/\\\/x.com\\\/CentroUrbano\",\"https:\\\/\\\/www.instagram.com\\\/centro_urbano\\\/\",\"https:\\\/\\\/www.linkedin.com\\\/company\\\/centro-urbano\\\/\",\"http:\\\/\\\/www.youtube.com\\\/user\\\/portalcentrourbano\"]},{\"@type\":\"Person\",\"@id\":\"https:\\\/\\\/centrourbano.com\\\/revista\\\/#\\\/schema\\\/person\\\/b50192a3cd0e680841b45dc537f53970\",\"name\":\"Diego Rodr\u00edguez\",\"image\":{\"@type\":\"ImageObject\",\"inLanguage\":\"es\",\"@id\":\"https:\\\/\\\/secure.gravatar.com\\\/avatar\\\/d217565525df2df5d4e7265d47758506f41845ed9529510921a7625d8365789d?s=96&d=mm&r=g\",\"url\":\"https:\\\/\\\/secure.gravatar.com\\\/avatar\\\/d217565525df2df5d4e7265d47758506f41845ed9529510921a7625d8365789d?s=96&d=mm&r=g\",\"contentUrl\":\"https:\\\/\\\/secure.gravatar.com\\\/avatar\\\/d217565525df2df5d4e7265d47758506f41845ed9529510921a7625d8365789d?s=96&d=mm&r=g\",\"caption\":\"Diego Rodr\u00edguez\"},\"description\":\"Egresado de la Facultad de Estudios Superiores Acatl\u00e1n de la carrera en Comunicaci\u00f3n, con especialidad en medios escritos. Reportero del desaparecido peri\u00f3dico Nuestro M\u00e9xico, en donde cubri\u00f3 las fuentes delegacionales y Asamblea Legislativa. Tambi\u00e9n trabaj\u00f3 en la Coordinaci\u00f3n de Comunicaci\u00f3n Social en la delegaci\u00f3n \u00c1lvaro Obreg\u00f3n. Le gusta leer novelas y cuentos.\",\"url\":\"https:\\\/\\\/centrourbano.com\\\/revista\\\/author\\\/diegorodriguez\\\/\"}]}<\/script>\n<!-- \/ Yoast SEO plugin. -->","yoast_head_json":{"title":"Zapopan instal\u00f3 comit\u00e9 para mejorar desarrollo urbano -","description":"El presidente municipal de Zapopan, Jalisco, Pablo Lemus y Pablo Vaggione, coordinador de ONU-Habitat para M\u00e9xico y Cuba, instalaron el Comit\u00e9 Institucional de Gesti\u00f3n de la Estrategia Territorial para la Prosperidad Urbana Zapopan 2030 (ETZ2030).","robots":{"index":"index","follow":"follow","max-snippet":"max-snippet:-1","max-image-preview":"max-image-preview:large","max-video-preview":"max-video-preview:-1"},"canonical":"https:\/\/centrourbano.com\/revista\/urbanismo\/zapopan-instalo-comite-para-mejorar-desarrollo-urbano\/","og_locale":"es_ES","og_type":"article","og_title":"Zapopan instal\u00f3 comit\u00e9 para mejorar desarrollo urbano -","og_description":"El presidente municipal de Zapopan, Jalisco, Pablo Lemus y Pablo Vaggione, coordinador de ONU-Habitat para M\u00e9xico y Cuba, instalaron el Comit\u00e9 Institucional de Gesti\u00f3n de la Estrategia Territorial para la Prosperidad Urbana Zapopan 2030 (ETZ2030).","og_url":"https:\/\/centrourbano.com\/revista\/urbanismo\/zapopan-instalo-comite-para-mejorar-desarrollo-urbano\/","og_site_name":"Centro Urbano","article_publisher":"https:\/\/www.facebook.com\/portalcentrourbano","article_published_time":"2018-01-18T17:27:06+00:00","og_image":[{"width":720,"height":377,"url":"https:\/\/centrourbano.com\/revista\/wp-content\/uploads\/zapopan-1.jpg","type":"image\/jpeg"}],"author":"Diego Rodr\u00edguez","twitter_card":"summary_large_image","twitter_creator":"@CentroUrbano","twitter_site":"@CentroUrbano","twitter_misc":{"Escrito por":"Diego Rodr\u00edguez","Tiempo de lectura":"2 minutos"},"schema":{"@context":"https:\/\/schema.org","@graph":[{"@type":"Article","@id":"https:\/\/centrourbano.com\/revista\/urbanismo\/zapopan-instalo-comite-para-mejorar-desarrollo-urbano\/#article","isPartOf":{"@id":"https:\/\/centrourbano.com\/revista\/urbanismo\/zapopan-instalo-comite-para-mejorar-desarrollo-urbano\/"},"author":{"name":"Diego Rodr\u00edguez","@id":"https:\/\/centrourbano.com\/revista\/#\/schema\/person\/b50192a3cd0e680841b45dc537f53970"},"headline":"Zapopan instal\u00f3 comit\u00e9 para mejorar desarrollo urbano","datePublished":"2018-01-18T17:27:06+00:00","mainEntityOfPage":{"@id":"https:\/\/centrourbano.com\/revista\/urbanismo\/zapopan-instalo-comite-para-mejorar-desarrollo-urbano\/"},"wordCount":394,"commentCount":0,"publisher":{"@id":"https:\/\/centrourbano.com\/revista\/#organization"},"image":{"@id":"https:\/\/centrourbano.com\/revista\/urbanismo\/zapopan-instalo-comite-para-mejorar-desarrollo-urbano\/#primaryimage"},"thumbnailUrl":"https:\/\/centrourbano.com\/revista\/wp-content\/uploads\/zapopan-1.jpg","articleSection":["Urbanismo"],"inLanguage":"es","potentialAction":[{"@type":"CommentAction","name":"Comment","target":["https:\/\/centrourbano.com\/revista\/urbanismo\/zapopan-instalo-comite-para-mejorar-desarrollo-urbano\/#respond"]}]},{"@type":"WebPage","@id":"https:\/\/centrourbano.com\/revista\/urbanismo\/zapopan-instalo-comite-para-mejorar-desarrollo-urbano\/","url":"https:\/\/centrourbano.com\/revista\/urbanismo\/zapopan-instalo-comite-para-mejorar-desarrollo-urbano\/","name":"Zapopan instal\u00f3 comit\u00e9 para mejorar desarrollo urbano -","isPartOf":{"@id":"https:\/\/centrourbano.com\/revista\/#website"},"primaryImageOfPage":{"@id":"https:\/\/centrourbano.com\/revista\/urbanismo\/zapopan-instalo-comite-para-mejorar-desarrollo-urbano\/#primaryimage"},"image":{"@id":"https:\/\/centrourbano.com\/revista\/urbanismo\/zapopan-instalo-comite-para-mejorar-desarrollo-urbano\/#primaryimage"},"thumbnailUrl":"https:\/\/centrourbano.com\/revista\/wp-content\/uploads\/zapopan-1.jpg","datePublished":"2018-01-18T17:27:06+00:00","description":"El presidente municipal de Zapopan, Jalisco, Pablo Lemus y Pablo Vaggione, coordinador de ONU-Habitat para M\u00e9xico y Cuba, instalaron el Comit\u00e9 Institucional de Gesti\u00f3n de la Estrategia Territorial para la Prosperidad Urbana Zapopan 2030 (ETZ2030).","breadcrumb":{"@id":"https:\/\/centrourbano.com\/revista\/urbanismo\/zapopan-instalo-comite-para-mejorar-desarrollo-urbano\/#breadcrumb"},"inLanguage":"es","potentialAction":[{"@type":"ReadAction","target":["https:\/\/centrourbano.com\/revista\/urbanismo\/zapopan-instalo-comite-para-mejorar-desarrollo-urbano\/"]}]},{"@type":"ImageObject","inLanguage":"es","@id":"https:\/\/centrourbano.com\/revista\/urbanismo\/zapopan-instalo-comite-para-mejorar-desarrollo-urbano\/#primaryimage","url":"https:\/\/centrourbano.com\/revista\/wp-content\/uploads\/zapopan-1.jpg","contentUrl":"https:\/\/centrourbano.com\/revista\/wp-content\/uploads\/zapopan-1.jpg","width":720,"height":377,"caption":"ONU-Habitat dar\u00e1 asistencia t\u00e9cnica para que los instrumentos del municipio est\u00e9n acordes con la Nueva Agenda Urbana"},{"@type":"BreadcrumbList","@id":"https:\/\/centrourbano.com\/revista\/urbanismo\/zapopan-instalo-comite-para-mejorar-desarrollo-urbano\/#breadcrumb","itemListElement":[{"@type":"ListItem","position":1,"name":"Portada","item":"https:\/\/centrourbano.com\/revista\/"},{"@type":"ListItem","position":2,"name":"Zapopan instal\u00f3 comit\u00e9 para mejorar desarrollo urbano"}]},{"@type":"WebSite","@id":"https:\/\/centrourbano.com\/revista\/#website","url":"https:\/\/centrourbano.com\/revista\/","name":"Centro Urbano","description":"Medio especializado en los sectores vivienda, inmobiliario, construcci\u00f3n, arquitectura y urbanismo.","publisher":{"@id":"https:\/\/centrourbano.com\/revista\/#organization"},"potentialAction":[{"@type":"SearchAction","target":{"@type":"EntryPoint","urlTemplate":"https:\/\/centrourbano.com\/revista\/?s={search_term_string}"},"query-input":{"@type":"PropertyValueSpecification","valueRequired":true,"valueName":"search_term_string"}}],"inLanguage":"es"},{"@type":"Organization","@id":"https:\/\/centrourbano.com\/revista\/#organization","name":"Centro Urbano","url":"https:\/\/centrourbano.com\/revista\/","logo":{"@type":"ImageObject","inLanguage":"es","@id":"https:\/\/centrourbano.com\/revista\/#\/schema\/logo\/image\/","url":"https:\/\/centrourbano.com\/revista\/wp-content\/uploads\/web_CU_logo-1.png","contentUrl":"https:\/\/centrourbano.com\/revista\/wp-content\/uploads\/web_CU_logo-1.png","width":350,"height":91,"caption":"Centro Urbano"},"image":{"@id":"https:\/\/centrourbano.com\/revista\/#\/schema\/logo\/image\/"},"sameAs":["https:\/\/www.facebook.com\/portalcentrourbano","https:\/\/x.com\/CentroUrbano","https:\/\/www.instagram.com\/centro_urbano\/","https:\/\/www.linkedin.com\/company\/centro-urbano\/","http:\/\/www.youtube.com\/user\/portalcentrourbano"]},{"@type":"Person","@id":"https:\/\/centrourbano.com\/revista\/#\/schema\/person\/b50192a3cd0e680841b45dc537f53970","name":"Diego Rodr\u00edguez","image":{"@type":"ImageObject","inLanguage":"es","@id":"https:\/\/secure.gravatar.com\/avatar\/d217565525df2df5d4e7265d47758506f41845ed9529510921a7625d8365789d?s=96&d=mm&r=g","url":"https:\/\/secure.gravatar.com\/avatar\/d217565525df2df5d4e7265d47758506f41845ed9529510921a7625d8365789d?s=96&d=mm&r=g","contentUrl":"https:\/\/secure.gravatar.com\/avatar\/d217565525df2df5d4e7265d47758506f41845ed9529510921a7625d8365789d?s=96&d=mm&r=g","caption":"Diego Rodr\u00edguez"},"description":"Egresado de la Facultad de Estudios Superiores Acatl\u00e1n de la carrera en Comunicaci\u00f3n, con especialidad en medios escritos. Reportero del desaparecido peri\u00f3dico Nuestro M\u00e9xico, en donde cubri\u00f3 las fuentes delegacionales y Asamblea Legislativa. Tambi\u00e9n trabaj\u00f3 en la Coordinaci\u00f3n de Comunicaci\u00f3n Social en la delegaci\u00f3n \u00c1lvaro Obreg\u00f3n. Le gusta leer novelas y cuentos.","url":"https:\/\/centrourbano.com\/revista\/author\/diegorodriguez\/"}]}},"_links":{"self":[{"href":"https:\/\/centrourbano.com\/revista\/wp-json\/wp\/v2\/posts\/66002","targetHints":{"allow":["GET"]}}],"collection":[{"href":"https:\/\/centrourbano.com\/revista\/wp-json\/wp\/v2\/posts"}],"about":[{"href":"https:\/\/centrourbano.com\/revista\/wp-json\/wp\/v2\/types\/post"}],"author":[{"embeddable":true,"href":"https:\/\/centrourbano.com\/revista\/wp-json\/wp\/v2\/users\/37"}],"replies":[{"embeddable":true,"href":"https:\/\/centrourbano.com\/revista\/wp-json\/wp\/v2\/comments?post=66002"}],"version-history":[{"count":1,"href":"https:\/\/centrourbano.com\/revista\/wp-json\/wp\/v2\/posts\/66002\/revisions"}],"predecessor-version":[{"id":66010,"href":"https:\/\/centrourbano.com\/revista\/wp-json\/wp\/v2\/posts\/66002\/revisions\/66010"}],"wp:featuredmedia":[{"embeddable":true,"href":"https:\/\/centrourbano.com\/revista\/wp-json\/wp\/v2\/media\/66009"}],"wp:attachment":[{"href":"https:\/\/centrourbano.com\/revista\/wp-json\/wp\/v2\/media?parent=66002"}],"wp:term":[{"taxonomy":"category","embeddable":true,"href":"https:\/\/centrourbano.com\/revista\/wp-json\/wp\/v2\/categories?post=66002"},{"taxonomy":"post_tag","embeddable":true,"href":"https:\/\/centrourbano.com\/revista\/wp-json\/wp\/v2\/tags?post=66002"}],"curies":[{"name":"wp","href":"https:\/\/api.w.org\/{rel}","templated":true}]}}