{"id":65920,"date":"2018-01-17T10:29:14","date_gmt":"2018-01-17T16:29:14","guid":{"rendered":"https:\/\/centrourbano.com\/?p=65920"},"modified":"2018-01-17T10:29:14","modified_gmt":"2018-01-17T16:29:14","slug":"reconstruccion-escuela-puebla","status":"publish","type":"post","link":"https:\/\/centrourbano.com\/revista\/construccion\/reconstruccion-escuela-puebla\/","title":{"rendered":"Concluyen reconstrucci\u00f3n de escuela en Puebla"},"content":{"rendered":"<p><em>El Centro Escolar Presidente L\u00e1zaro C\u00e1rdenas fue restaurado despu\u00e9s de ser demolido por las afectaciones que present\u00f3 debido al temblor<\/em><br \/>\n<!--more--><\/p>\n<p>En Puebla concluyeron con la primera fase de reconstrucci\u00f3n del Centro Escolar Presidente L\u00e1zaro C\u00e1rdenas, que fue demolido debido a los da\u00f1os que sufri\u00f3 por el sismo del 19 de septiembre.<\/p>\n<p>\u00abLa entrega de la primera etapa de reconstrucci\u00f3n de esta escuela, Presidente L\u00e1zaro C\u00e1rdenas, da inicio a la normalizaci\u00f3n de las operaciones escolares\u00bb, dijo el secretario de Educaci\u00f3n P\u00fablica federal, Otto Granados Rold\u00e1n.<\/p>\n<p>El gobernador de Puebla, Antonio Gali, destac\u00f3 que existe un gran progreso en la edificaci\u00f3n de estas instalaciones y se\u00f1al\u00f3 que los alumnos podr\u00e1n reincorporarse a clases de manera gradual.<\/p>\n<p>\u00abContinuamos con los trabajos para la reconstrucci\u00f3n, ya que este sismo nos afect\u00f3 much\u00edsimo a los mexicanos. En este proceso falta mucho por hacer, pero este es un gran primer paso\u00bb, expres\u00f3.<\/p>\n<p>Record\u00f3 que se registraron da\u00f1os en 1,614 escuelas y reconoci\u00f3 la participaci\u00f3n de la sociedad en general, de los tres niveles de gobierno y de empresas como Cemex M\u00e9xico que don\u00f3 material, as\u00ed como al Fondo de las Naciones Unidas para la infancia (Unicef) que otorga equipamiento a las instituciones.<\/p>\n<p>El subsecretario de Desarrollo Urbano y Vivienda de la Secretar\u00eda de Desarrollo Agrario, Territorial y Urbano (Sedatu), Juan Carlos Lastiri, enfatiz\u00f3 que este evento es relevante en la historia educativa porque representa el esfuerzo y la coordinaci\u00f3n de los tres \u00f3rdenes de gobierno, as\u00ed como la solidaridad de la sociedad.<\/p>\n<p>Por \u00faltimo, la secretaria de Educaci\u00f3n P\u00fablica de Puebla, Patricia V\u00e1zquez del Mercado, recalc\u00f3 la labor de los docentes que en colaboraci\u00f3n con los representantes del Sindicato Nacional de Trabajadores de la Educaci\u00f3n (SNTE) de las secciones 23 y 51, apoyaron las acciones de regreso a clases y han permitido que en la entidad el 100% de los estudiantes se encuentren en sus actividades escolares despu\u00e9s del sismo.<\/p>\n","protected":false},"excerpt":{"rendered":"<p>El Centro Escolar Presidente L\u00e1zaro C\u00e1rdenas fue restaurado despu\u00e9s de ser demolido por las afectaciones que present\u00f3 debido al temblor<\/p>\n","protected":false},"author":58,"featured_media":65924,"comment_status":"open","ping_status":"closed","sticky":false,"template":"","format":"standard","meta":{"om_disable_all_campaigns":false,"inline_featured_image":false,"_monsterinsights_skip_tracking":false,"_monsterinsights_sitenote_active":false,"_monsterinsights_sitenote_note":"","_monsterinsights_sitenote_category":0,"footnotes":""},"categories":[14],"tags":[10637,12460,12461,602,2387,11110,12338,12462],"class_list":["post-65920","post","type-post","status-publish","format-standard","has-post-thumbnail","hentry","category-construccion","tag-antonio-gali","tag-centro-escolar-presidente-lazaro-cardenas","tag-otto-granados-roldan","tag-puebla","tag-reconstruccion","tag-secretaria-de-desarrollo-agrario-territorial-y-urbano","tag-secretaria-de-educacion-publica","tag-sindicato-nacional-de-trabajadores-de-la-educacion"],"yoast_head":"<!-- This site is optimized with the Yoast SEO plugin v27.4 - https:\/\/yoast.com\/product\/yoast-seo-wordpress\/ -->\n<title>Concluyen reconstrucci\u00f3n de escuela en Puebla<\/title>\n<meta name=\"description\" content=\"En Puebla el Centro Escolar Presidente L\u00e1zaro C\u00e1rdenas fue reconstruido despu\u00e9s de ser demolido por los da\u00f1os que present\u00f3 debido al sismo\" \/>\n<meta name=\"robots\" content=\"index, follow, max-snippet:-1, max-image-preview:large, max-video-preview:-1\" \/>\n<link rel=\"canonical\" href=\"https:\/\/centrourbano.com\/revista\/construccion\/reconstruccion-escuela-puebla\/\" \/>\n<meta property=\"og:locale\" content=\"es_ES\" \/>\n<meta property=\"og:type\" content=\"article\" \/>\n<meta property=\"og:title\" content=\"Concluyen reconstrucci\u00f3n de escuela en Puebla\" \/>\n<meta property=\"og:description\" content=\"En Puebla el Centro Escolar Presidente L\u00e1zaro C\u00e1rdenas fue reconstruido despu\u00e9s de ser demolido por los da\u00f1os que present\u00f3 debido al sismo\" \/>\n<meta property=\"og:url\" content=\"https:\/\/centrourbano.com\/revista\/construccion\/reconstruccion-escuela-puebla\/\" \/>\n<meta property=\"og:site_name\" content=\"Centro Urbano\" \/>\n<meta property=\"article:publisher\" content=\"https:\/\/www.facebook.com\/portalcentrourbano\" \/>\n<meta property=\"article:published_time\" content=\"2018-01-17T16:29:14+00:00\" \/>\n<meta property=\"og:image\" content=\"https:\/\/centrourbano.com\/revista\/wp-content\/uploads\/eb03856f51bf01b293f3bc77d566d6d4_L.jpg\" \/>\n\t<meta property=\"og:image:width\" content=\"600\" \/>\n\t<meta property=\"og:image:height\" content=\"400\" \/>\n\t<meta property=\"og:image:type\" content=\"image\/jpeg\" \/>\n<meta name=\"author\" content=\"Estefan\u00eda Tinajero\" \/>\n<meta name=\"twitter:card\" content=\"summary_large_image\" \/>\n<meta name=\"twitter:creator\" content=\"@CentroUrbano\" \/>\n<meta name=\"twitter:site\" content=\"@CentroUrbano\" \/>\n<meta name=\"twitter:label1\" content=\"Escrito por\" \/>\n\t<meta name=\"twitter:data1\" content=\"Estefan\u00eda Tinajero\" \/>\n\t<meta name=\"twitter:label2\" content=\"Tiempo de lectura\" \/>\n\t<meta name=\"twitter:data2\" content=\"2 minutos\" \/>\n<script type=\"application\/ld+json\" class=\"yoast-schema-graph\">{\"@context\":\"https:\\\/\\\/schema.org\",\"@graph\":[{\"@type\":\"Article\",\"@id\":\"https:\\\/\\\/centrourbano.com\\\/revista\\\/construccion\\\/reconstruccion-escuela-puebla\\\/#article\",\"isPartOf\":{\"@id\":\"https:\\\/\\\/centrourbano.com\\\/revista\\\/construccion\\\/reconstruccion-escuela-puebla\\\/\"},\"author\":{\"name\":\"Estefan\u00eda Tinajero\",\"@id\":\"https:\\\/\\\/centrourbano.com\\\/revista\\\/#\\\/schema\\\/person\\\/06fb7b616ffe9a532503d1802d45f183\"},\"headline\":\"Concluyen reconstrucci\u00f3n de escuela en Puebla\",\"datePublished\":\"2018-01-17T16:29:14+00:00\",\"mainEntityOfPage\":{\"@id\":\"https:\\\/\\\/centrourbano.com\\\/revista\\\/construccion\\\/reconstruccion-escuela-puebla\\\/\"},\"wordCount\":346,\"commentCount\":0,\"publisher\":{\"@id\":\"https:\\\/\\\/centrourbano.com\\\/revista\\\/#organization\"},\"image\":{\"@id\":\"https:\\\/\\\/centrourbano.com\\\/revista\\\/construccion\\\/reconstruccion-escuela-puebla\\\/#primaryimage\"},\"thumbnailUrl\":\"https:\\\/\\\/centrourbano.com\\\/revista\\\/wp-content\\\/uploads\\\/eb03856f51bf01b293f3bc77d566d6d4_L.jpg\",\"keywords\":[\"Antonio Gali\",\"Centro Escolar Presidente L\u00e1zaro C\u00e1rdenas\",\"Otto Granados Rold\u00e1n\",\"Puebla\",\"reconstrucci\u00f3n\",\"Secretar\u00eda de Desarrollo Agrario Territorial y Urbano\",\"Secretar\u00eda de Educaci\u00f3n P\u00fablica\",\"Sindicato Nacional de Trabajadores de la Educaci\u00f3n\"],\"articleSection\":[\"Construcci\u00f3n\"],\"inLanguage\":\"es\",\"potentialAction\":[{\"@type\":\"CommentAction\",\"name\":\"Comment\",\"target\":[\"https:\\\/\\\/centrourbano.com\\\/revista\\\/construccion\\\/reconstruccion-escuela-puebla\\\/#respond\"]}]},{\"@type\":\"WebPage\",\"@id\":\"https:\\\/\\\/centrourbano.com\\\/revista\\\/construccion\\\/reconstruccion-escuela-puebla\\\/\",\"url\":\"https:\\\/\\\/centrourbano.com\\\/revista\\\/construccion\\\/reconstruccion-escuela-puebla\\\/\",\"name\":\"Concluyen reconstrucci\u00f3n de escuela en Puebla\",\"isPartOf\":{\"@id\":\"https:\\\/\\\/centrourbano.com\\\/revista\\\/#website\"},\"primaryImageOfPage\":{\"@id\":\"https:\\\/\\\/centrourbano.com\\\/revista\\\/construccion\\\/reconstruccion-escuela-puebla\\\/#primaryimage\"},\"image\":{\"@id\":\"https:\\\/\\\/centrourbano.com\\\/revista\\\/construccion\\\/reconstruccion-escuela-puebla\\\/#primaryimage\"},\"thumbnailUrl\":\"https:\\\/\\\/centrourbano.com\\\/revista\\\/wp-content\\\/uploads\\\/eb03856f51bf01b293f3bc77d566d6d4_L.jpg\",\"datePublished\":\"2018-01-17T16:29:14+00:00\",\"description\":\"En Puebla el Centro Escolar Presidente L\u00e1zaro C\u00e1rdenas fue reconstruido despu\u00e9s de ser demolido por los da\u00f1os que present\u00f3 debido al sismo\",\"breadcrumb\":{\"@id\":\"https:\\\/\\\/centrourbano.com\\\/revista\\\/construccion\\\/reconstruccion-escuela-puebla\\\/#breadcrumb\"},\"inLanguage\":\"es\",\"potentialAction\":[{\"@type\":\"ReadAction\",\"target\":[\"https:\\\/\\\/centrourbano.com\\\/revista\\\/construccion\\\/reconstruccion-escuela-puebla\\\/\"]}]},{\"@type\":\"ImageObject\",\"inLanguage\":\"es\",\"@id\":\"https:\\\/\\\/centrourbano.com\\\/revista\\\/construccion\\\/reconstruccion-escuela-puebla\\\/#primaryimage\",\"url\":\"https:\\\/\\\/centrourbano.com\\\/revista\\\/wp-content\\\/uploads\\\/eb03856f51bf01b293f3bc77d566d6d4_L.jpg\",\"contentUrl\":\"https:\\\/\\\/centrourbano.com\\\/revista\\\/wp-content\\\/uploads\\\/eb03856f51bf01b293f3bc77d566d6d4_L.jpg\",\"width\":600,\"height\":400,\"caption\":\"En Puebla las acciones han permitido que en la entidad el 100% de los estudiantes ya se encuentren en sus actividades escolares\"},{\"@type\":\"BreadcrumbList\",\"@id\":\"https:\\\/\\\/centrourbano.com\\\/revista\\\/construccion\\\/reconstruccion-escuela-puebla\\\/#breadcrumb\",\"itemListElement\":[{\"@type\":\"ListItem\",\"position\":1,\"name\":\"Portada\",\"item\":\"https:\\\/\\\/centrourbano.com\\\/revista\\\/\"},{\"@type\":\"ListItem\",\"position\":2,\"name\":\"Concluyen reconstrucci\u00f3n de escuela en Puebla\"}]},{\"@type\":\"WebSite\",\"@id\":\"https:\\\/\\\/centrourbano.com\\\/revista\\\/#website\",\"url\":\"https:\\\/\\\/centrourbano.com\\\/revista\\\/\",\"name\":\"Centro Urbano\",\"description\":\"Medio especializado en los sectores vivienda, inmobiliario, construcci\u00f3n, arquitectura y urbanismo.\",\"publisher\":{\"@id\":\"https:\\\/\\\/centrourbano.com\\\/revista\\\/#organization\"},\"potentialAction\":[{\"@type\":\"SearchAction\",\"target\":{\"@type\":\"EntryPoint\",\"urlTemplate\":\"https:\\\/\\\/centrourbano.com\\\/revista\\\/?s={search_term_string}\"},\"query-input\":{\"@type\":\"PropertyValueSpecification\",\"valueRequired\":true,\"valueName\":\"search_term_string\"}}],\"inLanguage\":\"es\"},{\"@type\":\"Organization\",\"@id\":\"https:\\\/\\\/centrourbano.com\\\/revista\\\/#organization\",\"name\":\"Centro Urbano\",\"url\":\"https:\\\/\\\/centrourbano.com\\\/revista\\\/\",\"logo\":{\"@type\":\"ImageObject\",\"inLanguage\":\"es\",\"@id\":\"https:\\\/\\\/centrourbano.com\\\/revista\\\/#\\\/schema\\\/logo\\\/image\\\/\",\"url\":\"https:\\\/\\\/centrourbano.com\\\/revista\\\/wp-content\\\/uploads\\\/web_CU_logo-1.png\",\"contentUrl\":\"https:\\\/\\\/centrourbano.com\\\/revista\\\/wp-content\\\/uploads\\\/web_CU_logo-1.png\",\"width\":350,\"height\":91,\"caption\":\"Centro Urbano\"},\"image\":{\"@id\":\"https:\\\/\\\/centrourbano.com\\\/revista\\\/#\\\/schema\\\/logo\\\/image\\\/\"},\"sameAs\":[\"https:\\\/\\\/www.facebook.com\\\/portalcentrourbano\",\"https:\\\/\\\/x.com\\\/CentroUrbano\",\"https:\\\/\\\/www.instagram.com\\\/centro_urbano\\\/\",\"https:\\\/\\\/www.linkedin.com\\\/company\\\/centro-urbano\\\/\",\"http:\\\/\\\/www.youtube.com\\\/user\\\/portalcentrourbano\"]},{\"@type\":\"Person\",\"@id\":\"https:\\\/\\\/centrourbano.com\\\/revista\\\/#\\\/schema\\\/person\\\/06fb7b616ffe9a532503d1802d45f183\",\"name\":\"Estefan\u00eda Tinajero\",\"image\":{\"@type\":\"ImageObject\",\"inLanguage\":\"es\",\"@id\":\"https:\\\/\\\/secure.gravatar.com\\\/avatar\\\/95fc41fe7c8f23c2faf4cd63393812a7d8257b5ddd3a652ffbd4a5c15769714f?s=96&d=mm&r=g\",\"url\":\"https:\\\/\\\/secure.gravatar.com\\\/avatar\\\/95fc41fe7c8f23c2faf4cd63393812a7d8257b5ddd3a652ffbd4a5c15769714f?s=96&d=mm&r=g\",\"contentUrl\":\"https:\\\/\\\/secure.gravatar.com\\\/avatar\\\/95fc41fe7c8f23c2faf4cd63393812a7d8257b5ddd3a652ffbd4a5c15769714f?s=96&d=mm&r=g\",\"caption\":\"Estefan\u00eda Tinajero\"},\"url\":\"https:\\\/\\\/centrourbano.com\\\/revista\\\/author\\\/estefania-tinajero\\\/\"}]}<\/script>\n<!-- \/ Yoast SEO plugin. -->","yoast_head_json":{"title":"Concluyen reconstrucci\u00f3n de escuela en Puebla","description":"En Puebla el Centro Escolar Presidente L\u00e1zaro C\u00e1rdenas fue reconstruido despu\u00e9s de ser demolido por los da\u00f1os que present\u00f3 debido al sismo","robots":{"index":"index","follow":"follow","max-snippet":"max-snippet:-1","max-image-preview":"max-image-preview:large","max-video-preview":"max-video-preview:-1"},"canonical":"https:\/\/centrourbano.com\/revista\/construccion\/reconstruccion-escuela-puebla\/","og_locale":"es_ES","og_type":"article","og_title":"Concluyen reconstrucci\u00f3n de escuela en Puebla","og_description":"En Puebla el Centro Escolar Presidente L\u00e1zaro C\u00e1rdenas fue reconstruido despu\u00e9s de ser demolido por los da\u00f1os que present\u00f3 debido al sismo","og_url":"https:\/\/centrourbano.com\/revista\/construccion\/reconstruccion-escuela-puebla\/","og_site_name":"Centro Urbano","article_publisher":"https:\/\/www.facebook.com\/portalcentrourbano","article_published_time":"2018-01-17T16:29:14+00:00","og_image":[{"width":600,"height":400,"url":"https:\/\/centrourbano.com\/revista\/wp-content\/uploads\/eb03856f51bf01b293f3bc77d566d6d4_L.jpg","type":"image\/jpeg"}],"author":"Estefan\u00eda Tinajero","twitter_card":"summary_large_image","twitter_creator":"@CentroUrbano","twitter_site":"@CentroUrbano","twitter_misc":{"Escrito por":"Estefan\u00eda Tinajero","Tiempo de lectura":"2 minutos"},"schema":{"@context":"https:\/\/schema.org","@graph":[{"@type":"Article","@id":"https:\/\/centrourbano.com\/revista\/construccion\/reconstruccion-escuela-puebla\/#article","isPartOf":{"@id":"https:\/\/centrourbano.com\/revista\/construccion\/reconstruccion-escuela-puebla\/"},"author":{"name":"Estefan\u00eda Tinajero","@id":"https:\/\/centrourbano.com\/revista\/#\/schema\/person\/06fb7b616ffe9a532503d1802d45f183"},"headline":"Concluyen reconstrucci\u00f3n de escuela en Puebla","datePublished":"2018-01-17T16:29:14+00:00","mainEntityOfPage":{"@id":"https:\/\/centrourbano.com\/revista\/construccion\/reconstruccion-escuela-puebla\/"},"wordCount":346,"commentCount":0,"publisher":{"@id":"https:\/\/centrourbano.com\/revista\/#organization"},"image":{"@id":"https:\/\/centrourbano.com\/revista\/construccion\/reconstruccion-escuela-puebla\/#primaryimage"},"thumbnailUrl":"https:\/\/centrourbano.com\/revista\/wp-content\/uploads\/eb03856f51bf01b293f3bc77d566d6d4_L.jpg","keywords":["Antonio Gali","Centro Escolar Presidente L\u00e1zaro C\u00e1rdenas","Otto Granados Rold\u00e1n","Puebla","reconstrucci\u00f3n","Secretar\u00eda de Desarrollo Agrario Territorial y Urbano","Secretar\u00eda de Educaci\u00f3n P\u00fablica","Sindicato Nacional de Trabajadores de la Educaci\u00f3n"],"articleSection":["Construcci\u00f3n"],"inLanguage":"es","potentialAction":[{"@type":"CommentAction","name":"Comment","target":["https:\/\/centrourbano.com\/revista\/construccion\/reconstruccion-escuela-puebla\/#respond"]}]},{"@type":"WebPage","@id":"https:\/\/centrourbano.com\/revista\/construccion\/reconstruccion-escuela-puebla\/","url":"https:\/\/centrourbano.com\/revista\/construccion\/reconstruccion-escuela-puebla\/","name":"Concluyen reconstrucci\u00f3n de escuela en Puebla","isPartOf":{"@id":"https:\/\/centrourbano.com\/revista\/#website"},"primaryImageOfPage":{"@id":"https:\/\/centrourbano.com\/revista\/construccion\/reconstruccion-escuela-puebla\/#primaryimage"},"image":{"@id":"https:\/\/centrourbano.com\/revista\/construccion\/reconstruccion-escuela-puebla\/#primaryimage"},"thumbnailUrl":"https:\/\/centrourbano.com\/revista\/wp-content\/uploads\/eb03856f51bf01b293f3bc77d566d6d4_L.jpg","datePublished":"2018-01-17T16:29:14+00:00","description":"En Puebla el Centro Escolar Presidente L\u00e1zaro C\u00e1rdenas fue reconstruido despu\u00e9s de ser demolido por los da\u00f1os que present\u00f3 debido al sismo","breadcrumb":{"@id":"https:\/\/centrourbano.com\/revista\/construccion\/reconstruccion-escuela-puebla\/#breadcrumb"},"inLanguage":"es","potentialAction":[{"@type":"ReadAction","target":["https:\/\/centrourbano.com\/revista\/construccion\/reconstruccion-escuela-puebla\/"]}]},{"@type":"ImageObject","inLanguage":"es","@id":"https:\/\/centrourbano.com\/revista\/construccion\/reconstruccion-escuela-puebla\/#primaryimage","url":"https:\/\/centrourbano.com\/revista\/wp-content\/uploads\/eb03856f51bf01b293f3bc77d566d6d4_L.jpg","contentUrl":"https:\/\/centrourbano.com\/revista\/wp-content\/uploads\/eb03856f51bf01b293f3bc77d566d6d4_L.jpg","width":600,"height":400,"caption":"En Puebla las acciones han permitido que en la entidad el 100% de los estudiantes ya se encuentren en sus actividades escolares"},{"@type":"BreadcrumbList","@id":"https:\/\/centrourbano.com\/revista\/construccion\/reconstruccion-escuela-puebla\/#breadcrumb","itemListElement":[{"@type":"ListItem","position":1,"name":"Portada","item":"https:\/\/centrourbano.com\/revista\/"},{"@type":"ListItem","position":2,"name":"Concluyen reconstrucci\u00f3n de escuela en Puebla"}]},{"@type":"WebSite","@id":"https:\/\/centrourbano.com\/revista\/#website","url":"https:\/\/centrourbano.com\/revista\/","name":"Centro Urbano","description":"Medio especializado en los sectores vivienda, inmobiliario, construcci\u00f3n, arquitectura y urbanismo.","publisher":{"@id":"https:\/\/centrourbano.com\/revista\/#organization"},"potentialAction":[{"@type":"SearchAction","target":{"@type":"EntryPoint","urlTemplate":"https:\/\/centrourbano.com\/revista\/?s={search_term_string}"},"query-input":{"@type":"PropertyValueSpecification","valueRequired":true,"valueName":"search_term_string"}}],"inLanguage":"es"},{"@type":"Organization","@id":"https:\/\/centrourbano.com\/revista\/#organization","name":"Centro Urbano","url":"https:\/\/centrourbano.com\/revista\/","logo":{"@type":"ImageObject","inLanguage":"es","@id":"https:\/\/centrourbano.com\/revista\/#\/schema\/logo\/image\/","url":"https:\/\/centrourbano.com\/revista\/wp-content\/uploads\/web_CU_logo-1.png","contentUrl":"https:\/\/centrourbano.com\/revista\/wp-content\/uploads\/web_CU_logo-1.png","width":350,"height":91,"caption":"Centro Urbano"},"image":{"@id":"https:\/\/centrourbano.com\/revista\/#\/schema\/logo\/image\/"},"sameAs":["https:\/\/www.facebook.com\/portalcentrourbano","https:\/\/x.com\/CentroUrbano","https:\/\/www.instagram.com\/centro_urbano\/","https:\/\/www.linkedin.com\/company\/centro-urbano\/","http:\/\/www.youtube.com\/user\/portalcentrourbano"]},{"@type":"Person","@id":"https:\/\/centrourbano.com\/revista\/#\/schema\/person\/06fb7b616ffe9a532503d1802d45f183","name":"Estefan\u00eda Tinajero","image":{"@type":"ImageObject","inLanguage":"es","@id":"https:\/\/secure.gravatar.com\/avatar\/95fc41fe7c8f23c2faf4cd63393812a7d8257b5ddd3a652ffbd4a5c15769714f?s=96&d=mm&r=g","url":"https:\/\/secure.gravatar.com\/avatar\/95fc41fe7c8f23c2faf4cd63393812a7d8257b5ddd3a652ffbd4a5c15769714f?s=96&d=mm&r=g","contentUrl":"https:\/\/secure.gravatar.com\/avatar\/95fc41fe7c8f23c2faf4cd63393812a7d8257b5ddd3a652ffbd4a5c15769714f?s=96&d=mm&r=g","caption":"Estefan\u00eda Tinajero"},"url":"https:\/\/centrourbano.com\/revista\/author\/estefania-tinajero\/"}]}},"_links":{"self":[{"href":"https:\/\/centrourbano.com\/revista\/wp-json\/wp\/v2\/posts\/65920","targetHints":{"allow":["GET"]}}],"collection":[{"href":"https:\/\/centrourbano.com\/revista\/wp-json\/wp\/v2\/posts"}],"about":[{"href":"https:\/\/centrourbano.com\/revista\/wp-json\/wp\/v2\/types\/post"}],"author":[{"embeddable":true,"href":"https:\/\/centrourbano.com\/revista\/wp-json\/wp\/v2\/users\/58"}],"replies":[{"embeddable":true,"href":"https:\/\/centrourbano.com\/revista\/wp-json\/wp\/v2\/comments?post=65920"}],"version-history":[{"count":11,"href":"https:\/\/centrourbano.com\/revista\/wp-json\/wp\/v2\/posts\/65920\/revisions"}],"predecessor-version":[{"id":65935,"href":"https:\/\/centrourbano.com\/revista\/wp-json\/wp\/v2\/posts\/65920\/revisions\/65935"}],"wp:featuredmedia":[{"embeddable":true,"href":"https:\/\/centrourbano.com\/revista\/wp-json\/wp\/v2\/media\/65924"}],"wp:attachment":[{"href":"https:\/\/centrourbano.com\/revista\/wp-json\/wp\/v2\/media?parent=65920"}],"wp:term":[{"taxonomy":"category","embeddable":true,"href":"https:\/\/centrourbano.com\/revista\/wp-json\/wp\/v2\/categories?post=65920"},{"taxonomy":"post_tag","embeddable":true,"href":"https:\/\/centrourbano.com\/revista\/wp-json\/wp\/v2\/tags?post=65920"}],"curies":[{"name":"wp","href":"https:\/\/api.w.org\/{rel}","templated":true}]}}