{"id":65871,"date":"2018-01-16T11:43:39","date_gmt":"2018-01-16T17:43:39","guid":{"rendered":"https:\/\/centrourbano.com\/?p=65871"},"modified":"2018-01-16T11:43:39","modified_gmt":"2018-01-16T17:43:39","slug":"inauguran-tunel-vehicular-estacion-basilica-l3-zapopan","status":"publish","type":"post","link":"https:\/\/centrourbano.com\/revista\/construccion\/inauguran-tunel-vehicular-estacion-basilica-l3-zapopan\/","title":{"rendered":"Inauguran t\u00fanel vehicular Estaci\u00f3n Bas\u00edlica L3 en Zapopan"},"content":{"rendered":"<p><em>El gobierno de la Rep\u00fablica mantiene una inversi\u00f3n de 50,000 mdp para impulsar diversas obras en materia de comunicaciones y transportes <\/em><!--more--><\/p>\n<p>Con una inversi\u00f3n de 270 millones de pesos, el gobierno federal y la administraci\u00f3n de Jalisco pusieron en marcha el t\u00fanel vehicular Estaci\u00f3n Bas\u00edlica L3, obra que forma parte de los trabajos de L\u00ednea 3 del Tren Ligero de Guadalajara. <\/p>\n<p>Con esta obra, dijo Arist\u00f3teles Sandoval, se beneficiar\u00e1 la circulaci\u00f3n de la zona centro de Zapopan. Dijo que permitir\u00e1 dar fluidez al dar paso a m\u00e1s de 1,500 autom\u00f3viles por hora. <\/p>\n<p>El t\u00fanel de 800 metros, dijo el mandatario, cuenta con dos carriles por sentido para circular por las avenidas Laureles y \u00c1vila Camacho; adem\u00e1s de un carril para circular por las avenidas Laureles -y Am\u00e9ricas.<\/p>\n<p>Cabe recordar que, a la fecha, el gobierno de la Rep\u00fablica mantiene 50,000 millones de pesos en inversi\u00f3n en diversas obras de comunicaci\u00f3n y transporte en el estado, entre las que se contempla el Macrolibramiento de Guadalajara. <\/p>\n","protected":false},"excerpt":{"rendered":"<p>El gobierno de la Rep\u00fablica mantiene una inversi\u00f3n de 50,000 mdp para impulsar diversas obras en materia de comunicaciones y transportes<\/p>\n","protected":false},"author":77,"featured_media":65872,"comment_status":"open","ping_status":"closed","sticky":false,"template":"","format":"standard","meta":{"inline_featured_image":false,"footnotes":""},"categories":[14],"tags":[1618,12452,48,29,12453,2119],"class_list":["post-65871","post","type-post","status-publish","format-standard","has-post-thumbnail","hentry","category-construccion","tag-aristoteles-sandoval","tag-comunicaciones-y-transportes","tag-jalisco","tag-sct","tag-tunel-vehicular","tag-zapopan"],"yoast_head":"<!-- This site is optimized with the Yoast SEO plugin v28.4 - https:\/\/yoast.com\/product\/yoast-seo-wordpress\/ -->\n<title>Inauguran t\u00fanel vehicular Estaci\u00f3n Bas\u00edlica L3 en Zapopan -<\/title>\n<meta name=\"description\" content=\"Con una inversi\u00f3n de 270 millones de pesos, el gobierno federal y la administraci\u00f3n de Jalisco pusieron en marcha el t\u00fanel vehicular Estaci\u00f3n Bas\u00edlica L3, obra que forma parte de los trabajos de L\u00ednea 3 del Tren Ligero de Guadalajara.\" \/>\n<meta name=\"robots\" content=\"index, follow, max-snippet:-1, max-image-preview:large, max-video-preview:-1\" \/>\n<link rel=\"canonical\" href=\"https:\/\/centrourbano.com\/revista\/construccion\/inauguran-tunel-vehicular-estacion-basilica-l3-zapopan\/\" \/>\n<meta property=\"og:locale\" content=\"es_ES\" \/>\n<meta property=\"og:type\" content=\"article\" \/>\n<meta property=\"og:title\" content=\"Inauguran t\u00fanel vehicular Estaci\u00f3n Bas\u00edlica L3 en Zapopan -\" \/>\n<meta property=\"og:description\" content=\"Con una inversi\u00f3n de 270 millones de pesos, el gobierno federal y la administraci\u00f3n de Jalisco pusieron en marcha el t\u00fanel vehicular Estaci\u00f3n Bas\u00edlica L3, obra que forma parte de los trabajos de L\u00ednea 3 del Tren Ligero de Guadalajara.\" \/>\n<meta property=\"og:url\" content=\"https:\/\/centrourbano.com\/revista\/construccion\/inauguran-tunel-vehicular-estacion-basilica-l3-zapopan\/\" \/>\n<meta property=\"og:site_name\" content=\"Centro Urbano\" \/>\n<meta property=\"article:publisher\" content=\"https:\/\/www.facebook.com\/portalcentrourbano\" \/>\n<meta property=\"article:published_time\" content=\"2018-01-16T17:43:39+00:00\" \/>\n<meta property=\"og:image\" content=\"https:\/\/centrourbano.com\/revista\/wp-content\/uploads\/Zapopan_Aristoteles_T\u00fanel-Vehicular.jpeg\" \/>\n\t<meta property=\"og:image:width\" content=\"800\" \/>\n\t<meta property=\"og:image:height\" content=\"532\" \/>\n\t<meta property=\"og:image:type\" content=\"image\/jpeg\" \/>\n<meta name=\"author\" content=\"G4A\" \/>\n<meta name=\"twitter:card\" content=\"summary_large_image\" \/>\n<meta name=\"twitter:creator\" content=\"@CentroUrbano\" \/>\n<meta name=\"twitter:site\" content=\"@CentroUrbano\" \/>\n<meta name=\"twitter:label1\" content=\"Escrito por\" \/>\n\t<meta name=\"twitter:data1\" content=\"G4A\" \/>\n\t<meta name=\"twitter:label2\" content=\"Tiempo de lectura\" \/>\n\t<meta name=\"twitter:data2\" content=\"1 minuto\" \/>\n<script type=\"application\/ld+json\" class=\"yoast-schema-graph\">{\"@context\":\"https:\\\/\\\/schema.org\",\"@graph\":[{\"@type\":\"Article\",\"@id\":\"https:\\\/\\\/centrourbano.com\\\/revista\\\/construccion\\\/inauguran-tunel-vehicular-estacion-basilica-l3-zapopan\\\/#article\",\"isPartOf\":{\"@id\":\"https:\\\/\\\/centrourbano.com\\\/revista\\\/construccion\\\/inauguran-tunel-vehicular-estacion-basilica-l3-zapopan\\\/\"},\"author\":{\"name\":\"G4A\",\"@id\":\"https:\\\/\\\/centrourbano.com\\\/revista\\\/#\\\/schema\\\/person\\\/370fa0ba2d8dd5bde3fdb8b62ad360aa\"},\"headline\":\"Inauguran t\u00fanel vehicular Estaci\u00f3n Bas\u00edlica L3 en Zapopan\",\"datePublished\":\"2018-01-16T17:43:39+00:00\",\"mainEntityOfPage\":{\"@id\":\"https:\\\/\\\/centrourbano.com\\\/revista\\\/construccion\\\/inauguran-tunel-vehicular-estacion-basilica-l3-zapopan\\\/\"},\"wordCount\":187,\"commentCount\":0,\"publisher\":{\"@id\":\"https:\\\/\\\/centrourbano.com\\\/revista\\\/#organization\"},\"image\":{\"@id\":\"https:\\\/\\\/centrourbano.com\\\/revista\\\/construccion\\\/inauguran-tunel-vehicular-estacion-basilica-l3-zapopan\\\/#primaryimage\"},\"thumbnailUrl\":\"https:\\\/\\\/centrourbano.com\\\/revista\\\/wp-content\\\/uploads\\\/Zapopan_Aristoteles_T\u00fanel-Vehicular.jpeg\",\"keywords\":[\"Aristoteles Sandoval\",\"Comunicaciones y Transportes\",\"Jalisco\",\"SCT\",\"t\u00fanel vehicular\",\"Zapopan\"],\"articleSection\":[\"Construcci\u00f3n\"],\"inLanguage\":\"es\"},{\"@type\":\"WebPage\",\"@id\":\"https:\\\/\\\/centrourbano.com\\\/revista\\\/construccion\\\/inauguran-tunel-vehicular-estacion-basilica-l3-zapopan\\\/\",\"url\":\"https:\\\/\\\/centrourbano.com\\\/revista\\\/construccion\\\/inauguran-tunel-vehicular-estacion-basilica-l3-zapopan\\\/\",\"name\":\"Inauguran t\u00fanel vehicular Estaci\u00f3n Bas\u00edlica L3 en Zapopan -\",\"isPartOf\":{\"@id\":\"https:\\\/\\\/centrourbano.com\\\/revista\\\/#website\"},\"primaryImageOfPage\":{\"@id\":\"https:\\\/\\\/centrourbano.com\\\/revista\\\/construccion\\\/inauguran-tunel-vehicular-estacion-basilica-l3-zapopan\\\/#primaryimage\"},\"image\":{\"@id\":\"https:\\\/\\\/centrourbano.com\\\/revista\\\/construccion\\\/inauguran-tunel-vehicular-estacion-basilica-l3-zapopan\\\/#primaryimage\"},\"thumbnailUrl\":\"https:\\\/\\\/centrourbano.com\\\/revista\\\/wp-content\\\/uploads\\\/Zapopan_Aristoteles_T\u00fanel-Vehicular.jpeg\",\"datePublished\":\"2018-01-16T17:43:39+00:00\",\"description\":\"Con una inversi\u00f3n de 270 millones de pesos, el gobierno federal y la administraci\u00f3n de Jalisco pusieron en marcha el t\u00fanel vehicular Estaci\u00f3n Bas\u00edlica L3, obra que forma parte de los trabajos de L\u00ednea 3 del Tren Ligero de Guadalajara.\",\"breadcrumb\":{\"@id\":\"https:\\\/\\\/centrourbano.com\\\/revista\\\/construccion\\\/inauguran-tunel-vehicular-estacion-basilica-l3-zapopan\\\/#breadcrumb\"},\"inLanguage\":\"es\",\"potentialAction\":[{\"@type\":\"ReadAction\",\"target\":[\"https:\\\/\\\/centrourbano.com\\\/revista\\\/construccion\\\/inauguran-tunel-vehicular-estacion-basilica-l3-zapopan\\\/\"]}]},{\"@type\":\"ImageObject\",\"inLanguage\":\"es\",\"@id\":\"https:\\\/\\\/centrourbano.com\\\/revista\\\/construccion\\\/inauguran-tunel-vehicular-estacion-basilica-l3-zapopan\\\/#primaryimage\",\"url\":\"https:\\\/\\\/centrourbano.com\\\/revista\\\/wp-content\\\/uploads\\\/Zapopan_Aristoteles_T\u00fanel-Vehicular.jpeg\",\"contentUrl\":\"https:\\\/\\\/centrourbano.com\\\/revista\\\/wp-content\\\/uploads\\\/Zapopan_Aristoteles_T\u00fanel-Vehicular.jpeg\",\"width\":800,\"height\":532,\"caption\":\"El gobierno de la Rep\u00fablica mantiene una inversi\u00f3n de 50,000 mdp para impulsar diversas obras en materia de comunicaciones y transportes\"},{\"@type\":\"BreadcrumbList\",\"@id\":\"https:\\\/\\\/centrourbano.com\\\/revista\\\/construccion\\\/inauguran-tunel-vehicular-estacion-basilica-l3-zapopan\\\/#breadcrumb\",\"itemListElement\":[{\"@type\":\"ListItem\",\"position\":1,\"name\":\"Portada\",\"item\":\"https:\\\/\\\/centrourbano.com\\\/revista\\\/\"},{\"@type\":\"ListItem\",\"position\":2,\"name\":\"Inauguran t\u00fanel vehicular Estaci\u00f3n Bas\u00edlica L3 en Zapopan\"}]},{\"@type\":\"WebSite\",\"@id\":\"https:\\\/\\\/centrourbano.com\\\/revista\\\/#website\",\"url\":\"https:\\\/\\\/centrourbano.com\\\/revista\\\/\",\"name\":\"Centro Urbano\",\"description\":\"Medio especializado en los sectores vivienda, inmobiliario, construcci\u00f3n, arquitectura y urbanismo.\",\"publisher\":{\"@id\":\"https:\\\/\\\/centrourbano.com\\\/revista\\\/#organization\"},\"potentialAction\":[{\"@type\":\"SearchAction\",\"target\":{\"@type\":\"EntryPoint\",\"urlTemplate\":\"https:\\\/\\\/centrourbano.com\\\/revista\\\/?s={search_term_string}\"},\"query-input\":{\"@type\":\"PropertyValueSpecification\",\"valueRequired\":true,\"valueName\":\"search_term_string\"}}],\"inLanguage\":\"es\"},{\"@type\":\"Organization\",\"@id\":\"https:\\\/\\\/centrourbano.com\\\/revista\\\/#organization\",\"name\":\"Centro Urbano\",\"url\":\"https:\\\/\\\/centrourbano.com\\\/revista\\\/\",\"logo\":{\"@type\":\"ImageObject\",\"inLanguage\":\"es\",\"@id\":\"https:\\\/\\\/centrourbano.com\\\/revista\\\/#\\\/schema\\\/logo\\\/image\\\/\",\"url\":\"https:\\\/\\\/centrourbano.com\\\/revista\\\/wp-content\\\/uploads\\\/web_CU_logo-1.png\",\"contentUrl\":\"https:\\\/\\\/centrourbano.com\\\/revista\\\/wp-content\\\/uploads\\\/web_CU_logo-1.png\",\"width\":350,\"height\":91,\"caption\":\"Centro Urbano\"},\"image\":{\"@id\":\"https:\\\/\\\/centrourbano.com\\\/revista\\\/#\\\/schema\\\/logo\\\/image\\\/\"},\"sameAs\":[\"https:\\\/\\\/www.facebook.com\\\/portalcentrourbano\",\"https:\\\/\\\/x.com\\\/CentroUrbano\",\"https:\\\/\\\/www.instagram.com\\\/centro_urbano\\\/\",\"https:\\\/\\\/www.linkedin.com\\\/company\\\/centro-urbano\\\/\",\"http:\\\/\\\/www.youtube.com\\\/user\\\/portalcentrourbano\"]},{\"@type\":\"Person\",\"@id\":\"https:\\\/\\\/centrourbano.com\\\/revista\\\/#\\\/schema\\\/person\\\/370fa0ba2d8dd5bde3fdb8b62ad360aa\",\"name\":\"G4A\",\"image\":{\"@type\":\"ImageObject\",\"inLanguage\":\"es\",\"@id\":\"https:\\\/\\\/secure.gravatar.com\\\/avatar\\\/932a97121b13d5de5bbd8193c6c83d3b92c9eda0f39623607d4280e7a5778d97?s=96&d=mm&r=g\",\"url\":\"https:\\\/\\\/secure.gravatar.com\\\/avatar\\\/932a97121b13d5de5bbd8193c6c83d3b92c9eda0f39623607d4280e7a5778d97?s=96&d=mm&r=g\",\"contentUrl\":\"https:\\\/\\\/secure.gravatar.com\\\/avatar\\\/932a97121b13d5de5bbd8193c6c83d3b92c9eda0f39623607d4280e7a5778d97?s=96&d=mm&r=g\",\"caption\":\"G4A\"},\"url\":\"https:\\\/\\\/centrourbano.com\\\/revista\\\/author\\\/admin-g4a\\\/\"}]}<\/script>\n<!-- \/ Yoast SEO plugin. -->","yoast_head_json":{"title":"Inauguran t\u00fanel vehicular Estaci\u00f3n Bas\u00edlica L3 en Zapopan -","description":"Con una inversi\u00f3n de 270 millones de pesos, el gobierno federal y la administraci\u00f3n de Jalisco pusieron en marcha el t\u00fanel vehicular Estaci\u00f3n Bas\u00edlica L3, obra que forma parte de los trabajos de L\u00ednea 3 del Tren Ligero de Guadalajara.","robots":{"index":"index","follow":"follow","max-snippet":"max-snippet:-1","max-image-preview":"max-image-preview:large","max-video-preview":"max-video-preview:-1"},"canonical":"https:\/\/centrourbano.com\/revista\/construccion\/inauguran-tunel-vehicular-estacion-basilica-l3-zapopan\/","og_locale":"es_ES","og_type":"article","og_title":"Inauguran t\u00fanel vehicular Estaci\u00f3n Bas\u00edlica L3 en Zapopan -","og_description":"Con una inversi\u00f3n de 270 millones de pesos, el gobierno federal y la administraci\u00f3n de Jalisco pusieron en marcha el t\u00fanel vehicular Estaci\u00f3n Bas\u00edlica L3, obra que forma parte de los trabajos de L\u00ednea 3 del Tren Ligero de Guadalajara.","og_url":"https:\/\/centrourbano.com\/revista\/construccion\/inauguran-tunel-vehicular-estacion-basilica-l3-zapopan\/","og_site_name":"Centro Urbano","article_publisher":"https:\/\/www.facebook.com\/portalcentrourbano","article_published_time":"2018-01-16T17:43:39+00:00","og_image":[{"width":800,"height":532,"url":"https:\/\/centrourbano.com\/revista\/wp-content\/uploads\/Zapopan_Aristoteles_T\u00fanel-Vehicular.jpeg","type":"image\/jpeg"}],"author":"G4A","twitter_card":"summary_large_image","twitter_creator":"@CentroUrbano","twitter_site":"@CentroUrbano","twitter_misc":{"Escrito por":"G4A","Tiempo de lectura":"1 minuto"},"schema":{"@context":"https:\/\/schema.org","@graph":[{"@type":"Article","@id":"https:\/\/centrourbano.com\/revista\/construccion\/inauguran-tunel-vehicular-estacion-basilica-l3-zapopan\/#article","isPartOf":{"@id":"https:\/\/centrourbano.com\/revista\/construccion\/inauguran-tunel-vehicular-estacion-basilica-l3-zapopan\/"},"author":{"name":"G4A","@id":"https:\/\/centrourbano.com\/revista\/#\/schema\/person\/370fa0ba2d8dd5bde3fdb8b62ad360aa"},"headline":"Inauguran t\u00fanel vehicular Estaci\u00f3n Bas\u00edlica L3 en Zapopan","datePublished":"2018-01-16T17:43:39+00:00","mainEntityOfPage":{"@id":"https:\/\/centrourbano.com\/revista\/construccion\/inauguran-tunel-vehicular-estacion-basilica-l3-zapopan\/"},"wordCount":187,"commentCount":0,"publisher":{"@id":"https:\/\/centrourbano.com\/revista\/#organization"},"image":{"@id":"https:\/\/centrourbano.com\/revista\/construccion\/inauguran-tunel-vehicular-estacion-basilica-l3-zapopan\/#primaryimage"},"thumbnailUrl":"https:\/\/centrourbano.com\/revista\/wp-content\/uploads\/Zapopan_Aristoteles_T\u00fanel-Vehicular.jpeg","keywords":["Aristoteles Sandoval","Comunicaciones y Transportes","Jalisco","SCT","t\u00fanel vehicular","Zapopan"],"articleSection":["Construcci\u00f3n"],"inLanguage":"es"},{"@type":"WebPage","@id":"https:\/\/centrourbano.com\/revista\/construccion\/inauguran-tunel-vehicular-estacion-basilica-l3-zapopan\/","url":"https:\/\/centrourbano.com\/revista\/construccion\/inauguran-tunel-vehicular-estacion-basilica-l3-zapopan\/","name":"Inauguran t\u00fanel vehicular Estaci\u00f3n Bas\u00edlica L3 en Zapopan -","isPartOf":{"@id":"https:\/\/centrourbano.com\/revista\/#website"},"primaryImageOfPage":{"@id":"https:\/\/centrourbano.com\/revista\/construccion\/inauguran-tunel-vehicular-estacion-basilica-l3-zapopan\/#primaryimage"},"image":{"@id":"https:\/\/centrourbano.com\/revista\/construccion\/inauguran-tunel-vehicular-estacion-basilica-l3-zapopan\/#primaryimage"},"thumbnailUrl":"https:\/\/centrourbano.com\/revista\/wp-content\/uploads\/Zapopan_Aristoteles_T\u00fanel-Vehicular.jpeg","datePublished":"2018-01-16T17:43:39+00:00","description":"Con una inversi\u00f3n de 270 millones de pesos, el gobierno federal y la administraci\u00f3n de Jalisco pusieron en marcha el t\u00fanel vehicular Estaci\u00f3n Bas\u00edlica L3, obra que forma parte de los trabajos de L\u00ednea 3 del Tren Ligero de Guadalajara.","breadcrumb":{"@id":"https:\/\/centrourbano.com\/revista\/construccion\/inauguran-tunel-vehicular-estacion-basilica-l3-zapopan\/#breadcrumb"},"inLanguage":"es","potentialAction":[{"@type":"ReadAction","target":["https:\/\/centrourbano.com\/revista\/construccion\/inauguran-tunel-vehicular-estacion-basilica-l3-zapopan\/"]}]},{"@type":"ImageObject","inLanguage":"es","@id":"https:\/\/centrourbano.com\/revista\/construccion\/inauguran-tunel-vehicular-estacion-basilica-l3-zapopan\/#primaryimage","url":"https:\/\/centrourbano.com\/revista\/wp-content\/uploads\/Zapopan_Aristoteles_T\u00fanel-Vehicular.jpeg","contentUrl":"https:\/\/centrourbano.com\/revista\/wp-content\/uploads\/Zapopan_Aristoteles_T\u00fanel-Vehicular.jpeg","width":800,"height":532,"caption":"El gobierno de la Rep\u00fablica mantiene una inversi\u00f3n de 50,000 mdp para impulsar diversas obras en materia de comunicaciones y transportes"},{"@type":"BreadcrumbList","@id":"https:\/\/centrourbano.com\/revista\/construccion\/inauguran-tunel-vehicular-estacion-basilica-l3-zapopan\/#breadcrumb","itemListElement":[{"@type":"ListItem","position":1,"name":"Portada","item":"https:\/\/centrourbano.com\/revista\/"},{"@type":"ListItem","position":2,"name":"Inauguran t\u00fanel vehicular Estaci\u00f3n Bas\u00edlica L3 en Zapopan"}]},{"@type":"WebSite","@id":"https:\/\/centrourbano.com\/revista\/#website","url":"https:\/\/centrourbano.com\/revista\/","name":"Centro Urbano","description":"Medio especializado en los sectores vivienda, inmobiliario, construcci\u00f3n, arquitectura y urbanismo.","publisher":{"@id":"https:\/\/centrourbano.com\/revista\/#organization"},"potentialAction":[{"@type":"SearchAction","target":{"@type":"EntryPoint","urlTemplate":"https:\/\/centrourbano.com\/revista\/?s={search_term_string}"},"query-input":{"@type":"PropertyValueSpecification","valueRequired":true,"valueName":"search_term_string"}}],"inLanguage":"es"},{"@type":"Organization","@id":"https:\/\/centrourbano.com\/revista\/#organization","name":"Centro Urbano","url":"https:\/\/centrourbano.com\/revista\/","logo":{"@type":"ImageObject","inLanguage":"es","@id":"https:\/\/centrourbano.com\/revista\/#\/schema\/logo\/image\/","url":"https:\/\/centrourbano.com\/revista\/wp-content\/uploads\/web_CU_logo-1.png","contentUrl":"https:\/\/centrourbano.com\/revista\/wp-content\/uploads\/web_CU_logo-1.png","width":350,"height":91,"caption":"Centro Urbano"},"image":{"@id":"https:\/\/centrourbano.com\/revista\/#\/schema\/logo\/image\/"},"sameAs":["https:\/\/www.facebook.com\/portalcentrourbano","https:\/\/x.com\/CentroUrbano","https:\/\/www.instagram.com\/centro_urbano\/","https:\/\/www.linkedin.com\/company\/centro-urbano\/","http:\/\/www.youtube.com\/user\/portalcentrourbano"]},{"@type":"Person","@id":"https:\/\/centrourbano.com\/revista\/#\/schema\/person\/370fa0ba2d8dd5bde3fdb8b62ad360aa","name":"G4A","image":{"@type":"ImageObject","inLanguage":"es","@id":"https:\/\/secure.gravatar.com\/avatar\/932a97121b13d5de5bbd8193c6c83d3b92c9eda0f39623607d4280e7a5778d97?s=96&d=mm&r=g","url":"https:\/\/secure.gravatar.com\/avatar\/932a97121b13d5de5bbd8193c6c83d3b92c9eda0f39623607d4280e7a5778d97?s=96&d=mm&r=g","contentUrl":"https:\/\/secure.gravatar.com\/avatar\/932a97121b13d5de5bbd8193c6c83d3b92c9eda0f39623607d4280e7a5778d97?s=96&d=mm&r=g","caption":"G4A"},"url":"https:\/\/centrourbano.com\/revista\/author\/admin-g4a\/"}]}},"_links":{"self":[{"href":"https:\/\/centrourbano.com\/revista\/wp-json\/wp\/v2\/posts\/65871","targetHints":{"allow":["GET"]}}],"collection":[{"href":"https:\/\/centrourbano.com\/revista\/wp-json\/wp\/v2\/posts"}],"about":[{"href":"https:\/\/centrourbano.com\/revista\/wp-json\/wp\/v2\/types\/post"}],"author":[{"embeddable":true,"href":"https:\/\/centrourbano.com\/revista\/wp-json\/wp\/v2\/users\/77"}],"replies":[{"embeddable":true,"href":"https:\/\/centrourbano.com\/revista\/wp-json\/wp\/v2\/comments?post=65871"}],"version-history":[{"count":1,"href":"https:\/\/centrourbano.com\/revista\/wp-json\/wp\/v2\/posts\/65871\/revisions"}],"predecessor-version":[{"id":65873,"href":"https:\/\/centrourbano.com\/revista\/wp-json\/wp\/v2\/posts\/65871\/revisions\/65873"}],"wp:featuredmedia":[{"embeddable":true,"href":"https:\/\/centrourbano.com\/revista\/wp-json\/wp\/v2\/media\/65872"}],"wp:attachment":[{"href":"https:\/\/centrourbano.com\/revista\/wp-json\/wp\/v2\/media?parent=65871"}],"wp:term":[{"taxonomy":"category","embeddable":true,"href":"https:\/\/centrourbano.com\/revista\/wp-json\/wp\/v2\/categories?post=65871"},{"taxonomy":"post_tag","embeddable":true,"href":"https:\/\/centrourbano.com\/revista\/wp-json\/wp\/v2\/tags?post=65871"}],"curies":[{"name":"wp","href":"https:\/\/api.w.org\/{rel}","templated":true}]}}