{"id":65830,"date":"2018-01-15T13:04:23","date_gmt":"2018-01-15T19:04:23","guid":{"rendered":"https:\/\/centrourbano.com\/?p=65830"},"modified":"2018-01-15T13:18:53","modified_gmt":"2018-01-15T19:18:53","slug":"merida-alista-proyeccion-arquitectonica-del-conjunto-cultural-palacio-canton","status":"publish","type":"post","link":"https:\/\/centrourbano.com\/revista\/arquitectura-2\/merida-alista-proyeccion-arquitectonica-del-conjunto-cultural-palacio-canton\/","title":{"rendered":"M\u00e9rida alista proyecci\u00f3n arquitect\u00f3nica del Conjunto Cultural Palacio Cant\u00f3n"},"content":{"rendered":"<p><em>La obra consiste en la adecuaci\u00f3n y remodelaci\u00f3n del edificio contiguo al Museo Regional de Antropolog\u00eda, sobre el Paseo Montejo, y su integraci\u00f3n a nivel de fachadas, \u00e1reas verdes e imagen urbana<!--more--><\/em><\/p>\n<p>Este a\u00f1o dar\u00e1n inicio los trabajos\u00a0de ampliaci\u00f3n del Museo Regional de Antropolog\u00eda, Palacio Cant\u00f3n, obra que,\u00a0mediante la integraci\u00f3n de dos inmuebles m\u00e1s, conformar\u00e1 un nuevo conjunto cultural en el ic\u00f3nico Paseo Montejo de la ciudad de M\u00e9rida, Yucat\u00e1n.<\/p>\n<p>Para\u00a0formalizar el trabajo encaminado a la proyecci\u00f3n arquitect\u00f3nica del Conjunto Cultural Palacio Cant\u00f3n,\u00a0Diego Prieto Hern\u00e1ndez, director general del Instituto Nacional de Antropolog\u00eda e Historia (INAH), y el rector de la Universidad Aut\u00f3noma de Yucat\u00e1n, Jos\u00e9 de Jes\u00fas Williams, firmaron el 4to Anexo de Ejecuci\u00f3n del Convenio Marco de Colaboraci\u00f3n Cultural INAH-UADY.<\/p>\n<p>La obra consiste en la adecuaci\u00f3n y remodelaci\u00f3n del edificio contiguo al recinto muse\u00edstico, sobre el Paseo Montejo, y su integraci\u00f3n a nivel de fachadas, \u00e1reas verdes e imagen urbana; as\u00ed como un proyecto arquitect\u00f3nico para un inmueble ubicado en la calle 58.<\/p>\n<p>Cabe destacar que la\u00a0participaci\u00f3n de la Facultad de Arquitectura de la UADY para el desarrollo y ejecuci\u00f3n de este proyecto, permite un intercambio entre instituciones p\u00fablicas que trabajan por el patrimonio y la cultura del estado. Adem\u00e1s, la inclusi\u00f3n de especialistas de la FAUADY permitir\u00e1 la intervenci\u00f3n de estudiantes como complemento de su formaci\u00f3n profesional.<\/p>\n<p>Para el desarrollo de la obra, el museo y la universidad asignar\u00e1n personal especializado, y el INAH tendr\u00e1 una inversi\u00f3n de cerca de 2 millones de pesos para que, a trav\u00e9s de la Agencia de Proyectos CAHAD, se dise\u00f1e y supervise el proyecto ejecutivo; punto de partida para la realizaci\u00f3n de la obra.<\/p>\n<p>Trasciende que los inmuebles a integrarse en el conjunto fueron adquiridos por el INAH en 2014, a trav\u00e9s del Fideicomiso para el Fomento y la Conservaci\u00f3n del Patrimonio Cultural Antropol\u00f3gico, Arqueol\u00f3gico e Hist\u00f3rico de M\u00e9xico (Fideinah), por un monto de\u00a021 millones 792,371 pesos.<\/p>\n<p>Con aproximadamente 1,700 m2 de construcci\u00f3n, gran parte del espacio servir\u00e1 para el resguardo del vasto acervo del Palacio Cant\u00f3n, compuesto por cerca de 19,500 objetos, poniendo especial empe\u00f1o en la \u00f3ptima conservaci\u00f3n del patrimonio cultural en condiciones de primer nivel, lo cual tambi\u00e9n facilitar\u00e1 la consulta especializada de los acervos p\u00fablicos. Adem\u00e1s, se habilitar\u00e1n \u00e1reas adecuadas para los departamentos de reciente creaci\u00f3n en el museo: Conservaci\u00f3n-restauraci\u00f3n y Curadur\u00eda e Investigaci\u00f3n. Asimismo, se contar\u00e1 con lugares abiertos al p\u00fablico, dedicados a la difusi\u00f3n y exposici\u00f3n del patrimonio, sumando opciones a la agenda disponible en la ciudad.<\/p>\n<p>En el nuevo conjunto cultural se podr\u00e1n socializar las tareas sustantivas del INAH: la conservaci\u00f3n, investigaci\u00f3n y difusi\u00f3n del rico patrimonio cultural de la regi\u00f3n; y contar con un espacio abierto al p\u00fablico, amable y participativo para el consumo cultural. El dise\u00f1o adem\u00e1s buscar\u00e1 ser funcional y contempor\u00e1neo; un centro atemporal, sustentable e inteligente que tome en consideraci\u00f3n las caracter\u00edsticas clim\u00e1ticas de la regi\u00f3n, sus materiales constructivos y la imagen urbana de Paseo Montejo.<\/p>\n<p>&nbsp;<\/p>\n","protected":false},"excerpt":{"rendered":"<p>La obra consiste en la adecuaci\u00f3n y remodelaci\u00f3n del edificio contiguo al Museo Regional de Antropolog\u00eda, sobre el Paseo Montejo, y su integraci\u00f3n a nivel de fachadas, \u00e1reas verdes e imagen urbana<\/p>\n","protected":false},"author":9,"featured_media":65833,"comment_status":"open","ping_status":"closed","sticky":false,"template":"","format":"standard","meta":{"om_disable_all_campaigns":false,"inline_featured_image":false,"_monsterinsights_skip_tracking":false,"_monsterinsights_sitenote_active":false,"_monsterinsights_sitenote_note":"","_monsterinsights_sitenote_category":0,"footnotes":""},"categories":[81],"tags":[20,12440,1002,671,59,12442,12443,12441,12444,12445,68],"class_list":["post-65830","post","type-post","status-publish","format-standard","has-post-thumbnail","hentry","category-arquitectura-2","tag-arquitectura","tag-conjunto-cultural-palacio-canton","tag-facultad-de-arquitectura","tag-inah","tag-merida","tag-museo-regional-de-antropologia","tag-paseo-montejo","tag-proyeccion-arquitectonica","tag-uady","tag-universidad-autonoma-de-yucatan","tag-yucatan"],"yoast_head":"<!-- This site is optimized with the Yoast SEO plugin v27.4 - https:\/\/yoast.com\/product\/yoast-seo-wordpress\/ -->\n<title>M\u00e9rida alista proyecci\u00f3n arquitect\u00f3nica del Conjunto Cultural Palacio Cant\u00f3n<\/title>\n<meta name=\"description\" content=\"La obra consiste en la adecuaci\u00f3n y remodelaci\u00f3n del edificio contiguo al Museo Regional de Antropolog\u00eda, sobre el Paseo Montejo, y su integraci\u00f3n a nivel de fachadas, \u00e1reas verdes e imagen urbana\" \/>\n<meta name=\"robots\" content=\"index, follow, max-snippet:-1, max-image-preview:large, max-video-preview:-1\" \/>\n<link rel=\"canonical\" href=\"https:\/\/centrourbano.com\/revista\/arquitectura-2\/merida-alista-proyeccion-arquitectonica-del-conjunto-cultural-palacio-canton\/\" \/>\n<meta property=\"og:locale\" content=\"es_ES\" \/>\n<meta property=\"og:type\" content=\"article\" \/>\n<meta property=\"og:title\" content=\"M\u00e9rida alista proyecci\u00f3n arquitect\u00f3nica del Conjunto Cultural Palacio Cant\u00f3n\" \/>\n<meta property=\"og:description\" content=\"La obra consiste en la adecuaci\u00f3n y remodelaci\u00f3n del edificio contiguo al Museo Regional de Antropolog\u00eda, sobre el Paseo Montejo, y su integraci\u00f3n a nivel de fachadas, \u00e1reas verdes e imagen urbana\" \/>\n<meta property=\"og:url\" content=\"https:\/\/centrourbano.com\/revista\/arquitectura-2\/merida-alista-proyeccion-arquitectonica-del-conjunto-cultural-palacio-canton\/\" \/>\n<meta property=\"og:site_name\" content=\"Centro Urbano\" \/>\n<meta property=\"article:publisher\" content=\"https:\/\/www.facebook.com\/portalcentrourbano\" \/>\n<meta property=\"article:published_time\" content=\"2018-01-15T19:04:23+00:00\" \/>\n<meta property=\"article:modified_time\" content=\"2018-01-15T19:18:53+00:00\" \/>\n<meta property=\"og:image\" content=\"https:\/\/centrourbano.com\/revista\/wp-content\/uploads\/foto1-4.jpg\" \/>\n\t<meta property=\"og:image:width\" content=\"800\" \/>\n\t<meta property=\"og:image:height\" content=\"530\" \/>\n\t<meta property=\"og:image:type\" content=\"image\/jpeg\" \/>\n<meta name=\"author\" content=\"Dinorah Nava\" \/>\n<meta name=\"twitter:card\" content=\"summary_large_image\" \/>\n<meta name=\"twitter:creator\" content=\"@https:\/\/twitter.com\/Dinorah_Nava28\" \/>\n<meta name=\"twitter:site\" content=\"@CentroUrbano\" \/>\n<meta name=\"twitter:label1\" content=\"Escrito por\" \/>\n\t<meta name=\"twitter:data1\" content=\"Dinorah Nava\" \/>\n\t<meta name=\"twitter:label2\" content=\"Tiempo de lectura\" \/>\n\t<meta name=\"twitter:data2\" content=\"3 minutos\" \/>\n<script type=\"application\/ld+json\" class=\"yoast-schema-graph\">{\"@context\":\"https:\\\/\\\/schema.org\",\"@graph\":[{\"@type\":\"Article\",\"@id\":\"https:\\\/\\\/centrourbano.com\\\/revista\\\/arquitectura-2\\\/merida-alista-proyeccion-arquitectonica-del-conjunto-cultural-palacio-canton\\\/#article\",\"isPartOf\":{\"@id\":\"https:\\\/\\\/centrourbano.com\\\/revista\\\/arquitectura-2\\\/merida-alista-proyeccion-arquitectonica-del-conjunto-cultural-palacio-canton\\\/\"},\"author\":{\"name\":\"Dinorah Nava\",\"@id\":\"https:\\\/\\\/centrourbano.com\\\/revista\\\/#\\\/schema\\\/person\\\/b45db815d96831257ba428a3d5a5fbdc\"},\"headline\":\"M\u00e9rida alista proyecci\u00f3n arquitect\u00f3nica del Conjunto Cultural Palacio Cant\u00f3n\",\"datePublished\":\"2018-01-15T19:04:23+00:00\",\"dateModified\":\"2018-01-15T19:18:53+00:00\",\"mainEntityOfPage\":{\"@id\":\"https:\\\/\\\/centrourbano.com\\\/revista\\\/arquitectura-2\\\/merida-alista-proyeccion-arquitectonica-del-conjunto-cultural-palacio-canton\\\/\"},\"wordCount\":574,\"commentCount\":0,\"publisher\":{\"@id\":\"https:\\\/\\\/centrourbano.com\\\/revista\\\/#organization\"},\"image\":{\"@id\":\"https:\\\/\\\/centrourbano.com\\\/revista\\\/arquitectura-2\\\/merida-alista-proyeccion-arquitectonica-del-conjunto-cultural-palacio-canton\\\/#primaryimage\"},\"thumbnailUrl\":\"https:\\\/\\\/centrourbano.com\\\/revista\\\/wp-content\\\/uploads\\\/foto1-4.jpg\",\"keywords\":[\"arquitectura\",\"Conjunto Cultural Palacio Cant\u00f3n\",\"Facultad de Arquitectura\",\"INAH\",\"M\u00e9rida\",\"Museo Regional de Antropolog\u00eda\",\"Paseo Montejo\",\"proyecci\u00f3n arquitect\u00f3nica\",\"UADY\",\"Universidad Aut\u00f3noma de Yucat\u00e1n\",\"Yucat\u00e1n\"],\"articleSection\":[\"Arquitectura\"],\"inLanguage\":\"es\",\"potentialAction\":[{\"@type\":\"CommentAction\",\"name\":\"Comment\",\"target\":[\"https:\\\/\\\/centrourbano.com\\\/revista\\\/arquitectura-2\\\/merida-alista-proyeccion-arquitectonica-del-conjunto-cultural-palacio-canton\\\/#respond\"]}]},{\"@type\":\"WebPage\",\"@id\":\"https:\\\/\\\/centrourbano.com\\\/revista\\\/arquitectura-2\\\/merida-alista-proyeccion-arquitectonica-del-conjunto-cultural-palacio-canton\\\/\",\"url\":\"https:\\\/\\\/centrourbano.com\\\/revista\\\/arquitectura-2\\\/merida-alista-proyeccion-arquitectonica-del-conjunto-cultural-palacio-canton\\\/\",\"name\":\"M\u00e9rida alista proyecci\u00f3n arquitect\u00f3nica del Conjunto Cultural Palacio Cant\u00f3n\",\"isPartOf\":{\"@id\":\"https:\\\/\\\/centrourbano.com\\\/revista\\\/#website\"},\"primaryImageOfPage\":{\"@id\":\"https:\\\/\\\/centrourbano.com\\\/revista\\\/arquitectura-2\\\/merida-alista-proyeccion-arquitectonica-del-conjunto-cultural-palacio-canton\\\/#primaryimage\"},\"image\":{\"@id\":\"https:\\\/\\\/centrourbano.com\\\/revista\\\/arquitectura-2\\\/merida-alista-proyeccion-arquitectonica-del-conjunto-cultural-palacio-canton\\\/#primaryimage\"},\"thumbnailUrl\":\"https:\\\/\\\/centrourbano.com\\\/revista\\\/wp-content\\\/uploads\\\/foto1-4.jpg\",\"datePublished\":\"2018-01-15T19:04:23+00:00\",\"dateModified\":\"2018-01-15T19:18:53+00:00\",\"description\":\"La obra consiste en la adecuaci\u00f3n y remodelaci\u00f3n del edificio contiguo al Museo Regional de Antropolog\u00eda, sobre el Paseo Montejo, y su integraci\u00f3n a nivel de fachadas, \u00e1reas verdes e imagen urbana\",\"breadcrumb\":{\"@id\":\"https:\\\/\\\/centrourbano.com\\\/revista\\\/arquitectura-2\\\/merida-alista-proyeccion-arquitectonica-del-conjunto-cultural-palacio-canton\\\/#breadcrumb\"},\"inLanguage\":\"es\",\"potentialAction\":[{\"@type\":\"ReadAction\",\"target\":[\"https:\\\/\\\/centrourbano.com\\\/revista\\\/arquitectura-2\\\/merida-alista-proyeccion-arquitectonica-del-conjunto-cultural-palacio-canton\\\/\"]}]},{\"@type\":\"ImageObject\",\"inLanguage\":\"es\",\"@id\":\"https:\\\/\\\/centrourbano.com\\\/revista\\\/arquitectura-2\\\/merida-alista-proyeccion-arquitectonica-del-conjunto-cultural-palacio-canton\\\/#primaryimage\",\"url\":\"https:\\\/\\\/centrourbano.com\\\/revista\\\/wp-content\\\/uploads\\\/foto1-4.jpg\",\"contentUrl\":\"https:\\\/\\\/centrourbano.com\\\/revista\\\/wp-content\\\/uploads\\\/foto1-4.jpg\",\"width\":800,\"height\":530,\"caption\":\"La obra consiste en la adecuaci\u00f3n y remodelaci\u00f3n del edificio contiguo al Museo Regional de Antropolog\u00eda, sobre el Paseo Montejo, y su integraci\u00f3n a nivel de fachadas, \u00e1reas verdes e imagen urbana\"},{\"@type\":\"BreadcrumbList\",\"@id\":\"https:\\\/\\\/centrourbano.com\\\/revista\\\/arquitectura-2\\\/merida-alista-proyeccion-arquitectonica-del-conjunto-cultural-palacio-canton\\\/#breadcrumb\",\"itemListElement\":[{\"@type\":\"ListItem\",\"position\":1,\"name\":\"Portada\",\"item\":\"https:\\\/\\\/centrourbano.com\\\/revista\\\/\"},{\"@type\":\"ListItem\",\"position\":2,\"name\":\"M\u00e9rida alista proyecci\u00f3n arquitect\u00f3nica del Conjunto Cultural Palacio Cant\u00f3n\"}]},{\"@type\":\"WebSite\",\"@id\":\"https:\\\/\\\/centrourbano.com\\\/revista\\\/#website\",\"url\":\"https:\\\/\\\/centrourbano.com\\\/revista\\\/\",\"name\":\"Centro Urbano\",\"description\":\"Medio especializado en los sectores vivienda, inmobiliario, construcci\u00f3n, arquitectura y urbanismo.\",\"publisher\":{\"@id\":\"https:\\\/\\\/centrourbano.com\\\/revista\\\/#organization\"},\"potentialAction\":[{\"@type\":\"SearchAction\",\"target\":{\"@type\":\"EntryPoint\",\"urlTemplate\":\"https:\\\/\\\/centrourbano.com\\\/revista\\\/?s={search_term_string}\"},\"query-input\":{\"@type\":\"PropertyValueSpecification\",\"valueRequired\":true,\"valueName\":\"search_term_string\"}}],\"inLanguage\":\"es\"},{\"@type\":\"Organization\",\"@id\":\"https:\\\/\\\/centrourbano.com\\\/revista\\\/#organization\",\"name\":\"Centro Urbano\",\"url\":\"https:\\\/\\\/centrourbano.com\\\/revista\\\/\",\"logo\":{\"@type\":\"ImageObject\",\"inLanguage\":\"es\",\"@id\":\"https:\\\/\\\/centrourbano.com\\\/revista\\\/#\\\/schema\\\/logo\\\/image\\\/\",\"url\":\"https:\\\/\\\/centrourbano.com\\\/revista\\\/wp-content\\\/uploads\\\/web_CU_logo-1.png\",\"contentUrl\":\"https:\\\/\\\/centrourbano.com\\\/revista\\\/wp-content\\\/uploads\\\/web_CU_logo-1.png\",\"width\":350,\"height\":91,\"caption\":\"Centro Urbano\"},\"image\":{\"@id\":\"https:\\\/\\\/centrourbano.com\\\/revista\\\/#\\\/schema\\\/logo\\\/image\\\/\"},\"sameAs\":[\"https:\\\/\\\/www.facebook.com\\\/portalcentrourbano\",\"https:\\\/\\\/x.com\\\/CentroUrbano\",\"https:\\\/\\\/www.instagram.com\\\/centro_urbano\\\/\",\"https:\\\/\\\/www.linkedin.com\\\/company\\\/centro-urbano\\\/\",\"http:\\\/\\\/www.youtube.com\\\/user\\\/portalcentrourbano\"]},{\"@type\":\"Person\",\"@id\":\"https:\\\/\\\/centrourbano.com\\\/revista\\\/#\\\/schema\\\/person\\\/b45db815d96831257ba428a3d5a5fbdc\",\"name\":\"Dinorah Nava\",\"image\":{\"@type\":\"ImageObject\",\"inLanguage\":\"es\",\"@id\":\"https:\\\/\\\/secure.gravatar.com\\\/avatar\\\/f6ca6430c51d147f363940f84e1225aa4b8183885c11802cc3b042305a4ecc1a?s=96&d=mm&r=g\",\"url\":\"https:\\\/\\\/secure.gravatar.com\\\/avatar\\\/f6ca6430c51d147f363940f84e1225aa4b8183885c11802cc3b042305a4ecc1a?s=96&d=mm&r=g\",\"contentUrl\":\"https:\\\/\\\/secure.gravatar.com\\\/avatar\\\/f6ca6430c51d147f363940f84e1225aa4b8183885c11802cc3b042305a4ecc1a?s=96&d=mm&r=g\",\"caption\":\"Dinorah Nava\"},\"description\":\"Editora de Contenidos y Estrategias Digitales en Centro Urbano y Coeditora en Peri\u00f3dico Mi Casa. Egresada de la licenciatura en Comunicaci\u00f3n y Periodismo de la Facultad de Estudios Superiores Arag\u00f3n (UNAM). Amante de la edici\u00f3n y correcci\u00f3n de estilo, las redes sociales y el mundo digital. Especialista en temas son arquitectura, inmobiliario y urbanismo.\",\"sameAs\":[\"linkedin.com\\\/in\\\/dinorah-nava\",\"https:\\\/\\\/x.com\\\/https:\\\/\\\/twitter.com\\\/Dinorah_Nava28\"],\"url\":\"https:\\\/\\\/centrourbano.com\\\/revista\\\/author\\\/dinorah-nava\\\/\"}]}<\/script>\n<!-- \/ Yoast SEO plugin. -->","yoast_head_json":{"title":"M\u00e9rida alista proyecci\u00f3n arquitect\u00f3nica del Conjunto Cultural Palacio Cant\u00f3n","description":"La obra consiste en la adecuaci\u00f3n y remodelaci\u00f3n del edificio contiguo al Museo Regional de Antropolog\u00eda, sobre el Paseo Montejo, y su integraci\u00f3n a nivel de fachadas, \u00e1reas verdes e imagen urbana","robots":{"index":"index","follow":"follow","max-snippet":"max-snippet:-1","max-image-preview":"max-image-preview:large","max-video-preview":"max-video-preview:-1"},"canonical":"https:\/\/centrourbano.com\/revista\/arquitectura-2\/merida-alista-proyeccion-arquitectonica-del-conjunto-cultural-palacio-canton\/","og_locale":"es_ES","og_type":"article","og_title":"M\u00e9rida alista proyecci\u00f3n arquitect\u00f3nica del Conjunto Cultural Palacio Cant\u00f3n","og_description":"La obra consiste en la adecuaci\u00f3n y remodelaci\u00f3n del edificio contiguo al Museo Regional de Antropolog\u00eda, sobre el Paseo Montejo, y su integraci\u00f3n a nivel de fachadas, \u00e1reas verdes e imagen urbana","og_url":"https:\/\/centrourbano.com\/revista\/arquitectura-2\/merida-alista-proyeccion-arquitectonica-del-conjunto-cultural-palacio-canton\/","og_site_name":"Centro Urbano","article_publisher":"https:\/\/www.facebook.com\/portalcentrourbano","article_published_time":"2018-01-15T19:04:23+00:00","article_modified_time":"2018-01-15T19:18:53+00:00","og_image":[{"width":800,"height":530,"url":"https:\/\/centrourbano.com\/revista\/wp-content\/uploads\/foto1-4.jpg","type":"image\/jpeg"}],"author":"Dinorah Nava","twitter_card":"summary_large_image","twitter_creator":"@https:\/\/twitter.com\/Dinorah_Nava28","twitter_site":"@CentroUrbano","twitter_misc":{"Escrito por":"Dinorah Nava","Tiempo de lectura":"3 minutos"},"schema":{"@context":"https:\/\/schema.org","@graph":[{"@type":"Article","@id":"https:\/\/centrourbano.com\/revista\/arquitectura-2\/merida-alista-proyeccion-arquitectonica-del-conjunto-cultural-palacio-canton\/#article","isPartOf":{"@id":"https:\/\/centrourbano.com\/revista\/arquitectura-2\/merida-alista-proyeccion-arquitectonica-del-conjunto-cultural-palacio-canton\/"},"author":{"name":"Dinorah Nava","@id":"https:\/\/centrourbano.com\/revista\/#\/schema\/person\/b45db815d96831257ba428a3d5a5fbdc"},"headline":"M\u00e9rida alista proyecci\u00f3n arquitect\u00f3nica del Conjunto Cultural Palacio Cant\u00f3n","datePublished":"2018-01-15T19:04:23+00:00","dateModified":"2018-01-15T19:18:53+00:00","mainEntityOfPage":{"@id":"https:\/\/centrourbano.com\/revista\/arquitectura-2\/merida-alista-proyeccion-arquitectonica-del-conjunto-cultural-palacio-canton\/"},"wordCount":574,"commentCount":0,"publisher":{"@id":"https:\/\/centrourbano.com\/revista\/#organization"},"image":{"@id":"https:\/\/centrourbano.com\/revista\/arquitectura-2\/merida-alista-proyeccion-arquitectonica-del-conjunto-cultural-palacio-canton\/#primaryimage"},"thumbnailUrl":"https:\/\/centrourbano.com\/revista\/wp-content\/uploads\/foto1-4.jpg","keywords":["arquitectura","Conjunto Cultural Palacio Cant\u00f3n","Facultad de Arquitectura","INAH","M\u00e9rida","Museo Regional de Antropolog\u00eda","Paseo Montejo","proyecci\u00f3n arquitect\u00f3nica","UADY","Universidad Aut\u00f3noma de Yucat\u00e1n","Yucat\u00e1n"],"articleSection":["Arquitectura"],"inLanguage":"es","potentialAction":[{"@type":"CommentAction","name":"Comment","target":["https:\/\/centrourbano.com\/revista\/arquitectura-2\/merida-alista-proyeccion-arquitectonica-del-conjunto-cultural-palacio-canton\/#respond"]}]},{"@type":"WebPage","@id":"https:\/\/centrourbano.com\/revista\/arquitectura-2\/merida-alista-proyeccion-arquitectonica-del-conjunto-cultural-palacio-canton\/","url":"https:\/\/centrourbano.com\/revista\/arquitectura-2\/merida-alista-proyeccion-arquitectonica-del-conjunto-cultural-palacio-canton\/","name":"M\u00e9rida alista proyecci\u00f3n arquitect\u00f3nica del Conjunto Cultural Palacio Cant\u00f3n","isPartOf":{"@id":"https:\/\/centrourbano.com\/revista\/#website"},"primaryImageOfPage":{"@id":"https:\/\/centrourbano.com\/revista\/arquitectura-2\/merida-alista-proyeccion-arquitectonica-del-conjunto-cultural-palacio-canton\/#primaryimage"},"image":{"@id":"https:\/\/centrourbano.com\/revista\/arquitectura-2\/merida-alista-proyeccion-arquitectonica-del-conjunto-cultural-palacio-canton\/#primaryimage"},"thumbnailUrl":"https:\/\/centrourbano.com\/revista\/wp-content\/uploads\/foto1-4.jpg","datePublished":"2018-01-15T19:04:23+00:00","dateModified":"2018-01-15T19:18:53+00:00","description":"La obra consiste en la adecuaci\u00f3n y remodelaci\u00f3n del edificio contiguo al Museo Regional de Antropolog\u00eda, sobre el Paseo Montejo, y su integraci\u00f3n a nivel de fachadas, \u00e1reas verdes e imagen urbana","breadcrumb":{"@id":"https:\/\/centrourbano.com\/revista\/arquitectura-2\/merida-alista-proyeccion-arquitectonica-del-conjunto-cultural-palacio-canton\/#breadcrumb"},"inLanguage":"es","potentialAction":[{"@type":"ReadAction","target":["https:\/\/centrourbano.com\/revista\/arquitectura-2\/merida-alista-proyeccion-arquitectonica-del-conjunto-cultural-palacio-canton\/"]}]},{"@type":"ImageObject","inLanguage":"es","@id":"https:\/\/centrourbano.com\/revista\/arquitectura-2\/merida-alista-proyeccion-arquitectonica-del-conjunto-cultural-palacio-canton\/#primaryimage","url":"https:\/\/centrourbano.com\/revista\/wp-content\/uploads\/foto1-4.jpg","contentUrl":"https:\/\/centrourbano.com\/revista\/wp-content\/uploads\/foto1-4.jpg","width":800,"height":530,"caption":"La obra consiste en la adecuaci\u00f3n y remodelaci\u00f3n del edificio contiguo al Museo Regional de Antropolog\u00eda, sobre el Paseo Montejo, y su integraci\u00f3n a nivel de fachadas, \u00e1reas verdes e imagen urbana"},{"@type":"BreadcrumbList","@id":"https:\/\/centrourbano.com\/revista\/arquitectura-2\/merida-alista-proyeccion-arquitectonica-del-conjunto-cultural-palacio-canton\/#breadcrumb","itemListElement":[{"@type":"ListItem","position":1,"name":"Portada","item":"https:\/\/centrourbano.com\/revista\/"},{"@type":"ListItem","position":2,"name":"M\u00e9rida alista proyecci\u00f3n arquitect\u00f3nica del Conjunto Cultural Palacio Cant\u00f3n"}]},{"@type":"WebSite","@id":"https:\/\/centrourbano.com\/revista\/#website","url":"https:\/\/centrourbano.com\/revista\/","name":"Centro Urbano","description":"Medio especializado en los sectores vivienda, inmobiliario, construcci\u00f3n, arquitectura y urbanismo.","publisher":{"@id":"https:\/\/centrourbano.com\/revista\/#organization"},"potentialAction":[{"@type":"SearchAction","target":{"@type":"EntryPoint","urlTemplate":"https:\/\/centrourbano.com\/revista\/?s={search_term_string}"},"query-input":{"@type":"PropertyValueSpecification","valueRequired":true,"valueName":"search_term_string"}}],"inLanguage":"es"},{"@type":"Organization","@id":"https:\/\/centrourbano.com\/revista\/#organization","name":"Centro Urbano","url":"https:\/\/centrourbano.com\/revista\/","logo":{"@type":"ImageObject","inLanguage":"es","@id":"https:\/\/centrourbano.com\/revista\/#\/schema\/logo\/image\/","url":"https:\/\/centrourbano.com\/revista\/wp-content\/uploads\/web_CU_logo-1.png","contentUrl":"https:\/\/centrourbano.com\/revista\/wp-content\/uploads\/web_CU_logo-1.png","width":350,"height":91,"caption":"Centro Urbano"},"image":{"@id":"https:\/\/centrourbano.com\/revista\/#\/schema\/logo\/image\/"},"sameAs":["https:\/\/www.facebook.com\/portalcentrourbano","https:\/\/x.com\/CentroUrbano","https:\/\/www.instagram.com\/centro_urbano\/","https:\/\/www.linkedin.com\/company\/centro-urbano\/","http:\/\/www.youtube.com\/user\/portalcentrourbano"]},{"@type":"Person","@id":"https:\/\/centrourbano.com\/revista\/#\/schema\/person\/b45db815d96831257ba428a3d5a5fbdc","name":"Dinorah Nava","image":{"@type":"ImageObject","inLanguage":"es","@id":"https:\/\/secure.gravatar.com\/avatar\/f6ca6430c51d147f363940f84e1225aa4b8183885c11802cc3b042305a4ecc1a?s=96&d=mm&r=g","url":"https:\/\/secure.gravatar.com\/avatar\/f6ca6430c51d147f363940f84e1225aa4b8183885c11802cc3b042305a4ecc1a?s=96&d=mm&r=g","contentUrl":"https:\/\/secure.gravatar.com\/avatar\/f6ca6430c51d147f363940f84e1225aa4b8183885c11802cc3b042305a4ecc1a?s=96&d=mm&r=g","caption":"Dinorah Nava"},"description":"Editora de Contenidos y Estrategias Digitales en Centro Urbano y Coeditora en Peri\u00f3dico Mi Casa. Egresada de la licenciatura en Comunicaci\u00f3n y Periodismo de la Facultad de Estudios Superiores Arag\u00f3n (UNAM). Amante de la edici\u00f3n y correcci\u00f3n de estilo, las redes sociales y el mundo digital. Especialista en temas son arquitectura, inmobiliario y urbanismo.","sameAs":["linkedin.com\/in\/dinorah-nava","https:\/\/x.com\/https:\/\/twitter.com\/Dinorah_Nava28"],"url":"https:\/\/centrourbano.com\/revista\/author\/dinorah-nava\/"}]}},"_links":{"self":[{"href":"https:\/\/centrourbano.com\/revista\/wp-json\/wp\/v2\/posts\/65830","targetHints":{"allow":["GET"]}}],"collection":[{"href":"https:\/\/centrourbano.com\/revista\/wp-json\/wp\/v2\/posts"}],"about":[{"href":"https:\/\/centrourbano.com\/revista\/wp-json\/wp\/v2\/types\/post"}],"author":[{"embeddable":true,"href":"https:\/\/centrourbano.com\/revista\/wp-json\/wp\/v2\/users\/9"}],"replies":[{"embeddable":true,"href":"https:\/\/centrourbano.com\/revista\/wp-json\/wp\/v2\/comments?post=65830"}],"version-history":[{"count":4,"href":"https:\/\/centrourbano.com\/revista\/wp-json\/wp\/v2\/posts\/65830\/revisions"}],"predecessor-version":[{"id":65844,"href":"https:\/\/centrourbano.com\/revista\/wp-json\/wp\/v2\/posts\/65830\/revisions\/65844"}],"wp:featuredmedia":[{"embeddable":true,"href":"https:\/\/centrourbano.com\/revista\/wp-json\/wp\/v2\/media\/65833"}],"wp:attachment":[{"href":"https:\/\/centrourbano.com\/revista\/wp-json\/wp\/v2\/media?parent=65830"}],"wp:term":[{"taxonomy":"category","embeddable":true,"href":"https:\/\/centrourbano.com\/revista\/wp-json\/wp\/v2\/categories?post=65830"},{"taxonomy":"post_tag","embeddable":true,"href":"https:\/\/centrourbano.com\/revista\/wp-json\/wp\/v2\/tags?post=65830"}],"curies":[{"name":"wp","href":"https:\/\/api.w.org\/{rel}","templated":true}]}}